{"id":42134,"date":"2020-12-21T17:26:04","date_gmt":"2020-12-21T17:26:04","guid":{"rendered":"https:\/\/www.shqiperia.com\/blog\/?p=42134"},"modified":"2020-12-21T17:26:48","modified_gmt":"2020-12-21T17:26:48","slug":"iktk-kisha-e-shen-thanasit-nder-me-te-rrallat-ne-shqiperi","status":"publish","type":"post","link":"https:\/\/www.shqiperia.com\/blog\/iktk-kisha-e-shen-thanasit-nder-me-te-rrallat-ne-shqiperi\/","title":{"rendered":"IKTK: &#8211; Kisha e Sh\u00ebn Thanasit, nd\u00ebr m\u00eb t\u00eb rrallat n\u00eb Shqip\u00ebri"},"content":{"rendered":"<p><img data-recalc-dims=\"1\" loading=\"lazy\" decoding=\"async\" data-attachment-id=\"42135\" data-permalink=\"https:\/\/www.shqiperia.com\/blog\/iktk-kisha-e-shen-thanasit-nder-me-te-rrallat-ne-shqiperi\/kisha-e-shen-thanasit-karavasta-2\/\" data-orig-file=\"https:\/\/i0.wp.com\/www.shqiperia.com\/blog\/wp-content\/uploads\/2020\/12\/Kisha-e-Shen-Thanasit-Karavasta-2.jpg?fit=546%2C240&amp;ssl=1\" data-orig-size=\"546,240\" data-comments-opened=\"1\" data-image-meta=\"{&quot;aperture&quot;:&quot;0&quot;,&quot;credit&quot;:&quot;&quot;,&quot;camera&quot;:&quot;&quot;,&quot;caption&quot;:&quot;&quot;,&quot;created_timestamp&quot;:&quot;0&quot;,&quot;copyright&quot;:&quot;&quot;,&quot;focal_length&quot;:&quot;0&quot;,&quot;iso&quot;:&quot;0&quot;,&quot;shutter_speed&quot;:&quot;0&quot;,&quot;title&quot;:&quot;&quot;,&quot;orientation&quot;:&quot;0&quot;}\" data-image-title=\"Kisha e Sh\u00ebn Thanasit, Karavasta (2)\" data-image-description=\"\" data-image-caption=\"\" data-medium-file=\"https:\/\/i0.wp.com\/www.shqiperia.com\/blog\/wp-content\/uploads\/2020\/12\/Kisha-e-Shen-Thanasit-Karavasta-2.jpg?fit=300%2C132&amp;ssl=1\" data-large-file=\"https:\/\/i0.wp.com\/www.shqiperia.com\/blog\/wp-content\/uploads\/2020\/12\/Kisha-e-Shen-Thanasit-Karavasta-2.jpg?fit=546%2C240&amp;ssl=1\" class=\"alignnone wp-image-42135\" alt=\"\" src=\"https:\/\/i0.wp.com\/www.shqiperia.com\/blog\/wp-content\/uploads\/2020\/12\/Kisha-e-Shen-Thanasit-Karavasta-2.jpg?resize=530%2C233&#038;ssl=1\" width=\"530\" height=\"233\" srcset=\"https:\/\/i0.wp.com\/www.shqiperia.com\/blog\/wp-content\/uploads\/2020\/12\/Kisha-e-Shen-Thanasit-Karavasta-2.jpg?resize=300%2C132&amp;ssl=1 300w, https:\/\/i0.wp.com\/www.shqiperia.com\/blog\/wp-content\/uploads\/2020\/12\/Kisha-e-Shen-Thanasit-Karavasta-2.jpg?resize=450%2C198&amp;ssl=1 450w, https:\/\/i0.wp.com\/www.shqiperia.com\/blog\/wp-content\/uploads\/2020\/12\/Kisha-e-Shen-Thanasit-Karavasta-2.jpg?resize=400%2C176&amp;ssl=1 400w, https:\/\/i0.wp.com\/www.shqiperia.com\/blog\/wp-content\/uploads\/2020\/12\/Kisha-e-Shen-Thanasit-Karavasta-2.jpg?w=546&amp;ssl=1 546w\" sizes=\"auto, (max-width: 530px) 100vw, 530px\" \/><\/p>\n<p>IKTK: &#8211; Kisha e Sh\u00ebn Thanasit, nd\u00ebr m\u00eb t\u00eb rrallat n\u00eb Shqip\u00ebri<\/p>\n<p>19 DHJETOR 2020<\/p>\n<p>Kisha e Sh\u00ebn Thanasit n\u00eb Karavasta \u00ebsht\u00eb nj\u00eb objekt monument kulture me vlera n\u00eb trash\u00ebgimin\u00eb ton\u00eb kulturore. Instituti Komb\u00ebtar i Trash\u00ebgimis\u00eb Kulturore ka publikuar nj\u00eb material me fotografi p\u00ebr k\u00ebt\u00eb kish\u00eb monument kulture, ku restaurimet jan\u00eb kryer nga mjeshtri Mustafa Arapi. \u201cShikoni \u00e7far\u00eb mrekullie! \u00cbsht\u00eb cil\u00ebsuar si kisha mrekulli e trash\u00ebguar me adhurim nga vendasit q\u00eb prej viteve 1700, e shpallur monument kulture. \u00cbsht\u00eb nd\u00ebr kishat e rralla n\u00eb Shqip\u00ebri afresket e s\u00eb cil\u00ebs jan\u00eb restauruar t\u00eb gjitha duke na dhuruar nj\u00eb monument befasues t\u00eb rilindur.<\/p>\n<div id=\"attachment_42138\" style=\"width: 741px\" class=\"wp-caption alignnone\"><img data-recalc-dims=\"1\" loading=\"lazy\" decoding=\"async\" aria-describedby=\"caption-attachment-42138\" data-attachment-id=\"42138\" data-permalink=\"https:\/\/www.shqiperia.com\/blog\/iktk-kisha-e-shen-thanasit-nder-me-te-rrallat-ne-shqiperi\/kisha-e-shen-thanasit-karavasta-3\/\" data-orig-file=\"https:\/\/i0.wp.com\/www.shqiperia.com\/blog\/wp-content\/uploads\/2020\/12\/Kisha-e-Shen-Thanasit-Karavasta-1.jpg?fit=800%2C450&amp;ssl=1\" data-orig-size=\"800,450\" data-comments-opened=\"1\" data-image-meta=\"{&quot;aperture&quot;:&quot;0&quot;,&quot;credit&quot;:&quot;&quot;,&quot;camera&quot;:&quot;&quot;,&quot;caption&quot;:&quot;&quot;,&quot;created_timestamp&quot;:&quot;0&quot;,&quot;copyright&quot;:&quot;&quot;,&quot;focal_length&quot;:&quot;0&quot;,&quot;iso&quot;:&quot;0&quot;,&quot;shutter_speed&quot;:&quot;0&quot;,&quot;title&quot;:&quot;&quot;,&quot;orientation&quot;:&quot;0&quot;}\" data-image-title=\"Kisha e Sh\u00ebn Thanasit, Karavasta\" data-image-description=\"\" data-image-caption=\"&lt;p&gt;Kisha e Sh\u00ebn Thanasit, Karavasta&lt;\/p&gt;\n\" data-medium-file=\"https:\/\/i0.wp.com\/www.shqiperia.com\/blog\/wp-content\/uploads\/2020\/12\/Kisha-e-Shen-Thanasit-Karavasta-1.jpg?fit=300%2C169&amp;ssl=1\" data-large-file=\"https:\/\/i0.wp.com\/www.shqiperia.com\/blog\/wp-content\/uploads\/2020\/12\/Kisha-e-Shen-Thanasit-Karavasta-1.jpg?fit=800%2C450&amp;ssl=1\" class=\" wp-image-42138\" alt=\"\" src=\"https:\/\/i0.wp.com\/www.shqiperia.com\/blog\/wp-content\/uploads\/2020\/12\/Kisha-e-Shen-Thanasit-Karavasta-1.jpg?resize=731%2C412&#038;ssl=1\" width=\"731\" height=\"412\" srcset=\"https:\/\/i0.wp.com\/www.shqiperia.com\/blog\/wp-content\/uploads\/2020\/12\/Kisha-e-Shen-Thanasit-Karavasta-1.jpg?resize=300%2C169&amp;ssl=1 300w, https:\/\/i0.wp.com\/www.shqiperia.com\/blog\/wp-content\/uploads\/2020\/12\/Kisha-e-Shen-Thanasit-Karavasta-1.jpg?resize=768%2C432&amp;ssl=1 768w, https:\/\/i0.wp.com\/www.shqiperia.com\/blog\/wp-content\/uploads\/2020\/12\/Kisha-e-Shen-Thanasit-Karavasta-1.jpg?resize=450%2C253&amp;ssl=1 450w, https:\/\/i0.wp.com\/www.shqiperia.com\/blog\/wp-content\/uploads\/2020\/12\/Kisha-e-Shen-Thanasit-Karavasta-1.jpg?resize=600%2C338&amp;ssl=1 600w, https:\/\/i0.wp.com\/www.shqiperia.com\/blog\/wp-content\/uploads\/2020\/12\/Kisha-e-Shen-Thanasit-Karavasta-1.jpg?resize=400%2C225&amp;ssl=1 400w, https:\/\/i0.wp.com\/www.shqiperia.com\/blog\/wp-content\/uploads\/2020\/12\/Kisha-e-Shen-Thanasit-Karavasta-1.jpg?w=800&amp;ssl=1 800w\" sizes=\"auto, (max-width: 731px) 100vw, 731px\" \/><p id=\"caption-attachment-42138\" class=\"wp-caption-text\">Kisha e Sh\u00ebn Thanasit, Karavasta<\/p><\/div>\n<p>Restauruesi i tyre \u00ebsht\u00eb profesori Mustafa Arapi. Kisha e Sh\u00ebn Thanasit n\u00eb Karavasta \u00ebsht\u00eb nj\u00eb nga ndalesat e Rrug\u00ebve t\u00eb Besimit n\u00eb Qarkun e Fierit, nj\u00eb prej destinacioneve n\u00eb hart\u00ebn turistike t\u00eb Fierit, pjes\u00eb e turizmit kulturor dhe besimit. Afresket jan\u00eb punuar nga v\u00ebllez\u00ebrit \u00c7etiri\u201d, shkruan IKTK. Projekti p\u00ebr k\u00ebt\u00eb restaurim pes\u00eb vite m\u00eb par\u00eb u hartua nga Instituti i Monumenteve t\u00eb Kultur\u00ebs dhe at\u00eb koh\u00eb u b\u00eb me dije se kap vler\u00ebn e 12 milion\u00eb lek\u00ebve. Kisha e Sh\u00ebn Thanasit daton n\u00eb gjysm\u00ebn e dyt\u00eb t\u00eb shekullit XVIII n\u00eb vitin 1778. N\u00eb vitin 1979 piktor\u00ebt grabovar\u00eb (\u00c7etir\u00ebt) Gjergj dhe Joan Katro pikturuan kish\u00ebn me afreska. Tavani \u00ebsht\u00eb i punuar n\u00eb dru halor, i gruntuar dhe i dekoruar me motive floreale si dhe pjes\u00ebrisht i gdhendur, kryesisht n\u00eb rozetat kryesore t\u00eb pikturuara me figur\u00ebn e Krishtit n\u00eb qend\u00ebr dhe figur\u00ebn e Sh\u00ebn Athanasit, si dhe n\u00eb frizat gjat\u00ebsore. Piktor\u00ebt grabovar\u00eb Joani dhe Gjergji kan\u00eb adaptuar n\u00eb ikonografi tematik\u00ebn e vendosur n\u00eb kish\u00ebn Ortodokse, t\u00eb pasuruar me element\u00eb stilistikor t\u00eb influencuara nga zhvillimet artistike n\u00eb malin e Athosit, t\u00eb p\u00ebrdorur m\u00eb par\u00eb nga m\u00ebsuesit e tyre Konstandin dhe Athanas Zografi, duke iu p\u00ebrshtatur nj\u00ebkoh\u00ebsisht me p\u00ebrpik\u00ebri edhe m\u00ebnyr\u00ebs s\u00eb radhitjes s\u00eb skenave. Tematika e tyre origjinale n\u00eb kish\u00ebn e Sh\u00ebn Thanasit n\u00eb Karavasta p\u00ebrfaq\u00ebsohet nga skena t\u00eb Testamentit t\u00eb Vjet\u00ebr, kryesisht nga libri i par\u00eb \u201cT\u00eb B\u00ebr\u00ebt\u201d, ku gjejm\u00eb kompozime si Krijimi i Adamit, M\u00ebkati i Par\u00eb i Adamit, D\u00ebbimi i Adamit dhe i Ev\u00ebs, P\u00ebrmbytja e Noes, etj, t\u00eb cilat jan\u00eb realizuar p\u00ebr her\u00eb t\u00eb par\u00eb nga k\u00ebta piktor\u00eb. N\u00eb \u00e7erek kupol\u00ebn e konk\u00ebs s\u00eb absid\u00ebs \u00ebsht\u00eb pikturuar Sh\u00ebn M\u00ebria.<\/p>\n<p>Gazeta Sot<\/p>\n","protected":false},"excerpt":{"rendered":"<p>IKTK: &#8211; Kisha e Sh\u00ebn Thanasit, nd\u00ebr m\u00eb t\u00eb rrallat n\u00eb Shqip\u00ebri 19 DHJETOR 2020 Kisha e Sh\u00ebn Thanasit n\u00eb Karavasta \u00ebsht\u00eb nj\u00eb objekt monument kulture me vlera n\u00eb trash\u00ebgimin\u00eb ton\u00eb kulturore. Instituti Komb\u00ebtar i Trash\u00ebgimis\u00eb Kulturore ka publikuar nj\u00eb material me fotografi p\u00ebr k\u00ebt\u00eb kish\u00eb monument kulture, ku restaurimet jan\u00eb kryer nga mjeshtri Mustafa [&hellip;]<\/p>\n","protected":false},"author":9,"featured_media":42135,"comment_status":"open","ping_status":"open","sticky":false,"template":"","format":"standard","meta":{"jetpack_post_was_ever_published":false,"_jetpack_newsletter_access":"","_jetpack_dont_email_post_to_subs":false,"_jetpack_newsletter_tier_id":0,"_jetpack_memberships_contains_paywalled_content":false,"_jetpack_memberships_contains_paid_content":false,"footnotes":"","jetpack_publicize_message":"","jetpack_publicize_feature_enabled":true,"jetpack_social_post_already_shared":true,"jetpack_social_options":{"image_generator_settings":{"template":"highway","default_image_id":0,"font":"","enabled":false},"version":2}},"categories":[87,10,86],"tags":[],"class_list":["post-42134","post","type-post","status-publish","format-standard","has-post-thumbnail","hentry","category-arte","category-kultura","category-trashegimi-kulturore"],"jetpack_publicize_connections":[],"jetpack_featured_media_url":"https:\/\/i0.wp.com\/www.shqiperia.com\/blog\/wp-content\/uploads\/2020\/12\/Kisha-e-Shen-Thanasit-Karavasta-2.jpg?fit=546%2C240&ssl=1","jetpack_sharing_enabled":true,"jetpack_shortlink":"https:\/\/wp.me\/p5Z6wp-aXA","jetpack-related-posts":[{"id":88948,"url":"https:\/\/www.shqiperia.com\/blog\/kisha-e-shen-thanasit-monument-kulture-nga-me-te-vizituarit-e-voskopojes\/","url_meta":{"origin":42134,"position":0},"title":"Kisha e Sh\u00ebn Thanasit, monument kulture nga m\u00eb t\u00eb vizituarit e Voskopoj\u00ebs","author":"Kurt Farka","date":"February 3, 2025","format":false,"excerpt":"3 Shkurt 2023 \u00a0 \u00a0 \u00a0 \u00a0 Te gjithe vendasit ne Voskopoje e njohin si Kisha e Shen Thanasit, ne portale thuhet Kiisha e Shen Athanasit. Nd\u00ebr kishat e shumta e t\u00eb bukura t\u00eb Voskopoj\u00ebs, renditet dhe kisha e Sh\u00ebn Thanasit, q\u00eb fare mir\u00eb mund t\u00eb konsiderohet si nj\u00eb thesar\u2026","rel":"","context":"In &quot;Arte&quot;","block_context":{"text":"Arte","link":"https:\/\/www.shqiperia.com\/blog\/category\/arte\/"},"img":{"alt_text":"","src":"https:\/\/i0.wp.com\/www.shqiperia.com\/blog\/wp-content\/uploads\/2025\/02\/640-0-kisha-e-shen-athanasit3-1738585743.png?fit=640%2C440&ssl=1&resize=350%2C200","width":350,"height":200,"srcset":"https:\/\/i0.wp.com\/www.shqiperia.com\/blog\/wp-content\/uploads\/2025\/02\/640-0-kisha-e-shen-athanasit3-1738585743.png?fit=640%2C440&ssl=1&resize=350%2C200 1x, https:\/\/i0.wp.com\/www.shqiperia.com\/blog\/wp-content\/uploads\/2025\/02\/640-0-kisha-e-shen-athanasit3-1738585743.png?fit=640%2C440&ssl=1&resize=525%2C300 1.5x"},"classes":[]},{"id":48632,"url":"https:\/\/www.shqiperia.com\/blog\/demtimi-ne-kishen-e-shen-thanasit-jaho-brahaj-afresket-me-vlera-te-jashtezakonshme-ruajtja-pergjegjesi-e-institucioneve\/","url_meta":{"origin":42134,"position":1},"title":"D\u00ebmtimi n\u00eb kish\u00ebn e Sh\u00ebn Thanasit, Jaho Brahaj: &#8211; Afresket me vlera t\u00eb jasht\u00ebzakonshme, ruajtja p\u00ebrgjegj\u00ebsi e institucioneve","author":"Kurt Farka","date":"July 20, 2021","format":false,"excerpt":"D\u00ebmtimi n\u00eb kish\u00ebn e Sh\u00ebn Thanasit, Jaho Brahaj: - Afresket me vlera t\u00eb jasht\u00ebzakonshme, ruajtja p\u00ebrgjegj\u00ebsi e institucioneve NGA JULIA VRAPI 20 KORRIK 2021 Kisha e Sh\u00ebn Thanasit n\u00eb Voskopoj\u00eb \u00ebsht\u00eb d\u00ebmtuar si pasoj\u00eb e reshjeve n\u00eb dit\u00ebt e fundit. Nj\u00eb pjes\u00eb e \u00e7atis\u00eb s\u00eb k\u00ebtij objekti kulti monument kulture\u2026","rel":"","context":"In &quot;Histori&quot;","block_context":{"text":"Histori","link":"https:\/\/www.shqiperia.com\/blog\/category\/histori\/"},"img":{"alt_text":"","src":"https:\/\/i0.wp.com\/www.shqiperia.com\/blog\/wp-content\/uploads\/2021\/07\/Demtimi-ne-catine-e-kishes-se-Shen-Thanasit-Voskopoje.jpg?fit=768%2C486&ssl=1&resize=350%2C200","width":350,"height":200,"srcset":"https:\/\/i0.wp.com\/www.shqiperia.com\/blog\/wp-content\/uploads\/2021\/07\/Demtimi-ne-catine-e-kishes-se-Shen-Thanasit-Voskopoje.jpg?fit=768%2C486&ssl=1&resize=350%2C200 1x, https:\/\/i0.wp.com\/www.shqiperia.com\/blog\/wp-content\/uploads\/2021\/07\/Demtimi-ne-catine-e-kishes-se-Shen-Thanasit-Voskopoje.jpg?fit=768%2C486&ssl=1&resize=525%2C300 1.5x, https:\/\/i0.wp.com\/www.shqiperia.com\/blog\/wp-content\/uploads\/2021\/07\/Demtimi-ne-catine-e-kishes-se-Shen-Thanasit-Voskopoje.jpg?fit=768%2C486&ssl=1&resize=700%2C400 2x"},"classes":[]},{"id":40675,"url":"https:\/\/www.shqiperia.com\/blog\/kisha-e-shen-ilias-ne-stegoppull-gjirokaster-ne-restaurim-projekti-i-hartuar-nga-itkt\/","url_meta":{"origin":42134,"position":2},"title":"Kisha e Sh\u00ebn Ilias n\u00eb Stegoppull Gjirokaster ne restaurim, projekti i hartuar nga ITKT","author":"Kurt Farka","date":"November 9, 2020","format":false,"excerpt":"Kisha e Sh\u00ebn Ilias n\u00eb Stegoppull Gjirokaster ne restaurim, projekti i hartuar nga ITKT 7 N\u00cbNTOR 2020 N\u00eb fshatin Stegopull t\u00eb Gjirokastr\u00ebs ka nisur puna p\u00ebr restaurimin e kish\u00ebs s\u00eb Sh\u00ebn Ilias. Projekti i hartuar nga specialist\u00ebt e Institutit Komb\u00ebtar t\u00eb Trash\u00ebgimis\u00eb Kulturore dhe financuar nga buxheti i shtetit, parashikon\u2026","rel":"","context":"In &quot;Arte&quot;","block_context":{"text":"Arte","link":"https:\/\/www.shqiperia.com\/blog\/category\/arte\/"},"img":{"alt_text":"","src":"https:\/\/i0.wp.com\/www.shqiperia.com\/blog\/wp-content\/uploads\/2020\/11\/Afreska-Kisha-e-Shen-Ilias-Stegopull-Gjirokaster.jpg?fit=596%2C392&ssl=1&resize=350%2C200","width":350,"height":200,"srcset":"https:\/\/i0.wp.com\/www.shqiperia.com\/blog\/wp-content\/uploads\/2020\/11\/Afreska-Kisha-e-Shen-Ilias-Stegopull-Gjirokaster.jpg?fit=596%2C392&ssl=1&resize=350%2C200 1x, https:\/\/i0.wp.com\/www.shqiperia.com\/blog\/wp-content\/uploads\/2020\/11\/Afreska-Kisha-e-Shen-Ilias-Stegopull-Gjirokaster.jpg?fit=596%2C392&ssl=1&resize=525%2C300 1.5x"},"classes":[]},{"id":6899,"url":"https:\/\/www.shqiperia.com\/blog\/nuk-shkohet-ne-be-keshtu-asnje-interesim-per-kishen-e-shkaterruar\/","url_meta":{"origin":42134,"position":3},"title":"Nuk shkohet ne BE keshtu&#8230; Asnje interesim per kishen e shkaterruar.-","author":"Kurt Farka","date":"May 1, 2018","format":false,"excerpt":"\u00a0 Nuk shkohet ne BE keshtu... Asnje interesim per kishen e shkaterruar.- \u00a0 -Leshnic\u00eb, shkat\u00ebrrohet Monumenti i Kultures. Kjo ndodhi ne qershor 2017. \u00c7atia e kish\u00ebs s\u00eb Sh\u00ebn Thanasit n\u00eb Leshnic\u00eb \u00ebsht\u00eb shembur, nj\u00eb tjet\u00ebr monument kulture i shkat\u00ebrruar n\u00eb trash\u00ebgimin\u00eb kulturore. Forumi p\u00ebr Mbrojtjen Trash\u00ebgimis\u00eb Kulturore\u00a0 ka publikuar disa\u2026","rel":"","context":"In &quot;Arte&quot;","block_context":{"text":"Arte","link":"https:\/\/www.shqiperia.com\/blog\/category\/arte\/"},"img":{"alt_text":"","src":"https:\/\/i0.wp.com\/www.shqiperia.com\/blog\/wp-content\/uploads\/2018\/05\/Kisha-e-shkaterruar-e-Leshnices-6.jpg?fit=960%2C540&ssl=1&resize=350%2C200","width":350,"height":200,"srcset":"https:\/\/i0.wp.com\/www.shqiperia.com\/blog\/wp-content\/uploads\/2018\/05\/Kisha-e-shkaterruar-e-Leshnices-6.jpg?fit=960%2C540&ssl=1&resize=350%2C200 1x, https:\/\/i0.wp.com\/www.shqiperia.com\/blog\/wp-content\/uploads\/2018\/05\/Kisha-e-shkaterruar-e-Leshnices-6.jpg?fit=960%2C540&ssl=1&resize=525%2C300 1.5x, https:\/\/i0.wp.com\/www.shqiperia.com\/blog\/wp-content\/uploads\/2018\/05\/Kisha-e-shkaterruar-e-Leshnices-6.jpg?fit=960%2C540&ssl=1&resize=700%2C400 2x"},"classes":[]},{"id":98838,"url":"https:\/\/www.shqiperia.com\/blog\/album-foto-kisha-e-shen-palit-kabash-puke-monument-kulture\/","url_meta":{"origin":42134,"position":4},"title":"Album Foto: &#8211; Kisha e Sh\u00ebn Palit Kabash, Puk\u00eb, Monument Kulture","author":"Kurt Farka","date":"March 30, 2026","format":false,"excerpt":"Kisha e Sh\u00ebn Palit Kabash gjendet n\u00eb fshatin malor, Kabash. Kisha e Sh\u00ebn Palit daton q\u00eb n\u00eb shekullin e II e.s, dhe \u00ebsht\u00eb shpallur Monument Kulture m\u00eb dat\u00eb 5 N\u00ebntor 1984. Fshati Kabash, n\u00eb ate periudh\u00eb kohore, ishte nj\u00eb qend\u00ebr e r\u00ebnd\u00ebsishme, jo vet\u00ebm p\u00ebr zon\u00ebn e Puk\u00ebs, por edhe\u2026","rel":"","context":"In &quot;Arte&quot;","block_context":{"text":"Arte","link":"https:\/\/www.shqiperia.com\/blog\/category\/arte\/"},"img":{"alt_text":"","src":"https:\/\/i0.wp.com\/www.shqiperia.com\/blog\/wp-content\/uploads\/2026\/03\/65be565200d7a-WhatsApp-Image-2024-02-03-at-3.05.04-PM-3.jpeg?fit=1200%2C721&ssl=1&resize=350%2C200","width":350,"height":200,"srcset":"https:\/\/i0.wp.com\/www.shqiperia.com\/blog\/wp-content\/uploads\/2026\/03\/65be565200d7a-WhatsApp-Image-2024-02-03-at-3.05.04-PM-3.jpeg?fit=1200%2C721&ssl=1&resize=350%2C200 1x, https:\/\/i0.wp.com\/www.shqiperia.com\/blog\/wp-content\/uploads\/2026\/03\/65be565200d7a-WhatsApp-Image-2024-02-03-at-3.05.04-PM-3.jpeg?fit=1200%2C721&ssl=1&resize=525%2C300 1.5x, https:\/\/i0.wp.com\/www.shqiperia.com\/blog\/wp-content\/uploads\/2026\/03\/65be565200d7a-WhatsApp-Image-2024-02-03-at-3.05.04-PM-3.jpeg?fit=1200%2C721&ssl=1&resize=700%2C400 2x, https:\/\/i0.wp.com\/www.shqiperia.com\/blog\/wp-content\/uploads\/2026\/03\/65be565200d7a-WhatsApp-Image-2024-02-03-at-3.05.04-PM-3.jpeg?fit=1200%2C721&ssl=1&resize=1050%2C600 3x"},"classes":[]},{"id":21203,"url":"https:\/\/www.shqiperia.com\/blog\/berat-kisha-e-shen-merise-ne-fshatin-sinje-e-harruar-monument-kulture-i-kategorise-se-pare\/","url_meta":{"origin":42134,"position":5},"title":"Berat\/ Kisha e \u201cSh\u00ebn M\u00ebris\u00eb\u201d n\u00eb fshatin Sinj\u00eb e harruar, monument kulture i kategoris\u00eb s\u00eb par\u00eb. &#8211;","author":"Kurt Farka","date":"May 16, 2019","format":false,"excerpt":"Berat\/ Kisha e \u201cSh\u00ebn M\u00ebris\u00eb\u201d n\u00eb fshatin Sinj\u00eb e harruar, monument kulture i kategoris\u00eb s\u00eb par\u00eb. - Edhe pse \u00ebsht\u00eb shpallur monument kulture i kategoris\u00eb s\u00eb par\u00eb, kisha e Sh\u00ebn M\u00ebris\u00eb n\u00eb fshatin Sinj\u00eb t\u00eb Beratit \u00ebsht\u00eb l\u00ebn\u00eb n\u00eb harres\u00eb. Kjo kish\u00eb \u00ebsht\u00eb nd\u00ebrtuar n\u00eb shekulli XII-XIII, n\u00eb zem\u00ebr t\u00eb\u2026","rel":"","context":"In &quot;Histori&quot;","block_context":{"text":"Histori","link":"https:\/\/www.shqiperia.com\/blog\/category\/histori\/"},"img":{"alt_text":"","src":"https:\/\/i0.wp.com\/www.shqiperia.com\/blog\/wp-content\/uploads\/2019\/05\/1543680646_kisha.jpg?fit=780%2C440&ssl=1&resize=350%2C200","width":350,"height":200,"srcset":"https:\/\/i0.wp.com\/www.shqiperia.com\/blog\/wp-content\/uploads\/2019\/05\/1543680646_kisha.jpg?fit=780%2C440&ssl=1&resize=350%2C200 1x, https:\/\/i0.wp.com\/www.shqiperia.com\/blog\/wp-content\/uploads\/2019\/05\/1543680646_kisha.jpg?fit=780%2C440&ssl=1&resize=525%2C300 1.5x, https:\/\/i0.wp.com\/www.shqiperia.com\/blog\/wp-content\/uploads\/2019\/05\/1543680646_kisha.jpg?fit=780%2C440&ssl=1&resize=700%2C400 2x"},"classes":[]}],"_links":{"self":[{"href":"https:\/\/www.shqiperia.com\/blog\/wp-json\/wp\/v2\/posts\/42134","targetHints":{"allow":["GET"]}}],"collection":[{"href":"https:\/\/www.shqiperia.com\/blog\/wp-json\/wp\/v2\/posts"}],"about":[{"href":"https:\/\/www.shqiperia.com\/blog\/wp-json\/wp\/v2\/types\/post"}],"author":[{"embeddable":true,"href":"https:\/\/www.shqiperia.com\/blog\/wp-json\/wp\/v2\/users\/9"}],"replies":[{"embeddable":true,"href":"https:\/\/www.shqiperia.com\/blog\/wp-json\/wp\/v2\/comments?post=42134"}],"version-history":[{"count":2,"href":"https:\/\/www.shqiperia.com\/blog\/wp-json\/wp\/v2\/posts\/42134\/revisions"}],"predecessor-version":[{"id":42139,"href":"https:\/\/www.shqiperia.com\/blog\/wp-json\/wp\/v2\/posts\/42134\/revisions\/42139"}],"wp:featuredmedia":[{"embeddable":true,"href":"https:\/\/www.shqiperia.com\/blog\/wp-json\/wp\/v2\/media\/42135"}],"wp:attachment":[{"href":"https:\/\/www.shqiperia.com\/blog\/wp-json\/wp\/v2\/media?parent=42134"}],"wp:term":[{"taxonomy":"category","embeddable":true,"href":"https:\/\/www.shqiperia.com\/blog\/wp-json\/wp\/v2\/categories?post=42134"},{"taxonomy":"post_tag","embeddable":true,"href":"https:\/\/www.shqiperia.com\/blog\/wp-json\/wp\/v2\/tags?post=42134"}],"curies":[{"name":"wp","href":"https:\/\/api.w.org\/{rel}","templated":true}]}}