{"id":42126,"date":"2020-12-21T10:33:57","date_gmt":"2020-12-21T10:33:57","guid":{"rendered":"https:\/\/www.shqiperia.com\/blog\/?p=42126"},"modified":"2020-12-21T10:33:57","modified_gmt":"2020-12-21T10:33:57","slug":"60-vite-krijimtari-ne-art-rrefehet-piktori-i-30-filmave-nga-nentori-i-dyte-tek-mao-ce-duni","status":"publish","type":"post","link":"https:\/\/www.shqiperia.com\/blog\/60-vite-krijimtari-ne-art-rrefehet-piktori-i-30-filmave-nga-nentori-i-dyte-tek-mao-ce-duni\/","title":{"rendered":"60 vite krijimtari n\u00eb art\/ Rr\u00ebfehet piktori i 30 filmave, nga \u2018N\u00ebntori i dyt\u00eb\u2019 tek \u2018Mao Ce Duni\u2019"},"content":{"rendered":"<p><img data-recalc-dims=\"1\" loading=\"lazy\" decoding=\"async\" data-attachment-id=\"42127\" data-permalink=\"https:\/\/www.shqiperia.com\/blog\/60-vite-krijimtari-ne-art-rrefehet-piktori-i-30-filmave-nga-nentori-i-dyte-tek-mao-ce-duni\/piktori-arben-basha-2-2\/\" data-orig-file=\"https:\/\/i0.wp.com\/www.shqiperia.com\/blog\/wp-content\/uploads\/2020\/12\/Piktori-ARBEN-BASHA-2.jpg?fit=781%2C512&amp;ssl=1\" data-orig-size=\"781,512\" data-comments-opened=\"1\" data-image-meta=\"{&quot;aperture&quot;:&quot;0&quot;,&quot;credit&quot;:&quot;&quot;,&quot;camera&quot;:&quot;&quot;,&quot;caption&quot;:&quot;&quot;,&quot;created_timestamp&quot;:&quot;0&quot;,&quot;copyright&quot;:&quot;&quot;,&quot;focal_length&quot;:&quot;0&quot;,&quot;iso&quot;:&quot;0&quot;,&quot;shutter_speed&quot;:&quot;0&quot;,&quot;title&quot;:&quot;&quot;,&quot;orientation&quot;:&quot;0&quot;}\" data-image-title=\"Piktori ARBEN BASHA (2)\" data-image-description=\"\" data-image-caption=\"\" data-medium-file=\"https:\/\/i0.wp.com\/www.shqiperia.com\/blog\/wp-content\/uploads\/2020\/12\/Piktori-ARBEN-BASHA-2.jpg?fit=300%2C197&amp;ssl=1\" data-large-file=\"https:\/\/i0.wp.com\/www.shqiperia.com\/blog\/wp-content\/uploads\/2020\/12\/Piktori-ARBEN-BASHA-2.jpg?fit=781%2C512&amp;ssl=1\" class=\"alignnone  wp-image-42127\" alt=\"\" src=\"https:\/\/i0.wp.com\/www.shqiperia.com\/blog\/wp-content\/uploads\/2020\/12\/Piktori-ARBEN-BASHA-2.jpg?resize=585%2C384&#038;ssl=1\" width=\"585\" height=\"384\" srcset=\"https:\/\/i0.wp.com\/www.shqiperia.com\/blog\/wp-content\/uploads\/2020\/12\/Piktori-ARBEN-BASHA-2.jpg?resize=300%2C197&amp;ssl=1 300w, https:\/\/i0.wp.com\/www.shqiperia.com\/blog\/wp-content\/uploads\/2020\/12\/Piktori-ARBEN-BASHA-2.jpg?resize=768%2C503&amp;ssl=1 768w, https:\/\/i0.wp.com\/www.shqiperia.com\/blog\/wp-content\/uploads\/2020\/12\/Piktori-ARBEN-BASHA-2.jpg?resize=450%2C295&amp;ssl=1 450w, https:\/\/i0.wp.com\/www.shqiperia.com\/blog\/wp-content\/uploads\/2020\/12\/Piktori-ARBEN-BASHA-2.jpg?resize=600%2C393&amp;ssl=1 600w, https:\/\/i0.wp.com\/www.shqiperia.com\/blog\/wp-content\/uploads\/2020\/12\/Piktori-ARBEN-BASHA-2.jpg?resize=400%2C262&amp;ssl=1 400w, https:\/\/i0.wp.com\/www.shqiperia.com\/blog\/wp-content\/uploads\/2020\/12\/Piktori-ARBEN-BASHA-2.jpg?w=781&amp;ssl=1 781w\" sizes=\"auto, (max-width: 585px) 100vw, 585px\" \/><\/p>\n<p><strong>60 vite krijimtari n\u00eb art\/ Rr\u00ebfehet piktori i 30 filmave, nga \u2018N\u00ebntori i dyt\u00eb\u2019 tek \u2018Mao Ce Duni\u2019<\/strong><\/p>\n<p><em>Arben Basha rr\u00ebfen 60 vite krijimtari artistike. Teksa ndalet puna si piktor filmi para viteve \u201990 n\u00eb ish-Kinostudion \u201cShqip\u00ebria e re\u201d, tregon dhe hap\u00ebsir\u00ebn q\u00eb z\u00ebn\u00eb ngjarjet social-politike t\u00eb k\u00ebtyre 30 viteve n\u00eb tablot\u00eb e tij.<\/em><\/p>\n<p>Nga <a href=\"https:\/\/shqiptarja.com\/autori\/218\">Valeria Dedaj<br \/>\n<\/a>Dhjetor 2020<\/p>\n<p>60 vite krijimtari artistike piktori Arben Basha i rr\u00ebfen p\u00ebrmes tablove n\u00eb studion e tij pran\u00eb Ministris\u00eb s\u00eb Drejt\u00ebsis\u00eb.<\/p>\n<p><em>\u00a0\u201cIndicet e para p\u00ebr t\u2019u marr me art i kam pasur n\u00eb kopsht, kur vizatoja nj\u00eb zog apo di\u00e7ka tjet\u00ebr. Edukatorja \u00ebsht\u00eb e para q\u00eb ka th\u00ebn\u00eb se: K\u00ebt\u00eb djal\u00eb duhet q\u00eb ta \u00e7ojm\u00eb p\u00ebr art. Nisa shkoll\u00ebn, pastaj liceun artistik. N\u00eb \u201869 p\u00ebrfundova Institutin e Lart\u00eb t\u00eb Arteve dhe deri n\u00eb vitin 1994 punova, si piktor filmi, mbi 30 filma 1993-\u201894. M\u00eb pas me time shoqe nisa nj\u00eb biznes familjar, si \u00ebsht\u00eb libraria, pun\u00eb q\u00eb m\u00eb ndihmoi p\u00ebr arsimimin e f\u00ebmij\u00ebve, por edhe kam lexuar sa p\u00ebr t\u00eb gjith\u00eb jet\u00ebn time. M\u00eb von\u00eb, p\u00ebr shkak t\u00eb teknologjis\u00eb e mbylla si biznes, edhe po i kushtohem piktur\u00ebs\u201d, rr\u00ebfen piktori Arben Basha.<\/em><\/p>\n<div id=\"attachment_42128\" style=\"width: 764px\" class=\"wp-caption alignnone\"><img data-recalc-dims=\"1\" loading=\"lazy\" decoding=\"async\" aria-describedby=\"caption-attachment-42128\" data-attachment-id=\"42128\" data-permalink=\"https:\/\/www.shqiperia.com\/blog\/60-vite-krijimtari-ne-art-rrefehet-piktori-i-30-filmave-nga-nentori-i-dyte-tek-mao-ce-duni\/piktori-arben-basha-3\/\" data-orig-file=\"https:\/\/i0.wp.com\/www.shqiperia.com\/blog\/wp-content\/uploads\/2020\/12\/Piktori-ARBEN-BASHA.jpg?fit=780%2C440&amp;ssl=1\" data-orig-size=\"780,440\" data-comments-opened=\"1\" data-image-meta=\"{&quot;aperture&quot;:&quot;0&quot;,&quot;credit&quot;:&quot;&quot;,&quot;camera&quot;:&quot;&quot;,&quot;caption&quot;:&quot;&quot;,&quot;created_timestamp&quot;:&quot;0&quot;,&quot;copyright&quot;:&quot;&quot;,&quot;focal_length&quot;:&quot;0&quot;,&quot;iso&quot;:&quot;0&quot;,&quot;shutter_speed&quot;:&quot;0&quot;,&quot;title&quot;:&quot;&quot;,&quot;orientation&quot;:&quot;0&quot;}\" data-image-title=\"Piktori ARBEN BASHA\" data-image-description=\"\" data-image-caption=\"&lt;p&gt;Piktori Arben Basha&lt;\/p&gt;\n\" data-medium-file=\"https:\/\/i0.wp.com\/www.shqiperia.com\/blog\/wp-content\/uploads\/2020\/12\/Piktori-ARBEN-BASHA.jpg?fit=300%2C169&amp;ssl=1\" data-large-file=\"https:\/\/i0.wp.com\/www.shqiperia.com\/blog\/wp-content\/uploads\/2020\/12\/Piktori-ARBEN-BASHA.jpg?fit=780%2C440&amp;ssl=1\" class=\" wp-image-42128\" alt=\"\" src=\"https:\/\/i0.wp.com\/www.shqiperia.com\/blog\/wp-content\/uploads\/2020\/12\/Piktori-ARBEN-BASHA.jpg?resize=754%2C425&#038;ssl=1\" width=\"754\" height=\"425\" srcset=\"https:\/\/i0.wp.com\/www.shqiperia.com\/blog\/wp-content\/uploads\/2020\/12\/Piktori-ARBEN-BASHA.jpg?resize=300%2C169&amp;ssl=1 300w, https:\/\/i0.wp.com\/www.shqiperia.com\/blog\/wp-content\/uploads\/2020\/12\/Piktori-ARBEN-BASHA.jpg?resize=768%2C433&amp;ssl=1 768w, https:\/\/i0.wp.com\/www.shqiperia.com\/blog\/wp-content\/uploads\/2020\/12\/Piktori-ARBEN-BASHA.jpg?resize=450%2C254&amp;ssl=1 450w, https:\/\/i0.wp.com\/www.shqiperia.com\/blog\/wp-content\/uploads\/2020\/12\/Piktori-ARBEN-BASHA.jpg?resize=600%2C338&amp;ssl=1 600w, https:\/\/i0.wp.com\/www.shqiperia.com\/blog\/wp-content\/uploads\/2020\/12\/Piktori-ARBEN-BASHA.jpg?resize=400%2C226&amp;ssl=1 400w, https:\/\/i0.wp.com\/www.shqiperia.com\/blog\/wp-content\/uploads\/2020\/12\/Piktori-ARBEN-BASHA.jpg?w=780&amp;ssl=1 780w\" sizes=\"auto, (max-width: 754px) 100vw, 754px\" \/><p id=\"caption-attachment-42128\" class=\"wp-caption-text\">Piktori Arben Basha<\/p><\/div>\n<p>Artisti ndalet tek fillimet n\u00eb ish- Kinostudion \u201cShqip\u00ebria e re\u201d, ku pasionin p\u00ebr historin\u00eb e ka nd\u00ebrthurur me dashurin\u00eb p\u00ebr artet figurative, si piktor i 30 filmave t\u00eb njohur; si \u201cN\u00ebntori i dyt\u00eb\u201d, \u201cP\u00ebrrall\u00eb nga e kaluara\u201d, \u201cZonja nga qyteti\u201d, \u201cVdekja e Kalit\u201d, \u201cMao Ce Duni\u201d e shum\u00eb t\u00eb tjer\u00eb.<\/p>\n<p><em>\u201cE v\u00ebrteta duhet th\u00ebn\u00eb, se piktori i filmit \u00ebsht\u00eb pjes\u00eb e grupit t\u00eb filmit, ku dirigjenti \u00ebsht\u00eb regjisori i filmit, nd\u00ebrsa baza \u00ebsht\u00eb skenari. P\u00ebr shum\u00eb filma historik\u00eb m\u00eb k\u00ebrkonin mua, pasi regjisor\u00ebt kishin vrejtur d\u00ebshir\u00ebn q\u00eb kisha p\u00ebr historin\u00eb. Piktori i filmit vesh ambientin, por k\u00ebt\u00eb nuk e kuptojn\u00eb shum\u00eb njer\u00ebz. Tek \u201cN\u00ebntori i dyt\u00eb\u201d, ne kemi b\u00ebr\u00eb ardhjen e Ismail Qemalit, krijuam nj\u00eb atmosfer\u00eb si n\u00eb 1912-n\u201d, tregon artisti.<\/em><\/p>\n<div id=\"attachment_42129\" style=\"width: 664px\" class=\"wp-caption alignnone\"><img data-recalc-dims=\"1\" loading=\"lazy\" decoding=\"async\" aria-describedby=\"caption-attachment-42129\" data-attachment-id=\"42129\" data-permalink=\"https:\/\/www.shqiperia.com\/blog\/60-vite-krijimtari-ne-art-rrefehet-piktori-i-30-filmave-nga-nentori-i-dyte-tek-mao-ce-duni\/piktori-arben-basha-3-2\/\" data-orig-file=\"https:\/\/i0.wp.com\/www.shqiperia.com\/blog\/wp-content\/uploads\/2020\/12\/Piktori-ARBEN-BASHA-3.jpg?fit=1134%2C590&amp;ssl=1\" data-orig-size=\"1134,590\" data-comments-opened=\"1\" data-image-meta=\"{&quot;aperture&quot;:&quot;0&quot;,&quot;credit&quot;:&quot;&quot;,&quot;camera&quot;:&quot;&quot;,&quot;caption&quot;:&quot;&quot;,&quot;created_timestamp&quot;:&quot;0&quot;,&quot;copyright&quot;:&quot;&quot;,&quot;focal_length&quot;:&quot;0&quot;,&quot;iso&quot;:&quot;0&quot;,&quot;shutter_speed&quot;:&quot;0&quot;,&quot;title&quot;:&quot;&quot;,&quot;orientation&quot;:&quot;0&quot;}\" data-image-title=\"Piktori ARBEN BASHA (3)\" data-image-description=\"\" data-image-caption=\"&lt;p&gt;Piktori Arben Basha&lt;\/p&gt;\n\" data-medium-file=\"https:\/\/i0.wp.com\/www.shqiperia.com\/blog\/wp-content\/uploads\/2020\/12\/Piktori-ARBEN-BASHA-3.jpg?fit=300%2C156&amp;ssl=1\" data-large-file=\"https:\/\/i0.wp.com\/www.shqiperia.com\/blog\/wp-content\/uploads\/2020\/12\/Piktori-ARBEN-BASHA-3.jpg?fit=1024%2C533&amp;ssl=1\" class=\" wp-image-42129\" alt=\"\" src=\"https:\/\/i0.wp.com\/www.shqiperia.com\/blog\/wp-content\/uploads\/2020\/12\/Piktori-ARBEN-BASHA-3.jpg?resize=654%2C340&#038;ssl=1\" width=\"654\" height=\"340\" srcset=\"https:\/\/i0.wp.com\/www.shqiperia.com\/blog\/wp-content\/uploads\/2020\/12\/Piktori-ARBEN-BASHA-3.jpg?resize=300%2C156&amp;ssl=1 300w, https:\/\/i0.wp.com\/www.shqiperia.com\/blog\/wp-content\/uploads\/2020\/12\/Piktori-ARBEN-BASHA-3.jpg?resize=1024%2C533&amp;ssl=1 1024w, https:\/\/i0.wp.com\/www.shqiperia.com\/blog\/wp-content\/uploads\/2020\/12\/Piktori-ARBEN-BASHA-3.jpg?resize=768%2C400&amp;ssl=1 768w, https:\/\/i0.wp.com\/www.shqiperia.com\/blog\/wp-content\/uploads\/2020\/12\/Piktori-ARBEN-BASHA-3.jpg?resize=450%2C234&amp;ssl=1 450w, https:\/\/i0.wp.com\/www.shqiperia.com\/blog\/wp-content\/uploads\/2020\/12\/Piktori-ARBEN-BASHA-3.jpg?resize=600%2C312&amp;ssl=1 600w, https:\/\/i0.wp.com\/www.shqiperia.com\/blog\/wp-content\/uploads\/2020\/12\/Piktori-ARBEN-BASHA-3.jpg?resize=400%2C208&amp;ssl=1 400w, https:\/\/i0.wp.com\/www.shqiperia.com\/blog\/wp-content\/uploads\/2020\/12\/Piktori-ARBEN-BASHA-3.jpg?w=1134&amp;ssl=1 1134w\" sizes=\"auto, (max-width: 654px) 100vw, 654px\" \/><p id=\"caption-attachment-42129\" class=\"wp-caption-text\">Piktori Arben Basha<\/p><\/div>\n<p>Basha, si artist i angazhuar na rikthen p\u00ebrmes tablove t\u00eb tij dhe tek L\u00ebvizja Studentore n\u00eb \u201990-n, ngjarjet e 97-s, lufta e Kosov\u00ebs, trazirat n\u00eb Ballkan, peizazhet e realizuara n\u00eb mbar\u00eb vendi, deri tek tabloja m\u00eb e fundit, \u201cArb\u00ebri\u201d.<\/p>\n<p><em>\u00a0\u201cAktualisht kam n\u00eb duar nj\u00eb vep\u00ebr q\u00eb kam muaj q\u00eb e punoj. \u00cbsht\u00eb \u201cArb\u00ebri\u201d, i cili mbron trojet e veta edhe nuk sulmon. Pran\u00eb nj\u00eb rrapi t\u00eb madh me rr\u00ebnj\u00eb pellazgo-ilire. Kjo \u00ebsht\u00eb puna m\u00eb e fundit, q\u00eb un\u00eb po b\u00ebj\u201d, p\u00ebrfundon piktori.<\/em><\/p>\n<p>Shqiptarja.com<\/p>\n","protected":false},"excerpt":{"rendered":"<p>60 vite krijimtari n\u00eb art\/ Rr\u00ebfehet piktori i 30 filmave, nga \u2018N\u00ebntori i dyt\u00eb\u2019 tek \u2018Mao Ce Duni\u2019 Arben Basha rr\u00ebfen 60 vite krijimtari artistike. Teksa ndalet puna si piktor filmi para viteve \u201990 n\u00eb ish-Kinostudion \u201cShqip\u00ebria e re\u201d, tregon dhe hap\u00ebsir\u00ebn q\u00eb z\u00ebn\u00eb ngjarjet social-politike t\u00eb k\u00ebtyre 30 viteve n\u00eb tablot\u00eb e tij. Nga [&hellip;]<\/p>\n","protected":false},"author":9,"featured_media":42127,"comment_status":"open","ping_status":"open","sticky":false,"template":"","format":"standard","meta":{"jetpack_post_was_ever_published":false,"_jetpack_newsletter_access":"","_jetpack_dont_email_post_to_subs":false,"_jetpack_newsletter_tier_id":0,"_jetpack_memberships_contains_paywalled_content":false,"_jetpack_memberships_contains_paid_content":false,"footnotes":"","jetpack_publicize_message":"","jetpack_publicize_feature_enabled":true,"jetpack_social_post_already_shared":true,"jetpack_social_options":{"image_generator_settings":{"template":"highway","default_image_id":0,"font":"","enabled":false},"version":2}},"categories":[87,10,86],"tags":[],"class_list":["post-42126","post","type-post","status-publish","format-standard","has-post-thumbnail","hentry","category-arte","category-kultura","category-trashegimi-kulturore"],"jetpack_publicize_connections":[],"jetpack_featured_media_url":"https:\/\/i0.wp.com\/www.shqiperia.com\/blog\/wp-content\/uploads\/2020\/12\/Piktori-ARBEN-BASHA-2.jpg?fit=781%2C512&ssl=1","jetpack_sharing_enabled":true,"jetpack_shortlink":"https:\/\/wp.me\/p5Z6wp-aXs","jetpack-related-posts":[{"id":9528,"url":"https:\/\/www.shqiperia.com\/blog\/shuhet-papritur-ne-moshen-60-vjecare-piktori-i-njohur-gjovalin-paci\/","url_meta":{"origin":42126,"position":0},"title":"Shuhet papritur n\u00eb mosh\u00ebn 60-vje\u00e7are piktori i njohur Gjovalin Paci. &#8211;","author":"Kurt Farka","date":"July 10, 2018","format":false,"excerpt":"Shuhet papritur n\u00eb mosh\u00ebn 60-vje\u00e7are piktori i njohur Gjovalin Paci Piktori i njohur Gjovalin Pa\u00e7i \u00ebsht\u00eb ndar\u00eb nga jeta n\u00eb m\u00ebnyr\u00eb t\u00eb papritur. Lajmin e hidhur e kan\u00eb b\u00ebr\u00eb t\u00eb ditur miqt\u00eb e tij n\u00eb rrjetet sociale. \u00cbsht\u00eb ndar\u00eb nga jeta n\u00eb m\u00eb m\u00ebnyr\u00eb t\u00eb parakohshme, n\u00eb mosh\u00ebn 60-vje\u00e7are piktori\u2026","rel":"","context":"In &quot;Arte&quot;","block_context":{"text":"Arte","link":"https:\/\/www.shqiperia.com\/blog\/category\/arte\/"},"img":{"alt_text":"","src":"https:\/\/i0.wp.com\/www.shqiperia.com\/blog\/wp-content\/uploads\/2018\/07\/Gjovalin-Paci-4.jpg?fit=419%2C414&ssl=1&resize=350%2C200","width":350,"height":200},"classes":[]},{"id":27363,"url":"https:\/\/www.shqiperia.com\/blog\/pjeter-marku-nje-jete-ne-telajo\/","url_meta":{"origin":42126,"position":1},"title":"Pjet\u00ebr Marku, nj\u00eb jet\u00eb n\u00eb telajo. &#8211;","author":"Kurt Farka","date":"October 27, 2019","format":false,"excerpt":"Pjet\u00ebr Marku, nj\u00eb jet\u00eb n\u00eb telajo. Ky piktor shum\u00ebdimensional i shkoll\u00ebs s\u00eb realizmit \u00ebsht\u00eb nj\u00eb nx\u00ebn\u00ebs i shk\u00eblqyer i mjesht\u00ebrve Guri Madhi, Foto Stomo, Sk\u00ebnder Kamberi, Vangjush Mio, Kujtim Buza dhe vazhdues i tradit\u00ebs s\u00eb tyre. Nostalgjik i Rembrandit apo i Van Gogut, ai tashm\u00eb ka krijuar shkoll\u00ebn e tij\u2026","rel":"","context":"In &quot;Arte&quot;","block_context":{"text":"Arte","link":"https:\/\/www.shqiperia.com\/blog\/category\/arte\/"},"img":{"alt_text":"","src":"https:\/\/i0.wp.com\/www.shqiperia.com\/blog\/wp-content\/uploads\/2019\/10\/Autor-Pjeter-Marku.jpg?fit=1200%2C632&ssl=1&resize=350%2C200","width":350,"height":200,"srcset":"https:\/\/i0.wp.com\/www.shqiperia.com\/blog\/wp-content\/uploads\/2019\/10\/Autor-Pjeter-Marku.jpg?fit=1200%2C632&ssl=1&resize=350%2C200 1x, https:\/\/i0.wp.com\/www.shqiperia.com\/blog\/wp-content\/uploads\/2019\/10\/Autor-Pjeter-Marku.jpg?fit=1200%2C632&ssl=1&resize=525%2C300 1.5x, https:\/\/i0.wp.com\/www.shqiperia.com\/blog\/wp-content\/uploads\/2019\/10\/Autor-Pjeter-Marku.jpg?fit=1200%2C632&ssl=1&resize=700%2C400 2x, https:\/\/i0.wp.com\/www.shqiperia.com\/blog\/wp-content\/uploads\/2019\/10\/Autor-Pjeter-Marku.jpg?fit=1200%2C632&ssl=1&resize=1050%2C600 3x"},"classes":[]},{"id":2219,"url":"https:\/\/www.shqiperia.com\/blog\/bujar-zajmi-piktor\/","url_meta":{"origin":42126,"position":2},"title":"Bujar Zajmi &#8211; Piktor. &#8211;","author":"Kurt Farka","date":"January 30, 2018","format":false,"excerpt":"Bujar Zajmi (Tiran\u00eb 07.07.1939), Piktor Piktori Bujar Zajmi i p\u00ebrket brezit t\u00eb piktor\u00ebve shqiptar\u00eb q\u00eb e filluan krijimtarin\u00eb e tyre n\u00eb mesin e vieteve \u201960 t\u00eb shekullit XX. Krijimtaria e tij ndahet n\u00eb dy pjes\u00eb: krijimtaria publike kryeisht n\u00eb fush\u00ebn e grafik\u00ebs dhe ajo e fsheht\u00eb q\u00eb ai e realizoi\u2026","rel":"","context":"In &quot;Arte&quot;","block_context":{"text":"Arte","link":"https:\/\/www.shqiperia.com\/blog\/category\/arte\/"},"img":{"alt_text":"","src":"https:\/\/i0.wp.com\/www.shqiperia.com\/blog\/wp-content\/uploads\/2018\/01\/Bujar-Zajmi-21.jpg?fit=484%2C647&ssl=1&resize=350%2C200","width":350,"height":200},"classes":[]},{"id":41961,"url":"https:\/\/www.shqiperia.com\/blog\/ekspozita-stina-e-bardhe-nga-piktori-edi-kojani-25-tablo-me-motivin-e-bores\/","url_meta":{"origin":42126,"position":3},"title":"Ekspozita \u201cStina e bardh\u00eb\u201d nga piktori Edi Kojani, 25 tablo me motivin e bor\u00ebs","author":"Kurt Farka","date":"December 16, 2020","format":false,"excerpt":"Ekspozita \u201cStina e bardh\u00eb\u201d nga piktori Edi Kojani, 25 tablo me motivin e bor\u00ebs 15 DHJETOR 2020 \u201cStina e bardh\u00eb\u201d titullohet ekspozita, q\u00eb vjen k\u00ebt\u00eb muaj t\u00eb fundit t\u00eb k\u00ebtij viti p\u00ebr publikun. Veprat e punuara nga piktori i njohur Edi Kojani jan\u00eb prezantuar n\u00eb k\u00ebt\u00eb ekspozit\u00eb, q\u00eb u \u00e7el\u2026","rel":"","context":"In &quot;Arte&quot;","block_context":{"text":"Arte","link":"https:\/\/www.shqiperia.com\/blog\/category\/arte\/"},"img":{"alt_text":"","src":"https:\/\/i0.wp.com\/www.shqiperia.com\/blog\/wp-content\/uploads\/2020\/12\/1200-630-5fd8544e4e51c.jpg?fit=1200%2C630&ssl=1&resize=350%2C200","width":350,"height":200,"srcset":"https:\/\/i0.wp.com\/www.shqiperia.com\/blog\/wp-content\/uploads\/2020\/12\/1200-630-5fd8544e4e51c.jpg?fit=1200%2C630&ssl=1&resize=350%2C200 1x, https:\/\/i0.wp.com\/www.shqiperia.com\/blog\/wp-content\/uploads\/2020\/12\/1200-630-5fd8544e4e51c.jpg?fit=1200%2C630&ssl=1&resize=525%2C300 1.5x, https:\/\/i0.wp.com\/www.shqiperia.com\/blog\/wp-content\/uploads\/2020\/12\/1200-630-5fd8544e4e51c.jpg?fit=1200%2C630&ssl=1&resize=700%2C400 2x, https:\/\/i0.wp.com\/www.shqiperia.com\/blog\/wp-content\/uploads\/2020\/12\/1200-630-5fd8544e4e51c.jpg?fit=1200%2C630&ssl=1&resize=1050%2C600 3x"},"classes":[]},{"id":31289,"url":"https:\/\/www.shqiperia.com\/blog\/piktori-i-kinostudios-rrefen-filmat-para-90-skenat-qe-u-modifikuan-te-te-mos-heshtesh-e-vdekja-e-kalit-si-ndryshoi-skenari\/","url_meta":{"origin":42126,"position":4},"title":"Piktori i Kinostudios rr\u00ebfen filmat para \u201890: Skenat q\u00eb u modifikuan te \u2018T\u00eb mos hesht\u00ebsh\u2019 e \u2018Vdekja e kalit\u2019: Si ndryshoi skenari","author":"Kurt Farka","date":"February 8, 2020","format":false,"excerpt":"Piktori i Kinostudios rr\u00ebfen filmat para \u201890: Skenat q\u00eb u modifikuan te \u2018T\u00eb mos hesht\u00ebsh\u2019 e \u2018Vdekja e kalit\u2019: Si ndryshoi skenari 7 shkurt 2020 Anila Dedja\/ Pak hapa pas Ministris\u00eb s\u00eb Drejt\u00ebsis\u00eb, nd\u00ebrsa afrohemi n\u00eb studion e tij, aroma e boj\u00ebs s\u00eb fresk\u00ebt t\u00eb pret e para. \u201cBjeshk\u00ebt e\u2026","rel":"","context":"In &quot;Arte&quot;","block_context":{"text":"Arte","link":"https:\/\/www.shqiperia.com\/blog\/category\/arte\/"},"img":{"alt_text":"","src":"https:\/\/i0.wp.com\/www.shqiperia.com\/blog\/wp-content\/uploads\/2020\/02\/piktori-Arben-Basha-2.jpg?fit=567%2C337&ssl=1&resize=350%2C200","width":350,"height":200,"srcset":"https:\/\/i0.wp.com\/www.shqiperia.com\/blog\/wp-content\/uploads\/2020\/02\/piktori-Arben-Basha-2.jpg?fit=567%2C337&ssl=1&resize=350%2C200 1x, https:\/\/i0.wp.com\/www.shqiperia.com\/blog\/wp-content\/uploads\/2020\/02\/piktori-Arben-Basha-2.jpg?fit=567%2C337&ssl=1&resize=525%2C300 1.5x"},"classes":[]},{"id":849,"url":"https:\/\/www.shqiperia.com\/blog\/ismail-lulani-dhe-trashegimia-e-tij-artistike\/","url_meta":{"origin":42126,"position":5},"title":"Ismail Lulani dhe trashegimia e tij artistike","author":"Kurt Farka","date":"January 9, 2018","format":false,"excerpt":"Ismail Lulani ishte nj\u00eb nga piktor\u00ebt e shquar shqiptar\u00eb t\u00eb shekullit XX-t\u00eb, ai ishte nj\u00eb nga artist\u00ebt q\u00eb ndikuan fuqish\u00ebm n\u00eb modernizimin e artit shqiptar t\u00eb \u00e7erekut t\u00eb fundit t\u00eb shekullit XX. Piktori Ismail Lulani kreu studimet e mesme p\u00ebr mjek\u00ebsi, por shum\u00eb shpejt do ti kushtohej plot\u00ebsisht pasionit t\u00eb\u2026","rel":"","context":"In &quot;Arte&quot;","block_context":{"text":"Arte","link":"https:\/\/www.shqiperia.com\/blog\/category\/arte\/"},"img":{"alt_text":"","src":"https:\/\/i0.wp.com\/www.shqiperia.com\/blog\/wp-content\/uploads\/2018\/01\/Ismail-Lulani-218x300.jpg?resize=350%2C200","width":350,"height":200},"classes":[]}],"_links":{"self":[{"href":"https:\/\/www.shqiperia.com\/blog\/wp-json\/wp\/v2\/posts\/42126","targetHints":{"allow":["GET"]}}],"collection":[{"href":"https:\/\/www.shqiperia.com\/blog\/wp-json\/wp\/v2\/posts"}],"about":[{"href":"https:\/\/www.shqiperia.com\/blog\/wp-json\/wp\/v2\/types\/post"}],"author":[{"embeddable":true,"href":"https:\/\/www.shqiperia.com\/blog\/wp-json\/wp\/v2\/users\/9"}],"replies":[{"embeddable":true,"href":"https:\/\/www.shqiperia.com\/blog\/wp-json\/wp\/v2\/comments?post=42126"}],"version-history":[{"count":1,"href":"https:\/\/www.shqiperia.com\/blog\/wp-json\/wp\/v2\/posts\/42126\/revisions"}],"predecessor-version":[{"id":42130,"href":"https:\/\/www.shqiperia.com\/blog\/wp-json\/wp\/v2\/posts\/42126\/revisions\/42130"}],"wp:featuredmedia":[{"embeddable":true,"href":"https:\/\/www.shqiperia.com\/blog\/wp-json\/wp\/v2\/media\/42127"}],"wp:attachment":[{"href":"https:\/\/www.shqiperia.com\/blog\/wp-json\/wp\/v2\/media?parent=42126"}],"wp:term":[{"taxonomy":"category","embeddable":true,"href":"https:\/\/www.shqiperia.com\/blog\/wp-json\/wp\/v2\/categories?post=42126"},{"taxonomy":"post_tag","embeddable":true,"href":"https:\/\/www.shqiperia.com\/blog\/wp-json\/wp\/v2\/tags?post=42126"}],"curies":[{"name":"wp","href":"https:\/\/api.w.org\/{rel}","templated":true}]}}