{"id":42117,"date":"2020-12-21T09:38:47","date_gmt":"2020-12-21T09:38:47","guid":{"rendered":"https:\/\/www.shqiperia.com\/blog\/?p=42117"},"modified":"2020-12-21T09:38:47","modified_gmt":"2020-12-21T09:38:47","slug":"sa-shqiptare-jetojne-jashte-vendit-instat-47-mije-emigruan-me-2019-ose-gati-130-persona-ne-dite","status":"publish","type":"post","link":"https:\/\/www.shqiperia.com\/blog\/sa-shqiptare-jetojne-jashte-vendit-instat-47-mije-emigruan-me-2019-ose-gati-130-persona-ne-dite\/","title":{"rendered":"Sa shqiptar\u00eb jetojn\u00eb jasht\u00eb vendit\/ INSTAT: 47 mij\u00eb emigruan m\u00eb 2019, ose gati 130 persona n\u00eb dit\u00eb."},"content":{"rendered":"<p><img data-recalc-dims=\"1\" loading=\"lazy\" decoding=\"async\" data-attachment-id=\"42118\" data-permalink=\"https:\/\/www.shqiperia.com\/blog\/sa-shqiptare-jetojne-jashte-vendit-instat-47-mije-emigruan-me-2019-ose-gati-130-persona-ne-dite\/640-0-5fe05b05860ac\/\" data-orig-file=\"https:\/\/i0.wp.com\/www.shqiperia.com\/blog\/wp-content\/uploads\/2020\/12\/640-0-5fe05b05860ac.jpg?fit=640%2C360&amp;ssl=1\" data-orig-size=\"640,360\" data-comments-opened=\"1\" data-image-meta=\"{&quot;aperture&quot;:&quot;0&quot;,&quot;credit&quot;:&quot;&quot;,&quot;camera&quot;:&quot;&quot;,&quot;caption&quot;:&quot;&quot;,&quot;created_timestamp&quot;:&quot;0&quot;,&quot;copyright&quot;:&quot;&quot;,&quot;focal_length&quot;:&quot;0&quot;,&quot;iso&quot;:&quot;0&quot;,&quot;shutter_speed&quot;:&quot;0&quot;,&quot;title&quot;:&quot;&quot;,&quot;orientation&quot;:&quot;0&quot;}\" data-image-title=\"-640-0-5fe05b05860ac\" data-image-description=\"\" data-image-caption=\"\" data-medium-file=\"https:\/\/i0.wp.com\/www.shqiperia.com\/blog\/wp-content\/uploads\/2020\/12\/640-0-5fe05b05860ac.jpg?fit=300%2C169&amp;ssl=1\" data-large-file=\"https:\/\/i0.wp.com\/www.shqiperia.com\/blog\/wp-content\/uploads\/2020\/12\/640-0-5fe05b05860ac.jpg?fit=640%2C360&amp;ssl=1\" class=\"alignnone  wp-image-42118\" alt=\"\" src=\"https:\/\/i0.wp.com\/www.shqiperia.com\/blog\/wp-content\/uploads\/2020\/12\/640-0-5fe05b05860ac.jpg?resize=518%2C292&#038;ssl=1\" width=\"518\" height=\"292\" srcset=\"https:\/\/i0.wp.com\/www.shqiperia.com\/blog\/wp-content\/uploads\/2020\/12\/640-0-5fe05b05860ac.jpg?resize=300%2C169&amp;ssl=1 300w, https:\/\/i0.wp.com\/www.shqiperia.com\/blog\/wp-content\/uploads\/2020\/12\/640-0-5fe05b05860ac.jpg?resize=450%2C253&amp;ssl=1 450w, https:\/\/i0.wp.com\/www.shqiperia.com\/blog\/wp-content\/uploads\/2020\/12\/640-0-5fe05b05860ac.jpg?resize=600%2C338&amp;ssl=1 600w, https:\/\/i0.wp.com\/www.shqiperia.com\/blog\/wp-content\/uploads\/2020\/12\/640-0-5fe05b05860ac.jpg?resize=400%2C225&amp;ssl=1 400w, https:\/\/i0.wp.com\/www.shqiperia.com\/blog\/wp-content\/uploads\/2020\/12\/640-0-5fe05b05860ac.jpg?w=640&amp;ssl=1 640w\" sizes=\"auto, (max-width: 518px) 100vw, 518px\" \/><\/p>\n<p><strong>Sa shqiptar\u00eb jetojn\u00eb jasht\u00eb vendit\/ INSTAT: 47 mij\u00eb emigruan m\u00eb 2019, ose gati 130 persona n\u00eb dit\u00eb.<\/strong><\/p>\n<p><strong>21 DHJETOR 2020<\/strong><\/p>\n<p>Gjat\u00eb vitit 2019, m\u00eb shum\u00eb se 47 mij\u00eb persona jan\u00eb larguar nga vendi n\u00eb emigrim, raportoi INSTAT. Numri i emigrant\u00ebve t\u00eb rinj e zgjeroi diaspor\u00ebn shqiptare me 2.6% vet\u00ebm n\u00eb nj\u00eb vit, teksa totali i shqiptar\u00ebve q\u00eb jetojn\u00eb jasht\u00eb vendit, arriti n\u00eb gati 1.7 milion\u00eb persona (1.684.135).<\/p>\n<p>Teksa demograf\u00ebt prisnin q\u00eb emigracioni t\u00eb stabilizohej pas dy dekadave t\u00eb para t\u00eb tranzicionit, n\u00eb fakt zhvillimet kan\u00eb shkuar n\u00eb t\u00eb kund\u00ebrt\u00ebn, duke reflektuar thellimin e fenomenit. Me kriz\u00ebn ekonomike t\u00eb vitit 2008, heqjen e vizave m\u00eb 2011 dhe munges\u00ebn e prosperitetit ekonomik, nj\u00eb val\u00eb e re emigracioni u rikthye fuqish\u00ebm m\u00eb 2015, ku rreth 69 mij\u00eb shqiptare aplikuan p\u00ebr azil n\u00eb vendet an\u00ebtare t\u00eb BE-s\u00eb.<\/p>\n<p>Nj\u00eb anket\u00eb t\u00eb m\u00ebparshme p\u00ebr emigracionin INSTAT ka zbuluar se numri i individ\u00ebve gjithsej t\u00eb larguar nga Shqip\u00ebria, n\u00eb periudh\u00ebn 2011 \u2013 2019 rezulton 360.699 banor\u00eb, ose rreth 12,4% e popullsis\u00eb gjithsej t\u00eb vitit 2011. Arsyet ekonomike vazhdojn\u00eb t\u00eb shtyjn\u00eb pjes\u00ebn m\u00eb t\u00eb madhe t\u00eb shqiptar\u00ebve t\u00eb largohen nga vendi.<\/p>\n<p>Sipas Anket\u00ebs s\u00eb Forc\u00ebs s\u00eb Pun\u00ebs, 2019, arsyeja kryesore e largimit nga Shqip\u00ebria \u00ebsht\u00eb \u201cMund\u00ebsi pun\u00ebsimi\u201d me 83,7%. T\u00eb dh\u00ebnat e censeve t\u00eb fundit t\u00eb popullsis\u00eb dhe banesave, tregojn\u00eb se 905 mij\u00eb individ\u00eb t\u00eb lindur n\u00eb Shqip\u00ebri kan\u00eb qen\u00eb rezident\u00eb t\u00eb zakonsh\u00ebm n\u00eb 28 vende t\u00eb Europ\u00ebs, nga ana tjet\u00ebr, statistikat q\u00eb lidhen me shtet\u00ebsin\u00eb tregojn\u00eb se 962 mij\u00eb shtetas shqiptar\u00eb jetojn\u00eb n\u00eb 15 vende t\u00eb Europ\u00ebs.<\/p>\n<p>Vendet q\u00eb num\u00ebrojn\u00eb nj\u00eb num\u00ebr t\u00eb lart\u00eb shtetasish shqiptar\u00eb, si dhe rezident\u00eb t\u00eb lindur n\u00eb Shqip\u00ebri jan\u00eb: Greqi, Itali, Gjermani dhe Britani e Madhe. Emigrimi n\u00eb dekad\u00ebn e fundit sh\u00ebnonte: 56% meshkuj n\u00eb Gjermani dhe Greqi, dhe 51% meshkuj n\u00eb Itali. Emigrimi n\u00eb Gjermani ende ka t\u00eb ngjar\u00eb t\u00eb jet\u00eb i lidhur ngusht\u00eb me pun\u00ebsimin (dhe studimin) e cila tregohet nga raporti i ul\u00ebt e f\u00ebmij\u00ebve. Italia dhe ve\u00e7an\u00ebrisht Greqia kan\u00eb nj\u00eb shp\u00ebrndarje moshore m\u00eb t\u00eb gjer\u00eb, treguese e migrimit familjar.<\/p>\n<p>T\u00eb dh\u00ebnat e Anket\u00ebs s\u00eb Komunitetit Amerikan p\u00ebr vitin 2019 tregojn\u00eb q\u00eb shqiptar\u00eb t\u00eb gjenerat\u00ebs se par\u00eb n\u00eb vitin 2019 jan\u00eb 99.370 persona, nd\u00ebrsa gjenerata e dyt\u00eb \u00ebsht\u00eb 115.587, me nj\u00eb total prej 214.957 shqiptar\u00eb q\u00eb jetojn\u00eb n\u00eb SHBA. Referuar t\u00eb dh\u00ebnave t\u00eb censeve t\u00eb vendeve europiane destinacion t\u00eb emigrant\u00ebve shqiptar\u00eb, rreth 39,0% e shtetasve shqiptar\u00eb jan\u00eb t\u00eb pun\u00ebsuar, 10,1% t\u00eb papun\u00eb dhe pjesa tjet\u00ebr inaktiv\u00eb.<\/p>\n<p>Meshkujt karakterizohen nga nj\u00eb norm\u00eb m\u00eb e lart\u00eb pun\u00ebsimi sesa femrat. Shp\u00ebrndarja e statusit t\u00eb pun\u00ebsimit sipas shteteve \u2013 m\u00eb shum\u00eb t\u00eb pun\u00ebsuar raportohen n\u00eb Britani, Norvegji dhe Danimark\u00eb. P\u00ebr sa u p\u00ebrket shtetasve t\u00eb pun\u00ebsuara femra ato sh\u00ebnojn\u00eb p\u00ebrqindjen m\u00eb t\u00eb lart\u00eb n\u00eb Poloni.<\/p>\n<p>Migrimi nd\u00ebrkomb\u00ebtar ka qen\u00eb nj\u00eb forc\u00eb e madhe n\u00eb ndryshimin e popullsis\u00eb n\u00eb dy dekadat e fundit. Arsyeja kryesore p\u00ebr r\u00ebnien e popullsis\u00eb n\u00eb dy Censet e fundit ishte emigrimi n\u00eb shkall\u00eb t\u00eb gjer\u00eb i qytetar\u00ebve shqiptar\u00eb. N\u00eb Shqip\u00ebri, ashtu si edhe n\u00eb vende t\u00eb tjera, migrimi p\u00ebrfshin ve\u00e7an\u00ebrisht t\u00eb rinjt\u00eb, t\u00eb cil\u00ebt migrojn\u00eb p\u00ebr arsye pun\u00ebsimi, mund\u00ebsi arsimimi dhe arsye familjare.<strong>\/Monitor<\/strong><\/p>\n<p><strong>Nga Gazeta Shqip<\/strong><\/p>\n","protected":false},"excerpt":{"rendered":"<p>Sa shqiptar\u00eb jetojn\u00eb jasht\u00eb vendit\/ INSTAT: 47 mij\u00eb emigruan m\u00eb 2019, ose gati 130 persona n\u00eb dit\u00eb. 21 DHJETOR 2020 Gjat\u00eb vitit 2019, m\u00eb shum\u00eb se 47 mij\u00eb persona jan\u00eb larguar nga vendi n\u00eb emigrim, raportoi INSTAT. Numri i emigrant\u00ebve t\u00eb rinj e zgjeroi diaspor\u00ebn shqiptare me 2.6% vet\u00ebm n\u00eb nj\u00eb vit, teksa totali i [&hellip;]<\/p>\n","protected":false},"author":9,"featured_media":42118,"comment_status":"open","ping_status":"open","sticky":false,"template":"","format":"standard","meta":{"jetpack_post_was_ever_published":false,"_jetpack_newsletter_access":"","_jetpack_dont_email_post_to_subs":false,"_jetpack_newsletter_tier_id":0,"_jetpack_memberships_contains_paywalled_content":false,"_jetpack_memberships_contains_paid_content":false,"footnotes":"","jetpack_publicize_message":"","jetpack_publicize_feature_enabled":true,"jetpack_social_post_already_shared":true,"jetpack_social_options":{"image_generator_settings":{"template":"highway","default_image_id":0,"font":"","enabled":false},"version":2}},"categories":[27,1,2],"tags":[],"class_list":["post-42117","post","type-post","status-publish","format-standard","has-post-thumbnail","hentry","category-blogu-i-udhetarit","category-njoftime-shtypi","category-politika"],"jetpack_publicize_connections":[],"jetpack_featured_media_url":"https:\/\/i0.wp.com\/www.shqiperia.com\/blog\/wp-content\/uploads\/2020\/12\/640-0-5fe05b05860ac.jpg?fit=640%2C360&ssl=1","jetpack_sharing_enabled":true,"jetpack_shortlink":"https:\/\/wp.me\/p5Z6wp-aXj","jetpack-related-posts":[{"id":72431,"url":"https:\/\/www.shqiperia.com\/blog\/raporti-emigrimi-femijet-shqiptare-te-lindur-jashte-sa-56-e-lindjeve-brenda-vendit\/","url_meta":{"origin":42117,"position":0},"title":"RAPORTI: &#8211; Emigrimi, f\u00ebmij\u00ebt shqiptar\u00eb t\u00eb lindur jasht\u00eb, sa 56% e lindjeve brenda vendit","author":"Kurt Farka","date":"June 26, 2023","format":false,"excerpt":"25 Qershor 2023 Popullata shqiptare jasht\u00eb vendit \u00ebsht\u00eb rritur me ritme t\u00eb shpejta n\u00eb tre dekadat e fundit prej emigracionit t\u00eb lart\u00eb. Teksa popullsia brenda vendit po tkurret me ritme t\u00eb shpejta, stoku i shqiptar\u00ebve jasht\u00eb vendit ka p\u00ebsuar lindje t\u00eb fort\u00eb. Nj\u00eb studim i Organizat\u00ebs Nd\u00ebrkomb\u00ebtar\u00eb p\u00ebr Emigracionin, pjes\u00eb\u2026","rel":"","context":"In &quot;Blogu i Udh\u00ebtarit&quot;","block_context":{"text":"Blogu i Udh\u00ebtarit","link":"https:\/\/www.shqiperia.com\/blog\/category\/blogu-i-udhetarit\/"},"img":{"alt_text":"","src":"https:\/\/i0.wp.com\/www.shqiperia.com\/blog\/wp-content\/uploads\/2023\/06\/femije.png?fit=847%2C643&ssl=1&resize=350%2C200","width":350,"height":200,"srcset":"https:\/\/i0.wp.com\/www.shqiperia.com\/blog\/wp-content\/uploads\/2023\/06\/femije.png?fit=847%2C643&ssl=1&resize=350%2C200 1x, https:\/\/i0.wp.com\/www.shqiperia.com\/blog\/wp-content\/uploads\/2023\/06\/femije.png?fit=847%2C643&ssl=1&resize=525%2C300 1.5x, https:\/\/i0.wp.com\/www.shqiperia.com\/blog\/wp-content\/uploads\/2023\/06\/femije.png?fit=847%2C643&ssl=1&resize=700%2C400 2x"},"classes":[]},{"id":15027,"url":"https:\/\/www.shqiperia.com\/blog\/ja-sa-shqiptare-kane-emigruar-nga-2011-2017-baras-me-zbrazjen-e-ketyre-dy-qyteteve\/","url_meta":{"origin":42117,"position":1},"title":"Ja sa shqiptar\u00eb kan\u00eb emigruar nga 2011-2017, baras me zbrazjen e k\u00ebtyre dy qyteteve. &#8211;","author":"Kurt Farka","date":"December 20, 2018","format":false,"excerpt":"Ja sa shqiptar\u00eb kan\u00eb emigruar nga 2011-2017, baras me zbrazjen e k\u00ebtyre dy qyteteve. - 20 dhjetor 2018 Jan\u00eb rreth 1.6 milion\u00eb individ\u00eb q\u00eb jetojn\u00eb jasht\u00eb territorit t\u00eb Shqip\u00ebris\u00eb, deri n\u00eb janar 2018, sipas t\u00eb dh\u00ebnave t\u00eb Diaspor\u00ebs, nj\u00eb publikim i ri i INSTAT. Nga k\u00ebta 825 mij\u00eb individ\u00eb (gati\u2026","rel":"","context":"In &quot;Blogu i Udh\u00ebtarit&quot;","block_context":{"text":"Blogu i Udh\u00ebtarit","link":"https:\/\/www.shqiperia.com\/blog\/category\/blogu-i-udhetarit\/"},"img":{"alt_text":"","src":"https:\/\/i0.wp.com\/www.shqiperia.com\/blog\/wp-content\/uploads\/2018\/12\/valixhe.jpg?fit=852%2C480&ssl=1&resize=350%2C200","width":350,"height":200,"srcset":"https:\/\/i0.wp.com\/www.shqiperia.com\/blog\/wp-content\/uploads\/2018\/12\/valixhe.jpg?fit=852%2C480&ssl=1&resize=350%2C200 1x, https:\/\/i0.wp.com\/www.shqiperia.com\/blog\/wp-content\/uploads\/2018\/12\/valixhe.jpg?fit=852%2C480&ssl=1&resize=525%2C300 1.5x, https:\/\/i0.wp.com\/www.shqiperia.com\/blog\/wp-content\/uploads\/2018\/12\/valixhe.jpg?fit=852%2C480&ssl=1&resize=700%2C400 2x"},"classes":[]},{"id":16389,"url":"https:\/\/www.shqiperia.com\/blog\/ne-11-muaj-te-2018-mbi-200-mije-te-ikur-jashte-nuk-u-kthyen\/","url_meta":{"origin":42117,"position":2},"title":"N\u00eb 11 muaj t\u00eb 2018, mbi 200 mij\u00eb t\u00eb ikur jasht\u00eb nuk u kthyen. &#8211;","author":"Kurt Farka","date":"January 19, 2019","format":false,"excerpt":"N\u00eb 11 muaj t\u00eb 2018, mbi 200 mij\u00eb t\u00eb ikur jasht\u00eb nuk u kthyen. - Nga janari n\u00eb n\u00ebntor t\u00eb vitit 2018, diferenca nd\u00ebrmjet shqiptar\u00ebve q\u00eb kan\u00eb udh\u00ebtuar jasht\u00eb vendit ka qen\u00eb shum\u00eb e lart\u00eb n\u00eb raport me kthimet, duke sinjalizuar se Shqip\u00ebria po zbrazet p\u00ebrdit\u00eb prej emigracionit masiv, teksa\u2026","rel":"","context":"In &quot;Blogu i Udh\u00ebtarit&quot;","block_context":{"text":"Blogu i Udh\u00ebtarit","link":"https:\/\/www.shqiperia.com\/blog\/category\/blogu-i-udhetarit\/"},"img":{"alt_text":"","src":"https:\/\/i0.wp.com\/www.shqiperia.com\/blog\/wp-content\/uploads\/2019\/01\/safe_image.php_-2.jpg?fit=540%2C281&ssl=1&resize=350%2C200","width":350,"height":200,"srcset":"https:\/\/i0.wp.com\/www.shqiperia.com\/blog\/wp-content\/uploads\/2019\/01\/safe_image.php_-2.jpg?fit=540%2C281&ssl=1&resize=350%2C200 1x, https:\/\/i0.wp.com\/www.shqiperia.com\/blog\/wp-content\/uploads\/2019\/01\/safe_image.php_-2.jpg?fit=540%2C281&ssl=1&resize=525%2C300 1.5x"},"classes":[]},{"id":80163,"url":"https:\/\/www.shqiperia.com\/blog\/renia-e-bujqesise-dhe-industrise-rrezikon-54-te-te-punesuarve-ne-vend-ne-sektorin-privat\/","url_meta":{"origin":42117,"position":3},"title":"R\u00ebnia e bujq\u00ebsis\u00eb dhe industris\u00eb rrezikon 54% t\u00eb t\u00eb pun\u00ebsuarve n\u00eb vend n\u00eb sektorin privat!","author":"Kurt Farka","date":"April 16, 2024","format":false,"excerpt":"16 Prill 2024 Industria dhe bujq\u00ebsia jan\u00eb dy sektor\u00ebt q\u00eb kan\u00eb sh\u00ebnuar ecurin\u00eb m\u00eb negative gjat\u00eb vitit q\u00eb sapo lam\u00eb pas. INSTAT raporti n\u00eb t\u00eb dh\u00ebnat e Prodhimit t\u00eb Brendsh\u00ebm Bruto se industria n\u00eb total ra me 0.69% n\u00eb vitin 2023, n\u00eb raport me 2022, nd\u00ebrsa vet\u00ebm industria p\u00ebrpunuese u\u2026","rel":"","context":"In &quot;Blogu i Udh\u00ebtarit&quot;","block_context":{"text":"Blogu i Udh\u00ebtarit","link":"https:\/\/www.shqiperia.com\/blog\/category\/blogu-i-udhetarit\/"},"img":{"alt_text":"","src":"https:\/\/i0.wp.com\/www.shqiperia.com\/blog\/wp-content\/uploads\/2024\/04\/bujqesia-e1589620332631-750x433-1.jpeg?fit=750%2C433&ssl=1&resize=350%2C200","width":350,"height":200,"srcset":"https:\/\/i0.wp.com\/www.shqiperia.com\/blog\/wp-content\/uploads\/2024\/04\/bujqesia-e1589620332631-750x433-1.jpeg?fit=750%2C433&ssl=1&resize=350%2C200 1x, https:\/\/i0.wp.com\/www.shqiperia.com\/blog\/wp-content\/uploads\/2024\/04\/bujqesia-e1589620332631-750x433-1.jpeg?fit=750%2C433&ssl=1&resize=525%2C300 1.5x, https:\/\/i0.wp.com\/www.shqiperia.com\/blog\/wp-content\/uploads\/2024\/04\/bujqesia-e1589620332631-750x433-1.jpeg?fit=750%2C433&ssl=1&resize=700%2C400 2x"},"classes":[]},{"id":68425,"url":"https:\/\/www.shqiperia.com\/blog\/emigracioni-masiv-shqiptaret-perbejne-popullsine-e-nente-me-te-madhe-ne-be-nga-e-gjithe-bota-konkurrojme-me-indine\/","url_meta":{"origin":42117,"position":4},"title":"Emigracioni masiv: &#8211; Shqiptar\u00ebt p\u00ebrb\u00ebjn\u00eb popullsin\u00eb e n\u00ebnt\u00eb m\u00eb t\u00eb madhe n\u00eb BE nga e gjith\u00eb bota, \u201ckonkurrojm\u00eb\u201d me Indin\u00eb","author":"Kurt Farka","date":"February 21, 2023","format":false,"excerpt":"31 Shkurt 2023 Ndon\u00ebse \u00ebsht\u00eb nj\u00eb nga shtetet q\u00eb ka nj\u00eb popullsi t\u00eb vog\u00ebl, shtetasit shqiptar\u00eb po z\u00ebn\u00eb nj\u00eb pesh\u00eb t\u00eb r\u00ebnd\u00ebsishme n\u00eb vendet e Bashkimit Europian. Sipas nj\u00eb raporti t\u00eb fundit t\u00eb INSTAT, shqiptar\u00ebt renditen t\u00eb n\u00ebntit n\u00eb Europ\u00eb n\u00eb list\u00ebn e qytetar\u00ebve t\u00eb jo-BE-s\u00eb, q\u00eb jetojn\u00eb n\u00eb nj\u00eb\u2026","rel":"","context":"In &quot;Blogu i Udh\u00ebtarit&quot;","block_context":{"text":"Blogu i Udh\u00ebtarit","link":"https:\/\/www.shqiperia.com\/blog\/category\/blogu-i-udhetarit\/"},"img":{"alt_text":"","src":"https:\/\/i0.wp.com\/www.shqiperia.com\/blog\/wp-content\/uploads\/2023\/02\/326243484_3467949333521756_8844083829613685499_n.jpg?fit=650%2C366&ssl=1&resize=350%2C200","width":350,"height":200,"srcset":"https:\/\/i0.wp.com\/www.shqiperia.com\/blog\/wp-content\/uploads\/2023\/02\/326243484_3467949333521756_8844083829613685499_n.jpg?fit=650%2C366&ssl=1&resize=350%2C200 1x, https:\/\/i0.wp.com\/www.shqiperia.com\/blog\/wp-content\/uploads\/2023\/02\/326243484_3467949333521756_8844083829613685499_n.jpg?fit=650%2C366&ssl=1&resize=525%2C300 1.5x"},"classes":[]},{"id":40946,"url":"https:\/\/www.shqiperia.com\/blog\/tirana-ka-humbur-10-perqind-te-familjeve-shkodra-fieri-dhe-durresi-te-parat-per-emigracion-cfare-tregon-nje-ankete-e-instat-per-largimet-nga-vendi\/","url_meta":{"origin":42117,"position":5},"title":"Tirana ka humbur 10 p\u00ebrqind t\u00eb familjeve, Shkodra, Fieri dhe Durr\u00ebsi, t\u00eb parat p\u00ebr emigracion. \u00c7far\u00eb tregon nj\u00eb anket\u00eb e INSTAT p\u00ebr largimet nga vendi","author":"Kurt Farka","date":"November 18, 2020","format":false,"excerpt":"Tirana ka humbur 10 p\u00ebrqind t\u00eb familjeve, Shkodra, Fieri dhe Durr\u00ebsi, t\u00eb parat p\u00ebr emigracion. \u00c7far\u00eb tregon nj\u00eb anket\u00eb e INSTAT p\u00ebr largimet nga vendi Nentor 2020 Shqip\u00ebria \u00ebsht\u00eb duke p\u00ebrjetuar zhvillime alarmante n\u00eb humbjen e popullsis\u00eb, p\u00ebr shkak t\u00eb emigracionit t\u00eb lart\u00eb. Edhe pas tri dekadash nga ndryshimi i\u2026","rel":"","context":"In &quot;Blogu i Udh\u00ebtarit&quot;","block_context":{"text":"Blogu i Udh\u00ebtarit","link":"https:\/\/www.shqiperia.com\/blog\/category\/blogu-i-udhetarit\/"},"img":{"alt_text":"","src":"https:\/\/i0.wp.com\/www.shqiperia.com\/blog\/wp-content\/uploads\/2020\/11\/c21708f8-c291-41e1-a33e-033857940aec-770x433-1.jpg?fit=770%2C433&ssl=1&resize=350%2C200","width":350,"height":200,"srcset":"https:\/\/i0.wp.com\/www.shqiperia.com\/blog\/wp-content\/uploads\/2020\/11\/c21708f8-c291-41e1-a33e-033857940aec-770x433-1.jpg?fit=770%2C433&ssl=1&resize=350%2C200 1x, https:\/\/i0.wp.com\/www.shqiperia.com\/blog\/wp-content\/uploads\/2020\/11\/c21708f8-c291-41e1-a33e-033857940aec-770x433-1.jpg?fit=770%2C433&ssl=1&resize=525%2C300 1.5x, https:\/\/i0.wp.com\/www.shqiperia.com\/blog\/wp-content\/uploads\/2020\/11\/c21708f8-c291-41e1-a33e-033857940aec-770x433-1.jpg?fit=770%2C433&ssl=1&resize=700%2C400 2x"},"classes":[]}],"_links":{"self":[{"href":"https:\/\/www.shqiperia.com\/blog\/wp-json\/wp\/v2\/posts\/42117","targetHints":{"allow":["GET"]}}],"collection":[{"href":"https:\/\/www.shqiperia.com\/blog\/wp-json\/wp\/v2\/posts"}],"about":[{"href":"https:\/\/www.shqiperia.com\/blog\/wp-json\/wp\/v2\/types\/post"}],"author":[{"embeddable":true,"href":"https:\/\/www.shqiperia.com\/blog\/wp-json\/wp\/v2\/users\/9"}],"replies":[{"embeddable":true,"href":"https:\/\/www.shqiperia.com\/blog\/wp-json\/wp\/v2\/comments?post=42117"}],"version-history":[{"count":1,"href":"https:\/\/www.shqiperia.com\/blog\/wp-json\/wp\/v2\/posts\/42117\/revisions"}],"predecessor-version":[{"id":42119,"href":"https:\/\/www.shqiperia.com\/blog\/wp-json\/wp\/v2\/posts\/42117\/revisions\/42119"}],"wp:featuredmedia":[{"embeddable":true,"href":"https:\/\/www.shqiperia.com\/blog\/wp-json\/wp\/v2\/media\/42118"}],"wp:attachment":[{"href":"https:\/\/www.shqiperia.com\/blog\/wp-json\/wp\/v2\/media?parent=42117"}],"wp:term":[{"taxonomy":"category","embeddable":true,"href":"https:\/\/www.shqiperia.com\/blog\/wp-json\/wp\/v2\/categories?post=42117"},{"taxonomy":"post_tag","embeddable":true,"href":"https:\/\/www.shqiperia.com\/blog\/wp-json\/wp\/v2\/tags?post=42117"}],"curies":[{"name":"wp","href":"https:\/\/api.w.org\/{rel}","templated":true}]}}