{"id":42114,"date":"2020-12-21T09:23:48","date_gmt":"2020-12-21T09:23:48","guid":{"rendered":"https:\/\/www.shqiperia.com\/blog\/?p=42114"},"modified":"2020-12-21T09:23:48","modified_gmt":"2020-12-21T09:23:48","slug":"prifterinjte-hyjne-ne-repartet-covid-per-tu-dhene-kuraje-te-semureve","status":"publish","type":"post","link":"https:\/\/www.shqiperia.com\/blog\/prifterinjte-hyjne-ne-repartet-covid-per-tu-dhene-kuraje-te-semureve\/","title":{"rendered":"Prift\u00ebrinjt\u00eb hyjn\u00eb n\u00eb repartet Covid p\u00ebr t\u2019u dh\u00ebn\u00eb kuraj\u00eb t\u00eb s\u00ebmur\u00ebve"},"content":{"rendered":"<p><img data-recalc-dims=\"1\" loading=\"lazy\" decoding=\"async\" data-attachment-id=\"42115\" data-permalink=\"https:\/\/www.shqiperia.com\/blog\/prifterinjte-hyjne-ne-repartet-covid-per-tu-dhene-kuraje-te-semureve\/11fb55bf246850896b728531145aa623\/\" data-orig-file=\"https:\/\/i0.wp.com\/www.shqiperia.com\/blog\/wp-content\/uploads\/2020\/12\/11fb55bf246850896b728531145aa623.jpg?fit=925%2C520&amp;ssl=1\" data-orig-size=\"925,520\" data-comments-opened=\"1\" data-image-meta=\"{&quot;aperture&quot;:&quot;0&quot;,&quot;credit&quot;:&quot;&quot;,&quot;camera&quot;:&quot;&quot;,&quot;caption&quot;:&quot;&quot;,&quot;created_timestamp&quot;:&quot;0&quot;,&quot;copyright&quot;:&quot;&quot;,&quot;focal_length&quot;:&quot;0&quot;,&quot;iso&quot;:&quot;0&quot;,&quot;shutter_speed&quot;:&quot;0&quot;,&quot;title&quot;:&quot;&quot;,&quot;orientation&quot;:&quot;0&quot;}\" data-image-title=\"11fb55bf246850896b728531145aa623\" data-image-description=\"\" data-image-caption=\"\" data-medium-file=\"https:\/\/i0.wp.com\/www.shqiperia.com\/blog\/wp-content\/uploads\/2020\/12\/11fb55bf246850896b728531145aa623.jpg?fit=300%2C169&amp;ssl=1\" data-large-file=\"https:\/\/i0.wp.com\/www.shqiperia.com\/blog\/wp-content\/uploads\/2020\/12\/11fb55bf246850896b728531145aa623.jpg?fit=925%2C520&amp;ssl=1\" class=\"alignnone  wp-image-42115\" alt=\"\" src=\"https:\/\/i0.wp.com\/www.shqiperia.com\/blog\/wp-content\/uploads\/2020\/12\/11fb55bf246850896b728531145aa623.jpg?resize=462%2C260&#038;ssl=1\" width=\"462\" height=\"260\" srcset=\"https:\/\/i0.wp.com\/www.shqiperia.com\/blog\/wp-content\/uploads\/2020\/12\/11fb55bf246850896b728531145aa623.jpg?resize=300%2C169&amp;ssl=1 300w, https:\/\/i0.wp.com\/www.shqiperia.com\/blog\/wp-content\/uploads\/2020\/12\/11fb55bf246850896b728531145aa623.jpg?resize=768%2C432&amp;ssl=1 768w, https:\/\/i0.wp.com\/www.shqiperia.com\/blog\/wp-content\/uploads\/2020\/12\/11fb55bf246850896b728531145aa623.jpg?resize=450%2C253&amp;ssl=1 450w, https:\/\/i0.wp.com\/www.shqiperia.com\/blog\/wp-content\/uploads\/2020\/12\/11fb55bf246850896b728531145aa623.jpg?resize=600%2C337&amp;ssl=1 600w, https:\/\/i0.wp.com\/www.shqiperia.com\/blog\/wp-content\/uploads\/2020\/12\/11fb55bf246850896b728531145aa623.jpg?resize=400%2C225&amp;ssl=1 400w, https:\/\/i0.wp.com\/www.shqiperia.com\/blog\/wp-content\/uploads\/2020\/12\/11fb55bf246850896b728531145aa623.jpg?w=925&amp;ssl=1 925w\" sizes=\"auto, (max-width: 462px) 100vw, 462px\" \/><\/p>\n<p>Prift\u00ebrinjt\u00eb hyjn\u00eb n\u00eb repartet Covid p\u00ebr t\u2019u dh\u00ebn\u00eb kuraj\u00eb t\u00eb s\u00ebmur\u00ebve<\/p>\n<p>20 dhjetor 2020<\/p>\n<p>N\u00eb kishat e kryeqytetit Bullgar \u201cLindja e Krishtit\u201d dhe \u201cSh\u00ebn Joan Rillski\u201d u mbajten mesha p\u00ebr bekimin e vajit e \u00a0p\u00ebr sh\u00ebndetin e t\u00eb s\u00ebmur\u00ebve nga koronavirusi.<\/p>\n<p>Prift\u00ebrinj nga Sofja t\u00eb cil\u00ebt e kaluan s\u00ebmundjen kan\u00eb nd\u00ebrmend q\u00eb nga 20 dhjetori deri m\u00eb 23 dhjetor t\u00eb vizitojn\u00eb repartet Covid n\u00eb spitalet e Sofjes q\u00eb t\u00eb mirosin me vaj t\u00eb shenjt\u00eb dhe t\u00eb sp\u00ebrkasin me uj\u00eb t\u00eb shenjt\u00eb pacient\u00ebt dhe gjith\u00eb stafin mjek\u00ebsor.<\/p>\n<p>Nisma realizohet me bekimin e Patrikut Neofit. Nga Mitropolia e Shenjt\u00eb e Sofjes rikujtojn\u00eb se ky nuk \u00ebsht\u00eb aksioni i par\u00eb bamir\u00ebs i klerit bullgar. Dit\u00ebn e Familjes s\u00eb Krishtere 21 n\u00ebntor, prift\u00ebrinj dhuruan gjak n\u00eb p\u00ebrkrahje t\u00eb mjek\u00ebve n\u00eb luftimin e tyre p\u00ebr shp\u00ebtimin e t\u00eb s\u00ebmur\u00ebve nga Covid-19.<\/p>\n<p>Radio Bullgaria<\/p>\n","protected":false},"excerpt":{"rendered":"<p>Prift\u00ebrinjt\u00eb hyjn\u00eb n\u00eb repartet Covid p\u00ebr t\u2019u dh\u00ebn\u00eb kuraj\u00eb t\u00eb s\u00ebmur\u00ebve 20 dhjetor 2020 N\u00eb kishat e kryeqytetit Bullgar \u201cLindja e Krishtit\u201d dhe \u201cSh\u00ebn Joan Rillski\u201d u mbajten mesha p\u00ebr bekimin e vajit e \u00a0p\u00ebr sh\u00ebndetin e t\u00eb s\u00ebmur\u00ebve nga koronavirusi. Prift\u00ebrinj nga Sofja t\u00eb cil\u00ebt e kaluan s\u00ebmundjen kan\u00eb nd\u00ebrmend q\u00eb nga 20 dhjetori [&hellip;]<\/p>\n","protected":false},"author":9,"featured_media":42115,"comment_status":"open","ping_status":"open","sticky":false,"template":"","format":"standard","meta":{"jetpack_post_was_ever_published":false,"_jetpack_newsletter_access":"","_jetpack_dont_email_post_to_subs":false,"_jetpack_newsletter_tier_id":0,"_jetpack_memberships_contains_paywalled_content":false,"_jetpack_memberships_contains_paid_content":false,"footnotes":"","jetpack_publicize_message":"","jetpack_publicize_feature_enabled":true,"jetpack_social_post_already_shared":true,"jetpack_social_options":{"image_generator_settings":{"template":"highway","default_image_id":0,"font":"","enabled":false},"version":2}},"categories":[27,10,35],"tags":[],"class_list":["post-42114","post","type-post","status-publish","format-standard","has-post-thumbnail","hentry","category-blogu-i-udhetarit","category-kultura","category-shoqerore"],"jetpack_publicize_connections":[],"jetpack_featured_media_url":"https:\/\/i0.wp.com\/www.shqiperia.com\/blog\/wp-content\/uploads\/2020\/12\/11fb55bf246850896b728531145aa623.jpg?fit=925%2C520&ssl=1","jetpack_sharing_enabled":true,"jetpack_shortlink":"https:\/\/wp.me\/p5Z6wp-aXg","jetpack-related-posts":[{"id":43952,"url":"https:\/\/www.shqiperia.com\/blog\/si-ndikon-covid-19-ne-crregullimet-neurologjike\/","url_meta":{"origin":42114,"position":0},"title":"Si ndikon COVID-19 n\u00eb \u00e7rregullimet neurologjike","author":"Kurt Farka","date":"February 9, 2021","format":false,"excerpt":"Si ndikon COVID-19 n\u00eb \u00e7rregullimet neurologjike 8 shkurt 2021 Dr. Sokrat XHAXHO* P\u00ebr t\u00eb trajtuar nj\u00eb s\u00ebmundje, n\u00eb ve\u00e7anti COVID-19, nj\u00eb sfid\u00eb e madhe \u00ebsht\u00eb informimi mbi k\u00ebt\u00eb s\u00ebmundje. Sa m\u00eb tep\u00ebr t\u00eb njohim virusin COVID 19 aq m\u00eb t\u00eb sigurt\u00eb do t\u00eb jemi, ne mjek\u00ebt, vet\u00eb t\u00eb s\u00ebmur\u00ebt si\u2026","rel":"","context":"In &quot;Blogu i Udh\u00ebtarit&quot;","block_context":{"text":"Blogu i Udh\u00ebtarit","link":"https:\/\/www.shqiperia.com\/blog\/category\/blogu-i-udhetarit\/"},"img":{"alt_text":"","src":"https:\/\/i0.wp.com\/www.shqiperia.com\/blog\/wp-content\/uploads\/2021\/02\/manifestimet-neurologjike-COVID-19.jpg?fit=800%2C450&ssl=1&resize=350%2C200","width":350,"height":200,"srcset":"https:\/\/i0.wp.com\/www.shqiperia.com\/blog\/wp-content\/uploads\/2021\/02\/manifestimet-neurologjike-COVID-19.jpg?fit=800%2C450&ssl=1&resize=350%2C200 1x, https:\/\/i0.wp.com\/www.shqiperia.com\/blog\/wp-content\/uploads\/2021\/02\/manifestimet-neurologjike-COVID-19.jpg?fit=800%2C450&ssl=1&resize=525%2C300 1.5x, https:\/\/i0.wp.com\/www.shqiperia.com\/blog\/wp-content\/uploads\/2021\/02\/manifestimet-neurologjike-COVID-19.jpg?fit=800%2C450&ssl=1&resize=700%2C400 2x"},"classes":[]},{"id":54155,"url":"https:\/\/www.shqiperia.com\/blog\/ora-investigim-skandali-ne-qsut-kompania-klp-mori-74-mld-leke-te-semureve-u-shperndahet-supa-me-qese\/","url_meta":{"origin":42114,"position":1},"title":"Ora Investigim\/.Skandali n\u00eb QSUT, kompania KLP mori 7,4 mld lek\u00eb, t\u00eb s\u00ebmur\u00ebve u shp\u00ebrndahet supa me qese","author":"Kurt Farka","date":"February 17, 2022","format":false,"excerpt":"Ora Investigim\/.Skandali n\u00eb QSUT, kompania KLP mori 7,4 mld lek\u00eb, t\u00eb s\u00ebmur\u00ebve u shp\u00ebrndahet supa me qese Nga Alketa \u00c7eku 15 Shkurt 202212 \u00cbsht\u00eb cil\u00ebsuar\u00a0 si tenderi me vler\u00eb m\u00eb t\u00eb lart\u00eb i dh\u00ebn\u00eb\u00a0 n\u00eb\u00a0 sektorin e sh\u00ebndet\u00ebsis\u00eb ai i sh\u00ebrbimit t\u00eb gatimit dhe shp\u00ebrndarjes s\u00eb ushqimit p\u00ebr Qendr\u00ebn Spitalore\u2026","rel":"","context":"In &quot;Blogu i Udh\u00ebtarit&quot;","block_context":{"text":"Blogu i Udh\u00ebtarit","link":"https:\/\/www.shqiperia.com\/blog\/category\/blogu-i-udhetarit\/"},"img":{"alt_text":"","src":"https:\/\/i0.wp.com\/www.shqiperia.com\/blog\/wp-content\/uploads\/2022\/02\/640-0-673fae73d030ff24f7e513bd7b48af24.jpg?fit=615%2C319&ssl=1&resize=350%2C200","width":350,"height":200,"srcset":"https:\/\/i0.wp.com\/www.shqiperia.com\/blog\/wp-content\/uploads\/2022\/02\/640-0-673fae73d030ff24f7e513bd7b48af24.jpg?fit=615%2C319&ssl=1&resize=350%2C200 1x, https:\/\/i0.wp.com\/www.shqiperia.com\/blog\/wp-content\/uploads\/2022\/02\/640-0-673fae73d030ff24f7e513bd7b48af24.jpg?fit=615%2C319&ssl=1&resize=525%2C300 1.5x"},"classes":[]},{"id":88290,"url":"https:\/\/www.shqiperia.com\/blog\/vatikani-i-hap-driten-jeshile-homsekualeve-qe-duan-te-behen-prifterinj\/","url_meta":{"origin":42114,"position":2},"title":"Vatikani i hap drit\u00ebn jeshile hom*sek*ual\u00ebve q\u00eb duan t\u00eb b\u00ebhen prift\u00ebrinj","author":"Kurt Farka","date":"January 12, 2025","format":false,"excerpt":"12 Janar 2025 Vatikani u ka hapur drit\u00ebn jeshile homoseksual\u00ebve q\u00eb duan t\u00eb b\u00ebhen prift\u00ebrinj, p\u00ebr aq koh\u00eb sa ata mbeten beqar\u00eb, shkruan news.sky,com N\u00eb nj\u00eb regullore t\u00eb papritur t\u00eb Kish\u00ebs Katolike, peshkop\u00ebt italian\u00eb do t\u00eb lejojn\u00eb homoseksual\u00ebt t\u00eb hyjn\u00eb n\u00eb seminare. Megjith\u00ebse Vatikani nuk i kishte ndaluar n\u00eb m\u00ebnyr\u00eb\u2026","rel":"","context":"In &quot;Blogu i Udh\u00ebtarit&quot;","block_context":{"text":"Blogu i Udh\u00ebtarit","link":"https:\/\/www.shqiperia.com\/blog\/category\/blogu-i-udhetarit\/"},"img":{"alt_text":"","src":"https:\/\/i0.wp.com\/www.shqiperia.com\/blog\/wp-content\/uploads\/2025\/01\/1569420285_vatikani.jpg?fit=780%2C440&ssl=1&resize=350%2C200","width":350,"height":200,"srcset":"https:\/\/i0.wp.com\/www.shqiperia.com\/blog\/wp-content\/uploads\/2025\/01\/1569420285_vatikani.jpg?fit=780%2C440&ssl=1&resize=350%2C200 1x, https:\/\/i0.wp.com\/www.shqiperia.com\/blog\/wp-content\/uploads\/2025\/01\/1569420285_vatikani.jpg?fit=780%2C440&ssl=1&resize=525%2C300 1.5x, https:\/\/i0.wp.com\/www.shqiperia.com\/blog\/wp-content\/uploads\/2025\/01\/1569420285_vatikani.jpg?fit=780%2C440&ssl=1&resize=700%2C400 2x"},"classes":[]},{"id":51919,"url":"https:\/\/www.shqiperia.com\/blog\/gjermani-situate-alarmante-ne-spitale-kapaciteti-ne-kujdesin-intensiv-ne-nivel-kritik\/","url_meta":{"origin":42114,"position":3},"title":"Gjermani: &#8211; \u00a0Situat\u00eb alarmante n\u00eb spitale kapaciteti n\u00eb kujdesin intensiv n\u00eb nivel kritik","author":"Kurt Farka","date":"December 2, 2021","format":false,"excerpt":"Gjermani: - \u00a0Situat\u00eb alarmante n\u00eb spitale kapaciteti n\u00eb kujdesin intensiv n\u00eb nivel kritik 2 DHJETOR 2021 Situata me COVID-19 n\u00eb Gjermani \u00ebsht\u00eb m\u00eb e r\u00ebnda q\u00eb nga fillimi i pandemis\u00eb vitin e kaluar, paralajm\u00ebroi sot shoqata DIVI e vendit p\u00ebr mjek\u00ebsin\u00eb urgjente. N\u00ebse shifrat vazhdojn\u00eb t\u00eb rriten me k\u00ebt\u00eb intensitet,\u2026","rel":"","context":"In &quot;Blogu i Udh\u00ebtarit&quot;","block_context":{"text":"Blogu i Udh\u00ebtarit","link":"https:\/\/www.shqiperia.com\/blog\/category\/blogu-i-udhetarit\/"},"img":{"alt_text":"","src":"https:\/\/i0.wp.com\/www.shqiperia.com\/blog\/wp-content\/uploads\/2021\/12\/640-0-61a8225208d34.jpg?fit=640%2C360&ssl=1&resize=350%2C200","width":350,"height":200,"srcset":"https:\/\/i0.wp.com\/www.shqiperia.com\/blog\/wp-content\/uploads\/2021\/12\/640-0-61a8225208d34.jpg?fit=640%2C360&ssl=1&resize=350%2C200 1x, https:\/\/i0.wp.com\/www.shqiperia.com\/blog\/wp-content\/uploads\/2021\/12\/640-0-61a8225208d34.jpg?fit=640%2C360&ssl=1&resize=525%2C300 1.5x"},"classes":[]},{"id":35982,"url":"https:\/\/www.shqiperia.com\/blog\/mjekut-arjan-pushi-i-ndaluan-mushkerite-mund-te-shpetonte-por-shqiperia-ska-aparaturen\/","url_meta":{"origin":42114,"position":4},"title":"Mjekut Arjan Pushi i ndaluan mushk\u00ebrit\u00eb, mund t\u00eb shp\u00ebtonte por Shqip\u00ebria s`ka aparatur\u00ebn","author":"Kurt Farka","date":"July 1, 2020","format":false,"excerpt":"Mjekut Arjan Pushi i ndaluan mushk\u00ebrit\u00eb, mund t\u00eb shp\u00ebtonte por Shqip\u00ebria s`ka aparatur\u00ebn 1 korrik 2020 Shefi i Kardiokirurgjis\u00eb n\u00eb QSUT, Edvin Prifti ka folur per situaten e koronavirusit ne vend por edhe per vdekjen e doktorit Arjan Pushi. Ai ka treguar se Shqiperia nuk e disponon ate pajisje qe\u2026","rel":"","context":"In &quot;Blogu i Udh\u00ebtarit&quot;","block_context":{"text":"Blogu i Udh\u00ebtarit","link":"https:\/\/www.shqiperia.com\/blog\/category\/blogu-i-udhetarit\/"},"img":{"alt_text":"","src":"https:\/\/i0.wp.com\/www.shqiperia.com\/blog\/wp-content\/uploads\/2020\/07\/mjeku-Arjan-Push.jpg?fit=750%2C430&ssl=1&resize=350%2C200","width":350,"height":200,"srcset":"https:\/\/i0.wp.com\/www.shqiperia.com\/blog\/wp-content\/uploads\/2020\/07\/mjeku-Arjan-Push.jpg?fit=750%2C430&ssl=1&resize=350%2C200 1x, https:\/\/i0.wp.com\/www.shqiperia.com\/blog\/wp-content\/uploads\/2020\/07\/mjeku-Arjan-Push.jpg?fit=750%2C430&ssl=1&resize=525%2C300 1.5x, https:\/\/i0.wp.com\/www.shqiperia.com\/blog\/wp-content\/uploads\/2020\/07\/mjeku-Arjan-Push.jpg?fit=750%2C430&ssl=1&resize=700%2C400 2x"},"classes":[]},{"id":44640,"url":"https:\/\/www.shqiperia.com\/blog\/oborret-e-spitaleve-covid-jane-plot-me-familjare-qe-vrapojne-zeri-i-amerikes-analizon-situaten-e-pandemise-ne-shqiperi\/","url_meta":{"origin":42114,"position":5},"title":"\u201cOborret e spitaleve Covid jan\u00eb plot me familjar\u00eb q\u00eb vrapojn\u00eb\u2026\u201d! Z\u00ebri i Amerik\u00ebs analizon situat\u00ebn e pandemis\u00eb n\u00eb Shqip\u00ebri","author":"Kurt Farka","date":"February 25, 2021","format":false,"excerpt":"\u201cOborret e spitaleve Covid jan\u00eb plot me familjar\u00eb q\u00eb vrapojn\u00eb\u2026\u201d! Z\u00ebri i Amerik\u00ebs analizon situat\u00ebn e pandemis\u00eb n\u00eb Shqip\u00ebri 25 shkurt 2021 N\u00eb 24 or\u00ebt e fundit humb\u00ebn jet\u00ebn 21 pacient\u00eb dhe u zbuluan 986 infektime t\u00eb reja. N\u00eb spitalet Covid po mjekohen 628 pacient\u00eb, nga t\u00eb cil\u00ebt 46 n\u00eb\u2026","rel":"","context":"In &quot;Blogu i Udh\u00ebtarit&quot;","block_context":{"text":"Blogu i Udh\u00ebtarit","link":"https:\/\/www.shqiperia.com\/blog\/category\/blogu-i-udhetarit\/"},"img":{"alt_text":"","src":"https:\/\/i0.wp.com\/www.shqiperia.com\/blog\/wp-content\/uploads\/2021\/02\/shefqet-ndroqi.jpg?fit=1200%2C675&ssl=1&resize=350%2C200","width":350,"height":200,"srcset":"https:\/\/i0.wp.com\/www.shqiperia.com\/blog\/wp-content\/uploads\/2021\/02\/shefqet-ndroqi.jpg?fit=1200%2C675&ssl=1&resize=350%2C200 1x, https:\/\/i0.wp.com\/www.shqiperia.com\/blog\/wp-content\/uploads\/2021\/02\/shefqet-ndroqi.jpg?fit=1200%2C675&ssl=1&resize=525%2C300 1.5x, https:\/\/i0.wp.com\/www.shqiperia.com\/blog\/wp-content\/uploads\/2021\/02\/shefqet-ndroqi.jpg?fit=1200%2C675&ssl=1&resize=700%2C400 2x, https:\/\/i0.wp.com\/www.shqiperia.com\/blog\/wp-content\/uploads\/2021\/02\/shefqet-ndroqi.jpg?fit=1200%2C675&ssl=1&resize=1050%2C600 3x"},"classes":[]}],"_links":{"self":[{"href":"https:\/\/www.shqiperia.com\/blog\/wp-json\/wp\/v2\/posts\/42114","targetHints":{"allow":["GET"]}}],"collection":[{"href":"https:\/\/www.shqiperia.com\/blog\/wp-json\/wp\/v2\/posts"}],"about":[{"href":"https:\/\/www.shqiperia.com\/blog\/wp-json\/wp\/v2\/types\/post"}],"author":[{"embeddable":true,"href":"https:\/\/www.shqiperia.com\/blog\/wp-json\/wp\/v2\/users\/9"}],"replies":[{"embeddable":true,"href":"https:\/\/www.shqiperia.com\/blog\/wp-json\/wp\/v2\/comments?post=42114"}],"version-history":[{"count":1,"href":"https:\/\/www.shqiperia.com\/blog\/wp-json\/wp\/v2\/posts\/42114\/revisions"}],"predecessor-version":[{"id":42116,"href":"https:\/\/www.shqiperia.com\/blog\/wp-json\/wp\/v2\/posts\/42114\/revisions\/42116"}],"wp:featuredmedia":[{"embeddable":true,"href":"https:\/\/www.shqiperia.com\/blog\/wp-json\/wp\/v2\/media\/42115"}],"wp:attachment":[{"href":"https:\/\/www.shqiperia.com\/blog\/wp-json\/wp\/v2\/media?parent=42114"}],"wp:term":[{"taxonomy":"category","embeddable":true,"href":"https:\/\/www.shqiperia.com\/blog\/wp-json\/wp\/v2\/categories?post=42114"},{"taxonomy":"post_tag","embeddable":true,"href":"https:\/\/www.shqiperia.com\/blog\/wp-json\/wp\/v2\/tags?post=42114"}],"curies":[{"name":"wp","href":"https:\/\/api.w.org\/{rel}","templated":true}]}}