{"id":42111,"date":"2020-12-20T22:26:48","date_gmt":"2020-12-20T22:26:48","guid":{"rendered":"https:\/\/www.shqiperia.com\/blog\/?p=42111"},"modified":"2020-12-20T22:26:48","modified_gmt":"2020-12-20T22:26:48","slug":"rita-ora-eshte-duke-xhiruar-videoklipin-e-saj-te-ri-ne-bullgari","status":"publish","type":"post","link":"https:\/\/www.shqiperia.com\/blog\/rita-ora-eshte-duke-xhiruar-videoklipin-e-saj-te-ri-ne-bullgari\/","title":{"rendered":"Rita Ora \u00ebsht\u00eb duke xhiruar videoklipin e saj t\u00eb ri n\u00eb Bullgari"},"content":{"rendered":"<p><img data-recalc-dims=\"1\" loading=\"lazy\" decoding=\"async\" data-attachment-id=\"42112\" data-permalink=\"https:\/\/www.shqiperia.com\/blog\/rita-ora-eshte-duke-xhiruar-videoklipin-e-saj-te-ri-ne-bullgari\/f96fe03b31ae0755dc44fe0372236219\/\" data-orig-file=\"https:\/\/i0.wp.com\/www.shqiperia.com\/blog\/wp-content\/uploads\/2020\/12\/f96fe03b31ae0755dc44fe0372236219.jpg?fit=925%2C520&amp;ssl=1\" data-orig-size=\"925,520\" data-comments-opened=\"1\" data-image-meta=\"{&quot;aperture&quot;:&quot;0&quot;,&quot;credit&quot;:&quot;&quot;,&quot;camera&quot;:&quot;&quot;,&quot;caption&quot;:&quot;&quot;,&quot;created_timestamp&quot;:&quot;0&quot;,&quot;copyright&quot;:&quot;&quot;,&quot;focal_length&quot;:&quot;0&quot;,&quot;iso&quot;:&quot;0&quot;,&quot;shutter_speed&quot;:&quot;0&quot;,&quot;title&quot;:&quot;&quot;,&quot;orientation&quot;:&quot;0&quot;}\" data-image-title=\"f96fe03b31ae0755dc44fe0372236219\" data-image-description=\"\" data-image-caption=\"\" data-medium-file=\"https:\/\/i0.wp.com\/www.shqiperia.com\/blog\/wp-content\/uploads\/2020\/12\/f96fe03b31ae0755dc44fe0372236219.jpg?fit=300%2C169&amp;ssl=1\" data-large-file=\"https:\/\/i0.wp.com\/www.shqiperia.com\/blog\/wp-content\/uploads\/2020\/12\/f96fe03b31ae0755dc44fe0372236219.jpg?fit=925%2C520&amp;ssl=1\" class=\"alignnone  wp-image-42112\" alt=\"\" src=\"https:\/\/i0.wp.com\/www.shqiperia.com\/blog\/wp-content\/uploads\/2020\/12\/f96fe03b31ae0755dc44fe0372236219.jpg?resize=659%2C371&#038;ssl=1\" width=\"659\" height=\"371\" srcset=\"https:\/\/i0.wp.com\/www.shqiperia.com\/blog\/wp-content\/uploads\/2020\/12\/f96fe03b31ae0755dc44fe0372236219.jpg?resize=300%2C169&amp;ssl=1 300w, https:\/\/i0.wp.com\/www.shqiperia.com\/blog\/wp-content\/uploads\/2020\/12\/f96fe03b31ae0755dc44fe0372236219.jpg?resize=768%2C432&amp;ssl=1 768w, https:\/\/i0.wp.com\/www.shqiperia.com\/blog\/wp-content\/uploads\/2020\/12\/f96fe03b31ae0755dc44fe0372236219.jpg?resize=450%2C253&amp;ssl=1 450w, https:\/\/i0.wp.com\/www.shqiperia.com\/blog\/wp-content\/uploads\/2020\/12\/f96fe03b31ae0755dc44fe0372236219.jpg?resize=600%2C337&amp;ssl=1 600w, https:\/\/i0.wp.com\/www.shqiperia.com\/blog\/wp-content\/uploads\/2020\/12\/f96fe03b31ae0755dc44fe0372236219.jpg?resize=400%2C225&amp;ssl=1 400w, https:\/\/i0.wp.com\/www.shqiperia.com\/blog\/wp-content\/uploads\/2020\/12\/f96fe03b31ae0755dc44fe0372236219.jpg?w=925&amp;ssl=1 925w\" sizes=\"auto, (max-width: 659px) 100vw, 659px\" \/><\/p>\n<p>Rita Ora \u00ebsht\u00eb duke xhiruar videoklipin e saj t\u00eb ri n\u00eb Bullgari<\/p>\n<p>16 dhjetor 2020<\/p>\n<p>K\u00ebng\u00ebtarja Kosovare me banim ne Britani\u00a0 Rita Ora po xhiron n\u00eb Bullgari nj\u00eb videoklip p\u00ebr sing\u00eblin e saj t\u00eb ri, transmetoi Televizioni Komb\u00ebtar Bullgar.<\/p>\n<p>Rita Ora ka lindur n\u00eb Kosov\u00eb n\u00eb vitin 1990 dhe n\u00eb t\u00eb nj\u00ebjtin vit \u00ebsht\u00eb vendosur me familjen e saj n\u00eb Britanin\u00eb e Madhe. Nd\u00ebr hitet e saj m\u00eb t\u00eb m\u00ebdha jan\u00eb \u201cHot Right Now\u201d.<\/p>\n<p>Rita Ora e ka vizituar Bullgarine edhe n\u00eb vitin 2018, kur edhe dha koncert n\u00eb Varna.<\/p>\n","protected":false},"excerpt":{"rendered":"<p>Rita Ora \u00ebsht\u00eb duke xhiruar videoklipin e saj t\u00eb ri n\u00eb Bullgari 16 dhjetor 2020 K\u00ebng\u00ebtarja Kosovare me banim ne Britani\u00a0 Rita Ora po xhiron n\u00eb Bullgari nj\u00eb videoklip p\u00ebr sing\u00eblin e saj t\u00eb ri, transmetoi Televizioni Komb\u00ebtar Bullgar. Rita Ora ka lindur n\u00eb Kosov\u00eb n\u00eb vitin 1990 dhe n\u00eb t\u00eb nj\u00ebjtin vit \u00ebsht\u00eb vendosur [&hellip;]<\/p>\n","protected":false},"author":9,"featured_media":42112,"comment_status":"open","ping_status":"open","sticky":false,"template":"","format":"standard","meta":{"jetpack_post_was_ever_published":false,"_jetpack_newsletter_access":"","_jetpack_dont_email_post_to_subs":false,"_jetpack_newsletter_tier_id":0,"_jetpack_memberships_contains_paywalled_content":false,"_jetpack_memberships_contains_paid_content":false,"footnotes":"","jetpack_publicize_message":"","jetpack_publicize_feature_enabled":true,"jetpack_social_post_already_shared":true,"jetpack_social_options":{"image_generator_settings":{"template":"highway","default_image_id":0,"font":"","enabled":false},"version":2}},"categories":[10,103,35],"tags":[],"class_list":["post-42111","post","type-post","status-publish","format-standard","has-post-thumbnail","hentry","category-kultura","category-muzika","category-shoqerore"],"jetpack_publicize_connections":[],"jetpack_featured_media_url":"https:\/\/i0.wp.com\/www.shqiperia.com\/blog\/wp-content\/uploads\/2020\/12\/f96fe03b31ae0755dc44fe0372236219.jpg?fit=925%2C520&ssl=1","jetpack_sharing_enabled":true,"jetpack_shortlink":"https:\/\/wp.me\/p5Z6wp-aXd","jetpack-related-posts":[{"id":31301,"url":"https:\/\/www.shqiperia.com\/blog\/gjiganti-nderkombetar-shkruan-per-historine-e-kosoves-ne-intervisten-speciale-me-rita-oren\/","url_meta":{"origin":42111,"position":0},"title":"Gjiganti nd\u00ebrkomb\u00ebtar shkruan p\u00ebr historin\u00eb e Kosov\u00ebs, n\u00eb intervist\u00ebn speciale me Rita Or\u00ebn.","author":"Kurt Farka","date":"February 9, 2020","format":false,"excerpt":"Gjiganti nd\u00ebrkomb\u00ebtar shkruan p\u00ebr historin\u00eb e Kosov\u00ebs, n\u00eb intervist\u00ebn speciale me Rita Or\u00ebn. 7 shkurt 2020 K\u00ebng\u00ebtarja shqiptare me fam\u00eb bot\u00ebrore, Rita Ora, \u00ebsht\u00eb nj\u00eb nga t\u00eb ftuarat p\u00ebr t\u00eb performuar n\u00eb festivalin \u201cEst\u00e9reo Picnic 2020\u201d, n\u00eb Kolumbi. Rita, mbiemri i v\u00ebrtet\u00eb i s\u00eb cil\u00ebs \u00ebsht\u00eb Sahat\u00e7iu ka dh\u00ebn\u00eb s\u00eb\u2026","rel":"","context":"In &quot;Blogu i Udh\u00ebtarit&quot;","block_context":{"text":"Blogu i Udh\u00ebtarit","link":"https:\/\/www.shqiperia.com\/blog\/category\/blogu-i-udhetarit\/"},"img":{"alt_text":"","src":"https:\/\/i0.wp.com\/www.shqiperia.com\/blog\/wp-content\/uploads\/2020\/02\/Rita-Ora.jpeg?fit=905%2C450&ssl=1&resize=350%2C200","width":350,"height":200,"srcset":"https:\/\/i0.wp.com\/www.shqiperia.com\/blog\/wp-content\/uploads\/2020\/02\/Rita-Ora.jpeg?fit=905%2C450&ssl=1&resize=350%2C200 1x, https:\/\/i0.wp.com\/www.shqiperia.com\/blog\/wp-content\/uploads\/2020\/02\/Rita-Ora.jpeg?fit=905%2C450&ssl=1&resize=525%2C300 1.5x, https:\/\/i0.wp.com\/www.shqiperia.com\/blog\/wp-content\/uploads\/2020\/02\/Rita-Ora.jpeg?fit=905%2C450&ssl=1&resize=700%2C400 2x"},"classes":[]},{"id":4586,"url":"https:\/\/www.shqiperia.com\/blog\/rita-ora-nuk-ka-pranuar-qe-te-paguhet-per-koncertin-ne-prishtine\/","url_meta":{"origin":42111,"position":1},"title":"Rita Ora nuk ka pranuar q\u00eb t\u00eb paguhet p\u00ebr koncertin n\u00eb Prishtin\u00eb. &#8211;","author":"Kurt Farka","date":"March 10, 2018","format":false,"excerpt":"Ylli bot\u00ebror, pavar\u00ebsisht agjend\u00ebs s\u00eb ngjeshur n\u00ebp\u00ebr prezantime t\u00eb ndryshme n\u00ebp\u00ebr bot\u00eb, ka rezervuar koh\u00ebn q\u00eb t\u00eb jet\u00eb e pranishme m\u00eb 17 shkurt n\u00eb Prishtin\u00eb, n\u00eb dhjet\u00ebvjetorin e Pavar\u00ebsis\u00eb s\u00eb Kosov\u00ebs, Mir\u00ebpo, p\u00ebrpos q\u00eb ka gjetur koh\u00eb t\u00eb jet\u00eb e pranishme n\u00eb k\u00ebt\u00eb dat\u00eb t\u00eb r\u00ebnd\u00ebsishme, ajo poashtu ka refuzuar\u2026","rel":"","context":"In &quot;Blogu i Udh\u00ebtarit&quot;","block_context":{"text":"Blogu i Udh\u00ebtarit","link":"https:\/\/www.shqiperia.com\/blog\/category\/blogu-i-udhetarit\/"},"img":{"alt_text":"","src":"https:\/\/i0.wp.com\/www.shqiperia.com\/blog\/wp-content\/uploads\/2018\/03\/Rita-Ora-Copy.jpg?fit=640%2C330&ssl=1&resize=350%2C200","width":350,"height":200,"srcset":"https:\/\/i0.wp.com\/www.shqiperia.com\/blog\/wp-content\/uploads\/2018\/03\/Rita-Ora-Copy.jpg?fit=640%2C330&ssl=1&resize=350%2C200 1x, https:\/\/i0.wp.com\/www.shqiperia.com\/blog\/wp-content\/uploads\/2018\/03\/Rita-Ora-Copy.jpg?fit=640%2C330&ssl=1&resize=525%2C300 1.5x"},"classes":[]},{"id":3801,"url":"https:\/\/www.shqiperia.com\/blog\/rita-ora-kendon-cohu-adem-jashari-cohu-po-te-thone-zogjt-e-malit-dhe-bilbilat-ne-brit-awards-krejt-londra-cou-adeeeeeem\/","url_meta":{"origin":42111,"position":2},"title":"Rita Ora k\u00ebndon: \u201c\u00c7ohu Adem (Jashari), \u00e7ohu po te thone zogjt e malit, dhe bilbilat,\u201d n\u00eb Brit Awards \u2013 krejt Londra \u201c\u00c7ou Adeeeeeem \u2026\u201d","author":"Kurt Farka","date":"February 23, 2018","format":false,"excerpt":"\u00a0 Pasi shk\u00eblqeu n\u00eb Prishtin\u00eb duke e vall\u00ebzuar \u201cVallen e Rugov\u00ebs\u201d, k\u00ebng\u00ebtarja m\u00eb e mir\u00eb n\u00eb bot\u00eb q\u00eb \u00ebsht\u00eb shqiptare, Rita Ora, ka performuar sonte edhe n\u00eb ceremonin\u00eb e ndarjes s\u00eb \u00e7mimeve \u201cBrit Awards\u201d. E n\u00eb k\u00ebt\u00eb performanc\u00eb q\u00eb \u00ebsht\u00eb mbajtur n\u00eb Lond\u00ebr, ajo ka b\u00ebr\u00eb at\u00eb q\u00eb askush nuk\u2026","rel":"","context":"In &quot;Kultura&quot;","block_context":{"text":"Kultura","link":"https:\/\/www.shqiperia.com\/blog\/category\/kultura\/"},"img":{"alt_text":"","src":"https:\/\/i0.wp.com\/www.shqiperia.com\/blog\/wp-content\/uploads\/2018\/02\/Rita-Ora.jpg?fit=620%2C372&ssl=1&resize=350%2C200","width":350,"height":200,"srcset":"https:\/\/i0.wp.com\/www.shqiperia.com\/blog\/wp-content\/uploads\/2018\/02\/Rita-Ora.jpg?fit=620%2C372&ssl=1&resize=350%2C200 1x, https:\/\/i0.wp.com\/www.shqiperia.com\/blog\/wp-content\/uploads\/2018\/02\/Rita-Ora.jpg?fit=620%2C372&ssl=1&resize=525%2C300 1.5x"},"classes":[]},{"id":14860,"url":"https:\/\/www.shqiperia.com\/blog\/kavalieri-i-krujes-shfaqet-ne-rome-filmi-i-xhiruar-ne-shqiperi-me-1940\/","url_meta":{"origin":42111,"position":3},"title":"\u201cKavalieri i Kruj\u00ebs\u201d\/ Shfaqet n\u00eb Rom\u00eb filmi i xhiruar n\u00eb Shqip\u00ebri m\u00eb 1940.-","author":"Kurt Farka","date":"December 16, 2018","format":false,"excerpt":"\u201cKavalieri i Kruj\u00ebs\u201d\/ Shfaqet n\u00eb Rom\u00eb filmi i xhiruar n\u00eb Shqip\u00ebri m\u00eb 1940.- Fatmira Nikolli \u2013 N\u00eb Casa del Cinema, n\u00eb nj\u00eb \u2018rassegna\u2019 mbi kineman\u00eb koloniale fashiste shfaqet filmi italian \u2018Il cavaliero di Kruja\u2019, xhiruar n\u00eb Shqip\u00ebri m\u00eb 1940. Roland Sejko thot\u00eb p\u00ebr \u201cGazeta Shqiptare\u201d se e zgjodhi \u201csi nj\u00eb\u2026","rel":"","context":"In &quot;Arte&quot;","block_context":{"text":"Arte","link":"https:\/\/www.shqiperia.com\/blog\/category\/arte\/"},"img":{"alt_text":"","src":"https:\/\/i0.wp.com\/www.shqiperia.com\/blog\/wp-content\/uploads\/2018\/12\/Filmi-Kalorsi-i-Krujes-1940-Copy.jpg?fit=768%2C427&ssl=1&resize=350%2C200","width":350,"height":200,"srcset":"https:\/\/i0.wp.com\/www.shqiperia.com\/blog\/wp-content\/uploads\/2018\/12\/Filmi-Kalorsi-i-Krujes-1940-Copy.jpg?fit=768%2C427&ssl=1&resize=350%2C200 1x, https:\/\/i0.wp.com\/www.shqiperia.com\/blog\/wp-content\/uploads\/2018\/12\/Filmi-Kalorsi-i-Krujes-1940-Copy.jpg?fit=768%2C427&ssl=1&resize=525%2C300 1.5x, https:\/\/i0.wp.com\/www.shqiperia.com\/blog\/wp-content\/uploads\/2018\/12\/Filmi-Kalorsi-i-Krujes-1940-Copy.jpg?fit=768%2C427&ssl=1&resize=700%2C400 2x"},"classes":[]},{"id":8621,"url":"https:\/\/www.shqiperia.com\/blog\/ciftelia-e-rita-ores\/","url_meta":{"origin":42111,"position":4},"title":"\u00c7iftelia e Rita Ores.-","author":"Kurt Farka","date":"June 9, 2018","format":false,"excerpt":"\u00c7iftelia e Rita Ores.- Korrik 2018 Nga: \u00a0NDUE DEDAJ \u2013 \u00c7iftelia nuk \u00ebsht\u00eb mplakur, me gjith\u00eb shekujt q\u00eb mban mbi tela. Ajo nuk i p\u00ebrket vet\u00ebm koleksionit t\u00eb veglave muzikore t\u00eb tradit\u00ebs, por \u00ebsht\u00eb nj\u00eb objekt i p\u00ebrzgjedhur p\u00ebr dhurim artist\u00ebve t\u00eb shquar e m\u00eb tej nj\u00eb atraksion turistik i\u2026","rel":"","context":"In &quot;Blogu i Udh\u00ebtarit&quot;","block_context":{"text":"Blogu i Udh\u00ebtarit","link":"https:\/\/www.shqiperia.com\/blog\/category\/blogu-i-udhetarit\/"},"img":{"alt_text":"","src":"https:\/\/i0.wp.com\/www.shqiperia.com\/blog\/wp-content\/uploads\/2018\/06\/rita-ora-cifteli.jpg?fit=645%2C475&ssl=1&resize=350%2C200","width":350,"height":200,"srcset":"https:\/\/i0.wp.com\/www.shqiperia.com\/blog\/wp-content\/uploads\/2018\/06\/rita-ora-cifteli.jpg?fit=645%2C475&ssl=1&resize=350%2C200 1x, https:\/\/i0.wp.com\/www.shqiperia.com\/blog\/wp-content\/uploads\/2018\/06\/rita-ora-cifteli.jpg?fit=645%2C475&ssl=1&resize=525%2C300 1.5x"},"classes":[]},{"id":70034,"url":"https:\/\/www.shqiperia.com\/blog\/kthehet-ora-pranverore-akrepat-levizin-60-minuta-para\/","url_meta":{"origin":42111,"position":5},"title":"Kthehet ora pranverore, akrepat l\u00ebvizin 60 minuta para","author":"Kurt Farka","date":"March 24, 2023","format":false,"excerpt":"24 Mars 2023 Pra do t\u00eb flini pak m\u00eb pak, por nga ana tjet\u00ebr regjimi i ri do t\u2019ju lejoj\u00eb t\u00eb p\u00ebrfitoni nga rrezet e diellit deri von\u00eb, edhe fal\u00eb zgjatjes s\u00eb dit\u00ebve q\u00eb sjell vera. Ndryshimi i akrepave \u00ebsht\u00eb nj\u00eb proces i unifikuar n\u00eb gjith\u00eb vendet e Evrop\u00ebs. Ndryshimi\u2026","rel":"","context":"In &quot;Blogu i Udh\u00ebtarit&quot;","block_context":{"text":"Blogu i Udh\u00ebtarit","link":"https:\/\/www.shqiperia.com\/blog\/category\/blogu-i-udhetarit\/"},"img":{"alt_text":"","src":"https:\/\/i0.wp.com\/www.shqiperia.com\/blog\/wp-content\/uploads\/2023\/03\/800-0-0e645dd23e04d7b70a266f768ae58cea.jpg?fit=800%2C450&ssl=1&resize=350%2C200","width":350,"height":200,"srcset":"https:\/\/i0.wp.com\/www.shqiperia.com\/blog\/wp-content\/uploads\/2023\/03\/800-0-0e645dd23e04d7b70a266f768ae58cea.jpg?fit=800%2C450&ssl=1&resize=350%2C200 1x, https:\/\/i0.wp.com\/www.shqiperia.com\/blog\/wp-content\/uploads\/2023\/03\/800-0-0e645dd23e04d7b70a266f768ae58cea.jpg?fit=800%2C450&ssl=1&resize=525%2C300 1.5x, https:\/\/i0.wp.com\/www.shqiperia.com\/blog\/wp-content\/uploads\/2023\/03\/800-0-0e645dd23e04d7b70a266f768ae58cea.jpg?fit=800%2C450&ssl=1&resize=700%2C400 2x"},"classes":[]}],"_links":{"self":[{"href":"https:\/\/www.shqiperia.com\/blog\/wp-json\/wp\/v2\/posts\/42111","targetHints":{"allow":["GET"]}}],"collection":[{"href":"https:\/\/www.shqiperia.com\/blog\/wp-json\/wp\/v2\/posts"}],"about":[{"href":"https:\/\/www.shqiperia.com\/blog\/wp-json\/wp\/v2\/types\/post"}],"author":[{"embeddable":true,"href":"https:\/\/www.shqiperia.com\/blog\/wp-json\/wp\/v2\/users\/9"}],"replies":[{"embeddable":true,"href":"https:\/\/www.shqiperia.com\/blog\/wp-json\/wp\/v2\/comments?post=42111"}],"version-history":[{"count":1,"href":"https:\/\/www.shqiperia.com\/blog\/wp-json\/wp\/v2\/posts\/42111\/revisions"}],"predecessor-version":[{"id":42113,"href":"https:\/\/www.shqiperia.com\/blog\/wp-json\/wp\/v2\/posts\/42111\/revisions\/42113"}],"wp:featuredmedia":[{"embeddable":true,"href":"https:\/\/www.shqiperia.com\/blog\/wp-json\/wp\/v2\/media\/42112"}],"wp:attachment":[{"href":"https:\/\/www.shqiperia.com\/blog\/wp-json\/wp\/v2\/media?parent=42111"}],"wp:term":[{"taxonomy":"category","embeddable":true,"href":"https:\/\/www.shqiperia.com\/blog\/wp-json\/wp\/v2\/categories?post=42111"},{"taxonomy":"post_tag","embeddable":true,"href":"https:\/\/www.shqiperia.com\/blog\/wp-json\/wp\/v2\/tags?post=42111"}],"curies":[{"name":"wp","href":"https:\/\/api.w.org\/{rel}","templated":true}]}}