{"id":42107,"date":"2020-12-20T18:05:12","date_gmt":"2020-12-20T18:05:12","guid":{"rendered":"https:\/\/www.shqiperia.com\/blog\/?p=42107"},"modified":"2020-12-20T18:05:12","modified_gmt":"2020-12-20T18:05:12","slug":"serish-proteste-ne-tirane-para-ministrise-se-brendshme-kesaj-here","status":"publish","type":"post","link":"https:\/\/www.shqiperia.com\/blog\/serish-proteste-ne-tirane-para-ministrise-se-brendshme-kesaj-here\/","title":{"rendered":"S\u00ebrish protest\u00eb n\u00eb Tiran\u00eb para ministris\u00eb s\u00eb Brendshme, k\u00ebsaj here&#8230;"},"content":{"rendered":"<p><img data-recalc-dims=\"1\" loading=\"lazy\" decoding=\"async\" data-attachment-id=\"42108\" data-permalink=\"https:\/\/www.shqiperia.com\/blog\/serish-proteste-ne-tirane-para-ministrise-se-brendshme-kesaj-here\/640-0-681408cbe821442fa5d20bac0100c706\/\" data-orig-file=\"https:\/\/i0.wp.com\/www.shqiperia.com\/blog\/wp-content\/uploads\/2020\/12\/640-0-681408cbe821442fa5d20bac0100c706.jpg?fit=640%2C361&amp;ssl=1\" data-orig-size=\"640,361\" data-comments-opened=\"1\" data-image-meta=\"{&quot;aperture&quot;:&quot;0&quot;,&quot;credit&quot;:&quot;&quot;,&quot;camera&quot;:&quot;&quot;,&quot;caption&quot;:&quot;&quot;,&quot;created_timestamp&quot;:&quot;0&quot;,&quot;copyright&quot;:&quot;&quot;,&quot;focal_length&quot;:&quot;0&quot;,&quot;iso&quot;:&quot;0&quot;,&quot;shutter_speed&quot;:&quot;0&quot;,&quot;title&quot;:&quot;&quot;,&quot;orientation&quot;:&quot;0&quot;}\" data-image-title=\"-640-0-681408cbe821442fa5d20bac0100c706\" data-image-description=\"\" data-image-caption=\"\" data-medium-file=\"https:\/\/i0.wp.com\/www.shqiperia.com\/blog\/wp-content\/uploads\/2020\/12\/640-0-681408cbe821442fa5d20bac0100c706.jpg?fit=300%2C169&amp;ssl=1\" data-large-file=\"https:\/\/i0.wp.com\/www.shqiperia.com\/blog\/wp-content\/uploads\/2020\/12\/640-0-681408cbe821442fa5d20bac0100c706.jpg?fit=640%2C361&amp;ssl=1\" class=\"alignnone  wp-image-42108\" alt=\"\" src=\"https:\/\/i0.wp.com\/www.shqiperia.com\/blog\/wp-content\/uploads\/2020\/12\/640-0-681408cbe821442fa5d20bac0100c706.jpg?resize=538%2C303&#038;ssl=1\" width=\"538\" height=\"303\" srcset=\"https:\/\/i0.wp.com\/www.shqiperia.com\/blog\/wp-content\/uploads\/2020\/12\/640-0-681408cbe821442fa5d20bac0100c706.jpg?resize=300%2C169&amp;ssl=1 300w, https:\/\/i0.wp.com\/www.shqiperia.com\/blog\/wp-content\/uploads\/2020\/12\/640-0-681408cbe821442fa5d20bac0100c706.jpg?resize=450%2C254&amp;ssl=1 450w, https:\/\/i0.wp.com\/www.shqiperia.com\/blog\/wp-content\/uploads\/2020\/12\/640-0-681408cbe821442fa5d20bac0100c706.jpg?resize=600%2C338&amp;ssl=1 600w, https:\/\/i0.wp.com\/www.shqiperia.com\/blog\/wp-content\/uploads\/2020\/12\/640-0-681408cbe821442fa5d20bac0100c706.jpg?resize=400%2C226&amp;ssl=1 400w, https:\/\/i0.wp.com\/www.shqiperia.com\/blog\/wp-content\/uploads\/2020\/12\/640-0-681408cbe821442fa5d20bac0100c706.jpg?w=640&amp;ssl=1 640w\" sizes=\"auto, (max-width: 538px) 100vw, 538px\" \/><\/p>\n<p><strong>S\u00ebrish protest\u00eb n\u00eb Tiran\u00eb para ministris\u00eb s\u00eb Brendshme, k\u00ebsaj here&#8230;<\/strong><\/p>\n<p><strong>20 DHJETOR 2020<\/strong><\/p>\n<p>Aleanca p\u00ebr Mbrojtjen e Teatrit ka dal\u00eb n\u00eb protest\u00eb dit\u00ebn e sotme\u00a0 n\u00eb sheshin p\u00ebrpara Ministris\u00eb s\u00eb Brendshme.<\/p>\n<p>Organizmi p\u00ebr protest\u00eb ka ardhur pasi sipas tyre jan\u00eb ndaluar dhunsh\u00ebm nga policia 4 aktivist\u00eb t\u00eb k\u00ebsaj Aleance, Astrit Seranaj, pedagogu Ergys Mertiri, artisti Donald Martini dhe tekniku Gentjan Hasani.<\/p>\n<p>Regjisori Edmond Budina thot\u00eb se do t\u00eb protestojn\u00eb p\u00ebr t\u2019i th\u00ebn\u00eb ndal dhun\u00ebs s\u00eb pushtetit.<\/p>\n<p>\u201cDuhet ti themi ndal dhun\u00ebs s\u00eb policis\u00eb s\u00eb pushtetit. Policis\u00eb e cila i sh\u00ebrben vet\u00ebm nj\u00eb grushti njer\u00ebzish. Ne nuk duhet t\u00eb friksohemi nga dhuna e k\u00ebtij pushteti fashisto-mafioz q\u00eb k\u00ebrkojn\u00eb t\u00eb ruajn\u00eb pushtetin e tyre. K\u00ebtu kemi t\u00eb b\u00ebjm\u00eb me nj\u00eb dhun\u00eb shtet\u00ebrore q\u00eb frik\u00ebson qytetar\u00ebt e ndersh\u00ebm t\u00eb k\u00ebtij vendi. Ne nuk kemi frik\u00eb, do t\u00eb vazhdojm\u00eb t\u00eb protestojm\u00eb dhe nuk do ta ulim kok\u00ebn\u201d,tha Budina p\u00ebr News24.<\/p>\n<p>Gazeta Shqip<\/p>\n","protected":false},"excerpt":{"rendered":"<p>S\u00ebrish protest\u00eb n\u00eb Tiran\u00eb para ministris\u00eb s\u00eb Brendshme, k\u00ebsaj here&#8230; 20 DHJETOR 2020 Aleanca p\u00ebr Mbrojtjen e Teatrit ka dal\u00eb n\u00eb protest\u00eb dit\u00ebn e sotme\u00a0 n\u00eb sheshin p\u00ebrpara Ministris\u00eb s\u00eb Brendshme. Organizmi p\u00ebr protest\u00eb ka ardhur pasi sipas tyre jan\u00eb ndaluar dhunsh\u00ebm nga policia 4 aktivist\u00eb t\u00eb k\u00ebsaj Aleance, Astrit Seranaj, pedagogu Ergys Mertiri, artisti [&hellip;]<\/p>\n","protected":false},"author":9,"featured_media":42108,"comment_status":"open","ping_status":"open","sticky":false,"template":"","format":"standard","meta":{"jetpack_post_was_ever_published":false,"_jetpack_newsletter_access":"","_jetpack_dont_email_post_to_subs":false,"_jetpack_newsletter_tier_id":0,"_jetpack_memberships_contains_paywalled_content":false,"_jetpack_memberships_contains_paid_content":false,"footnotes":"","jetpack_publicize_message":"","jetpack_publicize_feature_enabled":true,"jetpack_social_post_already_shared":true,"jetpack_social_options":{"image_generator_settings":{"template":"highway","default_image_id":0,"font":"","enabled":false},"version":2}},"categories":[27,2],"tags":[],"class_list":["post-42107","post","type-post","status-publish","format-standard","has-post-thumbnail","hentry","category-blogu-i-udhetarit","category-politika"],"jetpack_publicize_connections":[],"jetpack_featured_media_url":"https:\/\/i0.wp.com\/www.shqiperia.com\/blog\/wp-content\/uploads\/2020\/12\/640-0-681408cbe821442fa5d20bac0100c706.jpg?fit=640%2C361&ssl=1","jetpack_sharing_enabled":true,"jetpack_shortlink":"https:\/\/wp.me\/p5Z6wp-aX9","jetpack-related-posts":[{"id":60627,"url":"https:\/\/www.shqiperia.com\/blog\/sot-protesta-para-ministrise-se-brendshme-per-7-vjecaren-qe-humbi-jeten-ne-himare-nuk-e-vrau-varka-por-shteti\/","url_meta":{"origin":42107,"position":0},"title":"Sot protesta para Ministris\u00eb s\u00eb Brendshme, p\u00ebr 7-vje\u00e7aren q\u00eb humbi jet\u00ebn n\u00eb Himar\u00eb. &#8211; \u201cNuk e vrau varka, por shteti\u201d.","author":"Kurt Farka","date":"August 4, 2022","format":false,"excerpt":"4 Gusht 2022 Dit\u00ebn e sotme n\u00eb or\u00ebn 19:00 e inicuar nga Shoqeria Civile do t\u00eb zhvillohet protest p\u00ebrpara Ministris\u00eb s\u00eb Brendshme p\u00ebr ngjarja e r\u00ebnd\u00eb t\u00eb ndodhur t\u00eb mart\u00ebn e\u00a02 gushtit\u00a02022\u00a0n\u00eb plazhin e Potamit n\u00eb Himar\u00eb, ku humbi jet\u00ebn 7-vje\u00e7arja Jonada Avdia, e cila u p\u00ebrplas nga skafi i\u2026","rel":"","context":"In &quot;Blogu i Udh\u00ebtarit&quot;","block_context":{"text":"Blogu i Udh\u00ebtarit","link":"https:\/\/www.shqiperia.com\/blog\/category\/blogu-i-udhetarit\/"},"img":{"alt_text":"","src":"https:\/\/i0.wp.com\/www.shqiperia.com\/blog\/wp-content\/uploads\/2022\/08\/640-0-collage-maker-04-aug-2022-0842-am-1659595353.jpg?fit=640%2C360&ssl=1&resize=350%2C200","width":350,"height":200,"srcset":"https:\/\/i0.wp.com\/www.shqiperia.com\/blog\/wp-content\/uploads\/2022\/08\/640-0-collage-maker-04-aug-2022-0842-am-1659595353.jpg?fit=640%2C360&ssl=1&resize=350%2C200 1x, https:\/\/i0.wp.com\/www.shqiperia.com\/blog\/wp-content\/uploads\/2022\/08\/640-0-collage-maker-04-aug-2022-0842-am-1659595353.jpg?fit=640%2C360&ssl=1&resize=525%2C300 1.5x"},"classes":[]},{"id":41724,"url":"https:\/\/www.shqiperia.com\/blog\/qytetaret-protestojne-serish-do-marshojne-ne-vendin-ku-u-vra-i-riu-gjate-orarit-policor\/","url_meta":{"origin":42107,"position":1},"title":"Qytetar\u00ebt protestojn\u00eb s\u00ebrish, do marshojn\u00eb n\u00eb vendin ku u vra i riu gjat\u00eb orarit policor","author":"Kurt Farka","date":"December 9, 2020","format":false,"excerpt":"Qytetar\u00ebt protestojn\u00eb s\u00ebrish, do marshojn\u00eb n\u00eb vendin ku u vra i riu gjat\u00eb orarit policor 9 DHJETOR 2020, 22:39 Pas m\u00eb shum\u00eb se 3 or\u00ebsh gjat\u00eb protest\u00ebs s\u00eb nisur n\u00eb or\u00ebn 16:00, qytetar\u00ebt kan\u00eb dal\u00eb s\u00ebrish n\u00eb protest\u00eb. K\u00ebsaj here gjat\u00eb orarit policor t\u00eb karantin\u00ebs, dhe jan\u00eb mbledhur nga kryeministria,\u2026","rel":"","context":"In &quot;Blogu i Udh\u00ebtarit&quot;","block_context":{"text":"Blogu i Udh\u00ebtarit","link":"https:\/\/www.shqiperia.com\/blog\/category\/blogu-i-udhetarit\/"},"img":{"alt_text":"","src":"https:\/\/i0.wp.com\/www.shqiperia.com\/blog\/wp-content\/uploads\/2020\/12\/640-0-5fd143ee5db7e-Copy.jpg?fit=640%2C344&ssl=1&resize=350%2C200","width":350,"height":200,"srcset":"https:\/\/i0.wp.com\/www.shqiperia.com\/blog\/wp-content\/uploads\/2020\/12\/640-0-5fd143ee5db7e-Copy.jpg?fit=640%2C344&ssl=1&resize=350%2C200 1x, https:\/\/i0.wp.com\/www.shqiperia.com\/blog\/wp-content\/uploads\/2020\/12\/640-0-5fd143ee5db7e-Copy.jpg?fit=640%2C344&ssl=1&resize=525%2C300 1.5x"},"classes":[]},{"id":55621,"url":"https:\/\/www.shqiperia.com\/blog\/qytetaret-sot-proteste-para-kryeministrise-proteste-eshte-paralajmeruar-se-do-te-zgjase-24-ore\/","url_meta":{"origin":42107,"position":2},"title":"Qytetar\u00ebt sot proteste para Kryeministris\u00eb. &#8211; Protest\u00eb \u00ebsht\u00eb paralajm\u00ebruar se do t\u00eb zgjas\u00eb 24 or\u00eb.","author":"Kurt Farka","date":"March 19, 2022","format":false,"excerpt":"Qytetar\u00ebt sot proteste para Kryeministris\u00eb. - Protest\u00eb \u00ebsht\u00eb paralajm\u00ebruar se do t\u00eb zgjas\u00eb 24 or\u00eb. 19 MARS 2022 Qytetar\u00ebt po protestojn\u00eb s\u00ebrish sot para Kryeministris\u00eb kund\u00ebr rritjes s\u00eb \u00e7mimeve. Protest\u00eb q\u00eb nisi n\u00eb or\u00ebn 11:00 dhe q\u00eb \u00ebsht\u00eb paralajm\u00ebruar se do t\u00eb zgjas\u00eb 24 or\u00eb. Forcat blu mor\u00ebn masa p\u00ebr\u2026","rel":"","context":"In &quot;Blogu i Udh\u00ebtarit&quot;","block_context":{"text":"Blogu i Udh\u00ebtarit","link":"https:\/\/www.shqiperia.com\/blog\/category\/blogu-i-udhetarit\/"},"img":{"alt_text":"","src":"https:\/\/i0.wp.com\/www.shqiperia.com\/blog\/wp-content\/uploads\/2022\/03\/640-0-6235d9835e21d.jpg?fit=640%2C341&ssl=1&resize=350%2C200","width":350,"height":200,"srcset":"https:\/\/i0.wp.com\/www.shqiperia.com\/blog\/wp-content\/uploads\/2022\/03\/640-0-6235d9835e21d.jpg?fit=640%2C341&ssl=1&resize=350%2C200 1x, https:\/\/i0.wp.com\/www.shqiperia.com\/blog\/wp-content\/uploads\/2022\/03\/640-0-6235d9835e21d.jpg?fit=640%2C341&ssl=1&resize=525%2C300 1.5x"},"classes":[]},{"id":26072,"url":"https:\/\/www.shqiperia.com\/blog\/proteste-kembana-zemerimi-nga-180-femije-te-peqinit\/","url_meta":{"origin":42107,"position":3},"title":"Proteste- K\u00ebmbana zem\u00ebrimi nga 180 f\u00ebmij\u00eb t\u00eb Peqinit","author":"Kurt Farka","date":"September 19, 2019","format":false,"excerpt":"Proteste- K\u00ebmbana zem\u00ebrimi nga 180 f\u00ebmij\u00eb t\u00eb Peqinit 19\/09\/2019 \u201cDuam shkoll\u00ebn ton\u00eb!\u201d Me protest\u00eb n\u00eb vend t\u00eb g\u00ebzimit, e kan\u00eb nisur dit\u00ebn e par\u00eb t\u00eb shkoll\u00ebs, 180 nx\u00ebn\u00ebs peqinas, t\u00eb shoq\u00ebruar nga prind\u00ebrit e tyre, q\u00eb kan\u00eb m\u00ebsuar n\u00eb shkoll\u00ebn 9-vje\u00e7are t\u00eb fshatit Shez\u00eb. Ata kan\u00eb zhvilluar s\u00ebrish protest\u00eb\u00a0n\u00eb q\u00ebnd\u00ebr\u2026","rel":"","context":"In &quot;Blogu i Udh\u00ebtarit&quot;","block_context":{"text":"Blogu i Udh\u00ebtarit","link":"https:\/\/www.shqiperia.com\/blog\/category\/blogu-i-udhetarit\/"},"img":{"alt_text":"","src":"https:\/\/i0.wp.com\/www.shqiperia.com\/blog\/wp-content\/uploads\/2019\/09\/Proteste-nga-180-nxenes.jpg?fit=900%2C456&ssl=1&resize=350%2C200","width":350,"height":200,"srcset":"https:\/\/i0.wp.com\/www.shqiperia.com\/blog\/wp-content\/uploads\/2019\/09\/Proteste-nga-180-nxenes.jpg?fit=900%2C456&ssl=1&resize=350%2C200 1x, https:\/\/i0.wp.com\/www.shqiperia.com\/blog\/wp-content\/uploads\/2019\/09\/Proteste-nga-180-nxenes.jpg?fit=900%2C456&ssl=1&resize=525%2C300 1.5x, https:\/\/i0.wp.com\/www.shqiperia.com\/blog\/wp-content\/uploads\/2019\/09\/Proteste-nga-180-nxenes.jpg?fit=900%2C456&ssl=1&resize=700%2C400 2x"},"classes":[]},{"id":88584,"url":"https:\/\/www.shqiperia.com\/blog\/adriatik-lapaj-e-arlind-qori-sherr-ne-proteste-zihen-per-mikrofonin\/","url_meta":{"origin":42107,"position":4},"title":"Adriatik Lapaj e Arlind Qori sherr n\u00eb protest\u00eb, zihen p\u00ebr&#8230;mikrofonin","author":"Kurt Farka","date":"January 21, 2025","format":false,"excerpt":"21 Janar 2025 Adriatik Lapaj e p\u00ebrfaq\u00ebsues t\u00eb partis\u00eb L\u00ebvizja Bashk\u00eb t\u00eb Arlind Qorit jan\u00eb p\u00ebrplasur ashp\u00ebr n\u00eb nj\u00eb protest\u00eb t\u00eb organizuar para Ministris\u00eb s\u00eb Brendshme. Ishte\u00a0Arlind Qori\u00a0q\u00eb kishte paralajm\u00ebruar protest\u00eb, por asaj i \u00ebsht\u00eb bashkuar edhe Lapaj, kreu i partis\u00eb \u2018Shqip\u00ebria B\u00ebhet\u2019. Situata degradoi deri aty sa Lapajn e\u2026","rel":"","context":"In &quot;Blogu i Udh\u00ebtarit&quot;","block_context":{"text":"Blogu i Udh\u00ebtarit","link":"https:\/\/www.shqiperia.com\/blog\/category\/blogu-i-udhetarit\/"},"img":{"alt_text":"","src":"https:\/\/i0.wp.com\/www.shqiperia.com\/blog\/wp-content\/uploads\/2025\/01\/600-388-whatsapp-image-2025-01-20-at-183619-1737398286.jpeg?fit=600%2C388&ssl=1&resize=350%2C200","width":350,"height":200,"srcset":"https:\/\/i0.wp.com\/www.shqiperia.com\/blog\/wp-content\/uploads\/2025\/01\/600-388-whatsapp-image-2025-01-20-at-183619-1737398286.jpeg?fit=600%2C388&ssl=1&resize=350%2C200 1x, https:\/\/i0.wp.com\/www.shqiperia.com\/blog\/wp-content\/uploads\/2025\/01\/600-388-whatsapp-image-2025-01-20-at-183619-1737398286.jpeg?fit=600%2C388&ssl=1&resize=525%2C300 1.5x"},"classes":[]},{"id":37533,"url":"https:\/\/www.shqiperia.com\/blog\/galeria-e-arteve-tirane-si-zyrat-e-ministrise-se-brendshme-dikur-pritja-eshte-e-tmerrshme-per-te-takuar-drejtorin\/","url_meta":{"origin":42107,"position":5},"title":"\u201c\u2026Galeria e Arteve, Tirane, si zyrat e Ministris\u00eb s\u00eb Brendshme dikur. Pritja \u00ebsht\u00eb e tmerrshme, p\u00ebr t\u00eb takuar drejtorin \u2026\u201d","author":"Kurt Farka","date":"August 22, 2020","format":false,"excerpt":"Artist\u00ebt pamor\u00eb t\u00eb braktisur nga institucionet, Devolli: - E turpshme! S\u2019ka as dialog, as investime... \u201c\u2026Galeria e Arteve, Tirane, si zyrat e Ministris\u00eb s\u00eb Brendshme dikur. Pritja \u00ebsht\u00eb e tmerrshme, p\u00ebr t\u00eb takuar drejtorin \u2026\u201d Artist\u00ebt pamor\u00eb ndihen t\u00eb pap\u00ebrfaq\u00ebsuar. Piktori edhe restauratori Adrian Devolli flet p\u00ebr munges\u00ebn e hap\u00ebsirave\u2026","rel":"","context":"In &quot;Arte&quot;","block_context":{"text":"Arte","link":"https:\/\/www.shqiperia.com\/blog\/category\/arte\/"},"img":{"alt_text":"","src":"https:\/\/i0.wp.com\/www.shqiperia.com\/blog\/wp-content\/uploads\/2020\/08\/Ardian-Devolli.jpg?fit=800%2C381&ssl=1&resize=350%2C200","width":350,"height":200,"srcset":"https:\/\/i0.wp.com\/www.shqiperia.com\/blog\/wp-content\/uploads\/2020\/08\/Ardian-Devolli.jpg?fit=800%2C381&ssl=1&resize=350%2C200 1x, https:\/\/i0.wp.com\/www.shqiperia.com\/blog\/wp-content\/uploads\/2020\/08\/Ardian-Devolli.jpg?fit=800%2C381&ssl=1&resize=525%2C300 1.5x, https:\/\/i0.wp.com\/www.shqiperia.com\/blog\/wp-content\/uploads\/2020\/08\/Ardian-Devolli.jpg?fit=800%2C381&ssl=1&resize=700%2C400 2x"},"classes":[]}],"_links":{"self":[{"href":"https:\/\/www.shqiperia.com\/blog\/wp-json\/wp\/v2\/posts\/42107","targetHints":{"allow":["GET"]}}],"collection":[{"href":"https:\/\/www.shqiperia.com\/blog\/wp-json\/wp\/v2\/posts"}],"about":[{"href":"https:\/\/www.shqiperia.com\/blog\/wp-json\/wp\/v2\/types\/post"}],"author":[{"embeddable":true,"href":"https:\/\/www.shqiperia.com\/blog\/wp-json\/wp\/v2\/users\/9"}],"replies":[{"embeddable":true,"href":"https:\/\/www.shqiperia.com\/blog\/wp-json\/wp\/v2\/comments?post=42107"}],"version-history":[{"count":1,"href":"https:\/\/www.shqiperia.com\/blog\/wp-json\/wp\/v2\/posts\/42107\/revisions"}],"predecessor-version":[{"id":42109,"href":"https:\/\/www.shqiperia.com\/blog\/wp-json\/wp\/v2\/posts\/42107\/revisions\/42109"}],"wp:featuredmedia":[{"embeddable":true,"href":"https:\/\/www.shqiperia.com\/blog\/wp-json\/wp\/v2\/media\/42108"}],"wp:attachment":[{"href":"https:\/\/www.shqiperia.com\/blog\/wp-json\/wp\/v2\/media?parent=42107"}],"wp:term":[{"taxonomy":"category","embeddable":true,"href":"https:\/\/www.shqiperia.com\/blog\/wp-json\/wp\/v2\/categories?post=42107"},{"taxonomy":"post_tag","embeddable":true,"href":"https:\/\/www.shqiperia.com\/blog\/wp-json\/wp\/v2\/tags?post=42107"}],"curies":[{"name":"wp","href":"https:\/\/api.w.org\/{rel}","templated":true}]}}