{"id":42099,"date":"2020-12-20T17:57:14","date_gmt":"2020-12-20T17:57:14","guid":{"rendered":"https:\/\/www.shqiperia.com\/blog\/?p=42099"},"modified":"2020-12-20T18:07:43","modified_gmt":"2020-12-20T18:07:43","slug":"policia-e-shtetit-ne-sherbim-te-korrupsionit-te-pushtetareve-tek-teatri-kombetar","status":"publish","type":"post","link":"https:\/\/www.shqiperia.com\/blog\/policia-e-shtetit-ne-sherbim-te-korrupsionit-te-pushtetareve-tek-teatri-kombetar\/","title":{"rendered":"Policia e Shtetit ne sherbim te Korrupsionit te Pushtetareve tek Teatri Kombetar."},"content":{"rendered":"<p><img data-recalc-dims=\"1\" loading=\"lazy\" decoding=\"async\" data-attachment-id=\"42100\" data-permalink=\"https:\/\/www.shqiperia.com\/blog\/policia-e-shtetit-ne-sherbim-te-korrupsionit-te-pushtetareve-tek-teatri-kombetar\/teatri-kombetar-24-korrik-2019-3\/\" data-orig-file=\"https:\/\/i0.wp.com\/www.shqiperia.com\/blog\/wp-content\/uploads\/2020\/12\/Teatri-Kombetar-24-korrik-2019-scaled.jpg?fit=2560%2C1244&amp;ssl=1\" data-orig-size=\"2560,1244\" data-comments-opened=\"1\" data-image-meta=\"{&quot;aperture&quot;:&quot;1.7&quot;,&quot;credit&quot;:&quot;&quot;,&quot;camera&quot;:&quot;SM-N950F&quot;,&quot;caption&quot;:&quot;&quot;,&quot;created_timestamp&quot;:&quot;1563968984&quot;,&quot;copyright&quot;:&quot;&quot;,&quot;focal_length&quot;:&quot;4.3&quot;,&quot;iso&quot;:&quot;40&quot;,&quot;shutter_speed&quot;:&quot;0.00052742616033755&quot;,&quot;title&quot;:&quot;&quot;,&quot;orientation&quot;:&quot;1&quot;}\" data-image-title=\"Teatri Kombetar 24 korrik 2019\" data-image-description=\"\" data-image-caption=\"\" data-medium-file=\"https:\/\/i0.wp.com\/www.shqiperia.com\/blog\/wp-content\/uploads\/2020\/12\/Teatri-Kombetar-24-korrik-2019-scaled.jpg?fit=300%2C146&amp;ssl=1\" data-large-file=\"https:\/\/i0.wp.com\/www.shqiperia.com\/blog\/wp-content\/uploads\/2020\/12\/Teatri-Kombetar-24-korrik-2019-scaled.jpg?fit=1024%2C498&amp;ssl=1\" class=\"alignnone wp-image-42100\" alt=\"\" src=\"https:\/\/i0.wp.com\/www.shqiperia.com\/blog\/wp-content\/uploads\/2020\/12\/Teatri-Kombetar-24-korrik-2019.jpg?resize=497%2C242&#038;ssl=1\" width=\"497\" height=\"242\" srcset=\"https:\/\/i0.wp.com\/www.shqiperia.com\/blog\/wp-content\/uploads\/2020\/12\/Teatri-Kombetar-24-korrik-2019-scaled.jpg?resize=300%2C146&amp;ssl=1 300w, https:\/\/i0.wp.com\/www.shqiperia.com\/blog\/wp-content\/uploads\/2020\/12\/Teatri-Kombetar-24-korrik-2019-scaled.jpg?resize=1024%2C498&amp;ssl=1 1024w, https:\/\/i0.wp.com\/www.shqiperia.com\/blog\/wp-content\/uploads\/2020\/12\/Teatri-Kombetar-24-korrik-2019-scaled.jpg?resize=768%2C373&amp;ssl=1 768w, https:\/\/i0.wp.com\/www.shqiperia.com\/blog\/wp-content\/uploads\/2020\/12\/Teatri-Kombetar-24-korrik-2019-scaled.jpg?resize=1536%2C747&amp;ssl=1 1536w, https:\/\/i0.wp.com\/www.shqiperia.com\/blog\/wp-content\/uploads\/2020\/12\/Teatri-Kombetar-24-korrik-2019-scaled.jpg?resize=2048%2C996&amp;ssl=1 2048w, https:\/\/i0.wp.com\/www.shqiperia.com\/blog\/wp-content\/uploads\/2020\/12\/Teatri-Kombetar-24-korrik-2019-scaled.jpg?resize=2000%2C972&amp;ssl=1 2000w, https:\/\/i0.wp.com\/www.shqiperia.com\/blog\/wp-content\/uploads\/2020\/12\/Teatri-Kombetar-24-korrik-2019-scaled.jpg?resize=450%2C219&amp;ssl=1 450w, https:\/\/i0.wp.com\/www.shqiperia.com\/blog\/wp-content\/uploads\/2020\/12\/Teatri-Kombetar-24-korrik-2019-scaled.jpg?resize=600%2C292&amp;ssl=1 600w, https:\/\/i0.wp.com\/www.shqiperia.com\/blog\/wp-content\/uploads\/2020\/12\/Teatri-Kombetar-24-korrik-2019-scaled.jpg?resize=1500%2C729&amp;ssl=1 1500w, https:\/\/i0.wp.com\/www.shqiperia.com\/blog\/wp-content\/uploads\/2020\/12\/Teatri-Kombetar-24-korrik-2019-scaled.jpg?resize=1300%2C632&amp;ssl=1 1300w, https:\/\/i0.wp.com\/www.shqiperia.com\/blog\/wp-content\/uploads\/2020\/12\/Teatri-Kombetar-24-korrik-2019-scaled.jpg?resize=400%2C194&amp;ssl=1 400w\" sizes=\"auto, (max-width: 497px) 100vw, 497px\" \/><\/p>\n<pre>Foto Arkiv<\/pre>\n<p>Policia e Shtetit ne sherbim te Korrupsionit te Pushtetareve tek Teatri Kombetar.<\/p>\n<p>Sonte (20.12.20) qe ne 0ren 17 e 50 minuta ish Ndertesa e Tatrit Kombetar ne Tirane ishte e rrethua nga forca te shumta Policie. Policia e Shtetit qe eshte per mbrojtjen dhe ruajtjen e qetesise dhe te jetve te banoreve, ka marre persiper te ruaj edhe nje godine qe faktikisht fizikisht nuk eshte, por po kuptohet nga frika e pushtetareve se Tapia (hipoteke) e saje eshte prezente dhe e \u201cgjalle\u201d ne kujtesen dhe shpirtin e qytetareve.<\/p>\n<p><img data-recalc-dims=\"1\" loading=\"lazy\" decoding=\"async\" data-attachment-id=\"42103\" data-permalink=\"https:\/\/www.shqiperia.com\/blog\/policia-e-shtetit-ne-sherbim-te-korrupsionit-te-pushtetareve-tek-teatri-kombetar\/20190724_134026-copy\/\" data-orig-file=\"https:\/\/i0.wp.com\/www.shqiperia.com\/blog\/wp-content\/uploads\/2020\/12\/20190724_134026-Copy-scaled.jpg?fit=2560%2C1191&amp;ssl=1\" data-orig-size=\"2560,1191\" data-comments-opened=\"1\" data-image-meta=\"{&quot;aperture&quot;:&quot;1.7&quot;,&quot;credit&quot;:&quot;&quot;,&quot;camera&quot;:&quot;SM-N950F&quot;,&quot;caption&quot;:&quot;&quot;,&quot;created_timestamp&quot;:&quot;1563975626&quot;,&quot;copyright&quot;:&quot;&quot;,&quot;focal_length&quot;:&quot;4.3&quot;,&quot;iso&quot;:&quot;40&quot;,&quot;shutter_speed&quot;:&quot;0.000390625&quot;,&quot;title&quot;:&quot;&quot;,&quot;orientation&quot;:&quot;1&quot;}\" data-image-title=\"20190724_134026 &#8211; Copy\" data-image-description=\"\" data-image-caption=\"\" data-medium-file=\"https:\/\/i0.wp.com\/www.shqiperia.com\/blog\/wp-content\/uploads\/2020\/12\/20190724_134026-Copy-scaled.jpg?fit=300%2C140&amp;ssl=1\" data-large-file=\"https:\/\/i0.wp.com\/www.shqiperia.com\/blog\/wp-content\/uploads\/2020\/12\/20190724_134026-Copy-scaled.jpg?fit=1024%2C476&amp;ssl=1\" class=\"alignnone wp-image-42103\" alt=\"\" src=\"https:\/\/i0.wp.com\/www.shqiperia.com\/blog\/wp-content\/uploads\/2020\/12\/20190724_134026-Copy.jpg?resize=690%2C322&#038;ssl=1\" width=\"690\" height=\"322\" srcset=\"https:\/\/i0.wp.com\/www.shqiperia.com\/blog\/wp-content\/uploads\/2020\/12\/20190724_134026-Copy-scaled.jpg?resize=300%2C140&amp;ssl=1 300w, https:\/\/i0.wp.com\/www.shqiperia.com\/blog\/wp-content\/uploads\/2020\/12\/20190724_134026-Copy-scaled.jpg?resize=1024%2C476&amp;ssl=1 1024w, https:\/\/i0.wp.com\/www.shqiperia.com\/blog\/wp-content\/uploads\/2020\/12\/20190724_134026-Copy-scaled.jpg?resize=768%2C357&amp;ssl=1 768w, https:\/\/i0.wp.com\/www.shqiperia.com\/blog\/wp-content\/uploads\/2020\/12\/20190724_134026-Copy-scaled.jpg?resize=1536%2C714&amp;ssl=1 1536w, https:\/\/i0.wp.com\/www.shqiperia.com\/blog\/wp-content\/uploads\/2020\/12\/20190724_134026-Copy-scaled.jpg?resize=2048%2C953&amp;ssl=1 2048w, https:\/\/i0.wp.com\/www.shqiperia.com\/blog\/wp-content\/uploads\/2020\/12\/20190724_134026-Copy-scaled.jpg?resize=2000%2C930&amp;ssl=1 2000w, https:\/\/i0.wp.com\/www.shqiperia.com\/blog\/wp-content\/uploads\/2020\/12\/20190724_134026-Copy-scaled.jpg?resize=450%2C209&amp;ssl=1 450w, https:\/\/i0.wp.com\/www.shqiperia.com\/blog\/wp-content\/uploads\/2020\/12\/20190724_134026-Copy-scaled.jpg?resize=600%2C279&amp;ssl=1 600w, https:\/\/i0.wp.com\/www.shqiperia.com\/blog\/wp-content\/uploads\/2020\/12\/20190724_134026-Copy-scaled.jpg?resize=1500%2C698&amp;ssl=1 1500w, https:\/\/i0.wp.com\/www.shqiperia.com\/blog\/wp-content\/uploads\/2020\/12\/20190724_134026-Copy-scaled.jpg?resize=1300%2C605&amp;ssl=1 1300w, https:\/\/i0.wp.com\/www.shqiperia.com\/blog\/wp-content\/uploads\/2020\/12\/20190724_134026-Copy-scaled.jpg?resize=400%2C186&amp;ssl=1 400w\" sizes=\"auto, (max-width: 690px) 100vw, 690px\" \/><\/p>\n<pre>Foto Arkiv nga: J. Brahaj<\/pre>\n<p>Bashkangjitur po publikojme nje foto te Policise se Shtetit qe ruante Teatrin Kombetar \u201cse mos i ikte\u201d.<\/p>\n<p>Ja cfare detyre ka kjo Polici !?<\/p>\n","protected":false},"excerpt":{"rendered":"<p>Foto Arkiv Policia e Shtetit ne sherbim te Korrupsionit te Pushtetareve tek Teatri Kombetar. Sonte (20.12.20) qe ne 0ren 17 e 50 minuta ish Ndertesa e Tatrit Kombetar ne Tirane ishte e rrethua nga forca te shumta Policie. Policia e Shtetit qe eshte per mbrojtjen dhe ruajtjen e qetesise dhe te jetve te banoreve, ka [&hellip;]<\/p>\n","protected":false},"author":9,"featured_media":42100,"comment_status":"open","ping_status":"open","sticky":false,"template":"","format":"standard","meta":{"jetpack_post_was_ever_published":false,"_jetpack_newsletter_access":"","_jetpack_dont_email_post_to_subs":false,"_jetpack_newsletter_tier_id":0,"_jetpack_memberships_contains_paywalled_content":false,"_jetpack_memberships_contains_paid_content":false,"footnotes":"","jetpack_publicize_message":"","jetpack_publicize_feature_enabled":true,"jetpack_social_post_already_shared":true,"jetpack_social_options":{"image_generator_settings":{"template":"highway","default_image_id":0,"font":"","enabled":false},"version":2}},"categories":[10,2,86],"tags":[],"class_list":["post-42099","post","type-post","status-publish","format-standard","has-post-thumbnail","hentry","category-kultura","category-politika","category-trashegimi-kulturore"],"jetpack_publicize_connections":[],"jetpack_featured_media_url":"https:\/\/i0.wp.com\/www.shqiperia.com\/blog\/wp-content\/uploads\/2020\/12\/Teatri-Kombetar-24-korrik-2019-scaled.jpg?fit=2560%2C1244&ssl=1","jetpack_sharing_enabled":true,"jetpack_shortlink":"https:\/\/wp.me\/p5Z6wp-aX1","jetpack-related-posts":[{"id":20849,"url":"https:\/\/www.shqiperia.com\/blog\/artistet-vendosin-shkronjat-tek-teatri-kombetar\/","url_meta":{"origin":42099,"position":0},"title":"Artist\u00ebt vendosin shkronjat tek Teatri Komb\u00ebtar. \u2013","author":"Kurt Farka","date":"May 7, 2019","format":false,"excerpt":"Artist\u00ebt vendosin shkronjat tek Teatri Komb\u00ebtar. - 7 Maj, 2019. Gjat\u00eb mbr\u00ebmjes s\u00eb 25 Pillit, n\u00eb fasad\u00ebn e Teatrit Komb\u00ebtar jan\u00eb hequr shkronjat t\u00eb cilat u vun\u00eb re t\u00eb nesermen.\u00a0 Heqja e shkronjave ka sjell\u00eb edhe reagimin e menj\u00ebhersh\u00ebm t\u00eb artist\u00ebve t\u00eb cil\u00ebt kan\u00eb akuzuar kryebashkiakun e Tiran\u00ebs, Erion Veliajn\u2026","rel":"","context":"In &quot;Blogu i Udh\u00ebtarit&quot;","block_context":{"text":"Blogu i Udh\u00ebtarit","link":"https:\/\/www.shqiperia.com\/blog\/category\/blogu-i-udhetarit\/"},"img":{"alt_text":"","src":"https:\/\/i0.wp.com\/www.shqiperia.com\/blog\/wp-content\/uploads\/2019\/05\/b01744a8-adbd-4914-a714-d8aac66bc5e7-e1557247149341.jpg?fit=665%2C352&ssl=1&resize=350%2C200","width":350,"height":200,"srcset":"https:\/\/i0.wp.com\/www.shqiperia.com\/blog\/wp-content\/uploads\/2019\/05\/b01744a8-adbd-4914-a714-d8aac66bc5e7-e1557247149341.jpg?fit=665%2C352&ssl=1&resize=350%2C200 1x, https:\/\/i0.wp.com\/www.shqiperia.com\/blog\/wp-content\/uploads\/2019\/05\/b01744a8-adbd-4914-a714-d8aac66bc5e7-e1557247149341.jpg?fit=665%2C352&ssl=1&resize=525%2C300 1.5x"},"classes":[]},{"id":10275,"url":"https:\/\/www.shqiperia.com\/blog\/pse-zeri-i-amerikes-po-percon-zerin-e-qytetareve-dhe-media-e-tiranes-interesat-e-pushtetareve\/","url_meta":{"origin":42099,"position":1},"title":"Pse Z\u00ebri i Amerik\u00ebs po p\u00ebr\u00e7on z\u00ebrin e qytetar\u00ebve, dhe media e Tiran\u00ebs interesat e Pushtetar\u00ebve? &#8211;","author":"Kurt Farka","date":"July 26, 2018","format":false,"excerpt":"Pse Z\u00ebri i Amerik\u00ebs po p\u00ebr\u00e7on z\u00ebrin e qytetar\u00ebve, dhe media e Tiran\u00ebs interesat e Pushtetar\u00ebve? - \u201cZ\u00ebri i Amerik\u00ebs \u00ebsht\u00eb i vetmi medium q\u00eb ka thyer antenat e \u00e7ensur\u00ebs s\u00eb rilindjes dhe s\u2019ka l\u00ebn\u00eb dit\u00eb pa transmetuar z\u00ebrin e protestuesve p\u00ebr mbrojtjen e godin\u00ebs historike t\u00eb Teatrit Komb\u00ebtar!\u201d, shkruante\u2026","rel":"","context":"In &quot;Blogu i Udh\u00ebtarit&quot;","block_context":{"text":"Blogu i Udh\u00ebtarit","link":"https:\/\/www.shqiperia.com\/blog\/category\/blogu-i-udhetarit\/"},"img":{"alt_text":"","src":"https:\/\/i0.wp.com\/www.shqiperia.com\/blog\/wp-content\/uploads\/2018\/07\/32286684_10156277349029536_7095806617517555712_n.png?fit=741%2C445&ssl=1&resize=350%2C200","width":350,"height":200,"srcset":"https:\/\/i0.wp.com\/www.shqiperia.com\/blog\/wp-content\/uploads\/2018\/07\/32286684_10156277349029536_7095806617517555712_n.png?fit=741%2C445&ssl=1&resize=350%2C200 1x, https:\/\/i0.wp.com\/www.shqiperia.com\/blog\/wp-content\/uploads\/2018\/07\/32286684_10156277349029536_7095806617517555712_n.png?fit=741%2C445&ssl=1&resize=525%2C300 1.5x, https:\/\/i0.wp.com\/www.shqiperia.com\/blog\/wp-content\/uploads\/2018\/07\/32286684_10156277349029536_7095806617517555712_n.png?fit=741%2C445&ssl=1&resize=700%2C400 2x"},"classes":[]},{"id":34675,"url":"https:\/\/www.shqiperia.com\/blog\/teatri-vija-e-kuqe-basha-proteste-me-artistet-nese-e-shembin-te-presin-zjarrin-e-popullit-ne-institucione-e-qendra-tregtare-budina-opozita-eshte-me-ne\/","url_meta":{"origin":42099,"position":2},"title":"Teatri \u2018vija e kuqe&#8217;, Basha protest\u00eb me artist\u00ebt: &#8211; N\u00ebse e shembin t\u00eb presin zjarrin e popullit n\u00eb institucione e qendra tregtare! Budina: Opozita \u00ebsht\u00eb me ne","author":"Kurt Farka","date":"May 15, 2020","format":false,"excerpt":"Teatri \u2018vija e kuqe', Basha protest\u00eb me artist\u00ebt: - N\u00ebse e shembin t\u00eb presin zjarrin e popullit n\u00eb institucione e qendra tregtare! Budina: Opozita \u00ebsht\u00eb me ne Opozita \u00ebsht\u00eb zotuar se do t\u00eb p\u00ebrkrah\u00eb kauz\u00ebn e artist\u00ebve, t\u00eb cil\u00ebt thon\u00eb se Teatri Komb\u00ebtar nuk mund t\u00eb shembet, pasi \u00ebsht\u00eb nj\u00eb\u2026","rel":"","context":"In &quot;Blogu i Udh\u00ebtarit&quot;","block_context":{"text":"Blogu i Udh\u00ebtarit","link":"https:\/\/www.shqiperia.com\/blog\/category\/blogu-i-udhetarit\/"},"img":{"alt_text":"","src":"https:\/\/i0.wp.com\/www.shqiperia.com\/blog\/wp-content\/uploads\/2020\/05\/1589466766_basha.jpg?fit=780%2C440&ssl=1&resize=350%2C200","width":350,"height":200,"srcset":"https:\/\/i0.wp.com\/www.shqiperia.com\/blog\/wp-content\/uploads\/2020\/05\/1589466766_basha.jpg?fit=780%2C440&ssl=1&resize=350%2C200 1x, https:\/\/i0.wp.com\/www.shqiperia.com\/blog\/wp-content\/uploads\/2020\/05\/1589466766_basha.jpg?fit=780%2C440&ssl=1&resize=525%2C300 1.5x, https:\/\/i0.wp.com\/www.shqiperia.com\/blog\/wp-content\/uploads\/2020\/05\/1589466766_basha.jpg?fit=780%2C440&ssl=1&resize=700%2C400 2x"},"classes":[]},{"id":58428,"url":"https:\/\/www.shqiperia.com\/blog\/analisti-i-njohur-zbulon-tmerrin-e-rames-qeveria-eshte-e-korruptuar-u-ben-presion-atyre-qe-jane-kritike\/","url_meta":{"origin":42099,"position":3},"title":"Analisti i njohur zbulon tmerrin e Ram\u00ebs. &#8211; \u201cQeveria \u00ebsht\u00eb e korruptuar, u b\u00ebn presion atyre q\u00eb jan\u00eb kritik\u00eb\u201d.","author":"Kurt Farka","date":"June 2, 2022","format":false,"excerpt":"1 QERSHOR 2022 Analisti Arjan Sulo ka komentuar mbr\u00ebmjen e sotme n\u00eb emisionin \u2018Open\u2019 \u00e7\u00ebshtjen e korrupsionit n\u00eb vend. Sulo ka sqaruar se mes t\u00eb tjerash, qeveria aktuale konsiderohet e korruptuar, p\u00ebr sa koh\u00eb ka korruptuar zgjedhjet dhe ka menaxhuar keq, n\u00eb m\u00ebnyr\u00eb t\u00eb korruptuar buxhetin e shtetit. Nd\u00ebrkoh\u00eb, ish-\u2026","rel":"","context":"In &quot;Blogu i Udh\u00ebtarit&quot;","block_context":{"text":"Blogu i Udh\u00ebtarit","link":"https:\/\/www.shqiperia.com\/blog\/category\/blogu-i-udhetarit\/"},"img":{"alt_text":"","src":"https:\/\/i0.wp.com\/www.shqiperia.com\/blog\/wp-content\/uploads\/2022\/06\/Edi-Rama-18.jpg?fit=800%2C451&ssl=1&resize=350%2C200","width":350,"height":200,"srcset":"https:\/\/i0.wp.com\/www.shqiperia.com\/blog\/wp-content\/uploads\/2022\/06\/Edi-Rama-18.jpg?fit=800%2C451&ssl=1&resize=350%2C200 1x, https:\/\/i0.wp.com\/www.shqiperia.com\/blog\/wp-content\/uploads\/2022\/06\/Edi-Rama-18.jpg?fit=800%2C451&ssl=1&resize=525%2C300 1.5x, https:\/\/i0.wp.com\/www.shqiperia.com\/blog\/wp-content\/uploads\/2022\/06\/Edi-Rama-18.jpg?fit=800%2C451&ssl=1&resize=700%2C400 2x"},"classes":[]},{"id":23491,"url":"https:\/\/www.shqiperia.com\/blog\/shperthen-arben-malaj-nga-teatri-te-mblidhet-parlamenti-te-ndalohet-shembja\/","url_meta":{"origin":42099,"position":4},"title":"Shp\u00ebrthen Arben Malaj nga Teatri: T\u00eb mblidhet parlamenti, t\u00eb ndalohet shembja. &#8211;","author":"Kurt Farka","date":"July 24, 2019","format":false,"excerpt":"Shp\u00ebrthen Arben Malaj nga Teatri: T\u00eb mblidhet parlamenti, t\u00eb ndalohet shembja. - 24 Korrik, 2019. Protest\u00ebs s\u00eb artist\u00ebve tek Teatri Komb\u00ebtar i \u00ebsht\u00eb bashkaur dhe ish-minsitrii\u00a0 Financave, Arben Malaj. Ai u ka b\u00ebr\u00eb thirrje t\u00eb gjith\u00eb socialist\u00ebve t\u00eb reagojn\u00eb dhe t\u00eb mos lejojn\u00eb shembjen e Teatri Komb\u00ebtar. \u201cN\u00eb radh\u00eb t\u00eb\u2026","rel":"","context":"In &quot;Blogu i Udh\u00ebtarit&quot;","block_context":{"text":"Blogu i Udh\u00ebtarit","link":"https:\/\/www.shqiperia.com\/blog\/category\/blogu-i-udhetarit\/"},"img":{"alt_text":"","src":"https:\/\/i0.wp.com\/www.shqiperia.com\/blog\/wp-content\/uploads\/2019\/07\/malaj-759x405.png?fit=759%2C405&ssl=1&resize=350%2C200","width":350,"height":200,"srcset":"https:\/\/i0.wp.com\/www.shqiperia.com\/blog\/wp-content\/uploads\/2019\/07\/malaj-759x405.png?fit=759%2C405&ssl=1&resize=350%2C200 1x, https:\/\/i0.wp.com\/www.shqiperia.com\/blog\/wp-content\/uploads\/2019\/07\/malaj-759x405.png?fit=759%2C405&ssl=1&resize=525%2C300 1.5x, https:\/\/i0.wp.com\/www.shqiperia.com\/blog\/wp-content\/uploads\/2019\/07\/malaj-759x405.png?fit=759%2C405&ssl=1&resize=700%2C400 2x"},"classes":[]},{"id":94129,"url":"https:\/\/www.shqiperia.com\/blog\/arkivi-qendror-falsifikoi-dokumentet-per-llogari-te-mafies-se-pronave-cakrani-as-enver-hoxha-sarriti-ne-keto-nivele\/","url_meta":{"origin":42099,"position":5},"title":"\u2018Arkivi Qendror falsifikoi dokumentet p\u00ebr llogari t\u00eb mafies s\u00eb pronave\u2019\/ Cakrani: &#8211; As Enver Hoxha s\u2019arriti n\u00eb k\u00ebto nivele&#8230;","author":"Kurt Farka","date":"October 6, 2025","format":false,"excerpt":"6 Tetor 2025 \u2018Edhe Enver Hoxha nuk arriti n\u00eb k\u00ebto nivele q\u00eb arriti Edi Rama, t\u00eb fuste dokumente t\u00eb falsifikuara n\u00eb Arkivin e Shtetit\u2019. Kjo ishte deklarata e avokatit Kujtim Cakrani n\u00eb emisionin \u2018Kafe Shqeto\u2019 n\u00eb Syri Tv, teksa akuzoi ligjv\u00ebn\u00ebsin e ri socialist, Ardit Bido, ish-drejtor i Arkivit Qendror,\u2026","rel":"","context":"In &quot;Histori&quot;","block_context":{"text":"Histori","link":"https:\/\/www.shqiperia.com\/blog\/category\/histori\/"},"img":{"alt_text":"","src":"https:\/\/i0.wp.com\/www.shqiperia.com\/blog\/wp-content\/uploads\/2025\/10\/1B8A9D0B-375B-47A6-AB67-F5332699EE71.webp?fit=535%2C329&ssl=1&resize=350%2C200","width":350,"height":200,"srcset":"https:\/\/i0.wp.com\/www.shqiperia.com\/blog\/wp-content\/uploads\/2025\/10\/1B8A9D0B-375B-47A6-AB67-F5332699EE71.webp?fit=535%2C329&ssl=1&resize=350%2C200 1x, https:\/\/i0.wp.com\/www.shqiperia.com\/blog\/wp-content\/uploads\/2025\/10\/1B8A9D0B-375B-47A6-AB67-F5332699EE71.webp?fit=535%2C329&ssl=1&resize=525%2C300 1.5x"},"classes":[]}],"_links":{"self":[{"href":"https:\/\/www.shqiperia.com\/blog\/wp-json\/wp\/v2\/posts\/42099","targetHints":{"allow":["GET"]}}],"collection":[{"href":"https:\/\/www.shqiperia.com\/blog\/wp-json\/wp\/v2\/posts"}],"about":[{"href":"https:\/\/www.shqiperia.com\/blog\/wp-json\/wp\/v2\/types\/post"}],"author":[{"embeddable":true,"href":"https:\/\/www.shqiperia.com\/blog\/wp-json\/wp\/v2\/users\/9"}],"replies":[{"embeddable":true,"href":"https:\/\/www.shqiperia.com\/blog\/wp-json\/wp\/v2\/comments?post=42099"}],"version-history":[{"count":3,"href":"https:\/\/www.shqiperia.com\/blog\/wp-json\/wp\/v2\/posts\/42099\/revisions"}],"predecessor-version":[{"id":42106,"href":"https:\/\/www.shqiperia.com\/blog\/wp-json\/wp\/v2\/posts\/42099\/revisions\/42106"}],"wp:featuredmedia":[{"embeddable":true,"href":"https:\/\/www.shqiperia.com\/blog\/wp-json\/wp\/v2\/media\/42100"}],"wp:attachment":[{"href":"https:\/\/www.shqiperia.com\/blog\/wp-json\/wp\/v2\/media?parent=42099"}],"wp:term":[{"taxonomy":"category","embeddable":true,"href":"https:\/\/www.shqiperia.com\/blog\/wp-json\/wp\/v2\/categories?post=42099"},{"taxonomy":"post_tag","embeddable":true,"href":"https:\/\/www.shqiperia.com\/blog\/wp-json\/wp\/v2\/tags?post=42099"}],"curies":[{"name":"wp","href":"https:\/\/api.w.org\/{rel}","templated":true}]}}