{"id":42096,"date":"2020-12-20T17:27:19","date_gmt":"2020-12-20T17:27:19","guid":{"rendered":"https:\/\/www.shqiperia.com\/blog\/?p=42096"},"modified":"2020-12-20T17:27:19","modified_gmt":"2020-12-20T17:27:19","slug":"lloji-i-ri-i-covid-disa-shtete-anulojne-fluturimet-me-britanine","status":"publish","type":"post","link":"https:\/\/www.shqiperia.com\/blog\/lloji-i-ri-i-covid-disa-shtete-anulojne-fluturimet-me-britanine\/","title":{"rendered":"Lloji i ri i COVID, disa shtete anulojn\u00eb fluturimet me Britanin\u00eb"},"content":{"rendered":"<p><img data-recalc-dims=\"1\" loading=\"lazy\" decoding=\"async\" data-attachment-id=\"42097\" data-permalink=\"https:\/\/www.shqiperia.com\/blog\/lloji-i-ri-i-covid-disa-shtete-anulojne-fluturimet-me-britanine\/covid-5\/\" data-orig-file=\"https:\/\/i0.wp.com\/www.shqiperia.com\/blog\/wp-content\/uploads\/2020\/12\/covid-5.jpg?fit=600%2C354&amp;ssl=1\" data-orig-size=\"600,354\" data-comments-opened=\"1\" data-image-meta=\"{&quot;aperture&quot;:&quot;0&quot;,&quot;credit&quot;:&quot;Romina Malaj&quot;,&quot;camera&quot;:&quot;&quot;,&quot;caption&quot;:&quot;&quot;,&quot;created_timestamp&quot;:&quot;1608026812&quot;,&quot;copyright&quot;:&quot;&quot;,&quot;focal_length&quot;:&quot;0&quot;,&quot;iso&quot;:&quot;0&quot;,&quot;shutter_speed&quot;:&quot;0&quot;,&quot;title&quot;:&quot;&quot;,&quot;orientation&quot;:&quot;1&quot;}\" data-image-title=\"covid-5\" data-image-description=\"\" data-image-caption=\"\" data-medium-file=\"https:\/\/i0.wp.com\/www.shqiperia.com\/blog\/wp-content\/uploads\/2020\/12\/covid-5.jpg?fit=300%2C177&amp;ssl=1\" data-large-file=\"https:\/\/i0.wp.com\/www.shqiperia.com\/blog\/wp-content\/uploads\/2020\/12\/covid-5.jpg?fit=600%2C354&amp;ssl=1\" class=\"alignnone  wp-image-42097\" alt=\"\" src=\"https:\/\/i0.wp.com\/www.shqiperia.com\/blog\/wp-content\/uploads\/2020\/12\/covid-5.jpg?resize=551%2C325&#038;ssl=1\" width=\"551\" height=\"325\" srcset=\"https:\/\/i0.wp.com\/www.shqiperia.com\/blog\/wp-content\/uploads\/2020\/12\/covid-5.jpg?resize=300%2C177&amp;ssl=1 300w, https:\/\/i0.wp.com\/www.shqiperia.com\/blog\/wp-content\/uploads\/2020\/12\/covid-5.jpg?resize=450%2C266&amp;ssl=1 450w, https:\/\/i0.wp.com\/www.shqiperia.com\/blog\/wp-content\/uploads\/2020\/12\/covid-5.jpg?resize=400%2C236&amp;ssl=1 400w, https:\/\/i0.wp.com\/www.shqiperia.com\/blog\/wp-content\/uploads\/2020\/12\/covid-5.jpg?w=600&amp;ssl=1 600w\" sizes=\"auto, (max-width: 551px) 100vw, 551px\" \/><\/p>\n<p>Lloji i ri i COVID, disa shtete anulojn\u00eb fluturimet me Britanin\u00eb<\/p>\n<p><strong>20 dhjetor 2020<\/strong><\/p>\n<p>Londra dhe disa qytete t\u00eb tjera n\u00eb Angli gjenden t\u00eb izoluara nga kjo e diel, pasi ekspert\u00ebt britanik\u00eb konfirmuan se nj\u00eb version t\u00eb ri t\u00eb koronavirusit i cili ka nje aftesi te madhe perhapje ndryshe nga versioni i pare i Sars covid 19.<\/p>\n<p>Organizata Bot\u00ebrore e sh\u00ebndet\u00ebsis\u00eb ka konfirmuar se ky lloj i ri i koronavirusit \u00ebsht\u00eb identifikuar edhe n\u00eb Danimark\u00eb, Holland\u00eb dhe Australi por do t\u00eb duhen m\u00eb shum\u00eb analiza dhe informacione gjat\u00eb jav\u00ebve n\u00eb vijim p\u00ebr t\u00eb kuptuar ndikimin e tij.<\/p>\n<p>Nd\u00ebrkoh\u00eb Italia, Belgjika, Gjermania dhe disa vende t\u00eb tjera europiane kan\u00eb anuluar fluturimet drejt Mbret\u00ebris\u00eb s\u00eb Bashkuar.<\/p>\n<p>\u201cLajmi i Fundit\u201d.<\/p>\n","protected":false},"excerpt":{"rendered":"<p>Lloji i ri i COVID, disa shtete anulojn\u00eb fluturimet me Britanin\u00eb 20 dhjetor 2020 Londra dhe disa qytete t\u00eb tjera n\u00eb Angli gjenden t\u00eb izoluara nga kjo e diel, pasi ekspert\u00ebt britanik\u00eb konfirmuan se nj\u00eb version t\u00eb ri t\u00eb koronavirusit i cili ka nje aftesi te madhe perhapje ndryshe nga versioni i pare i Sars [&hellip;]<\/p>\n","protected":false},"author":9,"featured_media":42097,"comment_status":"open","ping_status":"open","sticky":false,"template":"","format":"standard","meta":{"jetpack_post_was_ever_published":false,"_jetpack_newsletter_access":"","_jetpack_dont_email_post_to_subs":false,"_jetpack_newsletter_tier_id":0,"_jetpack_memberships_contains_paywalled_content":false,"_jetpack_memberships_contains_paid_content":false,"footnotes":"","jetpack_publicize_message":"","jetpack_publicize_feature_enabled":true,"jetpack_social_post_already_shared":true,"jetpack_social_options":{"image_generator_settings":{"template":"highway","default_image_id":0,"font":"","enabled":false},"version":2}},"categories":[27,1],"tags":[],"class_list":["post-42096","post","type-post","status-publish","format-standard","has-post-thumbnail","hentry","category-blogu-i-udhetarit","category-njoftime-shtypi"],"jetpack_publicize_connections":[],"jetpack_featured_media_url":"https:\/\/i0.wp.com\/www.shqiperia.com\/blog\/wp-content\/uploads\/2020\/12\/covid-5.jpg?fit=600%2C354&ssl=1","jetpack_sharing_enabled":true,"jetpack_shortlink":"https:\/\/wp.me\/p5Z6wp-aWY","jetpack-related-posts":[{"id":42123,"url":"https:\/\/www.shqiperia.com\/blog\/kete-here-nuk-eshte-brexit-15-shtete-mbyllin-kufijte-me-britanine-e-madhe-mutacioni-i-ri-i-covid-frikeson-europianet-largohen-me-avionet-e-fundit-nga-vendi-po-shqiperia-do-marre-masa\/","url_meta":{"origin":42096,"position":0},"title":"K\u00ebt\u00eb her\u00eb nuk \u00ebsht\u00eb Brexit! 15 shtete mbyllin kufijt\u00eb me Britanin\u00eb e Madhe. Mutacioni i ri i Covid frik\u00ebson europian\u00ebt, largohen me avion\u00ebt e fundit nga vendi. Po Shqip\u00ebria do marr\u00eb masa?","author":"Kurt Farka","date":"December 21, 2020","format":false,"excerpt":"K\u00ebt\u00eb her\u00eb nuk \u00ebsht\u00eb Brexit! 15 shtete mbyllin kufijt\u00eb me Britanin\u00eb e Madhe. Mutacioni i ri i Covid frik\u00ebson europian\u00ebt, largohen me avion\u00ebt e fundit nga vendi. Po Shqip\u00ebria do marr\u00eb masa? 21 dhjetor 2020 Britania e Madhe \u00ebsht\u00eb n\u00eb lockdown! Mutacioni i ri i ngjash\u00ebm me Covid ka b\u00ebr\u00eb\u2026","rel":"","context":"In &quot;Blogu i Udh\u00ebtarit&quot;","block_context":{"text":"Blogu i Udh\u00ebtarit","link":"https:\/\/www.shqiperia.com\/blog\/category\/blogu-i-udhetarit\/"},"img":{"alt_text":"","src":"https:\/\/i0.wp.com\/www.shqiperia.com\/blog\/wp-content\/uploads\/2020\/12\/unnamed-5.jpg?fit=432%2C223&ssl=1&resize=350%2C200","width":350,"height":200},"classes":[]},{"id":42298,"url":"https:\/\/www.shqiperia.com\/blog\/7-simptomat-e-llojit-te-ri-te-koronavirusit\/","url_meta":{"origin":42096,"position":1},"title":"7 simptomat e llojit t\u00eb ri t\u00eb koronavirusit","author":"Kurt Farka","date":"December 25, 2020","format":false,"excerpt":"7 simptomat e llojit t\u00eb ri t\u00eb koronavirusit 25 DHJETOR 2020 Shfaqja e nj\u00eb lloji t\u00eb ri t\u00eb koronavirusit n\u00eb Angli ka shkaktuar shqet\u00ebsim dhe shkenc\u00ebtar\u00ebt e studiuesit e mjek\u00ebsis\u00eb po punojn\u00eb vazhdimisht p\u00ebr t\u00eb p\u00ebrcaktuar burimin e variantit t\u00eb ri. Nj\u00eb variant i ri i koronavirusit i quajtur \u201cVUI\u2026","rel":"","context":"In &quot;Blogu i Udh\u00ebtarit&quot;","block_context":{"text":"Blogu i Udh\u00ebtarit","link":"https:\/\/www.shqiperia.com\/blog\/category\/blogu-i-udhetarit\/"},"img":{"alt_text":"","src":"https:\/\/i0.wp.com\/www.shqiperia.com\/blog\/wp-content\/uploads\/2020\/12\/640-0-5fe5b98cef6b6.jpg?fit=640%2C360&ssl=1&resize=350%2C200","width":350,"height":200,"srcset":"https:\/\/i0.wp.com\/www.shqiperia.com\/blog\/wp-content\/uploads\/2020\/12\/640-0-5fe5b98cef6b6.jpg?fit=640%2C360&ssl=1&resize=350%2C200 1x, https:\/\/i0.wp.com\/www.shqiperia.com\/blog\/wp-content\/uploads\/2020\/12\/640-0-5fe5b98cef6b6.jpg?fit=640%2C360&ssl=1&resize=525%2C300 1.5x"},"classes":[]},{"id":40453,"url":"https:\/\/www.shqiperia.com\/blog\/zbulohet-lloji-i-ri-i-koronavirusit-ne-evrope-perhapet-shume-shpejt-ka-lindur-nga-fermeret-spanjolle\/","url_meta":{"origin":42096,"position":2},"title":"Zbulohet lloji i ri i koronavirusit n\u00eb Evrop\u00eb, p\u00ebrhapet shum\u00eb shpejt \u2013 ka \u2018lindur\u2019 nga fermer\u00ebt spanjoll\u00eb","author":"Kurt Farka","date":"November 2, 2020","format":false,"excerpt":"Zbulohet lloji i ri i koronavirusit n\u00eb Evrop\u00eb, p\u00ebrhapet shum\u00eb shpejt \u2013 ka \u2018lindur\u2019 nga fermer\u00ebt spanjoll\u00eb - 02.11.20 Nj\u00eb ekip nd\u00ebrkomb\u00ebtar\u00eb i shkenc\u00ebtar\u00ebve kan\u00eb arritur t\u00eb identifikojn\u00eb nj\u00eb lloj t\u00eb ri t\u00eb coronavirusit, i cili ka \u201crr\u00ebnj\u00ebt\u201d n\u00eb Spanj\u00eb, e i cili nga vera po p\u00ebrhapet n\u00ebp\u00ebr Evrop\u00eb. Besohet\u2026","rel":"","context":"In &quot;Blogu i Udh\u00ebtarit&quot;","block_context":{"text":"Blogu i Udh\u00ebtarit","link":"https:\/\/www.shqiperia.com\/blog\/category\/blogu-i-udhetarit\/"},"img":{"alt_text":"","src":"https:\/\/i0.wp.com\/www.shqiperia.com\/blog\/wp-content\/uploads\/2020\/11\/spanje-770x433-1.jpg?fit=770%2C409&ssl=1&resize=350%2C200","width":350,"height":200,"srcset":"https:\/\/i0.wp.com\/www.shqiperia.com\/blog\/wp-content\/uploads\/2020\/11\/spanje-770x433-1.jpg?fit=770%2C409&ssl=1&resize=350%2C200 1x, https:\/\/i0.wp.com\/www.shqiperia.com\/blog\/wp-content\/uploads\/2020\/11\/spanje-770x433-1.jpg?fit=770%2C409&ssl=1&resize=525%2C300 1.5x, https:\/\/i0.wp.com\/www.shqiperia.com\/blog\/wp-content\/uploads\/2020\/11\/spanje-770x433-1.jpg?fit=770%2C409&ssl=1&resize=700%2C400 2x"},"classes":[]},{"id":42120,"url":"https:\/\/www.shqiperia.com\/blog\/eshte-shume-ngjites-virusi-anglez-mberrin-dhe-ne-itali-mediat-simptoma-te-lehta-per-nje-makth-te-ri\/","url_meta":{"origin":42096,"position":3},"title":"\u201c\u00cbsht\u00eb shum\u00eb ngjit\u00ebs\u2019\/ \u201cVirusi anglez\u201d mb\u00ebrrin dhe n\u00eb Itali, mediat: &#8211; Simptoma t\u00eb lehta p\u00ebr nj\u00eb makth t\u00eb ri","author":"Kurt Farka","date":"December 21, 2020","format":false,"excerpt":"\u201c\u00cbsht\u00eb shum\u00eb ngjit\u00ebs\u2019\/ \u201cVirusi anglez\u201d mb\u00ebrrin dhe n\u00eb Itali, mediat: - Simptoma t\u00eb lehta p\u00ebr nj\u00eb makth t\u00eb ri 21 dhjetor 2020 \u00a0\u201cVirusi anglez mb\u00ebrrin dhe n\u00eb Itali\u201d, jan\u00eb titujt e mediave italiane k\u00ebt\u00eb t\u00eb h\u00ebn\u00eb, pas konfirmimit t\u00eb rastit t\u00eb par\u00eb n\u00eb k\u00ebt\u00eb shtet, t\u00eb nj\u00eb personi t\u00eb infektuar\u2026","rel":"","context":"In &quot;Blogu i Udh\u00ebtarit&quot;","block_context":{"text":"Blogu i Udh\u00ebtarit","link":"https:\/\/www.shqiperia.com\/blog\/category\/blogu-i-udhetarit\/"},"img":{"alt_text":"","src":"https:\/\/i0.wp.com\/www.shqiperia.com\/blog\/wp-content\/uploads\/2020\/12\/virusi-itali.jpg?fit=656%2C357&ssl=1&resize=350%2C200","width":350,"height":200,"srcset":"https:\/\/i0.wp.com\/www.shqiperia.com\/blog\/wp-content\/uploads\/2020\/12\/virusi-itali.jpg?fit=656%2C357&ssl=1&resize=350%2C200 1x, https:\/\/i0.wp.com\/www.shqiperia.com\/blog\/wp-content\/uploads\/2020\/12\/virusi-itali.jpg?fit=656%2C357&ssl=1&resize=525%2C300 1.5x"},"classes":[]},{"id":42841,"url":"https:\/\/www.shqiperia.com\/blog\/nje-variant-i-ri-i-covid-zbulohet-ne-japoni-obsh-situate-problematike\/","url_meta":{"origin":42096,"position":4},"title":"Nj\u00eb variant i ri i COVID zbulohet n\u00eb Japoni, OBSH: Situat\u00eb problematike","author":"Kurt Farka","date":"January 11, 2021","format":false,"excerpt":"Nj\u00eb variant i ri i COVID zbulohet n\u00eb Japoni, OBSH: Situat\u00eb problematike 11 JANAR 2021 Variantet e reja, m\u00eb ngjit\u00ebse t\u00eb mutuara t\u00eb koronavirusit jan\u00eb \"shum\u00eb problematike\" dhe mund t\u00eb shkaktojn\u00eb m\u00eb shum\u00eb raste dhe shtrime n\u00eb spital n\u00ebse p\u00ebrhapja e virusit nuk kufizohet menj\u00ebher\u00eb, tha kreu i Organizat\u00ebs Bot\u00ebrore\u2026","rel":"","context":"In &quot;Blogu i Udh\u00ebtarit&quot;","block_context":{"text":"Blogu i Udh\u00ebtarit","link":"https:\/\/www.shqiperia.com\/blog\/category\/blogu-i-udhetarit\/"},"img":{"alt_text":"","src":"https:\/\/i0.wp.com\/www.shqiperia.com\/blog\/wp-content\/uploads\/2021\/01\/640-0-5ffcbe4257809.jpeg?fit=640%2C360&ssl=1&resize=350%2C200","width":350,"height":200,"srcset":"https:\/\/i0.wp.com\/www.shqiperia.com\/blog\/wp-content\/uploads\/2021\/01\/640-0-5ffcbe4257809.jpeg?fit=640%2C360&ssl=1&resize=350%2C200 1x, https:\/\/i0.wp.com\/www.shqiperia.com\/blog\/wp-content\/uploads\/2021\/01\/640-0-5ffcbe4257809.jpeg?fit=640%2C360&ssl=1&resize=525%2C300 1.5x"},"classes":[]},{"id":73326,"url":"https:\/\/www.shqiperia.com\/blog\/nje-variant-i-ri-i-koronavirusit-po-perhapet-me-shpejtesi-agjensia-britanike-ja-cfare-pritet-ne-vjeshte\/","url_meta":{"origin":42096,"position":5},"title":"Nj\u00eb variant i ri i koronavirusit po p\u00ebrhapet me shpejt\u00ebsi, agjensia britanike: Ja \u00e7far\u00eb pritet n\u00eb vjesht\u00eb","author":"Kurt Farka","date":"August 6, 2023","format":false,"excerpt":"6 Gusht 2023 Nj\u00eb variant i ri i koronavisurit \u00ebsht\u00eb identifikuar n\u00eb Britanin\u00eb e Madhe. B\u00ebhet fjal\u00eb p\u00ebr EG.5.1, nga varianti i \u201cOmicron\u201d q\u00eb ka infektuar s\u00eb fundmi nj\u00eb num\u00ebr t\u00eb madh njer\u00ebzish. Sipas Agjencis\u00eb britanike p\u00ebr Sigurin\u00eb e Sh\u00ebndetit, varianti i ri \u00ebsht\u00eb p\u00ebrgjegj\u00ebs p\u00ebr 1\/7 e rasteve t\u00eb\u2026","rel":"","context":"In &quot;Blogu i Udh\u00ebtarit&quot;","block_context":{"text":"Blogu i Udh\u00ebtarit","link":"https:\/\/www.shqiperia.com\/blog\/category\/blogu-i-udhetarit\/"},"img":{"alt_text":"","src":"https:\/\/i0.wp.com\/www.shqiperia.com\/blog\/wp-content\/uploads\/2023\/08\/covid-1.jpg?fit=615%2C345&ssl=1&resize=350%2C200","width":350,"height":200,"srcset":"https:\/\/i0.wp.com\/www.shqiperia.com\/blog\/wp-content\/uploads\/2023\/08\/covid-1.jpg?fit=615%2C345&ssl=1&resize=350%2C200 1x, https:\/\/i0.wp.com\/www.shqiperia.com\/blog\/wp-content\/uploads\/2023\/08\/covid-1.jpg?fit=615%2C345&ssl=1&resize=525%2C300 1.5x"},"classes":[]}],"_links":{"self":[{"href":"https:\/\/www.shqiperia.com\/blog\/wp-json\/wp\/v2\/posts\/42096","targetHints":{"allow":["GET"]}}],"collection":[{"href":"https:\/\/www.shqiperia.com\/blog\/wp-json\/wp\/v2\/posts"}],"about":[{"href":"https:\/\/www.shqiperia.com\/blog\/wp-json\/wp\/v2\/types\/post"}],"author":[{"embeddable":true,"href":"https:\/\/www.shqiperia.com\/blog\/wp-json\/wp\/v2\/users\/9"}],"replies":[{"embeddable":true,"href":"https:\/\/www.shqiperia.com\/blog\/wp-json\/wp\/v2\/comments?post=42096"}],"version-history":[{"count":1,"href":"https:\/\/www.shqiperia.com\/blog\/wp-json\/wp\/v2\/posts\/42096\/revisions"}],"predecessor-version":[{"id":42098,"href":"https:\/\/www.shqiperia.com\/blog\/wp-json\/wp\/v2\/posts\/42096\/revisions\/42098"}],"wp:featuredmedia":[{"embeddable":true,"href":"https:\/\/www.shqiperia.com\/blog\/wp-json\/wp\/v2\/media\/42097"}],"wp:attachment":[{"href":"https:\/\/www.shqiperia.com\/blog\/wp-json\/wp\/v2\/media?parent=42096"}],"wp:term":[{"taxonomy":"category","embeddable":true,"href":"https:\/\/www.shqiperia.com\/blog\/wp-json\/wp\/v2\/categories?post=42096"},{"taxonomy":"post_tag","embeddable":true,"href":"https:\/\/www.shqiperia.com\/blog\/wp-json\/wp\/v2\/tags?post=42096"}],"curies":[{"name":"wp","href":"https:\/\/api.w.org\/{rel}","templated":true}]}}