{"id":42092,"date":"2020-12-20T09:31:31","date_gmt":"2020-12-20T09:31:31","guid":{"rendered":"https:\/\/www.shqiperia.com\/blog\/?p=42092"},"modified":"2020-12-20T09:34:42","modified_gmt":"2020-12-20T09:34:42","slug":"lloji-i-ri-i-koronavirusit-ne-britani-po-perhapet-shume-shpejt-obsh-nis-studimet","status":"publish","type":"post","link":"https:\/\/www.shqiperia.com\/blog\/lloji-i-ri-i-koronavirusit-ne-britani-po-perhapet-shume-shpejt-obsh-nis-studimet\/","title":{"rendered":"Lloji i ri i koronavirusit n\u00eb Britani po p\u00ebrhapet shum\u00eb shpejt. OBSH nis studimet."},"content":{"rendered":"<p><img data-recalc-dims=\"1\" loading=\"lazy\" decoding=\"async\" data-attachment-id=\"42093\" data-permalink=\"https:\/\/www.shqiperia.com\/blog\/lloji-i-ri-i-koronavirusit-ne-britani-po-perhapet-shume-shpejt-obsh-nis-studimet\/640-0-5fdf10ddd6ed4-1\/\" data-orig-file=\"https:\/\/i0.wp.com\/www.shqiperia.com\/blog\/wp-content\/uploads\/2020\/12\/640-0-5fdf10ddd6ed4-1.jpg?fit=640%2C360&amp;ssl=1\" data-orig-size=\"640,360\" data-comments-opened=\"1\" data-image-meta=\"{&quot;aperture&quot;:&quot;0&quot;,&quot;credit&quot;:&quot;&quot;,&quot;camera&quot;:&quot;&quot;,&quot;caption&quot;:&quot;&quot;,&quot;created_timestamp&quot;:&quot;0&quot;,&quot;copyright&quot;:&quot;&quot;,&quot;focal_length&quot;:&quot;0&quot;,&quot;iso&quot;:&quot;0&quot;,&quot;shutter_speed&quot;:&quot;0&quot;,&quot;title&quot;:&quot;&quot;,&quot;orientation&quot;:&quot;0&quot;}\" data-image-title=\"-640-0-5fdf10ddd6ed4 (1)\" data-image-description=\"\" data-image-caption=\"\" data-medium-file=\"https:\/\/i0.wp.com\/www.shqiperia.com\/blog\/wp-content\/uploads\/2020\/12\/640-0-5fdf10ddd6ed4-1.jpg?fit=300%2C169&amp;ssl=1\" data-large-file=\"https:\/\/i0.wp.com\/www.shqiperia.com\/blog\/wp-content\/uploads\/2020\/12\/640-0-5fdf10ddd6ed4-1.jpg?fit=640%2C360&amp;ssl=1\" class=\"alignnone wp-image-42093\" alt=\"\" src=\"https:\/\/i0.wp.com\/www.shqiperia.com\/blog\/wp-content\/uploads\/2020\/12\/640-0-5fdf10ddd6ed4-1.jpg?resize=536%2C302&#038;ssl=1\" width=\"536\" height=\"302\" srcset=\"https:\/\/i0.wp.com\/www.shqiperia.com\/blog\/wp-content\/uploads\/2020\/12\/640-0-5fdf10ddd6ed4-1.jpg?resize=300%2C169&amp;ssl=1 300w, https:\/\/i0.wp.com\/www.shqiperia.com\/blog\/wp-content\/uploads\/2020\/12\/640-0-5fdf10ddd6ed4-1.jpg?resize=450%2C253&amp;ssl=1 450w, https:\/\/i0.wp.com\/www.shqiperia.com\/blog\/wp-content\/uploads\/2020\/12\/640-0-5fdf10ddd6ed4-1.jpg?resize=600%2C338&amp;ssl=1 600w, https:\/\/i0.wp.com\/www.shqiperia.com\/blog\/wp-content\/uploads\/2020\/12\/640-0-5fdf10ddd6ed4-1.jpg?resize=400%2C225&amp;ssl=1 400w, https:\/\/i0.wp.com\/www.shqiperia.com\/blog\/wp-content\/uploads\/2020\/12\/640-0-5fdf10ddd6ed4-1.jpg?w=640&amp;ssl=1 640w\" sizes=\"auto, (max-width: 536px) 100vw, 536px\" \/><\/p>\n<p><strong>Lloji i ri i koronavirusit n\u00eb Britani po p\u00ebrhapet shum\u00eb shpejt. OBSH nis studimet.<\/strong><\/p>\n<p><strong>20 DHJETOR 2020.<\/strong><\/p>\n<p>Organizata Bot\u00ebrore e Sh\u00ebndet\u00ebsis\u00eb (OBSH) ka th\u00ebn\u00eb se \u00ebsht\u00eb n\u00eb &#8220;kontakt t\u00eb ngusht\u00eb&#8221; me zyrtar\u00eb t\u00eb Mbret\u00ebris\u00eb s\u00eb Bashkuar, pas shfaqjes s\u00eb nj\u00eb varianti t\u00eb ri t\u00eb koronavirusit.<\/p>\n<p>Varianti i ri po p\u00ebrhapet m\u00eb shpejt, por nuk besohet t\u00eb jet\u00eb m\u00eb vdekjeprur\u00ebs.<\/p>\n<p>Pjes\u00eb t\u00eb m\u00ebdha t\u00eb Anglis\u00eb jug-lindore, p\u00ebrfshir\u00eb Londr\u00ebn, tani jan\u00eb n\u00ebn nj\u00eb nivel t\u00eb ri, m\u00eb t\u00eb rrept\u00eb t\u00eb kufizimeve n\u00eb nj\u00eb p\u00ebrpjekje p\u00ebr t\u00eb frenuar virusin q\u00eb p\u00ebrhapet me shpejt\u00ebsi.<\/p>\n<p>Nuk ka asnj\u00eb prov\u00eb q\u00eb sugjeron se varianti i ri reagon ndryshe ndaj vaksinave.<\/p>\n<p>T\u00eb Diel\u00ebn, Holanda futi nj\u00eb ndalim t\u00eb fluturimeve t\u00eb pasagjer\u00ebve nga Mbret\u00ebria e Bashkuar, p\u00ebr shkak t\u00eb variantit t\u00eb ri. Ndalimi do t\u00eb q\u00ebndroj\u00eb n\u00eb fuqi deri n\u00eb 1 janar, tha qeveria Holandeze.<\/p>\n<p>Qeveria Holandeze gjithashtu tha se do t\u00eb punoj\u00eb me vendet e tjera an\u00ebtare t\u00eb Bashkimit Evropian n\u00eb dit\u00ebt e ardhshme p\u00ebr t\u00eb &#8220;shqyrtuar hap\u00ebsir\u00ebn p\u00ebr kufizimin e m\u00ebtejsh\u00ebm t\u00eb rrezikut t\u00eb llojit t\u00eb ri t\u00eb virusit q\u00eb \u00ebsht\u00eb p\u00ebrhapur n\u00eb Mbret\u00ebrin\u00eb e Bashkuara&#8221;.<\/p>\n<p>Shkenc\u00ebtar\u00ebt britanik\u00eb u p\u00ebrball\u00ebn t\u00eb shtun\u00ebn me nj\u00eb sfid\u00eb serioze p\u00ebr t\u00eb konfirmuar n\u00ebse nj\u00eb mutacion i koronavirusit ishte shfaqur k\u00ebt\u00eb muaj n\u00eb Angli, i cili mund t\u00eb jet\u00eb rezistent ndaj vaksinave q\u00eb po prodhohen aktualisht.<\/p>\n<p>Varianti i ri u identifikua m\u00eb 13 dhjetor n\u00eb komun\u00ebn e Kentit n\u00eb Anglin\u00eb e jugut dhe analizat fillestare t\u00eb shkenc\u00ebtar\u00ebve qeveritar\u00eb \u00e7ojn\u00eb p\u00ebrfundimin se ky virus \u201cpo p\u00ebrhapet m\u00eb me shpejt\u00ebsi se variantet ekzistuese\u201d.<\/p>\n<p>Kryeministri britanik, Boris Johnson zhvilloi nj\u00eb mbledhje t\u00eb kabinetit t\u00eb premten nd\u00ebrkoh\u00eb q\u00eb po shtohet alarmi p\u00ebr k\u00ebrc\u00ebnimin nga ky mutacion, i cili \u00ebsht\u00eb pag\u00ebzuar me inicialet VUI -202012\/01. Zoti Johnson tha n\u00eb nj\u00eb konferenc\u00eb p\u00ebr shtyp t\u00eb shtun\u00ebn se nuk ka ende prova q\u00eb vaksinat ekzistuese nuk japin efekt p\u00ebrball\u00eb k\u00ebtij varianti, por shtoi \u201cKa shum\u00eb t\u00eb panjohura ende\u201d.<\/p>\n<p>Ai vuri n\u00eb dukje se variant i ri \u00ebsht\u00eb deri n\u00eb 70% m\u00eb ngjit\u00ebs se variantet e m\u00ebparshme.<\/p>\n<p>Gazeta Shqip.<\/p>\n","protected":false},"excerpt":{"rendered":"<p>Lloji i ri i koronavirusit n\u00eb Britani po p\u00ebrhapet shum\u00eb shpejt. OBSH nis studimet. 20 DHJETOR 2020. Organizata Bot\u00ebrore e Sh\u00ebndet\u00ebsis\u00eb (OBSH) ka th\u00ebn\u00eb se \u00ebsht\u00eb n\u00eb &#8220;kontakt t\u00eb ngusht\u00eb&#8221; me zyrtar\u00eb t\u00eb Mbret\u00ebris\u00eb s\u00eb Bashkuar, pas shfaqjes s\u00eb nj\u00eb varianti t\u00eb ri t\u00eb koronavirusit. Varianti i ri po p\u00ebrhapet m\u00eb shpejt, por nuk besohet [&hellip;]<\/p>\n","protected":false},"author":9,"featured_media":42093,"comment_status":"open","ping_status":"open","sticky":false,"template":"","format":"standard","meta":{"jetpack_post_was_ever_published":false,"_jetpack_newsletter_access":"","_jetpack_dont_email_post_to_subs":false,"_jetpack_newsletter_tier_id":0,"_jetpack_memberships_contains_paywalled_content":false,"_jetpack_memberships_contains_paid_content":false,"footnotes":"","jetpack_publicize_message":"","jetpack_publicize_feature_enabled":true,"jetpack_social_post_already_shared":true,"jetpack_social_options":{"image_generator_settings":{"template":"highway","default_image_id":0,"font":"","enabled":false},"version":2}},"categories":[27,1,35],"tags":[],"class_list":["post-42092","post","type-post","status-publish","format-standard","has-post-thumbnail","hentry","category-blogu-i-udhetarit","category-njoftime-shtypi","category-shoqerore"],"jetpack_publicize_connections":[],"jetpack_featured_media_url":"https:\/\/i0.wp.com\/www.shqiperia.com\/blog\/wp-content\/uploads\/2020\/12\/640-0-5fdf10ddd6ed4-1.jpg?fit=640%2C360&ssl=1","jetpack_sharing_enabled":true,"jetpack_shortlink":"https:\/\/wp.me\/p5Z6wp-aWU","jetpack-related-posts":[{"id":49524,"url":"https:\/\/www.shqiperia.com\/blog\/obsh-njofton-zbulimin-e-nje-varianti-te-ri-te-koronavirusit-eshte-rezistent-ndaj-vaksines-dhe-me-agresiv-po-vjen-edhe-ne\/","url_meta":{"origin":42092,"position":0},"title":"OBSH njofton zbulimin e nj\u00eb varianti t\u00eb ri t\u00eb koronavirusit: &#8211; \u00cbsht\u00eb rezistent ndaj vaksin\u00ebs dhe m\u00eb agresiv! &#8211; Po vjen edhe n\u00eb&#8230;","author":"Kurt Farka","date":"September 1, 2021","format":false,"excerpt":"OBSH njofton zbulimin e nj\u00eb varianti t\u00eb ri t\u00eb koronavirusit: - \u00cbsht\u00eb rezistent ndaj vaksin\u00ebs dhe m\u00eb agresiv! - Po vjen edhe n\u00eb... 1 SHTATOR 2021 OBSH ka dale me njoftimin se \u00ebsht\u00eb duke verifikuar t\u00eb dh\u00ebnat nga terreni, t\u00eb cilat konfirmojn\u00eb nj\u00eb variant t\u00eb ri t\u00eb koronavirusit, i shfaqur\u2026","rel":"","context":"In &quot;Blogu i Udh\u00ebtarit&quot;","block_context":{"text":"Blogu i Udh\u00ebtarit","link":"https:\/\/www.shqiperia.com\/blog\/category\/blogu-i-udhetarit\/"},"img":{"alt_text":"","src":"https:\/\/i0.wp.com\/www.shqiperia.com\/blog\/wp-content\/uploads\/2021\/09\/800-0-612f3ba5cbb66.jpg?fit=800%2C449&ssl=1&resize=350%2C200","width":350,"height":200,"srcset":"https:\/\/i0.wp.com\/www.shqiperia.com\/blog\/wp-content\/uploads\/2021\/09\/800-0-612f3ba5cbb66.jpg?fit=800%2C449&ssl=1&resize=350%2C200 1x, https:\/\/i0.wp.com\/www.shqiperia.com\/blog\/wp-content\/uploads\/2021\/09\/800-0-612f3ba5cbb66.jpg?fit=800%2C449&ssl=1&resize=525%2C300 1.5x, https:\/\/i0.wp.com\/www.shqiperia.com\/blog\/wp-content\/uploads\/2021\/09\/800-0-612f3ba5cbb66.jpg?fit=800%2C449&ssl=1&resize=700%2C400 2x"},"classes":[]},{"id":42841,"url":"https:\/\/www.shqiperia.com\/blog\/nje-variant-i-ri-i-covid-zbulohet-ne-japoni-obsh-situate-problematike\/","url_meta":{"origin":42092,"position":1},"title":"Nj\u00eb variant i ri i COVID zbulohet n\u00eb Japoni, OBSH: Situat\u00eb problematike","author":"Kurt Farka","date":"January 11, 2021","format":false,"excerpt":"Nj\u00eb variant i ri i COVID zbulohet n\u00eb Japoni, OBSH: Situat\u00eb problematike 11 JANAR 2021 Variantet e reja, m\u00eb ngjit\u00ebse t\u00eb mutuara t\u00eb koronavirusit jan\u00eb \"shum\u00eb problematike\" dhe mund t\u00eb shkaktojn\u00eb m\u00eb shum\u00eb raste dhe shtrime n\u00eb spital n\u00ebse p\u00ebrhapja e virusit nuk kufizohet menj\u00ebher\u00eb, tha kreu i Organizat\u00ebs Bot\u00ebrore\u2026","rel":"","context":"In &quot;Blogu i Udh\u00ebtarit&quot;","block_context":{"text":"Blogu i Udh\u00ebtarit","link":"https:\/\/www.shqiperia.com\/blog\/category\/blogu-i-udhetarit\/"},"img":{"alt_text":"","src":"https:\/\/i0.wp.com\/www.shqiperia.com\/blog\/wp-content\/uploads\/2021\/01\/640-0-5ffcbe4257809.jpeg?fit=640%2C360&ssl=1&resize=350%2C200","width":350,"height":200,"srcset":"https:\/\/i0.wp.com\/www.shqiperia.com\/blog\/wp-content\/uploads\/2021\/01\/640-0-5ffcbe4257809.jpeg?fit=640%2C360&ssl=1&resize=350%2C200 1x, https:\/\/i0.wp.com\/www.shqiperia.com\/blog\/wp-content\/uploads\/2021\/01\/640-0-5ffcbe4257809.jpeg?fit=640%2C360&ssl=1&resize=525%2C300 1.5x"},"classes":[]},{"id":40453,"url":"https:\/\/www.shqiperia.com\/blog\/zbulohet-lloji-i-ri-i-koronavirusit-ne-evrope-perhapet-shume-shpejt-ka-lindur-nga-fermeret-spanjolle\/","url_meta":{"origin":42092,"position":2},"title":"Zbulohet lloji i ri i koronavirusit n\u00eb Evrop\u00eb, p\u00ebrhapet shum\u00eb shpejt \u2013 ka \u2018lindur\u2019 nga fermer\u00ebt spanjoll\u00eb","author":"Kurt Farka","date":"November 2, 2020","format":false,"excerpt":"Zbulohet lloji i ri i koronavirusit n\u00eb Evrop\u00eb, p\u00ebrhapet shum\u00eb shpejt \u2013 ka \u2018lindur\u2019 nga fermer\u00ebt spanjoll\u00eb - 02.11.20 Nj\u00eb ekip nd\u00ebrkomb\u00ebtar\u00eb i shkenc\u00ebtar\u00ebve kan\u00eb arritur t\u00eb identifikojn\u00eb nj\u00eb lloj t\u00eb ri t\u00eb coronavirusit, i cili ka \u201crr\u00ebnj\u00ebt\u201d n\u00eb Spanj\u00eb, e i cili nga vera po p\u00ebrhapet n\u00ebp\u00ebr Evrop\u00eb. Besohet\u2026","rel":"","context":"In &quot;Blogu i Udh\u00ebtarit&quot;","block_context":{"text":"Blogu i Udh\u00ebtarit","link":"https:\/\/www.shqiperia.com\/blog\/category\/blogu-i-udhetarit\/"},"img":{"alt_text":"","src":"https:\/\/i0.wp.com\/www.shqiperia.com\/blog\/wp-content\/uploads\/2020\/11\/spanje-770x433-1.jpg?fit=770%2C409&ssl=1&resize=350%2C200","width":350,"height":200,"srcset":"https:\/\/i0.wp.com\/www.shqiperia.com\/blog\/wp-content\/uploads\/2020\/11\/spanje-770x433-1.jpg?fit=770%2C409&ssl=1&resize=350%2C200 1x, https:\/\/i0.wp.com\/www.shqiperia.com\/blog\/wp-content\/uploads\/2020\/11\/spanje-770x433-1.jpg?fit=770%2C409&ssl=1&resize=525%2C300 1.5x, https:\/\/i0.wp.com\/www.shqiperia.com\/blog\/wp-content\/uploads\/2020\/11\/spanje-770x433-1.jpg?fit=770%2C409&ssl=1&resize=700%2C400 2x"},"classes":[]},{"id":73326,"url":"https:\/\/www.shqiperia.com\/blog\/nje-variant-i-ri-i-koronavirusit-po-perhapet-me-shpejtesi-agjensia-britanike-ja-cfare-pritet-ne-vjeshte\/","url_meta":{"origin":42092,"position":3},"title":"Nj\u00eb variant i ri i koronavirusit po p\u00ebrhapet me shpejt\u00ebsi, agjensia britanike: Ja \u00e7far\u00eb pritet n\u00eb vjesht\u00eb","author":"Kurt Farka","date":"August 6, 2023","format":false,"excerpt":"6 Gusht 2023 Nj\u00eb variant i ri i koronavisurit \u00ebsht\u00eb identifikuar n\u00eb Britanin\u00eb e Madhe. B\u00ebhet fjal\u00eb p\u00ebr EG.5.1, nga varianti i \u201cOmicron\u201d q\u00eb ka infektuar s\u00eb fundmi nj\u00eb num\u00ebr t\u00eb madh njer\u00ebzish. Sipas Agjencis\u00eb britanike p\u00ebr Sigurin\u00eb e Sh\u00ebndetit, varianti i ri \u00ebsht\u00eb p\u00ebrgjegj\u00ebs p\u00ebr 1\/7 e rasteve t\u00eb\u2026","rel":"","context":"In &quot;Blogu i Udh\u00ebtarit&quot;","block_context":{"text":"Blogu i Udh\u00ebtarit","link":"https:\/\/www.shqiperia.com\/blog\/category\/blogu-i-udhetarit\/"},"img":{"alt_text":"","src":"https:\/\/i0.wp.com\/www.shqiperia.com\/blog\/wp-content\/uploads\/2023\/08\/covid-1.jpg?fit=615%2C345&ssl=1&resize=350%2C200","width":350,"height":200,"srcset":"https:\/\/i0.wp.com\/www.shqiperia.com\/blog\/wp-content\/uploads\/2023\/08\/covid-1.jpg?fit=615%2C345&ssl=1&resize=350%2C200 1x, https:\/\/i0.wp.com\/www.shqiperia.com\/blog\/wp-content\/uploads\/2023\/08\/covid-1.jpg?fit=615%2C345&ssl=1&resize=525%2C300 1.5x"},"classes":[]},{"id":70723,"url":"https:\/\/www.shqiperia.com\/blog\/tjeter-version-i-covid-19-shkencetaret-dalin-me-paralajmerimin\/","url_meta":{"origin":42092,"position":4},"title":"Tjet\u00ebr version i Covid-19, shkenc\u00ebtar\u00ebt dalin me paralajm\u00ebrimin","author":"Kurt Farka","date":"April 12, 2023","format":false,"excerpt":"12 Prill 2023 N\u00eb Britanin\u00eb e Madhe po qarkullon nj\u00eb variant i ri i koronavirusit, i cili u em\u00ebrua \"Arcturos\" dhe tashm\u00eb po \"p\u00ebrhapet\" m\u00eb shum\u00eb n\u00eb Indi. Si\u00e7 b\u00ebhet e ditur nga mediat britanike, mutacioni i ri shum\u00eb i transmetuesh\u00ebm u shfaq n\u00eb Britanin\u00eb e Madhe p\u00ebr her\u00eb t\u00eb\u2026","rel":"","context":"In &quot;Blogu i Udh\u00ebtarit&quot;","block_context":{"text":"Blogu i Udh\u00ebtarit","link":"https:\/\/www.shqiperia.com\/blog\/category\/blogu-i-udhetarit\/"},"img":{"alt_text":"","src":"https:\/\/i0.wp.com\/www.shqiperia.com\/blog\/wp-content\/uploads\/2023\/04\/800-0-31bdc9d5e9263c9787532b7242e52663.jpg?fit=800%2C420&ssl=1&resize=350%2C200","width":350,"height":200,"srcset":"https:\/\/i0.wp.com\/www.shqiperia.com\/blog\/wp-content\/uploads\/2023\/04\/800-0-31bdc9d5e9263c9787532b7242e52663.jpg?fit=800%2C420&ssl=1&resize=350%2C200 1x, https:\/\/i0.wp.com\/www.shqiperia.com\/blog\/wp-content\/uploads\/2023\/04\/800-0-31bdc9d5e9263c9787532b7242e52663.jpg?fit=800%2C420&ssl=1&resize=525%2C300 1.5x, https:\/\/i0.wp.com\/www.shqiperia.com\/blog\/wp-content\/uploads\/2023\/04\/800-0-31bdc9d5e9263c9787532b7242e52663.jpg?fit=800%2C420&ssl=1&resize=700%2C400 2x"},"classes":[]},{"id":83559,"url":"https:\/\/www.shqiperia.com\/blog\/obsh-per-line-e-majmunit-nuk-eshte-covid-i-ri-ja-simptomat-qe-ka\/","url_meta":{"origin":42092,"position":5},"title":"OBSH p\u00ebr lin\u00eb e majmunit: &#8211; Nuk \u00ebsht\u00eb Covid i ri, ja simptomat q\u00eb ka","author":"Kurt Farka","date":"August 20, 2024","format":false,"excerpt":"21 Gusht 2024 Nj\u00eb zyrtar i Organizat\u00ebs Bot\u00ebrore t\u00eb Sh\u00ebndet\u00ebsis\u00eb tha t\u00eb mart\u00ebn se lija e majmunit, pavar\u00ebsisht n\u00ebse \u00ebsht\u00eb lloji i ri apo i vjet\u00ebr, nuk \u00ebsht\u00eb COVID-i i ri, pasi autoritetet din\u00eb t\u00eb kontrollojn\u00eb p\u00ebrhapjen e tij. \u201cNe mund dhe duhet ta trajtojm\u00eb k\u00ebt\u00eb s\u00ebmundje s\u00eb bashku\u201d, tha\u2026","rel":"","context":"In &quot;Blogu i Udh\u00ebtarit&quot;","block_context":{"text":"Blogu i Udh\u00ebtarit","link":"https:\/\/www.shqiperia.com\/blog\/category\/blogu-i-udhetarit\/"},"img":{"alt_text":"","src":"https:\/\/i0.wp.com\/www.shqiperia.com\/blog\/wp-content\/uploads\/2024\/08\/lija-e-majmunit1-770x450-1.jpg?fit=770%2C450&ssl=1&resize=350%2C200","width":350,"height":200,"srcset":"https:\/\/i0.wp.com\/www.shqiperia.com\/blog\/wp-content\/uploads\/2024\/08\/lija-e-majmunit1-770x450-1.jpg?fit=770%2C450&ssl=1&resize=350%2C200 1x, https:\/\/i0.wp.com\/www.shqiperia.com\/blog\/wp-content\/uploads\/2024\/08\/lija-e-majmunit1-770x450-1.jpg?fit=770%2C450&ssl=1&resize=525%2C300 1.5x, https:\/\/i0.wp.com\/www.shqiperia.com\/blog\/wp-content\/uploads\/2024\/08\/lija-e-majmunit1-770x450-1.jpg?fit=770%2C450&ssl=1&resize=700%2C400 2x"},"classes":[]}],"_links":{"self":[{"href":"https:\/\/www.shqiperia.com\/blog\/wp-json\/wp\/v2\/posts\/42092","targetHints":{"allow":["GET"]}}],"collection":[{"href":"https:\/\/www.shqiperia.com\/blog\/wp-json\/wp\/v2\/posts"}],"about":[{"href":"https:\/\/www.shqiperia.com\/blog\/wp-json\/wp\/v2\/types\/post"}],"author":[{"embeddable":true,"href":"https:\/\/www.shqiperia.com\/blog\/wp-json\/wp\/v2\/users\/9"}],"replies":[{"embeddable":true,"href":"https:\/\/www.shqiperia.com\/blog\/wp-json\/wp\/v2\/comments?post=42092"}],"version-history":[{"count":2,"href":"https:\/\/www.shqiperia.com\/blog\/wp-json\/wp\/v2\/posts\/42092\/revisions"}],"predecessor-version":[{"id":42095,"href":"https:\/\/www.shqiperia.com\/blog\/wp-json\/wp\/v2\/posts\/42092\/revisions\/42095"}],"wp:featuredmedia":[{"embeddable":true,"href":"https:\/\/www.shqiperia.com\/blog\/wp-json\/wp\/v2\/media\/42093"}],"wp:attachment":[{"href":"https:\/\/www.shqiperia.com\/blog\/wp-json\/wp\/v2\/media?parent=42092"}],"wp:term":[{"taxonomy":"category","embeddable":true,"href":"https:\/\/www.shqiperia.com\/blog\/wp-json\/wp\/v2\/categories?post=42092"},{"taxonomy":"post_tag","embeddable":true,"href":"https:\/\/www.shqiperia.com\/blog\/wp-json\/wp\/v2\/tags?post=42092"}],"curies":[{"name":"wp","href":"https:\/\/api.w.org\/{rel}","templated":true}]}}