{"id":42089,"date":"2020-12-20T09:13:36","date_gmt":"2020-12-20T09:13:36","guid":{"rendered":"https:\/\/www.shqiperia.com\/blog\/?p=42089"},"modified":"2020-12-20T09:13:36","modified_gmt":"2020-12-20T09:13:36","slug":"turp-historik-tuz-me-7-fruer-1945","status":"publish","type":"post","link":"https:\/\/www.shqiperia.com\/blog\/turp-historik-tuz-me-7-fruer-1945\/","title":{"rendered":"TURP HISTORIK ;   &#8211; Tuz, me 7 fruer 1945"},"content":{"rendered":"<p><img data-recalc-dims=\"1\" loading=\"lazy\" decoding=\"async\" data-attachment-id=\"42090\" data-permalink=\"https:\/\/www.shqiperia.com\/blog\/turp-historik-tuz-me-7-fruer-1945\/129914753_4399571110059993_268685360011909718_o\/\" data-orig-file=\"https:\/\/i0.wp.com\/www.shqiperia.com\/blog\/wp-content\/uploads\/2020\/12\/129914753_4399571110059993_268685360011909718_o.jpg?fit=958%2C540&amp;ssl=1\" data-orig-size=\"958,540\" data-comments-opened=\"1\" data-image-meta=\"{&quot;aperture&quot;:&quot;0&quot;,&quot;credit&quot;:&quot;Picasa&quot;,&quot;camera&quot;:&quot;&quot;,&quot;caption&quot;:&quot;&quot;,&quot;created_timestamp&quot;:&quot;0&quot;,&quot;copyright&quot;:&quot;&quot;,&quot;focal_length&quot;:&quot;0&quot;,&quot;iso&quot;:&quot;0&quot;,&quot;shutter_speed&quot;:&quot;0&quot;,&quot;title&quot;:&quot;&quot;,&quot;orientation&quot;:&quot;0&quot;}\" data-image-title=\"129914753_4399571110059993_268685360011909718_o\" data-image-description=\"\" data-image-caption=\"\" data-medium-file=\"https:\/\/i0.wp.com\/www.shqiperia.com\/blog\/wp-content\/uploads\/2020\/12\/129914753_4399571110059993_268685360011909718_o.jpg?fit=300%2C169&amp;ssl=1\" data-large-file=\"https:\/\/i0.wp.com\/www.shqiperia.com\/blog\/wp-content\/uploads\/2020\/12\/129914753_4399571110059993_268685360011909718_o.jpg?fit=958%2C540&amp;ssl=1\" class=\"alignnone  wp-image-42090\" alt=\"\" src=\"https:\/\/i0.wp.com\/www.shqiperia.com\/blog\/wp-content\/uploads\/2020\/12\/129914753_4399571110059993_268685360011909718_o.jpg?resize=545%2C307&#038;ssl=1\" width=\"545\" height=\"307\" srcset=\"https:\/\/i0.wp.com\/www.shqiperia.com\/blog\/wp-content\/uploads\/2020\/12\/129914753_4399571110059993_268685360011909718_o.jpg?resize=300%2C169&amp;ssl=1 300w, https:\/\/i0.wp.com\/www.shqiperia.com\/blog\/wp-content\/uploads\/2020\/12\/129914753_4399571110059993_268685360011909718_o.jpg?resize=768%2C433&amp;ssl=1 768w, https:\/\/i0.wp.com\/www.shqiperia.com\/blog\/wp-content\/uploads\/2020\/12\/129914753_4399571110059993_268685360011909718_o.jpg?resize=450%2C254&amp;ssl=1 450w, https:\/\/i0.wp.com\/www.shqiperia.com\/blog\/wp-content\/uploads\/2020\/12\/129914753_4399571110059993_268685360011909718_o.jpg?resize=600%2C338&amp;ssl=1 600w, https:\/\/i0.wp.com\/www.shqiperia.com\/blog\/wp-content\/uploads\/2020\/12\/129914753_4399571110059993_268685360011909718_o.jpg?resize=400%2C225&amp;ssl=1 400w, https:\/\/i0.wp.com\/www.shqiperia.com\/blog\/wp-content\/uploads\/2020\/12\/129914753_4399571110059993_268685360011909718_o.jpg?w=958&amp;ssl=1 958w\" sizes=\"auto, (max-width: 545px) 100vw, 545px\" \/><\/p>\n<p>TURP HISTORIK<\/p>\n<p>Nga: Anton Pllumaj<\/p>\n<p>Tuz, me 7 fruer 1945<\/p>\n<p>Kjo jav\u00eb kje tragjike p\u00ebr krahin\u00ebn ton\u00eb dhe dang\u00eb turpit shum\u00eb e zez\u00eb edhe e pashlyeshme p\u00ebr komunista t\u00eb Shqipnis\u00eb, p\u00ebr \u00e7ka kan\u00eb m\u00ebrrijt\u00eb me pranue me ba kund\u00ebr popullit e atdheut.<\/p>\n<p>Gjin Marku e kishte p\u00ebrhap\u00eb lajmin anekand nd\u00ebr malet tona, qi t\u00eb gjith\u00eb burrat e Malsis\u00ebs s\u00eb Madhe, qysh n\u00eb Han t\u00eb Hotit e k\u00ebndej, t\u00eb bashkohen n\u00eb Tuz. Do t&#8217;u diftohet nji gja shum\u00eb me rand\u00ebsi p\u00ebr ket krahin\u00eb shqiptare. Dita e zez\u00eb e k\u00ebsaj mbledhje erdhi. Bashkimi kobzi u ba n\u00eb fush\u00eb, nd\u00ebrmjet kish\u00ebs s\u00eb Tuzit e kazerm\u00ebs s\u00eb rr\u00ebnueme t&#8217;ish ushtris\u00eb turke. N\u00eb tribun\u00eb t\u00eb stolisun me flamuj t\u00eb kuq e me fotografina t\u00eb trilluesave dhe t\u00eb prisave t\u00eb komunizmit, zun\u00eb vend autoritetet civile e ushtarake t\u00eb Malit t\u00eb Zi edhe autoritetet ushtarake t\u00eb Tiran\u00ebs, t\u00eb n\u00ebnshtrueme Beogradit.<\/p>\n<p>T\u00eb par\u00ebt p\u00ebrfaq\u00ebsojshin, me mend e me dinjitet Jugosllavin\u00eb mozaike t\u00eb shovinistave serbo-malazez, nd\u00ebrsa t\u00eb dyt\u00ebt p\u00ebrfaq\u00ebsojshin vet\u00ebm mjekr\u00ebn e Marksit, me dhunime shnjerzore dhe me krime t\u00eb pashembulla n\u00eb histori. Mbledhjen e hapi, si zot sht\u00ebpie n\u00eb sht\u00ebpi t\u00eb huej, Gjeneral Gjok\u00eb Mirashoviqi, tue than\u00eb, me fjal\u00ebt e para, se nuk asht nevoja e perkthimeve t\u00eb fjalimeve n\u00eb shqip, mbasi, simbas tij, t\u00eb gjith\u00eb shqiptar\u00ebt e k\u00ebsaj an\u00eb e kuptojn\u00eb krejt\u00ebsisht mir\u00eb serbishten. Kund\u00ebrshtimet tona, p\u00ebr me i p\u00ebrkthye fjalimet shqip, shkuen kot. \u00c7do gja p\u00ebr ket bashkim ishte organizue e vu p\u00ebr fije n\u00eb p\u00ebrshtatje jugosllave dhe krejt kund\u00ebr interesave jetike t\u00eb kombit shqiptar. Mbas Gjok\u00ebs fol\u00ebn edhe Millosh Rashoviqi e Vasi Popoviq. T\u00eb tre vulos\u00ebn me demagogji marksiste mandatin se kjo krahin\u00eb shqiptare e Mbishkodr\u00ebs ishte ba prap pjes\u00eb e pandashme e Jugosllavis\u00eb.<\/p>\n<p>Tash fjal\u00ebn e muer Gjeneral Shevqet Pe\u00e7i. Krejt i shburrnuem, forcoi thaniet e shok\u00ebve malazez n\u00eb dam t\u00eb kombit t\u00eb vet. Lajmoi cakun e kufinit dhunues n\u00eb Han t\u00eb Hotit edhe i urdh\u00ebroi malsor\u00ebt me ua dor\u00ebzue arm\u00ebt, aty p\u00ebr aty, malazez\u00ebve!? Mandej u kthye tradh\u00ebtari faqezi e iu tha malazez\u00ebve:<\/p>\n<p>&#8211; Merrni k\u00ebta derra reakcionar\u00eb e b\u00ebni t\u00ebrbjet se Shqip\u00ebris\u00eb nuk i duhen gj\u00eb prej gj\u00ebje. Qe dajakun t&#8217;i rrihni e litarin t&#8217;i varni po qe se nuk ju duan dhe nuk i vijojn\u00eb me ju, nd\u00ebrtimin socialist?<\/p>\n<p>Ndamja prej atdheut, qe shkrepje rrufeje rrenuese p\u00ebr burra t\u00eb maleve tona kreshnike. Fjal\u00ebt e Shevqet Pe\u00e7it, pa kurrfar\u00eb majet njerzore, e zemruen shum\u00eb popullin. Pjet\u00ebr Zeku Camaj b\u00ebrtiti:\u00a0 &#8220;T&#8217;i coptojm\u00eb t\u00eb gjith\u00eb dhe t\u00eb vdesim me nder\u00eb p\u00ebr liri e t\u00eb drejta qi po duen me na i shkelun! &#8221;<\/p>\n<p>Burrat e urt\u00eb si Smail \u00c7unmulaj, Kol\u00eb Zefi, Nikoll\u00eb Gali, Ali Zeku, Prentash Zeka, Luc\u00eb Maxhi, Zenel Caku, Gjon Lucnikaj, Tom\u00eb Nika dhe Sherif K\u00ebrnaj e Nik\u00eb Zeka, e qet\u00ebsuen popullin v\u00eblaznisht mos me e m\u00ebsye tribun\u00ebn e atyne kriminelave, qi, n&#8217;em\u00ebn t\u00eb v\u00ebllaznimit marksist, shpall\u00ebn robnimin e nji krahine liridasht\u00ebse. Kund\u00ebrshtuen, me fakte edhe me baza t\u00eb drejta njer\u00ebzore, ndamjen prej atdheut shqiptar. Age Gruda, nd\u00ebr t\u00eb tjera, tha se kjo tragjedi s&#8217;ka mot\u00ebr as shoqe n\u00eb histori marksiste as fashiste. Kol\u00eb Zefi me za t\u00eb nalt\u00eb, i tha Shevqet Pe\u00e7it:<\/p>\n<p>&#8211; Shkop e litar merri me vehte dhe p\u00ebrdori ku je m\u00ebsue! Ndeshjet tona me malazez, dijm\u00eb na e dijn\u00eb ata, si i bajm\u00eb. E mjera Shqipni me ju, edhe t\u00eb mjer\u00ebt na p\u00ebr t\u00eb, qi e kryesueki ju, edhe po na l\u00ebshoni sot prap n\u00eb robni t\u00eb Shkjaut, qi nuk ngihet kurr me gjak t\u00eb shqiptar\u00ebve!&#8230;<\/p>\n<p>Brigadat shqiptare dhe malazeze dhan\u00eb sheje se jemi nga \u00e7do an\u00eb t\u00eb rrethuem, por burrat e maleve tona nuk i ban\u00eb beft aspak&#8230;<\/p>\n<p>Vendimi ishte dhan\u00eb nga jugosllav\u00ebt dhe ashtu mbeti p\u00ebr kobin komb\u00ebtar dhe p\u00ebr turpin e p\u00ebrjetsh\u00ebm t\u00eb komunistave t\u00eb Shqipnis\u00eb. Gjendja u keq\u00ebsue shum\u00eb. Nji pushk\u00eb me kris\u00eb ishim gati p\u00ebr luft\u00eb t\u00eb dy pal\u00ebt. T\u00eb gjith\u00eb mal\u00ebsor\u00ebt ishim t&#8217;armatosun mir\u00eb deri n\u00eb dhamb\u00eb dhe t\u00eb vendosun me vdek\u00eb trimnisht p\u00ebr t\u00eb drejtat tona. Partizan\u00ebt muer\u00ebn pozicione t\u00eb reja largas&#8230;. Zemrimi n\u00eb Shevqet Pe\u00e7in me shok\u00eb t\u00eb tij shqiptar\u00eb, kaloi \u00e7do kufi. Nd\u00ebrkaq, Muzafer Spaho, i prekun shpirtnisht nga kjo tragjedi komb\u00ebtare, u \u00e7ue e tha:<\/p>\n<p>&#8211; V\u00ebllaz\u00ebn shqiptar\u00eb, po e shoh se jeni burra t\u00eb mir\u00eb e atdhetar\u00eb t\u00eb v\u00ebrtet\u00eb. Na kemi luftue kund\u00ebr fashizmit e rendit t\u00eb tij, porse jo kurr p\u00ebr me \u00e7ue n\u00eb vend kufijt e padrejt t\u00eb Versaj\u00ebs, e cila na e pati rr\u00ebmbye gjysm\u00ebn e Shqipnis\u00eb p\u00ebr me plot\u00ebsue intrigat imperialiste dhe&#8230;<\/p>\n<p>\u00c7ka deshti me than\u00eb ma gjat\u00eb Muzaferi nuk dihet sepse Pe\u00e7i e shtyni e nuk e la me fol\u00eb ma tutje dhe nisi me fol\u00eb ai vet\u00eb. Populli u revoltue shum\u00eb qi s&#8217;e la Komisarin e Divizionit me e vijue fjalimin. Nga zhurma kund\u00ebr Shevqetit, qi deshti populli me coptue, nuk u muer vesh \u00e7ka tha Pe\u00e7i. N\u00eb ket gjendje t\u00eb trishtueshme duel\u00eb n\u00eb shesh Pater Zef-Leonard Tagaj:<\/p>\n<p>&#8211; Ju malazez\u00ebve ju lumt\u00eb se jeni atdhetar\u00eb e t\u00eb squet, por si i paski shburrnue e shkombtarizue kaq p\u00ebr mner\u00eb kuqanat shqiptar\u00eb? Arm\u00ebt kemi me ua dor\u00ebzue ju nji her\u00eb tjet\u00ebr, mbasi po e shohim se ram\u00eb prap n\u00eb kthetra tueja.<\/p>\n<p>E ju, o t\u00eb mallkuemit e Shqipnis\u00eb! Si nuk paski mendue paksa p\u00ebr histori tuej t\u00eb zez\u00eb? Mjer\u00eb Shqipnia n\u00eb duer tueja dhe medet p\u00ebr ne, p\u00ebr ju!?<\/p>\n<p>E ju burra, luaj n\u00eb kafas, t\u00eb Malsis\u00eb s\u00eb Madhe, detyr\u00ebn tuej e keni krye, si gjithmon\u00eb t\u00eb par\u00ebt tuej. Zoti qoft\u00eb me ne! Atdheu shqiptar rrnoft\u00eb pa k\u00ebta qi tradh\u00ebtuen kaq me turp p\u00ebr ta. Ju, v\u00ebllaz\u00ebn t\u00eb mi shqiptar\u00eb, po ju thom\u00eb t\u00eb gjith\u00ebve k\u00ebshtu si jemi t&#8217;armatosun t\u00eb nisemi njitash p\u00ebr sht\u00ebpia tona.<\/p>\n<p>T\u00eb gjith\u00eb njiherit u larguem prej atij sheshi n\u00eb drejtimet tona t\u00eb ndryshme, shum\u00eb t\u00eb zemruem n\u00eb komunista shqiptar\u00eb t\u00eb \u00e7oroditun&#8230;<\/p>\n<p>Prenk Gruda &#8221;Ditari i nji zemr\u00ebs s\u00eb lendueme&#8221; 1937-1975, vellimi II, fq.435-437.<\/p>\n<p>PS: N\u00eb fotografi; Pat\u00ebr Zef-Leonard Tagaj me mal\u00ebsor\u00eb n\u00eb Tuz.<\/p>\n<p>Pat\u00ebr Zefin me disa mal\u00ebsor\u00eb, i pushkatojn\u00eb komunistat jugosllav\u00eb, 12 dit\u00eb m\u00eb von\u00eb!<\/p>\n","protected":false},"excerpt":{"rendered":"<p>TURP HISTORIK Nga: Anton Pllumaj Tuz, me 7 fruer 1945 Kjo jav\u00eb kje tragjike p\u00ebr krahin\u00ebn ton\u00eb dhe dang\u00eb turpit shum\u00eb e zez\u00eb edhe e pashlyeshme p\u00ebr komunista t\u00eb Shqipnis\u00eb, p\u00ebr \u00e7ka kan\u00eb m\u00ebrrijt\u00eb me pranue me ba kund\u00ebr popullit e atdheut. Gjin Marku e kishte p\u00ebrhap\u00eb lajmin anekand nd\u00ebr malet tona, qi t\u00eb gjith\u00eb [&hellip;]<\/p>\n","protected":false},"author":9,"featured_media":42090,"comment_status":"open","ping_status":"open","sticky":false,"template":"","format":"standard","meta":{"jetpack_post_was_ever_published":false,"_jetpack_newsletter_access":"","_jetpack_dont_email_post_to_subs":false,"_jetpack_newsletter_tier_id":0,"_jetpack_memberships_contains_paywalled_content":false,"_jetpack_memberships_contains_paid_content":false,"footnotes":"","jetpack_publicize_message":"","jetpack_publicize_feature_enabled":true,"jetpack_social_post_already_shared":true,"jetpack_social_options":{"image_generator_settings":{"template":"highway","default_image_id":0,"font":"","enabled":false},"version":2}},"categories":[27,85,35],"tags":[],"class_list":["post-42089","post","type-post","status-publish","format-standard","has-post-thumbnail","hentry","category-blogu-i-udhetarit","category-histori","category-shoqerore"],"jetpack_publicize_connections":[],"jetpack_featured_media_url":"https:\/\/i0.wp.com\/www.shqiperia.com\/blog\/wp-content\/uploads\/2020\/12\/129914753_4399571110059993_268685360011909718_o.jpg?fit=958%2C540&ssl=1","jetpack_sharing_enabled":true,"jetpack_shortlink":"https:\/\/wp.me\/p5Z6wp-aWR","jetpack-related-posts":[{"id":67004,"url":"https:\/\/www.shqiperia.com\/blog\/turp-historik-nese-ndodh-avokat-ngjela-del-me-reagimin-e-forte-albin-kurti-nuk-do-ta-pranoje-kete-ofendim-te-kombit-shqiptar\/","url_meta":{"origin":42089,"position":0},"title":"&#8220;Turp historik n\u00ebse ndodh&#8221;, avokat Ngjela del me reagimin e fort\u00eb: &#8211; Albin Kurti nuk do ta pranoj\u00eb k\u00ebt\u00eb ofendim t\u00eb kombit shqiptar","author":"Kurt Farka","date":"January 30, 2023","format":false,"excerpt":"30 Janar 2023 \"Bashk\u00ebsia e Komunave Serbe n\u00eb Kosov\u00eb, n\u00ebse v\u00ebrtet ndodh, do t\u00eb jet\u00eb nj\u00eb turp historik.\" K\u00ebshtu shprehet avokati Ngjela n\u00eb nj\u00eb shkrim t\u00eb tij n\u00eb \"facebook\". Ngjela shton m\u00eb tej se ai ka takuar disa shqiptar\u00eb t\u00eb Kosov\u00ebs q\u00eb e fshehin, por kan\u00eb \u201cdashuri\u201d p\u00ebr serb\u00ebt, por\u2026","rel":"","context":"In &quot;Blogu i Udh\u00ebtarit&quot;","block_context":{"text":"Blogu i Udh\u00ebtarit","link":"https:\/\/www.shqiperia.com\/blog\/category\/blogu-i-udhetarit\/"},"img":{"alt_text":"","src":"https:\/\/i0.wp.com\/www.shqiperia.com\/blog\/wp-content\/uploads\/2023\/01\/800-0-9b6b94eb5afdd9f8745fe6a0ddff73d6.png?fit=800%2C507&ssl=1&resize=350%2C200","width":350,"height":200,"srcset":"https:\/\/i0.wp.com\/www.shqiperia.com\/blog\/wp-content\/uploads\/2023\/01\/800-0-9b6b94eb5afdd9f8745fe6a0ddff73d6.png?fit=800%2C507&ssl=1&resize=350%2C200 1x, https:\/\/i0.wp.com\/www.shqiperia.com\/blog\/wp-content\/uploads\/2023\/01\/800-0-9b6b94eb5afdd9f8745fe6a0ddff73d6.png?fit=800%2C507&ssl=1&resize=525%2C300 1.5x, https:\/\/i0.wp.com\/www.shqiperia.com\/blog\/wp-content\/uploads\/2023\/01\/800-0-9b6b94eb5afdd9f8745fe6a0ddff73d6.png?fit=800%2C507&ssl=1&resize=700%2C400 2x"},"classes":[]},{"id":92286,"url":"https:\/\/www.shqiperia.com\/blog\/berisha-departamenti-i-shtetit-i-administrates-biden-nuk-donte-qe-te-publikohej-dokumenti-qe-i-merr-fytyren-reformes-ne-drejtesi\/","url_meta":{"origin":42089,"position":1},"title":"Berisha: &#8211; Departamenti i Shtetit i administrat\u00ebs Biden, nuk donte q\u00eb t\u00eb publikohej dokumenti q\u00eb i merr fytyr\u00ebn reform\u00ebs n\u00eb drejt\u00ebsi","author":"Kurt Farka","date":"May 5, 2025","format":false,"excerpt":"5 Maji 2025 Kreu i Partis\u00eb Demokratike, Sali Berisha, ka hedhur akuza t\u00eb forta ndaj drejt\u00ebsis\u00eb shqiptare dhe Departamentit Amerikan t\u00eb Shtetit, pas paraqitjes s\u00eb tij n\u00eb SPAK p\u00ebr dosjen \u201cPartizani\u201d. N\u00eb nj\u00eb deklarat\u00eb p\u00ebr mediat, Berisha tha se autoritetet greke kishin b\u00ebr\u00eb publik nj\u00eb dokument q\u00eb, sipas tij, rr\u00ebzon\u2026","rel":"","context":"In &quot;Blogu i Udh\u00ebtarit&quot;","block_context":{"text":"Blogu i Udh\u00ebtarit","link":"https:\/\/www.shqiperia.com\/blog\/category\/blogu-i-udhetarit\/"},"img":{"alt_text":"","src":"https:\/\/i0.wp.com\/www.shqiperia.com\/blog\/wp-content\/uploads\/2025\/05\/sali-berisha-paraqitet-ne-spak.jpg?fit=1017%2C582&ssl=1&resize=350%2C200","width":350,"height":200,"srcset":"https:\/\/i0.wp.com\/www.shqiperia.com\/blog\/wp-content\/uploads\/2025\/05\/sali-berisha-paraqitet-ne-spak.jpg?fit=1017%2C582&ssl=1&resize=350%2C200 1x, https:\/\/i0.wp.com\/www.shqiperia.com\/blog\/wp-content\/uploads\/2025\/05\/sali-berisha-paraqitet-ne-spak.jpg?fit=1017%2C582&ssl=1&resize=525%2C300 1.5x, https:\/\/i0.wp.com\/www.shqiperia.com\/blog\/wp-content\/uploads\/2025\/05\/sali-berisha-paraqitet-ne-spak.jpg?fit=1017%2C582&ssl=1&resize=700%2C400 2x"},"classes":[]},{"id":4391,"url":"https:\/\/www.shqiperia.com\/blog\/mic-sokoli-hero-popullit\/","url_meta":{"origin":42089,"position":2},"title":"Mic Sokoli (Hero i Popullit). &#8211;","author":"Kurt Farka","date":"March 7, 2018","format":false,"excerpt":"Mic Sokoli lindi n\u00eb vitin 1839 n\u00eb Fang t\u00eb Bujanit, t\u00eb Rrethit Tropoj\u00eb dhe rridhte nga nj\u00eb familje patriot\u00ebsh. Udh\u00ebhoqi nj\u00ebsi t\u00eb m\u00ebdha ushtarake luftarake n\u00eb shum\u00eb beteja. U shqua p\u00ebr strategji, gatishmeri dhe trimeri. Mori pjes\u00eb aktive n\u00eb luftimet e Shkupit, Prizrenit,Ferizajit, Gjilan, n\u00eb Gjakov\u00eb kund\u00ebr Mehmet Ali Pash\u00ebs,\u2026","rel":"","context":"In &quot;Histori&quot;","block_context":{"text":"Histori","link":"https:\/\/www.shqiperia.com\/blog\/category\/histori\/"},"img":{"alt_text":"","src":"https:\/\/i0.wp.com\/www.shqiperia.com\/blog\/wp-content\/uploads\/2018\/03\/23380231_1577939172250049_7653985260244449658_n.jpg?fit=526%2C331&ssl=1&resize=350%2C200","width":350,"height":200,"srcset":"https:\/\/i0.wp.com\/www.shqiperia.com\/blog\/wp-content\/uploads\/2018\/03\/23380231_1577939172250049_7653985260244449658_n.jpg?fit=526%2C331&ssl=1&resize=350%2C200 1x, https:\/\/i0.wp.com\/www.shqiperia.com\/blog\/wp-content\/uploads\/2018\/03\/23380231_1577939172250049_7653985260244449658_n.jpg?fit=526%2C331&ssl=1&resize=525%2C300 1.5x"},"classes":[]},{"id":70285,"url":"https:\/\/www.shqiperia.com\/blog\/do-ti-jap-rames-pensionin-tim-e-te-shoh-a-i-del-per-nje-muaj-pensionistet-te-pa-kenaqur-per-shperblimin-me-50-mije-leke-turp-e-faqja-zeze-kemi-punuar\/","url_meta":{"origin":42089,"position":3},"title":"\u201cDo t\u2019i jap Ram\u00ebs pensionin tim e t\u00eb shoh a i del p\u00ebr nj\u00eb muaj\u201d, pensionist\u00ebt t\u00eb pa k\u00ebnaqur p\u00ebr \u2018shp\u00ebrblimin\u2019 me 50 mij\u00eb lek\u00eb: &#8211; Turp e faqja zez\u00eb, kemi punuar gjith\u00eb jet\u00ebn. &#8211; Nuk jemi p\u00ebr l\u00ebmosh\u00eb","author":"Kurt Farka","date":"March 31, 2023","format":false,"excerpt":"31 Mars 2023 Dit\u00ebn e djehsme gjat\u00eb nj\u00eb konference me gazetar\u00ebt kryeministri Rama deklaroi se vet\u00ebm n\u00eb muajin Prill pensionist\u00ebve do iu dhurohen 50 mij\u00eb lek\u00eb shp\u00ebrblim. Qytetar\u00ebt jan\u00eb shprehur t\u00eb pak\u00ebnaqur me premtimin e kryeministrit Edi Rama p\u00ebr 50 mij\u00eb lek\u00eb shp\u00ebrblim duke e cil\u00ebsuar l\u00ebmosh\u00eb. Pensionist\u00eb t\u00eb shumt\u00eb\u2026","rel":"","context":"In &quot;Blogu i Udh\u00ebtarit&quot;","block_context":{"text":"Blogu i Udh\u00ebtarit","link":"https:\/\/www.shqiperia.com\/blog\/category\/blogu-i-udhetarit\/"},"img":{"alt_text":"","src":"https:\/\/i0.wp.com\/www.shqiperia.com\/blog\/wp-content\/uploads\/2023\/03\/800-0-64269ade0ec78.jpg?fit=800%2C463&ssl=1&resize=350%2C200","width":350,"height":200,"srcset":"https:\/\/i0.wp.com\/www.shqiperia.com\/blog\/wp-content\/uploads\/2023\/03\/800-0-64269ade0ec78.jpg?fit=800%2C463&ssl=1&resize=350%2C200 1x, https:\/\/i0.wp.com\/www.shqiperia.com\/blog\/wp-content\/uploads\/2023\/03\/800-0-64269ade0ec78.jpg?fit=800%2C463&ssl=1&resize=525%2C300 1.5x, https:\/\/i0.wp.com\/www.shqiperia.com\/blog\/wp-content\/uploads\/2023\/03\/800-0-64269ade0ec78.jpg?fit=800%2C463&ssl=1&resize=700%2C400 2x"},"classes":[]},{"id":93355,"url":"https:\/\/www.shqiperia.com\/blog\/izraeli-vret-kryeministrin-e-jemenit-eliminohen-dhe-zyrtare-te-larte-ushtarake\/","url_meta":{"origin":42089,"position":4},"title":"Izraeli vret kryeministrin e Jemenit, eliminohen dhe zyrtar\u00eb t\u00eb lart\u00eb ushtarak\u00eb","author":"Kurt Farka","date":"August 29, 2025","format":false,"excerpt":"29 Gusht 2025 Nga Gazeta Dita. Kryeministri jemenas Ahmed al Rahawi ka mbetur i vrar\u00eb n\u00eb nj\u00eb seri sulmesh ajrore izraelite n\u00eb Sana, q\u00eb vun\u00eb n\u00eb sh\u00ebnjest\u00ebr edhe autoritetet m\u00eb t\u00eb larta ushtarake. Al Rahawi, i mb\u00ebshtetur nga Irani, nd\u00ebrroi jet\u00eb n\u00eb apartamentin e tij bashk\u00eb me disa bashk\u00ebpun\u00ebtor\u00eb, b\u00ebn\u00eb\u2026","rel":"","context":"In &quot;Blogu i Udh\u00ebtarit&quot;","block_context":{"text":"Blogu i Udh\u00ebtarit","link":"https:\/\/www.shqiperia.com\/blog\/category\/blogu-i-udhetarit\/"},"img":{"alt_text":"","src":"https:\/\/i0.wp.com\/www.shqiperia.com\/blog\/wp-content\/uploads\/2025\/08\/IMG_7678.webp?fit=1200%2C743&ssl=1&resize=350%2C200","width":350,"height":200,"srcset":"https:\/\/i0.wp.com\/www.shqiperia.com\/blog\/wp-content\/uploads\/2025\/08\/IMG_7678.webp?fit=1200%2C743&ssl=1&resize=350%2C200 1x, https:\/\/i0.wp.com\/www.shqiperia.com\/blog\/wp-content\/uploads\/2025\/08\/IMG_7678.webp?fit=1200%2C743&ssl=1&resize=525%2C300 1.5x, https:\/\/i0.wp.com\/www.shqiperia.com\/blog\/wp-content\/uploads\/2025\/08\/IMG_7678.webp?fit=1200%2C743&ssl=1&resize=700%2C400 2x, https:\/\/i0.wp.com\/www.shqiperia.com\/blog\/wp-content\/uploads\/2025\/08\/IMG_7678.webp?fit=1200%2C743&ssl=1&resize=1050%2C600 3x"},"classes":[]},{"id":40910,"url":"https:\/\/www.shqiperia.com\/blog\/libri-i-ri-i-aurel-plasarit-per-te-hershmen-e-te-famshmen-arbni\/","url_meta":{"origin":42089,"position":5},"title":"Libri i ri i Aurel Plasarit per te hershmen e te famshmen Arbni","author":"Kurt Farka","date":"November 16, 2020","format":false,"excerpt":"Libri i ri i Aurel Plasarit per te hershmen e te famshmen Arbni 15\/11\/2020 Nga Fahri Balliu \u2013 (Mendime dhe emocione per librin \u201cArbni\u201dHistorik, Gjeografik, Kishtar dhe Politik. Nje autor i madh ne kohen e koleres zbuloi dhe perjetoi nje dashuri te madhe .Plasari me librin ne fjale ka bere\u2026","rel":"","context":"In &quot;Histori&quot;","block_context":{"text":"Histori","link":"https:\/\/www.shqiperia.com\/blog\/category\/histori\/"},"img":{"alt_text":"","src":"https:\/\/i0.wp.com\/www.shqiperia.com\/blog\/wp-content\/uploads\/2020\/11\/Aurel-Plasari-750x375-1.jpg?fit=750%2C375&ssl=1&resize=350%2C200","width":350,"height":200,"srcset":"https:\/\/i0.wp.com\/www.shqiperia.com\/blog\/wp-content\/uploads\/2020\/11\/Aurel-Plasari-750x375-1.jpg?fit=750%2C375&ssl=1&resize=350%2C200 1x, https:\/\/i0.wp.com\/www.shqiperia.com\/blog\/wp-content\/uploads\/2020\/11\/Aurel-Plasari-750x375-1.jpg?fit=750%2C375&ssl=1&resize=525%2C300 1.5x, https:\/\/i0.wp.com\/www.shqiperia.com\/blog\/wp-content\/uploads\/2020\/11\/Aurel-Plasari-750x375-1.jpg?fit=750%2C375&ssl=1&resize=700%2C400 2x"},"classes":[]}],"_links":{"self":[{"href":"https:\/\/www.shqiperia.com\/blog\/wp-json\/wp\/v2\/posts\/42089","targetHints":{"allow":["GET"]}}],"collection":[{"href":"https:\/\/www.shqiperia.com\/blog\/wp-json\/wp\/v2\/posts"}],"about":[{"href":"https:\/\/www.shqiperia.com\/blog\/wp-json\/wp\/v2\/types\/post"}],"author":[{"embeddable":true,"href":"https:\/\/www.shqiperia.com\/blog\/wp-json\/wp\/v2\/users\/9"}],"replies":[{"embeddable":true,"href":"https:\/\/www.shqiperia.com\/blog\/wp-json\/wp\/v2\/comments?post=42089"}],"version-history":[{"count":1,"href":"https:\/\/www.shqiperia.com\/blog\/wp-json\/wp\/v2\/posts\/42089\/revisions"}],"predecessor-version":[{"id":42091,"href":"https:\/\/www.shqiperia.com\/blog\/wp-json\/wp\/v2\/posts\/42089\/revisions\/42091"}],"wp:featuredmedia":[{"embeddable":true,"href":"https:\/\/www.shqiperia.com\/blog\/wp-json\/wp\/v2\/media\/42090"}],"wp:attachment":[{"href":"https:\/\/www.shqiperia.com\/blog\/wp-json\/wp\/v2\/media?parent=42089"}],"wp:term":[{"taxonomy":"category","embeddable":true,"href":"https:\/\/www.shqiperia.com\/blog\/wp-json\/wp\/v2\/categories?post=42089"},{"taxonomy":"post_tag","embeddable":true,"href":"https:\/\/www.shqiperia.com\/blog\/wp-json\/wp\/v2\/tags?post=42089"}],"curies":[{"name":"wp","href":"https:\/\/api.w.org\/{rel}","templated":true}]}}