{"id":42086,"date":"2020-12-20T09:08:46","date_gmt":"2020-12-20T09:08:46","guid":{"rendered":"https:\/\/www.shqiperia.com\/blog\/?p=42086"},"modified":"2020-12-20T09:08:46","modified_gmt":"2020-12-20T09:08:46","slug":"hebrenjte-e-camerise-tragjedi-e-njejte-si-shqiptaret","status":"publish","type":"post","link":"https:\/\/www.shqiperia.com\/blog\/hebrenjte-e-camerise-tragjedi-e-njejte-si-shqiptaret\/","title":{"rendered":"Hebrenjt\u00eb e \u00c7am\u00ebris\u00eb, tragjedi e nj\u00ebjt\u00eb si shqiptar\u00ebt"},"content":{"rendered":"<p><img data-recalc-dims=\"1\" loading=\"lazy\" decoding=\"async\" data-attachment-id=\"42087\" data-permalink=\"https:\/\/www.shqiperia.com\/blog\/hebrenjte-e-camerise-tragjedi-e-njejte-si-shqiptaret\/hebrenjt-janine-540x335\/\" data-orig-file=\"https:\/\/i0.wp.com\/www.shqiperia.com\/blog\/wp-content\/uploads\/2020\/12\/Hebrenjt-Janine-540x335-1.jpg?fit=540%2C335&amp;ssl=1\" data-orig-size=\"540,335\" data-comments-opened=\"1\" data-image-meta=\"{&quot;aperture&quot;:&quot;0&quot;,&quot;credit&quot;:&quot;&quot;,&quot;camera&quot;:&quot;&quot;,&quot;caption&quot;:&quot;&quot;,&quot;created_timestamp&quot;:&quot;0&quot;,&quot;copyright&quot;:&quot;&quot;,&quot;focal_length&quot;:&quot;0&quot;,&quot;iso&quot;:&quot;0&quot;,&quot;shutter_speed&quot;:&quot;0&quot;,&quot;title&quot;:&quot;&quot;,&quot;orientation&quot;:&quot;0&quot;}\" data-image-title=\"Hebrenjt-Janine-540&#215;335\" data-image-description=\"\" data-image-caption=\"\" data-medium-file=\"https:\/\/i0.wp.com\/www.shqiperia.com\/blog\/wp-content\/uploads\/2020\/12\/Hebrenjt-Janine-540x335-1.jpg?fit=300%2C186&amp;ssl=1\" data-large-file=\"https:\/\/i0.wp.com\/www.shqiperia.com\/blog\/wp-content\/uploads\/2020\/12\/Hebrenjt-Janine-540x335-1.jpg?fit=540%2C335&amp;ssl=1\" class=\"alignnone  wp-image-42087\" alt=\"\" src=\"https:\/\/i0.wp.com\/www.shqiperia.com\/blog\/wp-content\/uploads\/2020\/12\/Hebrenjt-Janine-540x335-1.jpg?resize=423%2C262&#038;ssl=1\" width=\"423\" height=\"262\" srcset=\"https:\/\/i0.wp.com\/www.shqiperia.com\/blog\/wp-content\/uploads\/2020\/12\/Hebrenjt-Janine-540x335-1.jpg?resize=300%2C186&amp;ssl=1 300w, https:\/\/i0.wp.com\/www.shqiperia.com\/blog\/wp-content\/uploads\/2020\/12\/Hebrenjt-Janine-540x335-1.jpg?resize=450%2C279&amp;ssl=1 450w, https:\/\/i0.wp.com\/www.shqiperia.com\/blog\/wp-content\/uploads\/2020\/12\/Hebrenjt-Janine-540x335-1.jpg?resize=400%2C248&amp;ssl=1 400w, https:\/\/i0.wp.com\/www.shqiperia.com\/blog\/wp-content\/uploads\/2020\/12\/Hebrenjt-Janine-540x335-1.jpg?w=540&amp;ssl=1 540w\" sizes=\"auto, (max-width: 423px) 100vw, 423px\" \/><\/p>\n<p><strong>Hebrenjt\u00eb e \u00c7am\u00ebris\u00eb, tragjedi e nj\u00ebjt\u00eb si shqiptar\u00ebt<\/strong><\/p>\n<p>Nga<a href=\"https:\/\/27.al\/author\/27al\/\">27.al<\/a><\/p>\n<p><strong><em>Mitropoli i Janin\u00ebs, Spiridon Vllehu l\u00ebshoi edhe nj\u00eb thirrje publike ku k\u00ebrkonte q\u00eb popullsia ortodokse greke t\u00eb p\u00ebrkrahte gjerman\u00ebt nazist\u00eb, t\u00eb cil\u00ebt kishin ardhur p\u00ebr t\u2019i mbrojtur grek\u00ebt.<\/em><\/strong><\/p>\n<p>Nga\u00a0<strong>Arben Llalla<\/strong><\/p>\n<p>Se kur kan\u00eb ardhur n\u00eb Epir hebrenjt\u00eb sakt\u00eb nuk dihet, nd\u00ebrsa ka histori a legjenda t\u00eb ndryshme. Nj\u00ebra nga legjendat thot\u00eb se kan\u00eb ardhur n\u00eb periudh\u00ebn romake, kurse gjenden dokumenta historik\u00eb, t\u00eb cil\u00ebt flasin p\u00ebr ardhjen e tyre n\u00eb Epir e n\u00eb Shqip\u00ebrin\u00eb e sotme n\u00eb fund t\u00eb shekullit XV. Sido q\u00eb t\u00eb jet\u00eb e v\u00ebrteta e zbritjes s\u00eb hebrenjve n\u00eb Epir ata gjithnj\u00eb kan\u00eb jetuar n\u00eb paqe dhe miq\u00ebsi me shqiptar\u00ebt.<\/p>\n<p>Hebrenjt\u00eb n\u00eb Filat<\/p>\n<p>Hebrenjt\u00eb e Epirit ndaheshin n\u00eb dy grupe, hebrenjt\u00eb romaniot\u00eb, t\u00eb cil\u00ebt gjendeshin aty qysh nga koh\u00ebt romake dhe hebrenjt\u00eb sefardik\u00eb, t\u00eb cil\u00ebt kan\u00eb ardhur nga Spanja. Hebrenjt\u00eb zakonisht gjat\u00eb periudh\u00ebn osmane ishin tregtar\u00eb, mjek\u00eb, por m\u00eb von\u00eb rrok\u00ebn dhe profesione t\u00eb tjera si fotograf\u00eb a farmacist\u00eb.<\/p>\n<p>Flamuri i bashk\u00ebsis\u00eb\u00a0hebre t\u00eb\u00a0Epirit, \u00c7am\u00ebris\u00eb<\/p>\n<p>N\u00eb fund t\u00eb shekullit XIX u vendos\u00ebn n\u00eb Shqip\u00ebrin\u00eb e sotme rreth 40 familje hebrenje t\u00eb p\u00ebrz\u00ebn\u00eb nga Rusia. Hebrenjt\u00eb kishin gjetur tek shqiptar\u00ebt nj\u00eb popull q\u00eb i mir\u00ebpriti dhe nuk kishte shfaqur ndjenja raciale t\u00eb ve\u00e7anta ndaj tyre.<\/p>\n<p>David Efendiu,\u00a0kryetari i komunitetit hebre Janin\u00eb,\u00a01905<\/p>\n<p>Fati i hebrenjve t\u00eb Epirit ishte i lidhur ngusht\u00eb me shqiptar\u00ebt e atjesh\u00ebm. Me themelimin e shtetit grek hebrenjt\u00eb nuk i shp\u00ebtuan persekutimeve. Shum\u00eb nga familjet hebre p\u00ebr t\u2019i shp\u00ebtuar persekutimeve nga shtetit grek braktis\u00ebn pronat dhe sht\u00ebpit\u00eb e tyre n\u00eb Art\u00eb, Prevez\u00eb, Janin\u00eb dhe ishulli i Korfuzit e u vendos\u00ebn n\u00eb Vlor\u00eb, Berat, e gjetk\u00eb.<\/p>\n<p>Me marrjen nga ana e Greqis\u00eb n\u00eb vitin 1913 qytetet q\u00eb njiheshin historikisht shqiptare si Arta, Preveza, Janina, Paramithia, Gumenica, Filati komuniteti hebre u lidh edhe m\u00eb ngusht\u00eb me shqiptar\u00ebt etnik\u00eb q\u00eb mbeten brenda Greqis\u00eb. Mbi hebrenjt\u00eb e Epirit apo t\u00eb \u00c7am\u00ebris\u00eb ushtroheshin presione ashtu si edhe tek \u00e7am\u00ebt p\u00ebr t\u00eb braktisur sht\u00ebpit\u00eb e tyre.<\/p>\n<p>Janin\u00eb, Pashka e hebrenjve, 1904<\/p>\n<p>Hebrenjt\u00eb n\u00eb \u00c7am\u00ebri kishin krijuar me shqiptar\u00ebt ortodoks\u00eb dhe mysliman\u00eb martesa dhe kjo tregonte se ata ndiheshin m\u00eb t\u00eb af\u00ebrt me shqiptar\u00ebt se sa me grek\u00ebt, t\u00eb cil\u00ebt udh\u00ebhiqeshin nga parimet me ortodoksi dhe rac\u00eb t\u00eb past\u00ebr.<\/p>\n<p>Me arritjen e marr\u00ebveshjes paq\u00ebsore t\u00eb garnizoneve greke n\u00eb Epir me gjerman\u00ebt nazist\u00eb n\u00eb Prill 1941, nisi d\u00ebrgimi n\u00eb mas\u00eb i hebrenj\u00ebve n\u00eb kampet e shfarosjes. Ishin pik\u00ebrisht hebrenjt\u00eb e Epirit ata q\u00eb u d\u00ebrguan t\u00eb par\u00ebt me kamion\u00eb n\u00ebp\u00ebr k\u00ebto kampe.<\/p>\n<p>Nx\u00ebn\u00ebsit e shkoll\u00ebs hebre, Janin\u00eb, 1913<\/p>\n<p>Ushtria gjermane n\u00eb Epir gjeti p\u00ebrkrahje nga kisha greke dhe n\u00eb ve\u00e7anti nga Mitropoliti i Janin\u00ebs Sipiridon Vllehu, i cili pas lufte do b\u00ebhej kryepeshkop i Greqis\u00eb.<\/p>\n<p>Madje, Mitropoli i Janin\u00ebs, Spiridon Vllehu l\u00ebshoi edhe nj\u00eb thirrje publike ku k\u00ebrkonte q\u00eb popullsia ortodokse greke t\u00eb p\u00ebrkrahte gjerman\u00ebt nazist\u00eb, t\u00eb cil\u00ebt kishin ardhur p\u00ebr t\u2019i mbrojtur grek\u00ebt.<\/p>\n<p>Nj\u00eb familje hebre n\u00eb Janin\u00eb, 1908<\/p>\n<p>Me qindra hebrenj t\u00eb Epirit bashk\u00eb me \u00e7am\u00ebt iu bashkuan ushtris\u00eb partizane greke, EAM-ELAS p\u00ebr t\u00eb luftuar kund\u00ebr italian\u00ebve dhe gjerman\u00ebve. Asnj\u00eb hebre nuk u bashkua me t\u00eb djatht\u00ebn greke, EDES t\u00eb udh\u00ebhequr nga Napoleon Zerva.<\/p>\n<p>Doktor Kofina, Janin\u00eb<\/p>\n<p>Ishte m\u00ebngjesi i 25 marsit 1944, trupat gjermane me ndihm\u00ebn edhe t\u00eb trupave t\u00eb xhandarm\u00ebris\u00eb greke, Batalioneve t\u00eb Sigurimit grek t\u00eb komanduar direkt nga kryeministri kuisling, Joani Ralli hip\u00ebn n\u00ebp\u00ebr kamion\u00eb rreth 1.725 burra, gra, pleq e f\u00ebmij\u00eb t\u00eb komunitetit hebre, t\u00eb cil\u00ebt ishin mbledhur nga i gjith\u00eb Epiri n\u00eb dy qendra. Ata qen\u00eb hebrenj, t\u00eb cil\u00ebt prej disa shekujsh jetonin n\u00eb Epir dhe nj\u00eb dit\u00eb grek\u00ebt n\u00eb bashk\u00ebpunim me gjerman\u00ebt i nis\u00ebn p\u00ebr n\u00eb kampet e shfarosjes. Sipas d\u00ebshmitar\u00ebve dhe dokumenteve t\u00eb koh\u00ebs nuk pati asnj\u00eb reagim nga qeveria vendore, nga popullata ortodokse greke. I gjith\u00eb operacioni shoq\u00ebrohej at\u00eb dit\u00eb nga policia greke dhe ushtria gjermane. Vet\u00ebm tre or\u00eb n\u00eb dispozicion u lan\u00eb hebrenjve at\u00eb dit\u00eb p\u00ebr t\u2019u b\u00ebr\u00eb gati, p\u00ebr braktisjen me dhun\u00eb t\u00eb pron\u00ebs s\u00eb tyre. Bashk\u00eb me hebrenjt\u00eb at\u00eb dit\u00eb u d\u00ebrguan p\u00ebr n\u00eb kampet e shfarosjes me dhjet\u00ebra shqiptar\u00eb t\u00eb \u00c7am\u00ebris\u00eb.<\/p>\n<p>\u00c7ift hebrenjsh n\u00eb Janin\u00eb, 1908<\/p>\n<p>Pas Luft\u00ebs s\u00eb Dyt\u00eb Bot\u00ebrore bashk\u00ebsia hebre ishte pak\u00ebsuar. Tashm\u00eb hebrenjt\u00eb qen\u00eb p\u00ebrz\u00ebn\u00eb nga Greqia, ashtu si dhe shqiptar\u00ebt. Epiri i Jugut, \u00c7am\u00ebria sot num\u00ebron rreth 100 hebrenj nga ata mij\u00ebra q\u00eb kishte dikur.<\/p>\n","protected":false},"excerpt":{"rendered":"<p>Hebrenjt\u00eb e \u00c7am\u00ebris\u00eb, tragjedi e nj\u00ebjt\u00eb si shqiptar\u00ebt Nga27.al Mitropoli i Janin\u00ebs, Spiridon Vllehu l\u00ebshoi edhe nj\u00eb thirrje publike ku k\u00ebrkonte q\u00eb popullsia ortodokse greke t\u00eb p\u00ebrkrahte gjerman\u00ebt nazist\u00eb, t\u00eb cil\u00ebt kishin ardhur p\u00ebr t\u2019i mbrojtur grek\u00ebt. Nga\u00a0Arben Llalla Se kur kan\u00eb ardhur n\u00eb Epir hebrenjt\u00eb sakt\u00eb nuk dihet, nd\u00ebrsa ka histori a legjenda t\u00eb [&hellip;]<\/p>\n","protected":false},"author":9,"featured_media":42087,"comment_status":"open","ping_status":"open","sticky":false,"template":"","format":"standard","meta":{"jetpack_post_was_ever_published":false,"_jetpack_newsletter_access":"","_jetpack_dont_email_post_to_subs":false,"_jetpack_newsletter_tier_id":0,"_jetpack_memberships_contains_paywalled_content":false,"_jetpack_memberships_contains_paid_content":false,"footnotes":"","jetpack_publicize_message":"","jetpack_publicize_feature_enabled":true,"jetpack_social_post_already_shared":true,"jetpack_social_options":{"image_generator_settings":{"template":"highway","default_image_id":0,"font":"","enabled":false},"version":2}},"categories":[85,10],"tags":[],"class_list":["post-42086","post","type-post","status-publish","format-standard","has-post-thumbnail","hentry","category-histori","category-kultura"],"jetpack_publicize_connections":[],"jetpack_featured_media_url":"https:\/\/i0.wp.com\/www.shqiperia.com\/blog\/wp-content\/uploads\/2020\/12\/Hebrenjt-Janine-540x335-1.jpg?fit=540%2C335&ssl=1","jetpack_sharing_enabled":true,"jetpack_shortlink":"https:\/\/wp.me\/p5Z6wp-aWO","jetpack-related-posts":[{"id":62153,"url":"https:\/\/www.shqiperia.com\/blog\/hebrenjte-te-largohen-nga-rusia-sa-rrezikon-te-perseritet-historia\/","url_meta":{"origin":42086,"position":0},"title":"&#8220;Hebrenjt\u00eb t\u00eb largohen nga Rusia&#8221;, sa rrezikon t\u00eb p\u00ebrs\u00ebritet historia?","author":"Kurt Farka","date":"September 13, 2022","format":false,"excerpt":"13 Shtator 2022 Sa e rrezikon lufta dhe situata aktuale n\u00eb Rusi p\u00ebrs\u00ebritjen e historis\u00eb? Nuk \u00ebsht\u00eb hera e par\u00eb q\u00eb hebrenjt\u00eb e kan\u00eb ndjer\u00eb t\u00eb nevojshme t\u00eb largohen nga Rusia, por pushtimi i Ukrain\u00ebs ka rezultuar n\u00eb val\u00ebn e kat\u00ebrt t\u00eb m\u00ebrgimit n\u00eb nj\u00ebqind vitet e fundit. Q\u00eb kur\u2026","rel":"","context":"In &quot;Blogu i Udh\u00ebtarit&quot;","block_context":{"text":"Blogu i Udh\u00ebtarit","link":"https:\/\/www.shqiperia.com\/blog\/category\/blogu-i-udhetarit\/"},"img":{"alt_text":"","src":"https:\/\/i0.wp.com\/www.shqiperia.com\/blog\/wp-content\/uploads\/2022\/09\/Hebrejte-i-perzene-nga-Rusia.jpg?fit=640%2C403&ssl=1&resize=350%2C200","width":350,"height":200,"srcset":"https:\/\/i0.wp.com\/www.shqiperia.com\/blog\/wp-content\/uploads\/2022\/09\/Hebrejte-i-perzene-nga-Rusia.jpg?fit=640%2C403&ssl=1&resize=350%2C200 1x, https:\/\/i0.wp.com\/www.shqiperia.com\/blog\/wp-content\/uploads\/2022\/09\/Hebrejte-i-perzene-nga-Rusia.jpg?fit=640%2C403&ssl=1&resize=525%2C300 1.5x"},"classes":[]},{"id":94098,"url":"https:\/\/www.shqiperia.com\/blog\/plani-i-trump-ka-me-shume-te-drejta-per-hebrenjte-detyra-per-palestinezet-bimo-izraeli-do-qe-ta-beje-pjese-te-veten-gazen\/","url_meta":{"origin":42086,"position":1},"title":"Plani i Trump\/ \u201cKa m\u00eb shum\u00eb t\u00eb drejta p\u00ebr hebrenjt\u00eb, detyra p\u00ebr palestinez\u00ebt\u201d, Bimo: &#8211; Izraeli do q\u00eb ta b\u00ebj\u00eb pjes\u00eb t\u00eb vet\u00ebn Gaz\u00ebn","author":"Kurt Farka","date":"October 1, 2025","format":false,"excerpt":"1 Tetor 2025 Ish-ambasadori i Shqip\u00ebris\u00eb n\u00eb SHBA, Roland Bimo, i ftuar n\u00eb emisionin Log. n\u00eb News 24, komentoi planin p\u00ebr t\u2019i dh\u00ebn\u00eb fund n\u00eb Gaza, por sipas tij, i favorizuar \u00ebsht\u00eb Izraeli. Sipas Bimos, \u00ebsht\u00eb m\u00eb shum\u00eb nj\u00eb q\u00ebllim i mir\u00eb nga SHBA-s\u00eb sesa nj\u00eb plan real, pasi Izraeli,\u2026","rel":"","context":"In &quot;Blogu i Udh\u00ebtarit&quot;","block_context":{"text":"Blogu i Udh\u00ebtarit","link":"https:\/\/www.shqiperia.com\/blog\/category\/blogu-i-udhetarit\/"},"img":{"alt_text":"","src":"https:\/\/i0.wp.com\/www.shqiperia.com\/blog\/wp-content\/uploads\/2025\/10\/bimo.jpg?fit=802%2C456&ssl=1&resize=350%2C200","width":350,"height":200,"srcset":"https:\/\/i0.wp.com\/www.shqiperia.com\/blog\/wp-content\/uploads\/2025\/10\/bimo.jpg?fit=802%2C456&ssl=1&resize=350%2C200 1x, https:\/\/i0.wp.com\/www.shqiperia.com\/blog\/wp-content\/uploads\/2025\/10\/bimo.jpg?fit=802%2C456&ssl=1&resize=525%2C300 1.5x, https:\/\/i0.wp.com\/www.shqiperia.com\/blog\/wp-content\/uploads\/2025\/10\/bimo.jpg?fit=802%2C456&ssl=1&resize=700%2C400 2x"},"classes":[]},{"id":57503,"url":"https:\/\/www.shqiperia.com\/blog\/hitleri-kishte-gjak-hebre-deklarata-e-lavrovit-shkakton-perplasje-mes-izraelit-dhe-rusise-tel-avivi-gabim-i-pafalshem-historik\/","url_meta":{"origin":42086,"position":2},"title":"\u201cHitleri kishte gjak hebre\u201d- Deklarata e Lavrovit shkakton p\u00ebrplasje mes Izraelit dhe Rusis\u00eb, Tel Avivi: &#8211; Gabim i pafalsh\u00ebm historik!","author":"Kurt Farka","date":"May 2, 2022","format":false,"excerpt":"\u201cHitleri kishte gjak hebre\u201d- Deklarata e Lavrovit shkakton p\u00ebrplasje mes Izraelit dhe Rusis\u00eb, Tel Avivi: - Gabim i pafalsh\u00ebm historik! 2 Maji 2022 Ministri i Jasht\u00ebm rus Sergey Lavrov u tha mediave italiane t\u00eb diel\u00ebn se origjina hebraike e Presidentit t\u00eb Ukrain\u00ebs Volodymyr Zelensky nuk e mohon faktin se ka\u2026","rel":"","context":"In &quot;Blogu i Udh\u00ebtarit&quot;","block_context":{"text":"Blogu i Udh\u00ebtarit","link":"https:\/\/www.shqiperia.com\/blog\/category\/blogu-i-udhetarit\/"},"img":{"alt_text":"","src":"https:\/\/i0.wp.com\/www.shqiperia.com\/blog\/wp-content\/uploads\/2022\/05\/ministri-izraelit.jpg?fit=720%2C360&ssl=1&resize=350%2C200","width":350,"height":200,"srcset":"https:\/\/i0.wp.com\/www.shqiperia.com\/blog\/wp-content\/uploads\/2022\/05\/ministri-izraelit.jpg?fit=720%2C360&ssl=1&resize=350%2C200 1x, https:\/\/i0.wp.com\/www.shqiperia.com\/blog\/wp-content\/uploads\/2022\/05\/ministri-izraelit.jpg?fit=720%2C360&ssl=1&resize=525%2C300 1.5x, https:\/\/i0.wp.com\/www.shqiperia.com\/blog\/wp-content\/uploads\/2022\/05\/ministri-izraelit.jpg?fit=720%2C360&ssl=1&resize=700%2C400 2x"},"classes":[]},{"id":92842,"url":"https:\/\/www.shqiperia.com\/blog\/perkujtohet-81-vjetori-i-genocidit-te-cameve-nga-greqia\/","url_meta":{"origin":42086,"position":3},"title":"P\u00ebrkujtohet 81-vjetori i genocidit t\u00eb \u00e7am\u00ebve nga Greqia","author":"Kurt Farka","date":"June 29, 2025","format":false,"excerpt":"29 Qershor 2025 Pelegrinazhi n\u00eb varrezat e Kllogjerit n\u00eb Konispol tashm\u00eb \u00ebsht\u00eb kthyer n\u00eb nj\u00eb tradit\u00eb.K\u00ebt\u00eb fundjav\u00eb \u00ebsht\u00eb p\u00ebrkujtuar 81-vjetori i genocidit grek ndaj shqiptar\u00ebve t\u00eb cam\u00ebris\u00eb nj\u00eb aktivitet i organizuar nga Shoqata \u00c7am\u00ebria. Varrezat monumentale u mbush\u00ebn me lule dhe kurora p\u00ebr t\u00eb kutjuar edhe nj\u00ebh\u00ebr p\u00ebrmasat e asaj\u2026","rel":"","context":"In &quot;Blogu i Udh\u00ebtarit&quot;","block_context":{"text":"Blogu i Udh\u00ebtarit","link":"https:\/\/www.shqiperia.com\/blog\/category\/blogu-i-udhetarit\/"},"img":{"alt_text":"","src":"https:\/\/i0.wp.com\/www.shqiperia.com\/blog\/wp-content\/uploads\/2025\/06\/503215587_4217908431765761_50253547492797245_n.jpg?fit=492%2C345&ssl=1&resize=350%2C200","width":350,"height":200},"classes":[]},{"id":37237,"url":"https:\/\/www.shqiperia.com\/blog\/bashkatdhetaret-tane-jane-si-siriane-e-afgane-ne-vendin-e-tyre-cfare-drame-e-madhe-ska-ardhur-koha-qe-shqiptari-te-kaloje-kufirin-si-zotni\/","url_meta":{"origin":42086,"position":4},"title":"\u201cBashkatdhetar\u00ebt tan\u00eb jan\u00eb si sirian\u00eb e afgan\u00eb n\u00eb vendin e tyre; &#8211; \u00a0\u00c7far\u00eb drame e madhe. S\u2019ka ardhur koha q\u00eb shqiptari t\u00eb kaloj\u00eb kufirin si zotni?","author":"Kurt Farka","date":"August 15, 2020","format":false,"excerpt":"\u201cBashkatdhetar\u00ebt tan\u00eb jan\u00eb si sirian\u00eb e afgan\u00eb n\u00eb vendin e tyre; - \u00a0\u00c7far\u00eb drame e madhe. S\u2019ka ardhur koha q\u00eb shqiptari t\u00eb kaloj\u00eb kufirin si zotni? 15 gusht 2020 Akademiku Artan Fuga n\u00eb nj\u00eb postim n\u00eb facebook ka reaguar n\u00eb lidhje me situat\u00ebn kaotike q\u00eb \u00ebsht\u00eb krijuar n\u00eb Kakavij\u00eb me\u2026","rel":"","context":"In &quot;Blogu i Udh\u00ebtarit&quot;","block_context":{"text":"Blogu i Udh\u00ebtarit","link":"https:\/\/www.shqiperia.com\/blog\/category\/blogu-i-udhetarit\/"},"img":{"alt_text":"","src":"https:\/\/i0.wp.com\/www.shqiperia.com\/blog\/wp-content\/uploads\/2020\/08\/dogana-2-750x375kufi-kakavi.jpg?fit=718%2C375&ssl=1&resize=350%2C200","width":350,"height":200,"srcset":"https:\/\/i0.wp.com\/www.shqiperia.com\/blog\/wp-content\/uploads\/2020\/08\/dogana-2-750x375kufi-kakavi.jpg?fit=718%2C375&ssl=1&resize=350%2C200 1x, https:\/\/i0.wp.com\/www.shqiperia.com\/blog\/wp-content\/uploads\/2020\/08\/dogana-2-750x375kufi-kakavi.jpg?fit=718%2C375&ssl=1&resize=525%2C300 1.5x, https:\/\/i0.wp.com\/www.shqiperia.com\/blog\/wp-content\/uploads\/2020\/08\/dogana-2-750x375kufi-kakavi.jpg?fit=718%2C375&ssl=1&resize=700%2C400 2x"},"classes":[]},{"id":80824,"url":"https:\/\/www.shqiperia.com\/blog\/rama-ne-shqiperi-gjen-ushqim-te-mire-kudo-jo-si-ne-gjermani\/","url_meta":{"origin":42086,"position":5},"title":"Rama: &#8211; N\u00eb Shqip\u00ebri gjen ushqim t\u00eb mir\u00eb kudo, jo si n\u00eb Gjermani!","author":"Kurt Farka","date":"May 9, 2024","format":false,"excerpt":"9 Maji 2024 Kryeministri Edi Rama, nga Gjermania ka folur nd\u00ebr t\u00eb tjera dhe p\u00ebr mikpritjen e shqiptar\u00ebve, duke u ndalur tek fshehja e hebrenjve pas Luft\u00ebs s\u00eb dyt\u00eb Bot\u00ebrore. Kryeministri u shpreh se shqiptar\u00ebt jan\u00eb shum\u00eb mikprit\u00ebs, dhe p\u00ebr t\u00eb ngr\u00ebn mir\u00eb mund t\u00eb ndalosh kudo, ndryshe nga gjermania.\u2026","rel":"","context":"In &quot;Blogu i Udh\u00ebtarit&quot;","block_context":{"text":"Blogu i Udh\u00ebtarit","link":"https:\/\/www.shqiperia.com\/blog\/category\/blogu-i-udhetarit\/"},"img":{"alt_text":"","src":"https:\/\/i0.wp.com\/www.shqiperia.com\/blog\/wp-content\/uploads\/2024\/05\/ahmetaj-rama-1.jpg?fit=763%2C433&ssl=1&resize=350%2C200","width":350,"height":200,"srcset":"https:\/\/i0.wp.com\/www.shqiperia.com\/blog\/wp-content\/uploads\/2024\/05\/ahmetaj-rama-1.jpg?fit=763%2C433&ssl=1&resize=350%2C200 1x, https:\/\/i0.wp.com\/www.shqiperia.com\/blog\/wp-content\/uploads\/2024\/05\/ahmetaj-rama-1.jpg?fit=763%2C433&ssl=1&resize=525%2C300 1.5x, https:\/\/i0.wp.com\/www.shqiperia.com\/blog\/wp-content\/uploads\/2024\/05\/ahmetaj-rama-1.jpg?fit=763%2C433&ssl=1&resize=700%2C400 2x"},"classes":[]}],"_links":{"self":[{"href":"https:\/\/www.shqiperia.com\/blog\/wp-json\/wp\/v2\/posts\/42086","targetHints":{"allow":["GET"]}}],"collection":[{"href":"https:\/\/www.shqiperia.com\/blog\/wp-json\/wp\/v2\/posts"}],"about":[{"href":"https:\/\/www.shqiperia.com\/blog\/wp-json\/wp\/v2\/types\/post"}],"author":[{"embeddable":true,"href":"https:\/\/www.shqiperia.com\/blog\/wp-json\/wp\/v2\/users\/9"}],"replies":[{"embeddable":true,"href":"https:\/\/www.shqiperia.com\/blog\/wp-json\/wp\/v2\/comments?post=42086"}],"version-history":[{"count":1,"href":"https:\/\/www.shqiperia.com\/blog\/wp-json\/wp\/v2\/posts\/42086\/revisions"}],"predecessor-version":[{"id":42088,"href":"https:\/\/www.shqiperia.com\/blog\/wp-json\/wp\/v2\/posts\/42086\/revisions\/42088"}],"wp:featuredmedia":[{"embeddable":true,"href":"https:\/\/www.shqiperia.com\/blog\/wp-json\/wp\/v2\/media\/42087"}],"wp:attachment":[{"href":"https:\/\/www.shqiperia.com\/blog\/wp-json\/wp\/v2\/media?parent=42086"}],"wp:term":[{"taxonomy":"category","embeddable":true,"href":"https:\/\/www.shqiperia.com\/blog\/wp-json\/wp\/v2\/categories?post=42086"},{"taxonomy":"post_tag","embeddable":true,"href":"https:\/\/www.shqiperia.com\/blog\/wp-json\/wp\/v2\/tags?post=42086"}],"curies":[{"name":"wp","href":"https:\/\/api.w.org\/{rel}","templated":true}]}}