{"id":42080,"date":"2020-12-20T01:03:48","date_gmt":"2020-12-20T01:03:48","guid":{"rendered":"https:\/\/www.shqiperia.com\/blog\/?p=42080"},"modified":"2020-12-20T01:08:32","modified_gmt":"2020-12-20T01:08:32","slug":"paralajmerimi-i-madh-i-okb-shqiperia-do-te-mbetet-me-512-mije-banore-ne-2025","status":"publish","type":"post","link":"https:\/\/www.shqiperia.com\/blog\/paralajmerimi-i-madh-i-okb-shqiperia-do-te-mbetet-me-512-mije-banore-ne-2025\/","title":{"rendered":"Paralajm\u00ebrimi i Madh i OKB: Shqip\u00ebria Do t\u00eb Mbetet me 512 Mij\u00eb Banor\u00eb ne 2025"},"content":{"rendered":"<p><img data-recalc-dims=\"1\" loading=\"lazy\" decoding=\"async\" data-attachment-id=\"42081\" data-permalink=\"https:\/\/www.shqiperia.com\/blog\/paralajmerimi-i-madh-i-okb-shqiperia-do-te-mbetet-me-512-mije-banore-ne-2025\/16-1-2\/\" data-orig-file=\"https:\/\/i0.wp.com\/www.shqiperia.com\/blog\/wp-content\/uploads\/2020\/12\/16-1.jpg?fit=780%2C405&amp;ssl=1\" data-orig-size=\"780,405\" data-comments-opened=\"1\" data-image-meta=\"{&quot;aperture&quot;:&quot;0&quot;,&quot;credit&quot;:&quot;&quot;,&quot;camera&quot;:&quot;&quot;,&quot;caption&quot;:&quot;&quot;,&quot;created_timestamp&quot;:&quot;0&quot;,&quot;copyright&quot;:&quot;&quot;,&quot;focal_length&quot;:&quot;0&quot;,&quot;iso&quot;:&quot;0&quot;,&quot;shutter_speed&quot;:&quot;0&quot;,&quot;title&quot;:&quot;&quot;,&quot;orientation&quot;:&quot;0&quot;}\" data-image-title=\"16-1\" data-image-description=\"\" data-image-caption=\"\" data-medium-file=\"https:\/\/i0.wp.com\/www.shqiperia.com\/blog\/wp-content\/uploads\/2020\/12\/16-1.jpg?fit=300%2C156&amp;ssl=1\" data-large-file=\"https:\/\/i0.wp.com\/www.shqiperia.com\/blog\/wp-content\/uploads\/2020\/12\/16-1.jpg?fit=780%2C405&amp;ssl=1\" class=\"alignnone wp-image-42081\" alt=\"\" src=\"https:\/\/i0.wp.com\/www.shqiperia.com\/blog\/wp-content\/uploads\/2020\/12\/16-1.jpg?resize=487%2C253&#038;ssl=1\" width=\"487\" height=\"253\" srcset=\"https:\/\/i0.wp.com\/www.shqiperia.com\/blog\/wp-content\/uploads\/2020\/12\/16-1.jpg?resize=300%2C156&amp;ssl=1 300w, https:\/\/i0.wp.com\/www.shqiperia.com\/blog\/wp-content\/uploads\/2020\/12\/16-1.jpg?resize=768%2C399&amp;ssl=1 768w, https:\/\/i0.wp.com\/www.shqiperia.com\/blog\/wp-content\/uploads\/2020\/12\/16-1.jpg?resize=450%2C234&amp;ssl=1 450w, https:\/\/i0.wp.com\/www.shqiperia.com\/blog\/wp-content\/uploads\/2020\/12\/16-1.jpg?resize=600%2C312&amp;ssl=1 600w, https:\/\/i0.wp.com\/www.shqiperia.com\/blog\/wp-content\/uploads\/2020\/12\/16-1.jpg?resize=400%2C208&amp;ssl=1 400w, https:\/\/i0.wp.com\/www.shqiperia.com\/blog\/wp-content\/uploads\/2020\/12\/16-1.jpg?w=780&amp;ssl=1 780w\" sizes=\"auto, (max-width: 487px) 100vw, 487px\" \/><\/p>\n<p><strong>Paralajm\u00ebrimi i Madh i OKB: Shqip\u00ebria Do t\u00eb Mbetet me 512 Mij\u00eb Banor\u00eb ne 2025<\/strong><\/p>\n<p><a href=\"https:\/\/news76daily.com\/paralajmerimi-i-madh-i-okb-shqiperia-do-te-mbetet-me-512-mije-banore-ne-2025\/\">19 dhjetor 2020<\/a><\/p>\n<p>30-40% ulje e popullsise shqiptare nga matjet qe ka bere OKB.<\/p>\n<p>Zhvler\u00ebsimi i ndjesh\u00ebm ka ardhur brenda nj\u00eb viti (2019 ku ndrejt 2018) dhe \u00ebsht\u00eb nxitur si nga r\u00ebnia e norm\u00ebs s\u00eb lindshm\u00ebrive.<\/p>\n<p>Ashtu dhe nga trendi i lart\u00eb i emigracionit te gjithe duan te ikin dhe nuk duan te kthehen me ne kete vend qe te gjitha sherbimet jane bere me para si ne spitale ne gjykata, ushqime te skaduara e fruta perime me 100 semundje dhe mos me keq.<\/p>\n<p>N\u00eb Shqip\u00ebri nuk pritet q\u00eb t\u00eb mbeten m\u00eb shum\u00eb se 512 mij\u00eb banor\u00eb.<\/p>\n<p>M\u00eb par\u00eb, pritshm\u00ebria ishte p\u00ebr 860 mij\u00eb banor\u00eb, pra parashikimi \u00ebsht\u00eb ulur me 40% dhe do vazhdoj te ulet te gjithe duan te ikin te largohen sepse ketu vetem politikanet e shijojne kete largim dhe kenaqen me kete gje dhe as qe u intereson ky popull.<\/p>\n<p>news76daily.com<\/p>\n","protected":false},"excerpt":{"rendered":"<p>Paralajm\u00ebrimi i Madh i OKB: Shqip\u00ebria Do t\u00eb Mbetet me 512 Mij\u00eb Banor\u00eb ne 2025 19 dhjetor 2020 30-40% ulje e popullsise shqiptare nga matjet qe ka bere OKB. Zhvler\u00ebsimi i ndjesh\u00ebm ka ardhur brenda nj\u00eb viti (2019 ku ndrejt 2018) dhe \u00ebsht\u00eb nxitur si nga r\u00ebnia e norm\u00ebs s\u00eb lindshm\u00ebrive. Ashtu dhe nga trendi [&hellip;]<\/p>\n","protected":false},"author":9,"featured_media":42081,"comment_status":"open","ping_status":"open","sticky":false,"template":"","format":"standard","meta":{"jetpack_post_was_ever_published":false,"_jetpack_newsletter_access":"","_jetpack_dont_email_post_to_subs":false,"_jetpack_newsletter_tier_id":0,"_jetpack_memberships_contains_paywalled_content":false,"_jetpack_memberships_contains_paid_content":false,"footnotes":"","jetpack_publicize_message":"","jetpack_publicize_feature_enabled":true,"jetpack_social_post_already_shared":true,"jetpack_social_options":{"image_generator_settings":{"template":"highway","default_image_id":0,"font":"","enabled":false},"version":2}},"categories":[10],"tags":[],"class_list":["post-42080","post","type-post","status-publish","format-standard","has-post-thumbnail","hentry","category-kultura"],"jetpack_publicize_connections":[],"jetpack_featured_media_url":"https:\/\/i0.wp.com\/www.shqiperia.com\/blog\/wp-content\/uploads\/2020\/12\/16-1.jpg?fit=780%2C405&ssl=1","jetpack_sharing_enabled":true,"jetpack_shortlink":"https:\/\/wp.me\/p5Z6wp-aWI","jetpack-related-posts":[{"id":37080,"url":"https:\/\/www.shqiperia.com\/blog\/durresi-behet-qyteti-i-dyte-me-i-madh-ne-vend-pergjysmohet-gjirokastra\/","url_meta":{"origin":42080,"position":0},"title":"Durr\u00ebsi b\u00ebhet qyteti i dyt\u00eb m\u00eb i madh n\u00eb vend, p\u00ebrgjysmohet Gjirokastra","author":"Kurt Farka","date":"August 11, 2020","format":false,"excerpt":"Durr\u00ebsi b\u00ebhet qyteti i dyt\u00eb m\u00eb i madh n\u00eb vend, p\u00ebrgjysmohet Gjirokastra 10 GUSHT 2020 Durr\u00ebsi \u00ebsht\u00eb renditur n\u00eb vitin 2020 n\u00eb qarkun e dyt\u00eb m\u00eb t\u00eb madh n\u00eb vend, pas Tiran\u00ebs, duke ia kaluar n\u00eb k\u00ebt\u00eb m\u00ebnyr\u00eb Fierit, q\u00eb deri tani ishte pas kryeqytetit sa i takon numrit t\u00eb\u2026","rel":"","context":"In &quot;Blogu i Udh\u00ebtarit&quot;","block_context":{"text":"Blogu i Udh\u00ebtarit","link":"https:\/\/www.shqiperia.com\/blog\/category\/blogu-i-udhetarit\/"},"img":{"alt_text":"","src":"https:\/\/i0.wp.com\/www.shqiperia.com\/blog\/wp-content\/uploads\/2020\/08\/640-0-5f30ef9aa3828-1.jpg?fit=621%2C360&ssl=1&resize=350%2C200","width":350,"height":200,"srcset":"https:\/\/i0.wp.com\/www.shqiperia.com\/blog\/wp-content\/uploads\/2020\/08\/640-0-5f30ef9aa3828-1.jpg?fit=621%2C360&ssl=1&resize=350%2C200 1x, https:\/\/i0.wp.com\/www.shqiperia.com\/blog\/wp-content\/uploads\/2020\/08\/640-0-5f30ef9aa3828-1.jpg?fit=621%2C360&ssl=1&resize=525%2C300 1.5x"},"classes":[]},{"id":30357,"url":"https:\/\/www.shqiperia.com\/blog\/okb-mosha-mesatare-ne-2100-arrin-61-vjec\/","url_meta":{"origin":42080,"position":1},"title":"OKB: &#8211; Mosha mesatare n\u00eb 2100 arrin 61 vje\u00e7.","author":"Kurt Farka","date":"January 15, 2020","format":false,"excerpt":"OKB: - Mosha mesatare n\u00eb 2100 arrin 61 vje\u00e7. 15 janar \u00a02020 Sipas nj\u00eb skenari normal, pa rritje t\u00eb emigracionit dhe r\u00ebnie t\u00eb lindjeve mosha mesatare e popullsis\u00eb Shqip\u00ebris\u00eb sipas projeksioneve t\u00eb OKB-s\u00eb shkon n\u00eb vitin 2050 n\u00eb 50.1 vje\u00e7 dhe n\u00eb vitin 2100 arrin 61 vje\u00e7. N\u00eb skenarin pesimist\u2026","rel":"","context":"In &quot;Blogu i Udh\u00ebtarit&quot;","block_context":{"text":"Blogu i Udh\u00ebtarit","link":"https:\/\/www.shqiperia.com\/blog\/category\/blogu-i-udhetarit\/"},"img":{"alt_text":"","src":"https:\/\/i0.wp.com\/www.shqiperia.com\/blog\/wp-content\/uploads\/2020\/01\/Te-moshuarit-905x450-1.jpg?fit=905%2C450&ssl=1&resize=350%2C200","width":350,"height":200,"srcset":"https:\/\/i0.wp.com\/www.shqiperia.com\/blog\/wp-content\/uploads\/2020\/01\/Te-moshuarit-905x450-1.jpg?fit=905%2C450&ssl=1&resize=350%2C200 1x, https:\/\/i0.wp.com\/www.shqiperia.com\/blog\/wp-content\/uploads\/2020\/01\/Te-moshuarit-905x450-1.jpg?fit=905%2C450&ssl=1&resize=525%2C300 1.5x, https:\/\/i0.wp.com\/www.shqiperia.com\/blog\/wp-content\/uploads\/2020\/01\/Te-moshuarit-905x450-1.jpg?fit=905%2C450&ssl=1&resize=700%2C400 2x"},"classes":[]},{"id":4387,"url":"https:\/\/www.shqiperia.com\/blog\/rrezikojme-ne-shqiptaret-fenomenin-e-hebrejve-te-shekujve-te-pare-te-eres-se-re\/","url_meta":{"origin":42080,"position":2},"title":"A rrezikojme ne Shqiptaret fenomenin e Hebrejve te shekujve te Pare te Eres se re.","author":"Kurt Farka","date":"March 7, 2018","format":false,"excerpt":"Nj\u00eb sondazh i OKB-s\u00eb, shkruan se: Shqiptar\u00ebt, jan\u00eb shp\u00ebrndar\u00eb n\u00eb kat\u00eb , \u2018cepat \u2019e Globit\u2026si nj\u00ebher\u00eb e m\u00eb nj\u00eb koh\u00eb si n\u00eb koh\u00ebn e \u2018Titanic\u2019-ut. Sikur\u00a0Italian\u00ebt, n\u00eb fillim-vitet e shekullit t\u00eb kaluar. Shqiptar\u00ebt, t\u00eb shp\u00ebrndar\u00eb, n\u00eb 4 \"cepat\"e Globit\u2026si Italian\u00ebt, n\u00eb koh\u00ebn e \u2018Titanic\u2019-ut. Nga ky sondazh, i b\u00ebr\u00eb nga\u2026","rel":"","context":"In &quot;Blogu i Udh\u00ebtarit&quot;","block_context":{"text":"Blogu i Udh\u00ebtarit","link":"https:\/\/www.shqiperia.com\/blog\/category\/blogu-i-udhetarit\/"},"img":{"alt_text":"","src":"https:\/\/i0.wp.com\/www.shqiperia.com\/blog\/wp-content\/uploads\/2018\/03\/xREF-1.jpg.pagespeed.ic_.OqGrBn_8v5.jpg?fit=714%2C340&ssl=1&resize=350%2C200","width":350,"height":200,"srcset":"https:\/\/i0.wp.com\/www.shqiperia.com\/blog\/wp-content\/uploads\/2018\/03\/xREF-1.jpg.pagespeed.ic_.OqGrBn_8v5.jpg?fit=714%2C340&ssl=1&resize=350%2C200 1x, https:\/\/i0.wp.com\/www.shqiperia.com\/blog\/wp-content\/uploads\/2018\/03\/xREF-1.jpg.pagespeed.ic_.OqGrBn_8v5.jpg?fit=714%2C340&ssl=1&resize=525%2C300 1.5x, https:\/\/i0.wp.com\/www.shqiperia.com\/blog\/wp-content\/uploads\/2018\/03\/xREF-1.jpg.pagespeed.ic_.OqGrBn_8v5.jpg?fit=714%2C340&ssl=1&resize=700%2C400 2x"},"classes":[]},{"id":90954,"url":"https:\/\/www.shqiperia.com\/blog\/ikja-masive-e-shqiptareve-nuk-ka-te-ndalur-eurostat-gati-100-mije-shqiptare-emigruan-ne-vendet-e-be-se-vetem-ne-vitet-2022-2023-ja-destinacioni-i-tyre-kryesor\/","url_meta":{"origin":42080,"position":3},"title":"Ikja masive e shqiptar\u00ebve nuk ka te ndalur, Eurostat: &#8211; Gati 100 mij\u00eb shqiptar\u00eb emigruan n\u00eb vendet e BE-s\u00eb vet\u00ebm n\u00eb vitet 2022-2023! Ja destinacioni i tyre kryesor","author":"Kurt Farka","date":"April 1, 2025","format":false,"excerpt":"1 Prill 2025 Ritmet e emigracionit jan\u00eb p\u00ebrshpejtuar ndjesh\u00ebm vitet e fundit, duke tejkaluar dhe nivelin e vitit 2015, kur u konstatua nj\u00eb ikje masive. Teksa n\u00eb 2015-n e dh\u00ebna u reflektua direkt n\u00eb k\u00ebrkesat p\u00ebr azil n\u00eb Bashkimin Europian, treguesi real tashm\u00eb jepet nga e dh\u00ebna tjet\u00ebr p\u00ebr emigrant\u00ebt\u2026","rel":"","context":"In &quot;Blogu i Udh\u00ebtarit&quot;","block_context":{"text":"Blogu i Udh\u00ebtarit","link":"https:\/\/www.shqiperia.com\/blog\/category\/blogu-i-udhetarit\/"},"img":{"alt_text":"","src":"https:\/\/i0.wp.com\/www.shqiperia.com\/blog\/wp-content\/uploads\/2025\/04\/emigrantet-1-600x360-1.jpg?fit=600%2C360&ssl=1&resize=350%2C200","width":350,"height":200,"srcset":"https:\/\/i0.wp.com\/www.shqiperia.com\/blog\/wp-content\/uploads\/2025\/04\/emigrantet-1-600x360-1.jpg?fit=600%2C360&ssl=1&resize=350%2C200 1x, https:\/\/i0.wp.com\/www.shqiperia.com\/blog\/wp-content\/uploads\/2025\/04\/emigrantet-1-600x360-1.jpg?fit=600%2C360&ssl=1&resize=525%2C300 1.5x"},"classes":[]},{"id":42951,"url":"https:\/\/www.shqiperia.com\/blog\/studimi-79-e-660-mije-te-rinjve-duan-te-ikin-nga-shqiperia\/","url_meta":{"origin":42080,"position":4},"title":"Studimi \u2013 79% e 660 mij\u00eb t\u00eb rinjve duan t\u00eb ikin nga Shqip\u00ebria","author":"Kurt Farka","date":"January 15, 2021","format":false,"excerpt":"Studimi \u2013 79% e 660 mij\u00eb t\u00eb rinjve duan t\u00eb ikin nga Shqip\u00ebria 30\/11\/2020 N\u00eb Shqip\u00ebri, Rrjeti Komb\u00ebtar p\u00ebr t\u00eb Rinjt\u00eb sapo ka kryer nj\u00eb anketim me t\u00eb rinj nga gjith\u00eb vendi, ku shihet nj\u00eb rritje e papun\u00ebsis\u00eb dhe pesimizmit t\u00eb tyre p\u00ebr t\u00eb ardhmen. Drejtuesja e organizat\u00ebs, Ervjola Osmanaj,\u2026","rel":"","context":"In &quot;Blogu i Udh\u00ebtarit&quot;","block_context":{"text":"Blogu i Udh\u00ebtarit","link":"https:\/\/www.shqiperia.com\/blog\/category\/blogu-i-udhetarit\/"},"img":{"alt_text":"","src":"https:\/\/i0.wp.com\/www.shqiperia.com\/blog\/wp-content\/uploads\/2021\/01\/138816833_3405731602869596_1274824896576287655_o.jpg?fit=513%2C360&ssl=1&resize=350%2C200","width":350,"height":200},"classes":[]},{"id":26910,"url":"https:\/\/www.shqiperia.com\/blog\/shifrat-alarmante-shqiperia-po-shpopullohet-banoret-e-fshatrave-te-shqetesuar-ska-kush-na-varros\/","url_meta":{"origin":42080,"position":5},"title":"Shifrat alarmante, Shqip\u00ebria po shpopullohet, banor\u00ebt e fshatrave t\u00eb shqet\u00ebsuar: S\u2019ka kush na varros. &#8211;","author":"Kurt Farka","date":"October 12, 2019","format":false,"excerpt":"Shifrat alarmante, Shqip\u00ebria po shpopullohet, banor\u00ebt e fshatrave t\u00eb shqet\u00ebsuar: S\u2019ka kush na varros. - 12 \u00a0tetor \u00a02019 Prej 30 vitesh, nga Shqip\u00ebria jan\u00eb larguar rreth 1 milion e gjysm\u00eb qytetar\u00eb t\u00eb saj. M\u00eb shum\u00eb se gjysma e qytetar\u00ebve q\u00eb jetojn\u00eb n\u00eb Shqip\u00ebri. Rreth 2.862.427 banor\u00eb ka sot Shqip\u00ebria. Referuar\u2026","rel":"","context":"In &quot;Blogu i Udh\u00ebtarit&quot;","block_context":{"text":"Blogu i Udh\u00ebtarit","link":"https:\/\/www.shqiperia.com\/blog\/category\/blogu-i-udhetarit\/"},"img":{"alt_text":"","src":"https:\/\/i0.wp.com\/www.shqiperia.com\/blog\/wp-content\/uploads\/2019\/10\/emigrante-ikin-696x392.jpg?fit=696%2C392&ssl=1&resize=350%2C200","width":350,"height":200,"srcset":"https:\/\/i0.wp.com\/www.shqiperia.com\/blog\/wp-content\/uploads\/2019\/10\/emigrante-ikin-696x392.jpg?fit=696%2C392&ssl=1&resize=350%2C200 1x, https:\/\/i0.wp.com\/www.shqiperia.com\/blog\/wp-content\/uploads\/2019\/10\/emigrante-ikin-696x392.jpg?fit=696%2C392&ssl=1&resize=525%2C300 1.5x"},"classes":[]}],"_links":{"self":[{"href":"https:\/\/www.shqiperia.com\/blog\/wp-json\/wp\/v2\/posts\/42080","targetHints":{"allow":["GET"]}}],"collection":[{"href":"https:\/\/www.shqiperia.com\/blog\/wp-json\/wp\/v2\/posts"}],"about":[{"href":"https:\/\/www.shqiperia.com\/blog\/wp-json\/wp\/v2\/types\/post"}],"author":[{"embeddable":true,"href":"https:\/\/www.shqiperia.com\/blog\/wp-json\/wp\/v2\/users\/9"}],"replies":[{"embeddable":true,"href":"https:\/\/www.shqiperia.com\/blog\/wp-json\/wp\/v2\/comments?post=42080"}],"version-history":[{"count":4,"href":"https:\/\/www.shqiperia.com\/blog\/wp-json\/wp\/v2\/posts\/42080\/revisions"}],"predecessor-version":[{"id":42085,"href":"https:\/\/www.shqiperia.com\/blog\/wp-json\/wp\/v2\/posts\/42080\/revisions\/42085"}],"wp:featuredmedia":[{"embeddable":true,"href":"https:\/\/www.shqiperia.com\/blog\/wp-json\/wp\/v2\/media\/42081"}],"wp:attachment":[{"href":"https:\/\/www.shqiperia.com\/blog\/wp-json\/wp\/v2\/media?parent=42080"}],"wp:term":[{"taxonomy":"category","embeddable":true,"href":"https:\/\/www.shqiperia.com\/blog\/wp-json\/wp\/v2\/categories?post=42080"},{"taxonomy":"post_tag","embeddable":true,"href":"https:\/\/www.shqiperia.com\/blog\/wp-json\/wp\/v2\/tags?post=42080"}],"curies":[{"name":"wp","href":"https:\/\/api.w.org\/{rel}","templated":true}]}}