{"id":42077,"date":"2020-12-19T21:53:12","date_gmt":"2020-12-19T21:53:12","guid":{"rendered":"https:\/\/www.shqiperia.com\/blog\/?p=42077"},"modified":"2020-12-19T21:53:12","modified_gmt":"2020-12-19T21:53:12","slug":"policia-shoqeron-pedagogun-ergys-mertiri-dhe-disa-aktiviste-te-aleances-per-mbrojtjen-e-teatrit","status":"publish","type":"post","link":"https:\/\/www.shqiperia.com\/blog\/policia-shoqeron-pedagogun-ergys-mertiri-dhe-disa-aktiviste-te-aleances-per-mbrojtjen-e-teatrit\/","title":{"rendered":"Policia shoq\u00ebron pedagogun Ergys M\u00ebrtiri dhe disa aktivist\u00eb t\u00eb Aleanc\u00ebs p\u00ebr Mbrojtjen e Teatrit"},"content":{"rendered":"<p><img data-recalc-dims=\"1\" loading=\"lazy\" decoding=\"async\" data-attachment-id=\"42078\" data-permalink=\"https:\/\/www.shqiperia.com\/blog\/policia-shoqeron-pedagogun-ergys-mertiri-dhe-disa-aktiviste-te-aleances-per-mbrojtjen-e-teatrit\/640-0-5fde52e9ef760\/\" data-orig-file=\"https:\/\/i0.wp.com\/www.shqiperia.com\/blog\/wp-content\/uploads\/2020\/12\/640-0-5fde52e9ef760.jpg?fit=640%2C361&amp;ssl=1\" data-orig-size=\"640,361\" data-comments-opened=\"1\" data-image-meta=\"{&quot;aperture&quot;:&quot;0&quot;,&quot;credit&quot;:&quot;&quot;,&quot;camera&quot;:&quot;&quot;,&quot;caption&quot;:&quot;&quot;,&quot;created_timestamp&quot;:&quot;0&quot;,&quot;copyright&quot;:&quot;&quot;,&quot;focal_length&quot;:&quot;0&quot;,&quot;iso&quot;:&quot;0&quot;,&quot;shutter_speed&quot;:&quot;0&quot;,&quot;title&quot;:&quot;&quot;,&quot;orientation&quot;:&quot;0&quot;}\" data-image-title=\"-640-0-5fde52e9ef760\" data-image-description=\"\" data-image-caption=\"\" data-medium-file=\"https:\/\/i0.wp.com\/www.shqiperia.com\/blog\/wp-content\/uploads\/2020\/12\/640-0-5fde52e9ef760.jpg?fit=300%2C169&amp;ssl=1\" data-large-file=\"https:\/\/i0.wp.com\/www.shqiperia.com\/blog\/wp-content\/uploads\/2020\/12\/640-0-5fde52e9ef760.jpg?fit=640%2C361&amp;ssl=1\" class=\"alignnone  wp-image-42078\" alt=\"\" src=\"https:\/\/i0.wp.com\/www.shqiperia.com\/blog\/wp-content\/uploads\/2020\/12\/640-0-5fde52e9ef760.jpg?resize=557%2C314&#038;ssl=1\" width=\"557\" height=\"314\" srcset=\"https:\/\/i0.wp.com\/www.shqiperia.com\/blog\/wp-content\/uploads\/2020\/12\/640-0-5fde52e9ef760.jpg?resize=300%2C169&amp;ssl=1 300w, https:\/\/i0.wp.com\/www.shqiperia.com\/blog\/wp-content\/uploads\/2020\/12\/640-0-5fde52e9ef760.jpg?resize=450%2C254&amp;ssl=1 450w, https:\/\/i0.wp.com\/www.shqiperia.com\/blog\/wp-content\/uploads\/2020\/12\/640-0-5fde52e9ef760.jpg?resize=600%2C338&amp;ssl=1 600w, https:\/\/i0.wp.com\/www.shqiperia.com\/blog\/wp-content\/uploads\/2020\/12\/640-0-5fde52e9ef760.jpg?resize=400%2C226&amp;ssl=1 400w, https:\/\/i0.wp.com\/www.shqiperia.com\/blog\/wp-content\/uploads\/2020\/12\/640-0-5fde52e9ef760.jpg?w=640&amp;ssl=1 640w\" sizes=\"auto, (max-width: 557px) 100vw, 557px\" \/><\/p>\n<p><strong>Policia shoq\u00ebron pedagogun Ergys M\u00ebrtiri dhe disa aktivist\u00eb t\u00eb Aleanc\u00ebs p\u00ebr Mbrojtjen e Teatrit<\/strong><\/p>\n<p>Aktivist\u00ebt jan\u00eb shoq\u00ebruar n\u00eb zon\u00ebn e Teatrit Komb\u00ebtar dhe nuk dihen arsyet e ndalimit<\/p>\n<p><strong>\u00a019 DHJETOR 2020, 20:24<\/strong><\/p>\n<p>Policia ka shoq\u00ebruar pedagogun Ergys M\u00ebrtiri dhe disa aktivist\u00eb t\u00eb tjer\u00eb, pjes\u00eb e Aleanc\u00ebs p\u00ebr Mbrojtjen e Teatrit Komb\u00ebtar dhe protestave t\u00eb dit\u00ebve t\u00eb fundit.<\/p>\n<p>Sipas informacioneve t\u00eb para ata jan\u00eb shoq\u00ebruar nga Policia e Tiran\u00ebs p\u00ebr n\u00eb Komisariatin nr 1.<\/p>\n<p>Konkretisht b\u00ebhet fjal\u00eb p\u00ebr Astrit Seranaj, Ergys M\u00ebrtiri, Gentian Hasani dhe Donald Martini.<\/p>\n<p><em>&#8220;Policia ka marre me force Tit Seranajn, Ergys Mertirin etj nga aleanca para se te benin liven e \u00e7dombremshem. Jane ne komisaratin numer 1. Kane ushtruar dhune ne komisarat. Pas gjithe sulmeve vjen dhe sulmi drejtperdrejt ndaj fjales ne rruge te qytetareve. Kush te mundet te vije ketu. Nuk ka me gje per te humbur. Policia po arreston njerez se flasin. Policia po rreh njerez. Policia po vret njerez.&#8221;<\/em>, shkruan Aleanca p\u00ebr Mbrojtjen e Teatrit.<\/p>\n<p>Aktivist\u00ebt jan\u00eb shoq\u00ebruar n\u00eb zon\u00ebn e Teatrit Komb\u00ebtar dhe nuk dihen arsyet e ndalimit<\/p>\n<p><a href=\"https:\/\/www.gazeta-shqip.com\/autori\/gazeta-shqip\"><strong>GAZETA SHQIP<\/strong><\/a><\/p>\n","protected":false},"excerpt":{"rendered":"<p>Policia shoq\u00ebron pedagogun Ergys M\u00ebrtiri dhe disa aktivist\u00eb t\u00eb Aleanc\u00ebs p\u00ebr Mbrojtjen e Teatrit Aktivist\u00ebt jan\u00eb shoq\u00ebruar n\u00eb zon\u00ebn e Teatrit Komb\u00ebtar dhe nuk dihen arsyet e ndalimit \u00a019 DHJETOR 2020, 20:24 Policia ka shoq\u00ebruar pedagogun Ergys M\u00ebrtiri dhe disa aktivist\u00eb t\u00eb tjer\u00eb, pjes\u00eb e Aleanc\u00ebs p\u00ebr Mbrojtjen e Teatrit Komb\u00ebtar dhe protestave t\u00eb dit\u00ebve [&hellip;]<\/p>\n","protected":false},"author":9,"featured_media":42078,"comment_status":"open","ping_status":"open","sticky":false,"template":"","format":"standard","meta":{"jetpack_post_was_ever_published":false,"_jetpack_newsletter_access":"","_jetpack_dont_email_post_to_subs":false,"_jetpack_newsletter_tier_id":0,"_jetpack_memberships_contains_paywalled_content":false,"_jetpack_memberships_contains_paid_content":false,"footnotes":"","jetpack_publicize_message":"","jetpack_publicize_feature_enabled":true,"jetpack_social_post_already_shared":true,"jetpack_social_options":{"image_generator_settings":{"template":"highway","default_image_id":0,"font":"","enabled":false},"version":2}},"categories":[27,1,35],"tags":[],"class_list":["post-42077","post","type-post","status-publish","format-standard","has-post-thumbnail","hentry","category-blogu-i-udhetarit","category-njoftime-shtypi","category-shoqerore"],"jetpack_publicize_connections":[],"jetpack_featured_media_url":"https:\/\/i0.wp.com\/www.shqiperia.com\/blog\/wp-content\/uploads\/2020\/12\/640-0-5fde52e9ef760.jpg?fit=640%2C361&ssl=1","jetpack_sharing_enabled":true,"jetpack_shortlink":"https:\/\/wp.me\/p5Z6wp-aWF","jetpack-related-posts":[{"id":42107,"url":"https:\/\/www.shqiperia.com\/blog\/serish-proteste-ne-tirane-para-ministrise-se-brendshme-kesaj-here\/","url_meta":{"origin":42077,"position":0},"title":"S\u00ebrish protest\u00eb n\u00eb Tiran\u00eb para ministris\u00eb s\u00eb Brendshme, k\u00ebsaj here&#8230;","author":"Kurt Farka","date":"December 20, 2020","format":false,"excerpt":"S\u00ebrish protest\u00eb n\u00eb Tiran\u00eb para ministris\u00eb s\u00eb Brendshme, k\u00ebsaj here... 20 DHJETOR 2020 Aleanca p\u00ebr Mbrojtjen e Teatrit ka dal\u00eb n\u00eb protest\u00eb dit\u00ebn e sotme\u00a0 n\u00eb sheshin p\u00ebrpara Ministris\u00eb s\u00eb Brendshme. Organizmi p\u00ebr protest\u00eb ka ardhur pasi sipas tyre jan\u00eb ndaluar dhunsh\u00ebm nga policia 4 aktivist\u00eb t\u00eb k\u00ebsaj Aleance, Astrit\u2026","rel":"","context":"In &quot;Blogu i Udh\u00ebtarit&quot;","block_context":{"text":"Blogu i Udh\u00ebtarit","link":"https:\/\/www.shqiperia.com\/blog\/category\/blogu-i-udhetarit\/"},"img":{"alt_text":"","src":"https:\/\/i0.wp.com\/www.shqiperia.com\/blog\/wp-content\/uploads\/2020\/12\/640-0-681408cbe821442fa5d20bac0100c706.jpg?fit=640%2C361&ssl=1&resize=350%2C200","width":350,"height":200,"srcset":"https:\/\/i0.wp.com\/www.shqiperia.com\/blog\/wp-content\/uploads\/2020\/12\/640-0-681408cbe821442fa5d20bac0100c706.jpg?fit=640%2C361&ssl=1&resize=350%2C200 1x, https:\/\/i0.wp.com\/www.shqiperia.com\/blog\/wp-content\/uploads\/2020\/12\/640-0-681408cbe821442fa5d20bac0100c706.jpg?fit=640%2C361&ssl=1&resize=525%2C300 1.5x"},"classes":[]},{"id":35120,"url":"https:\/\/www.shqiperia.com\/blog\/artistet-avancojne-kerkesat-do-kerkojme-rrezimin-e-edi-rames\/","url_meta":{"origin":42077,"position":1},"title":"Artist\u00ebt avancojn\u00eb k\u00ebrkesat: &#8211; Do k\u00ebrkojm\u00eb rr\u00ebzimin e Edi Ram\u00ebs","author":"Kurt Farka","date":"May 27, 2020","format":false,"excerpt":"Artist\u00ebt avancojn\u00eb k\u00ebrkesat: - Do k\u00ebrkojm\u00eb rr\u00ebzimin e Edi Ram\u00ebs - 27\/05\/20 | Gazeta\u00a0 mapo.al M\u00eb shum\u00eb se mbledhja e firmave p\u00ebr nj\u00eb peticion, i cili k\u00ebrkon nd\u00ebrtimin e teatrit sipas modelit origjinal, atje ku ka qen\u00eb, takimet e artist\u00ebve n\u00eb rrethe kan\u00eb t\u00eb b\u00ebjn\u00eb me thirrjen n\u00eb nj\u00eb protest\u00eb\u2026","rel":"","context":"In &quot;Blogu i Udh\u00ebtarit&quot;","block_context":{"text":"Blogu i Udh\u00ebtarit","link":"https:\/\/www.shqiperia.com\/blog\/category\/blogu-i-udhetarit\/"},"img":{"alt_text":"","src":"https:\/\/i0.wp.com\/www.shqiperia.com\/blog\/wp-content\/uploads\/2020\/05\/Protesta-e-artisteve-1.jpg?fit=1024%2C567&ssl=1&resize=350%2C200","width":350,"height":200,"srcset":"https:\/\/i0.wp.com\/www.shqiperia.com\/blog\/wp-content\/uploads\/2020\/05\/Protesta-e-artisteve-1.jpg?fit=1024%2C567&ssl=1&resize=350%2C200 1x, https:\/\/i0.wp.com\/www.shqiperia.com\/blog\/wp-content\/uploads\/2020\/05\/Protesta-e-artisteve-1.jpg?fit=1024%2C567&ssl=1&resize=525%2C300 1.5x, https:\/\/i0.wp.com\/www.shqiperia.com\/blog\/wp-content\/uploads\/2020\/05\/Protesta-e-artisteve-1.jpg?fit=1024%2C567&ssl=1&resize=700%2C400 2x"},"classes":[]},{"id":23513,"url":"https:\/\/www.shqiperia.com\/blog\/eja-na-nxirrni-mertiri-sfidon-ramen-po-qe-i-forte-bej-referendum-per-teatrin\/","url_meta":{"origin":42077,"position":2},"title":"\u2018Eja na nxirrni\u2019\/ M\u00ebrtiri sfidon Ram\u00ebn. &#8216;Po qe i fort\u00eb, b\u00ebj referendum p\u00ebr Teatrin\u2019","author":"Kurt Farka","date":"July 24, 2019","format":false,"excerpt":"\u2018Eja na nxirrni\u2019\/ M\u00ebrtiri sfidon Ram\u00ebn. 'Po qe i fort\u00eb, b\u00ebj referendum p\u00ebr Teatrin\u2019 17:04,\u00a024\/07\/2019 Sociologu Ergys M\u00ebrtiri, nj\u00eb nga aktivist\u00ebt n\u00eb mbrojtje t\u00eb Teatrit Komb\u00ebtar, duke komentuar reagimin e kryeministrit Rama i cili i quajti pakic\u00eb, e ftoi Ram\u00ebn t\u00eb mbaj\u00eb referendum p\u00ebr Teatrin n\u00ebse mendon se ata jan\u00eb\u2026","rel":"","context":"In &quot;Blogu i Udh\u00ebtarit&quot;","block_context":{"text":"Blogu i Udh\u00ebtarit","link":"https:\/\/www.shqiperia.com\/blog\/category\/blogu-i-udhetarit\/"},"img":{"alt_text":"","src":"https:\/\/i0.wp.com\/www.shqiperia.com\/blog\/wp-content\/uploads\/2019\/07\/auto_Untitled-191563980716-Copy.jpg?fit=579%2C285&ssl=1&resize=350%2C200","width":350,"height":200,"srcset":"https:\/\/i0.wp.com\/www.shqiperia.com\/blog\/wp-content\/uploads\/2019\/07\/auto_Untitled-191563980716-Copy.jpg?fit=579%2C285&ssl=1&resize=350%2C200 1x, https:\/\/i0.wp.com\/www.shqiperia.com\/blog\/wp-content\/uploads\/2019\/07\/auto_Untitled-191563980716-Copy.jpg?fit=579%2C285&ssl=1&resize=525%2C300 1.5x"},"classes":[]},{"id":34685,"url":"https:\/\/www.shqiperia.com\/blog\/olti-curri-rastet-e-coronavirusit-keto-dite-do-vijne-duke-u-shtuar-derisa-cakejte-te-shqyejne-teatrin-me-gjithe-sheshin-e-tij\/","url_meta":{"origin":42077,"position":3},"title":"Olti Curri: \u00a0\u201cRastet\u201d e Coronavirusit, keto dite do vijne duke u shtuar, derisa \u00e7akejte te shqyejne teatrin me gjithe sheshin e tij\u2026","author":"Kurt Farka","date":"May 15, 2020","format":false,"excerpt":"Olti Curri: \u00a0\u201cRastet\u201d e Coronavirusit, keto dite do vijne duke u shtuar, derisa \u00e7akejte te shqyejne teatrin me gjithe sheshin e tij\u2026 15 MAJ 2020 Olti Curri iu \u00ebsht\u00eb bashkuar protet\u00ebs s\u00eb artist\u00ebve p\u00ebr t\u00eb mbrojtur Teatrin Komb\u00ebtar.\u00a0 N\u00eb nj\u00eb postim n\u00eb rrjetet sociale ai iu \u00ebsht\u00eb bashkangjitur ides\u00eb s\u00eb\u2026","rel":"","context":"In &quot;Blogu i Udh\u00ebtarit&quot;","block_context":{"text":"Blogu i Udh\u00ebtarit","link":"https:\/\/www.shqiperia.com\/blog\/category\/blogu-i-udhetarit\/"},"img":{"alt_text":"","src":"https:\/\/i0.wp.com\/www.shqiperia.com\/blog\/wp-content\/uploads\/2020\/05\/800-0-5ebe91ed449e2.png?fit=800%2C398&ssl=1&resize=350%2C200","width":350,"height":200,"srcset":"https:\/\/i0.wp.com\/www.shqiperia.com\/blog\/wp-content\/uploads\/2020\/05\/800-0-5ebe91ed449e2.png?fit=800%2C398&ssl=1&resize=350%2C200 1x, https:\/\/i0.wp.com\/www.shqiperia.com\/blog\/wp-content\/uploads\/2020\/05\/800-0-5ebe91ed449e2.png?fit=800%2C398&ssl=1&resize=525%2C300 1.5x, https:\/\/i0.wp.com\/www.shqiperia.com\/blog\/wp-content\/uploads\/2020\/05\/800-0-5ebe91ed449e2.png?fit=800%2C398&ssl=1&resize=700%2C400 2x"},"classes":[]},{"id":35196,"url":"https:\/\/www.shqiperia.com\/blog\/aleanca-per-mbrojtjen-e-teatrit-nuk-ndalet-hedh-nje-tjeter-hap-kallezim-per-vrasje-me-dashje-ne-spak\/","url_meta":{"origin":42077,"position":4},"title":"Aleanca p\u00ebr Mbrojtjen e Teatrit nuk ndalet, hedh nj\u00eb tjet\u00ebr hap, kall\u00ebzim p\u00ebr vrasje me dashje n\u00eb SPAK","author":"Kurt Farka","date":"May 29, 2020","format":false,"excerpt":"Aleanca p\u00ebr Mbrojtjen e Teatrit nuk ndalet, hedh nj\u00eb tjet\u00ebr hap, kall\u00ebzim p\u00ebr vrasje me dashje n\u00eb SPAK 29 MAJ 2020. Aleanca p\u00ebr Mbrojtjen e Teatrit do t\u00eb b\u00ebj\u00eb nj\u00eb tjet\u00ebr kall\u00ebzim sot n\u00eb SPAK. Kall\u00ebzimi do t\u00eb b\u00ebhet n\u00eb or\u00ebn 11.00 p\u00ebr kall\u00ebzimin p\u00ebr vepr\u00ebn penale \"vrasje e mbetur\u2026","rel":"","context":"In &quot;Blogu i Udh\u00ebtarit&quot;","block_context":{"text":"Blogu i Udh\u00ebtarit","link":"https:\/\/www.shqiperia.com\/blog\/category\/blogu-i-udhetarit\/"},"img":{"alt_text":"","src":"https:\/\/i0.wp.com\/www.shqiperia.com\/blog\/wp-content\/uploads\/2020\/05\/800-0-5ed0cb97c0423.jpg?fit=800%2C400&ssl=1&resize=350%2C200","width":350,"height":200,"srcset":"https:\/\/i0.wp.com\/www.shqiperia.com\/blog\/wp-content\/uploads\/2020\/05\/800-0-5ed0cb97c0423.jpg?fit=800%2C400&ssl=1&resize=350%2C200 1x, https:\/\/i0.wp.com\/www.shqiperia.com\/blog\/wp-content\/uploads\/2020\/05\/800-0-5ed0cb97c0423.jpg?fit=800%2C400&ssl=1&resize=525%2C300 1.5x, https:\/\/i0.wp.com\/www.shqiperia.com\/blog\/wp-content\/uploads\/2020\/05\/800-0-5ed0cb97c0423.jpg?fit=800%2C400&ssl=1&resize=700%2C400 2x"},"classes":[]},{"id":35407,"url":"https:\/\/www.shqiperia.com\/blog\/shembja-e-teatrit-amt-i-drejtohet-presidentit-te-pe-per-degjese-speciale\/","url_meta":{"origin":42077,"position":5},"title":"Shembja e teatrit, AMT i drejtohet presidentit t\u00eb PE p\u00ebr d\u00ebgjes\u00eb speciale","author":"Kurt Farka","date":"June 4, 2020","format":false,"excerpt":"Shembja e teatrit, AMT i drejtohet presidentit t\u00eb PE p\u00ebr d\u00ebgjes\u00eb speciale 4 QERSHOR 2020 Aleanca p\u00ebr Mbrojtjen e Teatrit- zyrtare ka d\u00ebrguar nj\u00eb let\u00ebr n\u00eb adres\u00eb t\u00eb zotit David Maria Sassoli, president i Parlamentit Europian, p\u00ebrmes s\u00eb cil\u00ebs k\u00ebrkohet nj\u00eb d\u00ebgjes\u00eb speciale kushtuar shembjes s\u00eb Teatrit Komb\u00ebtar. \u201cN\u00eb em\u00ebr\u2026","rel":"","context":"In &quot;Blogu i Udh\u00ebtarit&quot;","block_context":{"text":"Blogu i Udh\u00ebtarit","link":"https:\/\/www.shqiperia.com\/blog\/category\/blogu-i-udhetarit\/"},"img":{"alt_text":"","src":"https:\/\/i0.wp.com\/www.shqiperia.com\/blog\/wp-content\/uploads\/2020\/06\/Teatri-Kombetar.jpg?fit=800%2C449&ssl=1&resize=350%2C200","width":350,"height":200,"srcset":"https:\/\/i0.wp.com\/www.shqiperia.com\/blog\/wp-content\/uploads\/2020\/06\/Teatri-Kombetar.jpg?fit=800%2C449&ssl=1&resize=350%2C200 1x, https:\/\/i0.wp.com\/www.shqiperia.com\/blog\/wp-content\/uploads\/2020\/06\/Teatri-Kombetar.jpg?fit=800%2C449&ssl=1&resize=525%2C300 1.5x, https:\/\/i0.wp.com\/www.shqiperia.com\/blog\/wp-content\/uploads\/2020\/06\/Teatri-Kombetar.jpg?fit=800%2C449&ssl=1&resize=700%2C400 2x"},"classes":[]}],"_links":{"self":[{"href":"https:\/\/www.shqiperia.com\/blog\/wp-json\/wp\/v2\/posts\/42077","targetHints":{"allow":["GET"]}}],"collection":[{"href":"https:\/\/www.shqiperia.com\/blog\/wp-json\/wp\/v2\/posts"}],"about":[{"href":"https:\/\/www.shqiperia.com\/blog\/wp-json\/wp\/v2\/types\/post"}],"author":[{"embeddable":true,"href":"https:\/\/www.shqiperia.com\/blog\/wp-json\/wp\/v2\/users\/9"}],"replies":[{"embeddable":true,"href":"https:\/\/www.shqiperia.com\/blog\/wp-json\/wp\/v2\/comments?post=42077"}],"version-history":[{"count":1,"href":"https:\/\/www.shqiperia.com\/blog\/wp-json\/wp\/v2\/posts\/42077\/revisions"}],"predecessor-version":[{"id":42079,"href":"https:\/\/www.shqiperia.com\/blog\/wp-json\/wp\/v2\/posts\/42077\/revisions\/42079"}],"wp:featuredmedia":[{"embeddable":true,"href":"https:\/\/www.shqiperia.com\/blog\/wp-json\/wp\/v2\/media\/42078"}],"wp:attachment":[{"href":"https:\/\/www.shqiperia.com\/blog\/wp-json\/wp\/v2\/media?parent=42077"}],"wp:term":[{"taxonomy":"category","embeddable":true,"href":"https:\/\/www.shqiperia.com\/blog\/wp-json\/wp\/v2\/categories?post=42077"},{"taxonomy":"post_tag","embeddable":true,"href":"https:\/\/www.shqiperia.com\/blog\/wp-json\/wp\/v2\/tags?post=42077"}],"curies":[{"name":"wp","href":"https:\/\/api.w.org\/{rel}","templated":true}]}}