{"id":42066,"date":"2020-12-19T15:30:37","date_gmt":"2020-12-19T15:30:37","guid":{"rendered":"https:\/\/www.shqiperia.com\/blog\/?p=42066"},"modified":"2020-12-19T15:30:37","modified_gmt":"2020-12-19T15:30:37","slug":"fotografon-dhe-brenda-shtepise-suaj-njihuni-me-satelitin-qe-po-spiunon-boten","status":"publish","type":"post","link":"https:\/\/www.shqiperia.com\/blog\/fotografon-dhe-brenda-shtepise-suaj-njihuni-me-satelitin-qe-po-spiunon-boten\/","title":{"rendered":"Fotografon dhe brenda sht\u00ebpis\u00eb suaj\/ Njihuni me satelitin q\u00eb po &#8220;spiunon&#8221; bot\u00ebn"},"content":{"rendered":"<p><img data-recalc-dims=\"1\" loading=\"lazy\" decoding=\"async\" data-attachment-id=\"42067\" data-permalink=\"https:\/\/www.shqiperia.com\/blog\/fotografon-dhe-brenda-shtepise-suaj-njihuni-me-satelitin-qe-po-spiunon-boten\/640-0-5fddce7a2bb44\/\" data-orig-file=\"https:\/\/i0.wp.com\/www.shqiperia.com\/blog\/wp-content\/uploads\/2020\/12\/640-0-5fddce7a2bb44.jpg?fit=640%2C384&amp;ssl=1\" data-orig-size=\"640,384\" data-comments-opened=\"1\" data-image-meta=\"{&quot;aperture&quot;:&quot;0&quot;,&quot;credit&quot;:&quot;&quot;,&quot;camera&quot;:&quot;&quot;,&quot;caption&quot;:&quot;&quot;,&quot;created_timestamp&quot;:&quot;0&quot;,&quot;copyright&quot;:&quot;&quot;,&quot;focal_length&quot;:&quot;0&quot;,&quot;iso&quot;:&quot;0&quot;,&quot;shutter_speed&quot;:&quot;0&quot;,&quot;title&quot;:&quot;&quot;,&quot;orientation&quot;:&quot;0&quot;}\" data-image-title=\"-640-0-5fddce7a2bb44\" data-image-description=\"\" data-image-caption=\"\" data-medium-file=\"https:\/\/i0.wp.com\/www.shqiperia.com\/blog\/wp-content\/uploads\/2020\/12\/640-0-5fddce7a2bb44.jpg?fit=300%2C180&amp;ssl=1\" data-large-file=\"https:\/\/i0.wp.com\/www.shqiperia.com\/blog\/wp-content\/uploads\/2020\/12\/640-0-5fddce7a2bb44.jpg?fit=640%2C384&amp;ssl=1\" class=\"alignnone  wp-image-42067\" alt=\"\" src=\"https:\/\/i0.wp.com\/www.shqiperia.com\/blog\/wp-content\/uploads\/2020\/12\/640-0-5fddce7a2bb44.jpg?resize=517%2C310&#038;ssl=1\" width=\"517\" height=\"310\" srcset=\"https:\/\/i0.wp.com\/www.shqiperia.com\/blog\/wp-content\/uploads\/2020\/12\/640-0-5fddce7a2bb44.jpg?resize=300%2C180&amp;ssl=1 300w, https:\/\/i0.wp.com\/www.shqiperia.com\/blog\/wp-content\/uploads\/2020\/12\/640-0-5fddce7a2bb44.jpg?resize=450%2C270&amp;ssl=1 450w, https:\/\/i0.wp.com\/www.shqiperia.com\/blog\/wp-content\/uploads\/2020\/12\/640-0-5fddce7a2bb44.jpg?resize=600%2C360&amp;ssl=1 600w, https:\/\/i0.wp.com\/www.shqiperia.com\/blog\/wp-content\/uploads\/2020\/12\/640-0-5fddce7a2bb44.jpg?resize=400%2C240&amp;ssl=1 400w, https:\/\/i0.wp.com\/www.shqiperia.com\/blog\/wp-content\/uploads\/2020\/12\/640-0-5fddce7a2bb44.jpg?w=640&amp;ssl=1 640w\" sizes=\"auto, (max-width: 517px) 100vw, 517px\" \/><\/p>\n<p><strong>Fotografon dhe brenda sht\u00ebpis\u00eb suaj\/ Njihuni me satelitin q\u00eb po &#8220;spiunon&#8221; bot\u00ebn <\/strong><\/p>\n<p><strong>19 DHJETOR 2020<\/strong><\/p>\n<p>Nj\u00eb satelit i ri q\u00eb po orbiton Tok\u00ebn mund t\u00eb kap\u00eb imazhe me rezolucion t\u00eb lart\u00eb t\u00eb pothuajse \u00e7do vendi n\u00eb planetin ton\u00eb duke p\u00ebrdorur radar\u00eb &#8211; dhe \u00ebsht\u00eb mjaft i fuqish\u00ebm p\u00ebr t\u00eb dep\u00ebrtuar n\u00eb muret e nd\u00ebrtesave.<\/p>\n<p>Capella-2, i dizenjuar nga Capella Space, p\u00ebrdor Radarin Sintetik Aperture (SAR), i cili mund t\u00eb shikoj\u00eb Tok\u00ebn pavar\u00ebsisht nga dukshm\u00ebria e ajrit, mbulimi i reve ose koha e dit\u00ebs &#8211; dhe \u00ebsht\u00eb e nj\u00ebjta teknologji q\u00eb NASA ka p\u00ebrdorur q\u00eb nga vitet 1970.<\/p>\n<p>SAR l\u00ebshon sinjale t\u00eb fuqishme radioje p\u00ebr t\u00eb &#8216;ndri\u00e7uar&#8217; nj\u00eb pik\u00eb interesi dhe mbledh t\u00eb dh\u00ebna n\u00eb jehon\u00ebn e secilit impuls q\u00eb kthehet prapa, duke i interpretuar ato p\u00ebr t\u00eb krijuar nj\u00eb imazh t\u00eb holl\u00ebsish\u00ebm.<\/p>\n<p>Imazhet &#8216;fantazm\u00eb&#8217; q\u00eb duket se tregojn\u00eb pjes\u00ebn e brendshme t\u00eb strukturave \u00ebsht\u00eb p\u00ebr shkak t\u00eb satelitit q\u00eb rrezaton sinjalin e vet, dhe jo vet\u00ebm duke mbledhur drit\u00eb, e cila ndonj\u00ebher\u00eb e lejon at\u00eb t\u00eb dep\u00ebrtoj\u00eb n\u00eb struktura.<\/p>\n<p><img data-recalc-dims=\"1\" loading=\"lazy\" decoding=\"async\" data-attachment-id=\"42067\" data-permalink=\"https:\/\/www.shqiperia.com\/blog\/fotografon-dhe-brenda-shtepise-suaj-njihuni-me-satelitin-qe-po-spiunon-boten\/640-0-5fddce7a2bb44\/\" data-orig-file=\"https:\/\/i0.wp.com\/www.shqiperia.com\/blog\/wp-content\/uploads\/2020\/12\/640-0-5fddce7a2bb44.jpg?fit=640%2C384&amp;ssl=1\" data-orig-size=\"640,384\" data-comments-opened=\"1\" data-image-meta=\"{&quot;aperture&quot;:&quot;0&quot;,&quot;credit&quot;:&quot;&quot;,&quot;camera&quot;:&quot;&quot;,&quot;caption&quot;:&quot;&quot;,&quot;created_timestamp&quot;:&quot;0&quot;,&quot;copyright&quot;:&quot;&quot;,&quot;focal_length&quot;:&quot;0&quot;,&quot;iso&quot;:&quot;0&quot;,&quot;shutter_speed&quot;:&quot;0&quot;,&quot;title&quot;:&quot;&quot;,&quot;orientation&quot;:&quot;0&quot;}\" data-image-title=\"-640-0-5fddce7a2bb44\" data-image-description=\"\" data-image-caption=\"\" data-medium-file=\"https:\/\/i0.wp.com\/www.shqiperia.com\/blog\/wp-content\/uploads\/2020\/12\/640-0-5fddce7a2bb44.jpg?fit=300%2C180&amp;ssl=1\" data-large-file=\"https:\/\/i0.wp.com\/www.shqiperia.com\/blog\/wp-content\/uploads\/2020\/12\/640-0-5fddce7a2bb44.jpg?fit=640%2C384&amp;ssl=1\" class=\"alignnone  wp-image-42067\" alt=\"\" src=\"https:\/\/i0.wp.com\/www.shqiperia.com\/blog\/wp-content\/uploads\/2020\/12\/640-0-5fddce7a2bb44.jpg?resize=702%2C421&#038;ssl=1\" width=\"702\" height=\"421\" srcset=\"https:\/\/i0.wp.com\/www.shqiperia.com\/blog\/wp-content\/uploads\/2020\/12\/640-0-5fddce7a2bb44.jpg?resize=300%2C180&amp;ssl=1 300w, https:\/\/i0.wp.com\/www.shqiperia.com\/blog\/wp-content\/uploads\/2020\/12\/640-0-5fddce7a2bb44.jpg?resize=450%2C270&amp;ssl=1 450w, https:\/\/i0.wp.com\/www.shqiperia.com\/blog\/wp-content\/uploads\/2020\/12\/640-0-5fddce7a2bb44.jpg?resize=600%2C360&amp;ssl=1 600w, https:\/\/i0.wp.com\/www.shqiperia.com\/blog\/wp-content\/uploads\/2020\/12\/640-0-5fddce7a2bb44.jpg?resize=400%2C240&amp;ssl=1 400w, https:\/\/i0.wp.com\/www.shqiperia.com\/blog\/wp-content\/uploads\/2020\/12\/640-0-5fddce7a2bb44.jpg?w=640&amp;ssl=1 640w\" sizes=\"auto, (max-width: 702px) 100vw, 702px\" \/><\/p>\n<p>Sateliti \u00ebsht\u00eb i aft\u00eb p\u00ebr imazhe me rezolucion 50 cm x 50 cm me azhornimin e tij t\u00eb fundit t\u00eb quajtur Spotlight q\u00eb lejon ekspozime t\u00eb gjata deri n\u00eb 60 sekonda mbi nj\u00eb zon\u00eb me interes (AOI), e cila rezulton n\u00eb imazhe t\u00eb kristalta.<\/p>\n<p>Gazeta Shqip<\/p>\n","protected":false},"excerpt":{"rendered":"<p>Fotografon dhe brenda sht\u00ebpis\u00eb suaj\/ Njihuni me satelitin q\u00eb po &#8220;spiunon&#8221; bot\u00ebn 19 DHJETOR 2020 Nj\u00eb satelit i ri q\u00eb po orbiton Tok\u00ebn mund t\u00eb kap\u00eb imazhe me rezolucion t\u00eb lart\u00eb t\u00eb pothuajse \u00e7do vendi n\u00eb planetin ton\u00eb duke p\u00ebrdorur radar\u00eb &#8211; dhe \u00ebsht\u00eb mjaft i fuqish\u00ebm p\u00ebr t\u00eb dep\u00ebrtuar n\u00eb muret e nd\u00ebrtesave. Capella-2, [&hellip;]<\/p>\n","protected":false},"author":9,"featured_media":42067,"comment_status":"open","ping_status":"open","sticky":false,"template":"","format":"standard","meta":{"jetpack_post_was_ever_published":false,"_jetpack_newsletter_access":"","_jetpack_dont_email_post_to_subs":false,"_jetpack_newsletter_tier_id":0,"_jetpack_memberships_contains_paywalled_content":false,"_jetpack_memberships_contains_paid_content":false,"footnotes":"","jetpack_publicize_message":"","jetpack_publicize_feature_enabled":true,"jetpack_social_post_already_shared":true,"jetpack_social_options":{"image_generator_settings":{"template":"highway","default_image_id":0,"font":"","enabled":false},"version":2}},"categories":[27,14],"tags":[],"class_list":["post-42066","post","type-post","status-publish","format-standard","has-post-thumbnail","hentry","category-blogu-i-udhetarit","category-press-releases"],"jetpack_publicize_connections":[],"jetpack_featured_media_url":"https:\/\/i0.wp.com\/www.shqiperia.com\/blog\/wp-content\/uploads\/2020\/12\/640-0-5fddce7a2bb44.jpg?fit=640%2C384&ssl=1","jetpack_sharing_enabled":true,"jetpack_shortlink":"https:\/\/wp.me\/p5Z6wp-aWu","jetpack-related-posts":[{"id":13814,"url":"https:\/\/www.shqiperia.com\/blog\/fantashkence-apo-pritshmeri-reale-parashikimi-i-frikshem-po-vjen-stuhia-diellore-qe-mund-te-riktheje-boten-2-shekuj-pas\/","url_meta":{"origin":42066,"position":0},"title":"Fantashkence apo Pritshmeri Reale.   -Parashikimi i friksh\u00ebm, po vjen stuhia diellore q\u00eb mund t\u00eb rikthej\u00eb bot\u00ebn 2 shekuj pas. &#8211;","author":"Kurt Farka","date":"November 17, 2018","format":false,"excerpt":"Fantashkence apo Pritshmeri Reale. \u00a0-Parashikimi i friksh\u00ebm, po vjen stuhia diellore q\u00eb mund t\u00eb rikthej\u00eb bot\u00ebn 2 shekuj pas. - Nj\u00eb ngjarje jo e rrall\u00eb, por vet\u00ebm nj\u00eb her\u00eb n\u00eb 20 \u201ctop plazma\u201d e krijuar nga shp\u00ebrthimet n\u00eb Diell merr drejtimin e Tok\u00ebs. N\u00ebse do t\u00eb kishte fuqin\u00eb e asaj\u2026","rel":"","context":"In &quot;Blogu i Udh\u00ebtarit&quot;","block_context":{"text":"Blogu i Udh\u00ebtarit","link":"https:\/\/www.shqiperia.com\/blog\/category\/blogu-i-udhetarit\/"},"img":{"alt_text":"","src":"https:\/\/i0.wp.com\/www.shqiperia.com\/blog\/wp-content\/uploads\/2018\/11\/Fantashkence-apo-Pritshmeri-Reale.-Copy.jpg?fit=696%2C387&ssl=1&resize=350%2C200","width":350,"height":200,"srcset":"https:\/\/i0.wp.com\/www.shqiperia.com\/blog\/wp-content\/uploads\/2018\/11\/Fantashkence-apo-Pritshmeri-Reale.-Copy.jpg?fit=696%2C387&ssl=1&resize=350%2C200 1x, https:\/\/i0.wp.com\/www.shqiperia.com\/blog\/wp-content\/uploads\/2018\/11\/Fantashkence-apo-Pritshmeri-Reale.-Copy.jpg?fit=696%2C387&ssl=1&resize=525%2C300 1.5x"},"classes":[]},{"id":73905,"url":"https:\/\/www.shqiperia.com\/blog\/bota-po-perballet-me-nje-vale-te-re-infektimesh-me-covid-rastet-po-rriten-njihuni-me-simptomat-dhe-vendet-e-prekura-nga-pirola\/","url_meta":{"origin":42066,"position":1},"title":"Bota po p\u00ebrballet me nj\u00eb vale t\u00eb re infektimesh me Covid, rastet po rriten! &#8211; Njihuni me simptomat dhe vendet e prekura nga PIROLA","author":"Kurt Farka","date":"September 2, 2023","format":false,"excerpt":"2 Shtator 2023 Nj\u00eb variant i ri i Covid-19, i cili tashm\u00eb njihet me emrin \u201cPirola\u201d dhe lidhet me n\u00ebnvariantin Omicron, ka alarmuar ekspert\u00ebt n\u00eb mbar\u00eb bot\u00ebn. \u201cPirola\u201d \u00ebsht\u00eb nj\u00eb mutacion i Omicron-it q\u00eb shp\u00ebrtheu n\u00eb vitin 2021 duke shkaktuar nj\u00eb rritje t\u00eb rasteve dhe vdekjeve me Covid. \u201cKur Omicron\u2026","rel":"","context":"In &quot;Njoftime Shtypi&quot;","block_context":{"text":"Njoftime Shtypi","link":"https:\/\/www.shqiperia.com\/blog\/category\/njoftime-shtypi\/"},"img":{"alt_text":"","src":"https:\/\/i0.wp.com\/www.shqiperia.com\/blog\/wp-content\/uploads\/2023\/09\/1691838315_covid19france.jpg?fit=780%2C440&ssl=1&resize=350%2C200","width":350,"height":200,"srcset":"https:\/\/i0.wp.com\/www.shqiperia.com\/blog\/wp-content\/uploads\/2023\/09\/1691838315_covid19france.jpg?fit=780%2C440&ssl=1&resize=350%2C200 1x, https:\/\/i0.wp.com\/www.shqiperia.com\/blog\/wp-content\/uploads\/2023\/09\/1691838315_covid19france.jpg?fit=780%2C440&ssl=1&resize=525%2C300 1.5x, https:\/\/i0.wp.com\/www.shqiperia.com\/blog\/wp-content\/uploads\/2023\/09\/1691838315_covid19france.jpg?fit=780%2C440&ssl=1&resize=700%2C400 2x"},"classes":[]},{"id":14476,"url":"https:\/\/www.shqiperia.com\/blog\/njihuni-me-njerezit-e-veliajt-qe-kontrollojne-protesten-e-sotme\/","url_meta":{"origin":42066,"position":2},"title":"Njihuni me njer\u00ebzit e Veliajt q\u00eb kontrollojn\u00eb protest\u00ebn e sotme. &#8211;","author":"Kurt Farka","date":"December 8, 2018","format":false,"excerpt":"Njihuni me njer\u00ebzit e Veliajt q\u00eb kontrollojn\u00eb protest\u00ebn e sotme. - 8 Dhjetor, 2018 Protesta e sotme e student\u00ebve po kthehet m\u00eb shum\u00eb n\u00eb nj\u00eb luft\u00eb klanesh brenda PS-s\u00eb se sa nj\u00eb protest\u00eb p\u00ebr t\u00eb drejtat reale t\u00eb student\u00ebve. Q\u00eb pasditen e djeshme u paralajm\u00ebrua se protesta e sotme ishte\u2026","rel":"","context":"In &quot;Blogu i Udh\u00ebtarit&quot;","block_context":{"text":"Blogu i Udh\u00ebtarit","link":"https:\/\/www.shqiperia.com\/blog\/category\/blogu-i-udhetarit\/"},"img":{"alt_text":"","src":"https:\/\/i0.wp.com\/www.shqiperia.com\/blog\/wp-content\/uploads\/2018\/12\/auto_64dsg4g1544273813-Copy-2.jpg?fit=900%2C525&ssl=1&resize=350%2C200","width":350,"height":200,"srcset":"https:\/\/i0.wp.com\/www.shqiperia.com\/blog\/wp-content\/uploads\/2018\/12\/auto_64dsg4g1544273813-Copy-2.jpg?fit=900%2C525&ssl=1&resize=350%2C200 1x, https:\/\/i0.wp.com\/www.shqiperia.com\/blog\/wp-content\/uploads\/2018\/12\/auto_64dsg4g1544273813-Copy-2.jpg?fit=900%2C525&ssl=1&resize=525%2C300 1.5x, https:\/\/i0.wp.com\/www.shqiperia.com\/blog\/wp-content\/uploads\/2018\/12\/auto_64dsg4g1544273813-Copy-2.jpg?fit=900%2C525&ssl=1&resize=700%2C400 2x"},"classes":[]},{"id":57149,"url":"https:\/\/www.shqiperia.com\/blog\/trishtuese-njihuni-me-fshatin-e-sarandes-qe-ka-vetem-5-banore-24-prill-2022\/","url_meta":{"origin":42066,"position":3},"title":"Trishtuese! &#8211; Njihuni me fshatin e Sarand\u00ebs q\u00eb ka vet\u00ebm 5 banor\u00eb. \u202624 PRILL 2022","author":"Kurt Farka","date":"April 24, 2022","format":false,"excerpt":"Trishtuese! - Njihuni me fshatin e Sarand\u00ebs q\u00eb ka vet\u00ebm 5 banor\u00eb. \u202624 PRILL 2022 GAZETA SHQIP E rrall\u00eb por edhe e trishtuese! K\u00ebto jan\u00eb fjal\u00ebt q\u00eb p\u00ebrshkruajn\u00eb fshatin Sirikat n\u00eb Sarand\u00eb i cili ka vet\u00ebm 5 banor\u00eb. Nj\u00eb nd\u00ebr 5 banor\u00ebt \u00ebsht\u00eb dhe nj\u00eb 34-vje\u00e7ar i cili refuzon t\u00eb\u2026","rel":"","context":"In &quot;Blogu i Udh\u00ebtarit&quot;","block_context":{"text":"Blogu i Udh\u00ebtarit","link":"https:\/\/www.shqiperia.com\/blog\/category\/blogu-i-udhetarit\/"},"img":{"alt_text":"","src":"https:\/\/i0.wp.com\/www.shqiperia.com\/blog\/wp-content\/uploads\/2022\/04\/Trishtuese-Njihuni-me-fshatin-e-Sarandes-qe-ka-vetem-5-banore.png?fit=640%2C317&ssl=1&resize=350%2C200","width":350,"height":200,"srcset":"https:\/\/i0.wp.com\/www.shqiperia.com\/blog\/wp-content\/uploads\/2022\/04\/Trishtuese-Njihuni-me-fshatin-e-Sarandes-qe-ka-vetem-5-banore.png?fit=640%2C317&ssl=1&resize=350%2C200 1x, https:\/\/i0.wp.com\/www.shqiperia.com\/blog\/wp-content\/uploads\/2022\/04\/Trishtuese-Njihuni-me-fshatin-e-Sarandes-qe-ka-vetem-5-banore.png?fit=640%2C317&ssl=1&resize=525%2C300 1.5x"},"classes":[]},{"id":45816,"url":"https:\/\/www.shqiperia.com\/blog\/pandemia-e-radhes-quhet-chikungunya-njihuni-me-virusin-e-rrezikshem-qe-vjen-nga\/","url_meta":{"origin":42066,"position":4},"title":"Pandemia e radh\u00ebs quhet &#8220;Chikungunya&#8221;, njihuni me virusin e rreziksh\u00ebm q\u00eb vjen nga&#8230;","author":"Kurt Farka","date":"March 27, 2021","format":false,"excerpt":"Pandemia e radh\u00ebs quhet \"Chikungunya\", njihuni me virusin e rreziksh\u00ebm q\u00eb vjen nga... 27 MARS 2021 \"S\u00ebmundja dikur tropikale s\u00eb shpejti mund t\u00eb b\u00ebhet nj\u00eb k\u00ebrc\u00ebnim pandemik global\u201d. Mushkonja tig\u00ebr\" q\u00eb mbart virusin e quajtur \"chikungunya\" tani po l\u00ebviz n\u00eb habitate t\u00eb reja n\u00eb Evrop\u00eb dhe Amerik\u00eb fal\u00eb ndryshimit t\u00eb\u2026","rel":"","context":"In &quot;Blogu i Udh\u00ebtarit&quot;","block_context":{"text":"Blogu i Udh\u00ebtarit","link":"https:\/\/www.shqiperia.com\/blog\/category\/blogu-i-udhetarit\/"},"img":{"alt_text":"","src":"https:\/\/i0.wp.com\/www.shqiperia.com\/blog\/wp-content\/uploads\/2021\/03\/640-0-605f3f5b0de3c.jpg?fit=640%2C364&ssl=1&resize=350%2C200","width":350,"height":200,"srcset":"https:\/\/i0.wp.com\/www.shqiperia.com\/blog\/wp-content\/uploads\/2021\/03\/640-0-605f3f5b0de3c.jpg?fit=640%2C364&ssl=1&resize=350%2C200 1x, https:\/\/i0.wp.com\/www.shqiperia.com\/blog\/wp-content\/uploads\/2021\/03\/640-0-605f3f5b0de3c.jpg?fit=640%2C364&ssl=1&resize=525%2C300 1.5x"},"classes":[]},{"id":51466,"url":"https:\/\/www.shqiperia.com\/blog\/njihuni-me-qytetin-ku-ndalohet-konsumimi-i-mishit\/","url_meta":{"origin":42066,"position":5},"title":"Njihuni me qytetin ku ndalohet konsumimi i mishit","author":"Kurt Farka","date":"November 17, 2021","format":false,"excerpt":"Njihuni me qytetin ku ndalohet konsumimi i mishit Nentor 2021 I njohur prej koh\u00ebsh si nj\u00eb nga qytetet m\u00eb t\u00eb shenjta n\u00eb bot\u00eb, kryeqyteti shpirt\u00ebror i Indis\u00eb po josh gjithnj\u00eb e m\u00eb shum\u00eb dashamir\u00ebsit e kuzhin\u00ebs teksa po shnd\u00ebrrohet n\u00eb nj\u00eb parajs\u00eb vegjetariane. Varanasi qyteti i banuar q\u00eb nga viti\u2026","rel":"","context":"In &quot;Blogu i Udh\u00ebtarit&quot;","block_context":{"text":"Blogu i Udh\u00ebtarit","link":"https:\/\/www.shqiperia.com\/blog\/category\/blogu-i-udhetarit\/"},"img":{"alt_text":"","src":"https:\/\/i0.wp.com\/www.shqiperia.com\/blog\/wp-content\/uploads\/2021\/11\/Kryeqyteti-shpirteror-i-Indise-Varanasi-qyteti-i-banuar-qe-nga-viti-1800-para-Krishtit.jpg?fit=640%2C398&ssl=1&resize=350%2C200","width":350,"height":200,"srcset":"https:\/\/i0.wp.com\/www.shqiperia.com\/blog\/wp-content\/uploads\/2021\/11\/Kryeqyteti-shpirteror-i-Indise-Varanasi-qyteti-i-banuar-qe-nga-viti-1800-para-Krishtit.jpg?fit=640%2C398&ssl=1&resize=350%2C200 1x, https:\/\/i0.wp.com\/www.shqiperia.com\/blog\/wp-content\/uploads\/2021\/11\/Kryeqyteti-shpirteror-i-Indise-Varanasi-qyteti-i-banuar-qe-nga-viti-1800-para-Krishtit.jpg?fit=640%2C398&ssl=1&resize=525%2C300 1.5x"},"classes":[]}],"_links":{"self":[{"href":"https:\/\/www.shqiperia.com\/blog\/wp-json\/wp\/v2\/posts\/42066","targetHints":{"allow":["GET"]}}],"collection":[{"href":"https:\/\/www.shqiperia.com\/blog\/wp-json\/wp\/v2\/posts"}],"about":[{"href":"https:\/\/www.shqiperia.com\/blog\/wp-json\/wp\/v2\/types\/post"}],"author":[{"embeddable":true,"href":"https:\/\/www.shqiperia.com\/blog\/wp-json\/wp\/v2\/users\/9"}],"replies":[{"embeddable":true,"href":"https:\/\/www.shqiperia.com\/blog\/wp-json\/wp\/v2\/comments?post=42066"}],"version-history":[{"count":1,"href":"https:\/\/www.shqiperia.com\/blog\/wp-json\/wp\/v2\/posts\/42066\/revisions"}],"predecessor-version":[{"id":42068,"href":"https:\/\/www.shqiperia.com\/blog\/wp-json\/wp\/v2\/posts\/42066\/revisions\/42068"}],"wp:featuredmedia":[{"embeddable":true,"href":"https:\/\/www.shqiperia.com\/blog\/wp-json\/wp\/v2\/media\/42067"}],"wp:attachment":[{"href":"https:\/\/www.shqiperia.com\/blog\/wp-json\/wp\/v2\/media?parent=42066"}],"wp:term":[{"taxonomy":"category","embeddable":true,"href":"https:\/\/www.shqiperia.com\/blog\/wp-json\/wp\/v2\/categories?post=42066"},{"taxonomy":"post_tag","embeddable":true,"href":"https:\/\/www.shqiperia.com\/blog\/wp-json\/wp\/v2\/tags?post=42066"}],"curies":[{"name":"wp","href":"https:\/\/api.w.org\/{rel}","templated":true}]}}