{"id":42056,"date":"2020-12-19T10:48:43","date_gmt":"2020-12-19T10:48:43","guid":{"rendered":"https:\/\/www.shqiperia.com\/blog\/?p=42056"},"modified":"2020-12-19T10:48:43","modified_gmt":"2020-12-19T10:48:43","slug":"kapja-e-shtetit-dorezimi-i-rilindjes-te-krimi-dhe-korrupsioni","status":"publish","type":"post","link":"https:\/\/www.shqiperia.com\/blog\/kapja-e-shtetit-dorezimi-i-rilindjes-te-krimi-dhe-korrupsioni\/","title":{"rendered":"\u201cKapja e shtetit\u201d \u2013 Dor\u00ebzimi i \u201crilindjes\u201d te krimi dhe korrupsioni"},"content":{"rendered":"<p><img data-recalc-dims=\"1\" loading=\"lazy\" decoding=\"async\" data-attachment-id=\"42057\" data-permalink=\"https:\/\/www.shqiperia.com\/blog\/kapja-e-shtetit-dorezimi-i-rilindjes-te-krimi-dhe-korrupsioni\/1a0e98d2-7b4f-4941-a057-f6a4fe8915b6\/\" data-orig-file=\"https:\/\/i0.wp.com\/www.shqiperia.com\/blog\/wp-content\/uploads\/2020\/12\/1A0E98D2-7B4F-4941-A057-F6A4FE8915B6.jpeg?fit=1280%2C720&amp;ssl=1\" data-orig-size=\"1280,720\" data-comments-opened=\"1\" data-image-meta=\"{&quot;aperture&quot;:&quot;0&quot;,&quot;credit&quot;:&quot;&quot;,&quot;camera&quot;:&quot;&quot;,&quot;caption&quot;:&quot;&quot;,&quot;created_timestamp&quot;:&quot;0&quot;,&quot;copyright&quot;:&quot;&quot;,&quot;focal_length&quot;:&quot;0&quot;,&quot;iso&quot;:&quot;0&quot;,&quot;shutter_speed&quot;:&quot;0&quot;,&quot;title&quot;:&quot;&quot;,&quot;orientation&quot;:&quot;0&quot;}\" data-image-title=\"1A0E98D2-7B4F-4941-A057-F6A4FE8915B6\" data-image-description=\"\" data-image-caption=\"\" data-medium-file=\"https:\/\/i0.wp.com\/www.shqiperia.com\/blog\/wp-content\/uploads\/2020\/12\/1A0E98D2-7B4F-4941-A057-F6A4FE8915B6.jpeg?fit=300%2C169&amp;ssl=1\" data-large-file=\"https:\/\/i0.wp.com\/www.shqiperia.com\/blog\/wp-content\/uploads\/2020\/12\/1A0E98D2-7B4F-4941-A057-F6A4FE8915B6.jpeg?fit=1024%2C576&amp;ssl=1\" class=\"alignnone  wp-image-42057\" alt=\"\" src=\"https:\/\/i0.wp.com\/www.shqiperia.com\/blog\/wp-content\/uploads\/2020\/12\/1A0E98D2-7B4F-4941-A057-F6A4FE8915B6.jpeg?resize=545%2C307&#038;ssl=1\" width=\"545\" height=\"307\" srcset=\"https:\/\/i0.wp.com\/www.shqiperia.com\/blog\/wp-content\/uploads\/2020\/12\/1A0E98D2-7B4F-4941-A057-F6A4FE8915B6.jpeg?resize=300%2C169&amp;ssl=1 300w, https:\/\/i0.wp.com\/www.shqiperia.com\/blog\/wp-content\/uploads\/2020\/12\/1A0E98D2-7B4F-4941-A057-F6A4FE8915B6.jpeg?resize=1024%2C576&amp;ssl=1 1024w, https:\/\/i0.wp.com\/www.shqiperia.com\/blog\/wp-content\/uploads\/2020\/12\/1A0E98D2-7B4F-4941-A057-F6A4FE8915B6.jpeg?resize=768%2C432&amp;ssl=1 768w, https:\/\/i0.wp.com\/www.shqiperia.com\/blog\/wp-content\/uploads\/2020\/12\/1A0E98D2-7B4F-4941-A057-F6A4FE8915B6.jpeg?resize=450%2C253&amp;ssl=1 450w, https:\/\/i0.wp.com\/www.shqiperia.com\/blog\/wp-content\/uploads\/2020\/12\/1A0E98D2-7B4F-4941-A057-F6A4FE8915B6.jpeg?resize=600%2C338&amp;ssl=1 600w, https:\/\/i0.wp.com\/www.shqiperia.com\/blog\/wp-content\/uploads\/2020\/12\/1A0E98D2-7B4F-4941-A057-F6A4FE8915B6.jpeg?resize=400%2C225&amp;ssl=1 400w, https:\/\/i0.wp.com\/www.shqiperia.com\/blog\/wp-content\/uploads\/2020\/12\/1A0E98D2-7B4F-4941-A057-F6A4FE8915B6.jpeg?w=1280&amp;ssl=1 1280w\" sizes=\"auto, (max-width: 545px) 100vw, 545px\" \/><\/p>\n<p><strong>\u201cKapja e shtetit\u201d \u2013 Dor\u00ebzimi i \u201crilindjes\u201d te krimi dhe korrupsioni<\/strong><\/p>\n<p>&#8211; 19\/12\/20<\/p>\n<p><a href=\"https:\/\/gazetamapo.al\/kapja-e-shtetit-si-u-dorezua-rilindja-te-krimi-dhe-korrupsioni\/\"><strong>Nga Blerina Gjoka<\/strong><\/a><\/p>\n<p><strong><em>Qeveria ka ligj\u00ebruar korrupsionin me an\u00eb t\u00eb \u201cligjeve t\u00eb porositura\u201d apo koncesioneve me kosto marramend\u00ebse. Zyrtar\u00ebt e lart\u00eb shtet\u00ebror\u00eb dhe politik\u00eb favorizojn\u00eb krimin dhe p\u00ebrdorin bandat kriminale p\u00ebr vjedhje votash. Tabloja trondit\u00ebse p\u00ebr Shqip\u00ebrin\u00eb vjen nga Transparency International. Po \u00e7far\u00eb do t\u00eb thot\u00eb \u201ckapje e shtetit\u201d dhe cilat jan\u00eb pasojat n\u00eb ekonomin\u00eb e vendit e k\u00ebtyre praktikave korruptive? Analizojn\u00eb gjetjet e raportit t\u00eb fundit t\u00eb TI,\u00a0<\/em><\/strong><a href=\"https:\/\/gazetamapo.al\/artan-hoxha-lidhja-politike-me-krimin-eshte-nje-vije-e-qendrueshme-sjelljeje-e-rilindjes\/\"><strong><em>Artan Hoxha<\/em><\/strong><\/a><strong><em>,\u00a0<\/em><\/strong><a href=\"https:\/\/gazetamapo.al\/ornela-liperi-politikat-e-qeverise-favorizuese-vetem-per-nje-grusht-te-vogel-njerezish\/\"><strong><em>Ornela Liperi<\/em><\/strong><\/a><strong><em>\u00a0dhe\u00a0<\/em><\/strong><a href=\"https:\/\/gazetamapo.al\/qirjazi-kapja-e-shtetit-avancoi-me-forcimin-e-ekzekutivit\/\"><strong><em>Redjon Qirjazi<\/em><\/strong><\/a><strong><em>\u00a0nga IDM, organizata partnere e TI n\u00eb Tiran\u00eb.<\/em><\/strong><\/p>\n<p>Bashk\u00ebpunimi i zyrtar\u00ebve t\u00eb lart\u00eb dhe politikan\u00ebve me bandat kriminale dhe miratimi i \u201cligjeve klienteliste\u201d e b\u00ebjn\u00eb shtetin shqiptar t\u00eb cil\u00ebsohet i kapur nga krimi. K\u00ebto konstatime trondit\u00ebse nuk vijn\u00eb nga opozita, por nga Transparency International, organizat\u00ebs q\u00eb merret me perceptimin e fenomeneve t\u00eb korrupsionit apo krimit t\u00eb organizuar n\u00eb bot\u00eb.<\/p>\n<p>Raporti i fundit i TI kushtuar Ballkanit Per\u00ebndimor dhe Turqis\u00eb, n\u00eb rastin e Shqip\u00ebris\u00eb sjell shembuj konkret\u00eb se si shteti \u00ebsht\u00eb kapur nga krimi. Aty p\u00ebrmendet lidhja e zyrtar\u00ebve t\u00eb lart\u00eb socialist\u00eb me bandat kriminale; rasti i ish-ministrit t\u00eb Rendit, Sajmir Tahiri, apo p\u00ebrdorimin e bandave p\u00ebr vjedhje votash si ish-kryebashkiaku i Durr\u00ebsit, Vangjush Dako, dhe ministri Damian Gjiknuri, t\u00eb kapur n\u00eb p\u00ebrgjimet e prokuroris\u00eb. Po ashtu TI v\u00ebren se qeveria \u00ebsht\u00eb v\u00ebn\u00eb n\u00eb sh\u00ebrbim t\u00eb interesave t\u00eb grupeve apo individ\u00ebve t\u00eb ve\u00e7ant\u00eb me an\u00eb t\u00eb koncesioneve dhe \u201cligjeve t\u00eb porositura\u201d.<\/p>\n<p>Nj\u00eb tjet\u00ebr raport i Transparency International e konsideron Shqip\u00ebrin\u00eb si nj\u00eb vend me nj\u00eb ekspozim t\u00eb madh ndaj korrupsionit n\u00eb sektorin e mbrojtjes. E nd\u00ebrsa korrupsioni na shfaqet parasysh si nj\u00eb rrjet merimange q\u00eb lidh qeverin\u00eb me krimin, pasojat e kapjes s\u00eb shtetit shkojn\u00eb paralelisht me varf\u00ebrimin e shqiptar\u00ebve. N\u00eb indeksin e fundit t\u00eb EUROSTAT Shqip\u00ebria radhitet si vendi m\u00eb i varf\u00ebr n\u00eb Europ\u00eb. Gjetjet e TI p\u00ebr Shqip\u00ebrin\u00eb evidentojn\u00eb disa fenomene q\u00eb tregojn\u00eb dor\u00ebzimin e shtetit n\u00eb duart e interesave t\u00eb grupeve t\u00eb caktuara dhe t\u00eb bandave kriminale dhe mekanizmat p\u00ebr ligj\u00ebrimin e korrupsionit.<\/p>\n<p><strong>Korrupsioni i nivelit t\u00eb lart\u00eb<\/strong><br \/>\n\u201cNj\u00eb shembull i klientelizmit politik paraqitet n\u00eb rastin e ish-kryetarit t\u00eb Bashkis\u00eb s\u00eb Durr\u00ebsit Vangjush Dako, an\u00ebtar i komitetit drejtues t\u00eb Partis\u00eb Socialiste n\u00eb at\u00eb koh\u00eb dhe p\u00ebrgjegj\u00ebs p\u00ebr fushat\u00ebn zgjedhore n\u00eb Durr\u00ebs gjat\u00eb zgjedhjeve t\u00eb vitit 2017 n\u00eb Shqip\u00ebri. Dako bashk\u00ebpunoi me klanin lokal Avdulaj n\u00eb blerjen e votave dhe frik\u00ebsimin e votuesve n\u00eb k\u00ebmbim t\u00eb trajtimit t\u00eb favorizuar n\u00eb institucionet lokale\u201d.<\/p>\n<p><strong>Lidhje me krimin e organizuar<\/strong><br \/>\n\u201cKorrupsioni i zyrtar\u00ebve p\u00ebrkat\u00ebs publik\u00eb p\u00ebr t\u00eb lejuar krimin e organizuar \u00ebsht\u00eb gjetur n\u00eb m\u00eb shum\u00eb se nj\u00eb vend. N\u00eb Shqip\u00ebri, p\u00ebr shembull, ish-ministri i Brendsh\u00ebm Sajmir Tahiri, n\u00eb bashk\u00ebpunim me drejtorin e stacionit lokal t\u00eb policis\u00eb n\u00eb Vlor\u00eb, u akuzua p\u00ebr ndihm\u00ebn e nj\u00eb grupi kriminal. Sipas akuz\u00ebs, ai dyshohet se u dha informacion trafikant\u00ebve dhe hoqi pengesat p\u00ebr trafikimin e narkotik\u00ebve gjat\u00eb mandatit t\u00eb tij n\u00eb detyr\u00eb nga 2013 n\u00eb 2017.\u201d<\/p>\n<p><strong>Ligjet klienteliste<\/strong><br \/>\n\u201cLigjet e b\u00ebra me porosi vulosin dhe legjitimojn\u00eb privatizimin e institucioneve dhe burimeve publike duke e b\u00ebr\u00eb at\u00eb t\u00eb ligjshme. Ligje t\u00eb tilla jo vet\u00ebm q\u00eb dekriminalizojn\u00eb kapjen por, pasi t\u00eb legalizohen, e b\u00ebjn\u00eb m\u00eb t\u00eb v\u00ebshtir\u00eb luftimin e kapjes sepse p\u00ebrpjekja do t\u00eb perceptohet si mosbindje ndaj ligjit. Gjat\u00eb mbledhjes s\u00eb t\u00eb dh\u00ebnave tona, vendet ku u gjet\u00ebn ligjet m\u00eb t\u00eb personalizuara ishin Turqia dhe Shqip\u00ebria\u201d. TI sjell si shembuj ligjin mbi loj\u00ebrat e fatit, i cili n\u00eb vend q\u00eb t\u00eb kufizonte industrin\u00eb, e zgjeruan at\u00eb ndjesh\u00ebm. \u201cP\u00ebrfituesit e ligjit mund t\u00eb p\u00ebrfshijn\u00eb rrjete t\u00eb krimit t\u00eb organizuar dhe politikan\u00eb q\u00eb financojn\u00eb fushatat e tyre me para t\u00eb tilla\u201d- thuhet n\u00eb raport. Nj\u00eb tjet\u00ebr rast p\u00ebrmendet koncesioni p\u00ebr nd\u00ebrtimin e rrug\u00ebs Milot-Balldren, i cili sjell p\u00ebrjashtim t\u00eb konkurrent\u00ebve dhe ndikim negativ n\u00eb zhvillimin ekonomik duke u b\u00ebr\u00eb nj\u00eb barr\u00eb e kushtueshme p\u00ebr buxhetin publik.<\/p>\n<p><strong>Korrupsioni te Mbrojtja<\/strong><br \/>\nN\u00eb raportin me titull \u201cQeverisja n\u00eb Sektorin e Mbrojtjes n\u00eb Evrop\u00ebn Qendrore dhe Lindore\u201d, n\u00eb lidhje me monitorimin e pun\u00ebs n\u00eb ministrit\u00eb e mbrojtjes n\u00eb vendet e Evrop\u00ebs lindore, Shqip\u00ebria shfaq nivel t\u00eb lart\u00eb risku ve\u00e7an\u00ebrisht n\u00eb dy kategori, prokurimet dhe menaxhimin e financave. Raporti shpreh shqet\u00ebsimin se n\u00eb kushtet e nj\u00eb menaxhimi t\u00eb dob\u00ebt financiar dhe t\u00eb prokurimeve pa mbik\u00ebqyrje t\u00eb fort\u00eb t\u00eb jashtme, risku i korrupsionit n\u00eb sektorin e mbrojtjes mund t\u00eb shum\u00ebfishohet, sidomos duke marr\u00eb parasysh q\u00eb vende si Shqip\u00ebria jan\u00eb angazhuar p\u00ebr t\u00eb p\u00ebrmbushur objektivin e NATO-s p\u00ebr t\u00eb rritur shpenzimet mbi prokurimet n\u00eb t\u00eb pakt\u00ebn 20% t\u00eb buxhetit t\u00eb mbrojtjes.<\/p>\n<p>Gazeta Mapo<\/p>\n","protected":false},"excerpt":{"rendered":"<p>\u201cKapja e shtetit\u201d \u2013 Dor\u00ebzimi i \u201crilindjes\u201d te krimi dhe korrupsioni &#8211; 19\/12\/20 Nga Blerina Gjoka Qeveria ka ligj\u00ebruar korrupsionin me an\u00eb t\u00eb \u201cligjeve t\u00eb porositura\u201d apo koncesioneve me kosto marramend\u00ebse. Zyrtar\u00ebt e lart\u00eb shtet\u00ebror\u00eb dhe politik\u00eb favorizojn\u00eb krimin dhe p\u00ebrdorin bandat kriminale p\u00ebr vjedhje votash. Tabloja trondit\u00ebse p\u00ebr Shqip\u00ebrin\u00eb vjen nga Transparency International. Po [&hellip;]<\/p>\n","protected":false},"author":9,"featured_media":42057,"comment_status":"open","ping_status":"open","sticky":false,"template":"","format":"standard","meta":{"jetpack_post_was_ever_published":false,"_jetpack_newsletter_access":"","_jetpack_dont_email_post_to_subs":false,"_jetpack_newsletter_tier_id":0,"_jetpack_memberships_contains_paywalled_content":false,"_jetpack_memberships_contains_paid_content":false,"footnotes":"","jetpack_publicize_message":"","jetpack_publicize_feature_enabled":true,"jetpack_social_post_already_shared":true,"jetpack_social_options":{"image_generator_settings":{"template":"highway","default_image_id":0,"font":"","enabled":false},"version":2}},"categories":[27,2,35],"tags":[],"class_list":["post-42056","post","type-post","status-publish","format-standard","has-post-thumbnail","hentry","category-blogu-i-udhetarit","category-politika","category-shoqerore"],"jetpack_publicize_connections":[],"jetpack_featured_media_url":"https:\/\/i0.wp.com\/www.shqiperia.com\/blog\/wp-content\/uploads\/2020\/12\/1A0E98D2-7B4F-4941-A057-F6A4FE8915B6.jpeg?fit=1280%2C720&ssl=1","jetpack_sharing_enabled":true,"jetpack_shortlink":"https:\/\/wp.me\/p5Z6wp-aWk","jetpack-related-posts":[{"id":65317,"url":"https:\/\/www.shqiperia.com\/blog\/raporti-shqiperia-vendi-me-i-prekur-nga-korrupsioni-ne-rajon-me-shume-se-gjysmes-se-qytetareve-u-kerkohet-ryshfet-here-pas-here\/","url_meta":{"origin":42056,"position":0},"title":"Raporti: &#8211; Shqip\u00ebria vendi m\u00eb i prekur nga korrupsioni n\u00eb rajon. &#8211; M\u00eb shum\u00eb se gjysm\u00ebs s\u00eb qytetar\u00ebve u k\u00ebrkohet ryshfet her\u00eb pas here","author":"Kurt Farka","date":"December 8, 2022","format":false,"excerpt":"8 Dhjetor 2022 56% e t\u00eb anketuarve shqiptar\u00eb pohojn\u00eb se u \u00ebsht\u00eb k\u00ebrkuar nj\u00eb ryshfet dhe 47% pranojn\u00eb se e kan\u00eb dh\u00ebn\u00eb at\u00eb. T\u00eb dyja k\u00ebto shifra jan\u00eb m\u00eb t\u00eb lartat n\u00eb rajon, sipas raportit t\u00eb fundit \u201cMonitorimi i sistemit t\u00eb korrupsionit 2021\u201d, t\u00eb publikuar nga SELDI, Lidershipi i Europ\u00ebs\u2026","rel":"","context":"In &quot;Blogu i Udh\u00ebtarit&quot;","block_context":{"text":"Blogu i Udh\u00ebtarit","link":"https:\/\/www.shqiperia.com\/blog\/category\/blogu-i-udhetarit\/"},"img":{"alt_text":"","src":"https:\/\/i0.wp.com\/www.shqiperia.com\/blog\/wp-content\/uploads\/2022\/12\/korrupsioni-e1656937074577-1-770x433-1.jpg?fit=770%2C433&ssl=1&resize=350%2C200","width":350,"height":200,"srcset":"https:\/\/i0.wp.com\/www.shqiperia.com\/blog\/wp-content\/uploads\/2022\/12\/korrupsioni-e1656937074577-1-770x433-1.jpg?fit=770%2C433&ssl=1&resize=350%2C200 1x, https:\/\/i0.wp.com\/www.shqiperia.com\/blog\/wp-content\/uploads\/2022\/12\/korrupsioni-e1656937074577-1-770x433-1.jpg?fit=770%2C433&ssl=1&resize=525%2C300 1.5x, https:\/\/i0.wp.com\/www.shqiperia.com\/blog\/wp-content\/uploads\/2022\/12\/korrupsioni-e1656937074577-1-770x433-1.jpg?fit=770%2C433&ssl=1&resize=700%2C400 2x"},"classes":[]},{"id":6771,"url":"https:\/\/www.shqiperia.com\/blog\/6771-2\/","url_meta":{"origin":42056,"position":1},"title":"Raporti DASH\/ LSI akuza t\u00eb forta: Amerika l\u00ebshoi alarmin, Rama po fundos vendin! &#8211;","author":"Kurt Farka","date":"April 21, 2018","format":false,"excerpt":"Publikuar: 2018-04-21 Vasili: Ertv si televizion i ngjajshem i Sadam Husejnit. Kreu i grupit parlamentar t\u00eb LSI-s\u00eb, Petrit Vasili ka l\u00ebshuar nj\u00eb lum akuzash kund\u00ebr kryeministrit. M\u00eb an\u00eb t\u00eb nj\u00eb postimi n\u00eb facebook,Vasili ka reaguar pas raportit t\u00eb DASH p\u00ebr vendin ton\u00eb. Vasili shkruan se \u201cDepartamenti Amerikan i Shtetit, nxjerr\u2026","rel":"","context":"In &quot;Politika&quot;","block_context":{"text":"Politika","link":"https:\/\/www.shqiperia.com\/blog\/category\/politika\/"},"img":{"alt_text":"","src":"https:\/\/i0.wp.com\/www.shqiperia.com\/blog\/wp-content\/uploads\/2018\/04\/vasili-vasili-vasili.jpg?fit=689%2C488&ssl=1&resize=350%2C200","width":350,"height":200,"srcset":"https:\/\/i0.wp.com\/www.shqiperia.com\/blog\/wp-content\/uploads\/2018\/04\/vasili-vasili-vasili.jpg?fit=689%2C488&ssl=1&resize=350%2C200 1x, https:\/\/i0.wp.com\/www.shqiperia.com\/blog\/wp-content\/uploads\/2018\/04\/vasili-vasili-vasili.jpg?fit=689%2C488&ssl=1&resize=525%2C300 1.5x"},"classes":[]},{"id":94383,"url":"https:\/\/www.shqiperia.com\/blog\/balluku-thirret-ne-spak-balliu-godet-ramenpo-hedh-peshat-ne-det-per-te-shpetuar-veten-por-mbytja-e-rilindjes-eshte\/","url_meta":{"origin":42056,"position":2},"title":"Balluku thirret n\u00eb SPAK\/ Balliu godet Ram\u00ebn:Po hedh peshat n\u00eb det p\u00ebr t\u00eb shp\u00ebtuar veten, por mbytja e Rilindjes \u00ebsht\u00eb..","author":"Kurt Farka","date":"October 24, 2025","format":false,"excerpt":"24 Tetor 2025 Deputeti i PD, Klevis Balliu, ka reaguar pas thirrjes n\u00eb SPAK t\u00eb ministres s\u00eb Infrastruktur\u00ebs dhe Energjis\u00eb, Belinda Ballukut. Balliu tha se anija e Rilindjes po fundoset, dhe sipas tij, mbytja \u00ebsht\u00eb \u00e7\u00ebshtje kohe. \u201cMarrja e Lubi Ballukut si e pandehur \u00ebsht\u00eb shenja m\u00eb e qart\u00eb se\u2026","rel":"","context":"In &quot;Blogu i Udh\u00ebtarit&quot;","block_context":{"text":"Blogu i Udh\u00ebtarit","link":"https:\/\/www.shqiperia.com\/blog\/category\/blogu-i-udhetarit\/"},"img":{"alt_text":"","src":"https:\/\/i0.wp.com\/www.shqiperia.com\/blog\/wp-content\/uploads\/2025\/10\/belinda.jpg?fit=800%2C450&ssl=1&resize=350%2C200","width":350,"height":200,"srcset":"https:\/\/i0.wp.com\/www.shqiperia.com\/blog\/wp-content\/uploads\/2025\/10\/belinda.jpg?fit=800%2C450&ssl=1&resize=350%2C200 1x, https:\/\/i0.wp.com\/www.shqiperia.com\/blog\/wp-content\/uploads\/2025\/10\/belinda.jpg?fit=800%2C450&ssl=1&resize=525%2C300 1.5x, https:\/\/i0.wp.com\/www.shqiperia.com\/blog\/wp-content\/uploads\/2025\/10\/belinda.jpg?fit=800%2C450&ssl=1&resize=700%2C400 2x"},"classes":[]},{"id":79342,"url":"https:\/\/www.shqiperia.com\/blog\/rruge-kashte-por-qe-gllaberojne-miliona-euro-ilir-meta-nxjerr-pamjet-e-aksit-korce-erseke-e-shembur-nga-korrupsioni\/","url_meta":{"origin":42056,"position":3},"title":"\u201cRrug\u00eb kashte, por q\u00eb gllab\u00ebrojn\u00eb miliona euro\u201d- Ilir Meta nxjerr pamjet e aksit Kor\u00e7\u00eb-Ersek\u00eb: E shembur nga korrupsioni","author":"Kurt Farka","date":"March 18, 2024","format":false,"excerpt":"18 Mars 2024 Kryetari i Partis\u00eb s\u00eb Liris\u00eb, Ilir Meta ka publikuar pamjet e rrug\u00ebs s\u00eb shembur Kor\u00e7\u00eb-Ersek\u00eb. Meta ishte sot n\u00eb terren, ku pa nga af\u00ebr k\u00ebt\u00eb aks rrugor. Me an\u00eb t\u00eb nj\u00eb postimi n\u00eb rrjetet sociale, Meta thot\u00eb se kjo rrug\u00eb \u00ebsht\u00eb shembur nga korrupsioni p\u00ebr her\u00eb t\u00eb\u2026","rel":"","context":"In &quot;Blogu i Udh\u00ebtarit&quot;","block_context":{"text":"Blogu i Udh\u00ebtarit","link":"https:\/\/www.shqiperia.com\/blog\/category\/blogu-i-udhetarit\/"},"img":{"alt_text":"","src":"https:\/\/i0.wp.com\/www.shqiperia.com\/blog\/wp-content\/uploads\/2024\/03\/ilir-meta-rruga-korce-erseke.jpg?fit=1200%2C771&ssl=1&resize=350%2C200","width":350,"height":200,"srcset":"https:\/\/i0.wp.com\/www.shqiperia.com\/blog\/wp-content\/uploads\/2024\/03\/ilir-meta-rruga-korce-erseke.jpg?fit=1200%2C771&ssl=1&resize=350%2C200 1x, https:\/\/i0.wp.com\/www.shqiperia.com\/blog\/wp-content\/uploads\/2024\/03\/ilir-meta-rruga-korce-erseke.jpg?fit=1200%2C771&ssl=1&resize=525%2C300 1.5x, https:\/\/i0.wp.com\/www.shqiperia.com\/blog\/wp-content\/uploads\/2024\/03\/ilir-meta-rruga-korce-erseke.jpg?fit=1200%2C771&ssl=1&resize=700%2C400 2x, https:\/\/i0.wp.com\/www.shqiperia.com\/blog\/wp-content\/uploads\/2024\/03\/ilir-meta-rruga-korce-erseke.jpg?fit=1200%2C771&ssl=1&resize=1050%2C600 3x"},"classes":[]},{"id":24363,"url":"https:\/\/www.shqiperia.com\/blog\/bendo-jep-alarmin-sherbime-te-huaja-zhvillojne-veprimtari-kunder-shqiperise-krimi-dhe-korrupsioni-kercenim-serioz-zbardhet-raporti-i-shish\/","url_meta":{"origin":42056,"position":4},"title":"Bendo jep alarmin: &#8211; Sh\u00ebrbime t\u00eb huaja zhvillojn\u00eb veprimtari kund\u00ebr Shqip\u00ebris\u00eb, krimi dhe korrupsioni k\u00ebrc\u00ebnim serioz. Zbardhet raporti i SHISH.","author":"Kurt Farka","date":"August 6, 2019","format":false,"excerpt":"Bendo jep alarmin: - Sh\u00ebrbime t\u00eb huaja zhvillojn\u00eb veprimtari kund\u00ebr Shqip\u00ebris\u00eb, krimi dhe korrupsioni k\u00ebrc\u00ebnim serioz. Zbardhet raporti i SHISH. 06\/08\/2019 - Kreu i Sh\u00ebrbimit Informativ Shtet\u00ebror, Helidon Bendo, ka dh\u00ebn\u00eb alarmin sa i takon k\u00ebrc\u00ebnimeve q\u00eb i kanosen vendit ton\u00eb nga jasht\u00eb. P\u00ebr her\u00eb t\u00eb par\u00eb SHISH ka publikuar\u2026","rel":"","context":"In &quot;Blogu i Udh\u00ebtarit&quot;","block_context":{"text":"Blogu i Udh\u00ebtarit","link":"https:\/\/www.shqiperia.com\/blog\/category\/blogu-i-udhetarit\/"},"img":{"alt_text":"","src":"https:\/\/i0.wp.com\/www.shqiperia.com\/blog\/wp-content\/uploads\/2019\/08\/helidon-bendo-696x563-300x175.jpg?resize=350%2C200&ssl=1","width":350,"height":200},"classes":[]},{"id":32153,"url":"https:\/\/www.shqiperia.com\/blog\/venecia-jep-grusht-grushtit-te-shtetit\/","url_meta":{"origin":42056,"position":5},"title":"Venecia jep grusht \u201cGrushtit t\u00eb Shtetit\u201d","author":"Kurt Farka","date":"March 8, 2020","format":false,"excerpt":"Venecia jep grusht \u201cGrushtit t\u00eb Shtetit\u201d 07\/03\/2020 Nga: M. Xhani Komisioni i Venecias i ka dh\u00ebn\u00eb nj\u00eb goditje asgj\u00ebsuese nism\u00ebs s\u00eb qeveris\u00eb \u201cRama\u201d p\u00ebr t\u00eb kapur Gjykat\u00ebn Kushtetuese. Raporti paraprak i k\u00ebtij komisioni, i cili u thirr nga PS-ja p\u00ebr t\u00eb dh\u00ebn\u00eb mendim juridik p\u00ebr p\u00ebrplasjen me Presidentin, arrin n\u00eb\u2026","rel":"","context":"In &quot;Blogu i Udh\u00ebtarit&quot;","block_context":{"text":"Blogu i Udh\u00ebtarit","link":"https:\/\/www.shqiperia.com\/blog\/category\/blogu-i-udhetarit\/"},"img":{"alt_text":"","src":"https:\/\/i0.wp.com\/www.shqiperia.com\/blog\/wp-content\/uploads\/2020\/03\/Meta-komisioni-venecias.jpg?fit=600%2C291&ssl=1&resize=350%2C200","width":350,"height":200,"srcset":"https:\/\/i0.wp.com\/www.shqiperia.com\/blog\/wp-content\/uploads\/2020\/03\/Meta-komisioni-venecias.jpg?fit=600%2C291&ssl=1&resize=350%2C200 1x, https:\/\/i0.wp.com\/www.shqiperia.com\/blog\/wp-content\/uploads\/2020\/03\/Meta-komisioni-venecias.jpg?fit=600%2C291&ssl=1&resize=525%2C300 1.5x"},"classes":[]}],"_links":{"self":[{"href":"https:\/\/www.shqiperia.com\/blog\/wp-json\/wp\/v2\/posts\/42056","targetHints":{"allow":["GET"]}}],"collection":[{"href":"https:\/\/www.shqiperia.com\/blog\/wp-json\/wp\/v2\/posts"}],"about":[{"href":"https:\/\/www.shqiperia.com\/blog\/wp-json\/wp\/v2\/types\/post"}],"author":[{"embeddable":true,"href":"https:\/\/www.shqiperia.com\/blog\/wp-json\/wp\/v2\/users\/9"}],"replies":[{"embeddable":true,"href":"https:\/\/www.shqiperia.com\/blog\/wp-json\/wp\/v2\/comments?post=42056"}],"version-history":[{"count":1,"href":"https:\/\/www.shqiperia.com\/blog\/wp-json\/wp\/v2\/posts\/42056\/revisions"}],"predecessor-version":[{"id":42058,"href":"https:\/\/www.shqiperia.com\/blog\/wp-json\/wp\/v2\/posts\/42056\/revisions\/42058"}],"wp:featuredmedia":[{"embeddable":true,"href":"https:\/\/www.shqiperia.com\/blog\/wp-json\/wp\/v2\/media\/42057"}],"wp:attachment":[{"href":"https:\/\/www.shqiperia.com\/blog\/wp-json\/wp\/v2\/media?parent=42056"}],"wp:term":[{"taxonomy":"category","embeddable":true,"href":"https:\/\/www.shqiperia.com\/blog\/wp-json\/wp\/v2\/categories?post=42056"},{"taxonomy":"post_tag","embeddable":true,"href":"https:\/\/www.shqiperia.com\/blog\/wp-json\/wp\/v2\/tags?post=42056"}],"curies":[{"name":"wp","href":"https:\/\/api.w.org\/{rel}","templated":true}]}}