{"id":42053,"date":"2020-12-19T10:25:06","date_gmt":"2020-12-19T10:25:06","guid":{"rendered":"https:\/\/www.shqiperia.com\/blog\/?p=42053"},"modified":"2020-12-19T10:25:06","modified_gmt":"2020-12-19T10:25:06","slug":"revolta-nuk-eshte-shuar-shkodra-sot-ne-proteste-per-klodianin","status":"publish","type":"post","link":"https:\/\/www.shqiperia.com\/blog\/revolta-nuk-eshte-shuar-shkodra-sot-ne-proteste-per-klodianin\/","title":{"rendered":"Revolta nuk \u00ebsht\u00eb shuar \u2013 Shkodra sot n\u00eb protest\u00eb p\u00ebr Klodianin"},"content":{"rendered":"<p><img data-recalc-dims=\"1\" loading=\"lazy\" decoding=\"async\" data-attachment-id=\"42054\" data-permalink=\"https:\/\/www.shqiperia.com\/blog\/revolta-nuk-eshte-shuar-shkodra-sot-ne-proteste-per-klodianin\/policia-ne-shkoder\/\" data-orig-file=\"https:\/\/i0.wp.com\/www.shqiperia.com\/blog\/wp-content\/uploads\/2020\/12\/Policia-ne-shkoder.jpg?fit=1056%2C482&amp;ssl=1\" data-orig-size=\"1056,482\" data-comments-opened=\"1\" data-image-meta=\"{&quot;aperture&quot;:&quot;0&quot;,&quot;credit&quot;:&quot;&quot;,&quot;camera&quot;:&quot;&quot;,&quot;caption&quot;:&quot;&quot;,&quot;created_timestamp&quot;:&quot;0&quot;,&quot;copyright&quot;:&quot;&quot;,&quot;focal_length&quot;:&quot;0&quot;,&quot;iso&quot;:&quot;0&quot;,&quot;shutter_speed&quot;:&quot;0&quot;,&quot;title&quot;:&quot;&quot;,&quot;orientation&quot;:&quot;0&quot;}\" data-image-title=\"Policia-ne-shkoder\" data-image-description=\"\" data-image-caption=\"\" data-medium-file=\"https:\/\/i0.wp.com\/www.shqiperia.com\/blog\/wp-content\/uploads\/2020\/12\/Policia-ne-shkoder.jpg?fit=300%2C137&amp;ssl=1\" data-large-file=\"https:\/\/i0.wp.com\/www.shqiperia.com\/blog\/wp-content\/uploads\/2020\/12\/Policia-ne-shkoder.jpg?fit=1024%2C467&amp;ssl=1\" class=\"alignnone  wp-image-42054\" alt=\"\" src=\"https:\/\/i0.wp.com\/www.shqiperia.com\/blog\/wp-content\/uploads\/2020\/12\/Policia-ne-shkoder.jpg?resize=451%2C206&#038;ssl=1\" width=\"451\" height=\"206\" srcset=\"https:\/\/i0.wp.com\/www.shqiperia.com\/blog\/wp-content\/uploads\/2020\/12\/Policia-ne-shkoder.jpg?resize=300%2C137&amp;ssl=1 300w, https:\/\/i0.wp.com\/www.shqiperia.com\/blog\/wp-content\/uploads\/2020\/12\/Policia-ne-shkoder.jpg?resize=1024%2C467&amp;ssl=1 1024w, https:\/\/i0.wp.com\/www.shqiperia.com\/blog\/wp-content\/uploads\/2020\/12\/Policia-ne-shkoder.jpg?resize=768%2C351&amp;ssl=1 768w, https:\/\/i0.wp.com\/www.shqiperia.com\/blog\/wp-content\/uploads\/2020\/12\/Policia-ne-shkoder.jpg?resize=450%2C205&amp;ssl=1 450w, https:\/\/i0.wp.com\/www.shqiperia.com\/blog\/wp-content\/uploads\/2020\/12\/Policia-ne-shkoder.jpg?resize=600%2C274&amp;ssl=1 600w, https:\/\/i0.wp.com\/www.shqiperia.com\/blog\/wp-content\/uploads\/2020\/12\/Policia-ne-shkoder.jpg?resize=400%2C183&amp;ssl=1 400w, https:\/\/i0.wp.com\/www.shqiperia.com\/blog\/wp-content\/uploads\/2020\/12\/Policia-ne-shkoder.jpg?w=1056&amp;ssl=1 1056w\" sizes=\"auto, (max-width: 451px) 100vw, 451px\" \/><\/p>\n<p><strong>Revolta nuk \u00ebsht\u00eb shuar \u2013 Shkodra sot n\u00eb protest\u00eb p\u00ebr Klodianin<\/strong><\/p>\n<p>&#8211; 19\/12\/20<\/p>\n<p>Protestat p\u00ebr Klodian Rash\u00ebn, t\u00eb riun q\u00eb u vra nga plumbat e Policis\u00eb s\u00eb Shtetit, nuk jan\u00eb shuar.<\/p>\n<p>Sot n\u00eb or\u00ebn 11:00 n\u00eb qytetin e Shkodr\u00ebs pritet t\u00eb nis\u00eb nj\u00eb protest\u00eb e thirrur nga shoq\u00ebria civile. Ndryshe nga java e kaluar, sot dhjet\u00ebra forca policie kan\u00eb marr\u00eb n\u00eb ruajtje institucionet n\u00eb kryeqendr\u00ebn e veriut.<\/p>\n<p>Jav\u00ebn e kaluar protesta e shoq\u00ebris\u00eb civile nisi paq\u00ebsore, por n\u00eb mesdit\u00eb nj\u00eb grup t\u00eb rinjsh e t\u00eb miturish dogj\u00ebn selin\u00eb e PS-s\u00eb. Ngjarja u d\u00ebnua nga kryebashkiakja e Shkodr\u00ebs, Voltana Ademi si e q\u00ebllimshme dhe e nxitur nga PS.<\/p>\n<p><span>\u00a0<\/span>Ajo akuzoi policin\u00eb se nuk nd\u00ebrmori asnj\u00eb mas\u00eb dhe nuk nd\u00ebrhyri p\u00ebr t\u00eb ndaluar k\u00ebt\u00eb shkat\u00ebrrim.<\/p>\n<p>N\u00eb Tiran\u00eb dhe qytetet e tjera protestat u ndaluan pas disa akteve t\u00eb dhun\u00ebs dhe p\u00ebrplasjeve t\u00eb turm\u00ebs me efektiv\u00ebt e Policis\u00eb, ngjarje t\u00eb cilat soll\u00ebn edhe reagimin e ambasad\u00ebs s\u00eb SHBA dhe Delegacionit t\u00eb BE.<\/p>\n<p>Gazeta Mapo<\/p>\n","protected":false},"excerpt":{"rendered":"<p>Revolta nuk \u00ebsht\u00eb shuar \u2013 Shkodra sot n\u00eb protest\u00eb p\u00ebr Klodianin &#8211; 19\/12\/20 Protestat p\u00ebr Klodian Rash\u00ebn, t\u00eb riun q\u00eb u vra nga plumbat e Policis\u00eb s\u00eb Shtetit, nuk jan\u00eb shuar. Sot n\u00eb or\u00ebn 11:00 n\u00eb qytetin e Shkodr\u00ebs pritet t\u00eb nis\u00eb nj\u00eb protest\u00eb e thirrur nga shoq\u00ebria civile. Ndryshe nga java e kaluar, sot [&hellip;]<\/p>\n","protected":false},"author":9,"featured_media":42054,"comment_status":"open","ping_status":"open","sticky":false,"template":"","format":"standard","meta":{"jetpack_post_was_ever_published":false,"_jetpack_newsletter_access":"","_jetpack_dont_email_post_to_subs":false,"_jetpack_newsletter_tier_id":0,"_jetpack_memberships_contains_paywalled_content":false,"_jetpack_memberships_contains_paid_content":false,"footnotes":"","jetpack_publicize_message":"","jetpack_publicize_feature_enabled":true,"jetpack_social_post_already_shared":true,"jetpack_social_options":{"image_generator_settings":{"template":"highway","default_image_id":0,"font":"","enabled":false},"version":2}},"categories":[27,2,35],"tags":[],"class_list":["post-42053","post","type-post","status-publish","format-standard","has-post-thumbnail","hentry","category-blogu-i-udhetarit","category-politika","category-shoqerore"],"jetpack_publicize_connections":[],"jetpack_featured_media_url":"https:\/\/i0.wp.com\/www.shqiperia.com\/blog\/wp-content\/uploads\/2020\/12\/Policia-ne-shkoder.jpg?fit=1056%2C482&ssl=1","jetpack_sharing_enabled":true,"jetpack_shortlink":"https:\/\/wp.me\/p5Z6wp-aWh","jetpack-related-posts":[{"id":17977,"url":"https:\/\/www.shqiperia.com\/blog\/frike-nga-protestat-edi-rama-anulon-viziten-e-tij-ne-shkoder\/","url_meta":{"origin":42053,"position":0},"title":"Frik\u00eb nga protestat? Edi Rama anulon vizit\u00ebn e tij n\u00eb Shkod\u00ebr.","author":"Kurt Farka","date":"March 2, 2019","format":false,"excerpt":"Frik\u00eb nga protestat? Edi Rama anulon vizit\u00ebn e tij n\u00eb Shkod\u00ebr. 02.03.19. Edi Rama ka anuluar sot pjes\u00ebmarrjen e tij n\u00eb Asamblen\u00eb e madhe q\u00eb do t\u00eb mbahej n\u00eb Shkod\u00ebr. Dit\u00ebn e djeshme ishte PD e k\u00ebtij qarku deklaroi protest\u00eb dhe se nuk do ta lejonin kryeministrin t\u00eb futej n\u00eb\u2026","rel":"","context":"In &quot;Blogu i Udh\u00ebtarit&quot;","block_context":{"text":"Blogu i Udh\u00ebtarit","link":"https:\/\/www.shqiperia.com\/blog\/category\/blogu-i-udhetarit\/"},"img":{"alt_text":"","src":"https:\/\/i0.wp.com\/www.shqiperia.com\/blog\/wp-content\/uploads\/2019\/03\/rama-a-770x433.jpg?fit=770%2C433&ssl=1&resize=350%2C200","width":350,"height":200,"srcset":"https:\/\/i0.wp.com\/www.shqiperia.com\/blog\/wp-content\/uploads\/2019\/03\/rama-a-770x433.jpg?fit=770%2C433&ssl=1&resize=350%2C200 1x, https:\/\/i0.wp.com\/www.shqiperia.com\/blog\/wp-content\/uploads\/2019\/03\/rama-a-770x433.jpg?fit=770%2C433&ssl=1&resize=525%2C300 1.5x, https:\/\/i0.wp.com\/www.shqiperia.com\/blog\/wp-content\/uploads\/2019\/03\/rama-a-770x433.jpg?fit=770%2C433&ssl=1&resize=700%2C400 2x"},"classes":[]},{"id":54933,"url":"https:\/\/www.shqiperia.com\/blog\/nga-shkodra-nis-ndryshimi-bardh-spahia-mban-fjalimin-e-fitores-fton-demokratet-e-bashes-te-bashkohen-dera-eshte-e-hapur\/","url_meta":{"origin":42053,"position":1},"title":"Nga Shkodra nis ndryshimi. &#8211; Bardh Spahia mban fjalimin e fitores, fton demokrat\u00ebt e Bash\u00ebs t\u00eb bashkohen: Dera \u00ebsht\u00eb e hapur","author":"Kurt Farka","date":"March 7, 2022","format":false,"excerpt":"Nga Shkodra nis ndryshimi. - Bardh Spahia mban fjalimin e fitores, fton demokrat\u00ebt e Bash\u00ebs t\u00eb bashkohen: Dera \u00ebsht\u00eb e hapur 7 Mars 2022 Bardh Spahia p\u00ebrfaq\u00ebsues i koalicionit \u201cSht\u00ebpia e Liris\u00eb\u201d \u00ebsht\u00eb kandidati fitues i zgjedhjeve vendore t\u00eb 6 marsit nd\u00ebrsa pas tij u rendit Majlinda\u00a0 Angoni e PS\u2026","rel":"","context":"In &quot;Blogu i Udh\u00ebtarit&quot;","block_context":{"text":"Blogu i Udh\u00ebtarit","link":"https:\/\/www.shqiperia.com\/blog\/category\/blogu-i-udhetarit\/"},"img":{"alt_text":"","src":"https:\/\/i0.wp.com\/www.shqiperia.com\/blog\/wp-content\/uploads\/2022\/03\/1645549782_spahia.jpg?fit=780%2C440&ssl=1&resize=350%2C200","width":350,"height":200,"srcset":"https:\/\/i0.wp.com\/www.shqiperia.com\/blog\/wp-content\/uploads\/2022\/03\/1645549782_spahia.jpg?fit=780%2C440&ssl=1&resize=350%2C200 1x, https:\/\/i0.wp.com\/www.shqiperia.com\/blog\/wp-content\/uploads\/2022\/03\/1645549782_spahia.jpg?fit=780%2C440&ssl=1&resize=525%2C300 1.5x, https:\/\/i0.wp.com\/www.shqiperia.com\/blog\/wp-content\/uploads\/2022\/03\/1645549782_spahia.jpg?fit=780%2C440&ssl=1&resize=700%2C400 2x"},"classes":[]},{"id":24863,"url":"https:\/\/www.shqiperia.com\/blog\/shkodra-sot-ne-proteste-kunder-keshillit-bashkiak-ilegjitim-rama-mos-luaj-me-zjarrin\/","url_meta":{"origin":42053,"position":2},"title":"Shkodra sot n\u00eb protest\u00eb kund\u00ebr k\u00ebshillit bashkiak ilegjitim: Rama, mos luaj me zjarrin!","author":"Kurt Farka","date":"August 19, 2019","format":false,"excerpt":"Shkodra sot n\u00eb protest\u00eb kund\u00ebr k\u00ebshillit bashkiak ilegjitim: Rama, mos luaj me zjarrin! 19\/08\/2019 Partia Demokratike, dega Shkod\u00ebr, do t\u00eb mbaj\u00eb sot n\u00eb or\u00ebn 10:00, para Prefektur\u00ebs, nj\u00eb protest\u00eb paq\u00ebsore p\u00ebr mbrojtjen e vlerave t\u00eb demokracis\u00eb e t\u00eb dinjitetit ton\u00eb si qytetar\u00eb t\u00eb Shkodr\u00ebs. PD ka deklaruar se ne nuk\u2026","rel":"","context":"In &quot;Blogu i Udh\u00ebtarit&quot;","block_context":{"text":"Blogu i Udh\u00ebtarit","link":"https:\/\/www.shqiperia.com\/blog\/category\/blogu-i-udhetarit\/"},"img":{"alt_text":"","src":"https:\/\/i0.wp.com\/www.shqiperia.com\/blog\/wp-content\/uploads\/2019\/08\/auto_69384928_450684738861631_546176645841551360_n1566195816.jpg?fit=900%2C329&ssl=1&resize=350%2C200","width":350,"height":200,"srcset":"https:\/\/i0.wp.com\/www.shqiperia.com\/blog\/wp-content\/uploads\/2019\/08\/auto_69384928_450684738861631_546176645841551360_n1566195816.jpg?fit=900%2C329&ssl=1&resize=350%2C200 1x, https:\/\/i0.wp.com\/www.shqiperia.com\/blog\/wp-content\/uploads\/2019\/08\/auto_69384928_450684738861631_546176645841551360_n1566195816.jpg?fit=900%2C329&ssl=1&resize=525%2C300 1.5x, https:\/\/i0.wp.com\/www.shqiperia.com\/blog\/wp-content\/uploads\/2019\/08\/auto_69384928_450684738861631_546176645841551360_n1566195816.jpg?fit=900%2C329&ssl=1&resize=700%2C400 2x"},"classes":[]},{"id":20064,"url":"https:\/\/www.shqiperia.com\/blog\/minatoret-sot-ne-proteste-para-kryeministrise-rama-na-ka-genjyer\/","url_meta":{"origin":42053,"position":3},"title":"Minator\u00ebt sot ne protest\u00eb para Kryeministris\u00eb: &#8211; Rama na ka g\u00ebnjyer. &#8211;","author":"Kurt Farka","date":"April 23, 2019","format":false,"excerpt":"23\/04\/19 Edhe sot minator\u00ebt kan\u00eb dal\u00eb n\u00eb protest\u00eb p\u00ebrpara kryeministris\u00eb. Ata po protestojn\u00eb p\u00ebr statusin e minatorit i cili u \u00ebsht\u00eb premtuar nga qeveria shum\u00eb koh\u00eb m\u00eb par\u00eb. Minator\u00ebt thon\u00eb se do t\u00eb q\u00ebndrojn\u00eb p\u00ebrpara Kryeministris\u00eb e nuk do t\u00eb largohen pa i dh\u00ebn\u00eb nj\u00eb zgjidhje problemit t\u00eb tyre. \u201cRama\u2026","rel":"","context":"In &quot;Blogu i Udh\u00ebtarit&quot;","block_context":{"text":"Blogu i Udh\u00ebtarit","link":"https:\/\/www.shqiperia.com\/blog\/category\/blogu-i-udhetarit\/"},"img":{"alt_text":"","src":"https:\/\/i0.wp.com\/www.shqiperia.com\/blog\/wp-content\/uploads\/2019\/04\/protesta_e_minatoreve-770x433-Copy.jpg?fit=770%2C402&ssl=1&resize=350%2C200","width":350,"height":200,"srcset":"https:\/\/i0.wp.com\/www.shqiperia.com\/blog\/wp-content\/uploads\/2019\/04\/protesta_e_minatoreve-770x433-Copy.jpg?fit=770%2C402&ssl=1&resize=350%2C200 1x, https:\/\/i0.wp.com\/www.shqiperia.com\/blog\/wp-content\/uploads\/2019\/04\/protesta_e_minatoreve-770x433-Copy.jpg?fit=770%2C402&ssl=1&resize=525%2C300 1.5x, https:\/\/i0.wp.com\/www.shqiperia.com\/blog\/wp-content\/uploads\/2019\/04\/protesta_e_minatoreve-770x433-Copy.jpg?fit=770%2C402&ssl=1&resize=700%2C400 2x"},"classes":[]},{"id":14730,"url":"https:\/\/www.shqiperia.com\/blog\/protesta-ne-mbare-vendin-sot-pasdite-bllokohen-disa-akse-rrugore\/","url_meta":{"origin":42053,"position":4},"title":"Protesta n\u00eb mbar\u00eb vendin, sot pasdite bllokohen disa akse rrugore.","author":"Kurt Farka","date":"December 13, 2018","format":false,"excerpt":"Protesta n\u00eb mbar\u00eb vendin, sot pasdite bllokohen disa akse rrugore. Nd\u00ebrkoh\u00eb q\u00eb prej disa dit\u00ebsh Tirana po \u2018g\u00eblon\u2019 nga protestat, duket se qytetar\u00ebt jan\u00eb ngritur n\u00eb protest\u00eb dhe\u00a0 n\u00eb qytete t\u00eb tjera t\u00eb Shqip\u00ebris\u00eb. Qytetar\u00ebt kan\u00eb nisur protestat me karakter ekonomik, shum\u00eb prej tyre jan\u00eb familjar\u00eb q\u00eb kan\u00eb nj\u00eb biznes\u2026","rel":"","context":"In &quot;Blogu i Udh\u00ebtarit&quot;","block_context":{"text":"Blogu i Udh\u00ebtarit","link":"https:\/\/www.shqiperia.com\/blog\/category\/blogu-i-udhetarit\/"},"img":{"alt_text":"","src":"https:\/\/i0.wp.com\/www.shqiperia.com\/blog\/wp-content\/uploads\/2018\/12\/berat1-copy-544x400.jpg?fit=544%2C400&ssl=1&resize=350%2C200","width":350,"height":200,"srcset":"https:\/\/i0.wp.com\/www.shqiperia.com\/blog\/wp-content\/uploads\/2018\/12\/berat1-copy-544x400.jpg?fit=544%2C400&ssl=1&resize=350%2C200 1x, https:\/\/i0.wp.com\/www.shqiperia.com\/blog\/wp-content\/uploads\/2018\/12\/berat1-copy-544x400.jpg?fit=544%2C400&ssl=1&resize=525%2C300 1.5x"},"classes":[]},{"id":76651,"url":"https:\/\/www.shqiperia.com\/blog\/vucic-mesazh-per-opozitaret-skam-frike-nga-ju\/","url_meta":{"origin":42053,"position":5},"title":"Vu\u00e7i\u00e7 mesazh p\u00ebr opozitar\u00ebt: &#8211; S\u2019kam frik\u00eb nga ju","author":"Kurt Farka","date":"December 25, 2023","format":false,"excerpt":"25 Dhjetor 2023 N\u00eb nj\u00eb koh\u00eb q\u00eb n\u00eb Beograd kan\u00eb shp\u00ebrthyer protestat, Presidenti serb Aleksandar Vu\u00e7i\u00e7 tha sot se nuk ka frik\u00eb nga njer\u00ebzit e dhunsh\u00ebm dhe se do t\u00eb jet\u00eb gjithmon\u00eb me popullin e tij. Me an\u00eb t\u00eb nj\u00eb videomesazhi, ai u shpreh se \u00a0paqja dhe stabiliteti n\u00eb vend\u2026","rel":"","context":"In &quot;Blogu i Udh\u00ebtarit&quot;","block_context":{"text":"Blogu i Udh\u00ebtarit","link":"https:\/\/www.shqiperia.com\/blog\/category\/blogu-i-udhetarit\/"},"img":{"alt_text":"","src":"https:\/\/i0.wp.com\/www.shqiperia.com\/blog\/wp-content\/uploads\/2023\/12\/vucic7.jpg?fit=640%2C446&ssl=1&resize=350%2C200","width":350,"height":200,"srcset":"https:\/\/i0.wp.com\/www.shqiperia.com\/blog\/wp-content\/uploads\/2023\/12\/vucic7.jpg?fit=640%2C446&ssl=1&resize=350%2C200 1x, https:\/\/i0.wp.com\/www.shqiperia.com\/blog\/wp-content\/uploads\/2023\/12\/vucic7.jpg?fit=640%2C446&ssl=1&resize=525%2C300 1.5x"},"classes":[]}],"_links":{"self":[{"href":"https:\/\/www.shqiperia.com\/blog\/wp-json\/wp\/v2\/posts\/42053","targetHints":{"allow":["GET"]}}],"collection":[{"href":"https:\/\/www.shqiperia.com\/blog\/wp-json\/wp\/v2\/posts"}],"about":[{"href":"https:\/\/www.shqiperia.com\/blog\/wp-json\/wp\/v2\/types\/post"}],"author":[{"embeddable":true,"href":"https:\/\/www.shqiperia.com\/blog\/wp-json\/wp\/v2\/users\/9"}],"replies":[{"embeddable":true,"href":"https:\/\/www.shqiperia.com\/blog\/wp-json\/wp\/v2\/comments?post=42053"}],"version-history":[{"count":1,"href":"https:\/\/www.shqiperia.com\/blog\/wp-json\/wp\/v2\/posts\/42053\/revisions"}],"predecessor-version":[{"id":42055,"href":"https:\/\/www.shqiperia.com\/blog\/wp-json\/wp\/v2\/posts\/42053\/revisions\/42055"}],"wp:featuredmedia":[{"embeddable":true,"href":"https:\/\/www.shqiperia.com\/blog\/wp-json\/wp\/v2\/media\/42054"}],"wp:attachment":[{"href":"https:\/\/www.shqiperia.com\/blog\/wp-json\/wp\/v2\/media?parent=42053"}],"wp:term":[{"taxonomy":"category","embeddable":true,"href":"https:\/\/www.shqiperia.com\/blog\/wp-json\/wp\/v2\/categories?post=42053"},{"taxonomy":"post_tag","embeddable":true,"href":"https:\/\/www.shqiperia.com\/blog\/wp-json\/wp\/v2\/tags?post=42053"}],"curies":[{"name":"wp","href":"https:\/\/api.w.org\/{rel}","templated":true}]}}