{"id":42046,"date":"2020-12-19T10:15:58","date_gmt":"2020-12-19T10:15:58","guid":{"rendered":"https:\/\/www.shqiperia.com\/blog\/?p=42046"},"modified":"2020-12-19T10:15:58","modified_gmt":"2020-12-19T10:15:58","slug":"28-muzikante-te-ndryshem-bashkeshorti-i-merita-halilit-promovon-albumin-e-tij-te-pare-foto","status":"publish","type":"post","link":"https:\/\/www.shqiperia.com\/blog\/28-muzikante-te-ndryshem-bashkeshorti-i-merita-halilit-promovon-albumin-e-tij-te-pare-foto\/","title":{"rendered":"\u201c28 muzikant\u00eb t\u00eb ndrysh\u00ebm\u201d, \u00a0bashk\u00ebshorti i Merita Halilit promovon albumin e tij t\u00eb par\u00eb (Foto)"},"content":{"rendered":"<p><img data-recalc-dims=\"1\" loading=\"lazy\" decoding=\"async\" data-attachment-id=\"42047\" data-permalink=\"https:\/\/www.shqiperia.com\/blog\/28-muzikante-te-ndryshem-bashkeshorti-i-merita-halilit-promovon-albumin-e-tij-te-pare-foto\/raif-hyseni-dhe-merita-halili\/\" data-orig-file=\"https:\/\/i0.wp.com\/www.shqiperia.com\/blog\/wp-content\/uploads\/2020\/12\/Raif-Hyseni-dhe-Merita-Halili.png?fit=640%2C383&amp;ssl=1\" data-orig-size=\"640,383\" data-comments-opened=\"1\" data-image-meta=\"{&quot;aperture&quot;:&quot;0&quot;,&quot;credit&quot;:&quot;&quot;,&quot;camera&quot;:&quot;&quot;,&quot;caption&quot;:&quot;&quot;,&quot;created_timestamp&quot;:&quot;0&quot;,&quot;copyright&quot;:&quot;&quot;,&quot;focal_length&quot;:&quot;0&quot;,&quot;iso&quot;:&quot;0&quot;,&quot;shutter_speed&quot;:&quot;0&quot;,&quot;title&quot;:&quot;&quot;,&quot;orientation&quot;:&quot;0&quot;}\" data-image-title=\"Raif Hyseni dhe Merita Halili\" data-image-description=\"\" data-image-caption=\"\" data-medium-file=\"https:\/\/i0.wp.com\/www.shqiperia.com\/blog\/wp-content\/uploads\/2020\/12\/Raif-Hyseni-dhe-Merita-Halili.png?fit=300%2C180&amp;ssl=1\" data-large-file=\"https:\/\/i0.wp.com\/www.shqiperia.com\/blog\/wp-content\/uploads\/2020\/12\/Raif-Hyseni-dhe-Merita-Halili.png?fit=640%2C383&amp;ssl=1\" class=\"alignnone  wp-image-42047\" alt=\"\" src=\"https:\/\/i0.wp.com\/www.shqiperia.com\/blog\/wp-content\/uploads\/2020\/12\/Raif-Hyseni-dhe-Merita-Halili.png?resize=523%2C314&#038;ssl=1\" width=\"523\" height=\"314\" srcset=\"https:\/\/i0.wp.com\/www.shqiperia.com\/blog\/wp-content\/uploads\/2020\/12\/Raif-Hyseni-dhe-Merita-Halili.png?resize=300%2C180&amp;ssl=1 300w, https:\/\/i0.wp.com\/www.shqiperia.com\/blog\/wp-content\/uploads\/2020\/12\/Raif-Hyseni-dhe-Merita-Halili.png?resize=450%2C269&amp;ssl=1 450w, https:\/\/i0.wp.com\/www.shqiperia.com\/blog\/wp-content\/uploads\/2020\/12\/Raif-Hyseni-dhe-Merita-Halili.png?resize=600%2C359&amp;ssl=1 600w, https:\/\/i0.wp.com\/www.shqiperia.com\/blog\/wp-content\/uploads\/2020\/12\/Raif-Hyseni-dhe-Merita-Halili.png?resize=400%2C239&amp;ssl=1 400w, https:\/\/i0.wp.com\/www.shqiperia.com\/blog\/wp-content\/uploads\/2020\/12\/Raif-Hyseni-dhe-Merita-Halili.png?w=640&amp;ssl=1 640w\" sizes=\"auto, (max-width: 523px) 100vw, 523px\" \/><\/p>\n<p><strong>\u201c28 muzikant\u00eb t\u00eb ndrysh\u00ebm\u201d, \u00a0bashk\u00ebshorti i Merita Halilit promovon albumin e tij t\u00eb par\u00eb (Foto)<\/strong><\/p>\n<p><strong>17 DHJETOR 2020<\/strong><\/p>\n<p>Dit\u00ebn e sotme n\u00eb nj\u00eb lidhje \u201cSkype\u201d nga Amerika me emisionin \u201cShqip\u00ebria Live\u201d ishte Merita Halili s\u00eb bashku me bashk\u00ebshortin e saj, Raif Hyseni, p\u00ebr t\u00eb folur rreth albumit t\u00eb k\u00ebtij t\u00eb fundit.<\/p>\n<p>K\u00ebng\u00ebtarja e njohur dhe Hyseni jetojn\u00eb n\u00eb Caldwell t\u00eb New Jersey. Si \u00e7ift, gjithmon\u00eb vihen n\u00eb sh\u00ebrbim t\u00eb eventeve t\u00eb komunitetit shqiptar n\u00eb SHBA, ndaj dhe jan\u00eb t\u00eb dashur p\u00ebr t\u00eb gjith\u00eb.<\/p>\n<div id=\"attachment_42048\" style=\"width: 405px\" class=\"wp-caption alignnone\"><img data-recalc-dims=\"1\" loading=\"lazy\" decoding=\"async\" aria-describedby=\"caption-attachment-42048\" data-attachment-id=\"42048\" data-permalink=\"https:\/\/www.shqiperia.com\/blog\/28-muzikante-te-ndryshem-bashkeshorti-i-merita-halilit-promovon-albumin-e-tij-te-pare-foto\/raif-hyseni\/\" data-orig-file=\"https:\/\/i0.wp.com\/www.shqiperia.com\/blog\/wp-content\/uploads\/2020\/12\/Raif-Hyseni.png?fit=640%2C566&amp;ssl=1\" data-orig-size=\"640,566\" data-comments-opened=\"1\" data-image-meta=\"{&quot;aperture&quot;:&quot;0&quot;,&quot;credit&quot;:&quot;&quot;,&quot;camera&quot;:&quot;&quot;,&quot;caption&quot;:&quot;&quot;,&quot;created_timestamp&quot;:&quot;0&quot;,&quot;copyright&quot;:&quot;&quot;,&quot;focal_length&quot;:&quot;0&quot;,&quot;iso&quot;:&quot;0&quot;,&quot;shutter_speed&quot;:&quot;0&quot;,&quot;title&quot;:&quot;&quot;,&quot;orientation&quot;:&quot;0&quot;}\" data-image-title=\"Raif Hyseni\" data-image-description=\"\" data-image-caption=\"&lt;p&gt;Raif Hyseni&lt;\/p&gt;\n\" data-medium-file=\"https:\/\/i0.wp.com\/www.shqiperia.com\/blog\/wp-content\/uploads\/2020\/12\/Raif-Hyseni.png?fit=300%2C265&amp;ssl=1\" data-large-file=\"https:\/\/i0.wp.com\/www.shqiperia.com\/blog\/wp-content\/uploads\/2020\/12\/Raif-Hyseni.png?fit=640%2C566&amp;ssl=1\" class=\" wp-image-42048\" alt=\"\" src=\"https:\/\/i0.wp.com\/www.shqiperia.com\/blog\/wp-content\/uploads\/2020\/12\/Raif-Hyseni.png?resize=395%2C350&#038;ssl=1\" width=\"395\" height=\"350\" srcset=\"https:\/\/i0.wp.com\/www.shqiperia.com\/blog\/wp-content\/uploads\/2020\/12\/Raif-Hyseni.png?resize=300%2C265&amp;ssl=1 300w, https:\/\/i0.wp.com\/www.shqiperia.com\/blog\/wp-content\/uploads\/2020\/12\/Raif-Hyseni.png?resize=450%2C398&amp;ssl=1 450w, https:\/\/i0.wp.com\/www.shqiperia.com\/blog\/wp-content\/uploads\/2020\/12\/Raif-Hyseni.png?resize=600%2C531&amp;ssl=1 600w, https:\/\/i0.wp.com\/www.shqiperia.com\/blog\/wp-content\/uploads\/2020\/12\/Raif-Hyseni.png?resize=400%2C354&amp;ssl=1 400w, https:\/\/i0.wp.com\/www.shqiperia.com\/blog\/wp-content\/uploads\/2020\/12\/Raif-Hyseni.png?w=640&amp;ssl=1 640w\" sizes=\"auto, (max-width: 395px) 100vw, 395px\" \/><p id=\"caption-attachment-42048\" class=\"wp-caption-text\">Raif Hyseni<\/p><\/div>\n<p>Hyseni tregoi gjat\u00eb lidhjes s\u00eb drejtp\u00ebrdrejt\u00eb se t\u00eb diel\u00ebn do t\u00eb promovoj\u00eb albumin e tij t\u00eb par\u00eb n\u00eb Zoom.<\/p>\n<p>\u201c\u00cbsht\u00eb nj\u00eb pun\u00eb q\u00eb e kam nisur me koh\u00eb. R\u00ebnd\u00ebsia e albumit \u00ebsht\u00eb se ka 28 muzikant\u00eb t\u00eb ndrysh\u00ebm nga Shqip\u00ebria, Maqedonia dhe Kosova, por edhe t\u00eb huaj nga USA, Turqis\u00eb, Bullgaris\u00eb. K\u00ebta muzikant\u00eb q\u00eb luajn\u00eb muzik\u00eb shqiptare. Ata \u00e7menden pas muzik\u00ebs shqiptare, e kjo \u00ebsht\u00eb arsyeja se pse \u00ebsht\u00eb kaq von\u00eb albumi im. Pasi doja ta promovoja sa m\u00eb mir\u00eb\u201d, tha Hyseni.<\/p>\n<div id=\"attachment_42049\" style=\"width: 503px\" class=\"wp-caption alignnone\"><img data-recalc-dims=\"1\" loading=\"lazy\" decoding=\"async\" aria-describedby=\"caption-attachment-42049\" data-attachment-id=\"42049\" data-permalink=\"https:\/\/www.shqiperia.com\/blog\/28-muzikante-te-ndryshem-bashkeshorti-i-merita-halilit-promovon-albumin-e-tij-te-pare-foto\/raif-hyseni-dhe-merita-halili-3\/\" data-orig-file=\"https:\/\/i0.wp.com\/www.shqiperia.com\/blog\/wp-content\/uploads\/2020\/12\/Raif-Hyseni-dhe-Merita-Halili-3.png?fit=640%2C402&amp;ssl=1\" data-orig-size=\"640,402\" data-comments-opened=\"1\" data-image-meta=\"{&quot;aperture&quot;:&quot;0&quot;,&quot;credit&quot;:&quot;&quot;,&quot;camera&quot;:&quot;&quot;,&quot;caption&quot;:&quot;&quot;,&quot;created_timestamp&quot;:&quot;0&quot;,&quot;copyright&quot;:&quot;&quot;,&quot;focal_length&quot;:&quot;0&quot;,&quot;iso&quot;:&quot;0&quot;,&quot;shutter_speed&quot;:&quot;0&quot;,&quot;title&quot;:&quot;&quot;,&quot;orientation&quot;:&quot;0&quot;}\" data-image-title=\"Raif Hyseni dhe Merita Halili (3)\" data-image-description=\"\" data-image-caption=\"&lt;p&gt;Raif Hyseni dhe Merita Halili &lt;\/p&gt;\n\" data-medium-file=\"https:\/\/i0.wp.com\/www.shqiperia.com\/blog\/wp-content\/uploads\/2020\/12\/Raif-Hyseni-dhe-Merita-Halili-3.png?fit=300%2C188&amp;ssl=1\" data-large-file=\"https:\/\/i0.wp.com\/www.shqiperia.com\/blog\/wp-content\/uploads\/2020\/12\/Raif-Hyseni-dhe-Merita-Halili-3.png?fit=640%2C402&amp;ssl=1\" class=\" wp-image-42049\" alt=\"\" src=\"https:\/\/i0.wp.com\/www.shqiperia.com\/blog\/wp-content\/uploads\/2020\/12\/Raif-Hyseni-dhe-Merita-Halili-3.png?resize=493%2C309&#038;ssl=1\" width=\"493\" height=\"309\" srcset=\"https:\/\/i0.wp.com\/www.shqiperia.com\/blog\/wp-content\/uploads\/2020\/12\/Raif-Hyseni-dhe-Merita-Halili-3.png?resize=300%2C188&amp;ssl=1 300w, https:\/\/i0.wp.com\/www.shqiperia.com\/blog\/wp-content\/uploads\/2020\/12\/Raif-Hyseni-dhe-Merita-Halili-3.png?resize=450%2C283&amp;ssl=1 450w, https:\/\/i0.wp.com\/www.shqiperia.com\/blog\/wp-content\/uploads\/2020\/12\/Raif-Hyseni-dhe-Merita-Halili-3.png?resize=600%2C377&amp;ssl=1 600w, https:\/\/i0.wp.com\/www.shqiperia.com\/blog\/wp-content\/uploads\/2020\/12\/Raif-Hyseni-dhe-Merita-Halili-3.png?resize=400%2C251&amp;ssl=1 400w, https:\/\/i0.wp.com\/www.shqiperia.com\/blog\/wp-content\/uploads\/2020\/12\/Raif-Hyseni-dhe-Merita-Halili-3.png?w=640&amp;ssl=1 640w\" sizes=\"auto, (max-width: 493px) 100vw, 493px\" \/><p id=\"caption-attachment-42049\" class=\"wp-caption-text\">Raif Hyseni dhe Merita Halili<\/p><\/div>\n<p>Ky i fundit shtoi se albumi ka kompozime t\u00eb reja, si edhe tango Tirana. \u201cT\u00eb gjith\u00eb e din\u00eb se tango \u00ebsht\u00eb e Argjentin\u00ebs, por dua t\u00eb t\u00ebrheq v\u00ebmendjen se tango ka edhe n\u00eb Tiran\u00eb. Apo pjesa tjet\u00ebr, shqiptari n\u00eb Japoni\u201d, rr\u00ebfen Raif.<\/p>\n<div id=\"attachment_42051\" style=\"width: 533px\" class=\"wp-caption alignnone\"><img data-recalc-dims=\"1\" loading=\"lazy\" decoding=\"async\" aria-describedby=\"caption-attachment-42051\" data-attachment-id=\"42051\" data-permalink=\"https:\/\/www.shqiperia.com\/blog\/28-muzikante-te-ndryshem-bashkeshorti-i-merita-halilit-promovon-albumin-e-tij-te-pare-foto\/raif-hyseni-2\/\" data-orig-file=\"https:\/\/i0.wp.com\/www.shqiperia.com\/blog\/wp-content\/uploads\/2020\/12\/Raif-Hyseni-2.png?fit=640%2C557&amp;ssl=1\" data-orig-size=\"640,557\" data-comments-opened=\"1\" data-image-meta=\"{&quot;aperture&quot;:&quot;0&quot;,&quot;credit&quot;:&quot;&quot;,&quot;camera&quot;:&quot;&quot;,&quot;caption&quot;:&quot;&quot;,&quot;created_timestamp&quot;:&quot;0&quot;,&quot;copyright&quot;:&quot;&quot;,&quot;focal_length&quot;:&quot;0&quot;,&quot;iso&quot;:&quot;0&quot;,&quot;shutter_speed&quot;:&quot;0&quot;,&quot;title&quot;:&quot;&quot;,&quot;orientation&quot;:&quot;0&quot;}\" data-image-title=\"Raif Hyseni (2)\" data-image-description=\"\" data-image-caption=\"&lt;p&gt;Raif Hyseni &lt;\/p&gt;\n\" data-medium-file=\"https:\/\/i0.wp.com\/www.shqiperia.com\/blog\/wp-content\/uploads\/2020\/12\/Raif-Hyseni-2.png?fit=300%2C261&amp;ssl=1\" data-large-file=\"https:\/\/i0.wp.com\/www.shqiperia.com\/blog\/wp-content\/uploads\/2020\/12\/Raif-Hyseni-2.png?fit=640%2C557&amp;ssl=1\" class=\" wp-image-42051\" alt=\"\" src=\"https:\/\/i0.wp.com\/www.shqiperia.com\/blog\/wp-content\/uploads\/2020\/12\/Raif-Hyseni-2.png?resize=523%2C455&#038;ssl=1\" width=\"523\" height=\"455\" srcset=\"https:\/\/i0.wp.com\/www.shqiperia.com\/blog\/wp-content\/uploads\/2020\/12\/Raif-Hyseni-2.png?resize=300%2C261&amp;ssl=1 300w, https:\/\/i0.wp.com\/www.shqiperia.com\/blog\/wp-content\/uploads\/2020\/12\/Raif-Hyseni-2.png?resize=450%2C392&amp;ssl=1 450w, https:\/\/i0.wp.com\/www.shqiperia.com\/blog\/wp-content\/uploads\/2020\/12\/Raif-Hyseni-2.png?resize=600%2C522&amp;ssl=1 600w, https:\/\/i0.wp.com\/www.shqiperia.com\/blog\/wp-content\/uploads\/2020\/12\/Raif-Hyseni-2.png?resize=400%2C348&amp;ssl=1 400w, https:\/\/i0.wp.com\/www.shqiperia.com\/blog\/wp-content\/uploads\/2020\/12\/Raif-Hyseni-2.png?w=640&amp;ssl=1 640w\" sizes=\"auto, (max-width: 523px) 100vw, 523px\" \/><p id=\"caption-attachment-42051\" class=\"wp-caption-text\">Raif Hyseni<\/p><\/div>\n<p><img data-recalc-dims=\"1\" loading=\"lazy\" decoding=\"async\" data-attachment-id=\"42050\" data-permalink=\"https:\/\/www.shqiperia.com\/blog\/28-muzikante-te-ndryshem-bashkeshorti-i-merita-halilit-promovon-albumin-e-tij-te-pare-foto\/raif-hyseni-dhe-merita-halili-2\/\" data-orig-file=\"https:\/\/i0.wp.com\/www.shqiperia.com\/blog\/wp-content\/uploads\/2020\/12\/Raif-Hyseni-dhe-Merita-Halili-2.png?fit=640%2C555&amp;ssl=1\" data-orig-size=\"640,555\" data-comments-opened=\"1\" data-image-meta=\"{&quot;aperture&quot;:&quot;0&quot;,&quot;credit&quot;:&quot;&quot;,&quot;camera&quot;:&quot;&quot;,&quot;caption&quot;:&quot;&quot;,&quot;created_timestamp&quot;:&quot;0&quot;,&quot;copyright&quot;:&quot;&quot;,&quot;focal_length&quot;:&quot;0&quot;,&quot;iso&quot;:&quot;0&quot;,&quot;shutter_speed&quot;:&quot;0&quot;,&quot;title&quot;:&quot;&quot;,&quot;orientation&quot;:&quot;0&quot;}\" data-image-title=\"Raif Hyseni dhe Merita Halili (2)\" data-image-description=\"\" data-image-caption=\"\" data-medium-file=\"https:\/\/i0.wp.com\/www.shqiperia.com\/blog\/wp-content\/uploads\/2020\/12\/Raif-Hyseni-dhe-Merita-Halili-2.png?fit=300%2C260&amp;ssl=1\" data-large-file=\"https:\/\/i0.wp.com\/www.shqiperia.com\/blog\/wp-content\/uploads\/2020\/12\/Raif-Hyseni-dhe-Merita-Halili-2.png?fit=640%2C555&amp;ssl=1\" class=\"alignnone  wp-image-42050\" alt=\"\" src=\"https:\/\/i0.wp.com\/www.shqiperia.com\/blog\/wp-content\/uploads\/2020\/12\/Raif-Hyseni-dhe-Merita-Halili-2.png?resize=663%2C575&#038;ssl=1\" width=\"663\" height=\"575\" srcset=\"https:\/\/i0.wp.com\/www.shqiperia.com\/blog\/wp-content\/uploads\/2020\/12\/Raif-Hyseni-dhe-Merita-Halili-2.png?resize=300%2C260&amp;ssl=1 300w, https:\/\/i0.wp.com\/www.shqiperia.com\/blog\/wp-content\/uploads\/2020\/12\/Raif-Hyseni-dhe-Merita-Halili-2.png?resize=450%2C390&amp;ssl=1 450w, https:\/\/i0.wp.com\/www.shqiperia.com\/blog\/wp-content\/uploads\/2020\/12\/Raif-Hyseni-dhe-Merita-Halili-2.png?resize=600%2C520&amp;ssl=1 600w, https:\/\/i0.wp.com\/www.shqiperia.com\/blog\/wp-content\/uploads\/2020\/12\/Raif-Hyseni-dhe-Merita-Halili-2.png?resize=400%2C347&amp;ssl=1 400w, https:\/\/i0.wp.com\/www.shqiperia.com\/blog\/wp-content\/uploads\/2020\/12\/Raif-Hyseni-dhe-Merita-Halili-2.png?w=640&amp;ssl=1 640w\" sizes=\"auto, (max-width: 663px) 100vw, 663px\" \/><\/p>\n<p>Gazeta Shqip<\/p>\n","protected":false},"excerpt":{"rendered":"<p>\u201c28 muzikant\u00eb t\u00eb ndrysh\u00ebm\u201d, \u00a0bashk\u00ebshorti i Merita Halilit promovon albumin e tij t\u00eb par\u00eb (Foto) 17 DHJETOR 2020 Dit\u00ebn e sotme n\u00eb nj\u00eb lidhje \u201cSkype\u201d nga Amerika me emisionin \u201cShqip\u00ebria Live\u201d ishte Merita Halili s\u00eb bashku me bashk\u00ebshortin e saj, Raif Hyseni, p\u00ebr t\u00eb folur rreth albumit t\u00eb k\u00ebtij t\u00eb fundit. K\u00ebng\u00ebtarja e njohur dhe [&hellip;]<\/p>\n","protected":false},"author":9,"featured_media":42047,"comment_status":"open","ping_status":"open","sticky":false,"template":"","format":"standard","meta":{"jetpack_post_was_ever_published":false,"_jetpack_newsletter_access":"","_jetpack_dont_email_post_to_subs":false,"_jetpack_newsletter_tier_id":0,"_jetpack_memberships_contains_paywalled_content":false,"_jetpack_memberships_contains_paid_content":false,"footnotes":"","jetpack_publicize_message":"","jetpack_publicize_feature_enabled":true,"jetpack_social_post_already_shared":true,"jetpack_social_options":{"image_generator_settings":{"template":"highway","default_image_id":0,"font":"","enabled":false},"version":2}},"categories":[87,10,103],"tags":[],"class_list":["post-42046","post","type-post","status-publish","format-standard","has-post-thumbnail","hentry","category-arte","category-kultura","category-muzika"],"jetpack_publicize_connections":[],"jetpack_featured_media_url":"https:\/\/i0.wp.com\/www.shqiperia.com\/blog\/wp-content\/uploads\/2020\/12\/Raif-Hyseni-dhe-Merita-Halili.png?fit=640%2C383&ssl=1","jetpack_sharing_enabled":true,"jetpack_shortlink":"https:\/\/wp.me\/p5Z6wp-aWa","jetpack-related-posts":[{"id":17944,"url":"https:\/\/www.shqiperia.com\/blog\/mjeshteri-qe-ju-jep-jete-veglave-muzikore-etnokulturore-botuar-ne-shqiptarja-com\/","url_meta":{"origin":42046,"position":0},"title":"Mjeshteri qe ju jep jete Veglave Muzikore Etnokulturore.- Botuar ne\u00a0SHQIPTARJA.Com.\u00a0","author":"Kurt Farka","date":"March 1, 2019","format":false,"excerpt":"Mjeshteri qe ju jep jete Veglave Muzikore Etnokulturore.- Botuar ne\u00a0SHQIPTARJA.Com. Restauratori i drurit Bajram Hyseni, qe ne moshe te vogel hyri ne pune ne nje zdrukthtari. Mjeshterit e drurit. ai ne rinine e hershme i shikonte dhe vleresonte si idhuj. Si rezultat i ndryshmeve te sistemit ekonomik ne vendin tone\u2026","rel":"","context":"In &quot;Histori&quot;","block_context":{"text":"Histori","link":"https:\/\/www.shqiperia.com\/blog\/category\/histori\/"},"img":{"alt_text":"","src":"https:\/\/i0.wp.com\/www.shqiperia.com\/blog\/wp-content\/uploads\/2019\/03\/Restauratori-Bajram-Hyseni.jpg?fit=960%2C493&ssl=1&resize=350%2C200","width":350,"height":200,"srcset":"https:\/\/i0.wp.com\/www.shqiperia.com\/blog\/wp-content\/uploads\/2019\/03\/Restauratori-Bajram-Hyseni.jpg?fit=960%2C493&ssl=1&resize=350%2C200 1x, https:\/\/i0.wp.com\/www.shqiperia.com\/blog\/wp-content\/uploads\/2019\/03\/Restauratori-Bajram-Hyseni.jpg?fit=960%2C493&ssl=1&resize=525%2C300 1.5x, https:\/\/i0.wp.com\/www.shqiperia.com\/blog\/wp-content\/uploads\/2019\/03\/Restauratori-Bajram-Hyseni.jpg?fit=960%2C493&ssl=1&resize=700%2C400 2x"},"classes":[]},{"id":96538,"url":"https:\/\/www.shqiperia.com\/blog\/shish-akshi-policia-hipotekat-ikmt-dhe-dhjetera-institucione-komandoheshin-nga-ergys-agasi-vlora-hyseni-se-shish-akshi-policia-hipotekat-ikmt-dhe-dhjetera-institucione-komandoheshin\/","url_meta":{"origin":42046,"position":1},"title":"SHISH, AKSHI, policia, hipotekat, IKMT dhe dhjet\u00ebra institucione komandoheshin nga Ergys Agasi, Vlora Hyseni s\u00eb\u2026 SHISH, AKSHI, policia, hipotekat, IKMT dhe dhjet\u00ebra institucione komandoheshin nga Ergys Agasi, Vlora Hyseni s\u00eb shpejti n\u00eb SPAK, ka dal\u00eb n\u00eb p\u00ebrgjimet e koordinatorit t\u00eb Edi Ram\u00ebs   11:06 | 12\/01\/2026 A A SHISH, AKSHI, policia, hipotekat, IKMT dhe dhjet\u00ebra institucione komandoheshin nga Ergys Agasi, Vlora Hyseni s\u00eb\u2026","author":"Kurt Farka","date":"January 12, 2026","format":false,"excerpt":"12 Janar 2026 Nj\u00eb mega-dosje q\u00eb vazhdon t\u00eb hetohet nga SPAK po zbulon nj\u00eb skem\u00eb shqet\u00ebsuese funksionimi t\u00eb shtetit shqiptar, ku dhjet\u00ebra institucione ky\u00e7e rezultojn\u00eb se nuk vepronin sipas hierarkis\u00eb ligjore dhe kushtetuese, por sipas nj\u00eb zinxhiri informal komandimi, me qend\u00ebr nj\u00eb em\u00ebr t\u00eb vet\u00ebm: Ergys Agasi, q\u00eb sot ndodhet\u2026","rel":"","context":"In &quot;Blogu i Udh\u00ebtarit&quot;","block_context":{"text":"Blogu i Udh\u00ebtarit","link":"https:\/\/www.shqiperia.com\/blog\/category\/blogu-i-udhetarit\/"},"img":{"alt_text":"","src":"https:\/\/i0.wp.com\/www.shqiperia.com\/blog\/wp-content\/uploads\/2026\/01\/Ergys-Agasi.jpg?fit=900%2C521&ssl=1&resize=350%2C200","width":350,"height":200,"srcset":"https:\/\/i0.wp.com\/www.shqiperia.com\/blog\/wp-content\/uploads\/2026\/01\/Ergys-Agasi.jpg?fit=900%2C521&ssl=1&resize=350%2C200 1x, https:\/\/i0.wp.com\/www.shqiperia.com\/blog\/wp-content\/uploads\/2026\/01\/Ergys-Agasi.jpg?fit=900%2C521&ssl=1&resize=525%2C300 1.5x, https:\/\/i0.wp.com\/www.shqiperia.com\/blog\/wp-content\/uploads\/2026\/01\/Ergys-Agasi.jpg?fit=900%2C521&ssl=1&resize=700%2C400 2x"},"classes":[]},{"id":3999,"url":"https:\/\/www.shqiperia.com\/blog\/mjeshteri-qe-ju-jep-jete-veglave-muzikore-etnokulturore\/","url_meta":{"origin":42046,"position":2},"title":"Mjeshteri qe ju jep jete  Veglave Muzikore Etnokulturore.-","author":"Kurt Farka","date":"February 27, 2018","format":false,"excerpt":"Shenimet dhe fotot: Jaho Brahaj. Restauratori i drurit Bajram Hyseni, qe ne moshe te vogel\u00a0 hyri ne pune ne nje zdrukthtari. Mjeshterit e drurit. ai ne rinine e hershme i shikonte dhe vleresonte si idhuj. Si rezultat i ndryshmeve te sistemit ekonomik ne vendin tone u detyrua te emigronte ne\u2026","rel":"","context":"In &quot;Kultura&quot;","block_context":{"text":"Kultura","link":"https:\/\/www.shqiperia.com\/blog\/category\/kultura\/"},"img":{"alt_text":"","src":"https:\/\/i0.wp.com\/www.shqiperia.com\/blog\/wp-content\/uploads\/2018\/02\/20180222_154125.jpg?fit=1200%2C616&ssl=1&resize=350%2C200","width":350,"height":200,"srcset":"https:\/\/i0.wp.com\/www.shqiperia.com\/blog\/wp-content\/uploads\/2018\/02\/20180222_154125.jpg?fit=1200%2C616&ssl=1&resize=350%2C200 1x, https:\/\/i0.wp.com\/www.shqiperia.com\/blog\/wp-content\/uploads\/2018\/02\/20180222_154125.jpg?fit=1200%2C616&ssl=1&resize=525%2C300 1.5x, https:\/\/i0.wp.com\/www.shqiperia.com\/blog\/wp-content\/uploads\/2018\/02\/20180222_154125.jpg?fit=1200%2C616&ssl=1&resize=700%2C400 2x, https:\/\/i0.wp.com\/www.shqiperia.com\/blog\/wp-content\/uploads\/2018\/02\/20180222_154125.jpg?fit=1200%2C616&ssl=1&resize=1050%2C600 3x"},"classes":[]},{"id":17527,"url":"https:\/\/www.shqiperia.com\/blog\/helmimin-e-popullit-e-ka-bere-vetem-sadami-e-gadafi-ish-ministri-reagon-ndaj-gardes\/","url_meta":{"origin":42046,"position":3},"title":"\u201cHelmimin e popullit e ka b\u00ebr\u00eb vet\u00ebm Sadami e Gadafi\u201d, ish-ministri reagon ndaj Gard\u00ebs","author":"Kurt Farka","date":"February 16, 2019","format":false,"excerpt":"\u201cHelmimin e popullit e ka b\u00ebr\u00eb vet\u00ebm Sadami e Gadafi\u201d, ish-ministri reagon ndaj Gard\u00ebs 16.02.2019 . Nga Eno Shk\u00ebmbi Ish-ministri i Brendsh\u00ebm, Dritan Demiraj, ka reaguar p\u00ebrmes nj\u00eb deklarate t\u00eb ashp\u00ebr n\u00eb drejtim t\u00eb Gard\u00ebs s\u00eb Republik\u00ebs, sa i takon menaxhimit t\u00eb situat\u00ebs n\u00eb protest\u00ebn e sotme opozitare. Sipas Demirajt,\u2026","rel":"","context":"In &quot;Blogu i Udh\u00ebtarit&quot;","block_context":{"text":"Blogu i Udh\u00ebtarit","link":"https:\/\/www.shqiperia.com\/blog\/category\/blogu-i-udhetarit\/"},"img":{"alt_text":"","src":"https:\/\/i0.wp.com\/www.shqiperia.com\/blog\/wp-content\/uploads\/2019\/02\/demon21-543x365.jpg?fit=543%2C315&ssl=1&resize=350%2C200","width":350,"height":200,"srcset":"https:\/\/i0.wp.com\/www.shqiperia.com\/blog\/wp-content\/uploads\/2019\/02\/demon21-543x365.jpg?fit=543%2C315&ssl=1&resize=350%2C200 1x, https:\/\/i0.wp.com\/www.shqiperia.com\/blog\/wp-content\/uploads\/2019\/02\/demon21-543x365.jpg?fit=543%2C315&ssl=1&resize=525%2C300 1.5x"},"classes":[]},{"id":43644,"url":"https:\/\/www.shqiperia.com\/blog\/studio-eshte-e-top-channel-jo-e-jotja-plas-keq-mes-deputetit-socialist-dhe-eni-vasilit-moderatorja-mos-me-thoni-mua-ke-pelqej-une-te-nderpres-qe-cke-me-te\/","url_meta":{"origin":42046,"position":4},"title":"\u2018Studio \u00ebsht\u00eb e Top Channel jo e jotja\u201d, plas keq mes deputetit socialist dhe Eni Vasilit, moderatorja: Mos m\u00eb thoni mua k\u00eb p\u00eblqej un\u00eb. T\u00eb nd\u00ebrpres q\u00eb \u00e7\u2019ke me t\u00eb&#8230;","author":"Kurt Farka","date":"February 2, 2021","format":false,"excerpt":"\u2018Studio \u00ebsht\u00eb e Top Channel jo e jotja\u201d, plas keq mes deputetit socialist dhe Eni Vasilit, moderatorja: Mos m\u00eb thoni mua k\u00eb p\u00eblqej un\u00eb. T\u00eb nd\u00ebrpres q\u00eb \u00e7\u2019ke me t\u00eb... 1 SHKURT 2021 N\u00eb emisionin \u201cOPEN\u201d po diskutohet lidhur me deklarat\u00ebn e Yuri Kim p\u00ebr lider\u00ebt politik\u00eb, q\u00eb t\u00eb mos\u2026","rel":"","context":"In &quot;Blogu i Udh\u00ebtarit&quot;","block_context":{"text":"Blogu i Udh\u00ebtarit","link":"https:\/\/www.shqiperia.com\/blog\/category\/blogu-i-udhetarit\/"},"img":{"alt_text":"","src":"https:\/\/i0.wp.com\/www.shqiperia.com\/blog\/wp-content\/uploads\/2021\/02\/800-0-60186cbfa5d3f.jpg?fit=749%2C392&ssl=1&resize=350%2C200","width":350,"height":200,"srcset":"https:\/\/i0.wp.com\/www.shqiperia.com\/blog\/wp-content\/uploads\/2021\/02\/800-0-60186cbfa5d3f.jpg?fit=749%2C392&ssl=1&resize=350%2C200 1x, https:\/\/i0.wp.com\/www.shqiperia.com\/blog\/wp-content\/uploads\/2021\/02\/800-0-60186cbfa5d3f.jpg?fit=749%2C392&ssl=1&resize=525%2C300 1.5x, https:\/\/i0.wp.com\/www.shqiperia.com\/blog\/wp-content\/uploads\/2021\/02\/800-0-60186cbfa5d3f.jpg?fit=749%2C392&ssl=1&resize=700%2C400 2x"},"classes":[]},{"id":44794,"url":"https:\/\/www.shqiperia.com\/blog\/mjeshteri-qe-ju-jep-jete-veglave-muzikore-etnokulturore-2\/","url_meta":{"origin":42046,"position":5},"title":"Mjeshteri qe ju jep jete Veglave Muzikore Etnokulturore.-","author":"Kurt Farka","date":"March 1, 2021","format":false,"excerpt":"Mjeshteri qe ju jep jete Veglave Muzikore Etnokulturore.- Nga Jaho Brahaj. 1 mars 2018 Restauratori i drurit Bajram Hyseni, qe ne moshe te vogel hyri ne pune ne nje zdrukthtari. Mjeshterit e drurit. ai ne rinine e hershme i shikonte dhe vleresonte si idhuj. Si rezultat i ndryshmeve te sistemit\u2026","rel":"","context":"In &quot;Histori&quot;","block_context":{"text":"Histori","link":"https:\/\/www.shqiperia.com\/blog\/category\/histori\/"},"img":{"alt_text":"","src":"https:\/\/i0.wp.com\/www.shqiperia.com\/blog\/wp-content\/uploads\/2021\/03\/Restauratori-Bajram-Hyseni.jpg?fit=1200%2C666&ssl=1&resize=350%2C200","width":350,"height":200,"srcset":"https:\/\/i0.wp.com\/www.shqiperia.com\/blog\/wp-content\/uploads\/2021\/03\/Restauratori-Bajram-Hyseni.jpg?fit=1200%2C666&ssl=1&resize=350%2C200 1x, https:\/\/i0.wp.com\/www.shqiperia.com\/blog\/wp-content\/uploads\/2021\/03\/Restauratori-Bajram-Hyseni.jpg?fit=1200%2C666&ssl=1&resize=525%2C300 1.5x, https:\/\/i0.wp.com\/www.shqiperia.com\/blog\/wp-content\/uploads\/2021\/03\/Restauratori-Bajram-Hyseni.jpg?fit=1200%2C666&ssl=1&resize=700%2C400 2x, https:\/\/i0.wp.com\/www.shqiperia.com\/blog\/wp-content\/uploads\/2021\/03\/Restauratori-Bajram-Hyseni.jpg?fit=1200%2C666&ssl=1&resize=1050%2C600 3x"},"classes":[]}],"_links":{"self":[{"href":"https:\/\/www.shqiperia.com\/blog\/wp-json\/wp\/v2\/posts\/42046","targetHints":{"allow":["GET"]}}],"collection":[{"href":"https:\/\/www.shqiperia.com\/blog\/wp-json\/wp\/v2\/posts"}],"about":[{"href":"https:\/\/www.shqiperia.com\/blog\/wp-json\/wp\/v2\/types\/post"}],"author":[{"embeddable":true,"href":"https:\/\/www.shqiperia.com\/blog\/wp-json\/wp\/v2\/users\/9"}],"replies":[{"embeddable":true,"href":"https:\/\/www.shqiperia.com\/blog\/wp-json\/wp\/v2\/comments?post=42046"}],"version-history":[{"count":1,"href":"https:\/\/www.shqiperia.com\/blog\/wp-json\/wp\/v2\/posts\/42046\/revisions"}],"predecessor-version":[{"id":42052,"href":"https:\/\/www.shqiperia.com\/blog\/wp-json\/wp\/v2\/posts\/42046\/revisions\/42052"}],"wp:featuredmedia":[{"embeddable":true,"href":"https:\/\/www.shqiperia.com\/blog\/wp-json\/wp\/v2\/media\/42047"}],"wp:attachment":[{"href":"https:\/\/www.shqiperia.com\/blog\/wp-json\/wp\/v2\/media?parent=42046"}],"wp:term":[{"taxonomy":"category","embeddable":true,"href":"https:\/\/www.shqiperia.com\/blog\/wp-json\/wp\/v2\/categories?post=42046"},{"taxonomy":"post_tag","embeddable":true,"href":"https:\/\/www.shqiperia.com\/blog\/wp-json\/wp\/v2\/tags?post=42046"}],"curies":[{"name":"wp","href":"https:\/\/api.w.org\/{rel}","templated":true}]}}