{"id":42039,"date":"2020-12-18T16:26:38","date_gmt":"2020-12-18T16:26:38","guid":{"rendered":"https:\/\/www.shqiperia.com\/blog\/?p=42039"},"modified":"2020-12-18T16:26:38","modified_gmt":"2020-12-18T16:26:38","slug":"flet-ekspertja-per-termetin-ne-itali-ishte-me-i-forti-ne-500-vitet-e-fundit","status":"publish","type":"post","link":"https:\/\/www.shqiperia.com\/blog\/flet-ekspertja-per-termetin-ne-itali-ishte-me-i-forti-ne-500-vitet-e-fundit\/","title":{"rendered":"Flet ekspertja p\u00ebr t\u00ebrmetin n\u00eb Itali: Ishte m\u00eb i forti n\u00eb 500 vitet e fundit"},"content":{"rendered":"<p><img data-recalc-dims=\"1\" loading=\"lazy\" decoding=\"async\" data-attachment-id=\"42040\" data-permalink=\"https:\/\/www.shqiperia.com\/blog\/flet-ekspertja-per-termetin-ne-itali-ishte-me-i-forti-ne-500-vitet-e-fundit\/800-0-5f9863068c42ba4b7ee954968f13c819\/\" data-orig-file=\"https:\/\/i0.wp.com\/www.shqiperia.com\/blog\/wp-content\/uploads\/2020\/12\/800-0-5f9863068c42ba4b7ee954968f13c819.jpg?fit=570%2C301&amp;ssl=1\" data-orig-size=\"570,301\" data-comments-opened=\"1\" data-image-meta=\"{&quot;aperture&quot;:&quot;0&quot;,&quot;credit&quot;:&quot;&quot;,&quot;camera&quot;:&quot;&quot;,&quot;caption&quot;:&quot;&quot;,&quot;created_timestamp&quot;:&quot;0&quot;,&quot;copyright&quot;:&quot;&quot;,&quot;focal_length&quot;:&quot;0&quot;,&quot;iso&quot;:&quot;0&quot;,&quot;shutter_speed&quot;:&quot;0&quot;,&quot;title&quot;:&quot;&quot;,&quot;orientation&quot;:&quot;0&quot;}\" data-image-title=\"-800-0-5f9863068c42ba4b7ee954968f13c819\" data-image-description=\"\" data-image-caption=\"\" data-medium-file=\"https:\/\/i0.wp.com\/www.shqiperia.com\/blog\/wp-content\/uploads\/2020\/12\/800-0-5f9863068c42ba4b7ee954968f13c819.jpg?fit=300%2C158&amp;ssl=1\" data-large-file=\"https:\/\/i0.wp.com\/www.shqiperia.com\/blog\/wp-content\/uploads\/2020\/12\/800-0-5f9863068c42ba4b7ee954968f13c819.jpg?fit=570%2C301&amp;ssl=1\" class=\"alignnone  wp-image-42040\" alt=\"\" src=\"https:\/\/i0.wp.com\/www.shqiperia.com\/blog\/wp-content\/uploads\/2020\/12\/800-0-5f9863068c42ba4b7ee954968f13c819.jpg?resize=549%2C289&#038;ssl=1\" width=\"549\" height=\"289\" srcset=\"https:\/\/i0.wp.com\/www.shqiperia.com\/blog\/wp-content\/uploads\/2020\/12\/800-0-5f9863068c42ba4b7ee954968f13c819.jpg?resize=300%2C158&amp;ssl=1 300w, https:\/\/i0.wp.com\/www.shqiperia.com\/blog\/wp-content\/uploads\/2020\/12\/800-0-5f9863068c42ba4b7ee954968f13c819.jpg?resize=450%2C238&amp;ssl=1 450w, https:\/\/i0.wp.com\/www.shqiperia.com\/blog\/wp-content\/uploads\/2020\/12\/800-0-5f9863068c42ba4b7ee954968f13c819.jpg?resize=400%2C211&amp;ssl=1 400w, https:\/\/i0.wp.com\/www.shqiperia.com\/blog\/wp-content\/uploads\/2020\/12\/800-0-5f9863068c42ba4b7ee954968f13c819.jpg?w=570&amp;ssl=1 570w\" sizes=\"auto, (max-width: 549px) 100vw, 549px\" \/><\/p>\n<p>Flet ekspertja p\u00ebr t\u00ebrmetin n\u00eb Itali: Ishte m\u00eb i forti n\u00eb 500 vitet e fundit<\/p>\n<p>17 DHJETOR 2020<\/p>\n<p>Nj\u00eb t\u00ebrmet \u00ebsht\u00eb regjistruar dit\u00ebn e sotme n\u00eb Milano t\u00eb Italis\u00eb, me magnitud\u00eb\u00a03.9.<\/p>\n<p>T\u00ebrmeti i dit\u00ebs s\u00eb sotme, q\u00eb u ndje\u00a0n\u00eb Trezzano n\u00eb Naviglio, Milano, konsiderohet si m\u00eb i forti n\u00eb\u00a0\u00a0500 vitet e fundit.<\/p>\n<p>Lajmin e b\u00ebn me dije Lucia Luzi, n\u00eb krye t\u00eb seksionit t\u00eb Milanos t\u00eb Institutit Nacional t\u00eb Gjeofizik\u00ebs dhe Vullkanologjis\u00eb (Ingv).<\/p>\n<p>Luzi ka deklaruar q\u00eb Milano nuk konsiderohet zon\u00eb sizmike.<\/p>\n<p>\u201cDuke par\u00eb katalogun historik t\u00eb t\u00ebrmeteve, duhet t\u00eb kthehemi 500 vite p\u00ebrpara p\u00ebr t\u00eb gjetur nj\u00eb l\u00ebkundje \u201cbinjake\u201d me at\u00eb t\u00eb sotmen, me epiqend\u00ebr n\u00eb Milano dhe magnitud\u00eb 3.7. T\u00ebrmete historik\u00eb t\u00eb r\u00ebnd\u00ebsish\u00ebm t\u00eb tjer\u00eb jan\u00eb verifikuar n\u00eb zona fqinje, si n\u00eb Monza n\u00eb vitin 1936, me nj\u00eb l\u00ebkundje me magnitud\u00eb rreth 5 dhe m\u00eb pas nj\u00eb l\u00ebkundje n\u00eb kufi me Piemonte-n n\u00eb vitin 1918, me magnitud\u00eb 4.6\u201d&#8221;, ka th\u00ebn\u00eb\u00a0Lucia Luzi.<\/p>\n<p>Gazeta Sot<\/p>\n","protected":false},"excerpt":{"rendered":"<p>Flet ekspertja p\u00ebr t\u00ebrmetin n\u00eb Itali: Ishte m\u00eb i forti n\u00eb 500 vitet e fundit 17 DHJETOR 2020 Nj\u00eb t\u00ebrmet \u00ebsht\u00eb regjistruar dit\u00ebn e sotme n\u00eb Milano t\u00eb Italis\u00eb, me magnitud\u00eb\u00a03.9. T\u00ebrmeti i dit\u00ebs s\u00eb sotme, q\u00eb u ndje\u00a0n\u00eb Trezzano n\u00eb Naviglio, Milano, konsiderohet si m\u00eb i forti n\u00eb\u00a0\u00a0500 vitet e fundit. Lajmin e b\u00ebn [&hellip;]<\/p>\n","protected":false},"author":9,"featured_media":42040,"comment_status":"open","ping_status":"open","sticky":false,"template":"","format":"standard","meta":{"jetpack_post_was_ever_published":false,"_jetpack_newsletter_access":"","_jetpack_dont_email_post_to_subs":false,"_jetpack_newsletter_tier_id":0,"_jetpack_memberships_contains_paywalled_content":false,"_jetpack_memberships_contains_paid_content":false,"footnotes":"","jetpack_publicize_message":"","jetpack_publicize_feature_enabled":true,"jetpack_social_post_already_shared":true,"jetpack_social_options":{"image_generator_settings":{"template":"highway","default_image_id":0,"font":"","enabled":false},"version":2}},"categories":[27,1,35],"tags":[],"class_list":["post-42039","post","type-post","status-publish","format-standard","has-post-thumbnail","hentry","category-blogu-i-udhetarit","category-njoftime-shtypi","category-shoqerore"],"jetpack_publicize_connections":[],"jetpack_featured_media_url":"https:\/\/i0.wp.com\/www.shqiperia.com\/blog\/wp-content\/uploads\/2020\/12\/800-0-5f9863068c42ba4b7ee954968f13c819.jpg?fit=570%2C301&ssl=1","jetpack_sharing_enabled":true,"jetpack_shortlink":"https:\/\/wp.me\/p5Z6wp-aW3","jetpack-related-posts":[{"id":33497,"url":"https:\/\/www.shqiperia.com\/blog\/lajmi-i-fundit-termet-ne-itali-lekundje-te-forta-ne-veri-te-vendit\/","url_meta":{"origin":42039,"position":0},"title":"Lajmi i fundit\/ T\u00ebrmet n\u00eb Itali, l\u00ebkundje t\u00eb forta n\u00eb veri t\u00eb vendit","author":"Kurt Farka","date":"April 16, 2020","format":false,"excerpt":"Lajmi i fundit\/ T\u00ebrmet n\u00eb Itali, l\u00ebkundje t\u00eb forta n\u00eb veri t\u00eb vendit 16 Prill 2020 | 13 : 25 Nj\u00eb t\u00ebrmet me magnitude 4.2 ka ndodhur n\u00eb Piacentino.\u00a0 P\u00ebr momentin nuk ka d\u00ebmtime. L\u00ebkundjet jan\u00eb ndjer\u00eb n\u00eb pjes\u00ebn m\u00eb t\u00eb mir\u00eb t\u00eb Veriut t\u00eb Italis\u00eb, nga Milano n\u00eb Torino.\u2026","rel":"","context":"In &quot;Blogu i Udh\u00ebtarit&quot;","block_context":{"text":"Blogu i Udh\u00ebtarit","link":"https:\/\/www.shqiperia.com\/blog\/category\/blogu-i-udhetarit\/"},"img":{"alt_text":"","src":"https:\/\/i0.wp.com\/www.shqiperia.com\/blog\/wp-content\/uploads\/2020\/04\/shqip-lajmi-i-fundit_fb-1024x576-6-1024x576-1024x576-1.jpg?fit=1024%2C576&ssl=1&resize=350%2C200","width":350,"height":200,"srcset":"https:\/\/i0.wp.com\/www.shqiperia.com\/blog\/wp-content\/uploads\/2020\/04\/shqip-lajmi-i-fundit_fb-1024x576-6-1024x576-1024x576-1.jpg?fit=1024%2C576&ssl=1&resize=350%2C200 1x, https:\/\/i0.wp.com\/www.shqiperia.com\/blog\/wp-content\/uploads\/2020\/04\/shqip-lajmi-i-fundit_fb-1024x576-6-1024x576-1024x576-1.jpg?fit=1024%2C576&ssl=1&resize=525%2C300 1.5x, https:\/\/i0.wp.com\/www.shqiperia.com\/blog\/wp-content\/uploads\/2020\/04\/shqip-lajmi-i-fundit_fb-1024x576-6-1024x576-1024x576-1.jpg?fit=1024%2C576&ssl=1&resize=700%2C400 2x"},"classes":[]},{"id":37205,"url":"https:\/\/www.shqiperia.com\/blog\/lekundje-termeti-te-lehta-ne-shqiperi\/","url_meta":{"origin":42039,"position":1},"title":"L\u00ebkundje t\u00ebrmeti te lehta n\u00eb Shqip\u00ebri","author":"Kurt Farka","date":"August 14, 2020","format":false,"excerpt":"L\u00ebkundje t\u00ebrmeti te lehta n\u00eb Shqip\u00ebri 14 GUSHT 2020, 20:47\u00a0\u00a0\u00a0 Nj\u00eb t\u00ebrmet me magnitud\u00eb 3.1 \u00ebsht\u00eb regjistruar n\u00eb qarkun e Elbasanit, rreth 9 kilometra nga Librazhdi, pasditen e sotme. L\u00ebkundja ka qen\u00eb e leht\u00eb, dhe fatmir\u00ebsisht nuk raportohet p\u00ebr asnj\u00eb d\u00ebm. Prej disa jav\u00ebsh n\u00eb vendin ton\u00eb jan\u00eb sh\u00ebnuar l\u00ebkundje\u2026","rel":"","context":"In &quot;Blogu i Udh\u00ebtarit&quot;","block_context":{"text":"Blogu i Udh\u00ebtarit","link":"https:\/\/www.shqiperia.com\/blog\/category\/blogu-i-udhetarit\/"},"img":{"alt_text":"","src":"https:\/\/i0.wp.com\/www.shqiperia.com\/blog\/wp-content\/uploads\/2020\/08\/640-0-5f36dbf15eaa4.jpg?fit=446%2C233&ssl=1&resize=350%2C200","width":350,"height":200},"classes":[]},{"id":35953,"url":"https:\/\/www.shqiperia.com\/blog\/lekundje-termeti-ne-shqiperi-00-12-ja-ku-ishte-epiqendra-dhe-magnituda\/","url_meta":{"origin":42039,"position":2},"title":"L\u00ebkundje t\u00ebrmeti n\u00eb Shqip\u00ebri 00.12, ja ku ishte epiqendra dhe magnituda","author":"Kurt Farka","date":"June 29, 2020","format":false,"excerpt":"L\u00ebkundje t\u00ebrmeti n\u00eb Shqip\u00ebri 00.12, ja ku ishte epiqendra dhe magnituda 30 Qershor 2020 | 00 : 12 Nj\u00eb l\u00ebkundje e leht\u00eb t\u00ebrmeti \u00ebsht\u00eb regjistruar mbr\u00ebmjen e sotme n\u00eb vendin ton\u00eb. Paraprakisht b\u00ebhet me dije se t\u00ebrmeti ka pasur nj\u00eb magnitud\u00eb prej 3.4, nd\u00ebrsa epiqendra ndryshe nga her\u00ebt e tjera\u2026","rel":"","context":"In &quot;Blogu i Udh\u00ebtarit&quot;","block_context":{"text":"Blogu i Udh\u00ebtarit","link":"https:\/\/www.shqiperia.com\/blog\/category\/blogu-i-udhetarit\/"},"img":{"alt_text":"","src":"https:\/\/i0.wp.com\/www.shqiperia.com\/blog\/wp-content\/uploads\/2020\/06\/160.jpg?fit=402%2C201&ssl=1&resize=350%2C200","width":350,"height":200},"classes":[]},{"id":65324,"url":"https:\/\/www.shqiperia.com\/blog\/termet-ne-rajonin-e-marche-ne-itali-3-lekundje-pasuese-brenda-10-minutave\/","url_meta":{"origin":42039,"position":3},"title":"T\u00ebrmet n\u00eb rajonin e Marche n\u00eb Itali. &#8211; 3 l\u00ebkundje pasuese brenda 10 minutave","author":"Kurt Farka","date":"December 8, 2022","format":false,"excerpt":"8 Dhjetor 2022 Nj\u00eb tjet\u00ebr t\u00ebrmet n\u00eb rajonin e Marche, Itali. Nj\u00eb t\u00ebrmet me magnitud\u00eb 3.7 u regjistrua n\u00eb agim n\u00eb brigjet e zon\u00ebs Pesaro-Urbino, 9 kilometra n\u00eb thell\u00ebsi. Tre l\u00ebkundje t\u00eb tjera me magnitud\u00eb 2.1 dhe 2.7 pasuan brenda dhjet\u00eb minutave. Jo e gjith\u00eb popullata e ndjeu t\u00ebrmetin dhe\u2026","rel":"","context":"In &quot;Blogu i Udh\u00ebtarit&quot;","block_context":{"text":"Blogu i Udh\u00ebtarit","link":"https:\/\/www.shqiperia.com\/blog\/category\/blogu-i-udhetarit\/"},"img":{"alt_text":"","src":"https:\/\/i0.wp.com\/www.shqiperia.com\/blog\/wp-content\/uploads\/2022\/12\/1526295776_termet-770x434-1-e1661820401363.jpg?fit=650%2C366&ssl=1&resize=350%2C200","width":350,"height":200,"srcset":"https:\/\/i0.wp.com\/www.shqiperia.com\/blog\/wp-content\/uploads\/2022\/12\/1526295776_termet-770x434-1-e1661820401363.jpg?fit=650%2C366&ssl=1&resize=350%2C200 1x, https:\/\/i0.wp.com\/www.shqiperia.com\/blog\/wp-content\/uploads\/2022\/12\/1526295776_termet-770x434-1-e1661820401363.jpg?fit=650%2C366&ssl=1&resize=525%2C300 1.5x"},"classes":[]},{"id":97735,"url":"https:\/\/www.shqiperia.com\/blog\/europe-jo-narkoshtet-shqiptaret-paralajmerojne-proteste-ne-milano-rama-largohu\/","url_meta":{"origin":42039,"position":4},"title":"\u2018Europ\u00eb, jo narkoshtet!\u2019, shqiptar\u00ebt paralajm\u00ebrojn\u00eb protest\u00eb n\u00eb Milano: &#8211; Rama largohu","author":"Kurt Farka","date":"February 15, 2026","format":false,"excerpt":"15 Shkurt 2026 Narkoregjimi i Edi Ram\u00ebs i ka vendosur shkelmin n\u00eb fyt t\u00eb gjith\u00eb shqiptar\u00ebve t\u00eb ndersh\u00ebm, si brenda dhe jasht\u00eb vendit p\u00ebrgjat\u00eb k\u00ebtyre 13 viteve n\u00eb pushtet. Sipas t\u00eb dh\u00ebnave qoft\u00eb zyrtare apo t\u00eb marra n\u00eb rrug\u00eb t\u00eb tjera, tregojn\u00eb se m\u00eb shum\u00eb se 1 milion shqiptar\u00eb e\u2026","rel":"","context":"In &quot;Blogu i Udh\u00ebtarit&quot;","block_context":{"text":"Blogu i Udh\u00ebtarit","link":"https:\/\/www.shqiperia.com\/blog\/category\/blogu-i-udhetarit\/"},"img":{"alt_text":"","src":"https:\/\/i0.wp.com\/www.shqiperia.com\/blog\/wp-content\/uploads\/2026\/02\/auto_New_Project_131771186442-900x570-1.jpeg?fit=900%2C570&ssl=1&resize=350%2C200","width":350,"height":200,"srcset":"https:\/\/i0.wp.com\/www.shqiperia.com\/blog\/wp-content\/uploads\/2026\/02\/auto_New_Project_131771186442-900x570-1.jpeg?fit=900%2C570&ssl=1&resize=350%2C200 1x, https:\/\/i0.wp.com\/www.shqiperia.com\/blog\/wp-content\/uploads\/2026\/02\/auto_New_Project_131771186442-900x570-1.jpeg?fit=900%2C570&ssl=1&resize=525%2C300 1.5x, https:\/\/i0.wp.com\/www.shqiperia.com\/blog\/wp-content\/uploads\/2026\/02\/auto_New_Project_131771186442-900x570-1.jpeg?fit=900%2C570&ssl=1&resize=700%2C400 2x"},"classes":[]},{"id":26156,"url":"https:\/\/www.shqiperia.com\/blog\/termeti-i-madh-instituti-gjerman-ja-nga-sa-rrezikohet-shqiperia\/","url_meta":{"origin":42039,"position":5},"title":"T\u00ebrmeti i madh\/ Instituti gjerman: &#8211; Ja nga sa rrezikohet Shqip\u00ebria","author":"Kurt Farka","date":"September 22, 2019","format":false,"excerpt":"T\u00ebrmeti i madh\/ Instituti gjerman: - Ja nga sa rrezikohet Shqip\u00ebria 22\/09\/2019 Lajmi i t\u00ebrmeteve q\u00eb vazhduan edhe pas mesnat\u00ebs n\u00eb Shqip\u00ebri \u00ebsht\u00eb pasqyruar nga mij\u00ebra media n\u00eb bot\u00eb. Mediat gjermane shkruajn\u00eb se jan\u00eb mbi 100 t\u00eb plagosur dhe qindra godina t\u00eb d\u00ebmtuara. Por sa her\u00eb q\u00eb ka l\u00ebkundje t\u00eb\u2026","rel":"","context":"In &quot;Blogu i Udh\u00ebtarit&quot;","block_context":{"text":"Blogu i Udh\u00ebtarit","link":"https:\/\/www.shqiperia.com\/blog\/category\/blogu-i-udhetarit\/"},"img":{"alt_text":"","src":"https:\/\/i0.wp.com\/www.shqiperia.com\/blog\/wp-content\/uploads\/2019\/09\/auto_termeti-ne-shqiperi-5.6-balle1569138378.jpg?fit=900%2C487&ssl=1&resize=350%2C200","width":350,"height":200,"srcset":"https:\/\/i0.wp.com\/www.shqiperia.com\/blog\/wp-content\/uploads\/2019\/09\/auto_termeti-ne-shqiperi-5.6-balle1569138378.jpg?fit=900%2C487&ssl=1&resize=350%2C200 1x, https:\/\/i0.wp.com\/www.shqiperia.com\/blog\/wp-content\/uploads\/2019\/09\/auto_termeti-ne-shqiperi-5.6-balle1569138378.jpg?fit=900%2C487&ssl=1&resize=525%2C300 1.5x, https:\/\/i0.wp.com\/www.shqiperia.com\/blog\/wp-content\/uploads\/2019\/09\/auto_termeti-ne-shqiperi-5.6-balle1569138378.jpg?fit=900%2C487&ssl=1&resize=700%2C400 2x"},"classes":[]}],"_links":{"self":[{"href":"https:\/\/www.shqiperia.com\/blog\/wp-json\/wp\/v2\/posts\/42039","targetHints":{"allow":["GET"]}}],"collection":[{"href":"https:\/\/www.shqiperia.com\/blog\/wp-json\/wp\/v2\/posts"}],"about":[{"href":"https:\/\/www.shqiperia.com\/blog\/wp-json\/wp\/v2\/types\/post"}],"author":[{"embeddable":true,"href":"https:\/\/www.shqiperia.com\/blog\/wp-json\/wp\/v2\/users\/9"}],"replies":[{"embeddable":true,"href":"https:\/\/www.shqiperia.com\/blog\/wp-json\/wp\/v2\/comments?post=42039"}],"version-history":[{"count":1,"href":"https:\/\/www.shqiperia.com\/blog\/wp-json\/wp\/v2\/posts\/42039\/revisions"}],"predecessor-version":[{"id":42041,"href":"https:\/\/www.shqiperia.com\/blog\/wp-json\/wp\/v2\/posts\/42039\/revisions\/42041"}],"wp:featuredmedia":[{"embeddable":true,"href":"https:\/\/www.shqiperia.com\/blog\/wp-json\/wp\/v2\/media\/42040"}],"wp:attachment":[{"href":"https:\/\/www.shqiperia.com\/blog\/wp-json\/wp\/v2\/media?parent=42039"}],"wp:term":[{"taxonomy":"category","embeddable":true,"href":"https:\/\/www.shqiperia.com\/blog\/wp-json\/wp\/v2\/categories?post=42039"},{"taxonomy":"post_tag","embeddable":true,"href":"https:\/\/www.shqiperia.com\/blog\/wp-json\/wp\/v2\/tags?post=42039"}],"curies":[{"name":"wp","href":"https:\/\/api.w.org\/{rel}","templated":true}]}}