{"id":42036,"date":"2020-12-18T14:40:11","date_gmt":"2020-12-18T14:40:11","guid":{"rendered":"https:\/\/www.shqiperia.com\/blog\/?p=42036"},"modified":"2020-12-18T14:50:28","modified_gmt":"2020-12-18T14:50:28","slug":"vjosa-osmani-kerkoi-te-vendoste-lule-tek-varri-i-gjyshit-protokolli-i-kuvendit-nuk-ka-varr","status":"publish","type":"post","link":"https:\/\/www.shqiperia.com\/blog\/vjosa-osmani-kerkoi-te-vendoste-lule-tek-varri-i-gjyshit-protokolli-i-kuvendit-nuk-ka-varr\/","title":{"rendered":"Vjosa Osmani k\u00ebrkoi t\u00eb vendoste lule tek varri i gjyshit. Protokolli i Kuvendit: &#8211; Nuk ka varr!!!"},"content":{"rendered":"<p><img data-recalc-dims=\"1\" loading=\"lazy\" decoding=\"async\" data-attachment-id=\"42037\" data-permalink=\"https:\/\/www.shqiperia.com\/blog\/vjosa-osmani-kerkoi-te-vendoste-lule-tek-varri-i-gjyshit-protokolli-i-kuvendit-nuk-ka-varr\/vjosa-osmani-2\/\" data-orig-file=\"https:\/\/i0.wp.com\/www.shqiperia.com\/blog\/wp-content\/uploads\/2020\/12\/Vjosa-Osmani-1.jpg?fit=475%2C243&amp;ssl=1\" data-orig-size=\"475,243\" data-comments-opened=\"1\" data-image-meta=\"{&quot;aperture&quot;:&quot;0&quot;,&quot;credit&quot;:&quot;&quot;,&quot;camera&quot;:&quot;&quot;,&quot;caption&quot;:&quot;&quot;,&quot;created_timestamp&quot;:&quot;0&quot;,&quot;copyright&quot;:&quot;&quot;,&quot;focal_length&quot;:&quot;0&quot;,&quot;iso&quot;:&quot;0&quot;,&quot;shutter_speed&quot;:&quot;0&quot;,&quot;title&quot;:&quot;&quot;,&quot;orientation&quot;:&quot;0&quot;}\" data-image-title=\"Vjosa Osmani\" data-image-description=\"\" data-image-caption=\"\" data-medium-file=\"https:\/\/i0.wp.com\/www.shqiperia.com\/blog\/wp-content\/uploads\/2020\/12\/Vjosa-Osmani-1.jpg?fit=300%2C153&amp;ssl=1\" data-large-file=\"https:\/\/i0.wp.com\/www.shqiperia.com\/blog\/wp-content\/uploads\/2020\/12\/Vjosa-Osmani-1.jpg?fit=475%2C243&amp;ssl=1\" class=\"alignnone wp-image-42037\" alt=\"\" src=\"https:\/\/i0.wp.com\/www.shqiperia.com\/blog\/wp-content\/uploads\/2020\/12\/Vjosa-Osmani-1.jpg?resize=447%2C228&#038;ssl=1\" width=\"447\" height=\"228\" srcset=\"https:\/\/i0.wp.com\/www.shqiperia.com\/blog\/wp-content\/uploads\/2020\/12\/Vjosa-Osmani-1.jpg?resize=300%2C153&amp;ssl=1 300w, https:\/\/i0.wp.com\/www.shqiperia.com\/blog\/wp-content\/uploads\/2020\/12\/Vjosa-Osmani-1.jpg?resize=450%2C230&amp;ssl=1 450w, https:\/\/i0.wp.com\/www.shqiperia.com\/blog\/wp-content\/uploads\/2020\/12\/Vjosa-Osmani-1.jpg?resize=400%2C205&amp;ssl=1 400w, https:\/\/i0.wp.com\/www.shqiperia.com\/blog\/wp-content\/uploads\/2020\/12\/Vjosa-Osmani-1.jpg?w=475&amp;ssl=1 475w\" sizes=\"auto, (max-width: 447px) 100vw, 447px\" \/><\/p>\n<p style=\"background: white;margin: 0in 0in 19.5pt 0in\"><b><span style=\"font-size: 11.0pt;font-family: 'Gelasio','serif';color: #111111;background: white\">Vjosa Osmani k\u00ebrkoi t\u00eb vendoste lule tek varri i gjyshit. Protokolli i Kuvendit: &#8211; Nuk ka varr!!!<\/span><\/b><span style=\"font-size: 11.0pt;font-family: 'Source Sans Pro','serif';color: #222222\"><\/span><\/p>\n<p style=\"background: white;margin: 0in 0in 19.5pt 0in\"><span style=\"font-family: 'Source Sans Pro','serif';color: #222222\">Presidentja n\u00eb detyr\u00eb e Kosov\u00ebs, Vjosa Osmani ka zhvilluar nj\u00eb vizit\u00eb dy ditore n\u00eb Tiran\u00eb.<\/span><\/p>\n<p style=\"background: white;margin: 0in 0in 19.5pt 0in\"><span style=\"font-family: 'Source Sans Pro','serif';color: #222222\">Gjat\u00eb k\u00ebsaj vizite ka ndodhur edhe nj\u00eb fakt i pad\u00ebgjuar m\u00eb par\u00eb, q\u00eb<\/span><a href=\"http:\/\/syri.net\/\"><span style=\"font-family: 'Source Sans Pro','serif';color: #4c4084;text-decoration: none\">\u00a0syri.net<\/span><\/a><span style=\"font-family: 'Source Sans Pro','serif';color: #222222\">\u00a0e ka m\u00ebsuar ekskluzivisht.<\/span><\/p>\n<p style=\"background: white;margin: 0in 0in 19.5pt 0in\"><span style=\"font-family: 'Source Sans Pro','serif';color: #222222\">Vjosa Osmani ka k\u00ebrkuar q\u00eb t\u00eb kishte mund\u00ebsin\u00eb p\u00ebr t\u00eb vendosur lule tek varri i xhaxhait t\u00eb n\u00ebn\u00ebs s\u00eb saj, Sulejman Vu\u00e7iterna.<\/span><\/p>\n<p style=\"background: white;margin: 0in 0in 19.5pt 0in\"><span style=\"font-family: 'Source Sans Pro','serif';color: #222222\">K\u00ebrkesa m\u00ebsohet se i \u00ebsht\u00eb drejtuar Kuvendit t\u00eb Shqip\u00ebris\u00eb.<\/span><\/p>\n<p style=\"background: white;margin: 0in 0in 19.5pt 0in\"><span style=\"font-family: 'Source Sans Pro','serif';color: #222222\">Por, k\u00ebta t\u00eb fundit, me an\u00eb t\u00eb protokollit i jan\u00eb p\u00ebrgjigjur presidentes s\u00eb Kosov\u00ebs se Sulejman Vu\u00e7iterna nuk kishte varr, pasi ishte varrosur n\u00eb K\u00ebnet\u00ebn e Maliqit duke mos ju gjetur eshtrat m\u00eb.<\/span><\/p>\n<p style=\"background: white;margin: 0in 0in 19.5pt 0in\"><span style=\"font-family: 'Source Sans Pro','serif';color: #222222\">Nga 27.al<\/span><\/p>\n","protected":false},"excerpt":{"rendered":"<p>Vjosa Osmani k\u00ebrkoi t\u00eb vendoste lule tek varri i gjyshit. Protokolli i Kuvendit: &#8211; Nuk ka varr!!! Presidentja n\u00eb detyr\u00eb e Kosov\u00ebs, Vjosa Osmani ka zhvilluar nj\u00eb vizit\u00eb dy ditore n\u00eb Tiran\u00eb. Gjat\u00eb k\u00ebsaj vizite ka ndodhur edhe nj\u00eb fakt i pad\u00ebgjuar m\u00eb par\u00eb, q\u00eb\u00a0syri.net\u00a0e ka m\u00ebsuar ekskluzivisht. Vjosa Osmani ka k\u00ebrkuar q\u00eb t\u00eb kishte [&hellip;]<\/p>\n","protected":false},"author":9,"featured_media":42037,"comment_status":"open","ping_status":"open","sticky":false,"template":"","format":"standard","meta":{"jetpack_post_was_ever_published":false,"_jetpack_newsletter_access":"","_jetpack_dont_email_post_to_subs":false,"_jetpack_newsletter_tier_id":0,"_jetpack_memberships_contains_paywalled_content":false,"_jetpack_memberships_contains_paid_content":false,"footnotes":"","jetpack_publicize_message":"","jetpack_publicize_feature_enabled":true,"jetpack_social_post_already_shared":true,"jetpack_social_options":{"image_generator_settings":{"template":"highway","default_image_id":0,"font":"","enabled":false},"version":2}},"categories":[27,85,2],"tags":[],"class_list":["post-42036","post","type-post","status-publish","format-standard","has-post-thumbnail","hentry","category-blogu-i-udhetarit","category-histori","category-politika"],"jetpack_publicize_connections":[],"jetpack_featured_media_url":"https:\/\/i0.wp.com\/www.shqiperia.com\/blog\/wp-content\/uploads\/2020\/12\/Vjosa-Osmani-1.jpg?fit=475%2C243&ssl=1","jetpack_sharing_enabled":true,"jetpack_shortlink":"https:\/\/wp.me\/p5Z6wp-aW0","jetpack-related-posts":[{"id":41977,"url":"https:\/\/www.shqiperia.com\/blog\/takimi-vjosa-osmani-me-ilir-meta\/","url_meta":{"origin":42036,"position":0},"title":"Takimi Vjosa Osmani me Ilir Meta.","author":"Kurt Farka","date":"December 16, 2020","format":false,"excerpt":"Takimi Vjosa Osmani me Ilir Meta. Ushtruesja e detyr\u00ebs s\u00eb Presidentja e Republik\u00ebs s\u00eb Kosov\u00ebs, Vjosa Osmani, nisi sot nj\u00eb vizit\u00eb zyrtare n\u00eb Shqip\u00ebri. Zonja Osmani u prit me ceremoni shtet\u00ebrore nga Presidenti i Republik\u00ebs s\u00eb Shqip\u00ebris\u00eb, Ilir Meta. Ata do t\u00eb ken\u00eb nj\u00eb konferenc\u00eb shtypi dhe m\u00eb pas zonja\u2026","rel":"","context":"In &quot;Blogu i Udh\u00ebtarit&quot;","block_context":{"text":"Blogu i Udh\u00ebtarit","link":"https:\/\/www.shqiperia.com\/blog\/category\/blogu-i-udhetarit\/"},"img":{"alt_text":"","src":"https:\/\/i0.wp.com\/www.shqiperia.com\/blog\/wp-content\/uploads\/2020\/12\/download-7.jpg?resize=350%2C200&ssl=1","width":350,"height":200,"srcset":"https:\/\/i0.wp.com\/www.shqiperia.com\/blog\/wp-content\/uploads\/2020\/12\/download-7.jpg?resize=350%2C200&ssl=1 1x, https:\/\/i0.wp.com\/www.shqiperia.com\/blog\/wp-content\/uploads\/2020\/12\/download-7.jpg?resize=525%2C300&ssl=1 1.5x"},"classes":[]},{"id":74436,"url":"https:\/\/www.shqiperia.com\/blog\/dite-zie-ne-kosove-ne-nderim-te-afrim-bunjakut\/","url_meta":{"origin":42036,"position":1},"title":"Dit\u00eb zie  n\u00eb Kosov\u00eb n\u00eb nderim t\u00eb Afrim Bunjakut","author":"Kurt Farka","date":"September 24, 2023","format":false,"excerpt":"24 Shtator 2023 Presidentja e Kosov\u00ebs, Vjosa Osmani, ka marr\u00eb vendim bazuar n\u00eb Kushtetut\u00ebn e Kosov\u00ebs, q\u00eb data 25 shtator do t\u00eb shpallet si dit\u00eb zie shtet\u00ebrore, n\u00eb nderim t\u00eb policit Afrim Bunjaku, q\u00eb u vra n\u00eb or\u00ebt e para t\u00eb s\u00eb enjtes n\u00eb veri. Protokolli gjithashtu do t\u00eb nd\u00ebrmarr\u00eb\u2026","rel":"","context":"In &quot;Blogu i Udh\u00ebtarit&quot;","block_context":{"text":"Blogu i Udh\u00ebtarit","link":"https:\/\/www.shqiperia.com\/blog\/category\/blogu-i-udhetarit\/"},"img":{"alt_text":"","src":"https:\/\/i0.wp.com\/www.shqiperia.com\/blog\/wp-content\/uploads\/2023\/09\/394461-fO5schdrma-1-1.jpg?fit=620%2C350&ssl=1&resize=350%2C200","width":350,"height":200,"srcset":"https:\/\/i0.wp.com\/www.shqiperia.com\/blog\/wp-content\/uploads\/2023\/09\/394461-fO5schdrma-1-1.jpg?fit=620%2C350&ssl=1&resize=350%2C200 1x, https:\/\/i0.wp.com\/www.shqiperia.com\/blog\/wp-content\/uploads\/2023\/09\/394461-fO5schdrma-1-1.jpg?fit=620%2C350&ssl=1&resize=525%2C300 1.5x"},"classes":[]},{"id":62777,"url":"https:\/\/www.shqiperia.com\/blog\/presidentja-vjosa-osmani-per-ramen-e-patolerueshme-mbeshtetja-e-politikave-te-serbise\/","url_meta":{"origin":42036,"position":2},"title":"Presidentja Vjosa Osmani per Ram\u00ebn: &#8211; E patolerueshme mb\u00ebshtetja e politikave t\u00eb Serbis\u00eb","author":"Kurt Farka","date":"September 29, 2022","format":false,"excerpt":"29 Shtator 2022 Pak dit\u00eb pas deklarat\u00ebs s\u00eb kryeministrit Edi Rama p\u00ebr gazet\u00ebn austriake \u201cDie Presse\u201d se nuk duhet ushtruar m\u00eb presion ndaj Serbis\u00eb p\u00ebr t`i vendosur Mosk\u00ebs sanksione, presidentja e Kosov\u00ebs Vjosa Osmani nuk e la k\u00ebt\u00eb koment pa p\u00ebrgjigje. N\u00eb nj\u00eb intervist\u00eb t\u00eb gjat\u00eb p\u00ebr Z\u00ebrin e Amerik\u00ebs,\u2026","rel":"","context":"In &quot;Blogu i Udh\u00ebtarit&quot;","block_context":{"text":"Blogu i Udh\u00ebtarit","link":"https:\/\/www.shqiperia.com\/blog\/category\/blogu-i-udhetarit\/"},"img":{"alt_text":"","src":"https:\/\/i0.wp.com\/www.shqiperia.com\/blog\/wp-content\/uploads\/2022\/09\/640-0-6331faf433b47-1.png?fit=640%2C384&ssl=1&resize=350%2C200","width":350,"height":200,"srcset":"https:\/\/i0.wp.com\/www.shqiperia.com\/blog\/wp-content\/uploads\/2022\/09\/640-0-6331faf433b47-1.png?fit=640%2C384&ssl=1&resize=350%2C200 1x, https:\/\/i0.wp.com\/www.shqiperia.com\/blog\/wp-content\/uploads\/2022\/09\/640-0-6331faf433b47-1.png?fit=640%2C384&ssl=1&resize=525%2C300 1.5x"},"classes":[]},{"id":41999,"url":"https:\/\/www.shqiperia.com\/blog\/minishengeni-vjosa-osmani-nuk-kam-ndryshuar-qendrim-projekti-nuk-e-favorizon-kosoven-dhe-as-shqiperine-rames-do-i-kerkoj-dokumentin\/","url_meta":{"origin":42036,"position":3},"title":"Minishengeni, Vjosa Osmani: Nuk kam ndryshuar q\u00ebndrim, projekti nuk e favorizon Kosov\u00ebn dhe as Shqip\u00ebrin\u00eb. Ram\u00ebs do i k\u00ebrkoj dokumentin","author":"Kurt Farka","date":"December 17, 2020","format":false,"excerpt":"Minishengeni, Vjosa Osmani: Nuk kam ndryshuar q\u00ebndrim, projekti nuk e favorizon Kosov\u00ebn dhe as Shqip\u00ebrin\u00eb. Ram\u00ebs do i k\u00ebrkoj dokumentin 16 dhjetor\u00a0 2020 Minishengeni, Vjosa Osmani: Nuk kam ndryshuar q\u00ebndrim, projekti nuk e favorizon Kosov\u00ebn dhe as Shqip\u00ebrin\u00eb. Ram\u00ebs do i k\u00ebrkoj dokumentin Ushtruesja e detyr\u00ebs s\u00eb Presidentit t\u00eb Kosov\u00ebs\u2026","rel":"","context":"In &quot;Blogu i Udh\u00ebtarit&quot;","block_context":{"text":"Blogu i Udh\u00ebtarit","link":"https:\/\/www.shqiperia.com\/blog\/category\/blogu-i-udhetarit\/"},"img":{"alt_text":"","src":"https:\/\/i0.wp.com\/www.shqiperia.com\/blog\/wp-content\/uploads\/2020\/12\/1608136695_meta7.jpeg?fit=780%2C440&ssl=1&resize=350%2C200","width":350,"height":200,"srcset":"https:\/\/i0.wp.com\/www.shqiperia.com\/blog\/wp-content\/uploads\/2020\/12\/1608136695_meta7.jpeg?fit=780%2C440&ssl=1&resize=350%2C200 1x, https:\/\/i0.wp.com\/www.shqiperia.com\/blog\/wp-content\/uploads\/2020\/12\/1608136695_meta7.jpeg?fit=780%2C440&ssl=1&resize=525%2C300 1.5x, https:\/\/i0.wp.com\/www.shqiperia.com\/blog\/wp-content\/uploads\/2020\/12\/1608136695_meta7.jpeg?fit=780%2C440&ssl=1&resize=700%2C400 2x"},"classes":[]},{"id":42023,"url":"https:\/\/www.shqiperia.com\/blog\/mjerim-politik-dhe-kombetar-i-deputeteve-te-republikes-se-shqiperise\/","url_meta":{"origin":42036,"position":4},"title":"MJERIM POLITIK DHE KOMB\u00cbTAR  I DEPUTET\u00cbVE T\u00cb REPUBLIK\u00cbS S\u00cb SHQIP\u00cbRIS\u00cb","author":"Kurt Farka","date":"December 18, 2020","format":false,"excerpt":"MJERIM POLITIK DHE KOMB\u00cbTAR I DEPUTET\u00cbVE T\u00cb REPUBLIK\u00cbS S\u00cb SHQIP\u00cbRIS\u00cb Nga Gjon Bru\u00e7i -N\u00eb seanc\u00ebn e parlamentit t\u00eb Republik\u00ebs s\u00eb Shqip\u00ebris\u00eb, kur Presidentja e Kosov\u00ebs Vjosa Osmani, mbajti fjalimin e saj p\u00ebrsh\u00ebndet\u00ebs, n\u00eb podiumin e sall\u00ebs mungonin pjesa d\u00ebrmuese e ministrave dhe vet\u00eb Kryeministri Rama. Ky i fundit kishte zgjedhur\u2026","rel":"","context":"In &quot;Blogu i Udh\u00ebtarit&quot;","block_context":{"text":"Blogu i Udh\u00ebtarit","link":"https:\/\/www.shqiperia.com\/blog\/category\/blogu-i-udhetarit\/"},"img":{"alt_text":"","src":"https:\/\/i0.wp.com\/www.shqiperia.com\/blog\/wp-content\/uploads\/2020\/12\/131925231_1793012674180236_7939767498966142911_n.jpg?fit=805%2C479&ssl=1&resize=350%2C200","width":350,"height":200,"srcset":"https:\/\/i0.wp.com\/www.shqiperia.com\/blog\/wp-content\/uploads\/2020\/12\/131925231_1793012674180236_7939767498966142911_n.jpg?fit=805%2C479&ssl=1&resize=350%2C200 1x, https:\/\/i0.wp.com\/www.shqiperia.com\/blog\/wp-content\/uploads\/2020\/12\/131925231_1793012674180236_7939767498966142911_n.jpg?fit=805%2C479&ssl=1&resize=525%2C300 1.5x, https:\/\/i0.wp.com\/www.shqiperia.com\/blog\/wp-content\/uploads\/2020\/12\/131925231_1793012674180236_7939767498966142911_n.jpg?fit=805%2C479&ssl=1&resize=700%2C400 2x"},"classes":[]},{"id":82654,"url":"https:\/\/www.shqiperia.com\/blog\/osmani-takohet-me-sekretarin-blinken-aleanca-me-shba-gurthemeli-per-stabilitetin-global\/","url_meta":{"origin":42036,"position":5},"title":"Osmani takohet me sekretarin Blinken: &#8211; Aleanca me SHBA, gurthemeli p\u00ebr stabilitetin global","author":"Kurt Farka","date":"July 10, 2024","format":false,"excerpt":"10 Korrik 2024 Presidentja e Kosov\u00ebs Vjosa Osmani gjat\u00eb q\u00ebndrimit t\u00eb saj n\u00eb Shtetet e Bashkuara t\u00eb Amerik\u00ebs \u00ebsht\u00eb takuar edhe me Sekretarin amerikan t\u00eb Shtetit, Antony Blinken. Presidentja Vjosa Osmani ka shkruar se aleanca me SHBA nuk \u00ebsht\u00eb vet\u00ebm nj\u00eb d\u00ebshmi e vlerave dhe parimeve tona t\u00eb p\u00ebrbashk\u00ebta demokratike,\u2026","rel":"","context":"In &quot;Blogu i Udh\u00ebtarit&quot;","block_context":{"text":"Blogu i Udh\u00ebtarit","link":"https:\/\/www.shqiperia.com\/blog\/category\/blogu-i-udhetarit\/"},"img":{"alt_text":"","src":"https:\/\/i0.wp.com\/www.shqiperia.com\/blog\/wp-content\/uploads\/2024\/07\/640-0-vjosa-blinken-1720614925.jpg?fit=640%2C427&ssl=1&resize=350%2C200","width":350,"height":200,"srcset":"https:\/\/i0.wp.com\/www.shqiperia.com\/blog\/wp-content\/uploads\/2024\/07\/640-0-vjosa-blinken-1720614925.jpg?fit=640%2C427&ssl=1&resize=350%2C200 1x, https:\/\/i0.wp.com\/www.shqiperia.com\/blog\/wp-content\/uploads\/2024\/07\/640-0-vjosa-blinken-1720614925.jpg?fit=640%2C427&ssl=1&resize=525%2C300 1.5x"},"classes":[]}],"_links":{"self":[{"href":"https:\/\/www.shqiperia.com\/blog\/wp-json\/wp\/v2\/posts\/42036","targetHints":{"allow":["GET"]}}],"collection":[{"href":"https:\/\/www.shqiperia.com\/blog\/wp-json\/wp\/v2\/posts"}],"about":[{"href":"https:\/\/www.shqiperia.com\/blog\/wp-json\/wp\/v2\/types\/post"}],"author":[{"embeddable":true,"href":"https:\/\/www.shqiperia.com\/blog\/wp-json\/wp\/v2\/users\/9"}],"replies":[{"embeddable":true,"href":"https:\/\/www.shqiperia.com\/blog\/wp-json\/wp\/v2\/comments?post=42036"}],"version-history":[{"count":1,"href":"https:\/\/www.shqiperia.com\/blog\/wp-json\/wp\/v2\/posts\/42036\/revisions"}],"predecessor-version":[{"id":42038,"href":"https:\/\/www.shqiperia.com\/blog\/wp-json\/wp\/v2\/posts\/42036\/revisions\/42038"}],"wp:featuredmedia":[{"embeddable":true,"href":"https:\/\/www.shqiperia.com\/blog\/wp-json\/wp\/v2\/media\/42037"}],"wp:attachment":[{"href":"https:\/\/www.shqiperia.com\/blog\/wp-json\/wp\/v2\/media?parent=42036"}],"wp:term":[{"taxonomy":"category","embeddable":true,"href":"https:\/\/www.shqiperia.com\/blog\/wp-json\/wp\/v2\/categories?post=42036"},{"taxonomy":"post_tag","embeddable":true,"href":"https:\/\/www.shqiperia.com\/blog\/wp-json\/wp\/v2\/tags?post=42036"}],"curies":[{"name":"wp","href":"https:\/\/api.w.org\/{rel}","templated":true}]}}