{"id":42033,"date":"2020-12-18T12:47:11","date_gmt":"2020-12-18T12:47:11","guid":{"rendered":"https:\/\/www.shqiperia.com\/blog\/?p=42033"},"modified":"2020-12-18T12:47:11","modified_gmt":"2020-12-18T12:47:11","slug":"te-dhenat-zyrtare-te-zyres-europiane-per-emigracionin-bejne-me-dije-64-te-emigranteve-ilegale-ne-europe-nga-rajoni-jane-nga-shqiperia","status":"publish","type":"post","link":"https:\/\/www.shqiperia.com\/blog\/te-dhenat-zyrtare-te-zyres-europiane-per-emigracionin-bejne-me-dije-64-te-emigranteve-ilegale-ne-europe-nga-rajoni-jane-nga-shqiperia\/","title":{"rendered":"T\u00eb dh\u00ebnat zyrtare t\u00eb Zyr\u00ebs Europiane p\u00ebr Emigracionin b\u00ebjn\u00eb me dije; &#8211; 64% t\u00eb emigrant\u00ebve ilegal\u00eb n\u00eb Europ\u00eb, nga rajoni, jan\u00eb nga Shqip\u00ebria."},"content":{"rendered":"<p><img data-recalc-dims=\"1\" loading=\"lazy\" decoding=\"async\" data-attachment-id=\"42034\" data-permalink=\"https:\/\/www.shqiperia.com\/blog\/te-dhenat-zyrtare-te-zyres-europiane-per-emigracionin-bejne-me-dije-64-te-emigranteve-ilegale-ne-europe-nga-rajoni-jane-nga-shqiperia\/131919860_3615286101850970_4475293839608908733_o\/\" data-orig-file=\"https:\/\/i0.wp.com\/www.shqiperia.com\/blog\/wp-content\/uploads\/2020\/12\/131919860_3615286101850970_4475293839608908733_o.jpg?fit=810%2C458&amp;ssl=1\" data-orig-size=\"810,458\" data-comments-opened=\"1\" data-image-meta=\"{&quot;aperture&quot;:&quot;0&quot;,&quot;credit&quot;:&quot;&quot;,&quot;camera&quot;:&quot;&quot;,&quot;caption&quot;:&quot;&quot;,&quot;created_timestamp&quot;:&quot;0&quot;,&quot;copyright&quot;:&quot;&quot;,&quot;focal_length&quot;:&quot;0&quot;,&quot;iso&quot;:&quot;0&quot;,&quot;shutter_speed&quot;:&quot;0&quot;,&quot;title&quot;:&quot;&quot;,&quot;orientation&quot;:&quot;0&quot;}\" data-image-title=\"131919860_3615286101850970_4475293839608908733_o\" data-image-description=\"\" data-image-caption=\"\" data-medium-file=\"https:\/\/i0.wp.com\/www.shqiperia.com\/blog\/wp-content\/uploads\/2020\/12\/131919860_3615286101850970_4475293839608908733_o.jpg?fit=300%2C170&amp;ssl=1\" data-large-file=\"https:\/\/i0.wp.com\/www.shqiperia.com\/blog\/wp-content\/uploads\/2020\/12\/131919860_3615286101850970_4475293839608908733_o.jpg?fit=810%2C458&amp;ssl=1\" class=\"alignnone  wp-image-42034\" alt=\"\" src=\"https:\/\/i0.wp.com\/www.shqiperia.com\/blog\/wp-content\/uploads\/2020\/12\/131919860_3615286101850970_4475293839608908733_o.jpg?resize=591%2C335&#038;ssl=1\" width=\"591\" height=\"335\" srcset=\"https:\/\/i0.wp.com\/www.shqiperia.com\/blog\/wp-content\/uploads\/2020\/12\/131919860_3615286101850970_4475293839608908733_o.jpg?resize=300%2C170&amp;ssl=1 300w, https:\/\/i0.wp.com\/www.shqiperia.com\/blog\/wp-content\/uploads\/2020\/12\/131919860_3615286101850970_4475293839608908733_o.jpg?resize=768%2C434&amp;ssl=1 768w, https:\/\/i0.wp.com\/www.shqiperia.com\/blog\/wp-content\/uploads\/2020\/12\/131919860_3615286101850970_4475293839608908733_o.jpg?resize=450%2C254&amp;ssl=1 450w, https:\/\/i0.wp.com\/www.shqiperia.com\/blog\/wp-content\/uploads\/2020\/12\/131919860_3615286101850970_4475293839608908733_o.jpg?resize=600%2C339&amp;ssl=1 600w, https:\/\/i0.wp.com\/www.shqiperia.com\/blog\/wp-content\/uploads\/2020\/12\/131919860_3615286101850970_4475293839608908733_o.jpg?resize=400%2C226&amp;ssl=1 400w, https:\/\/i0.wp.com\/www.shqiperia.com\/blog\/wp-content\/uploads\/2020\/12\/131919860_3615286101850970_4475293839608908733_o.jpg?w=810&amp;ssl=1 810w\" sizes=\"auto, (max-width: 591px) 100vw, 591px\" \/><\/p>\n<p>T\u00eb dh\u00ebnat zyrtare t\u00eb Zyr\u00ebs Europiane p\u00ebr Emigracionin b\u00ebjn\u00eb me dije se 64% t\u00eb emigrant\u00ebve ilegal\u00eb n\u00eb Europ\u00eb, nga rajoni, jan\u00eb nga Shqip\u00ebria.<\/p>\n<p>Nga: Presidenti Ilir Meta<\/p>\n<p>Shembja e diktatur\u00ebs s\u00eb eg\u00ebr n\u00eb fillim t\u00eb viteve 90-t\u00eb provokoi nj\u00eb eksod masiv. Tre dekada pas atyre ngjarjeve trondit\u00ebse, ritmet e shpopullimit t\u00eb Shqip\u00ebris\u00eb jan\u00eb s\u00ebrish dramatike sepse t\u00eb gjitha standardet e qeverisjes n\u00eb vend jan\u00eb p\u00ebrkeq\u00ebsuar.<\/p>\n<p>T\u00eb dh\u00ebnat zyrtare t\u00eb Zyr\u00ebs Europiane p\u00ebr Emigracionin b\u00ebjn\u00eb me dije se 64% t\u00eb emigrant\u00ebve ilegal\u00eb n\u00eb Europ\u00eb, nga rajoni, jan\u00eb nga Shqip\u00ebria.<\/p>\n<p>Shumica e tyre jan\u00eb t\u00eb rinj, q\u00eb sistemi aktual nuk i d\u00ebgjon, nuk i p\u00ebrfshin dhe nuk ju jep asnj\u00eb mund\u00ebsi.<\/p>\n<p>Vet\u00ebm n\u00eb muajt e fundit, edhe p\u00ebr shkak t\u00eb COVID-19, mbi 50 mij\u00eb qytetar\u00eb humb\u00ebn vendet e pun\u00ebs dhe n\u00eb munges\u00eb t\u00eb nj\u00eb shpres\u00eb edhe ata jan\u00eb gati t\u00eb largohen.<\/p>\n<p>Ndaj sot, n\u00eb Dit\u00ebn Nd\u00ebrkomb\u00ebtare t\u00eb Emigrant\u00ebve, risjell n\u00eb v\u00ebmendje domosdoshm\u00ebrin\u00eb p\u00ebr t\u00eb reflektuar me shpejt\u00ebsi, p\u00ebrgjegjshm\u00ebri dhe maturi p\u00ebr t\u00eb ndalur k\u00ebt\u00eb fatkeq\u00ebsi komb\u00ebtare, q\u00eb nuk duhet t\u00eb vazhdoj\u00eb as edhe nj\u00eb dit\u00eb m\u00eb shum\u00eb.<\/p>\n<p>N\u00eb em\u00ebr t\u00eb nj\u00eb kombi, q\u00eb rrezikohet n\u00eb ekzistenc\u00ebn e vet dhe q\u00eb duhet t\u00eb jetoj\u00eb n\u00eb trojet e veta ku flitet shqip, ku zemra rreh kuqezi dhe ku ka diell p\u00ebr t\u00eb gjith\u00eb, \u00ebsht\u00eb koha t\u00eb bashkohemi t\u00eb gjith\u00eb, brenda dhe jasht\u00eb Atdheut, p\u00ebr t\u2019i th\u00ebn\u00eb NDAL SHPOPULLIMIT T\u00cb SHQIP\u00cbRIS\u00cb.<\/p>\n<p>T\u00eb bashkohemi p\u00ebr familjet, q\u00eb aq shum\u00eb e vuajn\u00eb ndarjen dhe vetmin\u00eb!<\/p>\n<p>T\u00eb bashkohemi p\u00ebr rinin\u00eb, q\u00eb z\u00ebri i saj t\u00eb d\u00ebgjohet n\u00eb Kuvend, Qeveri, Bashki dhe n\u00eb \u00e7do institucion vendimmarr\u00ebs!<\/p>\n<p>T\u00eb bashkohemi p\u00ebr zhvillimin e q\u00ebndruesh\u00ebm ekonomik, p\u00ebr mir\u00ebqenie, p\u00ebr cil\u00ebsin\u00eb m\u00eb t\u00eb mir\u00eb t\u00eb jetes\u00ebs, p\u00ebr vende t\u00eb reja pune, p\u00ebr rroga m\u00eb t\u00eb mira, p\u00ebr arsim e sh\u00ebndet\u00ebsin\u00eb e merituar, p\u00ebr t\u00eb luftuar korrupsionin dhe kapjen e shtetit, p\u00ebr drejt\u00ebsi jo selektive, p\u00ebr rend e siguri dhe integrim europian.<\/p>\n<p>\u00cbsht\u00eb KOHA P\u00cbR RESTART!<\/p>\n<p>T\u00cb BASHKOHEMI P\u00cbR SHQIP\u00cbRIN\u00cb!<\/p>\n","protected":false},"excerpt":{"rendered":"<p>T\u00eb dh\u00ebnat zyrtare t\u00eb Zyr\u00ebs Europiane p\u00ebr Emigracionin b\u00ebjn\u00eb me dije se 64% t\u00eb emigrant\u00ebve ilegal\u00eb n\u00eb Europ\u00eb, nga rajoni, jan\u00eb nga Shqip\u00ebria. Nga: Presidenti Ilir Meta Shembja e diktatur\u00ebs s\u00eb eg\u00ebr n\u00eb fillim t\u00eb viteve 90-t\u00eb provokoi nj\u00eb eksod masiv. Tre dekada pas atyre ngjarjeve trondit\u00ebse, ritmet e shpopullimit t\u00eb Shqip\u00ebris\u00eb jan\u00eb s\u00ebrish dramatike [&hellip;]<\/p>\n","protected":false},"author":9,"featured_media":42034,"comment_status":"open","ping_status":"open","sticky":false,"template":"","format":"standard","meta":{"jetpack_post_was_ever_published":false,"_jetpack_newsletter_access":"","_jetpack_dont_email_post_to_subs":false,"_jetpack_newsletter_tier_id":0,"_jetpack_memberships_contains_paywalled_content":false,"_jetpack_memberships_contains_paid_content":false,"footnotes":"","jetpack_publicize_message":"","jetpack_publicize_feature_enabled":true,"jetpack_social_post_already_shared":true,"jetpack_social_options":{"image_generator_settings":{"template":"highway","default_image_id":0,"font":"","enabled":false},"version":2}},"categories":[27,2,35],"tags":[],"class_list":["post-42033","post","type-post","status-publish","format-standard","has-post-thumbnail","hentry","category-blogu-i-udhetarit","category-politika","category-shoqerore"],"jetpack_publicize_connections":[],"jetpack_featured_media_url":"https:\/\/i0.wp.com\/www.shqiperia.com\/blog\/wp-content\/uploads\/2020\/12\/131919860_3615286101850970_4475293839608908733_o.jpg?fit=810%2C458&ssl=1","jetpack_sharing_enabled":true,"jetpack_shortlink":"https:\/\/wp.me\/p5Z6wp-aVX","jetpack-related-posts":[{"id":61420,"url":"https:\/\/www.shqiperia.com\/blog\/britania-me-dore-te-hekurt-policia-shqiptare-drejt-mb-se-cfare-rrezikojne-emigrantet-nga-plani-i-deportimev\/","url_meta":{"origin":42033,"position":0},"title":"Britania me \u201cdor\u00eb t\u00eb hekurt\u201d\/ Policia shqiptare drejt MB-s\u00eb, \u00e7far\u00eb rrezikojn\u00eb emigrant\u00ebt nga plani i deportimev","author":"Kurt Farka","date":"August 25, 2022","format":false,"excerpt":"25 Gusht 2022 Efektiv\u00ebt e policis\u00eb shqiptare pritet t\u00eb vendosen n\u00eb qytetin bregdetar t\u00eb Dover n\u00eb Britanin\u00eb e Madhe p\u00ebr t\u00eb identifikuar dhe deportuar emigrant\u00ebt e paligjsh\u00ebm t\u00eb Kanalit brenda disa dit\u00ebsh. Nj\u00eb l\u00ebvizje e till\u00eb nga qeveria britanike vjen pasi Sekretarja e Brendshme, Priti Patel, ka nd\u00ebrmarr\u00eb hapa p\u00ebr\u2026","rel":"","context":"In &quot;Blogu i Udh\u00ebtarit&quot;","block_context":{"text":"Blogu i Udh\u00ebtarit","link":"https:\/\/www.shqiperia.com\/blog\/category\/blogu-i-udhetarit\/"},"img":{"alt_text":"","src":"https:\/\/i0.wp.com\/www.shqiperia.com\/blog\/wp-content\/uploads\/2022\/08\/640-0-630738f30868a.jpeg?fit=640%2C400&ssl=1&resize=350%2C200","width":350,"height":200,"srcset":"https:\/\/i0.wp.com\/www.shqiperia.com\/blog\/wp-content\/uploads\/2022\/08\/640-0-630738f30868a.jpeg?fit=640%2C400&ssl=1&resize=350%2C200 1x, https:\/\/i0.wp.com\/www.shqiperia.com\/blog\/wp-content\/uploads\/2022\/08\/640-0-630738f30868a.jpeg?fit=640%2C400&ssl=1&resize=525%2C300 1.5x"},"classes":[]},{"id":91919,"url":"https:\/\/www.shqiperia.com\/blog\/procesi-i-votimit-vijon-fatmir-xhafaj-u-dergon-mesazhe-emigranteve-ku-i-gjeti-te-dhenat\/","url_meta":{"origin":42033,"position":1},"title":"Procesi i votimit vijon\/ Fatmir Xhafaj u d\u00ebrgon mesazhe emigrant\u00ebve. &#8211; Ku i gjeti t\u00eb dh\u00ebnat?","author":"Kurt Farka","date":"April 27, 2025","format":false,"excerpt":"27 Prill 2025 Kandidati p\u00ebr deputet i PS, pjes\u00eb e list\u00ebs s\u00eb hapur n\u00eb Tiran\u00eb, Fatmir Xhafaj u ka d\u00ebrguar mesazh shqiptar\u00ebve t\u00eb Diaspor\u00ebs. M\u00ebsohet se nga nj\u00eb num\u00ebr i huaj u kan\u00eb vajtur mesazhe shqiptar\u00ebve q\u00eb jetojn\u00eb n\u00eb Diaspor\u00eb p\u00ebr t\u00eb marr\u00eb pjes\u00eb n\u00eb zgjedhjet e 11 majit, nd\u00ebrkoh\u00eb\u2026","rel":"","context":"In &quot;Blogu i Udh\u00ebtarit&quot;","block_context":{"text":"Blogu i Udh\u00ebtarit","link":"https:\/\/www.shqiperia.com\/blog\/category\/blogu-i-udhetarit\/"},"img":{"alt_text":"","src":"https:\/\/i0.wp.com\/www.shqiperia.com\/blog\/wp-content\/uploads\/2025\/04\/800-450-1730116832xfatmir-xhafajjj-783.jpg?fit=800%2C450&ssl=1&resize=350%2C200","width":350,"height":200,"srcset":"https:\/\/i0.wp.com\/www.shqiperia.com\/blog\/wp-content\/uploads\/2025\/04\/800-450-1730116832xfatmir-xhafajjj-783.jpg?fit=800%2C450&ssl=1&resize=350%2C200 1x, https:\/\/i0.wp.com\/www.shqiperia.com\/blog\/wp-content\/uploads\/2025\/04\/800-450-1730116832xfatmir-xhafajjj-783.jpg?fit=800%2C450&ssl=1&resize=525%2C300 1.5x, https:\/\/i0.wp.com\/www.shqiperia.com\/blog\/wp-content\/uploads\/2025\/04\/800-450-1730116832xfatmir-xhafajjj-783.jpg?fit=800%2C450&ssl=1&resize=700%2C400 2x"},"classes":[]},{"id":84606,"url":"https:\/\/www.shqiperia.com\/blog\/me-prefiks-vietnami-ja-si-grupi-i-hakerave-vjedh-te-dhenat-e-shqiptareve-ne-platformat-whatsapp-dhe\/","url_meta":{"origin":42033,"position":2},"title":"Me prefiks Vietnami\/ Ja si grupi i hakerave vjedh t\u00eb dh\u00ebnat e shqiptar\u00ebve n\u00eb platformat WhatsApp dhe\u2026","author":"Kurt Farka","date":"September 17, 2024","format":false,"excerpt":"17 Shtator 2024 Prej disa dit\u00ebsh n\u00eb rrjet po qarkullojn\u00eb disa mesazhe t\u00eb cilat u jan\u00eb d\u00ebrguar qytetar\u00ebve t\u00eb ndrysh\u00ebm p\u00ebrmes aplikacionit whats app . Burime p\u00ebr BalkanWeb b\u00ebjn\u00eb me dije se nuk munguar denoncimet pran\u00eb sektorit t\u00eb krimit kibernetik, ku nga hetimet jan\u00eb zbardhur disa detaje rreth hakerave t\u00eb\u2026","rel":"","context":"In &quot;Blogu i Udh\u00ebtarit&quot;","block_context":{"text":"Blogu i Udh\u00ebtarit","link":"https:\/\/www.shqiperia.com\/blog\/category\/blogu-i-udhetarit\/"},"img":{"alt_text":"","src":"https:\/\/i0.wp.com\/www.shqiperia.com\/blog\/wp-content\/uploads\/2024\/09\/dd5c6fae-6256fc8c-a829-420d-9dff-020661407fa8.jpeg?fit=600%2C323&ssl=1&resize=350%2C200","width":350,"height":200,"srcset":"https:\/\/i0.wp.com\/www.shqiperia.com\/blog\/wp-content\/uploads\/2024\/09\/dd5c6fae-6256fc8c-a829-420d-9dff-020661407fa8.jpeg?fit=600%2C323&ssl=1&resize=350%2C200 1x, https:\/\/i0.wp.com\/www.shqiperia.com\/blog\/wp-content\/uploads\/2024\/09\/dd5c6fae-6256fc8c-a829-420d-9dff-020661407fa8.jpeg?fit=600%2C323&ssl=1&resize=525%2C300 1.5x"},"classes":[]},{"id":73155,"url":"https:\/\/www.shqiperia.com\/blog\/eurostat-recesioni-i-ardhshem-ne-europe-mund-te-jete-me-i-keq-se-ne-vitin-2008\/","url_meta":{"origin":42033,"position":3},"title":"Eurostat: &#8211; Recesioni i ardhsh\u00ebm n\u00eb Europ\u00eb mund t\u00eb jet\u00eb m\u00eb i keq se n\u00eb vitin 2008","author":"Kurt Farka","date":"July 31, 2023","format":false,"excerpt":"31 Korrik 2023 Agjencia evropiane e statistikave Eurostat ka publikuar sondazhin e saj t\u00eb huadh\u00ebnies bankare dhe t\u00eb dh\u00ebnat nuk duken pozitive. Anketa gjurmon kushtet e kredis\u00eb dhe k\u00ebrkes\u00ebn p\u00ebr kredi n\u00eb sistemin bankar europian: duke qen\u00eb se bazohet n\u00eb nj\u00eb anket\u00eb t\u00eb huadh\u00ebn\u00ebsve, zakonisht shihet si nj\u00eb tregues \u201ci\u2026","rel":"","context":"In &quot;Blogu i Udh\u00ebtarit&quot;","block_context":{"text":"Blogu i Udh\u00ebtarit","link":"https:\/\/www.shqiperia.com\/blog\/category\/blogu-i-udhetarit\/"},"img":{"alt_text":"","src":"https:\/\/i0.wp.com\/www.shqiperia.com\/blog\/wp-content\/uploads\/2023\/07\/Eurostat-minorenni-albanesi-richiedenti-asilo-750x375-1.jpg?fit=750%2C375&ssl=1&resize=350%2C200","width":350,"height":200,"srcset":"https:\/\/i0.wp.com\/www.shqiperia.com\/blog\/wp-content\/uploads\/2023\/07\/Eurostat-minorenni-albanesi-richiedenti-asilo-750x375-1.jpg?fit=750%2C375&ssl=1&resize=350%2C200 1x, https:\/\/i0.wp.com\/www.shqiperia.com\/blog\/wp-content\/uploads\/2023\/07\/Eurostat-minorenni-albanesi-richiedenti-asilo-750x375-1.jpg?fit=750%2C375&ssl=1&resize=525%2C300 1.5x, https:\/\/i0.wp.com\/www.shqiperia.com\/blog\/wp-content\/uploads\/2023\/07\/Eurostat-minorenni-albanesi-richiedenti-asilo-750x375-1.jpg?fit=750%2C375&ssl=1&resize=700%2C400 2x"},"classes":[]},{"id":31881,"url":"https:\/\/www.shqiperia.com\/blog\/historiani-zbulon-dokumentet-sekrete-si-i-bente-rekrutimet-sigurimi-terrori-mbi-familjaret-dhe-urdhri-i-enver-hoxhes\/","url_meta":{"origin":42033,"position":4},"title":"Historiani zbulon dokumentet sekrete: Si i b\u00ebnte rekrutimet Sigurimi. Terrori mbi familjar\u00ebt dhe urdhri i Enver Hoxh\u00ebs\u2026","author":"Kurt Farka","date":"February 29, 2020","format":false,"excerpt":"Historiani zbulon dokumentet sekrete: Si i b\u00ebnte rekrutimet Sigurimi. Terrori mbi familjar\u00ebt dhe urdhri i Enver Hoxh\u00ebs\u2026\u00a0 20 shkurt 2020 ANILA DEDAJ\/ N\u00eb p\u00ebrpjekje p\u00ebr t\u00eb zhvilluar kultur\u00ebn e kujtes\u00ebs e p\u00ebr t\u00eb hedhur drit\u00eb, n\u00eb nj\u00eb gjysm\u00ebshekulli historie t\u00eb manipuluar, dit\u00ebn e djeshme n\u00eb ambientet e Muzeut Historik Komb\u00ebtar\u2026","rel":"","context":"In &quot;Blogu i Udh\u00ebtarit&quot;","block_context":{"text":"Blogu i Udh\u00ebtarit","link":"https:\/\/www.shqiperia.com\/blog\/category\/blogu-i-udhetarit\/"},"img":{"alt_text":"","src":"https:\/\/i0.wp.com\/www.shqiperia.com\/blog\/wp-content\/uploads\/2020\/02\/dosje.jpg?fit=905%2C395&ssl=1&resize=350%2C200","width":350,"height":200,"srcset":"https:\/\/i0.wp.com\/www.shqiperia.com\/blog\/wp-content\/uploads\/2020\/02\/dosje.jpg?fit=905%2C395&ssl=1&resize=350%2C200 1x, https:\/\/i0.wp.com\/www.shqiperia.com\/blog\/wp-content\/uploads\/2020\/02\/dosje.jpg?fit=905%2C395&ssl=1&resize=525%2C300 1.5x, https:\/\/i0.wp.com\/www.shqiperia.com\/blog\/wp-content\/uploads\/2020\/02\/dosje.jpg?fit=905%2C395&ssl=1&resize=700%2C400 2x"},"classes":[]},{"id":92111,"url":"https:\/\/www.shqiperia.com\/blog\/eshte-vjedhur-zyra-elektorale-ne-cerrik-pd-na-kane-marre-kompjuterat-dhe-televizorin\/","url_meta":{"origin":42033,"position":5},"title":"\u2018\u00cbsht\u00eb vjedhur zyra elektorale n\u00eb C\u00ebrrik\u2019. PD: &#8211; Na kan\u00eb marr\u00eb kompjuterat dhe televizorin","author":"Kurt Farka","date":"May 2, 2025","format":false,"excerpt":"2 Maji 2025 Dega e Partis\u00eb Demokratike n\u00eb C\u00ebrrik ka denoncuar nj\u00eb vjedhje t\u00eb ndodhur n\u00eb ambientet e zyr\u00ebs s\u00eb saj. Sipas p\u00ebrfaq\u00ebsuesve t\u00eb PD-s\u00eb, nga zyra jan\u00eb vjedhur disa pajisje elektronike, p\u00ebrfshir\u00eb kompjuter\u00eb dhe nj\u00eb televizor. Burime b\u00ebjn\u00eb me dije se deri tani nuk jan\u00eb konstatuar shenja t\u00eb thyerjes\u2026","rel":"","context":"In &quot;Blogu i Udh\u00ebtarit&quot;","block_context":{"text":"Blogu i Udh\u00ebtarit","link":"https:\/\/www.shqiperia.com\/blog\/category\/blogu-i-udhetarit\/"},"img":{"alt_text":"","src":"https:\/\/i0.wp.com\/www.shqiperia.com\/blog\/wp-content\/uploads\/2025\/05\/Cerrik_Albania_2018_01.jpg?fit=1200%2C795&ssl=1&resize=350%2C200","width":350,"height":200,"srcset":"https:\/\/i0.wp.com\/www.shqiperia.com\/blog\/wp-content\/uploads\/2025\/05\/Cerrik_Albania_2018_01.jpg?fit=1200%2C795&ssl=1&resize=350%2C200 1x, https:\/\/i0.wp.com\/www.shqiperia.com\/blog\/wp-content\/uploads\/2025\/05\/Cerrik_Albania_2018_01.jpg?fit=1200%2C795&ssl=1&resize=525%2C300 1.5x, https:\/\/i0.wp.com\/www.shqiperia.com\/blog\/wp-content\/uploads\/2025\/05\/Cerrik_Albania_2018_01.jpg?fit=1200%2C795&ssl=1&resize=700%2C400 2x, https:\/\/i0.wp.com\/www.shqiperia.com\/blog\/wp-content\/uploads\/2025\/05\/Cerrik_Albania_2018_01.jpg?fit=1200%2C795&ssl=1&resize=1050%2C600 3x"},"classes":[]}],"_links":{"self":[{"href":"https:\/\/www.shqiperia.com\/blog\/wp-json\/wp\/v2\/posts\/42033","targetHints":{"allow":["GET"]}}],"collection":[{"href":"https:\/\/www.shqiperia.com\/blog\/wp-json\/wp\/v2\/posts"}],"about":[{"href":"https:\/\/www.shqiperia.com\/blog\/wp-json\/wp\/v2\/types\/post"}],"author":[{"embeddable":true,"href":"https:\/\/www.shqiperia.com\/blog\/wp-json\/wp\/v2\/users\/9"}],"replies":[{"embeddable":true,"href":"https:\/\/www.shqiperia.com\/blog\/wp-json\/wp\/v2\/comments?post=42033"}],"version-history":[{"count":1,"href":"https:\/\/www.shqiperia.com\/blog\/wp-json\/wp\/v2\/posts\/42033\/revisions"}],"predecessor-version":[{"id":42035,"href":"https:\/\/www.shqiperia.com\/blog\/wp-json\/wp\/v2\/posts\/42033\/revisions\/42035"}],"wp:featuredmedia":[{"embeddable":true,"href":"https:\/\/www.shqiperia.com\/blog\/wp-json\/wp\/v2\/media\/42034"}],"wp:attachment":[{"href":"https:\/\/www.shqiperia.com\/blog\/wp-json\/wp\/v2\/media?parent=42033"}],"wp:term":[{"taxonomy":"category","embeddable":true,"href":"https:\/\/www.shqiperia.com\/blog\/wp-json\/wp\/v2\/categories?post=42033"},{"taxonomy":"post_tag","embeddable":true,"href":"https:\/\/www.shqiperia.com\/blog\/wp-json\/wp\/v2\/tags?post=42033"}],"curies":[{"name":"wp","href":"https:\/\/api.w.org\/{rel}","templated":true}]}}