{"id":42030,"date":"2020-12-18T12:21:42","date_gmt":"2020-12-18T12:21:42","guid":{"rendered":"https:\/\/www.shqiperia.com\/blog\/?p=42030"},"modified":"2020-12-18T12:21:42","modified_gmt":"2020-12-18T12:21:42","slug":"statistika-zyrtare-sa-shqiptare-jetojne-ne-maqedoni","status":"publish","type":"post","link":"https:\/\/www.shqiperia.com\/blog\/statistika-zyrtare-sa-shqiptare-jetojne-ne-maqedoni\/","title":{"rendered":"Statistika zyrtare\/ Sa shqiptar\u00eb jetojn\u00eb n\u00eb Maqedoni"},"content":{"rendered":"<p><img data-recalc-dims=\"1\" loading=\"lazy\" decoding=\"async\" data-attachment-id=\"42031\" data-permalink=\"https:\/\/www.shqiperia.com\/blog\/statistika-zyrtare-sa-shqiptare-jetojne-ne-maqedoni\/640-0-5fdc8a862605f\/\" data-orig-file=\"https:\/\/i0.wp.com\/www.shqiperia.com\/blog\/wp-content\/uploads\/2020\/12\/640-0-5fdc8a862605f.jpg?fit=640%2C354&amp;ssl=1\" data-orig-size=\"640,354\" data-comments-opened=\"1\" data-image-meta=\"{&quot;aperture&quot;:&quot;0&quot;,&quot;credit&quot;:&quot;&quot;,&quot;camera&quot;:&quot;&quot;,&quot;caption&quot;:&quot;&quot;,&quot;created_timestamp&quot;:&quot;0&quot;,&quot;copyright&quot;:&quot;&quot;,&quot;focal_length&quot;:&quot;0&quot;,&quot;iso&quot;:&quot;0&quot;,&quot;shutter_speed&quot;:&quot;0&quot;,&quot;title&quot;:&quot;&quot;,&quot;orientation&quot;:&quot;0&quot;}\" data-image-title=\"-640-0-5fdc8a862605f\" data-image-description=\"\" data-image-caption=\"\" data-medium-file=\"https:\/\/i0.wp.com\/www.shqiperia.com\/blog\/wp-content\/uploads\/2020\/12\/640-0-5fdc8a862605f.jpg?fit=300%2C166&amp;ssl=1\" data-large-file=\"https:\/\/i0.wp.com\/www.shqiperia.com\/blog\/wp-content\/uploads\/2020\/12\/640-0-5fdc8a862605f.jpg?fit=640%2C354&amp;ssl=1\" class=\"alignnone  wp-image-42031\" alt=\"\" src=\"https:\/\/i0.wp.com\/www.shqiperia.com\/blog\/wp-content\/uploads\/2020\/12\/640-0-5fdc8a862605f.jpg?resize=486%2C269&#038;ssl=1\" width=\"486\" height=\"269\" srcset=\"https:\/\/i0.wp.com\/www.shqiperia.com\/blog\/wp-content\/uploads\/2020\/12\/640-0-5fdc8a862605f.jpg?resize=300%2C166&amp;ssl=1 300w, https:\/\/i0.wp.com\/www.shqiperia.com\/blog\/wp-content\/uploads\/2020\/12\/640-0-5fdc8a862605f.jpg?resize=450%2C249&amp;ssl=1 450w, https:\/\/i0.wp.com\/www.shqiperia.com\/blog\/wp-content\/uploads\/2020\/12\/640-0-5fdc8a862605f.jpg?resize=600%2C332&amp;ssl=1 600w, https:\/\/i0.wp.com\/www.shqiperia.com\/blog\/wp-content\/uploads\/2020\/12\/640-0-5fdc8a862605f.jpg?resize=400%2C221&amp;ssl=1 400w, https:\/\/i0.wp.com\/www.shqiperia.com\/blog\/wp-content\/uploads\/2020\/12\/640-0-5fdc8a862605f.jpg?w=640&amp;ssl=1 640w\" sizes=\"auto, (max-width: 486px) 100vw, 486px\" \/><\/p>\n<p><strong>Statistika zyrtare\/ Sa shqiptar\u00eb jetojn\u00eb n\u00eb Maqedoni<\/strong><\/p>\n<p><strong>18 DHJETOR 2020<\/strong><\/p>\n<p>Po paraqesim disa tregues statistikor lidhur me l\u00ebvizjen natyrore t\u00eb popullsis\u00eb t\u00eb bashk\u00ebsis\u00eb etnike shqiptare n\u00eb Maqedoni.<\/p>\n<p>Lindja e foshnjave shqiptare (1992-2017)<\/p>\n<p>Viti:<br \/>\n1992: (34.5%)<br \/>\n1993: (35.1%)<br \/>\n1994: (35.9%)<br \/>\n1995: (36.1%)<br \/>\n1996: (36.3%)<br \/>\n1997: (35.6%)<br \/>\n1998: (36.4%)<br \/>\n1999: (36.0%)<br \/>\n2000: (36.7%)<br \/>\n2001: (35.6%)<br \/>\n2002: (36.4%)<br \/>\n2003: (36.2%)<br \/>\n2004* (31.6%)<br \/>\n2005: (32,1%)<br \/>\n2006: (32,7%)<br \/>\n2007: (32,5%)<br \/>\n2008: (31,8%)<br \/>\n2009: (31,4%)<br \/>\n2010: (32,4%)<br \/>\n2011: (33.9%)<br \/>\n2012: (34.1%)<br \/>\n2013: (35.1%)<br \/>\n2014: (33.5%)<br \/>\n2015: (33.4%)<br \/>\n2016: (33.7%)<br \/>\n2017: (34%)<\/p>\n<p>Mesatarja (viti 1992-2017): 34.4%<br \/>\n*Nga 2004, me rekomandim t\u00eb EUROSTAT-it, \u00ebsht\u00eb ndryshuar metodologjia e paraqitja e t\u00eb dh\u00ebnave t\u00eb statistikave vitale.<br \/>\nNd\u00ebrsa, kur jemi te mortaliteti (vdekshm\u00ebria), kemi p\u00ebrqindjen m\u00eb t\u00eb vog\u00ebl nga gjith\u00eb bashk\u00ebsit\u00eb etnike, pra mesatarisht shqiptar\u00ebt marrim pjes\u00eb me16.5% n\u00eb nivel vjetor, nd\u00ebrsa bashk\u00ebsit\u00eb tjera etnike p\u00ebrb\u00ebjn\u00eb pjes\u00ebn tjet\u00ebr, 84%:<br \/>\nViti:<br \/>\n2008: (16,7%)<br \/>\n2009: (16.7%)<br \/>\n2010: (16%)<br \/>\n2011: (16.4%)<br \/>\n2012: (16.8%)<br \/>\n2013: (16,8%)<br \/>\n2014: (15.7%)<br \/>\n2015: (16.6%)<br \/>\n2016: (16.8%)<br \/>\n2017: (16.9%)<\/p>\n<p>Mesatarja (viti 2008-2017)= 16.5%<br \/>\nP\u00ebr t\u00eb lindurit jasht\u00eb vendit, nga viti 2004 nuk mbahet ndonj\u00eb evidenc sipas p\u00ebrkat\u00ebsis\u00eb etnike. Por, shikuar komunat e prejardhjes s\u00eb tyre mund t\u00eb thuhet se shqiptar\u00ebt jasht\u00eb vendit mbajn\u00eb nj\u00eb mesatare nga 3500 lindje brenda vitit, apo afro 85% nga numri total.<\/p>\n<p>Viti:<br \/>\n2008: 3728 foshnje t\u00eb lindura jasht\u00eb vendit<br \/>\n2009: 3510<br \/>\n2010: 3642<br \/>\n2011: 4012<br \/>\n2012: 4221<br \/>\n2013: 4373<br \/>\n2014: 4400<br \/>\n2015: 4632<br \/>\n2016: 4833<br \/>\n2017: 4829<\/p>\n<p>Sikur t\u00eb futej n\u00eb numrin total t\u00eb lindjeve edhe foshnjat shqiptare t\u00eb lindura jasht\u00eb vendit, at\u00ebher\u00eb p\u00ebrqindja e shqiptar\u00ebve do arrij n\u00eb mbi 42%.<br \/>\nNj\u00eb tjet\u00ebr indikator lidhur me l\u00ebvizjen natyrore t\u00eb popullsis\u00eb e kemi edhe te kurorzimet.<\/p>\n<p>Viti\/vitet<br \/>\n2008-2012: (35,7%)<br \/>\n2013: 33.1%<br \/>\n2014: 32.4%<br \/>\n2015: 31%<br \/>\n2016: 34.2%<br \/>\n2017: 36.1%<\/p>\n<p>Mesatarja (2008-2017)=34%<\/p>\n<p>Nga viti 2008-2017 kemi 34% kurorzime nga bashk\u00ebsia etnike shqiptare, nd\u00ebrsa vet\u00ebm n\u00eb vitin 2017 ky num\u00ebr arriti shifr\u00ebn 36.1%.<\/p>\n<p>Dhe p\u00ebr fund, nj\u00eb indikator teje i r\u00ebnd\u00ebsish\u00ebm, ai i fillorist\u00ebve (nx\u00ebn\u00ebsve t\u00eb fillores) shqiptar\u00eb. Numri (p\u00ebrqindja) e fillorist\u00ebve shqiptar\u00eb gjat\u00eb 10 viteve t\u00eb fundit:<\/p>\n<p>Viti shkollor:<br \/>\n2007\/08: (34%)<br \/>\n2008\/09: (33.7%)<br \/>\n2009\/10: (33.5%)<br \/>\n2010\/11: (32.8%)<br \/>\n2011\/12: (32,9%)<br \/>\n2012.13: (32.7%)<br \/>\n2013\/14: (32.7%)<br \/>\n2014\/15: (33%)<br \/>\n2015\/16: (32.5%)<br \/>\n2016\/17: (32.1%)<\/p>\n<p>Mesatarja (2007\/08-2016\/17)= 33% nx\u00ebn\u00ebs shqiptar\u00eb n\u00eb shkollat fillore n\u00eb Maqedoni.<br \/>\nPas gjith\u00eb k\u00ebsaj, (natalitet: vitet 1992-2017= 34.4%, kurorzime: vitet 2008-2017= 34%, nx\u00ebn\u00ebs t\u00eb shkollave fillore: 2007\/08-2016\/17=33%), secili q\u00eb mendon dhe thot\u00eb q\u00eb shqiptar\u00ebt jan\u00eb16.7% apo 20%, ose \u00ebsht\u00eb manipulator ose analfabet, t\u00eb tret\u00eb nuk ka.<strong>\/Inaonline<\/strong><\/p>\n<p><strong>Nga Gazeta Shqip<\/strong><\/p>\n","protected":false},"excerpt":{"rendered":"<p>Statistika zyrtare\/ Sa shqiptar\u00eb jetojn\u00eb n\u00eb Maqedoni 18 DHJETOR 2020 Po paraqesim disa tregues statistikor lidhur me l\u00ebvizjen natyrore t\u00eb popullsis\u00eb t\u00eb bashk\u00ebsis\u00eb etnike shqiptare n\u00eb Maqedoni. Lindja e foshnjave shqiptare (1992-2017) Viti: 1992: (34.5%) 1993: (35.1%) 1994: (35.9%) 1995: (36.1%) 1996: (36.3%) 1997: (35.6%) 1998: (36.4%) 1999: (36.0%) 2000: (36.7%) 2001: (35.6%) 2002: (36.4%) [&hellip;]<\/p>\n","protected":false},"author":9,"featured_media":42031,"comment_status":"open","ping_status":"open","sticky":false,"template":"","format":"standard","meta":{"jetpack_post_was_ever_published":false,"_jetpack_newsletter_access":"","_jetpack_dont_email_post_to_subs":false,"_jetpack_newsletter_tier_id":0,"_jetpack_memberships_contains_paywalled_content":false,"_jetpack_memberships_contains_paid_content":false,"footnotes":"","jetpack_publicize_message":"","jetpack_publicize_feature_enabled":true,"jetpack_social_post_already_shared":true,"jetpack_social_options":{"image_generator_settings":{"template":"highway","default_image_id":0,"font":"","enabled":false},"version":2}},"categories":[27,85,1],"tags":[],"class_list":["post-42030","post","type-post","status-publish","format-standard","has-post-thumbnail","hentry","category-blogu-i-udhetarit","category-histori","category-njoftime-shtypi"],"jetpack_publicize_connections":[],"jetpack_featured_media_url":"https:\/\/i0.wp.com\/www.shqiperia.com\/blog\/wp-content\/uploads\/2020\/12\/640-0-5fdc8a862605f.jpg?fit=640%2C354&ssl=1","jetpack_sharing_enabled":true,"jetpack_shortlink":"https:\/\/wp.me\/p5Z6wp-aVU","jetpack-related-posts":[{"id":6513,"url":"https:\/\/www.shqiperia.com\/blog\/ne-shqiperi-155-serbe-konsiderohen-pakice-kombetare\/","url_meta":{"origin":42030,"position":0},"title":"N\u00eb Shqip\u00ebri 155 serb\u00eb konsiderohen pakic\u00eb komb\u00ebtare(!) \u2013","author":"Kurt Farka","date":"April 17, 2018","format":false,"excerpt":"\u00a0 Nga: Skender Karacica. - N\u00eb Shqip\u00ebri pas regjistrimit t\u00eb popullsis\u00eb, sipas t\u00eb dh\u00ebnave jetojn\u00eb edhe ,,pakicat tjera komb\u00ebtare,\u00a0 grek\u00eb, malazez\u00eb, boshnjak\u00eb dhe serb\u00eb. P\u00ebr t\u00eb send\u00ebrtuar n\u00eb jet\u00eb kriteret demokratike t\u00eb K\u00ebshillit t\u00eb Evrop\u00ebs (p\u00ebr pakicat), qeveria shqiptare n\u00eb Tiran\u00eb ka afruar ligjin q\u00eb garanton k\u00ebto t\u00eb drejta p\u00ebr\u2026","rel":"","context":"In &quot;Blogu i Udh\u00ebtarit&quot;","block_context":{"text":"Blogu i Udh\u00ebtarit","link":"https:\/\/www.shqiperia.com\/blog\/category\/blogu-i-udhetarit\/"},"img":{"alt_text":"","src":"https:\/\/i0.wp.com\/www.shqiperia.com\/blog\/wp-content\/uploads\/2018\/04\/destinazione_europa-200x200.jpg?resize=350%2C200","width":350,"height":200},"classes":[]},{"id":87196,"url":"https:\/\/www.shqiperia.com\/blog\/maqedoni-e-veriut-intelektualet-shqiptare-ne-rmv-i-kerkojne-gjykates-kushtetuese-mosshfuqizimin-e-shqipes-si-gjuhe-zyrtare\/","url_meta":{"origin":42030,"position":1},"title":"Maqedoni e Veriut: &#8211; Intelektual\u00ebt shqiptar\u00eb n\u00eb RMV i k\u00ebrkojn\u00eb Gjykat\u00ebs Kushtetuese mosshfuqizimin e shqipes si gjuh\u00eb zyrtare","author":"Kurt Farka","date":"December 7, 2024","format":false,"excerpt":"7 Dhjetor 2024 250 intelektual\u00eb shqiptar\u00eb n\u00eb Maqedonin\u00eb e Veriut, i kan\u00eb k\u00ebrkuar Gjykat\u00ebs Kushtutuese t\u00eb k\u00ebtij vendi, mosshfuqizimin e p\u00ebrdorimit zyrtar t\u00eb gjuh\u00ebs shqipe, nd\u00ebrsa n\u00eb dat\u00ebn 11 dhjetor ajo pritet t\u00eb nis\u00eb procedur\u00ebn p\u00ebr vler\u00ebsimin e kushtetutshm\u00ebris\u00eb t\u00eb Ligjit p\u00ebr gjuh\u00ebt. Duke shprehur besimin se gjykata m\u00eb e\u2026","rel":"","context":"In &quot;Blogu i Udh\u00ebtarit&quot;","block_context":{"text":"Blogu i Udh\u00ebtarit","link":"https:\/\/www.shqiperia.com\/blog\/category\/blogu-i-udhetarit\/"},"img":{"alt_text":"","src":"https:\/\/i0.wp.com\/www.shqiperia.com\/blog\/wp-content\/uploads\/2024\/12\/IMG_5297-png.webp?fit=640%2C375&ssl=1&resize=350%2C200","width":350,"height":200,"srcset":"https:\/\/i0.wp.com\/www.shqiperia.com\/blog\/wp-content\/uploads\/2024\/12\/IMG_5297-png.webp?fit=640%2C375&ssl=1&resize=350%2C200 1x, https:\/\/i0.wp.com\/www.shqiperia.com\/blog\/wp-content\/uploads\/2024\/12\/IMG_5297-png.webp?fit=640%2C375&ssl=1&resize=525%2C300 1.5x"},"classes":[]},{"id":72431,"url":"https:\/\/www.shqiperia.com\/blog\/raporti-emigrimi-femijet-shqiptare-te-lindur-jashte-sa-56-e-lindjeve-brenda-vendit\/","url_meta":{"origin":42030,"position":2},"title":"RAPORTI: &#8211; Emigrimi, f\u00ebmij\u00ebt shqiptar\u00eb t\u00eb lindur jasht\u00eb, sa 56% e lindjeve brenda vendit","author":"Kurt Farka","date":"June 26, 2023","format":false,"excerpt":"25 Qershor 2023 Popullata shqiptare jasht\u00eb vendit \u00ebsht\u00eb rritur me ritme t\u00eb shpejta n\u00eb tre dekadat e fundit prej emigracionit t\u00eb lart\u00eb. Teksa popullsia brenda vendit po tkurret me ritme t\u00eb shpejta, stoku i shqiptar\u00ebve jasht\u00eb vendit ka p\u00ebsuar lindje t\u00eb fort\u00eb. Nj\u00eb studim i Organizat\u00ebs Nd\u00ebrkomb\u00ebtar\u00eb p\u00ebr Emigracionin, pjes\u00eb\u2026","rel":"","context":"In &quot;Blogu i Udh\u00ebtarit&quot;","block_context":{"text":"Blogu i Udh\u00ebtarit","link":"https:\/\/www.shqiperia.com\/blog\/category\/blogu-i-udhetarit\/"},"img":{"alt_text":"","src":"https:\/\/i0.wp.com\/www.shqiperia.com\/blog\/wp-content\/uploads\/2023\/06\/femije.png?fit=847%2C643&ssl=1&resize=350%2C200","width":350,"height":200,"srcset":"https:\/\/i0.wp.com\/www.shqiperia.com\/blog\/wp-content\/uploads\/2023\/06\/femije.png?fit=847%2C643&ssl=1&resize=350%2C200 1x, https:\/\/i0.wp.com\/www.shqiperia.com\/blog\/wp-content\/uploads\/2023\/06\/femije.png?fit=847%2C643&ssl=1&resize=525%2C300 1.5x, https:\/\/i0.wp.com\/www.shqiperia.com\/blog\/wp-content\/uploads\/2023\/06\/femije.png?fit=847%2C643&ssl=1&resize=700%2C400 2x"},"classes":[]},{"id":53,"url":"https:\/\/www.shqiperia.com\/blog\/maqedonise-po-i-shtirren-rezervat-e-themelimit-te-shtetit-falco\/","url_meta":{"origin":42030,"position":3},"title":"Maqedonis\u00eb po i shtirren rezervat   e themelimit t\u00eb shtetit  falco!","author":"Asllan Dibrani","date":"April 28, 2015","format":false,"excerpt":"Se kriza politike n\u00eb Maqedoni po merr dita dit\u00ebs p\u00ebrmasa ma dramatike nuk ka dyshim! Keq\u00ebsimin e situat\u00ebs atje,po\u00a0 e nxisin forcat maqedonase duke provokuar dhe duke ndjek nj\u00eb\u00a0 diskriminim ndaj shqiptar\u00ebve. Forcat e tyre po e ngacmojn\u00eb griazin,ku nuk po i din\u00eb hallin vetes s\u00eb vet ngase jan\u00eb t\u00eb\u2026","rel":"","context":"In &quot;Politika&quot;","block_context":{"text":"Politika","link":"https:\/\/www.shqiperia.com\/blog\/category\/politika\/"},"img":{"alt_text":"","src":"","width":0,"height":0},"classes":[]},{"id":8279,"url":"https:\/\/www.shqiperia.com\/blog\/shqiptaret-ortodokse-ne-maqedoni-po-kthehen-ne-origjinen-e-tyre\/","url_meta":{"origin":42030,"position":4},"title":"Shqiptar\u00ebt ortodoks\u00eb n\u00eb Maqedoni po kthehen n\u00eb origjinen e tyre. &#8211;","author":"Kurt Farka","date":"June 2, 2018","format":false,"excerpt":"Shqiptar\u00ebt ortodoks\u00eb n\u00eb Maqedoni po kthehen n\u00eb origjinen e tyre. - Intelektuali i shquar, shqiptar ortodoks Branisllav Sinadinovski thot\u00eb se n\u00eb Maqedoni mungojn\u00eb kishat ortodokse shqiptare, nd\u00ebrsa nga ana tjet\u00ebr, nuk mungojn\u00eb, sipas tij, k\u00ebrc\u00ebnimet dhe sulmet p\u00ebr t\u00eb penguar deklarimin e hapur dhe zyrtar t\u00eb tyre si shqiptar\u00eb.\u201cMesazhi im\u2026","rel":"","context":"In &quot;Histori&quot;","block_context":{"text":"Histori","link":"https:\/\/www.shqiperia.com\/blog\/category\/histori\/"},"img":{"alt_text":"","src":"https:\/\/i0.wp.com\/www.shqiperia.com\/blog\/wp-content\/uploads\/2018\/06\/1-62_1520871529-3194760.jpg?fit=633%2C347&ssl=1&resize=350%2C200","width":350,"height":200,"srcset":"https:\/\/i0.wp.com\/www.shqiperia.com\/blog\/wp-content\/uploads\/2018\/06\/1-62_1520871529-3194760.jpg?fit=633%2C347&ssl=1&resize=350%2C200 1x, https:\/\/i0.wp.com\/www.shqiperia.com\/blog\/wp-content\/uploads\/2018\/06\/1-62_1520871529-3194760.jpg?fit=633%2C347&ssl=1&resize=525%2C300 1.5x"},"classes":[]},{"id":16132,"url":"https:\/\/www.shqiperia.com\/blog\/ngjarja-me-e-rendesishme-per-te-ardhmen-e-shqiptareve-talat-xhaferi-firmos-ligjin-shqipja-gjuhe-zyrtare-ne-maqedoni\/","url_meta":{"origin":42030,"position":5},"title":"Ngjarja me e Rendesishme per te ardhmen e SHQIPTAREVE -Talat Xhaferi firmos ligjin:  Shqipja gjuh\u00eb zyrtare n\u00eb Maqedoni. &#8211;","author":"Kurt Farka","date":"January 16, 2019","format":false,"excerpt":"Ngjarja me e Rendesishme per te ardhmen e SHQIPTAREVE -Talat Xhaferi firmos ligjin:\u00a0 Shqipja gjuh\u00eb zyrtare n\u00eb Maqedoni. - 15 janar 2019 Kryetari i Kuvendit ka firmosur Ligjin p\u00ebr gjuh\u00ebt. Ligji me firm\u00ebn e Xhaferit d\u00ebrgohet n\u00eb Gazet\u00ebn Zyrtare dhe pas shpalljes n\u00eb Gazet\u00ebn Zyrtare menj\u00ebher\u00eb hyn n\u00eb fuqi. Kreu\u2026","rel":"","context":"In &quot;Histori&quot;","block_context":{"text":"Histori","link":"https:\/\/www.shqiperia.com\/blog\/category\/histori\/"},"img":{"alt_text":"","src":"https:\/\/i0.wp.com\/www.shqiperia.com\/blog\/wp-content\/uploads\/2019\/01\/auto_talat-xhaferi-kabinet1547501183-640x384.jpg?fit=640%2C346&ssl=1&resize=350%2C200","width":350,"height":200,"srcset":"https:\/\/i0.wp.com\/www.shqiperia.com\/blog\/wp-content\/uploads\/2019\/01\/auto_talat-xhaferi-kabinet1547501183-640x384.jpg?fit=640%2C346&ssl=1&resize=350%2C200 1x, https:\/\/i0.wp.com\/www.shqiperia.com\/blog\/wp-content\/uploads\/2019\/01\/auto_talat-xhaferi-kabinet1547501183-640x384.jpg?fit=640%2C346&ssl=1&resize=525%2C300 1.5x"},"classes":[]}],"_links":{"self":[{"href":"https:\/\/www.shqiperia.com\/blog\/wp-json\/wp\/v2\/posts\/42030","targetHints":{"allow":["GET"]}}],"collection":[{"href":"https:\/\/www.shqiperia.com\/blog\/wp-json\/wp\/v2\/posts"}],"about":[{"href":"https:\/\/www.shqiperia.com\/blog\/wp-json\/wp\/v2\/types\/post"}],"author":[{"embeddable":true,"href":"https:\/\/www.shqiperia.com\/blog\/wp-json\/wp\/v2\/users\/9"}],"replies":[{"embeddable":true,"href":"https:\/\/www.shqiperia.com\/blog\/wp-json\/wp\/v2\/comments?post=42030"}],"version-history":[{"count":1,"href":"https:\/\/www.shqiperia.com\/blog\/wp-json\/wp\/v2\/posts\/42030\/revisions"}],"predecessor-version":[{"id":42032,"href":"https:\/\/www.shqiperia.com\/blog\/wp-json\/wp\/v2\/posts\/42030\/revisions\/42032"}],"wp:featuredmedia":[{"embeddable":true,"href":"https:\/\/www.shqiperia.com\/blog\/wp-json\/wp\/v2\/media\/42031"}],"wp:attachment":[{"href":"https:\/\/www.shqiperia.com\/blog\/wp-json\/wp\/v2\/media?parent=42030"}],"wp:term":[{"taxonomy":"category","embeddable":true,"href":"https:\/\/www.shqiperia.com\/blog\/wp-json\/wp\/v2\/categories?post=42030"},{"taxonomy":"post_tag","embeddable":true,"href":"https:\/\/www.shqiperia.com\/blog\/wp-json\/wp\/v2\/tags?post=42030"}],"curies":[{"name":"wp","href":"https:\/\/api.w.org\/{rel}","templated":true}]}}