{"id":42026,"date":"2020-12-18T09:38:22","date_gmt":"2020-12-18T09:38:22","guid":{"rendered":"https:\/\/www.shqiperia.com\/blog\/?p=42026"},"modified":"2020-12-18T09:38:22","modified_gmt":"2020-12-18T09:38:22","slug":"e-rralle-mbi-2-mije-vite-e-vjeter-zbulohet-helmeta-ilire-ne-kroaci","status":"publish","type":"post","link":"https:\/\/www.shqiperia.com\/blog\/e-rralle-mbi-2-mije-vite-e-vjeter-zbulohet-helmeta-ilire-ne-kroaci\/","title":{"rendered":"E rrall\u00eb! Mbi 2 mij\u00eb vite e vjet\u00ebr, zbulohet helmeta ilire n\u00eb Kroaci"},"content":{"rendered":"<p><img data-recalc-dims=\"1\" loading=\"lazy\" decoding=\"async\" data-attachment-id=\"42027\" data-permalink=\"https:\/\/www.shqiperia.com\/blog\/e-rralle-mbi-2-mije-vite-e-vjeter-zbulohet-helmeta-ilire-ne-kroaci\/auto_a21607765896\/\" data-orig-file=\"https:\/\/i0.wp.com\/www.shqiperia.com\/blog\/wp-content\/uploads\/2020\/12\/auto_a21607765896.jpg?fit=900%2C471&amp;ssl=1\" data-orig-size=\"900,471\" data-comments-opened=\"1\" data-image-meta=\"{&quot;aperture&quot;:&quot;0&quot;,&quot;credit&quot;:&quot;&quot;,&quot;camera&quot;:&quot;&quot;,&quot;caption&quot;:&quot;&quot;,&quot;created_timestamp&quot;:&quot;0&quot;,&quot;copyright&quot;:&quot;&quot;,&quot;focal_length&quot;:&quot;0&quot;,&quot;iso&quot;:&quot;0&quot;,&quot;shutter_speed&quot;:&quot;0&quot;,&quot;title&quot;:&quot;&quot;,&quot;orientation&quot;:&quot;0&quot;}\" data-image-title=\"auto_a21607765896\" data-image-description=\"\" data-image-caption=\"\" data-medium-file=\"https:\/\/i0.wp.com\/www.shqiperia.com\/blog\/wp-content\/uploads\/2020\/12\/auto_a21607765896.jpg?fit=300%2C157&amp;ssl=1\" data-large-file=\"https:\/\/i0.wp.com\/www.shqiperia.com\/blog\/wp-content\/uploads\/2020\/12\/auto_a21607765896.jpg?fit=900%2C471&amp;ssl=1\" class=\"alignnone  wp-image-42027\" alt=\"\" src=\"https:\/\/i0.wp.com\/www.shqiperia.com\/blog\/wp-content\/uploads\/2020\/12\/auto_a21607765896.jpg?resize=512%2C268&#038;ssl=1\" width=\"512\" height=\"268\" srcset=\"https:\/\/i0.wp.com\/www.shqiperia.com\/blog\/wp-content\/uploads\/2020\/12\/auto_a21607765896.jpg?resize=300%2C157&amp;ssl=1 300w, https:\/\/i0.wp.com\/www.shqiperia.com\/blog\/wp-content\/uploads\/2020\/12\/auto_a21607765896.jpg?resize=768%2C402&amp;ssl=1 768w, https:\/\/i0.wp.com\/www.shqiperia.com\/blog\/wp-content\/uploads\/2020\/12\/auto_a21607765896.jpg?resize=450%2C236&amp;ssl=1 450w, https:\/\/i0.wp.com\/www.shqiperia.com\/blog\/wp-content\/uploads\/2020\/12\/auto_a21607765896.jpg?resize=600%2C314&amp;ssl=1 600w, https:\/\/i0.wp.com\/www.shqiperia.com\/blog\/wp-content\/uploads\/2020\/12\/auto_a21607765896.jpg?resize=400%2C209&amp;ssl=1 400w, https:\/\/i0.wp.com\/www.shqiperia.com\/blog\/wp-content\/uploads\/2020\/12\/auto_a21607765896.jpg?w=900&amp;ssl=1 900w\" sizes=\"auto, (max-width: 512px) 100vw, 512px\" \/><\/p>\n<p><strong>E rrall\u00eb! Mbi 2 mij\u00eb vite e vjet\u00ebr, zbulohet helmeta ilire n\u00eb Kroaci<\/strong><\/p>\n<p>Dhjetor 2020<\/p>\n<p>N\u00eb pjes\u00ebn jugore t\u00eb Dalamcis\u00eb, n\u00eb Kroaci, \u00ebsht\u00eb gjetur nj\u00eb helemt\u00eb ilire e ruajtur n\u00eb gjendjen m\u00eb t\u00eb mir\u00eb. Helemeta \u00ebsht\u00eb gjetur n\u00eb nj\u00eb rajon shk\u00ebmbor, sakt\u00ebsisht n\u00eb malet e Zakotaracit dhe besohet t\u00eb ket\u00eb qen\u00eb aty p\u00ebr m\u00eb shum\u00eb se 2000 vjet.<\/p>\n<p>Pas g\u00ebrmimeve arkeolog\u00ebt kan\u00eb gjetur edhe arm\u00eb t\u00eb ndryshme t\u00eb lashta dhe stoli grash.<\/p>\n<p>Ky zbulim \u00ebsht\u00eb b\u00ebr\u00eb nga arkeolog\u00ebt e universitetit t\u00eb Zagrebit n\u00eb bashk\u00ebpunim me muzeun e Dubrovnikut, q\u00eb besohet se zona ku \u00ebsht\u00eb gjetur helmeta ilire ishte p\u00ebrdorur p\u00ebr varrimin e an\u00ebtar\u00ebve elitar\u00eb t\u00eb ushtris\u00eb.<\/p>\n<p><img data-recalc-dims=\"1\" loading=\"lazy\" decoding=\"async\" data-attachment-id=\"42028\" data-permalink=\"https:\/\/www.shqiperia.com\/blog\/e-rralle-mbi-2-mije-vite-e-vjeter-zbulohet-helmeta-ilire-ne-kroaci\/auto_a11607765894\/\" data-orig-file=\"https:\/\/i0.wp.com\/www.shqiperia.com\/blog\/wp-content\/uploads\/2020\/12\/auto_a11607765894.jpg?fit=900%2C600&amp;ssl=1\" data-orig-size=\"900,600\" data-comments-opened=\"1\" data-image-meta=\"{&quot;aperture&quot;:&quot;0&quot;,&quot;credit&quot;:&quot;&quot;,&quot;camera&quot;:&quot;&quot;,&quot;caption&quot;:&quot;&quot;,&quot;created_timestamp&quot;:&quot;0&quot;,&quot;copyright&quot;:&quot;&quot;,&quot;focal_length&quot;:&quot;0&quot;,&quot;iso&quot;:&quot;0&quot;,&quot;shutter_speed&quot;:&quot;0&quot;,&quot;title&quot;:&quot;&quot;,&quot;orientation&quot;:&quot;0&quot;}\" data-image-title=\"auto_a11607765894\" data-image-description=\"\" data-image-caption=\"\" data-medium-file=\"https:\/\/i0.wp.com\/www.shqiperia.com\/blog\/wp-content\/uploads\/2020\/12\/auto_a11607765894.jpg?fit=300%2C200&amp;ssl=1\" data-large-file=\"https:\/\/i0.wp.com\/www.shqiperia.com\/blog\/wp-content\/uploads\/2020\/12\/auto_a11607765894.jpg?fit=900%2C600&amp;ssl=1\" class=\"alignnone  wp-image-42028\" alt=\"\" src=\"https:\/\/i0.wp.com\/www.shqiperia.com\/blog\/wp-content\/uploads\/2020\/12\/auto_a11607765894.jpg?resize=531%2C354&#038;ssl=1\" width=\"531\" height=\"354\" srcset=\"https:\/\/i0.wp.com\/www.shqiperia.com\/blog\/wp-content\/uploads\/2020\/12\/auto_a11607765894.jpg?resize=300%2C200&amp;ssl=1 300w, https:\/\/i0.wp.com\/www.shqiperia.com\/blog\/wp-content\/uploads\/2020\/12\/auto_a11607765894.jpg?resize=768%2C512&amp;ssl=1 768w, https:\/\/i0.wp.com\/www.shqiperia.com\/blog\/wp-content\/uploads\/2020\/12\/auto_a11607765894.jpg?resize=600%2C400&amp;ssl=1 600w, https:\/\/i0.wp.com\/www.shqiperia.com\/blog\/wp-content\/uploads\/2020\/12\/auto_a11607765894.jpg?resize=450%2C300&amp;ssl=1 450w, https:\/\/i0.wp.com\/www.shqiperia.com\/blog\/wp-content\/uploads\/2020\/12\/auto_a11607765894.jpg?resize=400%2C267&amp;ssl=1 400w, https:\/\/i0.wp.com\/www.shqiperia.com\/blog\/wp-content\/uploads\/2020\/12\/auto_a11607765894.jpg?w=900&amp;ssl=1 900w\" sizes=\"auto, (max-width: 531px) 100vw, 531px\" \/><\/p>\n<p>N\u00eb po t\u00eb nj\u00ebjt\u00ebn zon\u00eb arkeolog\u00ebt kan\u00eb identifikuar shum\u00eb vende t\u00eb tjera t\u00eb panjohura, q\u00eb mund t\u00eb ken\u00eb mbetje arkeologjike t\u00eb lashta.<\/p>\n","protected":false},"excerpt":{"rendered":"<p>E rrall\u00eb! Mbi 2 mij\u00eb vite e vjet\u00ebr, zbulohet helmeta ilire n\u00eb Kroaci Dhjetor 2020 N\u00eb pjes\u00ebn jugore t\u00eb Dalamcis\u00eb, n\u00eb Kroaci, \u00ebsht\u00eb gjetur nj\u00eb helemt\u00eb ilire e ruajtur n\u00eb gjendjen m\u00eb t\u00eb mir\u00eb. Helemeta \u00ebsht\u00eb gjetur n\u00eb nj\u00eb rajon shk\u00ebmbor, sakt\u00ebsisht n\u00eb malet e Zakotaracit dhe besohet t\u00eb ket\u00eb qen\u00eb aty p\u00ebr m\u00eb shum\u00eb [&hellip;]<\/p>\n","protected":false},"author":9,"featured_media":42027,"comment_status":"open","ping_status":"open","sticky":false,"template":"","format":"standard","meta":{"jetpack_post_was_ever_published":false,"_jetpack_newsletter_access":"","_jetpack_dont_email_post_to_subs":false,"_jetpack_newsletter_tier_id":0,"_jetpack_memberships_contains_paywalled_content":false,"_jetpack_memberships_contains_paid_content":false,"footnotes":"","jetpack_publicize_message":"","jetpack_publicize_feature_enabled":true,"jetpack_social_post_already_shared":true,"jetpack_social_options":{"image_generator_settings":{"template":"highway","default_image_id":0,"font":"","enabled":false},"version":2}},"categories":[85,10,86],"tags":[],"class_list":["post-42026","post","type-post","status-publish","format-standard","has-post-thumbnail","hentry","category-histori","category-kultura","category-trashegimi-kulturore"],"jetpack_publicize_connections":[],"jetpack_featured_media_url":"https:\/\/i0.wp.com\/www.shqiperia.com\/blog\/wp-content\/uploads\/2020\/12\/auto_a21607765896.jpg?fit=900%2C471&ssl=1","jetpack_sharing_enabled":true,"jetpack_shortlink":"https:\/\/wp.me\/p5Z6wp-aVQ","jetpack-related-posts":[{"id":80044,"url":"https:\/\/www.shqiperia.com\/blog\/gjendet-perkrenarja-ilire-2500-vjecare-ne-kroaci\/","url_meta":{"origin":42026,"position":0},"title":"Gjendet p\u00ebrkrenarja ilire 2500 vje\u00e7are n\u00eb Kroaci","author":"Kurt Farka","date":"April 12, 2024","format":false,"excerpt":"12 Prill 2024 Kat\u00ebr vjet pas zbulimit fantastik t\u00eb nj\u00eb helmete ilire 2500 vje\u00e7are nga Zakotoreci i Peljesacit, arkeolog\u00ebt gjet\u00ebn m\u00eb 11 prill, pothuajse n\u00eb t\u00eb nj\u00ebjtin vend, edhe nj\u00eb tjet\u00ebr helmet\u00eb, e cila \u00ebsht\u00eb akoma edhe m\u00eb e vjet\u00ebr. Lajmin u b\u00eb i ditur nga Marta Kalebota, arkeologe kroate\u2026","rel":"","context":"In &quot;Blogu i Udh\u00ebtarit&quot;","block_context":{"text":"Blogu i Udh\u00ebtarit","link":"https:\/\/www.shqiperia.com\/blog\/category\/blogu-i-udhetarit\/"},"img":{"alt_text":"","src":"https:\/\/i0.wp.com\/www.shqiperia.com\/blog\/wp-content\/uploads\/2024\/04\/640-0-bb6f2d40448505183b96058b47edb0cc.jpg?fit=640%2C438&ssl=1&resize=350%2C200","width":350,"height":200,"srcset":"https:\/\/i0.wp.com\/www.shqiperia.com\/blog\/wp-content\/uploads\/2024\/04\/640-0-bb6f2d40448505183b96058b47edb0cc.jpg?fit=640%2C438&ssl=1&resize=350%2C200 1x, https:\/\/i0.wp.com\/www.shqiperia.com\/blog\/wp-content\/uploads\/2024\/04\/640-0-bb6f2d40448505183b96058b47edb0cc.jpg?fit=640%2C438&ssl=1&resize=525%2C300 1.5x"},"classes":[]},{"id":75576,"url":"https:\/\/www.shqiperia.com\/blog\/detaji-i-rralle-qe-kane-gjetur-ne-trupin-e-nje-gruaje-te-lashte-egjiptiane-zbulohet-se-vuante-nga-nje-tumor-i-cuditshem\/","url_meta":{"origin":42026,"position":1},"title":"Detaji i rrall\u00eb q\u00eb kan\u00eb gjetur n\u00eb trupin e nj\u00eb gruaje t\u00eb lasht\u00eb egjiptiane, zbulohet se vuante nga nj\u00eb tumor i \u00e7uditsh\u00ebm","author":"Kurt Farka","date":"November 14, 2023","format":false,"excerpt":"14 Nentor 2023 Arkeolog\u00ebt kan\u00eb zbuluar nj\u00eb gjetje shum\u00eb t\u00eb \u00e7uditshme n\u00eb nj\u00eb varr t\u00eb lasht\u00eb n\u00ebntok\u00ebsor n\u00eb Egjipt, nj\u00eb dh\u00ebmb\u00eb n\u00eb legenin e nj\u00eb gruaje t\u00eb re q\u00eb vdiq disa mij\u00ebra vjet m\u00eb par\u00eb. N\u00eb fillim, mbik\u00ebqyr\u00ebsi i zon\u00ebs, arkeologia Melinda King \u00cbetzel, mendoi se ishte nj\u00eb fetus nga\u2026","rel":"","context":"In &quot;Blogu i Udh\u00ebtarit&quot;","block_context":{"text":"Blogu i Udh\u00ebtarit","link":"https:\/\/www.shqiperia.com\/blog\/category\/blogu-i-udhetarit\/"},"img":{"alt_text":"","src":"https:\/\/i0.wp.com\/www.shqiperia.com\/blog\/wp-content\/uploads\/2023\/11\/800-0-65535ae56e3dd.jpg?fit=800%2C423&ssl=1&resize=350%2C200","width":350,"height":200,"srcset":"https:\/\/i0.wp.com\/www.shqiperia.com\/blog\/wp-content\/uploads\/2023\/11\/800-0-65535ae56e3dd.jpg?fit=800%2C423&ssl=1&resize=350%2C200 1x, https:\/\/i0.wp.com\/www.shqiperia.com\/blog\/wp-content\/uploads\/2023\/11\/800-0-65535ae56e3dd.jpg?fit=800%2C423&ssl=1&resize=525%2C300 1.5x, https:\/\/i0.wp.com\/www.shqiperia.com\/blog\/wp-content\/uploads\/2023\/11\/800-0-65535ae56e3dd.jpg?fit=800%2C423&ssl=1&resize=700%2C400 2x"},"classes":[]},{"id":90571,"url":"https:\/\/www.shqiperia.com\/blog\/arkeologet-zbulojne-nje-pjese-fytyre-njerezore-te-fosilizuar-qe-daton-mbi-1-milion-vite-me-pare\/","url_meta":{"origin":42026,"position":2},"title":"Arkeolog\u00ebt zbulojn\u00eb nj\u00eb pjes\u00eb fytyre njer\u00ebzore t\u00eb fosilizuar q\u00eb daton mbi 1 milion vite m\u00eb par\u00eb","author":"Kurt Farka","date":"March 19, 2025","format":false,"excerpt":"19 Mars 2025 Pjesa e nj\u00eb fytyre t\u00eb fosilizuar nga nj\u00eb paraardh\u00ebs i njeriut \u00ebsht\u00eb m\u00eb e vjetra e gjetur n\u00eb Evrop\u00ebn Per\u00ebndimore, sipas arkeolog\u00ebve. Kafka jo e plot\u00eb, nj\u00eb pjes\u00eb e kock\u00ebs s\u00eb faqes s\u00eb majt\u00eb dhe nofull\u00ebs s\u00eb sip\u00ebrme, u gjet n\u00eb pjes\u00ebn veriore t\u00eb Spanj\u00ebs n\u00eb vitin\u2026","rel":"","context":"In &quot;Kultura&quot;","block_context":{"text":"Kultura","link":"https:\/\/www.shqiperia.com\/blog\/category\/kultura\/"},"img":{"alt_text":"","src":"https:\/\/i0.wp.com\/www.shqiperia.com\/blog\/wp-content\/uploads\/2025\/03\/image-227.png?fit=1023%2C575&ssl=1&resize=350%2C200","width":350,"height":200,"srcset":"https:\/\/i0.wp.com\/www.shqiperia.com\/blog\/wp-content\/uploads\/2025\/03\/image-227.png?fit=1023%2C575&ssl=1&resize=350%2C200 1x, https:\/\/i0.wp.com\/www.shqiperia.com\/blog\/wp-content\/uploads\/2025\/03\/image-227.png?fit=1023%2C575&ssl=1&resize=525%2C300 1.5x, https:\/\/i0.wp.com\/www.shqiperia.com\/blog\/wp-content\/uploads\/2025\/03\/image-227.png?fit=1023%2C575&ssl=1&resize=700%2C400 2x"},"classes":[]},{"id":95556,"url":"https:\/\/www.shqiperia.com\/blog\/jane-unike-ne-europe-por-pa-mbrojtje-policia-kap-4-persona-duke-germuar-ne-varret-ilire-te-selces\/","url_meta":{"origin":42026,"position":3},"title":"Jan\u00eb unike n\u00eb Europ\u00eb, por pa mbrojtje: &#8211; Policia kap 4 persona duke g\u00ebrmuar n\u00eb Varret Ilire t\u00eb Selc\u00ebs","author":"Kurt Farka","date":"December 14, 2025","format":false,"excerpt":"14 Dhjetor 2025 Policia e Kor\u00e7\u00ebs ka kapur n\u00eb flagranc\u00eb 4 t\u00eb rinj duke hapur gropa n\u00eb Varret Monumentale Ilire t\u00eb Selc\u00ebs s\u00eb Poshtme n\u00eb Mok\u00ebr. T\u00eb rinjt\u00eb jan\u00eb kapur nga inspektori i policis\u00eb s\u00eb zon\u00ebs, i cili ishte njoftuar n\u00eb rrug\u00eb operative nga banor\u00ebt e fshatit, q\u00eb kishin par\u00eb\u2026","rel":"","context":"In &quot;Histori&quot;","block_context":{"text":"Histori","link":"https:\/\/www.shqiperia.com\/blog\/category\/histori\/"},"img":{"alt_text":"","src":"https:\/\/i0.wp.com\/www.shqiperia.com\/blog\/wp-content\/uploads\/2025\/12\/img-2606-1765636955.jpg?fit=960%2C599&ssl=1&resize=350%2C200","width":350,"height":200,"srcset":"https:\/\/i0.wp.com\/www.shqiperia.com\/blog\/wp-content\/uploads\/2025\/12\/img-2606-1765636955.jpg?fit=960%2C599&ssl=1&resize=350%2C200 1x, https:\/\/i0.wp.com\/www.shqiperia.com\/blog\/wp-content\/uploads\/2025\/12\/img-2606-1765636955.jpg?fit=960%2C599&ssl=1&resize=525%2C300 1.5x, https:\/\/i0.wp.com\/www.shqiperia.com\/blog\/wp-content\/uploads\/2025\/12\/img-2606-1765636955.jpg?fit=960%2C599&ssl=1&resize=700%2C400 2x"},"classes":[]},{"id":82738,"url":"https:\/\/www.shqiperia.com\/blog\/zbulohet-tempulli-dhe-teatri-antik-me-i-vjeter-se-machu-picchu\/","url_meta":{"origin":42026,"position":4},"title":"Zbulohet tempulli dhe teatri antik m\u00eb i vjet\u00ebr se Machu Picchu","author":"Kurt Farka","date":"July 12, 2024","format":false,"excerpt":"12 Korrik 2024 Arkeolog\u00ebt n\u00eb Peru kan\u00eb zbuluar mbetjet e nj\u00eb tempulli dhe teatri 4000-vje\u00e7ar. Ekipi filloi studimin e vendit t\u00eb ri arkeologjik t\u00eb La Otra Banda, Cerro Las Animas, n\u00eb Peru. Ata g\u00ebrmuan nj\u00eb parcel\u00eb af\u00ebrsisht 33 metra t\u00eb gjat\u00eb, duke gjetur shenja t\u00eb mureve t\u00eb lashta t\u00eb b\u00ebra\u2026","rel":"","context":"In &quot;Blogu i Udh\u00ebtarit&quot;","block_context":{"text":"Blogu i Udh\u00ebtarit","link":"https:\/\/www.shqiperia.com\/blog\/category\/blogu-i-udhetarit\/"},"img":{"alt_text":"","src":"https:\/\/i0.wp.com\/www.shqiperia.com\/blog\/wp-content\/uploads\/2024\/07\/640-0-3af265386a5ed337bcdb26d9b886f5d6.png?fit=602%2C336&ssl=1&resize=350%2C200","width":350,"height":200,"srcset":"https:\/\/i0.wp.com\/www.shqiperia.com\/blog\/wp-content\/uploads\/2024\/07\/640-0-3af265386a5ed337bcdb26d9b886f5d6.png?fit=602%2C336&ssl=1&resize=350%2C200 1x, https:\/\/i0.wp.com\/www.shqiperia.com\/blog\/wp-content\/uploads\/2024\/07\/640-0-3af265386a5ed337bcdb26d9b886f5d6.png?fit=602%2C336&ssl=1&resize=525%2C300 1.5x"},"classes":[]},{"id":48940,"url":"https:\/\/www.shqiperia.com\/blog\/arkeologet-gjejne-qytetin-e-arte-mbi-3-mije-e-400-vjet-te-vjeter\/","url_meta":{"origin":42026,"position":5},"title":"Arkeolog\u00ebt gjejn\u00eb \u201cqytetin e art\u00eb\u201d mbi 3 mij\u00eb e 400 vjet t\u00eb vjet\u00ebr","author":"Kurt Farka","date":"August 8, 2021","format":false,"excerpt":"Arkeolog\u00ebt gjejn\u00eb \u201cqytetin e art\u00eb\u201d mbi 3 mij\u00eb e 400 vjet t\u00eb vjet\u00ebr Qyteti \u00ebsht\u00eb cil\u00ebsuar si \u201cPompei\u201d i Egjiptit t\u00eb vjet\u00ebr p\u00ebr shkak t\u00eb gjendjes s\u00eb mir\u00eb si\u00e7 \u00ebsht\u00eb ruajtur Nj\u00eb qytet i madh faraonik, i nd\u00ebrtuar m\u00eb shum\u00eb se 3400 vjet m\u00eb par\u00eb gjat\u00eb dit\u00ebve t\u00eb boll\u00ebkut n\u00ebn\u2026","rel":"","context":"In &quot;Histori&quot;","block_context":{"text":"Histori","link":"https:\/\/www.shqiperia.com\/blog\/category\/histori\/"},"img":{"alt_text":"","src":"https:\/\/i0.wp.com\/www.shqiperia.com\/blog\/wp-content\/uploads\/2021\/08\/auto_ZbulimEgjipt11618004153.jpg?fit=900%2C506&ssl=1&resize=350%2C200","width":350,"height":200,"srcset":"https:\/\/i0.wp.com\/www.shqiperia.com\/blog\/wp-content\/uploads\/2021\/08\/auto_ZbulimEgjipt11618004153.jpg?fit=900%2C506&ssl=1&resize=350%2C200 1x, https:\/\/i0.wp.com\/www.shqiperia.com\/blog\/wp-content\/uploads\/2021\/08\/auto_ZbulimEgjipt11618004153.jpg?fit=900%2C506&ssl=1&resize=525%2C300 1.5x, https:\/\/i0.wp.com\/www.shqiperia.com\/blog\/wp-content\/uploads\/2021\/08\/auto_ZbulimEgjipt11618004153.jpg?fit=900%2C506&ssl=1&resize=700%2C400 2x"},"classes":[]}],"_links":{"self":[{"href":"https:\/\/www.shqiperia.com\/blog\/wp-json\/wp\/v2\/posts\/42026","targetHints":{"allow":["GET"]}}],"collection":[{"href":"https:\/\/www.shqiperia.com\/blog\/wp-json\/wp\/v2\/posts"}],"about":[{"href":"https:\/\/www.shqiperia.com\/blog\/wp-json\/wp\/v2\/types\/post"}],"author":[{"embeddable":true,"href":"https:\/\/www.shqiperia.com\/blog\/wp-json\/wp\/v2\/users\/9"}],"replies":[{"embeddable":true,"href":"https:\/\/www.shqiperia.com\/blog\/wp-json\/wp\/v2\/comments?post=42026"}],"version-history":[{"count":1,"href":"https:\/\/www.shqiperia.com\/blog\/wp-json\/wp\/v2\/posts\/42026\/revisions"}],"predecessor-version":[{"id":42029,"href":"https:\/\/www.shqiperia.com\/blog\/wp-json\/wp\/v2\/posts\/42026\/revisions\/42029"}],"wp:featuredmedia":[{"embeddable":true,"href":"https:\/\/www.shqiperia.com\/blog\/wp-json\/wp\/v2\/media\/42027"}],"wp:attachment":[{"href":"https:\/\/www.shqiperia.com\/blog\/wp-json\/wp\/v2\/media?parent=42026"}],"wp:term":[{"taxonomy":"category","embeddable":true,"href":"https:\/\/www.shqiperia.com\/blog\/wp-json\/wp\/v2\/categories?post=42026"},{"taxonomy":"post_tag","embeddable":true,"href":"https:\/\/www.shqiperia.com\/blog\/wp-json\/wp\/v2\/tags?post=42026"}],"curies":[{"name":"wp","href":"https:\/\/api.w.org\/{rel}","templated":true}]}}