{"id":42023,"date":"2020-12-18T01:34:29","date_gmt":"2020-12-18T01:34:29","guid":{"rendered":"https:\/\/www.shqiperia.com\/blog\/?p=42023"},"modified":"2020-12-18T01:34:29","modified_gmt":"2020-12-18T01:34:29","slug":"mjerim-politik-dhe-kombetar-i-deputeteve-te-republikes-se-shqiperise","status":"publish","type":"post","link":"https:\/\/www.shqiperia.com\/blog\/mjerim-politik-dhe-kombetar-i-deputeteve-te-republikes-se-shqiperise\/","title":{"rendered":"MJERIM POLITIK DHE KOMB\u00cbTAR  I DEPUTET\u00cbVE T\u00cb REPUBLIK\u00cbS S\u00cb SHQIP\u00cbRIS\u00cb"},"content":{"rendered":"<p><img data-recalc-dims=\"1\" loading=\"lazy\" decoding=\"async\" data-attachment-id=\"42024\" data-permalink=\"https:\/\/www.shqiperia.com\/blog\/mjerim-politik-dhe-kombetar-i-deputeteve-te-republikes-se-shqiperise\/131925231_1793012674180236_7939767498966142911_n\/\" data-orig-file=\"https:\/\/i0.wp.com\/www.shqiperia.com\/blog\/wp-content\/uploads\/2020\/12\/131925231_1793012674180236_7939767498966142911_n.jpg?fit=805%2C479&amp;ssl=1\" data-orig-size=\"805,479\" data-comments-opened=\"1\" data-image-meta=\"{&quot;aperture&quot;:&quot;0&quot;,&quot;credit&quot;:&quot;&quot;,&quot;camera&quot;:&quot;&quot;,&quot;caption&quot;:&quot;&quot;,&quot;created_timestamp&quot;:&quot;0&quot;,&quot;copyright&quot;:&quot;&quot;,&quot;focal_length&quot;:&quot;0&quot;,&quot;iso&quot;:&quot;0&quot;,&quot;shutter_speed&quot;:&quot;0&quot;,&quot;title&quot;:&quot;&quot;,&quot;orientation&quot;:&quot;0&quot;}\" data-image-title=\"131925231_1793012674180236_7939767498966142911_n\" data-image-description=\"\" data-image-caption=\"\" data-medium-file=\"https:\/\/i0.wp.com\/www.shqiperia.com\/blog\/wp-content\/uploads\/2020\/12\/131925231_1793012674180236_7939767498966142911_n.jpg?fit=300%2C179&amp;ssl=1\" data-large-file=\"https:\/\/i0.wp.com\/www.shqiperia.com\/blog\/wp-content\/uploads\/2020\/12\/131925231_1793012674180236_7939767498966142911_n.jpg?fit=805%2C479&amp;ssl=1\" class=\"alignnone  wp-image-42024\" alt=\"\" src=\"https:\/\/i0.wp.com\/www.shqiperia.com\/blog\/wp-content\/uploads\/2020\/12\/131925231_1793012674180236_7939767498966142911_n.jpg?resize=573%2C342&#038;ssl=1\" width=\"573\" height=\"342\" srcset=\"https:\/\/i0.wp.com\/www.shqiperia.com\/blog\/wp-content\/uploads\/2020\/12\/131925231_1793012674180236_7939767498966142911_n.jpg?resize=300%2C179&amp;ssl=1 300w, https:\/\/i0.wp.com\/www.shqiperia.com\/blog\/wp-content\/uploads\/2020\/12\/131925231_1793012674180236_7939767498966142911_n.jpg?resize=768%2C457&amp;ssl=1 768w, https:\/\/i0.wp.com\/www.shqiperia.com\/blog\/wp-content\/uploads\/2020\/12\/131925231_1793012674180236_7939767498966142911_n.jpg?resize=450%2C268&amp;ssl=1 450w, https:\/\/i0.wp.com\/www.shqiperia.com\/blog\/wp-content\/uploads\/2020\/12\/131925231_1793012674180236_7939767498966142911_n.jpg?resize=600%2C357&amp;ssl=1 600w, https:\/\/i0.wp.com\/www.shqiperia.com\/blog\/wp-content\/uploads\/2020\/12\/131925231_1793012674180236_7939767498966142911_n.jpg?resize=400%2C238&amp;ssl=1 400w, https:\/\/i0.wp.com\/www.shqiperia.com\/blog\/wp-content\/uploads\/2020\/12\/131925231_1793012674180236_7939767498966142911_n.jpg?w=805&amp;ssl=1 805w\" sizes=\"auto, (max-width: 573px) 100vw, 573px\" \/><\/p>\n<p>MJERIM POLITIK DHE KOMB\u00cbTAR<\/p>\n<p>I DEPUTET\u00cbVE T\u00cb REPUBLIK\u00cbS S\u00cb SHQIP\u00cbRIS\u00cb<\/p>\n<h5>Nga <a href=\"https:\/\/www.facebook.com\/gjon.bruci?__cft__%5b0%5d=AZUuF69ukwSTNaC6dj3bUhih_VC6lmBB9BDnVBP2WTl757fZMlX1AsZiXkC0kG3ze3PJCZljg1tj6h1_lBf4z7dthUxRWsBo59D-HuRiYiHcTJZ_q_djxjXfX_Z4evS9XHh2jaDZgWizXiOxIt7TjibsZmEXdUiPUQp9Rc1Gkfz2YveRBC_fstEYS5f7itLKwY4&amp;__tn__=-UC%2CP-y-R\"><strong>Gjon Bru\u00e7i<\/strong><\/a><\/h5>\n<p>-N\u00eb seanc\u00ebn e parlamentit t\u00eb Republik\u00ebs s\u00eb Shqip\u00ebris\u00eb, kur Presidentja e Kosov\u00ebs Vjosa Osmani, mbajti fjalimin e saj p\u00ebrsh\u00ebndet\u00ebs, n\u00eb podiumin e sall\u00ebs mungonin pjesa d\u00ebrmuese e ministrave dhe vet\u00eb Kryeministri Rama. Ky i fundit kishte zgjedhur t\u00eb ishte n\u00eb nj\u00eb video-konferenc\u00eb me Komitetin Teknik kund\u00ebr Covidit, ku ishin t\u00eb ftuar edhe p\u00ebrfaq\u00ebsuesit e Erdoganit.<\/p>\n<p>-Deputet\u00ebt e parlamentit t\u00eb Republik\u00ebs s\u00eb Shqip\u00ebris\u00eb, t\u00eb strukur pas karrikeve t\u00eb sall\u00ebs, mezi arrit\u00ebn t\u00eb l\u00ebshonin disa duartrokitje t\u00eb thata n\u00eb adres\u00eb t\u00eb fjal\u00ebs s\u00eb Presidentes s\u00eb Kosov\u00ebs, zonj\u00ebs Vjosa Osmani, ndon\u00ebse ishte fjalimi m\u00eb konkret dhe m\u00eb i zjarrt\u00eb i nj\u00eb p\u00ebrfaq\u00ebsuesi nga Kosova, mbajtur n\u00eb takimet me v\u00ebllez\u00ebrit n\u00eb Shqip\u00ebri.<\/p>\n<p>Pse na u \u00e7faq\u00ebn kaq t\u00eb zbeht\u00eb deputet\u00ebt dhe vet\u00eb parlamenti i Republik\u00ebs s\u00eb Shqip\u00ebris\u00eb, n\u00eb nj\u00eb koh\u00eb q\u00eb v\u00ebllez\u00ebrit nga Kosova e quajn\u00eb Shqip\u00ebrin\u00eb \u201cSHTETI AM\u00cb\u201d?!<\/p>\n<p>P\u00ebr dy arsye t\u00eb thjeshta por themelore:<\/p>\n<p>N\u00eb fjalimin e saj, zonja Vjosa Osmani, misdis t\u00eb tjerave tha:<\/p>\n<p>\u201cKosova nuk ka nevoj\u00eb p\u00ebr tra t\u00eb vendosur nga Shqip\u00ebria. N\u00eb koh\u00ebn e integrimeve evropiane, vendosja e \u00e7far\u00ebdo barriere komunikimi n\u00eb mes t\u00eb dy vendeve tona \u00ebsht\u00eb kund\u00ebr frym\u00ebs s\u00eb l\u00ebvizjes s\u00eb lir\u00eb dhe forcimit t\u00eb marr\u00ebdh\u00ebnieve nd\u00ebrshtet\u00ebrore e nd\u00ebrshqiptare. Na lini t\u00eb vijm\u00eb n\u00eb Shqip\u00ebri ashtu si\u00e7 desh\u00ebn t\u00eb par\u00ebt tan\u00eb, si\u00e7 duam ne, dhe si\u00e7 do t\u00eb duan f\u00ebmij\u00ebt tan\u00eb!\u201d<\/p>\n<p>K\u00ebsaj k\u00ebrkese, deputet\u00ebt e Republik\u00ebs s\u00eb Shqip\u00ebris\u00eb, nuk mund t\u2019i p\u00ebrgjigjen, sepse nuk jan\u00eb n\u00eb gjendje t\u00eb heqin traun e dogan\u00ebs q\u00eb Kryedeputeti \/ Kryeministri ka vendosur n\u00eb Morin\u00eb.<\/p>\n<p>M\u00eb posht\u00eb, Presidentja e Kosov\u00ebs, Vjosa Osmani tha:<\/p>\n<p>\u201cI b\u00ebj thirrje k\u00ebtij Kuvendi t\u00eb nderuar q\u00eb t\u2019i bashkohet Kuvendit t\u00eb Republik\u00ebs s\u00eb Kosov\u00ebs n\u00eb miratimin e Rezolut\u00ebs q\u00eb d\u00ebnon gjenocidin serb, sepse vet\u00ebm at\u00ebher\u00eb kur i bashkojm\u00eb z\u00ebrat tan\u00eb, ata do t\u00eb d\u00ebgjohen edhe p\u00ebrtej Kosov\u00ebs e p\u00ebrtej Shqip\u00ebris\u00eb\u201c.<\/p>\n<p>Edhe n\u00eb k\u00ebt\u00eb pik\u00eb, deputet\u00ebt e Republik\u00ebs s\u00eb Shqip\u00ebris\u00eb, jan\u00eb t\u00eb pafuqish\u00ebm. Thirrjes s\u00eb Vjosa Osmanit, p\u00ebr miratimin e Rezolut\u00ebs q\u00eb d\u00ebnon gjenocidin serb mbi shqiptar\u00ebt, nuk mund t\u2019i p\u00ebrgjigjen, sepse si\u00e7 ka vendosur Kryedeputeti\/Kryeministri i tyre Edi Rama, me Serbin\u00eb do t\u00eb bashkohen n\u00eb \u201dMinishengenin Ballkanik\u201c.<\/p>\n<p>Pik\u00ebrisht, kur Vjosa Osmani po b\u00ebnte k\u00ebt\u00eb thirrje n\u00eb Parlamentin shqiptar, K\u00ebshilli i Ministrave t\u00eb Republik\u00ebs s\u00eb Shqip\u00ebris\u00eb, po miratonte \u201cMarr\u00ebveshjen Rama- Vu\u00e7i\u00e7\u201c, p\u00ebr l\u00ebvizjen e lir\u00eb Shqip\u00ebri \u2013 Serbi.<\/p>\n<p>A NUK \u00cbSHT\u00cb KY NJ\u00cb MJERIM POLITIK, POR EDHE NJ\u00cb MJERIM KOMB\u00cbTAR P\u00cbR P\u00cbRFAQ\u00cbSUESIT E PARLAMENTIT DHE LIDERUC\u00cbT Q\u00cb PO NA DREJTOJN\u00cb PREJ TRI DEKADASH?!<\/p>\n<p>Huazuar nga FB: Gjon Bruci<\/p>\n","protected":false},"excerpt":{"rendered":"<p>MJERIM POLITIK DHE KOMB\u00cbTAR I DEPUTET\u00cbVE T\u00cb REPUBLIK\u00cbS S\u00cb SHQIP\u00cbRIS\u00cb Nga Gjon Bru\u00e7i -N\u00eb seanc\u00ebn e parlamentit t\u00eb Republik\u00ebs s\u00eb Shqip\u00ebris\u00eb, kur Presidentja e Kosov\u00ebs Vjosa Osmani, mbajti fjalimin e saj p\u00ebrsh\u00ebndet\u00ebs, n\u00eb podiumin e sall\u00ebs mungonin pjesa d\u00ebrmuese e ministrave dhe vet\u00eb Kryeministri Rama. Ky i fundit kishte zgjedhur t\u00eb ishte n\u00eb nj\u00eb video-konferenc\u00eb [&hellip;]<\/p>\n","protected":false},"author":9,"featured_media":42024,"comment_status":"open","ping_status":"open","sticky":false,"template":"","format":"standard","meta":{"jetpack_post_was_ever_published":false,"_jetpack_newsletter_access":"","_jetpack_dont_email_post_to_subs":false,"_jetpack_newsletter_tier_id":0,"_jetpack_memberships_contains_paywalled_content":false,"_jetpack_memberships_contains_paid_content":false,"footnotes":"","jetpack_publicize_message":"","jetpack_publicize_feature_enabled":true,"jetpack_social_post_already_shared":true,"jetpack_social_options":{"image_generator_settings":{"template":"highway","default_image_id":0,"font":"","enabled":false},"version":2}},"categories":[27,2,35],"tags":[],"class_list":["post-42023","post","type-post","status-publish","format-standard","has-post-thumbnail","hentry","category-blogu-i-udhetarit","category-politika","category-shoqerore"],"jetpack_publicize_connections":[],"jetpack_featured_media_url":"https:\/\/i0.wp.com\/www.shqiperia.com\/blog\/wp-content\/uploads\/2020\/12\/131925231_1793012674180236_7939767498966142911_n.jpg?fit=805%2C479&ssl=1","jetpack_sharing_enabled":true,"jetpack_shortlink":"https:\/\/wp.me\/p5Z6wp-aVN","jetpack-related-posts":[{"id":47075,"url":"https:\/\/www.shqiperia.com\/blog\/mesazhe-telefonike-fyese-ne-emer-te-presidentit-te-qytetaret-do-kerkohet-hetim-nderkombetar\/","url_meta":{"origin":42023,"position":0},"title":"Mesazhe telefonike fyese n\u00eb em\u00ebr t\u00eb Presidentit te qytetar\u00ebt, do k\u00ebrkohet hetim nd\u00ebrkomb\u00ebtar","author":"Kurt Farka","date":"April 30, 2021","format":false,"excerpt":"Mesazhe telefonike fyese n\u00eb em\u00ebr t\u00eb Presidentit te qytetar\u00ebt, do k\u00ebrkohet hetim nd\u00ebrkomb\u00ebtar 29.04.2021 K\u00ebshilltari p\u00ebr Media i Presidentit t\u00eb Republik\u00ebs, Tedi Blushi thot\u00eb se persona t\u00eb identifikuar tanim\u00eb, kan\u00eb keqp\u00ebrdorur mesazhe telefonike gjoja n\u00eb em\u00ebr t\u00eb kreut t\u00eb shtetit duke d\u00ebrguar SMS fyese. K\u00ebto akte t\u00eb d\u00ebshp\u00ebruara- shton ai-\u2026","rel":"","context":"In &quot;Blogu i Udh\u00ebtarit&quot;","block_context":{"text":"Blogu i Udh\u00ebtarit","link":"https:\/\/www.shqiperia.com\/blog\/category\/blogu-i-udhetarit\/"},"img":{"alt_text":"","src":"https:\/\/i0.wp.com\/www.shqiperia.com\/blog\/wp-content\/uploads\/2021\/04\/Presidenti-Ilir-Meta.png?fit=764%2C449&ssl=1&resize=350%2C200","width":350,"height":200,"srcset":"https:\/\/i0.wp.com\/www.shqiperia.com\/blog\/wp-content\/uploads\/2021\/04\/Presidenti-Ilir-Meta.png?fit=764%2C449&ssl=1&resize=350%2C200 1x, https:\/\/i0.wp.com\/www.shqiperia.com\/blog\/wp-content\/uploads\/2021\/04\/Presidenti-Ilir-Meta.png?fit=764%2C449&ssl=1&resize=525%2C300 1.5x, https:\/\/i0.wp.com\/www.shqiperia.com\/blog\/wp-content\/uploads\/2021\/04\/Presidenti-Ilir-Meta.png?fit=764%2C449&ssl=1&resize=700%2C400 2x"},"classes":[]},{"id":58507,"url":"https:\/\/www.shqiperia.com\/blog\/spak-pergenjeshtroi-artan-hoxhen-dhe-deklaron-se-shtetasi-nen-hetim-n-d-nuk-ka-deklaruar-asnje-te-dhene-ne-lidhje-me-presidentin-e-republikes-se-shqiperise\/","url_meta":{"origin":42023,"position":1},"title":"SPAK p\u00ebrg\u00ebnjeshtroi Artan Hoxh\u00ebn dhe deklaron se \u201cshtetasi n\u00ebn hetim N.D., nuk ka deklaruar asnj\u00eb t\u00eb dh\u00ebn\u00eb n\u00eb lidhje me Presidentin e Republik\u00ebs s\u00eb Shqip\u00ebris\u00eb\u201d.","author":"Kurt Farka","date":"June 3, 2022","format":false,"excerpt":"3 Qershor 2022 SPAK p\u00ebrg\u00ebnjeshtroi Artan Hoxh\u00ebn dhe deklaron se \u201cshtetasi n\u00ebn hetim N.D., nuk ka deklaruar asnj\u00eb t\u00eb dh\u00ebn\u00eb n\u00eb lidhje me Presidentin e Republik\u00ebs s\u00eb Shqip\u00ebris\u00eb\u201d. Njoftimi SPAK: N\u00eb vijim t\u00eb interesimit t\u00eb shtuar t\u00eb mediave, n\u00eb lidhje me deklarimin e gazetarit Artan Hoxha p\u00ebr sa i p\u00ebrket\u2026","rel":"","context":"In &quot;Blogu i Udh\u00ebtarit&quot;","block_context":{"text":"Blogu i Udh\u00ebtarit","link":"https:\/\/www.shqiperia.com\/blog\/category\/blogu-i-udhetarit\/"},"img":{"alt_text":"","src":"https:\/\/i0.wp.com\/www.shqiperia.com\/blog\/wp-content\/uploads\/2022\/06\/SPAK.jpg?fit=652%2C357&ssl=1&resize=350%2C200","width":350,"height":200,"srcset":"https:\/\/i0.wp.com\/www.shqiperia.com\/blog\/wp-content\/uploads\/2022\/06\/SPAK.jpg?fit=652%2C357&ssl=1&resize=350%2C200 1x, https:\/\/i0.wp.com\/www.shqiperia.com\/blog\/wp-content\/uploads\/2022\/06\/SPAK.jpg?fit=652%2C357&ssl=1&resize=525%2C300 1.5x"},"classes":[]},{"id":54107,"url":"https:\/\/www.shqiperia.com\/blog\/zyrtare-meta-nuk-shkarkohet-gjykata-kushtetuese-shfuqizon-vendimin-e-kuvendit\/","url_meta":{"origin":42023,"position":2},"title":"ZYRTARE: &#8211; Meta nuk shkarkohet. Gjykata Kushtetuese shfuqizon vendimin e Kuvendit","author":"Kurt Farka","date":"February 16, 2022","format":false,"excerpt":"ZYRTARE: - Meta nuk shkarkohet. Gjykata Kushtetuese shfuqizon vendimin e Kuvendit Nga OraNews 16 Shkurt 2022 Gjykata Kushtetuese ka vendosur t\u00eb shfuqizoj\u00eb vendimin e Kuvendit p\u00ebr shkarkimin e Ilir Met\u00ebs nga posti i Presidentit. Shfuqizimin e vendimit nr. 55\/2021, dat\u00eb 09.06.2021 t\u00eb Kuvendit t\u00eb Shqip\u00ebris\u00eb \u201cP\u00ebr shkarkimin e Presidentit t\u00eb\u2026","rel":"","context":"In &quot;Blogu i Udh\u00ebtarit&quot;","block_context":{"text":"Blogu i Udh\u00ebtarit","link":"https:\/\/www.shqiperia.com\/blog\/category\/blogu-i-udhetarit\/"},"img":{"alt_text":"","src":"https:\/\/i0.wp.com\/www.shqiperia.com\/blog\/wp-content\/uploads\/2022\/02\/Ilir-Meta.png?fit=800%2C473&ssl=1&resize=350%2C200","width":350,"height":200,"srcset":"https:\/\/i0.wp.com\/www.shqiperia.com\/blog\/wp-content\/uploads\/2022\/02\/Ilir-Meta.png?fit=800%2C473&ssl=1&resize=350%2C200 1x, https:\/\/i0.wp.com\/www.shqiperia.com\/blog\/wp-content\/uploads\/2022\/02\/Ilir-Meta.png?fit=800%2C473&ssl=1&resize=525%2C300 1.5x, https:\/\/i0.wp.com\/www.shqiperia.com\/blog\/wp-content\/uploads\/2022\/02\/Ilir-Meta.png?fit=800%2C473&ssl=1&resize=700%2C400 2x"},"classes":[]},{"id":17420,"url":"https:\/\/www.shqiperia.com\/blog\/solucion-kimik-ndaj-rames-garda-procedon-penalisht-paloken\/","url_meta":{"origin":42023,"position":3},"title":"\u201cSolucion kimik\u201d ndaj Ram\u00ebs, Garda procedon penalisht Palok\u00ebn. &#8211;","author":"Kurt Farka","date":"February 15, 2019","format":false,"excerpt":"\u201cSolucion kimik\u201d ndaj Ram\u00ebs, Garda procedon penalisht Palok\u00ebn. - 14 shkurt 2019 Nd\u00ebrkoh\u00eb q\u00eb Byroja e Kuvendit e p\u00ebrjashtoi me 10 dit\u00eb deputetin e PD-s\u00eb, nj\u00ebherazi n\u00ebnkryetarin e Parlamentit, Edi Paloka, reagon me deklarat\u00eb zyrtare Garda e Republik\u00ebs dhe Policia e Shtetit. \u201cSot, n\u00eb sall\u00ebn e seancave t\u00eb Kuvendit t\u00eb\u2026","rel":"","context":"In &quot;Blogu i Udh\u00ebtarit&quot;","block_context":{"text":"Blogu i Udh\u00ebtarit","link":"https:\/\/www.shqiperia.com\/blog\/category\/blogu-i-udhetarit\/"},"img":{"alt_text":"","src":"https:\/\/i0.wp.com\/www.shqiperia.com\/blog\/wp-content\/uploads\/2019\/02\/rama-boje-1.jpg?fit=658%2C368&ssl=1&resize=350%2C200","width":350,"height":200,"srcset":"https:\/\/i0.wp.com\/www.shqiperia.com\/blog\/wp-content\/uploads\/2019\/02\/rama-boje-1.jpg?fit=658%2C368&ssl=1&resize=350%2C200 1x, https:\/\/i0.wp.com\/www.shqiperia.com\/blog\/wp-content\/uploads\/2019\/02\/rama-boje-1.jpg?fit=658%2C368&ssl=1&resize=525%2C300 1.5x"},"classes":[]},{"id":22262,"url":"https:\/\/www.shqiperia.com\/blog\/shkresat-ndaj-kqz-per-numrin-e-deputeteve-presidenti-meta-flet-per-shperndarjen-e-parlamentit\/","url_meta":{"origin":42023,"position":4},"title":"Shkresat ndaj KQZ p\u00ebr numrin e deputet\u00ebve, Presidenti Meta flet p\u00ebr shp\u00ebrndarjen e Parlamentit. &#8211;","author":"Kurt Farka","date":"June 25, 2019","format":false,"excerpt":"Shkresat ndaj KQZ p\u00ebr numrin e deputet\u00ebve, Presidenti Meta flet p\u00ebr shp\u00ebrndarjen e Parlamentit. - 25 qershor \u00a02019 Kreu i Shtetit ka folur sot p\u00ebr vendimin e p\u00ebrfolur se do t\u00eb shp\u00ebrndaj\u00eb parlamentin p\u00ebr shkak se nga z\u00ebvend\u00ebsimi i deputet\u00ebve, institucioni i Legjislativit ka mbetur pa 140 mandate. Por Meta\u2026","rel":"","context":"In &quot;Blogu i Udh\u00ebtarit&quot;","block_context":{"text":"Blogu i Udh\u00ebtarit","link":"https:\/\/www.shqiperia.com\/blog\/category\/blogu-i-udhetarit\/"},"img":{"alt_text":"","src":"https:\/\/i0.wp.com\/www.shqiperia.com\/blog\/wp-content\/uploads\/2019\/06\/Meta-qesh-shperndarja.jpg?fit=1188%2C606&ssl=1&resize=350%2C200","width":350,"height":200,"srcset":"https:\/\/i0.wp.com\/www.shqiperia.com\/blog\/wp-content\/uploads\/2019\/06\/Meta-qesh-shperndarja.jpg?fit=1188%2C606&ssl=1&resize=350%2C200 1x, https:\/\/i0.wp.com\/www.shqiperia.com\/blog\/wp-content\/uploads\/2019\/06\/Meta-qesh-shperndarja.jpg?fit=1188%2C606&ssl=1&resize=525%2C300 1.5x, https:\/\/i0.wp.com\/www.shqiperia.com\/blog\/wp-content\/uploads\/2019\/06\/Meta-qesh-shperndarja.jpg?fit=1188%2C606&ssl=1&resize=700%2C400 2x, https:\/\/i0.wp.com\/www.shqiperia.com\/blog\/wp-content\/uploads\/2019\/06\/Meta-qesh-shperndarja.jpg?fit=1188%2C606&ssl=1&resize=1050%2C600 3x"},"classes":[]},{"id":39232,"url":"https:\/\/www.shqiperia.com\/blog\/nxori-fakte-se-familaj-mbreterore-serbe-karadjordjevic-eshte-me-prejardhje-shqiptare-malazezi-fyhet-e-kercenohet-nga-deputeti-serb\/","url_meta":{"origin":42023,"position":5},"title":"Nxori fakte se familaj mbret\u00ebrore serbe Karadjordjevic \u00ebsht\u00eb me prejardhje shqiptare: &#8211; Malazezi fyhet e k\u00ebrc\u00ebnohet nga deputeti serb","author":"Kurt Farka","date":"October 4, 2020","format":false,"excerpt":"Nxori fakte se familaj mbret\u00ebrore serbe Karadjordjevic \u00ebsht\u00eb me prejardhje shqiptare: - Malazezi fyhet e k\u00ebrc\u00ebnohet nga deputeti serb \u00cbsht\u00eb b\u00ebr\u00eb polemik\u00eb e madh n\u00eb Twitter pas postimi t\u00eb nj\u00eb fotografie, ku Princi Pavle i Jugosllavis\u00eb ishte me veshje komb\u00ebtare shqiptare, e ai q\u00eb ka r\u00ebn\u00eb sy \u00ebsht\u00eb reagimi q\u00eb\u2026","rel":"","context":"In &quot;Blogu i Udh\u00ebtarit&quot;","block_context":{"text":"Blogu i Udh\u00ebtarit","link":"https:\/\/www.shqiperia.com\/blog\/category\/blogu-i-udhetarit\/"},"img":{"alt_text":"","src":"https:\/\/i0.wp.com\/www.shqiperia.com\/blog\/wp-content\/uploads\/2020\/10\/Screenshot_601.jpg?fit=676%2C305&ssl=1&resize=350%2C200","width":350,"height":200,"srcset":"https:\/\/i0.wp.com\/www.shqiperia.com\/blog\/wp-content\/uploads\/2020\/10\/Screenshot_601.jpg?fit=676%2C305&ssl=1&resize=350%2C200 1x, https:\/\/i0.wp.com\/www.shqiperia.com\/blog\/wp-content\/uploads\/2020\/10\/Screenshot_601.jpg?fit=676%2C305&ssl=1&resize=525%2C300 1.5x"},"classes":[]}],"_links":{"self":[{"href":"https:\/\/www.shqiperia.com\/blog\/wp-json\/wp\/v2\/posts\/42023","targetHints":{"allow":["GET"]}}],"collection":[{"href":"https:\/\/www.shqiperia.com\/blog\/wp-json\/wp\/v2\/posts"}],"about":[{"href":"https:\/\/www.shqiperia.com\/blog\/wp-json\/wp\/v2\/types\/post"}],"author":[{"embeddable":true,"href":"https:\/\/www.shqiperia.com\/blog\/wp-json\/wp\/v2\/users\/9"}],"replies":[{"embeddable":true,"href":"https:\/\/www.shqiperia.com\/blog\/wp-json\/wp\/v2\/comments?post=42023"}],"version-history":[{"count":1,"href":"https:\/\/www.shqiperia.com\/blog\/wp-json\/wp\/v2\/posts\/42023\/revisions"}],"predecessor-version":[{"id":42025,"href":"https:\/\/www.shqiperia.com\/blog\/wp-json\/wp\/v2\/posts\/42023\/revisions\/42025"}],"wp:featuredmedia":[{"embeddable":true,"href":"https:\/\/www.shqiperia.com\/blog\/wp-json\/wp\/v2\/media\/42024"}],"wp:attachment":[{"href":"https:\/\/www.shqiperia.com\/blog\/wp-json\/wp\/v2\/media?parent=42023"}],"wp:term":[{"taxonomy":"category","embeddable":true,"href":"https:\/\/www.shqiperia.com\/blog\/wp-json\/wp\/v2\/categories?post=42023"},{"taxonomy":"post_tag","embeddable":true,"href":"https:\/\/www.shqiperia.com\/blog\/wp-json\/wp\/v2\/tags?post=42023"}],"curies":[{"name":"wp","href":"https:\/\/api.w.org\/{rel}","templated":true}]}}