{"id":42020,"date":"2020-12-17T21:31:07","date_gmt":"2020-12-17T21:31:07","guid":{"rendered":"https:\/\/www.shqiperia.com\/blog\/?p=42020"},"modified":"2020-12-17T21:31:07","modified_gmt":"2020-12-17T21:31:07","slug":"e-papritur-gjykata-e-katanias-rikthen-ne-burg-moisi-habilajn-ja-me-sa-vite-e-denon","status":"publish","type":"post","link":"https:\/\/www.shqiperia.com\/blog\/e-papritur-gjykata-e-katanias-rikthen-ne-burg-moisi-habilajn-ja-me-sa-vite-e-denon\/","title":{"rendered":"E papritur! Gjykata e Katanias rikthen n\u00eb burg Moisi Habilajn, ja me sa vite e d\u00ebnon"},"content":{"rendered":"<p><img data-recalc-dims=\"1\" loading=\"lazy\" decoding=\"async\" data-attachment-id=\"42021\" data-permalink=\"https:\/\/www.shqiperia.com\/blog\/e-papritur-gjykata-e-katanias-rikthen-ne-burg-moisi-habilajn-ja-me-sa-vite-e-denon\/800-0-5fdbcc49db3f2\/\" data-orig-file=\"https:\/\/i0.wp.com\/www.shqiperia.com\/blog\/wp-content\/uploads\/2020\/12\/800-0-5fdbcc49db3f2.jpg?fit=800%2C451&amp;ssl=1\" data-orig-size=\"800,451\" data-comments-opened=\"1\" data-image-meta=\"{&quot;aperture&quot;:&quot;0&quot;,&quot;credit&quot;:&quot;&quot;,&quot;camera&quot;:&quot;&quot;,&quot;caption&quot;:&quot;&quot;,&quot;created_timestamp&quot;:&quot;0&quot;,&quot;copyright&quot;:&quot;&quot;,&quot;focal_length&quot;:&quot;0&quot;,&quot;iso&quot;:&quot;0&quot;,&quot;shutter_speed&quot;:&quot;0&quot;,&quot;title&quot;:&quot;&quot;,&quot;orientation&quot;:&quot;0&quot;}\" data-image-title=\"-800-0-5fdbcc49db3f2\" data-image-description=\"\" data-image-caption=\"\" data-medium-file=\"https:\/\/i0.wp.com\/www.shqiperia.com\/blog\/wp-content\/uploads\/2020\/12\/800-0-5fdbcc49db3f2.jpg?fit=300%2C169&amp;ssl=1\" data-large-file=\"https:\/\/i0.wp.com\/www.shqiperia.com\/blog\/wp-content\/uploads\/2020\/12\/800-0-5fdbcc49db3f2.jpg?fit=800%2C451&amp;ssl=1\" class=\"alignnone  wp-image-42021\" alt=\"\" src=\"https:\/\/i0.wp.com\/www.shqiperia.com\/blog\/wp-content\/uploads\/2020\/12\/800-0-5fdbcc49db3f2.jpg?resize=515%2C290&#038;ssl=1\" width=\"515\" height=\"290\" srcset=\"https:\/\/i0.wp.com\/www.shqiperia.com\/blog\/wp-content\/uploads\/2020\/12\/800-0-5fdbcc49db3f2.jpg?resize=300%2C169&amp;ssl=1 300w, https:\/\/i0.wp.com\/www.shqiperia.com\/blog\/wp-content\/uploads\/2020\/12\/800-0-5fdbcc49db3f2.jpg?resize=768%2C433&amp;ssl=1 768w, https:\/\/i0.wp.com\/www.shqiperia.com\/blog\/wp-content\/uploads\/2020\/12\/800-0-5fdbcc49db3f2.jpg?resize=450%2C254&amp;ssl=1 450w, https:\/\/i0.wp.com\/www.shqiperia.com\/blog\/wp-content\/uploads\/2020\/12\/800-0-5fdbcc49db3f2.jpg?resize=600%2C338&amp;ssl=1 600w, https:\/\/i0.wp.com\/www.shqiperia.com\/blog\/wp-content\/uploads\/2020\/12\/800-0-5fdbcc49db3f2.jpg?resize=400%2C226&amp;ssl=1 400w, https:\/\/i0.wp.com\/www.shqiperia.com\/blog\/wp-content\/uploads\/2020\/12\/800-0-5fdbcc49db3f2.jpg?w=800&amp;ssl=1 800w\" sizes=\"auto, (max-width: 515px) 100vw, 515px\" \/><\/p>\n<p>E papritur! Gjykata e Katanias rikthen n\u00eb burg Moisi Habilajn, ja me sa vite e d\u00ebnon<\/p>\n<p>17 DHJETOR 2020<\/p>\n<p>Gjykata e Apelit n\u00eb Katania\u00a0d\u00ebnon me 15 vite burg\u00a0Moisi Habilajn duke l\u00ebn\u00eb n\u00eb fuqi vendimin e gjykat\u00ebs s\u00eb Shkall\u00ebs s\u00eb Par\u00eb.<\/p>\n<p>Kujtojm\u00eb se Gjykata n\u00eb maj\u00a0ndryshoi mas\u00ebn e siguris\u00eb duke e nxjerr\u00eb nga qelia n\u00eb &#8220;arrest sht\u00ebpie&#8221; Moisi Habilajn.<\/p>\n<p>Gazeta Sot<\/p>\n","protected":false},"excerpt":{"rendered":"<p>E papritur! Gjykata e Katanias rikthen n\u00eb burg Moisi Habilajn, ja me sa vite e d\u00ebnon 17 DHJETOR 2020 Gjykata e Apelit n\u00eb Katania\u00a0d\u00ebnon me 15 vite burg\u00a0Moisi Habilajn duke l\u00ebn\u00eb n\u00eb fuqi vendimin e gjykat\u00ebs s\u00eb Shkall\u00ebs s\u00eb Par\u00eb. Kujtojm\u00eb se Gjykata n\u00eb maj\u00a0ndryshoi mas\u00ebn e siguris\u00eb duke e nxjerr\u00eb nga qelia n\u00eb &#8220;arrest [&hellip;]<\/p>\n","protected":false},"author":9,"featured_media":42021,"comment_status":"open","ping_status":"open","sticky":false,"template":"","format":"standard","meta":{"jetpack_post_was_ever_published":false,"_jetpack_newsletter_access":"","_jetpack_dont_email_post_to_subs":false,"_jetpack_newsletter_tier_id":0,"_jetpack_memberships_contains_paywalled_content":false,"_jetpack_memberships_contains_paid_content":false,"footnotes":"","jetpack_publicize_message":"","jetpack_publicize_feature_enabled":true,"jetpack_social_post_already_shared":true,"jetpack_social_options":{"image_generator_settings":{"template":"highway","default_image_id":0,"font":"","enabled":false},"version":2}},"categories":[27,1,2],"tags":[],"class_list":["post-42020","post","type-post","status-publish","format-standard","has-post-thumbnail","hentry","category-blogu-i-udhetarit","category-njoftime-shtypi","category-politika"],"jetpack_publicize_connections":[],"jetpack_featured_media_url":"https:\/\/i0.wp.com\/www.shqiperia.com\/blog\/wp-content\/uploads\/2020\/12\/800-0-5fdbcc49db3f2.jpg?fit=800%2C451&ssl=1","jetpack_sharing_enabled":true,"jetpack_shortlink":"https:\/\/wp.me\/p5Z6wp-aVK","jetpack-related-posts":[{"id":43214,"url":"https:\/\/www.shqiperia.com\/blog\/gjykata-e-larte-kalon-per-gjykim-dosjen-tahiri\/","url_meta":{"origin":42020,"position":0},"title":"Gjykata e Lart\u00eb kalon p\u00ebr gjykim dosjen \u201cTahiri\u201d","author":"Kurt Farka","date":"January 23, 2021","format":false,"excerpt":"Gjykata e Lart\u00eb kalon p\u00ebr gjykim dosjen \u201cTahiri\u201d - 22\/01\/21 Gjykata e Lart\u00eb kalon p\u00ebr gjykim dosjen penale ndaj ish-ministrit t\u00eb Brendsh\u00ebm Saimir Tahiri dhe ish-drejtorit t\u00eb Policis\u00eb s\u00eb Vlor\u00ebs, Jaeld \u00c7ela. Vendimi \u00ebsht\u00eb marr\u00eb n\u00eb dhom\u00ebn e k\u00ebshillimit. Ish-ministri \u00ebsht\u00eb d\u00ebnuar nga Krimet e R\u00ebnda p\u00ebr shp\u00ebrdorim detyre me\u2026","rel":"","context":"In &quot;Blogu i Udh\u00ebtarit&quot;","block_context":{"text":"Blogu i Udh\u00ebtarit","link":"https:\/\/www.shqiperia.com\/blog\/category\/blogu-i-udhetarit\/"},"img":{"alt_text":"","src":"https:\/\/i0.wp.com\/www.shqiperia.com\/blog\/wp-content\/uploads\/2021\/01\/TAHIRI-VERDIKTI_frame_128-1024x576-1.jpg?fit=1024%2C576&ssl=1&resize=350%2C200","width":350,"height":200,"srcset":"https:\/\/i0.wp.com\/www.shqiperia.com\/blog\/wp-content\/uploads\/2021\/01\/TAHIRI-VERDIKTI_frame_128-1024x576-1.jpg?fit=1024%2C576&ssl=1&resize=350%2C200 1x, https:\/\/i0.wp.com\/www.shqiperia.com\/blog\/wp-content\/uploads\/2021\/01\/TAHIRI-VERDIKTI_frame_128-1024x576-1.jpg?fit=1024%2C576&ssl=1&resize=525%2C300 1.5x, https:\/\/i0.wp.com\/www.shqiperia.com\/blog\/wp-content\/uploads\/2021\/01\/TAHIRI-VERDIKTI_frame_128-1024x576-1.jpg?fit=1024%2C576&ssl=1&resize=700%2C400 2x"},"classes":[]},{"id":29456,"url":"https:\/\/www.shqiperia.com\/blog\/gjykata-jep-vendimet-per-ceshtjen-babale-ja-me-sa-vite-burg-denohet-ervin-salianji-dhe-3-te-akuzuarit-e-tjere\/","url_meta":{"origin":42020,"position":1},"title":"Gjykata jep vendimet p\u00ebr \u00e7\u00ebshtjen \u2018Babale\u2019, ja me sa vite burg d\u00ebnohet Ervin Salianji dhe 3 t\u00eb akuzuarit e tjer\u00eb. &#8211;","author":"Kurt Farka","date":"December 18, 2019","format":false,"excerpt":"Gjykata jep vendimet p\u00ebr \u00e7\u00ebshtjen \u2018Babale\u2019, ja me sa vite burg d\u00ebnohet Ervin Salianji dhe 3 t\u00eb akuzuarit e tjer\u00eb 18 dhjetor 2019 Gjykata vendosi sot t\u00eb shpall\u00eb fajtor Albert Veliun i njohur edhe me nofken Babale dhe shpalli d\u00ebnimin e tij me 3.5 vite burg. Gjykata vendosi gjithashtu deklarimin\u2026","rel":"","context":"In &quot;Njoftime Shtypi&quot;","block_context":{"text":"Njoftime Shtypi","link":"https:\/\/www.shqiperia.com\/blog\/category\/njoftime-shtypi\/"},"img":{"alt_text":"","src":"https:\/\/i0.wp.com\/www.shqiperia.com\/blog\/wp-content\/uploads\/2019\/12\/Salianji-1.jpg?fit=1135%2C642&ssl=1&resize=350%2C200","width":350,"height":200,"srcset":"https:\/\/i0.wp.com\/www.shqiperia.com\/blog\/wp-content\/uploads\/2019\/12\/Salianji-1.jpg?fit=1135%2C642&ssl=1&resize=350%2C200 1x, https:\/\/i0.wp.com\/www.shqiperia.com\/blog\/wp-content\/uploads\/2019\/12\/Salianji-1.jpg?fit=1135%2C642&ssl=1&resize=525%2C300 1.5x, https:\/\/i0.wp.com\/www.shqiperia.com\/blog\/wp-content\/uploads\/2019\/12\/Salianji-1.jpg?fit=1135%2C642&ssl=1&resize=700%2C400 2x, https:\/\/i0.wp.com\/www.shqiperia.com\/blog\/wp-content\/uploads\/2019\/12\/Salianji-1.jpg?fit=1135%2C642&ssl=1&resize=1050%2C600 3x"},"classes":[]},{"id":53736,"url":"https:\/\/www.shqiperia.com\/blog\/tahiri-ne-burg-ish-ministrit-iu-lejua-te-bente-nje-telefonate-do-dale-nga-gjykata-me-pranga-ne-duar\/","url_meta":{"origin":42020,"position":2},"title":"Tahiri n\u00eb burg, ish-ministrit iu lejua t\u00eb b\u00ebnte nj\u00eb telefonat\u00eb, do dal\u00eb nga gjykata me pranga n\u00eb duar","author":"Kurt Farka","date":"February 4, 2022","format":false,"excerpt":"Tahiri n\u00eb burg, ish-ministrit iu lejua t\u00eb b\u00ebnte nj\u00eb telefonat\u00eb, do dal\u00eb nga gjykata me pranga n\u00eb duar 04 Shkurt, 2022 GJKKO ka vendosur sot d\u00ebnim me burg p\u00ebr ish-ministrin e Brendsh\u00ebm Saimir Tahiraj. Trupa gjykuese ka l\u00ebn\u00eb n\u00eb fuqi vendimin e par\u00eb t\u00eb dh\u00ebn\u00eb ndaj ish-ministrit, por me nj\u00eb\u2026","rel":"","context":"In &quot;Blogu i Udh\u00ebtarit&quot;","block_context":{"text":"Blogu i Udh\u00ebtarit","link":"https:\/\/www.shqiperia.com\/blog\/category\/blogu-i-udhetarit\/"},"img":{"alt_text":"","src":"https:\/\/i0.wp.com\/www.shqiperia.com\/blog\/wp-content\/uploads\/2022\/02\/e6a629b7-8ec5-4b85-84c5-a4453009e2c0-675x450-1.jpg?fit=625%2C348&ssl=1&resize=350%2C200","width":350,"height":200,"srcset":"https:\/\/i0.wp.com\/www.shqiperia.com\/blog\/wp-content\/uploads\/2022\/02\/e6a629b7-8ec5-4b85-84c5-a4453009e2c0-675x450-1.jpg?fit=625%2C348&ssl=1&resize=350%2C200 1x, https:\/\/i0.wp.com\/www.shqiperia.com\/blog\/wp-content\/uploads\/2022\/02\/e6a629b7-8ec5-4b85-84c5-a4453009e2c0-675x450-1.jpg?fit=625%2C348&ssl=1&resize=525%2C300 1.5x"},"classes":[]},{"id":56924,"url":"https:\/\/www.shqiperia.com\/blog\/kerkon-denimin-per-trafik-droge-spak-rekurs-ne-gjk-per-ish-ministrin-saimir-tahiri\/","url_meta":{"origin":42020,"position":3},"title":"K\u00ebrkon d\u00ebnimin p\u00ebr trafik droge. &#8211; SPAK rekurs n\u00eb GJK p\u00ebr ish-ministrin Saimir Tahiri","author":"Kurt Farka","date":"April 19, 2022","format":false,"excerpt":"K\u00ebrkon d\u00ebnimin p\u00ebr trafik droge. - SPAK rekurs n\u00eb GJK p\u00ebr ish-ministrin Saimir Tahiri 19 PRILL 2022 SPAK ka b\u00ebr\u00eb rekurs n\u00eb Gjykat\u00ebn e Lart\u00eb p\u00ebr vendimin me 3 vite e 4 muaj burg p\u00ebr ish-ministrin e Brendsh\u00ebm, Saimir Tahiri. SPAK k\u00ebrkon cil\u00ebsimin e vepr\u00ebs \u201cTrafikim n\u00eb kuad\u00ebr grupit strukturuar\u201d,\u2026","rel":"","context":"In &quot;Blogu i Udh\u00ebtarit&quot;","block_context":{"text":"Blogu i Udh\u00ebtarit","link":"https:\/\/www.shqiperia.com\/blog\/category\/blogu-i-udhetarit\/"},"img":{"alt_text":"","src":"https:\/\/i0.wp.com\/www.shqiperia.com\/blog\/wp-content\/uploads\/2022\/04\/640-0-625e7e9121106.jpg?fit=640%2C360&ssl=1&resize=350%2C200","width":350,"height":200,"srcset":"https:\/\/i0.wp.com\/www.shqiperia.com\/blog\/wp-content\/uploads\/2022\/04\/640-0-625e7e9121106.jpg?fit=640%2C360&ssl=1&resize=350%2C200 1x, https:\/\/i0.wp.com\/www.shqiperia.com\/blog\/wp-content\/uploads\/2022\/04\/640-0-625e7e9121106.jpg?fit=640%2C360&ssl=1&resize=525%2C300 1.5x"},"classes":[]},{"id":81355,"url":"https:\/\/www.shqiperia.com\/blog\/gjykata-e-larte-rrezon-rekursin-e-izet-haxhise-le-ne-fuqi-denimin-me-21-vite-burg\/","url_meta":{"origin":42020,"position":4},"title":"Gjykata e Lart\u00eb rr\u00ebzon rekursin e Izet Haxhis\u00eb, l\u00eb n\u00eb fuqi d\u00ebnimin me 21 vite burg","author":"Kurt Farka","date":"May 26, 2024","format":false,"excerpt":"26 Maji 2024 Gjykata e Lart\u00eb ka l\u00ebn\u00eb n\u00eb fuqi vendimin e Apelit t\u00eb vitit 2022, duke l\u00ebn\u00eb n\u00eb fuqi d\u00ebnimin me 21 vite burg t\u00eb Izet Haxhis\u00eb p\u00ebr vrasjen e bujshme t\u00eb Azem Hajdari n\u00eb vitin 1998. Izet Haxhia k\u00ebrkonte prishjen e vendimit dhe kthimin e \u00e7\u00ebshtjes p\u00ebr rigjykim\u2026","rel":"","context":"In &quot;Blogu i Udh\u00ebtarit&quot;","block_context":{"text":"Blogu i Udh\u00ebtarit","link":"https:\/\/www.shqiperia.com\/blog\/category\/blogu-i-udhetarit\/"},"img":{"alt_text":"","src":"https:\/\/i0.wp.com\/www.shqiperia.com\/blog\/wp-content\/uploads\/2024\/05\/1000-0-IZET-HAXHIA-NIS-GJYQI_frame_14.jpg?fit=1000%2C562&ssl=1&resize=350%2C200","width":350,"height":200,"srcset":"https:\/\/i0.wp.com\/www.shqiperia.com\/blog\/wp-content\/uploads\/2024\/05\/1000-0-IZET-HAXHIA-NIS-GJYQI_frame_14.jpg?fit=1000%2C562&ssl=1&resize=350%2C200 1x, https:\/\/i0.wp.com\/www.shqiperia.com\/blog\/wp-content\/uploads\/2024\/05\/1000-0-IZET-HAXHIA-NIS-GJYQI_frame_14.jpg?fit=1000%2C562&ssl=1&resize=525%2C300 1.5x, https:\/\/i0.wp.com\/www.shqiperia.com\/blog\/wp-content\/uploads\/2024\/05\/1000-0-IZET-HAXHIA-NIS-GJYQI_frame_14.jpg?fit=1000%2C562&ssl=1&resize=700%2C400 2x"},"classes":[]},{"id":7288,"url":"https:\/\/www.shqiperia.com\/blog\/gjykata-vendos-arrest-shtepie-per-saimir-tahirin\/","url_meta":{"origin":42020,"position":5},"title":"Gjykata vendos \u201carrest sht\u00ebpie\u201d p\u00ebr Saimir Tahirin. &#8211;","author":"Kurt Farka","date":"May 12, 2018","format":false,"excerpt":"Gjykata vendos \u201carrest sht\u00ebpie\u201d p\u00ebr Saimir Tahirin Gjykata ka vendosur mas\u00ebn e siguris\u00eb \u201carrest sht\u00ebpie\u201d p\u00ebr ish-ministrin e Brendsh\u00ebm Saimir Tahiri. Kjo mas\u00eb vjen pak dit\u00eb pasi Tahiri dha dor\u00ebheqjen si deputet i pavarur, dhe pranoi t\u00eb hetohet si qytetar i lir\u00eb p\u00ebr akuzat e p\u00ebrfshirjes n\u00eb trafik droge me\u2026","rel":"","context":"In &quot;Politika&quot;","block_context":{"text":"Politika","link":"https:\/\/www.shqiperia.com\/blog\/category\/politika\/"},"img":{"alt_text":"","src":"https:\/\/i0.wp.com\/www.shqiperia.com\/blog\/wp-content\/uploads\/2018\/05\/prokuroret-1200x630.jpg?fit=884%2C532&ssl=1&resize=350%2C200","width":350,"height":200,"srcset":"https:\/\/i0.wp.com\/www.shqiperia.com\/blog\/wp-content\/uploads\/2018\/05\/prokuroret-1200x630.jpg?fit=884%2C532&ssl=1&resize=350%2C200 1x, https:\/\/i0.wp.com\/www.shqiperia.com\/blog\/wp-content\/uploads\/2018\/05\/prokuroret-1200x630.jpg?fit=884%2C532&ssl=1&resize=525%2C300 1.5x, https:\/\/i0.wp.com\/www.shqiperia.com\/blog\/wp-content\/uploads\/2018\/05\/prokuroret-1200x630.jpg?fit=884%2C532&ssl=1&resize=700%2C400 2x"},"classes":[]}],"_links":{"self":[{"href":"https:\/\/www.shqiperia.com\/blog\/wp-json\/wp\/v2\/posts\/42020","targetHints":{"allow":["GET"]}}],"collection":[{"href":"https:\/\/www.shqiperia.com\/blog\/wp-json\/wp\/v2\/posts"}],"about":[{"href":"https:\/\/www.shqiperia.com\/blog\/wp-json\/wp\/v2\/types\/post"}],"author":[{"embeddable":true,"href":"https:\/\/www.shqiperia.com\/blog\/wp-json\/wp\/v2\/users\/9"}],"replies":[{"embeddable":true,"href":"https:\/\/www.shqiperia.com\/blog\/wp-json\/wp\/v2\/comments?post=42020"}],"version-history":[{"count":1,"href":"https:\/\/www.shqiperia.com\/blog\/wp-json\/wp\/v2\/posts\/42020\/revisions"}],"predecessor-version":[{"id":42022,"href":"https:\/\/www.shqiperia.com\/blog\/wp-json\/wp\/v2\/posts\/42020\/revisions\/42022"}],"wp:featuredmedia":[{"embeddable":true,"href":"https:\/\/www.shqiperia.com\/blog\/wp-json\/wp\/v2\/media\/42021"}],"wp:attachment":[{"href":"https:\/\/www.shqiperia.com\/blog\/wp-json\/wp\/v2\/media?parent=42020"}],"wp:term":[{"taxonomy":"category","embeddable":true,"href":"https:\/\/www.shqiperia.com\/blog\/wp-json\/wp\/v2\/categories?post=42020"},{"taxonomy":"post_tag","embeddable":true,"href":"https:\/\/www.shqiperia.com\/blog\/wp-json\/wp\/v2\/tags?post=42020"}],"curies":[{"name":"wp","href":"https:\/\/api.w.org\/{rel}","templated":true}]}}