{"id":42010,"date":"2020-12-17T14:55:08","date_gmt":"2020-12-17T14:55:08","guid":{"rendered":"https:\/\/www.shqiperia.com\/blog\/?p=42010"},"modified":"2020-12-17T15:00:00","modified_gmt":"2020-12-17T15:00:00","slug":"rrefimi-prekes-i-vjosa-osmanit-gjyshi-vdiq-nga-serbet-xhaxhai-u-varros-i-gjalle-nga-enver-hoxha","status":"publish","type":"post","link":"https:\/\/www.shqiperia.com\/blog\/rrefimi-prekes-i-vjosa-osmanit-gjyshi-vdiq-nga-serbet-xhaxhai-u-varros-i-gjalle-nga-enver-hoxha\/","title":{"rendered":"Rr\u00ebfimi prek\u00ebs i Vjosa Osmanit: Gjyshi vdiq nga serb\u00ebt, xhaxhai u varros i gjall\u00eb nga Enver Hoxha"},"content":{"rendered":"<p><img data-recalc-dims=\"1\" loading=\"lazy\" decoding=\"async\" data-attachment-id=\"42012\" data-permalink=\"https:\/\/www.shqiperia.com\/blog\/rrefimi-prekes-i-vjosa-osmanit-gjyshi-vdiq-nga-serbet-xhaxhai-u-varros-i-gjalle-nga-enver-hoxha\/vjosa-osmani\/\" data-orig-file=\"https:\/\/i0.wp.com\/www.shqiperia.com\/blog\/wp-content\/uploads\/2020\/12\/Vjosa-Osmani.jpg?fit=1280%2C720&amp;ssl=1\" data-orig-size=\"1280,720\" data-comments-opened=\"1\" data-image-meta=\"{&quot;aperture&quot;:&quot;0&quot;,&quot;credit&quot;:&quot;&quot;,&quot;camera&quot;:&quot;&quot;,&quot;caption&quot;:&quot;&quot;,&quot;created_timestamp&quot;:&quot;0&quot;,&quot;copyright&quot;:&quot;&quot;,&quot;focal_length&quot;:&quot;0&quot;,&quot;iso&quot;:&quot;0&quot;,&quot;shutter_speed&quot;:&quot;0&quot;,&quot;title&quot;:&quot;&quot;,&quot;orientation&quot;:&quot;0&quot;}\" data-image-title=\"Vjosa Osmani\" data-image-description=\"\" data-image-caption=\"\" data-medium-file=\"https:\/\/i0.wp.com\/www.shqiperia.com\/blog\/wp-content\/uploads\/2020\/12\/Vjosa-Osmani.jpg?fit=300%2C169&amp;ssl=1\" data-large-file=\"https:\/\/i0.wp.com\/www.shqiperia.com\/blog\/wp-content\/uploads\/2020\/12\/Vjosa-Osmani.jpg?fit=1024%2C576&amp;ssl=1\" class=\"alignnone wp-image-42012\" alt=\"\" src=\"https:\/\/i0.wp.com\/www.shqiperia.com\/blog\/wp-content\/uploads\/2020\/12\/Vjosa-Osmani.jpg?resize=566%2C319&#038;ssl=1\" width=\"566\" height=\"319\" srcset=\"https:\/\/i0.wp.com\/www.shqiperia.com\/blog\/wp-content\/uploads\/2020\/12\/Vjosa-Osmani.jpg?resize=300%2C169&amp;ssl=1 300w, https:\/\/i0.wp.com\/www.shqiperia.com\/blog\/wp-content\/uploads\/2020\/12\/Vjosa-Osmani.jpg?resize=1024%2C576&amp;ssl=1 1024w, https:\/\/i0.wp.com\/www.shqiperia.com\/blog\/wp-content\/uploads\/2020\/12\/Vjosa-Osmani.jpg?resize=768%2C432&amp;ssl=1 768w, https:\/\/i0.wp.com\/www.shqiperia.com\/blog\/wp-content\/uploads\/2020\/12\/Vjosa-Osmani.jpg?resize=450%2C253&amp;ssl=1 450w, https:\/\/i0.wp.com\/www.shqiperia.com\/blog\/wp-content\/uploads\/2020\/12\/Vjosa-Osmani.jpg?resize=600%2C338&amp;ssl=1 600w, https:\/\/i0.wp.com\/www.shqiperia.com\/blog\/wp-content\/uploads\/2020\/12\/Vjosa-Osmani.jpg?resize=400%2C225&amp;ssl=1 400w, https:\/\/i0.wp.com\/www.shqiperia.com\/blog\/wp-content\/uploads\/2020\/12\/Vjosa-Osmani.jpg?w=1280&amp;ssl=1 1280w\" sizes=\"auto, (max-width: 566px) 100vw, 566px\" \/><\/p>\n<p><strong>Rr\u00ebfimi prek\u00ebs i Vjosa Osmanit: Gjyshi vdiq nga serb\u00ebt, xhaxhai u varros i gjall\u00eb nga Enver Hoxha<\/strong><\/p>\n<p>&#8211; 17\/12\/20<\/p>\n<p><strong><em>\u201cT\u00eb punojm\u00eb bashk\u00eb t\u00eb gjith\u00eb si dy shtete sovrane me dy flamuj por me nj\u00eb shpirt q\u00eb kurr\u00eb nuk ka mundur askush ta mposht\u00eb. Populli m\u00eb paqedash\u00ebs, m\u00eb proevropian e m\u00eb proamerikan dhe t\u2019i tregojm\u00eb bot\u00ebs mbar\u00eb se ne mund dhe do t\u2019ia dalim\u201d.<\/em><\/strong><\/p>\n<p>K\u00ebto ishin disa nga mesazhet e fjal\u00ebs s\u00eb presidentes n\u00eb detyr\u00eb t\u00eb Kosov\u00ebs Vjosa Osmani gjat\u00eb vizit\u00ebs n\u00eb Parlamentin Shqiptar ku mbajti nj\u00eb fjalim t\u00eb qart\u00eb dhe t\u00eb fort\u00eb.<\/p>\n<p>Osani p\u00ebrmendi dhe traun mes dy vendeve, duke theksuar se n\u00eb koh\u00ebn e integrimit europian vendosja e \u00e7far\u00ebdo barriere komunikimi mes dy vendeve tona \u00ebsht\u00eb kund\u00ebr frym\u00ebs s\u00eb l\u00ebvizjes s\u00eb lir\u00eb dhe forcimit t\u00eb marr\u00ebdh\u00ebnieve nd\u00ebrshtet\u00ebrore e nd\u00ebrshqiptare.<\/p>\n<p>Nd\u00ebrkaq Osmani ka treguar dhe nj\u00eb pjes\u00eb t\u00eb historis\u00eb s\u00eb saj familjare, p\u00ebr gjyshin q\u00eb vdiq nga torturat n\u00eb burgjet serbe dhe v\u00ebllain e tij q\u00eb u varros p\u00ebr s\u00eb gjalli nga regjimi i Enver Hoxh\u00ebs.<\/p>\n<p><em>\u201cT\u2019i kthejm\u00eb dallimet tona n\u00eb forc\u00eb p\u00ebr t\u2019i shtyr\u00eb shtetet tona p\u00ebrpara. Kosova zonja e zot\u00ebrinj nuk ka nevoj\u00eb p\u00ebr tra t\u00eb vendosur nga Shqip\u00ebria. N\u00eb koh\u00ebn e integrimit europian vendosja e \u00e7far\u00ebdo barriere komunikimi mes dy vendeve tona \u00ebsht\u00eb kund\u00ebr frym\u00ebs s\u00eb l\u00ebvizjes s\u00eb lir\u00eb dhe forcimit t\u00eb marr\u00ebdh\u00ebnieve nd\u00ebrshtet\u00ebrore e nd\u00ebrshqiptare. Na lini t\u00eb vijm\u00eb si\u00e7 desh\u00ebn t\u00eb par\u00ebn tan\u00eb, ashtu si\u00e7 duam ne dhe si\u00e7 do duan dhe f\u00ebmij\u00ebt tan\u00eb.<\/em><\/p>\n<p><em>Eruditi yn\u00eb i madh, Faik Konica thoshte n\u00eb 1898, \u2018t\u00eb p\u00ebrpiqemi me t\u00eb gjitha forcat tona, t\u00eb sh\u00ebrojm\u00eb shqiptar\u00ebt nga dashuria p\u00ebr individ\u00ebt. Ata duhet t\u00eb m\u00ebsojn\u00eb ta duan Shqip\u00ebrin\u00eb jo t\u2019i b\u00ebjn\u00eb qejfin k\u00ebtij apo atij shqiptari\u2019. Ju ftoj q\u00eb t\u00eb punojm\u00eb q\u00eb edhe flamuri i Republik\u00ebs s\u00eb Kosov\u00ebs, si shtet i pavarur e sovran p\u00ebr t\u00eb cilin u b\u00eb luft\u00eb e drejt\u00eb \u00e7lirimtare t\u00eb valoj\u00eb n\u00eb Kombet e Bashkuara dhe n\u00eb NATO krahas atij t\u00eb Shqip\u00ebris\u00eb dhe t\u00eb ec\u00eb me hapa t\u00eb sigurt drejt an\u00ebtar\u00ebsimit n\u00eb BE.<\/em><\/p>\n<p><em>P\u00ebrgjat\u00eb historis\u00eb son\u00eb shum\u00eb familje jan\u00eb ndar\u00eb mes Kosov\u00ebs dhe Shqip\u00ebris\u00eb. T\u00eb till\u00eb e kishte fatin dhe familja ime. Gjyshi im, babai i n\u00ebn\u00ebs sime kishte p\u00ebrjetuar tortura t\u00eb tmerrshme n\u00eb burgjet e regjimit serb dhe n\u00eb fund kishte vdekur nga ato tortura, nd\u00ebrsa xhaxhai i n\u00ebn\u00ebs sime, v\u00ebllai tjet\u00ebr Sulejman Vu\u00e7iterna, kryetar i Akademis\u00eb Ushtarake k\u00ebtu n\u00eb Shqip\u00ebri, kishte mbetur n\u00eb Shqip\u00ebri, por u varros p\u00ebr s\u00eb gjalli nga regjimi i Enver Hoxh\u00ebs.<\/em><\/p>\n<p><em>Kjo histori e dhimbshme e ndarjes s\u00eb familjeve, por e vuajtjeve n\u00eb t\u00eb dyja an\u00ebt e kufirit \u00ebsht\u00eb historia e mij\u00ebra familjeve shqiptare. L\u00eb t\u00eb jet\u00eb guximi i tyre, dhe i secilit shqiptar p\u00ebr t\u2019u th\u00ebn\u00eb jo regjimeve t\u00eb dhunshme, regjimeve shtyp\u00ebse udh\u00ebrr\u00ebfyes p\u00ebr secilin prej nesh n\u00eb rrug\u00ebn ton\u00eb drejt demokracis\u00eb s\u00eb konsoliduar e drejt nj\u00eb Kosove dhe nj\u00eb Shqip\u00ebria ku rinia jon\u00eb krenohet me vendimet q\u00eb i marrim ne, si p\u00ebrfaq\u00ebsues t\u00eb tyre t\u00eb zgjedhur. Ju fal\u00ebnderoj p\u00ebr mikpritjen n\u00eb sht\u00ebpin\u00eb ton\u00eb t\u00eb p\u00ebrbashk\u00ebt<\/em>\u201d, deklaroi Osmani.<\/p>\n<p>Gazeta Mapo<\/p>\n","protected":false},"excerpt":{"rendered":"<p>Rr\u00ebfimi prek\u00ebs i Vjosa Osmanit: Gjyshi vdiq nga serb\u00ebt, xhaxhai u varros i gjall\u00eb nga Enver Hoxha &#8211; 17\/12\/20 \u201cT\u00eb punojm\u00eb bashk\u00eb t\u00eb gjith\u00eb si dy shtete sovrane me dy flamuj por me nj\u00eb shpirt q\u00eb kurr\u00eb nuk ka mundur askush ta mposht\u00eb. Populli m\u00eb paqedash\u00ebs, m\u00eb proevropian e m\u00eb proamerikan dhe t\u2019i tregojm\u00eb bot\u00ebs [&hellip;]<\/p>\n","protected":false},"author":9,"featured_media":42012,"comment_status":"open","ping_status":"open","sticky":false,"template":"","format":"standard","meta":{"jetpack_post_was_ever_published":false,"_jetpack_newsletter_access":"","_jetpack_dont_email_post_to_subs":false,"_jetpack_newsletter_tier_id":0,"_jetpack_memberships_contains_paywalled_content":false,"_jetpack_memberships_contains_paid_content":false,"footnotes":"","jetpack_publicize_message":"","jetpack_publicize_feature_enabled":true,"jetpack_social_post_already_shared":true,"jetpack_social_options":{"image_generator_settings":{"template":"highway","default_image_id":0,"font":"","enabled":false},"version":2}},"categories":[27,85,2],"tags":[],"class_list":["post-42010","post","type-post","status-publish","format-standard","has-post-thumbnail","hentry","category-blogu-i-udhetarit","category-histori","category-politika"],"jetpack_publicize_connections":[],"jetpack_featured_media_url":"https:\/\/i0.wp.com\/www.shqiperia.com\/blog\/wp-content\/uploads\/2020\/12\/Vjosa-Osmani.jpg?fit=1280%2C720&ssl=1","jetpack_sharing_enabled":true,"jetpack_shortlink":"https:\/\/wp.me\/p5Z6wp-aVA","jetpack-related-posts":[{"id":42023,"url":"https:\/\/www.shqiperia.com\/blog\/mjerim-politik-dhe-kombetar-i-deputeteve-te-republikes-se-shqiperise\/","url_meta":{"origin":42010,"position":0},"title":"MJERIM POLITIK DHE KOMB\u00cbTAR  I DEPUTET\u00cbVE T\u00cb REPUBLIK\u00cbS S\u00cb SHQIP\u00cbRIS\u00cb","author":"Kurt Farka","date":"December 18, 2020","format":false,"excerpt":"MJERIM POLITIK DHE KOMB\u00cbTAR I DEPUTET\u00cbVE T\u00cb REPUBLIK\u00cbS S\u00cb SHQIP\u00cbRIS\u00cb Nga Gjon Bru\u00e7i -N\u00eb seanc\u00ebn e parlamentit t\u00eb Republik\u00ebs s\u00eb Shqip\u00ebris\u00eb, kur Presidentja e Kosov\u00ebs Vjosa Osmani, mbajti fjalimin e saj p\u00ebrsh\u00ebndet\u00ebs, n\u00eb podiumin e sall\u00ebs mungonin pjesa d\u00ebrmuese e ministrave dhe vet\u00eb Kryeministri Rama. Ky i fundit kishte zgjedhur\u2026","rel":"","context":"In &quot;Blogu i Udh\u00ebtarit&quot;","block_context":{"text":"Blogu i Udh\u00ebtarit","link":"https:\/\/www.shqiperia.com\/blog\/category\/blogu-i-udhetarit\/"},"img":{"alt_text":"","src":"https:\/\/i0.wp.com\/www.shqiperia.com\/blog\/wp-content\/uploads\/2020\/12\/131925231_1793012674180236_7939767498966142911_n.jpg?fit=805%2C479&ssl=1&resize=350%2C200","width":350,"height":200,"srcset":"https:\/\/i0.wp.com\/www.shqiperia.com\/blog\/wp-content\/uploads\/2020\/12\/131925231_1793012674180236_7939767498966142911_n.jpg?fit=805%2C479&ssl=1&resize=350%2C200 1x, https:\/\/i0.wp.com\/www.shqiperia.com\/blog\/wp-content\/uploads\/2020\/12\/131925231_1793012674180236_7939767498966142911_n.jpg?fit=805%2C479&ssl=1&resize=525%2C300 1.5x, https:\/\/i0.wp.com\/www.shqiperia.com\/blog\/wp-content\/uploads\/2020\/12\/131925231_1793012674180236_7939767498966142911_n.jpg?fit=805%2C479&ssl=1&resize=700%2C400 2x"},"classes":[]},{"id":99606,"url":"https:\/\/www.shqiperia.com\/blog\/lidership-i-guximshem-per-kosoven-donald-trump-vlereson-vjosa-osmanin-zbardhet-letra-drejtuar-ish-presidentes\/","url_meta":{"origin":42010,"position":1},"title":"\u201cLidership i guximsh\u00ebm p\u00ebr Kosov\u00ebn\u201d- Donald Trump vler\u00ebson Vjosa Osmanin! Zbardhet letra drejtuar ish-presidentes","author":"Kurt Farka","date":"April 21, 2026","format":false,"excerpt":"21 Prill 2026 Presidenti i Shteteve t\u00eb Bashkuara t\u00eb Amerik\u00ebs, Donald Trump i ka d\u00ebrguar nj\u00eb let\u00ebr ish-Presidentes s\u00eb Kosov\u00ebs, Vjosa Osmani me rastin e p\u00ebrfundimit t\u00eb mandatit t\u00eb saj. N\u00eb letr\u00ebn e d\u00ebrguar nga Sht\u00ebpia e Bardh\u00eb, Trump vler\u00ebson lidershipin e Osmanit, duke e cil\u00ebsuar at\u00eb si t\u00eb guximsh\u00ebm\u2026","rel":"","context":"In &quot;Blogu i Udh\u00ebtarit&quot;","block_context":{"text":"Blogu i Udh\u00ebtarit","link":"https:\/\/www.shqiperia.com\/blog\/category\/blogu-i-udhetarit\/"},"img":{"alt_text":"","src":"https:\/\/i0.wp.com\/www.shqiperia.com\/blog\/wp-content\/uploads\/2026\/04\/trump-osmani.jpg?fit=1200%2C801&ssl=1&resize=350%2C200","width":350,"height":200,"srcset":"https:\/\/i0.wp.com\/www.shqiperia.com\/blog\/wp-content\/uploads\/2026\/04\/trump-osmani.jpg?fit=1200%2C801&ssl=1&resize=350%2C200 1x, https:\/\/i0.wp.com\/www.shqiperia.com\/blog\/wp-content\/uploads\/2026\/04\/trump-osmani.jpg?fit=1200%2C801&ssl=1&resize=525%2C300 1.5x, https:\/\/i0.wp.com\/www.shqiperia.com\/blog\/wp-content\/uploads\/2026\/04\/trump-osmani.jpg?fit=1200%2C801&ssl=1&resize=700%2C400 2x, https:\/\/i0.wp.com\/www.shqiperia.com\/blog\/wp-content\/uploads\/2026\/04\/trump-osmani.jpg?fit=1200%2C801&ssl=1&resize=1050%2C600 3x"},"classes":[]},{"id":97908,"url":"https:\/\/www.shqiperia.com\/blog\/cfare-ndodhi-shtepia-e-bardhe-fshin-takimin-rama-trump-ne-bordin-e-paqes\/","url_meta":{"origin":42010,"position":2},"title":"\u00c7far\u00eb ndodhi? Sht\u00ebpia e Bardh\u00eb \u2018fshin\u2019 takimin Rama\u2013Trump n\u00eb Bordin e Paqes","author":"Kurt Farka","date":"February 22, 2026","format":false,"excerpt":"22 Shkurt 2026 Sht\u00ebpia e Bardh\u00eb ka publikuar takimin e plot\u00eb t\u00eb presidentit t\u00eb SHBA-ve, Donald Trump, me lider\u00ebt e vendeve q\u00eb i jan\u00eb bashkuar Bordit t\u00eb Paqes. N\u00eb takim mor\u00ebn pjes\u00eb edhe kryeministri Edi Rama dhe presidentja e Kosov\u00ebs, Vjosa Osmani. N\u00eb p\u00ebrfundim t\u00eb fjalimit t\u00eb mbajtur para Bordit\u2026","rel":"","context":"In &quot;Blogu i Udh\u00ebtarit&quot;","block_context":{"text":"Blogu i Udh\u00ebtarit","link":"https:\/\/www.shqiperia.com\/blog\/category\/blogu-i-udhetarit\/"},"img":{"alt_text":"","src":"https:\/\/i0.wp.com\/www.shqiperia.com\/blog\/wp-content\/uploads\/2026\/02\/auto_-640-0-699abc0a77bc517717526611.jpg?fit=900%2C425&ssl=1&resize=350%2C200","width":350,"height":200,"srcset":"https:\/\/i0.wp.com\/www.shqiperia.com\/blog\/wp-content\/uploads\/2026\/02\/auto_-640-0-699abc0a77bc517717526611.jpg?fit=900%2C425&ssl=1&resize=350%2C200 1x, https:\/\/i0.wp.com\/www.shqiperia.com\/blog\/wp-content\/uploads\/2026\/02\/auto_-640-0-699abc0a77bc517717526611.jpg?fit=900%2C425&ssl=1&resize=525%2C300 1.5x, https:\/\/i0.wp.com\/www.shqiperia.com\/blog\/wp-content\/uploads\/2026\/02\/auto_-640-0-699abc0a77bc517717526611.jpg?fit=900%2C425&ssl=1&resize=700%2C400 2x"},"classes":[]},{"id":94371,"url":"https:\/\/www.shqiperia.com\/blog\/vrasjet-e-komunisteve-gjate-luftes-me-urdher-te-enver-hoxhes-si-i-shpetoi-prites-sadik-premtja\/","url_meta":{"origin":42010,"position":3},"title":"Vrasjet e komunist\u00ebve gjat\u00eb luft\u00ebs me urdh\u00ebr t\u00eb Enver Hoxh\u00ebs! &#8211; Si i shp\u00ebtoi prit\u00ebs Sadik Premtja","author":"Kurt Farka","date":"October 23, 2025","format":false,"excerpt":"23 Tetor 2025 Nga: PROF. DR. ELMAS LECI Edhe nj\u00eb her\u00eb k\u00ebto dit\u00eb l\u00ebviz n\u00eb ajrin ton\u00eb t\u00eb ndotur politik pyetja: Enver Hoxha ka qene \u201cShenjt apo Djall\u201d?! Pyetjes s\u00eb m\u00ebsip\u00ebrme po i japim p\u00ebrgjigje n\u00eb vijim me fakte, me pushkatimet q\u00eb porositur vet\u00eb Enver Hoxha me firm\u00ebn e tij\u2026","rel":"","context":"In &quot;Blogu i Udh\u00ebtarit&quot;","block_context":{"text":"Blogu i Udh\u00ebtarit","link":"https:\/\/www.shqiperia.com\/blog\/category\/blogu-i-udhetarit\/"},"img":{"alt_text":"","src":"https:\/\/i0.wp.com\/www.shqiperia.com\/blog\/wp-content\/uploads\/2025\/10\/enver-hoxha4.jpg?fit=1190%2C667&ssl=1&resize=350%2C200","width":350,"height":200,"srcset":"https:\/\/i0.wp.com\/www.shqiperia.com\/blog\/wp-content\/uploads\/2025\/10\/enver-hoxha4.jpg?fit=1190%2C667&ssl=1&resize=350%2C200 1x, https:\/\/i0.wp.com\/www.shqiperia.com\/blog\/wp-content\/uploads\/2025\/10\/enver-hoxha4.jpg?fit=1190%2C667&ssl=1&resize=525%2C300 1.5x, https:\/\/i0.wp.com\/www.shqiperia.com\/blog\/wp-content\/uploads\/2025\/10\/enver-hoxha4.jpg?fit=1190%2C667&ssl=1&resize=700%2C400 2x, https:\/\/i0.wp.com\/www.shqiperia.com\/blog\/wp-content\/uploads\/2025\/10\/enver-hoxha4.jpg?fit=1190%2C667&ssl=1&resize=1050%2C600 3x"},"classes":[]},{"id":1484,"url":"https:\/\/www.shqiperia.com\/blog\/aty-ku-te-burgosurit-varroseshin-te-gjalle-vlocisht\/","url_meta":{"origin":42010,"position":4},"title":"Aty ku t\u00eb burgosurit varroseshin t\u00eb gjall\u00eb &#8211; Vlocisht","author":"Kurt Farka","date":"January 16, 2018","format":false,"excerpt":"Tmerri i kampit t\u00eb Vlo\u00e7ishtit, ku t\u00eb burgosurit varroseshin t\u00eb gjall\u00eb! \u201cO udh\u00ebtar, q\u00eb kalon n\u00ebp\u00ebr k\u00ebt\u00eb fush\u00eb t\u00eb begat\u00eb,\u00a0shkel me kujdes,\u00a0posht\u00eb k\u00ebmb\u00ebve t\u00eb tua jan\u00eb eshtrat e atyre q\u00eb than\u00eb k\u00ebnet\u00ebn!\u201d Jan\u00eb disa vargje rr\u00ebqeth\u00ebse t\u00eb nj\u00eb njeriu t\u00eb mbijetuar nga kampi i k\u00ebnet\u00ebs s\u00eb Maliqit. Telemak Dilo, ishte\u2026","rel":"","context":"In &quot;Blogu i Udh\u00ebtarit&quot;","block_context":{"text":"Blogu i Udh\u00ebtarit","link":"https:\/\/www.shqiperia.com\/blog\/category\/blogu-i-udhetarit\/"},"img":{"alt_text":"","src":"https:\/\/i0.wp.com\/www.shqiperia.com\/blog\/wp-content\/uploads\/2018\/01\/tela-me-gjemba.jpg?fit=581%2C432&ssl=1&resize=350%2C200","width":350,"height":200,"srcset":"https:\/\/i0.wp.com\/www.shqiperia.com\/blog\/wp-content\/uploads\/2018\/01\/tela-me-gjemba.jpg?fit=581%2C432&ssl=1&resize=350%2C200 1x, https:\/\/i0.wp.com\/www.shqiperia.com\/blog\/wp-content\/uploads\/2018\/01\/tela-me-gjemba.jpg?fit=581%2C432&ssl=1&resize=525%2C300 1.5x"},"classes":[]},{"id":82223,"url":"https:\/\/www.shqiperia.com\/blog\/i-fshehu-gjyshi-ne-pakot-e-makaronave-mbesat-gjejne-thesarin-pas-20-vitesh\/","url_meta":{"origin":42010,"position":5},"title":"I fshehu gjyshi n\u00eb pakot e makaronave, mbesat gjejn\u00eb thesarin pas 20 vitesh","author":"Kurt Farka","date":"June 27, 2024","format":false,"excerpt":"27 Qershor 2024 Dy motra nga Xhenova e Italis\u00eb kan\u00eb gjetur nj\u00eb thesar t\u00eb v\u00ebrtet\u00eb, t\u00eb fshehur n\u00eb disa paketime makaronash. Brenda pakove q\u00eb ishin ruajtur n\u00eb bodrumin e gjyshit t\u00eb tyre kan\u00eb qen\u00eb t\u00eb fshehura 150 milion\u00eb lireta. \u201cNuk mund t\u2019u besoja syve\u201d, tha nj\u00ebra nga t\u00eb dyja p\u00ebr\u2026","rel":"","context":"In &quot;Blogu i Udh\u00ebtarit&quot;","block_context":{"text":"Blogu i Udh\u00ebtarit","link":"https:\/\/www.shqiperia.com\/blog\/category\/blogu-i-udhetarit\/"},"img":{"alt_text":"","src":"https:\/\/i0.wp.com\/www.shqiperia.com\/blog\/wp-content\/uploads\/2024\/06\/900-0-1719413447xtrova-161-milioni-di-lire-in-banconote-in-una-cassapanca-ma-l-fb95pp4-v3-large-libera-544-770x433-1.png?fit=770%2C433&ssl=1&resize=350%2C200","width":350,"height":200,"srcset":"https:\/\/i0.wp.com\/www.shqiperia.com\/blog\/wp-content\/uploads\/2024\/06\/900-0-1719413447xtrova-161-milioni-di-lire-in-banconote-in-una-cassapanca-ma-l-fb95pp4-v3-large-libera-544-770x433-1.png?fit=770%2C433&ssl=1&resize=350%2C200 1x, https:\/\/i0.wp.com\/www.shqiperia.com\/blog\/wp-content\/uploads\/2024\/06\/900-0-1719413447xtrova-161-milioni-di-lire-in-banconote-in-una-cassapanca-ma-l-fb95pp4-v3-large-libera-544-770x433-1.png?fit=770%2C433&ssl=1&resize=525%2C300 1.5x, https:\/\/i0.wp.com\/www.shqiperia.com\/blog\/wp-content\/uploads\/2024\/06\/900-0-1719413447xtrova-161-milioni-di-lire-in-banconote-in-una-cassapanca-ma-l-fb95pp4-v3-large-libera-544-770x433-1.png?fit=770%2C433&ssl=1&resize=700%2C400 2x"},"classes":[]}],"_links":{"self":[{"href":"https:\/\/www.shqiperia.com\/blog\/wp-json\/wp\/v2\/posts\/42010","targetHints":{"allow":["GET"]}}],"collection":[{"href":"https:\/\/www.shqiperia.com\/blog\/wp-json\/wp\/v2\/posts"}],"about":[{"href":"https:\/\/www.shqiperia.com\/blog\/wp-json\/wp\/v2\/types\/post"}],"author":[{"embeddable":true,"href":"https:\/\/www.shqiperia.com\/blog\/wp-json\/wp\/v2\/users\/9"}],"replies":[{"embeddable":true,"href":"https:\/\/www.shqiperia.com\/blog\/wp-json\/wp\/v2\/comments?post=42010"}],"version-history":[{"count":3,"href":"https:\/\/www.shqiperia.com\/blog\/wp-json\/wp\/v2\/posts\/42010\/revisions"}],"predecessor-version":[{"id":42015,"href":"https:\/\/www.shqiperia.com\/blog\/wp-json\/wp\/v2\/posts\/42010\/revisions\/42015"}],"wp:featuredmedia":[{"embeddable":true,"href":"https:\/\/www.shqiperia.com\/blog\/wp-json\/wp\/v2\/media\/42012"}],"wp:attachment":[{"href":"https:\/\/www.shqiperia.com\/blog\/wp-json\/wp\/v2\/media?parent=42010"}],"wp:term":[{"taxonomy":"category","embeddable":true,"href":"https:\/\/www.shqiperia.com\/blog\/wp-json\/wp\/v2\/categories?post=42010"},{"taxonomy":"post_tag","embeddable":true,"href":"https:\/\/www.shqiperia.com\/blog\/wp-json\/wp\/v2\/tags?post=42010"}],"curies":[{"name":"wp","href":"https:\/\/api.w.org\/{rel}","templated":true}]}}