{"id":42005,"date":"2020-12-17T14:41:46","date_gmt":"2020-12-17T14:41:46","guid":{"rendered":"https:\/\/www.shqiperia.com\/blog\/?p=42005"},"modified":"2020-12-17T14:42:46","modified_gmt":"2020-12-17T14:42:46","slug":"ardian-dvorani-eshte-bere-si-monument-kulture-si-ura-e-tabakeve-ose-voto-nje-prokuror-nga-vlora-o-rashe-e-vdiqa","status":"publish","type":"post","link":"https:\/\/www.shqiperia.com\/blog\/ardian-dvorani-eshte-bere-si-monument-kulture-si-ura-e-tabakeve-ose-voto-nje-prokuror-nga-vlora-o-rashe-e-vdiqa\/","title":{"rendered":"\u201cArdian Dvorani \u00ebsht\u00eb b\u00ebr\u00eb si Monument Kulture, si Ura e Tabak\u00ebve,\u2026\u201d.  Ose voto nj\u00eb prokuror nga Vlora \u2018o rash\u00eb e vdiqa."},"content":{"rendered":"<p><img data-recalc-dims=\"1\" loading=\"lazy\" decoding=\"async\" data-attachment-id=\"42006\" data-permalink=\"https:\/\/www.shqiperia.com\/blog\/ardian-dvorani-eshte-bere-si-monument-kulture-si-ura-e-tabakeve-ose-voto-nje-prokuror-nga-vlora-o-rashe-e-vdiqa\/myslim-murrizi-4\/\" data-orig-file=\"https:\/\/i0.wp.com\/www.shqiperia.com\/blog\/wp-content\/uploads\/2020\/12\/Myslim-Murrizi.jpg?fit=800%2C437&amp;ssl=1\" data-orig-size=\"800,437\" data-comments-opened=\"1\" data-image-meta=\"{&quot;aperture&quot;:&quot;0&quot;,&quot;credit&quot;:&quot;&quot;,&quot;camera&quot;:&quot;&quot;,&quot;caption&quot;:&quot;&quot;,&quot;created_timestamp&quot;:&quot;0&quot;,&quot;copyright&quot;:&quot;&quot;,&quot;focal_length&quot;:&quot;0&quot;,&quot;iso&quot;:&quot;0&quot;,&quot;shutter_speed&quot;:&quot;0&quot;,&quot;title&quot;:&quot;&quot;,&quot;orientation&quot;:&quot;0&quot;}\" data-image-title=\"Myslim Murrizi\" data-image-description=\"\" data-image-caption=\"\" data-medium-file=\"https:\/\/i0.wp.com\/www.shqiperia.com\/blog\/wp-content\/uploads\/2020\/12\/Myslim-Murrizi.jpg?fit=300%2C164&amp;ssl=1\" data-large-file=\"https:\/\/i0.wp.com\/www.shqiperia.com\/blog\/wp-content\/uploads\/2020\/12\/Myslim-Murrizi.jpg?fit=800%2C437&amp;ssl=1\" class=\"alignnone wp-image-42006\" alt=\"\" src=\"https:\/\/i0.wp.com\/www.shqiperia.com\/blog\/wp-content\/uploads\/2020\/12\/Myslim-Murrizi.jpg?resize=520%2C284&#038;ssl=1\" width=\"520\" height=\"284\" srcset=\"https:\/\/i0.wp.com\/www.shqiperia.com\/blog\/wp-content\/uploads\/2020\/12\/Myslim-Murrizi.jpg?resize=300%2C164&amp;ssl=1 300w, https:\/\/i0.wp.com\/www.shqiperia.com\/blog\/wp-content\/uploads\/2020\/12\/Myslim-Murrizi.jpg?resize=768%2C420&amp;ssl=1 768w, https:\/\/i0.wp.com\/www.shqiperia.com\/blog\/wp-content\/uploads\/2020\/12\/Myslim-Murrizi.jpg?resize=450%2C246&amp;ssl=1 450w, https:\/\/i0.wp.com\/www.shqiperia.com\/blog\/wp-content\/uploads\/2020\/12\/Myslim-Murrizi.jpg?resize=600%2C328&amp;ssl=1 600w, https:\/\/i0.wp.com\/www.shqiperia.com\/blog\/wp-content\/uploads\/2020\/12\/Myslim-Murrizi.jpg?resize=400%2C219&amp;ssl=1 400w, https:\/\/i0.wp.com\/www.shqiperia.com\/blog\/wp-content\/uploads\/2020\/12\/Myslim-Murrizi.jpg?w=800&amp;ssl=1 800w\" sizes=\"auto, (max-width: 520px) 100vw, 520px\" \/><\/p>\n<p>\u201cArdian Dvorani \u00ebsht\u00eb b\u00ebr\u00eb si Monument Kulture, si Ura e Tabak\u00ebve,\u2026\u201d.<\/p>\n<p>Ose voto nj\u00eb prokuror nga Vlora \u2018o rash\u00eb e vdiqa&#8217;.<\/p>\n<p>17 DHJETOR 2020<\/p>\n<p>N\u00eb seanc\u00ebn parlamentare t\u00eb dit\u00ebs s\u00eb sotme, deputeti\u00a0Myslim Murrizi deklaroi se nuk do t\u00eb votoj\u00eb n\u00eb kund\u00ebrshtim me Kushtetut\u00ebn me porosi t\u00eb nj\u00eb ambasade apo ambasadori, nd\u00ebrsa po fliste p\u00ebr zgjedhjen e an\u00ebtarit t\u00eb ri t\u00eb Gjykat\u00ebs Kushtetuese.<\/p>\n<p>\u201cNeni 125 i Kushtetut\u00ebs thot\u00eb qart\u00eb, KED-i i famsh\u00ebm i Ardian Dvoranit q\u00eb \u00ebsht\u00eb b\u00ebr\u00eb si Monument Kulture, si Ura e Tabak\u00ebve, ka ardhur n\u00eb 2005-\u00ebn dhe ka 15 vjet q\u00eb rri n\u00eb detyr\u00eb pa mandat, detyron Kuvendin ose voton nj\u00eb prokuror t\u00eb Vor\u00ebs o rash\u00eb e vdiqa\u201d, tha ai.<\/p>\n<p>\u201cNga halli po e votoni edhe k\u00ebt\u00eb por nuk e doni. K\u00ebt\u00eb lloj votimi nga halli por q\u00eb s\u2019\u00ebsht\u00eb n\u00eb sinkron me at\u00eb q\u00eb k\u00ebrkojn\u00eb shqiptar\u00ebt dhe at\u00eb q\u00eb duhet t\u00eb jet\u00eb realisht m\u00eb kujton nj\u00eb th\u00ebnie paksa vulgare t\u00eb hershme t\u00eb nj\u00eb gruaje n\u00eb pazar q\u00eb tha mua m\u00eb ka gjetur belaja duke qen\u00eb zem\u00ebrbardh\u00eb \u2018mos ia prish k\u00ebtij mos ia prish atij ngela pa b\u00ebr\u00eb nj\u00eb f\u00ebmij\u00eb me burrin tim\u2019. Nuk e di se \u00e7far\u00eb halli keni por t\u00eb ngarkoni SPAK-un me krime imagjinare zgjedhore, \u00ebsht\u00eb q\u00eb SPAK-u t\u00eb mos funksionoj\u00eb. Ne sot kemi n\u00eb rend dite p\u00ebr t\u00eb votuar edhe an\u00ebtarin e Gjykat\u00ebs Kushtetuese. Ose p\u00ebrve\u00e7 nd\u00ebrkomb\u00ebtar\u00ebve, t\u00eb cil\u00ebt s\u2019e di q\u00eb flasim jerm. Dhe un\u00eb nuk votoj n\u00eb kund\u00ebrshtim me Kushtetut\u00ebn me porosi t\u00eb asnj\u00eb ambasade apo ambasadori, cilido qoft\u00eb ky. Ose jan\u00eb t\u00eb painformuar ose jan\u00eb n\u00eb delir q\u00eb duan t\u00eb arrijn\u00eb nj\u00eb gj\u00eb p\u00ebr t\u00eb detyruar Kuvendin q\u00eb t\u00eb votoj\u00eb n\u00eb kund\u00ebrshtim t\u00eb kushtetut\u00ebs. Neni 125 i Kushtetut\u00ebs thot\u00eb qart\u00eb, KED-i i famsh\u00ebm i Ardian Dvoranit q\u00eb \u00ebsht\u00eb b\u00ebr\u00eb si Monument Kulture, si Ura e Tabak\u00ebve, ka ardhur n\u00eb 2005-\u00ebn dhe ka 15 vjet q\u00eb rri n\u00eb detyr\u00eb pa mandat, detyron Kuvendin ose voton nj\u00eb prokuror t\u00eb Vor\u00ebs o rash\u00eb e vdiqa. P\u00ebr \u00e7a e keni b\u00ebr\u00eb k\u00ebt\u00eb Gjykat\u00eb Kushtetuese? P\u00ebr t\u00eb marr\u00eb individ\u00eb q\u00eb betohen n\u00eb floktore?! P\u00ebr t\u00eb marr\u00eb bashk\u00ebshortet e atyre q\u00eb jan\u00eb pozicionuar sa k\u00ebtej e andej\u201d, u shpreh Murrizi.<\/p>\n<p>Gazeta Sot<\/p>\n","protected":false},"excerpt":{"rendered":"<p>\u201cArdian Dvorani \u00ebsht\u00eb b\u00ebr\u00eb si Monument Kulture, si Ura e Tabak\u00ebve,\u2026\u201d. Ose voto nj\u00eb prokuror nga Vlora \u2018o rash\u00eb e vdiqa&#8217;. 17 DHJETOR 2020 N\u00eb seanc\u00ebn parlamentare t\u00eb dit\u00ebs s\u00eb sotme, deputeti\u00a0Myslim Murrizi deklaroi se nuk do t\u00eb votoj\u00eb n\u00eb kund\u00ebrshtim me Kushtetut\u00ebn me porosi t\u00eb nj\u00eb ambasade apo ambasadori, nd\u00ebrsa po fliste p\u00ebr zgjedhjen [&hellip;]<\/p>\n","protected":false},"author":9,"featured_media":42006,"comment_status":"open","ping_status":"open","sticky":false,"template":"","format":"standard","meta":{"jetpack_post_was_ever_published":false,"_jetpack_newsletter_access":"","_jetpack_dont_email_post_to_subs":false,"_jetpack_newsletter_tier_id":0,"_jetpack_memberships_contains_paywalled_content":false,"_jetpack_memberships_contains_paid_content":false,"footnotes":"","jetpack_publicize_message":"","jetpack_publicize_feature_enabled":true,"jetpack_social_post_already_shared":true,"jetpack_social_options":{"image_generator_settings":{"template":"highway","default_image_id":0,"font":"","enabled":false},"version":2}},"categories":[27,2,35],"tags":[],"class_list":["post-42005","post","type-post","status-publish","format-standard","has-post-thumbnail","hentry","category-blogu-i-udhetarit","category-politika","category-shoqerore"],"jetpack_publicize_connections":[],"jetpack_featured_media_url":"https:\/\/i0.wp.com\/www.shqiperia.com\/blog\/wp-content\/uploads\/2020\/12\/Myslim-Murrizi.jpg?fit=800%2C437&ssl=1","jetpack_sharing_enabled":true,"jetpack_shortlink":"https:\/\/wp.me\/p5Z6wp-aVv","jetpack-related-posts":[{"id":2182,"url":"https:\/\/www.shqiperia.com\/blog\/ura-e-tabakeve-tirane\/","url_meta":{"origin":42005,"position":0},"title":"Ura e Tabak\u00ebve, Tirane. &#8211;","author":"Kurt Farka","date":"January 29, 2018","format":false,"excerpt":"\u201cUra e Tabak\u00ebve\u201d \u00ebsht\u00eb nj\u00eb monument kulture i nd\u00ebrtuar n\u00eb Tiran\u00eb n\u00eb shekullin e XVII \u2013 XVIII-t\u00eb. Ura ka nj\u00eb lart\u00ebsi rreth 7 met\u00ebr e gjys\u00ebm. \u201cUra e Tabak\u00ebve\u201d, e cila e mori k\u00ebt\u00eb em\u00ebr p\u00ebr shkak t\u00eb pozit\u00ebs s\u00eb ve\u00e7ant\u00eb t\u00eb esnafit t\u00eb Tabak\u00ebve n\u00eb jet\u00ebn ekonomike dhe shoq\u00ebrore\u2026","rel":"","context":"In &quot;Trashegimi Kulturore&quot;","block_context":{"text":"Trashegimi Kulturore","link":"https:\/\/www.shqiperia.com\/blog\/category\/trashegimi-kulturore\/"},"img":{"alt_text":"","src":"https:\/\/i0.wp.com\/www.shqiperia.com\/blog\/wp-content\/uploads\/2018\/01\/Ura-e-Tabakeve-3.jpg?fit=1200%2C701&ssl=1&resize=350%2C200","width":350,"height":200,"srcset":"https:\/\/i0.wp.com\/www.shqiperia.com\/blog\/wp-content\/uploads\/2018\/01\/Ura-e-Tabakeve-3.jpg?fit=1200%2C701&ssl=1&resize=350%2C200 1x, https:\/\/i0.wp.com\/www.shqiperia.com\/blog\/wp-content\/uploads\/2018\/01\/Ura-e-Tabakeve-3.jpg?fit=1200%2C701&ssl=1&resize=525%2C300 1.5x, https:\/\/i0.wp.com\/www.shqiperia.com\/blog\/wp-content\/uploads\/2018\/01\/Ura-e-Tabakeve-3.jpg?fit=1200%2C701&ssl=1&resize=700%2C400 2x, https:\/\/i0.wp.com\/www.shqiperia.com\/blog\/wp-content\/uploads\/2018\/01\/Ura-e-Tabakeve-3.jpg?fit=1200%2C701&ssl=1&resize=1050%2C600 3x"},"classes":[]},{"id":9054,"url":"https:\/\/www.shqiperia.com\/blog\/ura-e-kurcajt-ne-kruje-drejt-shkaterrimit-asnje-perkujdesje-per-monumentin-kulturor\/","url_meta":{"origin":42005,"position":1},"title":"Ura e Kur\u00e7ajt n\u00eb Kruj\u00eb drejt shkat\u00ebrrimit, asnj\u00eb p\u00ebrkujdesje p\u00ebr monumentin kulturor. &#8211;","author":"Kurt Farka","date":"June 24, 2018","format":false,"excerpt":"Ura e Kur\u00e7ajt n\u00eb Kruj\u00eb drejt shkat\u00ebrrimit, asnj\u00eb p\u00ebrkujdesje p\u00ebr monumentin kulturor Ura mbi lumin Zez\u00eb t\u00eb fshatit Kur\u00e7aj edhe pse \u00ebsht\u00eb monument kulture ajo po shkon drejt shkat\u00ebrrimit total. Shirat e rr\u00ebmbyesh\u00ebm dhe mungesa e p\u00ebrkujdesjes ka b\u00ebr\u00eb q\u00eb ajo t\u00eb degradohet totalisht. Redaksia 22 Qershor, 22:38 | P\u00ebrditesimi\u2026","rel":"","context":"In &quot;Blogu i Udh\u00ebtarit&quot;","block_context":{"text":"Blogu i Udh\u00ebtarit","link":"https:\/\/www.shqiperia.com\/blog\/category\/blogu-i-udhetarit\/"},"img":{"alt_text":"","src":"https:\/\/i0.wp.com\/www.shqiperia.com\/blog\/wp-content\/uploads\/2018\/06\/1529701019_uraekucajt.jpg?fit=633%2C373&ssl=1&resize=350%2C200","width":350,"height":200,"srcset":"https:\/\/i0.wp.com\/www.shqiperia.com\/blog\/wp-content\/uploads\/2018\/06\/1529701019_uraekucajt.jpg?fit=633%2C373&ssl=1&resize=350%2C200 1x, https:\/\/i0.wp.com\/www.shqiperia.com\/blog\/wp-content\/uploads\/2018\/06\/1529701019_uraekucajt.jpg?fit=633%2C373&ssl=1&resize=525%2C300 1.5x"},"classes":[]},{"id":49442,"url":"https:\/\/www.shqiperia.com\/blog\/ura-e-zogut-monument-kulture-ne-rrezik-alarmin-e-eksperteve-nuk-e-ka-degjuar-askush-deri-me-sot\/","url_meta":{"origin":42005,"position":2},"title":"Ura e Zogut Monument Kulture n\u00eb rrezik! &#8211; Alarmin e ekspert\u00ebve nuk e ka d\u00ebgjuar askush deri m\u00eb sot. \u00a0","author":"Kurt Farka","date":"August 29, 2021","format":false,"excerpt":"Ura e Zogut Monument Kulture n\u00eb rrezik! - Alarmin e ekspert\u00ebve nuk e ka d\u00ebgjuar askush deri m\u00eb sot. 29 GUSHT 2021 P\u00ebr vite me radh\u00eb, ekspert\u00eb t\u00eb mjedisit dhe mbrojt\u00ebs t\u00eb trash\u00ebgimis\u00eb kulturore vijojn\u00eb tu bien kambanave t\u00eb alarmit se ekskavator\u00ebt q\u00eb nxjerrin zhavorr nga lumi Mat, t\u00eb cil\u00ebt\u2026","rel":"","context":"In &quot;Histori&quot;","block_context":{"text":"Histori","link":"https:\/\/www.shqiperia.com\/blog\/category\/histori\/"},"img":{"alt_text":"","src":"https:\/\/i0.wp.com\/www.shqiperia.com\/blog\/wp-content\/uploads\/2021\/08\/Ura-e-Zogut.png?fit=752%2C418&ssl=1&resize=350%2C200","width":350,"height":200,"srcset":"https:\/\/i0.wp.com\/www.shqiperia.com\/blog\/wp-content\/uploads\/2021\/08\/Ura-e-Zogut.png?fit=752%2C418&ssl=1&resize=350%2C200 1x, https:\/\/i0.wp.com\/www.shqiperia.com\/blog\/wp-content\/uploads\/2021\/08\/Ura-e-Zogut.png?fit=752%2C418&ssl=1&resize=525%2C300 1.5x, https:\/\/i0.wp.com\/www.shqiperia.com\/blog\/wp-content\/uploads\/2021\/08\/Ura-e-Zogut.png?fit=752%2C418&ssl=1&resize=700%2C400 2x"},"classes":[]},{"id":78678,"url":"https:\/\/www.shqiperia.com\/blog\/kendi-i-fotografise-ura-e-kasabashit-monument-kulture-realizuar-nga-mjeshter-vendas\/","url_meta":{"origin":42005,"position":3},"title":"Kendi i Fotografis\u00eb. &#8211; Ura e Kasabashit, Monument Kulture realizuar nga mjesht\u00ebr vendas","author":"Kurt Farka","date":"February 27, 2024","format":false,"excerpt":"27 Shkurt 2024 Ura e Kasabashit \u00ebsht\u00eb nj\u00eb vep\u00ebr inxhinierike q\u00eb mban statusin \u201cMonument Kulture\u201d, Kategoria I. Ura gjendet n\u00eb af\u00ebrsi t\u00eb qytetit t\u00eb \u00c7orovod\u00ebs n\u00eb rrethin e Skraparit. Ajo futet n\u00eb tipologjin\u00eb e urave simetrike me tre qemer\u00eb me kurriz dhe me dritare shkarkuese. DRTK Berat kujton se, dikur\u2026","rel":"","context":"In &quot;Blogu i Udh\u00ebtarit&quot;","block_context":{"text":"Blogu i Udh\u00ebtarit","link":"https:\/\/www.shqiperia.com\/blog\/category\/blogu-i-udhetarit\/"},"img":{"alt_text":"","src":"https:\/\/i0.wp.com\/www.shqiperia.com\/blog\/wp-content\/uploads\/2024\/02\/640-0-ura-e-kasabashit1-1709020061-1.jpg?fit=640%2C361&ssl=1&resize=350%2C200","width":350,"height":200,"srcset":"https:\/\/i0.wp.com\/www.shqiperia.com\/blog\/wp-content\/uploads\/2024\/02\/640-0-ura-e-kasabashit1-1709020061-1.jpg?fit=640%2C361&ssl=1&resize=350%2C200 1x, https:\/\/i0.wp.com\/www.shqiperia.com\/blog\/wp-content\/uploads\/2024\/02\/640-0-ura-e-kasabashit1-1709020061-1.jpg?fit=640%2C361&ssl=1&resize=525%2C300 1.5x"},"classes":[]},{"id":42889,"url":"https:\/\/www.shqiperia.com\/blog\/ministria-e-kultures-e-zene-me-shkaterrimin-e-vilave-monument-kulture-demtohet-ura-e-zogut\/","url_meta":{"origin":42005,"position":4},"title":"Ministria e Kultures e z\u00ebn\u00eb me shkat\u00ebrrimin e vilave monument Kulture. Demtohet Ura e Zogut.","author":"Kurt Farka","date":"January 13, 2021","format":false,"excerpt":"Ministria e Kultures e z\u00ebn\u00eb me shkat\u00ebrrimin e vilave monument Kulture. Demtohet Ura e Zogut. 13 JANAR 2021 Ura me harqe ose si\u00e7 t\u00eb gjith\u00eb e njohin si Ura e Zogut, si pasoj\u00eb e reshjeve intensive dhe prurjeve t\u00eb shumta q\u00eb ka pasur lumi Mat \u00ebsht\u00eb d\u00ebmtuar. Forumi p\u00ebr Mbrojtjen\u2026","rel":"","context":"In &quot;Blogu i Udh\u00ebtarit&quot;","block_context":{"text":"Blogu i Udh\u00ebtarit","link":"https:\/\/www.shqiperia.com\/blog\/category\/blogu-i-udhetarit\/"},"img":{"alt_text":"","src":"https:\/\/i0.wp.com\/www.shqiperia.com\/blog\/wp-content\/uploads\/2021\/01\/640-0-5ffe9063af7cc-1.jpg?fit=640%2C360&ssl=1&resize=350%2C200","width":350,"height":200,"srcset":"https:\/\/i0.wp.com\/www.shqiperia.com\/blog\/wp-content\/uploads\/2021\/01\/640-0-5ffe9063af7cc-1.jpg?fit=640%2C360&ssl=1&resize=350%2C200 1x, https:\/\/i0.wp.com\/www.shqiperia.com\/blog\/wp-content\/uploads\/2021\/01\/640-0-5ffe9063af7cc-1.jpg?fit=640%2C360&ssl=1&resize=525%2C300 1.5x"},"classes":[]},{"id":28195,"url":"https:\/\/www.shqiperia.com\/blog\/ardian-dvorani-piloti-qe-shkel-rregullat-por-i-shtohen-piket-ne-patente\/","url_meta":{"origin":42005,"position":5},"title":"Ardian Dvorani, piloti q\u00eb shkel rregullat, por i shtohen pik\u00ebt n\u00eb patent\u00eb","author":"Kurt Farka","date":"November 17, 2019","format":false,"excerpt":"Ardian Dvorani, piloti q\u00eb shkel rregullat, por i shtohen pik\u00ebt n\u00eb patent\u00eb 16\/11\/19 Nga: mapo.al N\u00ebse do e krahasojm\u00eb rrug\u00ebtimin e Ardian Dvoranit n\u00eb drejt\u00ebsi, me nj\u00eb ecje me makin\u00eb, do shohim se shoferi \u00ebsht\u00eb nj\u00eb tip i nxituar e nget me shpejt\u00ebsi, nuk pyet p\u00ebr sinjalistik\u00eb apo ndalesa, e\u2026","rel":"","context":"In &quot;Blogu i Udh\u00ebtarit&quot;","block_context":{"text":"Blogu i Udh\u00ebtarit","link":"https:\/\/www.shqiperia.com\/blog\/category\/blogu-i-udhetarit\/"},"img":{"alt_text":"","src":"https:\/\/i0.wp.com\/www.shqiperia.com\/blog\/wp-content\/uploads\/2019\/11\/Screenshot_5-3.jpg?fit=758%2C388&ssl=1&resize=350%2C200","width":350,"height":200,"srcset":"https:\/\/i0.wp.com\/www.shqiperia.com\/blog\/wp-content\/uploads\/2019\/11\/Screenshot_5-3.jpg?fit=758%2C388&ssl=1&resize=350%2C200 1x, https:\/\/i0.wp.com\/www.shqiperia.com\/blog\/wp-content\/uploads\/2019\/11\/Screenshot_5-3.jpg?fit=758%2C388&ssl=1&resize=525%2C300 1.5x, https:\/\/i0.wp.com\/www.shqiperia.com\/blog\/wp-content\/uploads\/2019\/11\/Screenshot_5-3.jpg?fit=758%2C388&ssl=1&resize=700%2C400 2x"},"classes":[]}],"_links":{"self":[{"href":"https:\/\/www.shqiperia.com\/blog\/wp-json\/wp\/v2\/posts\/42005","targetHints":{"allow":["GET"]}}],"collection":[{"href":"https:\/\/www.shqiperia.com\/blog\/wp-json\/wp\/v2\/posts"}],"about":[{"href":"https:\/\/www.shqiperia.com\/blog\/wp-json\/wp\/v2\/types\/post"}],"author":[{"embeddable":true,"href":"https:\/\/www.shqiperia.com\/blog\/wp-json\/wp\/v2\/users\/9"}],"replies":[{"embeddable":true,"href":"https:\/\/www.shqiperia.com\/blog\/wp-json\/wp\/v2\/comments?post=42005"}],"version-history":[{"count":3,"href":"https:\/\/www.shqiperia.com\/blog\/wp-json\/wp\/v2\/posts\/42005\/revisions"}],"predecessor-version":[{"id":42009,"href":"https:\/\/www.shqiperia.com\/blog\/wp-json\/wp\/v2\/posts\/42005\/revisions\/42009"}],"wp:featuredmedia":[{"embeddable":true,"href":"https:\/\/www.shqiperia.com\/blog\/wp-json\/wp\/v2\/media\/42006"}],"wp:attachment":[{"href":"https:\/\/www.shqiperia.com\/blog\/wp-json\/wp\/v2\/media?parent=42005"}],"wp:term":[{"taxonomy":"category","embeddable":true,"href":"https:\/\/www.shqiperia.com\/blog\/wp-json\/wp\/v2\/categories?post=42005"},{"taxonomy":"post_tag","embeddable":true,"href":"https:\/\/www.shqiperia.com\/blog\/wp-json\/wp\/v2\/tags?post=42005"}],"curies":[{"name":"wp","href":"https:\/\/api.w.org\/{rel}","templated":true}]}}