{"id":42003,"date":"2020-12-17T12:58:36","date_gmt":"2020-12-17T12:58:36","guid":{"rendered":"https:\/\/www.shqiperia.com\/blog\/?p=42003"},"modified":"2020-12-17T12:58:36","modified_gmt":"2020-12-17T12:58:36","slug":"vjosa-osmani-i-ben-thirrje-parlamentit-shqiptar-te-miratoje-rezoluten-qe-denon-gjenocidin-serb","status":"publish","type":"post","link":"https:\/\/www.shqiperia.com\/blog\/vjosa-osmani-i-ben-thirrje-parlamentit-shqiptar-te-miratoje-rezoluten-qe-denon-gjenocidin-serb\/","title":{"rendered":"Vjosa Osmani i b\u00ebn thirrje Parlamentit Shqiptar t\u00eb miratoj\u00eb rezolut\u00ebn q\u00eb d\u00ebnon gjenocidin serb"},"content":{"rendered":"<p>Presidentja e p\u00ebrkohshme e Republik\u00ebs s\u00eb Kosov\u00ebs, Vjosa Osmani, i b\u00ebri thirrje Parlamentit Shqiptare q\u00eb t&#8217;i bashkohet Kosov\u00ebs n\u00eb miratimin e nj\u00eb rezolute q\u00eb d\u00ebnon gjenocidin Serb.<\/p>\n<p>\u201cDialogu me Serbin\u00eb mbetet i pa mbyllur dhe ne jemi t\u00eb gatsh\u00ebm t\u00eb dialogojm\u00eb vet\u00ebm p\u00ebr njohjen reciproke, duke respektuar integritetin territorial dhe sovranitetin e vendit dhe duke njohur dhe pranuar paprekshm\u00ebrin\u00eb e territorit ton\u00eb, rregullimin kushtetues dhe nivelin e organizimit politik. Kosova nuk mund ta shp\u00ebrblej\u00eb Serbin\u00eb me territorin e saj ose t\u00eb b\u00ebj\u00eb l\u00ebshime t\u00eb tjera. Serbia duhet t\u00eb pendohet q\u00eb t\u00eb k\u00ebrkoj\u00eb falje; t\u00eb d\u00ebnohet dhe t\u00eb mos shp\u00ebrblehet dhe kjo duhet t\u00eb jet\u00eb e qart\u00eb p\u00ebr t\u00eb gjith\u00eb, \u201dtha zonja Osmani.<\/p>\n<p>&#8220;Kjo \u00ebsht\u00eb arsyeja pse un\u00eb i kam b\u00ebr\u00eb thirrje k\u00ebtij Parlamenti t\u00eb nderuar t&#8217;i bashkohet Kuvendit t\u00eb Kosov\u00ebs p\u00ebr miratimin e rezolut\u00ebs e cila d\u00ebnon gjenocidin serb,&#8221; \u200b\u200btheksoi ajo.<\/p>\n<p>M\u00eb tej n\u00eb fjalimin e saj n\u00eb Parlamentin Shqiptar, ajo deklaroi se Shqip\u00ebria dhe Kosova jan\u00eb b\u00ebr\u00eb nj\u00eb faktor stabiliteti dhe paqeje.<\/p>\n<p>&#8220;Shqip\u00ebria nuk \u00ebsht\u00eb vet\u00ebm atdheu i v\u00ebllez\u00ebrve dhe motrave tona, por \u00ebsht\u00eb \u00ebndrra jon\u00eb e p\u00ebrbashk\u00ebt. Shqet\u00ebsimi yn\u00eb historik, ku kemi \u00ebnd\u00ebrruar t\u00eb jetojm\u00eb, dhe q\u00eb fatkeq\u00ebsisht shum\u00eb prej nesh jetuam vet\u00ebm gjat\u00eb Luft\u00ebs s\u00eb Ftoht\u00eb. T\u00eb dashur qytetar\u00eb shqiptar\u00eb, ne jemi p\u00ebrjet\u00ebsisht mir\u00ebnjoh\u00ebs ndaj jush. Shqip\u00ebria dhe Kosova jan\u00eb b\u00ebr\u00eb nj\u00eb faktor stabiliteti dhe paqeje, &#8220;tha zonja Osmani.<\/p>\n","protected":false},"excerpt":{"rendered":"<p>Presidentja e p\u00ebrkohshme e Republik\u00ebs s\u00eb Kosov\u00ebs, Vjosa Osmani, i b\u00ebri thirrje Parlamentit Shqiptare q\u00eb t&#8217;i bashkohet Kosov\u00ebs n\u00eb miratimin e nj\u00eb rezolute q\u00eb d\u00ebnon gjenocidin Serb. \u201cDialogu me Serbin\u00eb mbetet i pa mbyllur dhe ne jemi t\u00eb gatsh\u00ebm t\u00eb dialogojm\u00eb vet\u00ebm p\u00ebr njohjen reciproke, duke respektuar integritetin territorial dhe sovranitetin e vendit dhe duke [&hellip;]<\/p>\n","protected":false},"author":1,"featured_media":42000,"comment_status":"open","ping_status":"open","sticky":false,"template":"","format":"standard","meta":{"jetpack_post_was_ever_published":false,"_jetpack_newsletter_access":"","_jetpack_dont_email_post_to_subs":false,"_jetpack_newsletter_tier_id":0,"_jetpack_memberships_contains_paywalled_content":false,"_jetpack_memberships_contains_paid_content":false,"footnotes":"","jetpack_publicize_message":"","jetpack_publicize_feature_enabled":true,"jetpack_social_post_already_shared":true,"jetpack_social_options":{"image_generator_settings":{"template":"highway","default_image_id":0,"font":"","enabled":false},"version":2}},"categories":[2],"tags":[],"class_list":["post-42003","post","type-post","status-publish","format-standard","has-post-thumbnail","hentry","category-politika"],"jetpack_publicize_connections":[],"jetpack_featured_media_url":"https:\/\/i0.wp.com\/www.shqiperia.com\/blog\/wp-content\/uploads\/2020\/12\/1608136695_meta7.jpeg?fit=780%2C440&ssl=1","jetpack_sharing_enabled":true,"jetpack_shortlink":"https:\/\/wp.me\/p5Z6wp-aVt","jetpack-related-posts":[{"id":42023,"url":"https:\/\/www.shqiperia.com\/blog\/mjerim-politik-dhe-kombetar-i-deputeteve-te-republikes-se-shqiperise\/","url_meta":{"origin":42003,"position":0},"title":"MJERIM POLITIK DHE KOMB\u00cbTAR  I DEPUTET\u00cbVE T\u00cb REPUBLIK\u00cbS S\u00cb SHQIP\u00cbRIS\u00cb","author":"Kurt Farka","date":"December 18, 2020","format":false,"excerpt":"MJERIM POLITIK DHE KOMB\u00cbTAR I DEPUTET\u00cbVE T\u00cb REPUBLIK\u00cbS S\u00cb SHQIP\u00cbRIS\u00cb Nga Gjon Bru\u00e7i -N\u00eb seanc\u00ebn e parlamentit t\u00eb Republik\u00ebs s\u00eb Shqip\u00ebris\u00eb, kur Presidentja e Kosov\u00ebs Vjosa Osmani, mbajti fjalimin e saj p\u00ebrsh\u00ebndet\u00ebs, n\u00eb podiumin e sall\u00ebs mungonin pjesa d\u00ebrmuese e ministrave dhe vet\u00eb Kryeministri Rama. Ky i fundit kishte zgjedhur\u2026","rel":"","context":"In &quot;Blogu i Udh\u00ebtarit&quot;","block_context":{"text":"Blogu i Udh\u00ebtarit","link":"https:\/\/www.shqiperia.com\/blog\/category\/blogu-i-udhetarit\/"},"img":{"alt_text":"","src":"https:\/\/i0.wp.com\/www.shqiperia.com\/blog\/wp-content\/uploads\/2020\/12\/131925231_1793012674180236_7939767498966142911_n.jpg?fit=805%2C479&ssl=1&resize=350%2C200","width":350,"height":200,"srcset":"https:\/\/i0.wp.com\/www.shqiperia.com\/blog\/wp-content\/uploads\/2020\/12\/131925231_1793012674180236_7939767498966142911_n.jpg?fit=805%2C479&ssl=1&resize=350%2C200 1x, https:\/\/i0.wp.com\/www.shqiperia.com\/blog\/wp-content\/uploads\/2020\/12\/131925231_1793012674180236_7939767498966142911_n.jpg?fit=805%2C479&ssl=1&resize=525%2C300 1.5x, https:\/\/i0.wp.com\/www.shqiperia.com\/blog\/wp-content\/uploads\/2020\/12\/131925231_1793012674180236_7939767498966142911_n.jpg?fit=805%2C479&ssl=1&resize=700%2C400 2x"},"classes":[]},{"id":80350,"url":"https:\/\/www.shqiperia.com\/blog\/vjosa-osmani-dhe-aleksander-vucic-perballen-sot-ne-keshillin-e-sigurimit-te-okb-se-presidenti-serb-do-vazhdojme-te-luftojme\/","url_meta":{"origin":42003,"position":1},"title":"Vjosa Osmani dhe Aleksand\u00ebr Vu\u00e7i\u00e7 p\u00ebrballen sot n\u00eb K\u00ebshillin e Sigurimit t\u00eb OKB-s\u00eb! Presidenti serb: &#8211; Do vazhdojm\u00eb t\u00eb luftojm\u00eb\u2026","author":"Kurt Farka","date":"April 22, 2024","format":false,"excerpt":"22 Prill 2024 Presidentja e\u00a0 Kosov\u00ebs, Vjosa Osmani do ta p\u00ebrfaq\u00ebsoj\u00eb Kosov\u00ebn t\u00eb h\u00ebn\u00ebn n\u00eb K\u00ebshillin e Sigurimit, n\u00eb seanc\u00ebn q\u00eb pritet t\u00eb mbahet nga ora 16:00, sipas koh\u00ebs lokale n\u00eb Prishtin\u00eb. Osmani n\u00eb k\u00ebt\u00eb seanc\u00eb do t\u00eb p\u00ebrballet me presidentin serb, Aleksandar Vu\u00e7i\u00e7. Si\u00e7 ka njoftuar Presidenca, Osmani pritet\u2026","rel":"","context":"In &quot;Blogu i Udh\u00ebtarit&quot;","block_context":{"text":"Blogu i Udh\u00ebtarit","link":"https:\/\/www.shqiperia.com\/blog\/category\/blogu-i-udhetarit\/"},"img":{"alt_text":"","src":"https:\/\/i0.wp.com\/www.shqiperia.com\/blog\/wp-content\/uploads\/2024\/04\/vucic-osmani.jpg?fit=1200%2C675&ssl=1&resize=350%2C200","width":350,"height":200,"srcset":"https:\/\/i0.wp.com\/www.shqiperia.com\/blog\/wp-content\/uploads\/2024\/04\/vucic-osmani.jpg?fit=1200%2C675&ssl=1&resize=350%2C200 1x, https:\/\/i0.wp.com\/www.shqiperia.com\/blog\/wp-content\/uploads\/2024\/04\/vucic-osmani.jpg?fit=1200%2C675&ssl=1&resize=525%2C300 1.5x, https:\/\/i0.wp.com\/www.shqiperia.com\/blog\/wp-content\/uploads\/2024\/04\/vucic-osmani.jpg?fit=1200%2C675&ssl=1&resize=700%2C400 2x, https:\/\/i0.wp.com\/www.shqiperia.com\/blog\/wp-content\/uploads\/2024\/04\/vucic-osmani.jpg?fit=1200%2C675&ssl=1&resize=1050%2C600 3x"},"classes":[]},{"id":62729,"url":"https:\/\/www.shqiperia.com\/blog\/vjosa-osmani-flet-per-raportet-me-edi-ramen-po-i-shpeton-fytyren-serbise\/","url_meta":{"origin":42003,"position":2},"title":"Vjosa Osmani flet p\u00ebr raportet me Edi Ram\u00ebn: &#8211; Po i shp\u00ebton \u201cfytyr\u00ebn\u201d Serbis\u00eb","author":"Kurt Farka","date":"September 27, 2022","format":false,"excerpt":"26 Shtator 2022 Presidentja e Kosov\u00ebs, Vjosa Osmani, q\u00eb po q\u00ebndron n\u00eb New York, ka dh\u00ebn\u00eb sot nj\u00eb intervist\u00eb, ku ka folur p\u00ebr shum\u00eb tema aktuale. Nd\u00ebr t\u00eb tjerash, ajo u pyet edhe p\u00ebr raportet me kryeministrin shqiptar, Edi Rama, i cili para disa dit\u00ebsh tha se nuk duhet t\u2019i\u2026","rel":"","context":"In &quot;Blogu i Udh\u00ebtarit&quot;","block_context":{"text":"Blogu i Udh\u00ebtarit","link":"https:\/\/www.shqiperia.com\/blog\/category\/blogu-i-udhetarit\/"},"img":{"alt_text":"","src":"https:\/\/i0.wp.com\/www.shqiperia.com\/blog\/wp-content\/uploads\/2022\/09\/640-0-6331faf433b47.png?fit=640%2C384&ssl=1&resize=350%2C200","width":350,"height":200,"srcset":"https:\/\/i0.wp.com\/www.shqiperia.com\/blog\/wp-content\/uploads\/2022\/09\/640-0-6331faf433b47.png?fit=640%2C384&ssl=1&resize=350%2C200 1x, https:\/\/i0.wp.com\/www.shqiperia.com\/blog\/wp-content\/uploads\/2022\/09\/640-0-6331faf433b47.png?fit=640%2C384&ssl=1&resize=525%2C300 1.5x"},"classes":[]},{"id":56856,"url":"https:\/\/www.shqiperia.com\/blog\/deklarata-e-forte-presidentes-se-kosoves-putini-si-milloshevici-permes-serbise-synon-ta-destabilizoje-ballkanin-dhe-me-pas\/","url_meta":{"origin":42003,"position":3},"title":"Deklarata e fort\u00eb presidentes s\u00eb Kosov\u00ebs: &#8211; Putini si Milloshevi\u00e7i, p\u00ebrmes Serbis\u00eb synon ta destabilizoj\u00eb Ballkanin dhe m\u00eb pas\u2026","author":"Kurt Farka","date":"April 17, 2022","format":false,"excerpt":"Deklarata e fort\u00eb presidentes s\u00eb Kosov\u00ebs: - Putini si Milloshevi\u00e7i, p\u00ebrmes Serbis\u00eb synon ta destabilizoj\u00eb Ballkanin dhe m\u00eb pas\u2026 17 Prill 2022 \u201cPresidenti rus Vladimir Putin do t\u00eb k\u00ebrkoj\u00eb t\u00eb p\u00ebrdor\u00eb Serbin\u00eb p\u00ebr t\u00eb destabilizuar Ballkanin dhe bashk\u00eb me t\u00eb, t\u00eb gjith\u00eb Evrop\u00ebn Per\u00ebndimore, n\u00eb nj\u00eb sulm ndaj vlerave demokratike\u2026","rel":"","context":"In &quot;Blogu i Udh\u00ebtarit&quot;","block_context":{"text":"Blogu i Udh\u00ebtarit","link":"https:\/\/www.shqiperia.com\/blog\/category\/blogu-i-udhetarit\/"},"img":{"alt_text":"","src":"https:\/\/i0.wp.com\/www.shqiperia.com\/blog\/wp-content\/uploads\/2022\/04\/vjosa-osmani1.jpg?fit=944%2C554&ssl=1&resize=350%2C200","width":350,"height":200,"srcset":"https:\/\/i0.wp.com\/www.shqiperia.com\/blog\/wp-content\/uploads\/2022\/04\/vjosa-osmani1.jpg?fit=944%2C554&ssl=1&resize=350%2C200 1x, https:\/\/i0.wp.com\/www.shqiperia.com\/blog\/wp-content\/uploads\/2022\/04\/vjosa-osmani1.jpg?fit=944%2C554&ssl=1&resize=525%2C300 1.5x, https:\/\/i0.wp.com\/www.shqiperia.com\/blog\/wp-content\/uploads\/2022\/04\/vjosa-osmani1.jpg?fit=944%2C554&ssl=1&resize=700%2C400 2x"},"classes":[]},{"id":80533,"url":"https:\/\/www.shqiperia.com\/blog\/xi-jinping-viziton-serbine-ja-cfare-pritet-qe-te-diskutohet-midis-presidentit-te-kines-dhe-vucic\/","url_meta":{"origin":42003,"position":4},"title":"Xi Jinping viziton Serbin\u00eb, ja \u00e7far\u00eb pritet q\u00eb t\u00eb diskutohet midis Presidentit t\u00eb Kin\u00ebs dhe Vu\u00e7i\u00e7","author":"Kurt Farka","date":"April 29, 2024","format":false,"excerpt":"29 Prill 2024 Presidenti i Kin\u00ebs, Xi Jinping, do ta vizitoj\u00eb Serbin\u00eb n\u00eb maj, kan\u00eb njoftuar autoritetet serbe. Ai do t\u00eb takohet me presidentin serb, Aleksandar Vu\u00e7i\u00e7, m\u00eb 7 dhe 8 maj, derisa takimin e fundit e kan\u00eb zhvilluar n\u00eb tetorin e 2023-s n\u00eb Pekin K\u00ebrkesa e autoriteteve kineze ka\u2026","rel":"","context":"In &quot;Blogu i Udh\u00ebtarit&quot;","block_context":{"text":"Blogu i Udh\u00ebtarit","link":"https:\/\/www.shqiperia.com\/blog\/category\/blogu-i-udhetarit\/"},"img":{"alt_text":"","src":"https:\/\/i0.wp.com\/www.shqiperia.com\/blog\/wp-content\/uploads\/2024\/04\/800-0-662f98ae908a0.jpg?fit=800%2C603&ssl=1&resize=350%2C200","width":350,"height":200,"srcset":"https:\/\/i0.wp.com\/www.shqiperia.com\/blog\/wp-content\/uploads\/2024\/04\/800-0-662f98ae908a0.jpg?fit=800%2C603&ssl=1&resize=350%2C200 1x, https:\/\/i0.wp.com\/www.shqiperia.com\/blog\/wp-content\/uploads\/2024\/04\/800-0-662f98ae908a0.jpg?fit=800%2C603&ssl=1&resize=525%2C300 1.5x, https:\/\/i0.wp.com\/www.shqiperia.com\/blog\/wp-content\/uploads\/2024\/04\/800-0-662f98ae908a0.jpg?fit=800%2C603&ssl=1&resize=700%2C400 2x"},"classes":[]},{"id":60192,"url":"https:\/\/www.shqiperia.com\/blog\/pa-njohur-kosoven-nuk-ka-serbi-blinken-i-shuan-cdo-shprese-beogradit-pritet-nderhyrja-e-fuqishme-nga-shba-qe-do-te-trondite-pozitat-e-vucicit\/","url_meta":{"origin":42003,"position":5},"title":"\u201cPa njohur Kosov\u00ebn nuk ka Serbi\u201d, Blinken i shuan \u00e7do shpres\u00eb Beogradit, pritet nd\u00ebrhyrja e fuqishme nga SHBA q\u00eb do t\u00eb trondit\u00eb pozitat e Vu\u00e7i\u00e7it","author":"Kurt Farka","date":"July 28, 2022","format":false,"excerpt":"28 KORRIK 2022 Nj\u00eb takim i presidentes Vjosa Osmani dhe kryeministrit Albin Kurti n\u00eb Serbi me sekretarin amerikan t\u00eb Shtetit, AntonyBlinken, ka b\u00ebr\u00eb t\u00eb qart\u00eb se n\u00ebse nuk do t\u00eb ket\u00eb njohje t\u00eb Kosov\u00ebs nga ana e presidentit Aleksand\u00ebr Vu\u00e7i\u00e7it, nuk do t\u00eb ket\u00eb as Serbi n\u00ebEurop\u00eb. Kryeministri Albin Kurti\u2026","rel":"","context":"In &quot;Blogu i Udh\u00ebtarit&quot;","block_context":{"text":"Blogu i Udh\u00ebtarit","link":"https:\/\/www.shqiperia.com\/blog\/category\/blogu-i-udhetarit\/"},"img":{"alt_text":"","src":"https:\/\/i0.wp.com\/www.shqiperia.com\/blog\/wp-content\/uploads\/2022\/07\/800-0-62e24fdb586e6.jpg?fit=800%2C462&ssl=1&resize=350%2C200","width":350,"height":200,"srcset":"https:\/\/i0.wp.com\/www.shqiperia.com\/blog\/wp-content\/uploads\/2022\/07\/800-0-62e24fdb586e6.jpg?fit=800%2C462&ssl=1&resize=350%2C200 1x, https:\/\/i0.wp.com\/www.shqiperia.com\/blog\/wp-content\/uploads\/2022\/07\/800-0-62e24fdb586e6.jpg?fit=800%2C462&ssl=1&resize=525%2C300 1.5x, https:\/\/i0.wp.com\/www.shqiperia.com\/blog\/wp-content\/uploads\/2022\/07\/800-0-62e24fdb586e6.jpg?fit=800%2C462&ssl=1&resize=700%2C400 2x"},"classes":[]}],"_links":{"self":[{"href":"https:\/\/www.shqiperia.com\/blog\/wp-json\/wp\/v2\/posts\/42003","targetHints":{"allow":["GET"]}}],"collection":[{"href":"https:\/\/www.shqiperia.com\/blog\/wp-json\/wp\/v2\/posts"}],"about":[{"href":"https:\/\/www.shqiperia.com\/blog\/wp-json\/wp\/v2\/types\/post"}],"author":[{"embeddable":true,"href":"https:\/\/www.shqiperia.com\/blog\/wp-json\/wp\/v2\/users\/1"}],"replies":[{"embeddable":true,"href":"https:\/\/www.shqiperia.com\/blog\/wp-json\/wp\/v2\/comments?post=42003"}],"version-history":[{"count":1,"href":"https:\/\/www.shqiperia.com\/blog\/wp-json\/wp\/v2\/posts\/42003\/revisions"}],"predecessor-version":[{"id":42004,"href":"https:\/\/www.shqiperia.com\/blog\/wp-json\/wp\/v2\/posts\/42003\/revisions\/42004"}],"wp:featuredmedia":[{"embeddable":true,"href":"https:\/\/www.shqiperia.com\/blog\/wp-json\/wp\/v2\/media\/42000"}],"wp:attachment":[{"href":"https:\/\/www.shqiperia.com\/blog\/wp-json\/wp\/v2\/media?parent=42003"}],"wp:term":[{"taxonomy":"category","embeddable":true,"href":"https:\/\/www.shqiperia.com\/blog\/wp-json\/wp\/v2\/categories?post=42003"},{"taxonomy":"post_tag","embeddable":true,"href":"https:\/\/www.shqiperia.com\/blog\/wp-json\/wp\/v2\/tags?post=42003"}],"curies":[{"name":"wp","href":"https:\/\/api.w.org\/{rel}","templated":true}]}}