{"id":41999,"date":"2020-12-17T10:52:42","date_gmt":"2020-12-17T10:52:42","guid":{"rendered":"https:\/\/www.shqiperia.com\/blog\/?p=41999"},"modified":"2020-12-17T10:52:42","modified_gmt":"2020-12-17T10:52:42","slug":"minishengeni-vjosa-osmani-nuk-kam-ndryshuar-qendrim-projekti-nuk-e-favorizon-kosoven-dhe-as-shqiperine-rames-do-i-kerkoj-dokumentin","status":"publish","type":"post","link":"https:\/\/www.shqiperia.com\/blog\/minishengeni-vjosa-osmani-nuk-kam-ndryshuar-qendrim-projekti-nuk-e-favorizon-kosoven-dhe-as-shqiperine-rames-do-i-kerkoj-dokumentin\/","title":{"rendered":"Minishengeni, Vjosa Osmani: Nuk kam ndryshuar q\u00ebndrim, projekti nuk e favorizon Kosov\u00ebn dhe as Shqip\u00ebrin\u00eb. Ram\u00ebs do i k\u00ebrkoj dokumentin"},"content":{"rendered":"<p><img data-recalc-dims=\"1\" loading=\"lazy\" decoding=\"async\" data-attachment-id=\"42000\" data-permalink=\"https:\/\/www.shqiperia.com\/blog\/minishengeni-vjosa-osmani-nuk-kam-ndryshuar-qendrim-projekti-nuk-e-favorizon-kosoven-dhe-as-shqiperine-rames-do-i-kerkoj-dokumentin\/1608136695_meta7\/\" data-orig-file=\"https:\/\/i0.wp.com\/www.shqiperia.com\/blog\/wp-content\/uploads\/2020\/12\/1608136695_meta7.jpeg?fit=780%2C440&amp;ssl=1\" data-orig-size=\"780,440\" data-comments-opened=\"1\" data-image-meta=\"{&quot;aperture&quot;:&quot;0&quot;,&quot;credit&quot;:&quot;&quot;,&quot;camera&quot;:&quot;&quot;,&quot;caption&quot;:&quot;&quot;,&quot;created_timestamp&quot;:&quot;0&quot;,&quot;copyright&quot;:&quot;&quot;,&quot;focal_length&quot;:&quot;0&quot;,&quot;iso&quot;:&quot;0&quot;,&quot;shutter_speed&quot;:&quot;0&quot;,&quot;title&quot;:&quot;&quot;,&quot;orientation&quot;:&quot;0&quot;}\" data-image-title=\"1608136695_meta7\" data-image-description=\"\" data-image-caption=\"\" data-medium-file=\"https:\/\/i0.wp.com\/www.shqiperia.com\/blog\/wp-content\/uploads\/2020\/12\/1608136695_meta7.jpeg?fit=300%2C169&amp;ssl=1\" data-large-file=\"https:\/\/i0.wp.com\/www.shqiperia.com\/blog\/wp-content\/uploads\/2020\/12\/1608136695_meta7.jpeg?fit=780%2C440&amp;ssl=1\" class=\"alignnone  wp-image-42000\" alt=\"\" src=\"https:\/\/i0.wp.com\/www.shqiperia.com\/blog\/wp-content\/uploads\/2020\/12\/1608136695_meta7.jpeg?resize=504%2C284&#038;ssl=1\" width=\"504\" height=\"284\" srcset=\"https:\/\/i0.wp.com\/www.shqiperia.com\/blog\/wp-content\/uploads\/2020\/12\/1608136695_meta7.jpeg?resize=300%2C169&amp;ssl=1 300w, https:\/\/i0.wp.com\/www.shqiperia.com\/blog\/wp-content\/uploads\/2020\/12\/1608136695_meta7.jpeg?resize=768%2C433&amp;ssl=1 768w, https:\/\/i0.wp.com\/www.shqiperia.com\/blog\/wp-content\/uploads\/2020\/12\/1608136695_meta7.jpeg?resize=450%2C254&amp;ssl=1 450w, https:\/\/i0.wp.com\/www.shqiperia.com\/blog\/wp-content\/uploads\/2020\/12\/1608136695_meta7.jpeg?resize=600%2C338&amp;ssl=1 600w, https:\/\/i0.wp.com\/www.shqiperia.com\/blog\/wp-content\/uploads\/2020\/12\/1608136695_meta7.jpeg?resize=400%2C226&amp;ssl=1 400w, https:\/\/i0.wp.com\/www.shqiperia.com\/blog\/wp-content\/uploads\/2020\/12\/1608136695_meta7.jpeg?w=780&amp;ssl=1 780w\" sizes=\"auto, (max-width: 504px) 100vw, 504px\" \/><\/p>\n<p>Minishengeni, Vjosa Osmani: Nuk kam ndryshuar q\u00ebndrim, projekti nuk e favorizon Kosov\u00ebn dhe as Shqip\u00ebrin\u00eb. Ram\u00ebs do i k\u00ebrkoj dokumentin<\/p>\n<p>16 dhjetor\u00a0 2020<\/p>\n<p>Minishengeni, Vjosa Osmani: Nuk kam ndryshuar q\u00ebndrim, projekti nuk e favorizon Kosov\u00ebn dhe as Shqip\u00ebrin\u00eb. Ram\u00ebs do i k\u00ebrkoj dokumentin<\/p>\n<p>Ushtruesja e detyr\u00ebs s\u00eb Presidentit t\u00eb Kosov\u00ebs Vjosa Osmani ka qen\u00eb e prer\u00eb, e qart\u00eb dhe me nj\u00eb q\u00ebndrim t\u00eb pandryshuar sa i p\u00ebrket minishengenit, ose ndryshe shengenit rajonal, nj\u00eb iniciativ\u00eb q\u00eb shkon para mes Serbis\u00eb, Shqip\u00ebris\u00eb dhe Maqedonis\u00eb s\u00eb Veriut.<\/p>\n<p>Osmani tha gjat\u00eb konferenc\u00ebs p\u00ebr mediat me Presidentin e Republik\u00ebs Ilir Meta se ka shum\u00eb shpresa p\u00ebr ta bindur kryeministrin Rama q\u00eb ky nuk \u00ebsht\u00eb projekt q\u00eb favorizon Kosov\u00ebn dhe Shqip\u00ebrin\u00eb.<\/p>\n<p>Ajo tha se do k\u00ebrkoj t\u00eb ket\u00eb dokumentin pasi vet\u00ebm flitet, por nuk ka asnj\u00eb dokument q\u00eb tregon se \u00e7far\u00eb \u00ebsht\u00eb ky minishengen.<\/p>\n<p>Osmani theksoi m\u00eb tej se ka iniciativa t\u00eb tjera q\u00eb p\u00ebrkund\u00ebr mb\u00ebshtetjes s\u00eb madhe nd\u00ebrkomb\u00ebtare, Serbia nuk i ka zbatuar. Sipas saj, e mira do ishte t\u00eb shkrihej n\u00eb iniciativat e tjera.<\/p>\n<p>\u201cSa i p\u00ebrket minishengenit kam akoma t\u00eb nj\u00ebjtin q\u00ebndrim. Ia kam p\u00ebrcjell\u00eb kryeministrit Rama gjat\u00eb vizit\u00ebs n\u00eb n\u00ebntor dhe do ta p\u00ebrs\u00ebris t\u00eb nj\u00ebjt\u00ebn gj\u00eb dhe nes\u00ebr.<\/p>\n<p>Ka shum\u00eb argumente mbi baz\u00ebn e t\u00eb cil\u00ebve kemi nd\u00ebrtuar at\u00eb q\u00ebndrim. Ka shum\u00eb shpresa p\u00ebr ta bindur kryeministrin Rama q\u00eb ky nuk \u00ebsht\u00eb projekt q\u00eb favorizon Kosov\u00ebn dhe Shqip\u00ebrin\u00eb.<\/p>\n<p>Fatkeq\u00ebsisht ai e bindi kryeministrin Hoti q\u00eb ta n\u00ebnshkruaj\u00eb. Ajo \u00e7ka do k\u00ebrkoj \u00ebsht\u00eb ta kemi dokumentin. Ne vet\u00ebm flasim, por nuk kemi asnj\u00eb dokument se \u00e7far\u00eb \u00ebsht\u00eb ky minishengen. Mendoj q\u00eb nga fillimi \u00ebsht\u00eb gabim. Kjo iniciativ\u00eb nuk e ka p\u00ebrfshir\u00eb Kosov\u00ebn nga fillimi, nuk \u00ebsht\u00eb konsultuar Kosova.<\/p>\n<p>Presidenca nuk \u00ebsht\u00eb njoftuar se \u00e7ka zyrtarisht e ka q\u00ebllimin. Kemi iniciativa t\u00eb tjera q\u00eb p\u00ebrkund\u00ebr mb\u00ebshtetjes s\u00eb madhe nd\u00ebrkomb\u00ebtare, Serbia nuk i ka zbatuar. Mund t\u00eb duket si nj\u00eb iniciativ\u00eb q\u00eb ka q\u00ebllimin e nj\u00ebjt\u00eb por e mira do ishte t\u00eb shkrihej n\u00eb iniciativat e tjera.<\/p>\n<p>Kemi treguar dhe ofruar dor\u00ebn e bashk\u00ebpunimit p\u00ebr gjith\u00eb rajonin, p\u00ebrfshir\u00eb Serbin\u00eb q\u00eb nuk ka k\u00ebrkuar falje p\u00ebr krimet e kryera. ne k\u00ebrkojm\u00eb p\u00ebrfshirje t\u00eb barabart\u00eb. Ajo \u00e7ka kemi d\u00ebgjuar nga mediat p\u00ebr minishengenin, n\u00eb mas\u00eb t\u00eb madhe i shkojn\u00eb n\u00eb leverdi Serbis\u00eb se sa Kosov\u00ebs e Shqip\u00ebris\u00eb\u201d, deklaroi Osmani.<\/p>\n<p>o.j\/dita<\/p>\n","protected":false},"excerpt":{"rendered":"<p>Minishengeni, Vjosa Osmani: Nuk kam ndryshuar q\u00ebndrim, projekti nuk e favorizon Kosov\u00ebn dhe as Shqip\u00ebrin\u00eb. Ram\u00ebs do i k\u00ebrkoj dokumentin 16 dhjetor\u00a0 2020 Minishengeni, Vjosa Osmani: Nuk kam ndryshuar q\u00ebndrim, projekti nuk e favorizon Kosov\u00ebn dhe as Shqip\u00ebrin\u00eb. Ram\u00ebs do i k\u00ebrkoj dokumentin Ushtruesja e detyr\u00ebs s\u00eb Presidentit t\u00eb Kosov\u00ebs Vjosa Osmani ka qen\u00eb e [&hellip;]<\/p>\n","protected":false},"author":9,"featured_media":42000,"comment_status":"open","ping_status":"open","sticky":false,"template":"","format":"standard","meta":{"jetpack_post_was_ever_published":false,"_jetpack_newsletter_access":"","_jetpack_dont_email_post_to_subs":false,"_jetpack_newsletter_tier_id":0,"_jetpack_memberships_contains_paywalled_content":false,"_jetpack_memberships_contains_paid_content":false,"footnotes":"","jetpack_publicize_message":"","jetpack_publicize_feature_enabled":true,"jetpack_social_post_already_shared":true,"jetpack_social_options":{"image_generator_settings":{"template":"highway","default_image_id":0,"font":"","enabled":false},"version":2}},"categories":[27,2,35],"tags":[],"class_list":["post-41999","post","type-post","status-publish","format-standard","has-post-thumbnail","hentry","category-blogu-i-udhetarit","category-politika","category-shoqerore"],"jetpack_publicize_connections":[],"jetpack_featured_media_url":"https:\/\/i0.wp.com\/www.shqiperia.com\/blog\/wp-content\/uploads\/2020\/12\/1608136695_meta7.jpeg?fit=780%2C440&ssl=1","jetpack_sharing_enabled":true,"jetpack_shortlink":"https:\/\/wp.me\/p5Z6wp-aVp","jetpack-related-posts":[{"id":56416,"url":"https:\/\/www.shqiperia.com\/blog\/presidentja-e-kosoves-kritika-ndaj-edi-rames-nuk-e-di-pse-shqiperia-vazhdon-te-perkrahe-ballkanin-e-hapur-ku-vucici-ka\/","url_meta":{"origin":41999,"position":0},"title":"Presidentja e Kosov\u00ebs kritika ndaj Edi Ram\u00ebs: Nuk e di pse Shqip\u00ebria vazhdon t\u00eb p\u00ebrkrah\u00eb \u201cBallkanin e Hapur\u201d, ku Vu\u00e7i\u00e7i ka\u2026","author":"Kurt Farka","date":"April 6, 2022","format":false,"excerpt":"Presidentja e Kosov\u00ebs kritika ndaj Edi Ram\u00ebs: Nuk e di pse Shqip\u00ebria vazhdon t\u00eb p\u00ebrkrah\u00eb \u201cBallkanin e Hapur\u201d, ku Vu\u00e7i\u00e7i ka\u2026 5 Prill 2022 Presidentja e Kosov\u00ebs, Vjosa Osmani ka kritikuar kryeministrin shqiptar Edi Rama, duke u shpreh se nuk e di pse \u201cShqip\u00ebria vazhdon ta p\u00ebrkrah Ballkanin e Hapur\u201d.\u2026","rel":"","context":"In &quot;Blogu i Udh\u00ebtarit&quot;","block_context":{"text":"Blogu i Udh\u00ebtarit","link":"https:\/\/www.shqiperia.com\/blog\/category\/blogu-i-udhetarit\/"},"img":{"alt_text":"","src":"https:\/\/i0.wp.com\/www.shqiperia.com\/blog\/wp-content\/uploads\/2022\/04\/osmani-edi-rama.png?fit=600%2C335&ssl=1&resize=350%2C200","width":350,"height":200,"srcset":"https:\/\/i0.wp.com\/www.shqiperia.com\/blog\/wp-content\/uploads\/2022\/04\/osmani-edi-rama.png?fit=600%2C335&ssl=1&resize=350%2C200 1x, https:\/\/i0.wp.com\/www.shqiperia.com\/blog\/wp-content\/uploads\/2022\/04\/osmani-edi-rama.png?fit=600%2C335&ssl=1&resize=525%2C300 1.5x"},"classes":[]},{"id":60192,"url":"https:\/\/www.shqiperia.com\/blog\/pa-njohur-kosoven-nuk-ka-serbi-blinken-i-shuan-cdo-shprese-beogradit-pritet-nderhyrja-e-fuqishme-nga-shba-qe-do-te-trondite-pozitat-e-vucicit\/","url_meta":{"origin":41999,"position":1},"title":"\u201cPa njohur Kosov\u00ebn nuk ka Serbi\u201d, Blinken i shuan \u00e7do shpres\u00eb Beogradit, pritet nd\u00ebrhyrja e fuqishme nga SHBA q\u00eb do t\u00eb trondit\u00eb pozitat e Vu\u00e7i\u00e7it","author":"Kurt Farka","date":"July 28, 2022","format":false,"excerpt":"28 KORRIK 2022 Nj\u00eb takim i presidentes Vjosa Osmani dhe kryeministrit Albin Kurti n\u00eb Serbi me sekretarin amerikan t\u00eb Shtetit, AntonyBlinken, ka b\u00ebr\u00eb t\u00eb qart\u00eb se n\u00ebse nuk do t\u00eb ket\u00eb njohje t\u00eb Kosov\u00ebs nga ana e presidentit Aleksand\u00ebr Vu\u00e7i\u00e7it, nuk do t\u00eb ket\u00eb as Serbi n\u00ebEurop\u00eb. Kryeministri Albin Kurti\u2026","rel":"","context":"In &quot;Blogu i Udh\u00ebtarit&quot;","block_context":{"text":"Blogu i Udh\u00ebtarit","link":"https:\/\/www.shqiperia.com\/blog\/category\/blogu-i-udhetarit\/"},"img":{"alt_text":"","src":"https:\/\/i0.wp.com\/www.shqiperia.com\/blog\/wp-content\/uploads\/2022\/07\/800-0-62e24fdb586e6.jpg?fit=800%2C462&ssl=1&resize=350%2C200","width":350,"height":200,"srcset":"https:\/\/i0.wp.com\/www.shqiperia.com\/blog\/wp-content\/uploads\/2022\/07\/800-0-62e24fdb586e6.jpg?fit=800%2C462&ssl=1&resize=350%2C200 1x, https:\/\/i0.wp.com\/www.shqiperia.com\/blog\/wp-content\/uploads\/2022\/07\/800-0-62e24fdb586e6.jpg?fit=800%2C462&ssl=1&resize=525%2C300 1.5x, https:\/\/i0.wp.com\/www.shqiperia.com\/blog\/wp-content\/uploads\/2022\/07\/800-0-62e24fdb586e6.jpg?fit=800%2C462&ssl=1&resize=700%2C400 2x"},"classes":[]},{"id":96870,"url":"https:\/\/www.shqiperia.com\/blog\/vjosa-osmani-zbardh-arsyen-pse-e-perzune-edi-ramen-nga-nenshkrimi-i-bordit-te-paqes-ne-davos-prapaskenat\/","url_meta":{"origin":41999,"position":2},"title":"Vjosa Osmani zbardh arsyen pse e p\u00ebrzun\u00eb Edi Ram\u00ebn nga n\u00ebnshkrimi i Bordit t\u00eb Paqes n\u00eb Davos, prapaskenat\u2026","author":"Kurt Farka","date":"January 24, 2026","format":false,"excerpt":"25 Janar 2026 Ceremonia n\u00eb Davos t\u00eb Zvicr\u00ebs, ku Presidenti i Shteteve t\u00eb Bashkuara, Donald Trump, n\u00ebnshkroi marr\u00ebveshjen p\u00ebr krijimin e Bordit t\u00eb Paqes, shfaqi nj\u00eb kontrast t\u00eb thell\u00eb diplomatik mes Prishtin\u00ebs dhe Tiran\u00ebs. Nd\u00ebrsa Presidentja e Kosov\u00ebs, Vjosa Osmani, u thirr me nj\u00eb ftes\u00eb urgjente dhe personale p\u00ebr t\u00eb\u2026","rel":"","context":"In &quot;Blogu i Udh\u00ebtarit&quot;","block_context":{"text":"Blogu i Udh\u00ebtarit","link":"https:\/\/www.shqiperia.com\/blog\/category\/blogu-i-udhetarit\/"},"img":{"alt_text":"","src":"https:\/\/i0.wp.com\/www.shqiperia.com\/blog\/wp-content\/uploads\/2026\/01\/politike-kryesore-2.jpg?fit=560%2C349&ssl=1&resize=350%2C200","width":350,"height":200,"srcset":"https:\/\/i0.wp.com\/www.shqiperia.com\/blog\/wp-content\/uploads\/2026\/01\/politike-kryesore-2.jpg?fit=560%2C349&ssl=1&resize=350%2C200 1x, https:\/\/i0.wp.com\/www.shqiperia.com\/blog\/wp-content\/uploads\/2026\/01\/politike-kryesore-2.jpg?fit=560%2C349&ssl=1&resize=525%2C300 1.5x"},"classes":[]},{"id":42003,"url":"https:\/\/www.shqiperia.com\/blog\/vjosa-osmani-i-ben-thirrje-parlamentit-shqiptar-te-miratoje-rezoluten-qe-denon-gjenocidin-serb\/","url_meta":{"origin":41999,"position":3},"title":"Vjosa Osmani i b\u00ebn thirrje Parlamentit Shqiptar t\u00eb miratoj\u00eb rezolut\u00ebn q\u00eb d\u00ebnon gjenocidin serb","author":"shqiperia","date":"December 17, 2020","format":false,"excerpt":"Presidentja e p\u00ebrkohshme e Republik\u00ebs s\u00eb Kosov\u00ebs, Vjosa Osmani, i b\u00ebri thirrje Parlamentit Shqiptare q\u00eb t'i bashkohet Kosov\u00ebs n\u00eb miratimin e nj\u00eb rezolute q\u00eb d\u00ebnon gjenocidin Serb. \u201cDialogu me Serbin\u00eb mbetet i pa mbyllur dhe ne jemi t\u00eb gatsh\u00ebm t\u00eb dialogojm\u00eb vet\u00ebm p\u00ebr njohjen reciproke, duke respektuar integritetin territorial dhe\u2026","rel":"","context":"In &quot;Politika&quot;","block_context":{"text":"Politika","link":"https:\/\/www.shqiperia.com\/blog\/category\/politika\/"},"img":{"alt_text":"","src":"https:\/\/i0.wp.com\/www.shqiperia.com\/blog\/wp-content\/uploads\/2020\/12\/1608136695_meta7.jpeg?fit=780%2C440&ssl=1&resize=350%2C200","width":350,"height":200,"srcset":"https:\/\/i0.wp.com\/www.shqiperia.com\/blog\/wp-content\/uploads\/2020\/12\/1608136695_meta7.jpeg?fit=780%2C440&ssl=1&resize=350%2C200 1x, https:\/\/i0.wp.com\/www.shqiperia.com\/blog\/wp-content\/uploads\/2020\/12\/1608136695_meta7.jpeg?fit=780%2C440&ssl=1&resize=525%2C300 1.5x, https:\/\/i0.wp.com\/www.shqiperia.com\/blog\/wp-content\/uploads\/2020\/12\/1608136695_meta7.jpeg?fit=780%2C440&ssl=1&resize=700%2C400 2x"},"classes":[]},{"id":80350,"url":"https:\/\/www.shqiperia.com\/blog\/vjosa-osmani-dhe-aleksander-vucic-perballen-sot-ne-keshillin-e-sigurimit-te-okb-se-presidenti-serb-do-vazhdojme-te-luftojme\/","url_meta":{"origin":41999,"position":4},"title":"Vjosa Osmani dhe Aleksand\u00ebr Vu\u00e7i\u00e7 p\u00ebrballen sot n\u00eb K\u00ebshillin e Sigurimit t\u00eb OKB-s\u00eb! Presidenti serb: &#8211; Do vazhdojm\u00eb t\u00eb luftojm\u00eb\u2026","author":"Kurt Farka","date":"April 22, 2024","format":false,"excerpt":"22 Prill 2024 Presidentja e\u00a0 Kosov\u00ebs, Vjosa Osmani do ta p\u00ebrfaq\u00ebsoj\u00eb Kosov\u00ebn t\u00eb h\u00ebn\u00ebn n\u00eb K\u00ebshillin e Sigurimit, n\u00eb seanc\u00ebn q\u00eb pritet t\u00eb mbahet nga ora 16:00, sipas koh\u00ebs lokale n\u00eb Prishtin\u00eb. Osmani n\u00eb k\u00ebt\u00eb seanc\u00eb do t\u00eb p\u00ebrballet me presidentin serb, Aleksandar Vu\u00e7i\u00e7. Si\u00e7 ka njoftuar Presidenca, Osmani pritet\u2026","rel":"","context":"In &quot;Blogu i Udh\u00ebtarit&quot;","block_context":{"text":"Blogu i Udh\u00ebtarit","link":"https:\/\/www.shqiperia.com\/blog\/category\/blogu-i-udhetarit\/"},"img":{"alt_text":"","src":"https:\/\/i0.wp.com\/www.shqiperia.com\/blog\/wp-content\/uploads\/2024\/04\/vucic-osmani.jpg?fit=1200%2C675&ssl=1&resize=350%2C200","width":350,"height":200,"srcset":"https:\/\/i0.wp.com\/www.shqiperia.com\/blog\/wp-content\/uploads\/2024\/04\/vucic-osmani.jpg?fit=1200%2C675&ssl=1&resize=350%2C200 1x, https:\/\/i0.wp.com\/www.shqiperia.com\/blog\/wp-content\/uploads\/2024\/04\/vucic-osmani.jpg?fit=1200%2C675&ssl=1&resize=525%2C300 1.5x, https:\/\/i0.wp.com\/www.shqiperia.com\/blog\/wp-content\/uploads\/2024\/04\/vucic-osmani.jpg?fit=1200%2C675&ssl=1&resize=700%2C400 2x, https:\/\/i0.wp.com\/www.shqiperia.com\/blog\/wp-content\/uploads\/2024\/04\/vucic-osmani.jpg?fit=1200%2C675&ssl=1&resize=1050%2C600 3x"},"classes":[]},{"id":42023,"url":"https:\/\/www.shqiperia.com\/blog\/mjerim-politik-dhe-kombetar-i-deputeteve-te-republikes-se-shqiperise\/","url_meta":{"origin":41999,"position":5},"title":"MJERIM POLITIK DHE KOMB\u00cbTAR  I DEPUTET\u00cbVE T\u00cb REPUBLIK\u00cbS S\u00cb SHQIP\u00cbRIS\u00cb","author":"Kurt Farka","date":"December 18, 2020","format":false,"excerpt":"MJERIM POLITIK DHE KOMB\u00cbTAR I DEPUTET\u00cbVE T\u00cb REPUBLIK\u00cbS S\u00cb SHQIP\u00cbRIS\u00cb Nga Gjon Bru\u00e7i -N\u00eb seanc\u00ebn e parlamentit t\u00eb Republik\u00ebs s\u00eb Shqip\u00ebris\u00eb, kur Presidentja e Kosov\u00ebs Vjosa Osmani, mbajti fjalimin e saj p\u00ebrsh\u00ebndet\u00ebs, n\u00eb podiumin e sall\u00ebs mungonin pjesa d\u00ebrmuese e ministrave dhe vet\u00eb Kryeministri Rama. Ky i fundit kishte zgjedhur\u2026","rel":"","context":"In &quot;Blogu i Udh\u00ebtarit&quot;","block_context":{"text":"Blogu i Udh\u00ebtarit","link":"https:\/\/www.shqiperia.com\/blog\/category\/blogu-i-udhetarit\/"},"img":{"alt_text":"","src":"https:\/\/i0.wp.com\/www.shqiperia.com\/blog\/wp-content\/uploads\/2020\/12\/131925231_1793012674180236_7939767498966142911_n.jpg?fit=805%2C479&ssl=1&resize=350%2C200","width":350,"height":200,"srcset":"https:\/\/i0.wp.com\/www.shqiperia.com\/blog\/wp-content\/uploads\/2020\/12\/131925231_1793012674180236_7939767498966142911_n.jpg?fit=805%2C479&ssl=1&resize=350%2C200 1x, https:\/\/i0.wp.com\/www.shqiperia.com\/blog\/wp-content\/uploads\/2020\/12\/131925231_1793012674180236_7939767498966142911_n.jpg?fit=805%2C479&ssl=1&resize=525%2C300 1.5x, https:\/\/i0.wp.com\/www.shqiperia.com\/blog\/wp-content\/uploads\/2020\/12\/131925231_1793012674180236_7939767498966142911_n.jpg?fit=805%2C479&ssl=1&resize=700%2C400 2x"},"classes":[]}],"_links":{"self":[{"href":"https:\/\/www.shqiperia.com\/blog\/wp-json\/wp\/v2\/posts\/41999","targetHints":{"allow":["GET"]}}],"collection":[{"href":"https:\/\/www.shqiperia.com\/blog\/wp-json\/wp\/v2\/posts"}],"about":[{"href":"https:\/\/www.shqiperia.com\/blog\/wp-json\/wp\/v2\/types\/post"}],"author":[{"embeddable":true,"href":"https:\/\/www.shqiperia.com\/blog\/wp-json\/wp\/v2\/users\/9"}],"replies":[{"embeddable":true,"href":"https:\/\/www.shqiperia.com\/blog\/wp-json\/wp\/v2\/comments?post=41999"}],"version-history":[{"count":1,"href":"https:\/\/www.shqiperia.com\/blog\/wp-json\/wp\/v2\/posts\/41999\/revisions"}],"predecessor-version":[{"id":42001,"href":"https:\/\/www.shqiperia.com\/blog\/wp-json\/wp\/v2\/posts\/41999\/revisions\/42001"}],"wp:featuredmedia":[{"embeddable":true,"href":"https:\/\/www.shqiperia.com\/blog\/wp-json\/wp\/v2\/media\/42000"}],"wp:attachment":[{"href":"https:\/\/www.shqiperia.com\/blog\/wp-json\/wp\/v2\/media?parent=41999"}],"wp:term":[{"taxonomy":"category","embeddable":true,"href":"https:\/\/www.shqiperia.com\/blog\/wp-json\/wp\/v2\/categories?post=41999"},{"taxonomy":"post_tag","embeddable":true,"href":"https:\/\/www.shqiperia.com\/blog\/wp-json\/wp\/v2\/tags?post=41999"}],"curies":[{"name":"wp","href":"https:\/\/api.w.org\/{rel}","templated":true}]}}