{"id":41989,"date":"2020-12-17T10:40:09","date_gmt":"2020-12-17T10:40:09","guid":{"rendered":"https:\/\/www.shqiperia.com\/blog\/?p=41989"},"modified":"2020-12-17T10:40:09","modified_gmt":"2020-12-17T10:40:09","slug":"foto-ambulanca-kompjutera-dhe-dy-zjarrfikese-aktorja-zhaklina-dhimojani-nis-nga-zvicra-drejt-shqiperise-ndihma-per-covid-19","status":"publish","type":"post","link":"https:\/\/www.shqiperia.com\/blog\/foto-ambulanca-kompjutera-dhe-dy-zjarrfikese-aktorja-zhaklina-dhimojani-nis-nga-zvicra-drejt-shqiperise-ndihma-per-covid-19\/","title":{"rendered":"FOTO; \u00a0Ambulanca, kompjutera dhe dy zjarrfik\u00ebse. Aktorja Zhaklina Dhimojani nis nga Zvicra drejt Shqip\u00ebris\u00eb ndihma p\u00ebr COVID-19"},"content":{"rendered":"<p><img data-recalc-dims=\"1\" loading=\"lazy\" decoding=\"async\" data-attachment-id=\"41990\" data-permalink=\"https:\/\/www.shqiperia.com\/blog\/foto-ambulanca-kompjutera-dhe-dy-zjarrfikese-aktorja-zhaklina-dhimojani-nis-nga-zvicra-drejt-shqiperise-ndihma-per-covid-19\/aktorja-zhaklina-dhimojani-nis-nga-zvicra-drejt-shqiperise-ndihma-per-covid-19\/\" data-orig-file=\"https:\/\/i0.wp.com\/www.shqiperia.com\/blog\/wp-content\/uploads\/2020\/12\/Aktorja-Zhaklina-Dhimojani-nis-nga-Zvicra-drejt-Shqiperise-ndihma-per-COVID-19.jpg?fit=960%2C595&amp;ssl=1\" data-orig-size=\"960,595\" data-comments-opened=\"1\" data-image-meta=\"{&quot;aperture&quot;:&quot;0&quot;,&quot;credit&quot;:&quot;&quot;,&quot;camera&quot;:&quot;&quot;,&quot;caption&quot;:&quot;&quot;,&quot;created_timestamp&quot;:&quot;0&quot;,&quot;copyright&quot;:&quot;&quot;,&quot;focal_length&quot;:&quot;0&quot;,&quot;iso&quot;:&quot;0&quot;,&quot;shutter_speed&quot;:&quot;0&quot;,&quot;title&quot;:&quot;&quot;,&quot;orientation&quot;:&quot;0&quot;}\" data-image-title=\"Aktorja Zhaklina Dhimojani nis nga Zvicra drejt Shqip\u00ebris\u00eb ndihma p\u00ebr COVID-19\" data-image-description=\"\" data-image-caption=\"\" data-medium-file=\"https:\/\/i0.wp.com\/www.shqiperia.com\/blog\/wp-content\/uploads\/2020\/12\/Aktorja-Zhaklina-Dhimojani-nis-nga-Zvicra-drejt-Shqiperise-ndihma-per-COVID-19.jpg?fit=300%2C186&amp;ssl=1\" data-large-file=\"https:\/\/i0.wp.com\/www.shqiperia.com\/blog\/wp-content\/uploads\/2020\/12\/Aktorja-Zhaklina-Dhimojani-nis-nga-Zvicra-drejt-Shqiperise-ndihma-per-COVID-19.jpg?fit=960%2C595&amp;ssl=1\" class=\"alignnone  wp-image-41990\" alt=\"\" src=\"https:\/\/i0.wp.com\/www.shqiperia.com\/blog\/wp-content\/uploads\/2020\/12\/Aktorja-Zhaklina-Dhimojani-nis-nga-Zvicra-drejt-Shqiperise-ndihma-per-COVID-19.jpg?resize=511%2C317&#038;ssl=1\" width=\"511\" height=\"317\" srcset=\"https:\/\/i0.wp.com\/www.shqiperia.com\/blog\/wp-content\/uploads\/2020\/12\/Aktorja-Zhaklina-Dhimojani-nis-nga-Zvicra-drejt-Shqiperise-ndihma-per-COVID-19.jpg?resize=300%2C186&amp;ssl=1 300w, https:\/\/i0.wp.com\/www.shqiperia.com\/blog\/wp-content\/uploads\/2020\/12\/Aktorja-Zhaklina-Dhimojani-nis-nga-Zvicra-drejt-Shqiperise-ndihma-per-COVID-19.jpg?resize=768%2C476&amp;ssl=1 768w, https:\/\/i0.wp.com\/www.shqiperia.com\/blog\/wp-content\/uploads\/2020\/12\/Aktorja-Zhaklina-Dhimojani-nis-nga-Zvicra-drejt-Shqiperise-ndihma-per-COVID-19.jpg?resize=450%2C279&amp;ssl=1 450w, https:\/\/i0.wp.com\/www.shqiperia.com\/blog\/wp-content\/uploads\/2020\/12\/Aktorja-Zhaklina-Dhimojani-nis-nga-Zvicra-drejt-Shqiperise-ndihma-per-COVID-19.jpg?resize=600%2C372&amp;ssl=1 600w, https:\/\/i0.wp.com\/www.shqiperia.com\/blog\/wp-content\/uploads\/2020\/12\/Aktorja-Zhaklina-Dhimojani-nis-nga-Zvicra-drejt-Shqiperise-ndihma-per-COVID-19.jpg?resize=400%2C248&amp;ssl=1 400w, https:\/\/i0.wp.com\/www.shqiperia.com\/blog\/wp-content\/uploads\/2020\/12\/Aktorja-Zhaklina-Dhimojani-nis-nga-Zvicra-drejt-Shqiperise-ndihma-per-COVID-19.jpg?w=960&amp;ssl=1 960w\" sizes=\"auto, (max-width: 511px) 100vw, 511px\" \/><\/p>\n<p><a href=\"http:\/\/www.panorama.com.al\/fotovideo-ambulanca-kompjutera-dhe-dy-zjarrfikese-aktorja-zhaklina-dhimojani-nis-nga-zvicra-drejt-shqiperise-ndihma-per-covid-19\/\">FOTO; \u00a0Ambulanca, kompjutera dhe dy zjarrfik\u00ebse. Aktorja Zhaklina Dhimojani nis nga Zvicra drejt Shqip\u00ebris\u00eb ndihma p\u00ebr COVID-19<\/a><\/p>\n<p><em>12 dhjetor 2020<\/em><\/p>\n<p><strong>Aktorja shqiptare, Zhaklina Dhimojani p\u00ebrmes disa fotove q\u00eb ka postuar n\u00eb rrjetet sociale ka ndar\u00eb lajmin se nj\u00eb ndihm\u00eb po vjen drejt Shqip\u00ebris\u00eb nga Zvicra.<\/strong><\/p>\n<p>B\u00ebhet fjal\u00eb p\u00ebr krevat\u00eb, komodina dhe materiale t\u00eb tjera q\u00eb do t\u00eb p\u00ebrdoren nga Ministria e Sh\u00ebndet\u00ebsis\u00eb p\u00ebr situat\u00ebn e COVID-19. Por, edhe nj\u00eb autoambulanc\u00eb, autotransporte p\u00ebr persona me aft\u00ebsi t\u00eb kufizuar, dy minibus\u00eb dhe dy autransporte e 50 laptop\u00eb.<\/p>\n<p>Vec k\u00ebtyre, p\u00ebr Ministrin\u00eb e Mbrojtjes do t\u00eb vijn\u00eb edhe 2 zjarr\u00ebfik\u00ebse moderne q\u00eb do t\u00eb p\u00ebrdoren p\u00ebr emergjenca.<\/p>\n<p><img data-recalc-dims=\"1\" loading=\"lazy\" decoding=\"async\" data-attachment-id=\"41991\" data-permalink=\"https:\/\/www.shqiperia.com\/blog\/foto-ambulanca-kompjutera-dhe-dy-zjarrfikese-aktorja-zhaklina-dhimojani-nis-nga-zvicra-drejt-shqiperise-ndihma-per-covid-19\/aktorja-zhaklina-dhimojani-nis-nga-zvicra-drejt-shqiperise-ndihma-per-covid-19-5\/\" data-orig-file=\"https:\/\/i0.wp.com\/www.shqiperia.com\/blog\/wp-content\/uploads\/2020\/12\/Aktorja-Zhaklina-Dhimojani-nis-nga-Zvicra-drejt-Shqiperise-ndihma-per-COVID-19-5.jpg?fit=960%2C720&amp;ssl=1\" data-orig-size=\"960,720\" data-comments-opened=\"1\" data-image-meta=\"{&quot;aperture&quot;:&quot;0&quot;,&quot;credit&quot;:&quot;&quot;,&quot;camera&quot;:&quot;&quot;,&quot;caption&quot;:&quot;&quot;,&quot;created_timestamp&quot;:&quot;0&quot;,&quot;copyright&quot;:&quot;&quot;,&quot;focal_length&quot;:&quot;0&quot;,&quot;iso&quot;:&quot;0&quot;,&quot;shutter_speed&quot;:&quot;0&quot;,&quot;title&quot;:&quot;&quot;,&quot;orientation&quot;:&quot;0&quot;}\" data-image-title=\"Aktorja Zhaklina Dhimojani nis nga Zvicra drejt Shqip\u00ebris\u00eb ndihma p\u00ebr COVID-19 (5)\" data-image-description=\"\" data-image-caption=\"\" data-medium-file=\"https:\/\/i0.wp.com\/www.shqiperia.com\/blog\/wp-content\/uploads\/2020\/12\/Aktorja-Zhaklina-Dhimojani-nis-nga-Zvicra-drejt-Shqiperise-ndihma-per-COVID-19-5.jpg?fit=300%2C225&amp;ssl=1\" data-large-file=\"https:\/\/i0.wp.com\/www.shqiperia.com\/blog\/wp-content\/uploads\/2020\/12\/Aktorja-Zhaklina-Dhimojani-nis-nga-Zvicra-drejt-Shqiperise-ndihma-per-COVID-19-5.jpg?fit=960%2C720&amp;ssl=1\" class=\"alignnone  wp-image-41991\" alt=\"\" src=\"https:\/\/i0.wp.com\/www.shqiperia.com\/blog\/wp-content\/uploads\/2020\/12\/Aktorja-Zhaklina-Dhimojani-nis-nga-Zvicra-drejt-Shqiperise-ndihma-per-COVID-19-5.jpg?resize=592%2C446&#038;ssl=1\" width=\"592\" height=\"446\" srcset=\"https:\/\/i0.wp.com\/www.shqiperia.com\/blog\/wp-content\/uploads\/2020\/12\/Aktorja-Zhaklina-Dhimojani-nis-nga-Zvicra-drejt-Shqiperise-ndihma-per-COVID-19-5.jpg?resize=300%2C225&amp;ssl=1 300w, https:\/\/i0.wp.com\/www.shqiperia.com\/blog\/wp-content\/uploads\/2020\/12\/Aktorja-Zhaklina-Dhimojani-nis-nga-Zvicra-drejt-Shqiperise-ndihma-per-COVID-19-5.jpg?resize=450%2C338&amp;ssl=1 450w, https:\/\/i0.wp.com\/www.shqiperia.com\/blog\/wp-content\/uploads\/2020\/12\/Aktorja-Zhaklina-Dhimojani-nis-nga-Zvicra-drejt-Shqiperise-ndihma-per-COVID-19-5.jpg?resize=400%2C300&amp;ssl=1 400w\" sizes=\"auto, (max-width: 592px) 100vw, 592px\" \/><\/p>\n<p><strong><em>Postimi i Zhaklina Dhimojani Bl\u00e4ttler<\/em><\/strong><\/p>\n<p><em>T\u00eb dashur miq, jam e lumtur t\u00eb\u00a0 ndaj me ju nj\u00eb lajm\u00a0 t\u00eb mir\u00eb.<\/em><\/p>\n<p><em>Sot nisem nga Berna\/Zvicra nj\u00eb\u00a0 karvan me ndihma q\u00eb konsistojn\u00eb n\u00eb krevate, komodina dhe inventar\u00eb t\u00eb ndrysh\u00ebm q\u00eb do t\u00eb p\u00ebrdoren nga Ministria e Sh\u00ebndet\u00ebsis\u00eb dhe Mir\u00ebqenies Sociale p\u00ebr situat\u00ebn emergjente t\u00eb COVID-19. Gjithashtu, p\u00ebr k\u00ebt\u00eb ministri shkojn\u00eb edhe 1 autoambulanc\u00eb, 1 autotransporter p\u00ebr persona me aft\u00ebsi t\u00eb kufizuara, 2 minibus\u00eb\/ dhe 2 autotransporter, 50 laptop\u00eb.<\/em><\/p>\n<p><img data-recalc-dims=\"1\" loading=\"lazy\" decoding=\"async\" data-attachment-id=\"41992\" data-permalink=\"https:\/\/www.shqiperia.com\/blog\/foto-ambulanca-kompjutera-dhe-dy-zjarrfikese-aktorja-zhaklina-dhimojani-nis-nga-zvicra-drejt-shqiperise-ndihma-per-covid-19\/aktorja-zhaklina-dhimojani\/\" data-orig-file=\"https:\/\/i0.wp.com\/www.shqiperia.com\/blog\/wp-content\/uploads\/2020\/12\/Aktorja-Zhaklina-Dhimojani.jpg?fit=692%2C462&amp;ssl=1\" data-orig-size=\"692,462\" data-comments-opened=\"1\" data-image-meta=\"{&quot;aperture&quot;:&quot;0&quot;,&quot;credit&quot;:&quot;&quot;,&quot;camera&quot;:&quot;&quot;,&quot;caption&quot;:&quot;&quot;,&quot;created_timestamp&quot;:&quot;0&quot;,&quot;copyright&quot;:&quot;&quot;,&quot;focal_length&quot;:&quot;0&quot;,&quot;iso&quot;:&quot;0&quot;,&quot;shutter_speed&quot;:&quot;0&quot;,&quot;title&quot;:&quot;&quot;,&quot;orientation&quot;:&quot;0&quot;}\" data-image-title=\"Aktorja Zhaklina Dhimojani\" data-image-description=\"\" data-image-caption=\"\" data-medium-file=\"https:\/\/i0.wp.com\/www.shqiperia.com\/blog\/wp-content\/uploads\/2020\/12\/Aktorja-Zhaklina-Dhimojani.jpg?fit=300%2C200&amp;ssl=1\" data-large-file=\"https:\/\/i0.wp.com\/www.shqiperia.com\/blog\/wp-content\/uploads\/2020\/12\/Aktorja-Zhaklina-Dhimojani.jpg?fit=692%2C462&amp;ssl=1\" class=\"alignnone  wp-image-41992\" alt=\"\" src=\"https:\/\/i0.wp.com\/www.shqiperia.com\/blog\/wp-content\/uploads\/2020\/12\/Aktorja-Zhaklina-Dhimojani.jpg?resize=513%2C342&#038;ssl=1\" width=\"513\" height=\"342\" srcset=\"https:\/\/i0.wp.com\/www.shqiperia.com\/blog\/wp-content\/uploads\/2020\/12\/Aktorja-Zhaklina-Dhimojani.jpg?resize=300%2C200&amp;ssl=1 300w, https:\/\/i0.wp.com\/www.shqiperia.com\/blog\/wp-content\/uploads\/2020\/12\/Aktorja-Zhaklina-Dhimojani.jpg?resize=600%2C401&amp;ssl=1 600w, https:\/\/i0.wp.com\/www.shqiperia.com\/blog\/wp-content\/uploads\/2020\/12\/Aktorja-Zhaklina-Dhimojani.jpg?resize=450%2C300&amp;ssl=1 450w, https:\/\/i0.wp.com\/www.shqiperia.com\/blog\/wp-content\/uploads\/2020\/12\/Aktorja-Zhaklina-Dhimojani.jpg?resize=400%2C267&amp;ssl=1 400w, https:\/\/i0.wp.com\/www.shqiperia.com\/blog\/wp-content\/uploads\/2020\/12\/Aktorja-Zhaklina-Dhimojani.jpg?w=692&amp;ssl=1 692w\" sizes=\"auto, (max-width: 513px) 100vw, 513px\" \/><\/p>\n<p><em>K\u00ebtij karvani i bashkohen edhe 2 zjarrfik\u00ebse me destinacion Ministrin\u00eb e Mbrojtjes, t\u00eb cilat do t\u00eb p\u00ebrdoren gjat\u00eb emergjencave.<\/em><\/p>\n<div id=\"attachment_41993\" style=\"width: 572px\" class=\"wp-caption alignnone\"><img data-recalc-dims=\"1\" loading=\"lazy\" decoding=\"async\" aria-describedby=\"caption-attachment-41993\" data-attachment-id=\"41993\" data-permalink=\"https:\/\/www.shqiperia.com\/blog\/foto-ambulanca-kompjutera-dhe-dy-zjarrfikese-aktorja-zhaklina-dhimojani-nis-nga-zvicra-drejt-shqiperise-ndihma-per-covid-19\/aktorja-zhaklina-dhimojani-nis-nga-zvicra-drejt-shqiperise-ndihma-per-covid-19-6\/\" data-orig-file=\"https:\/\/i0.wp.com\/www.shqiperia.com\/blog\/wp-content\/uploads\/2020\/12\/Aktorja-Zhaklina-Dhimojani-nis-nga-Zvicra-drejt-Shqiperise-ndihma-per-COVID-19-6.jpg?fit=960%2C720&amp;ssl=1\" data-orig-size=\"960,720\" data-comments-opened=\"1\" data-image-meta=\"{&quot;aperture&quot;:&quot;0&quot;,&quot;credit&quot;:&quot;&quot;,&quot;camera&quot;:&quot;&quot;,&quot;caption&quot;:&quot;&quot;,&quot;created_timestamp&quot;:&quot;0&quot;,&quot;copyright&quot;:&quot;&quot;,&quot;focal_length&quot;:&quot;0&quot;,&quot;iso&quot;:&quot;0&quot;,&quot;shutter_speed&quot;:&quot;0&quot;,&quot;title&quot;:&quot;&quot;,&quot;orientation&quot;:&quot;0&quot;}\" data-image-title=\"Aktorja Zhaklina Dhimojani nis nga Zvicra drejt Shqip\u00ebris\u00eb ndihma p\u00ebr COVID-19 (6)\" data-image-description=\"\" data-image-caption=\"&lt;p&gt;FOTO; \u00a0Ambulanca, kompjutera dhe dy zjarrfik\u00ebse. Aktorja Zhaklina Dhimojani nis nga Zvicra drejt Shqip\u00ebris\u00eb ndihma p\u00ebr COVID-19&lt;\/p&gt;\n\" data-medium-file=\"https:\/\/i0.wp.com\/www.shqiperia.com\/blog\/wp-content\/uploads\/2020\/12\/Aktorja-Zhaklina-Dhimojani-nis-nga-Zvicra-drejt-Shqiperise-ndihma-per-COVID-19-6.jpg?fit=300%2C225&amp;ssl=1\" data-large-file=\"https:\/\/i0.wp.com\/www.shqiperia.com\/blog\/wp-content\/uploads\/2020\/12\/Aktorja-Zhaklina-Dhimojani-nis-nga-Zvicra-drejt-Shqiperise-ndihma-per-COVID-19-6.jpg?fit=960%2C720&amp;ssl=1\" class=\" wp-image-41993\" alt=\"\" src=\"https:\/\/i0.wp.com\/www.shqiperia.com\/blog\/wp-content\/uploads\/2020\/12\/Aktorja-Zhaklina-Dhimojani-nis-nga-Zvicra-drejt-Shqiperise-ndihma-per-COVID-19-6.jpg?resize=562%2C423&#038;ssl=1\" width=\"562\" height=\"423\" srcset=\"https:\/\/i0.wp.com\/www.shqiperia.com\/blog\/wp-content\/uploads\/2020\/12\/Aktorja-Zhaklina-Dhimojani-nis-nga-Zvicra-drejt-Shqiperise-ndihma-per-COVID-19-6.jpg?resize=300%2C225&amp;ssl=1 300w, https:\/\/i0.wp.com\/www.shqiperia.com\/blog\/wp-content\/uploads\/2020\/12\/Aktorja-Zhaklina-Dhimojani-nis-nga-Zvicra-drejt-Shqiperise-ndihma-per-COVID-19-6.jpg?resize=768%2C576&amp;ssl=1 768w, https:\/\/i0.wp.com\/www.shqiperia.com\/blog\/wp-content\/uploads\/2020\/12\/Aktorja-Zhaklina-Dhimojani-nis-nga-Zvicra-drejt-Shqiperise-ndihma-per-COVID-19-6.jpg?resize=450%2C338&amp;ssl=1 450w, https:\/\/i0.wp.com\/www.shqiperia.com\/blog\/wp-content\/uploads\/2020\/12\/Aktorja-Zhaklina-Dhimojani-nis-nga-Zvicra-drejt-Shqiperise-ndihma-per-COVID-19-6.jpg?resize=600%2C450&amp;ssl=1 600w, https:\/\/i0.wp.com\/www.shqiperia.com\/blog\/wp-content\/uploads\/2020\/12\/Aktorja-Zhaklina-Dhimojani-nis-nga-Zvicra-drejt-Shqiperise-ndihma-per-COVID-19-6.jpg?resize=400%2C300&amp;ssl=1 400w, https:\/\/i0.wp.com\/www.shqiperia.com\/blog\/wp-content\/uploads\/2020\/12\/Aktorja-Zhaklina-Dhimojani-nis-nga-Zvicra-drejt-Shqiperise-ndihma-per-COVID-19-6.jpg?w=960&amp;ssl=1 960w\" sizes=\"auto, (max-width: 562px) 100vw, 562px\" \/><p id=\"caption-attachment-41993\" class=\"wp-caption-text\">FOTO; \u00a0Ambulanca, kompjutera dhe dy zjarrfik\u00ebse. Aktorja Zhaklina Dhimojani nis nga Zvicra drejt Shqip\u00ebris\u00eb ndihma p\u00ebr COVID-19<\/p><\/div>\n<p><img data-recalc-dims=\"1\" loading=\"lazy\" decoding=\"async\" data-attachment-id=\"41994\" data-permalink=\"https:\/\/www.shqiperia.com\/blog\/foto-ambulanca-kompjutera-dhe-dy-zjarrfikese-aktorja-zhaklina-dhimojani-nis-nga-zvicra-drejt-shqiperise-ndihma-per-covid-19\/800-0-5fd5b68fab7d5\/\" data-orig-file=\"https:\/\/i0.wp.com\/www.shqiperia.com\/blog\/wp-content\/uploads\/2020\/12\/800-0-5fd5b68fab7d5.jpg?fit=800%2C439&amp;ssl=1\" data-orig-size=\"800,439\" data-comments-opened=\"1\" data-image-meta=\"{&quot;aperture&quot;:&quot;0&quot;,&quot;credit&quot;:&quot;&quot;,&quot;camera&quot;:&quot;&quot;,&quot;caption&quot;:&quot;&quot;,&quot;created_timestamp&quot;:&quot;0&quot;,&quot;copyright&quot;:&quot;&quot;,&quot;focal_length&quot;:&quot;0&quot;,&quot;iso&quot;:&quot;0&quot;,&quot;shutter_speed&quot;:&quot;0&quot;,&quot;title&quot;:&quot;&quot;,&quot;orientation&quot;:&quot;0&quot;}\" data-image-title=\"-800-0-5fd5b68fab7d5\" data-image-description=\"\" data-image-caption=\"\" data-medium-file=\"https:\/\/i0.wp.com\/www.shqiperia.com\/blog\/wp-content\/uploads\/2020\/12\/800-0-5fd5b68fab7d5.jpg?fit=300%2C165&amp;ssl=1\" data-large-file=\"https:\/\/i0.wp.com\/www.shqiperia.com\/blog\/wp-content\/uploads\/2020\/12\/800-0-5fd5b68fab7d5.jpg?fit=800%2C439&amp;ssl=1\" class=\"alignnone  wp-image-41994\" alt=\"\" src=\"https:\/\/i0.wp.com\/www.shqiperia.com\/blog\/wp-content\/uploads\/2020\/12\/800-0-5fd5b68fab7d5.jpg?resize=499%2C276&#038;ssl=1\" width=\"499\" height=\"276\" srcset=\"https:\/\/i0.wp.com\/www.shqiperia.com\/blog\/wp-content\/uploads\/2020\/12\/800-0-5fd5b68fab7d5.jpg?resize=300%2C165&amp;ssl=1 300w, https:\/\/i0.wp.com\/www.shqiperia.com\/blog\/wp-content\/uploads\/2020\/12\/800-0-5fd5b68fab7d5.jpg?resize=400%2C220&amp;ssl=1 400w\" sizes=\"auto, (max-width: 499px) 100vw, 499px\" \/><\/p>\n<div id=\"attachment_41995\" style=\"width: 542px\" class=\"wp-caption alignnone\"><img data-recalc-dims=\"1\" loading=\"lazy\" decoding=\"async\" aria-describedby=\"caption-attachment-41995\" data-attachment-id=\"41995\" data-permalink=\"https:\/\/www.shqiperia.com\/blog\/foto-ambulanca-kompjutera-dhe-dy-zjarrfikese-aktorja-zhaklina-dhimojani-nis-nga-zvicra-drejt-shqiperise-ndihma-per-covid-19\/aktorja-zhaklina-dhimojani-nis-nga-zvicra-drejt-shqiperise-ndihma-per-covid-19-2\/\" data-orig-file=\"https:\/\/i0.wp.com\/www.shqiperia.com\/blog\/wp-content\/uploads\/2020\/12\/Aktorja-Zhaklina-Dhimojani-nis-nga-Zvicra-drejt-Shqiperise-ndihma-per-COVID-19-2.jpg?fit=960%2C720&amp;ssl=1\" data-orig-size=\"960,720\" data-comments-opened=\"1\" data-image-meta=\"{&quot;aperture&quot;:&quot;0&quot;,&quot;credit&quot;:&quot;&quot;,&quot;camera&quot;:&quot;&quot;,&quot;caption&quot;:&quot;&quot;,&quot;created_timestamp&quot;:&quot;0&quot;,&quot;copyright&quot;:&quot;&quot;,&quot;focal_length&quot;:&quot;0&quot;,&quot;iso&quot;:&quot;0&quot;,&quot;shutter_speed&quot;:&quot;0&quot;,&quot;title&quot;:&quot;&quot;,&quot;orientation&quot;:&quot;0&quot;}\" data-image-title=\"Aktorja Zhaklina Dhimojani nis nga Zvicra drejt Shqip\u00ebris\u00eb ndihma p\u00ebr COVID-19 (2)\" data-image-description=\"\" data-image-caption=\"&lt;p&gt;FOTO; \u00a0Ambulanca, kompjutera dhe dy zjarrfik\u00ebse. Aktorja Zhaklina Dhimojani nis nga Zvicra drejt Shqip\u00ebris\u00eb ndihma p\u00ebr COVID-19&lt;\/p&gt;\n\" data-medium-file=\"https:\/\/i0.wp.com\/www.shqiperia.com\/blog\/wp-content\/uploads\/2020\/12\/Aktorja-Zhaklina-Dhimojani-nis-nga-Zvicra-drejt-Shqiperise-ndihma-per-COVID-19-2.jpg?fit=300%2C225&amp;ssl=1\" data-large-file=\"https:\/\/i0.wp.com\/www.shqiperia.com\/blog\/wp-content\/uploads\/2020\/12\/Aktorja-Zhaklina-Dhimojani-nis-nga-Zvicra-drejt-Shqiperise-ndihma-per-COVID-19-2.jpg?fit=960%2C720&amp;ssl=1\" class=\" wp-image-41995\" alt=\"\" src=\"https:\/\/i0.wp.com\/www.shqiperia.com\/blog\/wp-content\/uploads\/2020\/12\/Aktorja-Zhaklina-Dhimojani-nis-nga-Zvicra-drejt-Shqiperise-ndihma-per-COVID-19-2.jpg?resize=532%2C401&#038;ssl=1\" width=\"532\" height=\"401\" srcset=\"https:\/\/i0.wp.com\/www.shqiperia.com\/blog\/wp-content\/uploads\/2020\/12\/Aktorja-Zhaklina-Dhimojani-nis-nga-Zvicra-drejt-Shqiperise-ndihma-per-COVID-19-2.jpg?resize=300%2C225&amp;ssl=1 300w, https:\/\/i0.wp.com\/www.shqiperia.com\/blog\/wp-content\/uploads\/2020\/12\/Aktorja-Zhaklina-Dhimojani-nis-nga-Zvicra-drejt-Shqiperise-ndihma-per-COVID-19-2.jpg?resize=450%2C338&amp;ssl=1 450w\" sizes=\"auto, (max-width: 532px) 100vw, 532px\" \/><p id=\"caption-attachment-41995\" class=\"wp-caption-text\">FOTO; \u00a0Ambulanca, kompjutera dhe dy zjarrfik\u00ebse. Aktorja Zhaklina Dhimojani nis nga Zvicra drejt Shqip\u00ebris\u00eb ndihma p\u00ebr COVID-19<\/p><\/div>\n<div id=\"attachment_41996\" style=\"width: 618px\" class=\"wp-caption alignnone\"><img data-recalc-dims=\"1\" loading=\"lazy\" decoding=\"async\" aria-describedby=\"caption-attachment-41996\" data-attachment-id=\"41996\" data-permalink=\"https:\/\/www.shqiperia.com\/blog\/foto-ambulanca-kompjutera-dhe-dy-zjarrfikese-aktorja-zhaklina-dhimojani-nis-nga-zvicra-drejt-shqiperise-ndihma-per-covid-19\/aktorja-zhaklina-dhimojani-nis-nga-zvicra-drejt-shqiperise-ndihma-per-covid-19-3\/\" data-orig-file=\"https:\/\/i0.wp.com\/www.shqiperia.com\/blog\/wp-content\/uploads\/2020\/12\/Aktorja-Zhaklina-Dhimojani-nis-nga-Zvicra-drejt-Shqiperise-ndihma-per-COVID-19-3.jpg?fit=960%2C720&amp;ssl=1\" data-orig-size=\"960,720\" data-comments-opened=\"1\" data-image-meta=\"{&quot;aperture&quot;:&quot;0&quot;,&quot;credit&quot;:&quot;&quot;,&quot;camera&quot;:&quot;&quot;,&quot;caption&quot;:&quot;&quot;,&quot;created_timestamp&quot;:&quot;0&quot;,&quot;copyright&quot;:&quot;&quot;,&quot;focal_length&quot;:&quot;0&quot;,&quot;iso&quot;:&quot;0&quot;,&quot;shutter_speed&quot;:&quot;0&quot;,&quot;title&quot;:&quot;&quot;,&quot;orientation&quot;:&quot;0&quot;}\" data-image-title=\"Aktorja Zhaklina Dhimojani nis nga Zvicra drejt Shqip\u00ebris\u00eb ndihma p\u00ebr COVID-19 (3)\" data-image-description=\"\" data-image-caption=\"&lt;p&gt;FOTO; \u00a0Ambulanca, kompjutera dhe dy zjarrfik\u00ebse. Aktorja Zhaklina Dhimojani nis nga Zvicra drejt Shqip\u00ebris\u00eb ndihma p\u00ebr COVID-19&lt;\/p&gt;\n\" data-medium-file=\"https:\/\/i0.wp.com\/www.shqiperia.com\/blog\/wp-content\/uploads\/2020\/12\/Aktorja-Zhaklina-Dhimojani-nis-nga-Zvicra-drejt-Shqiperise-ndihma-per-COVID-19-3.jpg?fit=300%2C225&amp;ssl=1\" data-large-file=\"https:\/\/i0.wp.com\/www.shqiperia.com\/blog\/wp-content\/uploads\/2020\/12\/Aktorja-Zhaklina-Dhimojani-nis-nga-Zvicra-drejt-Shqiperise-ndihma-per-COVID-19-3.jpg?fit=960%2C720&amp;ssl=1\" class=\" wp-image-41996\" alt=\"\" src=\"https:\/\/i0.wp.com\/www.shqiperia.com\/blog\/wp-content\/uploads\/2020\/12\/Aktorja-Zhaklina-Dhimojani-nis-nga-Zvicra-drejt-Shqiperise-ndihma-per-COVID-19-3.jpg?resize=608%2C458&#038;ssl=1\" width=\"608\" height=\"458\" srcset=\"https:\/\/i0.wp.com\/www.shqiperia.com\/blog\/wp-content\/uploads\/2020\/12\/Aktorja-Zhaklina-Dhimojani-nis-nga-Zvicra-drejt-Shqiperise-ndihma-per-COVID-19-3.jpg?resize=300%2C225&amp;ssl=1 300w, https:\/\/i0.wp.com\/www.shqiperia.com\/blog\/wp-content\/uploads\/2020\/12\/Aktorja-Zhaklina-Dhimojani-nis-nga-Zvicra-drejt-Shqiperise-ndihma-per-COVID-19-3.jpg?resize=450%2C338&amp;ssl=1 450w, https:\/\/i0.wp.com\/www.shqiperia.com\/blog\/wp-content\/uploads\/2020\/12\/Aktorja-Zhaklina-Dhimojani-nis-nga-Zvicra-drejt-Shqiperise-ndihma-per-COVID-19-3.jpg?resize=400%2C300&amp;ssl=1 400w\" sizes=\"auto, (max-width: 608px) 100vw, 608px\" \/><p id=\"caption-attachment-41996\" class=\"wp-caption-text\">FOTO; \u00a0Ambulanca, kompjutera dhe dy zjarrfik\u00ebse. Aktorja Zhaklina Dhimojani nis nga Zvicra drejt Shqip\u00ebris\u00eb ndihma p\u00ebr COVID-19<\/p><\/div>\n<div id=\"attachment_41997\" style=\"width: 610px\" class=\"wp-caption alignnone\"><img data-recalc-dims=\"1\" loading=\"lazy\" decoding=\"async\" aria-describedby=\"caption-attachment-41997\" data-attachment-id=\"41997\" data-permalink=\"https:\/\/www.shqiperia.com\/blog\/foto-ambulanca-kompjutera-dhe-dy-zjarrfikese-aktorja-zhaklina-dhimojani-nis-nga-zvicra-drejt-shqiperise-ndihma-per-covid-19\/aktorja-zhaklina-dhimojani-nis-nga-zvicra-drejt-shqiperise-ndihma-per-covid-19-4\/\" data-orig-file=\"https:\/\/i0.wp.com\/www.shqiperia.com\/blog\/wp-content\/uploads\/2020\/12\/Aktorja-Zhaklina-Dhimojani-nis-nga-Zvicra-drejt-Shqiperise-ndihma-per-COVID-19-4.jpg?fit=960%2C720&amp;ssl=1\" data-orig-size=\"960,720\" data-comments-opened=\"1\" data-image-meta=\"{&quot;aperture&quot;:&quot;0&quot;,&quot;credit&quot;:&quot;&quot;,&quot;camera&quot;:&quot;&quot;,&quot;caption&quot;:&quot;&quot;,&quot;created_timestamp&quot;:&quot;0&quot;,&quot;copyright&quot;:&quot;&quot;,&quot;focal_length&quot;:&quot;0&quot;,&quot;iso&quot;:&quot;0&quot;,&quot;shutter_speed&quot;:&quot;0&quot;,&quot;title&quot;:&quot;&quot;,&quot;orientation&quot;:&quot;0&quot;}\" data-image-title=\"Aktorja Zhaklina Dhimojani nis nga Zvicra drejt Shqip\u00ebris\u00eb ndihma p\u00ebr COVID-19 (4)\" data-image-description=\"\" data-image-caption=\"&lt;p&gt;FOTO; \u00a0Ambulanca, kompjutera dhe dy zjarrfik\u00ebse. Aktorja Zhaklina Dhimojani nis nga Zvicra drejt Shqip\u00ebris\u00eb ndihma p\u00ebr COVID-19&lt;\/p&gt;\n\" data-medium-file=\"https:\/\/i0.wp.com\/www.shqiperia.com\/blog\/wp-content\/uploads\/2020\/12\/Aktorja-Zhaklina-Dhimojani-nis-nga-Zvicra-drejt-Shqiperise-ndihma-per-COVID-19-4.jpg?fit=300%2C225&amp;ssl=1\" data-large-file=\"https:\/\/i0.wp.com\/www.shqiperia.com\/blog\/wp-content\/uploads\/2020\/12\/Aktorja-Zhaklina-Dhimojani-nis-nga-Zvicra-drejt-Shqiperise-ndihma-per-COVID-19-4.jpg?fit=960%2C720&amp;ssl=1\" class=\" wp-image-41997\" alt=\"\" src=\"https:\/\/i0.wp.com\/www.shqiperia.com\/blog\/wp-content\/uploads\/2020\/12\/Aktorja-Zhaklina-Dhimojani-nis-nga-Zvicra-drejt-Shqiperise-ndihma-per-COVID-19-4.jpg?resize=600%2C452&#038;ssl=1\" width=\"600\" height=\"452\" srcset=\"https:\/\/i0.wp.com\/www.shqiperia.com\/blog\/wp-content\/uploads\/2020\/12\/Aktorja-Zhaklina-Dhimojani-nis-nga-Zvicra-drejt-Shqiperise-ndihma-per-COVID-19-4.jpg?resize=300%2C225&amp;ssl=1 300w, https:\/\/i0.wp.com\/www.shqiperia.com\/blog\/wp-content\/uploads\/2020\/12\/Aktorja-Zhaklina-Dhimojani-nis-nga-Zvicra-drejt-Shqiperise-ndihma-per-COVID-19-4.jpg?resize=450%2C338&amp;ssl=1 450w, https:\/\/i0.wp.com\/www.shqiperia.com\/blog\/wp-content\/uploads\/2020\/12\/Aktorja-Zhaklina-Dhimojani-nis-nga-Zvicra-drejt-Shqiperise-ndihma-per-COVID-19-4.jpg?resize=400%2C300&amp;ssl=1 400w\" sizes=\"auto, (max-width: 600px) 100vw, 600px\" \/><p id=\"caption-attachment-41997\" class=\"wp-caption-text\">FOTO; \u00a0Ambulanca, kompjutera dhe dy zjarrfik\u00ebse. Aktorja Zhaklina Dhimojani nis nga Zvicra drejt Shqip\u00ebris\u00eb ndihma p\u00ebr COVID-19<\/p><\/div>\n<p><em>Gazeta Panorama<\/em><\/p>\n","protected":false},"excerpt":{"rendered":"<p>FOTO; \u00a0Ambulanca, kompjutera dhe dy zjarrfik\u00ebse. Aktorja Zhaklina Dhimojani nis nga Zvicra drejt Shqip\u00ebris\u00eb ndihma p\u00ebr COVID-19 12 dhjetor 2020 Aktorja shqiptare, Zhaklina Dhimojani p\u00ebrmes disa fotove q\u00eb ka postuar n\u00eb rrjetet sociale ka ndar\u00eb lajmin se nj\u00eb ndihm\u00eb po vjen drejt Shqip\u00ebris\u00eb nga Zvicra. B\u00ebhet fjal\u00eb p\u00ebr krevat\u00eb, komodina dhe materiale t\u00eb tjera q\u00eb [&hellip;]<\/p>\n","protected":false},"author":9,"featured_media":41990,"comment_status":"open","ping_status":"open","sticky":false,"template":"","format":"standard","meta":{"jetpack_post_was_ever_published":false,"_jetpack_newsletter_access":"","_jetpack_dont_email_post_to_subs":false,"_jetpack_newsletter_tier_id":0,"_jetpack_memberships_contains_paywalled_content":false,"_jetpack_memberships_contains_paid_content":false,"footnotes":"","jetpack_publicize_message":"","jetpack_publicize_feature_enabled":true,"jetpack_social_post_already_shared":true,"jetpack_social_options":{"image_generator_settings":{"template":"highway","default_image_id":0,"font":"","enabled":false},"version":2}},"categories":[27,1,35],"tags":[],"class_list":["post-41989","post","type-post","status-publish","format-standard","has-post-thumbnail","hentry","category-blogu-i-udhetarit","category-njoftime-shtypi","category-shoqerore"],"jetpack_publicize_connections":[],"jetpack_featured_media_url":"https:\/\/i0.wp.com\/www.shqiperia.com\/blog\/wp-content\/uploads\/2020\/12\/Aktorja-Zhaklina-Dhimojani-nis-nga-Zvicra-drejt-Shqiperise-ndihma-per-COVID-19.jpg?fit=960%2C595&ssl=1","jetpack_sharing_enabled":true,"jetpack_shortlink":"https:\/\/wp.me\/p5Z6wp-aVf","jetpack-related-posts":[{"id":48614,"url":"https:\/\/www.shqiperia.com\/blog\/zvicra-e-franca-nuk-njohin-sinovac-e-sputnik-shqiptareve-u-kerkohet-test-pcr\/","url_meta":{"origin":41989,"position":0},"title":"Zvicra e Franca nuk njohin Sinovac e Sputnik. &#8211;\u00a0 Shqiptar\u00ebve u k\u00ebrkohet test PCR.","author":"Kurt Farka","date":"July 20, 2021","format":false,"excerpt":"Zvicra e Franca nuk njohin Sinovac e Sputnik. -\u00a0 Shqiptar\u00ebve u k\u00ebrkohet test PCR. 19 KORRIK 2021 Franca dhe Zvicra njohin vet\u00ebm kat\u00ebr lloje vaksinash p\u00ebr t\u00eb lejuar hyrjen pa qen\u00eb nevoja e testit negativ anti-Covid. Nga k\u00ebto, n\u00eb Shqip\u00ebri jan\u00eb p\u00ebrdorur vet\u00ebm dy prej tyre. TIA njoftoi qytetar\u00ebt se\u2026","rel":"","context":"In &quot;Blogu i Udh\u00ebtarit&quot;","block_context":{"text":"Blogu i Udh\u00ebtarit","link":"https:\/\/www.shqiperia.com\/blog\/category\/blogu-i-udhetarit\/"},"img":{"alt_text":"","src":"https:\/\/i0.wp.com\/www.shqiperia.com\/blog\/wp-content\/uploads\/2021\/07\/640-0-f42d7325d1c88922ca618492671de515.jpg?fit=640%2C360&ssl=1&resize=350%2C200","width":350,"height":200,"srcset":"https:\/\/i0.wp.com\/www.shqiperia.com\/blog\/wp-content\/uploads\/2021\/07\/640-0-f42d7325d1c88922ca618492671de515.jpg?fit=640%2C360&ssl=1&resize=350%2C200 1x, https:\/\/i0.wp.com\/www.shqiperia.com\/blog\/wp-content\/uploads\/2021\/07\/640-0-f42d7325d1c88922ca618492671de515.jpg?fit=640%2C360&ssl=1&resize=525%2C300 1.5x"},"classes":[]},{"id":32211,"url":"https:\/\/www.shqiperia.com\/blog\/me-urgjence-drejt-tiranes-te-kthyer-nga-italia-4-persona-nga-skrapari-dyshohen-me-koronavirus\/","url_meta":{"origin":41989,"position":1},"title":"\u201cMe urgjenc\u00eb drejt Tiran\u00ebs\u201d\/ T\u00eb kthyer nga Italia, 4 persona nga Skrapari dyshohen me koronavirus","author":"Kurt Farka","date":"March 9, 2020","format":false,"excerpt":"\u00a0\u201cMe urgjenc\u00eb drejt Tiran\u00ebs\u201d\/ T\u00eb kthyer nga Italia, 4 persona nga Skrapari dyshohen me koronavirus 09\/03\/20 | Kat\u00ebr pacient\u00eb nga Skrapari dhe Berati jan\u00eb nisur drejt QSUT-s\u00eb Tiran\u00eb. Ndon\u00ebse ende nuk dihet se nga se vuajn\u00eb, pacient\u00ebt shfaqnin simptoma t\u00eb nj\u00ebjta me COVID-19, temperatur\u00eb t\u00eb lart\u00eb dhe bllokim n\u00eb frym\u00ebmarrje.\u2026","rel":"","context":"In &quot;Blogu i Udh\u00ebtarit&quot;","block_context":{"text":"Blogu i Udh\u00ebtarit","link":"https:\/\/www.shqiperia.com\/blog\/category\/blogu-i-udhetarit\/"},"img":{"alt_text":"","src":"https:\/\/i0.wp.com\/www.shqiperia.com\/blog\/wp-content\/uploads\/2020\/03\/auto_karantina81583780815.jpg?fit=900%2C501&ssl=1&resize=350%2C200","width":350,"height":200,"srcset":"https:\/\/i0.wp.com\/www.shqiperia.com\/blog\/wp-content\/uploads\/2020\/03\/auto_karantina81583780815.jpg?fit=900%2C501&ssl=1&resize=350%2C200 1x, https:\/\/i0.wp.com\/www.shqiperia.com\/blog\/wp-content\/uploads\/2020\/03\/auto_karantina81583780815.jpg?fit=900%2C501&ssl=1&resize=525%2C300 1.5x, https:\/\/i0.wp.com\/www.shqiperia.com\/blog\/wp-content\/uploads\/2020\/03\/auto_karantina81583780815.jpg?fit=900%2C501&ssl=1&resize=700%2C400 2x"},"classes":[]},{"id":28746,"url":"https:\/\/www.shqiperia.com\/blog\/rama-ia-thote-pacollit-taksen-rrugore-nuk-e-heqim-ata-qe-sjellin-ndihma-i-paguajne-edhe-5-euro\/","url_meta":{"origin":41989,"position":2},"title":"Rama ia thot\u00eb Pacollit: Taks\u00ebn rrugore nuk e heqim, ata q\u00eb sjellin ndihma i paguajn\u00eb edhe 5 euro","author":"Kurt Farka","date":"November 27, 2019","format":false,"excerpt":"Rama ia thot\u00eb Pacollit: Taks\u00ebn rrugore nuk e heqim, ata q\u00eb sjellin ndihma i paguajn\u00eb edhe 5 euro. Kryeministri i Shqip\u00ebris\u00eb Edi Rama \u00ebsht\u00eb b\u00ebr\u00eb nervoz me k\u00ebrkesat \u00a0p\u00ebr heqjen e tarif\u00ebs n\u00eb Rrug\u00ebn e Kombit. Ai i ka th\u00ebn\u00eb Behgjet Pacollit q\u00eb kjo tarif\u00eb nuk hiqet nd\u00ebrkoh\u00eb ka th\u00ebn\u00eb\u2026","rel":"","context":"In &quot;Blogu i Udh\u00ebtarit&quot;","block_context":{"text":"Blogu i Udh\u00ebtarit","link":"https:\/\/www.shqiperia.com\/blog\/category\/blogu-i-udhetarit\/"},"img":{"alt_text":"","src":"https:\/\/i0.wp.com\/www.shqiperia.com\/blog\/wp-content\/uploads\/2019\/11\/pacolli-600x360.jpg?fit=600%2C360&ssl=1&resize=350%2C200","width":350,"height":200,"srcset":"https:\/\/i0.wp.com\/www.shqiperia.com\/blog\/wp-content\/uploads\/2019\/11\/pacolli-600x360.jpg?fit=600%2C360&ssl=1&resize=350%2C200 1x, https:\/\/i0.wp.com\/www.shqiperia.com\/blog\/wp-content\/uploads\/2019\/11\/pacolli-600x360.jpg?fit=600%2C360&ssl=1&resize=525%2C300 1.5x"},"classes":[]},{"id":65329,"url":"https:\/\/www.shqiperia.com\/blog\/u-vesh-me-te-zeza-dhe-vajtoi-para-turmes-aktorja-mendova-se-doktorin-e-qelluan-me-plumb\/","url_meta":{"origin":41989,"position":3},"title":"U vesh me t\u00eb zeza dhe vajtoi para turm\u00ebs, aktorja: Mendova se doktorin e q\u00eblluan me plumb&#8230;","author":"Kurt Farka","date":"December 8, 2022","format":false,"excerpt":"8 Dhjetor 2022 Vaji i \u201cKortezhit t\u00eb dhimbjes shqiptare\u201d padyshim q\u00eb mund t\u00eb cil\u00ebsohet si nd\u00ebr mesazhet p\u00ebr t\u00eb forta t\u00eb protest\u00ebs s\u00eb 6 dhjetorit t\u00eb opozit\u00ebs. Aktore dhe aktiviste t\u00eb PD-s\u00eb, veshur n\u00eb t\u00eb zeza k\u00ebnduan k\u00ebng\u00eb vaji kushtuar djemve t\u00eb humbur apo dhe shpres\u00ebs s\u00eb vrar\u00eb t\u00eb shqiptar\u00ebve.\u2026","rel":"","context":"In &quot;Blogu i Udh\u00ebtarit&quot;","block_context":{"text":"Blogu i Udh\u00ebtarit","link":"https:\/\/www.shqiperia.com\/blog\/category\/blogu-i-udhetarit\/"},"img":{"alt_text":"","src":"https:\/\/i0.wp.com\/www.shqiperia.com\/blog\/wp-content\/uploads\/2022\/12\/640-0-63919e5a25280.png?fit=640%2C358&ssl=1&resize=350%2C200","width":350,"height":200,"srcset":"https:\/\/i0.wp.com\/www.shqiperia.com\/blog\/wp-content\/uploads\/2022\/12\/640-0-63919e5a25280.png?fit=640%2C358&ssl=1&resize=350%2C200 1x, https:\/\/i0.wp.com\/www.shqiperia.com\/blog\/wp-content\/uploads\/2022\/12\/640-0-63919e5a25280.png?fit=640%2C358&ssl=1&resize=525%2C300 1.5x"},"classes":[]},{"id":8439,"url":"https:\/\/www.shqiperia.com\/blog\/ju-kujtohet-pavlina-mani-aktorja-e-teatrit-dhe-kinemase-shqiptare\/","url_meta":{"origin":41989,"position":4},"title":"Ju kujtohet Pavlina Mani, aktorja e teatrit dhe kinemase shqiptare. &#8211;","author":"Kurt Farka","date":"June 5, 2018","format":false,"excerpt":"Ju kujtohet Pavlina Mani, aktorja e teatrit dhe kinemase shqiptare. - Ajo eshte padyshim nje nga aktoret me fantastike qe ka prodhuar kinematografia dhe teatri shqiptar. Po flasim per Pavlina Manin, aktorja qe per brezin pas \u201990-\u00ebs mbahet mend per serialin e famsh\u00ebm te filmit \u201cNjer\u00ebz dhe fate\u201d, ndersa per\u2026","rel":"","context":"In &quot;Arte&quot;","block_context":{"text":"Arte","link":"https:\/\/www.shqiperia.com\/blog\/category\/arte\/"},"img":{"alt_text":"","src":"https:\/\/i0.wp.com\/www.shqiperia.com\/blog\/wp-content\/uploads\/2018\/06\/Pvlina-dhe-Piro-Mani.jpg?fit=696%2C348&ssl=1&resize=350%2C200","width":350,"height":200,"srcset":"https:\/\/i0.wp.com\/www.shqiperia.com\/blog\/wp-content\/uploads\/2018\/06\/Pvlina-dhe-Piro-Mani.jpg?fit=696%2C348&ssl=1&resize=350%2C200 1x, https:\/\/i0.wp.com\/www.shqiperia.com\/blog\/wp-content\/uploads\/2018\/06\/Pvlina-dhe-Piro-Mani.jpg?fit=696%2C348&ssl=1&resize=525%2C300 1.5x"},"classes":[]},{"id":28694,"url":"https:\/\/www.shqiperia.com\/blog\/kroacia-nis-helikopteret-me-skuadra-te-specializuara-shpetimi-drejt-durresit\/","url_meta":{"origin":41989,"position":5},"title":"Kroacia nis helikopter\u00ebt me skuadra t\u00eb specializuara shp\u00ebtimi drejt Durr\u00ebsit","author":"Kurt Farka","date":"November 26, 2019","format":false,"excerpt":"Kroacia nis helikopter\u00ebt me skuadra t\u00eb specializuara shp\u00ebtimi drejt Durr\u00ebsit FISHMEDIA Helikopter\u00eb me skuadra t\u00eb specializuara shp\u00ebtimi drejt Durr\u00ebsit ka nisur edhe Kroacia. K\u00ebt\u00eb e ka b\u00ebr\u00eb t\u00eb ditur kryeministri kroat, Andrej Plenkoviq, pas nj\u00eb bisede telefonike q\u00eb ka pasur me kryeministrin e Shqip\u00ebris\u00eb, Edi Ram\u00ebn. \u201cPas nj\u00eb bisede q\u00eb\u2026","rel":"","context":"In &quot;Blogu i Udh\u00ebtarit&quot;","block_context":{"text":"Blogu i Udh\u00ebtarit","link":"https:\/\/www.shqiperia.com\/blog\/category\/blogu-i-udhetarit\/"},"img":{"alt_text":"","src":"https:\/\/i0.wp.com\/www.shqiperia.com\/blog\/wp-content\/uploads\/2019\/11\/kro.jpg?fit=1200%2C608&ssl=1&resize=350%2C200","width":350,"height":200,"srcset":"https:\/\/i0.wp.com\/www.shqiperia.com\/blog\/wp-content\/uploads\/2019\/11\/kro.jpg?fit=1200%2C608&ssl=1&resize=350%2C200 1x, https:\/\/i0.wp.com\/www.shqiperia.com\/blog\/wp-content\/uploads\/2019\/11\/kro.jpg?fit=1200%2C608&ssl=1&resize=525%2C300 1.5x, https:\/\/i0.wp.com\/www.shqiperia.com\/blog\/wp-content\/uploads\/2019\/11\/kro.jpg?fit=1200%2C608&ssl=1&resize=700%2C400 2x, https:\/\/i0.wp.com\/www.shqiperia.com\/blog\/wp-content\/uploads\/2019\/11\/kro.jpg?fit=1200%2C608&ssl=1&resize=1050%2C600 3x"},"classes":[]}],"_links":{"self":[{"href":"https:\/\/www.shqiperia.com\/blog\/wp-json\/wp\/v2\/posts\/41989","targetHints":{"allow":["GET"]}}],"collection":[{"href":"https:\/\/www.shqiperia.com\/blog\/wp-json\/wp\/v2\/posts"}],"about":[{"href":"https:\/\/www.shqiperia.com\/blog\/wp-json\/wp\/v2\/types\/post"}],"author":[{"embeddable":true,"href":"https:\/\/www.shqiperia.com\/blog\/wp-json\/wp\/v2\/users\/9"}],"replies":[{"embeddable":true,"href":"https:\/\/www.shqiperia.com\/blog\/wp-json\/wp\/v2\/comments?post=41989"}],"version-history":[{"count":1,"href":"https:\/\/www.shqiperia.com\/blog\/wp-json\/wp\/v2\/posts\/41989\/revisions"}],"predecessor-version":[{"id":41998,"href":"https:\/\/www.shqiperia.com\/blog\/wp-json\/wp\/v2\/posts\/41989\/revisions\/41998"}],"wp:featuredmedia":[{"embeddable":true,"href":"https:\/\/www.shqiperia.com\/blog\/wp-json\/wp\/v2\/media\/41990"}],"wp:attachment":[{"href":"https:\/\/www.shqiperia.com\/blog\/wp-json\/wp\/v2\/media?parent=41989"}],"wp:term":[{"taxonomy":"category","embeddable":true,"href":"https:\/\/www.shqiperia.com\/blog\/wp-json\/wp\/v2\/categories?post=41989"},{"taxonomy":"post_tag","embeddable":true,"href":"https:\/\/www.shqiperia.com\/blog\/wp-json\/wp\/v2\/tags?post=41989"}],"curies":[{"name":"wp","href":"https:\/\/api.w.org\/{rel}","templated":true}]}}