{"id":41983,"date":"2020-12-16T20:04:20","date_gmt":"2020-12-16T20:04:20","guid":{"rendered":"https:\/\/www.shqiperia.com\/blog\/?p=41983"},"modified":"2020-12-16T20:04:20","modified_gmt":"2020-12-16T20:04:20","slug":"negociatat-ambasadoret-e-be-se-aprovojne-draft-konkluzionet-per-zgjerimin-shqiperia-nuk-ka-plotesuar-5-nga-6-kushtet-per-negociatat","status":"publish","type":"post","link":"https:\/\/www.shqiperia.com\/blog\/negociatat-ambasadoret-e-be-se-aprovojne-draft-konkluzionet-per-zgjerimin-shqiperia-nuk-ka-plotesuar-5-nga-6-kushtet-per-negociatat\/","title":{"rendered":"NEGOCIATAT\/ Ambasador\u00ebt e BE-s\u00eb aprovojn\u00eb draft- konkluzionet p\u00ebr zgjerimin: Shqip\u00ebria nuk ka plot\u00ebsuar 5 nga 6 kushtet p\u00ebr negociatat"},"content":{"rendered":"<p><img data-recalc-dims=\"1\" loading=\"lazy\" decoding=\"async\" data-attachment-id=\"41984\" data-permalink=\"https:\/\/www.shqiperia.com\/blog\/negociatat-ambasadoret-e-be-se-aprovojne-draft-konkluzionet-per-zgjerimin-shqiperia-nuk-ka-plotesuar-5-nga-6-kushtet-per-negociatat\/54909042_303-380x200\/\" data-orig-file=\"https:\/\/i0.wp.com\/www.shqiperia.com\/blog\/wp-content\/uploads\/2020\/12\/54909042_303-380x200-1.jpg?fit=380%2C200&amp;ssl=1\" data-orig-size=\"380,200\" data-comments-opened=\"1\" data-image-meta=\"{&quot;aperture&quot;:&quot;0&quot;,&quot;credit&quot;:&quot;&quot;,&quot;camera&quot;:&quot;&quot;,&quot;caption&quot;:&quot;&quot;,&quot;created_timestamp&quot;:&quot;0&quot;,&quot;copyright&quot;:&quot;&quot;,&quot;focal_length&quot;:&quot;0&quot;,&quot;iso&quot;:&quot;0&quot;,&quot;shutter_speed&quot;:&quot;0&quot;,&quot;title&quot;:&quot;&quot;,&quot;orientation&quot;:&quot;0&quot;}\" data-image-title=\"54909042_303-380&#215;200\" data-image-description=\"\" data-image-caption=\"\" data-medium-file=\"https:\/\/i0.wp.com\/www.shqiperia.com\/blog\/wp-content\/uploads\/2020\/12\/54909042_303-380x200-1.jpg?fit=300%2C158&amp;ssl=1\" data-large-file=\"https:\/\/i0.wp.com\/www.shqiperia.com\/blog\/wp-content\/uploads\/2020\/12\/54909042_303-380x200-1.jpg?fit=380%2C200&amp;ssl=1\" class=\"alignnone  wp-image-41984\" alt=\"\" src=\"https:\/\/i0.wp.com\/www.shqiperia.com\/blog\/wp-content\/uploads\/2020\/12\/54909042_303-380x200-1.jpg?resize=570%2C300&#038;ssl=1\" width=\"570\" height=\"300\" srcset=\"https:\/\/i0.wp.com\/www.shqiperia.com\/blog\/wp-content\/uploads\/2020\/12\/54909042_303-380x200-1.jpg?resize=300%2C158&amp;ssl=1 300w, https:\/\/i0.wp.com\/www.shqiperia.com\/blog\/wp-content\/uploads\/2020\/12\/54909042_303-380x200-1.jpg?w=380&amp;ssl=1 380w\" sizes=\"auto, (max-width: 570px) 100vw, 570px\" \/><\/p>\n<p><strong>NEGOCIATAT\/ Ambasador\u00ebt e BE-s\u00eb aprovojn\u00eb draft- konkluzionet p\u00ebr zgjerimin: Shqip\u00ebria nuk ka plot\u00ebsuar 5 nga 6 kushtet p\u00ebr negociatat<\/strong><\/p>\n<p>16 dhjetor \u00a02020<\/p>\n<p>Pas d\u00ebshtimit t\u00eb Presidenc\u00ebs gjermane t\u00eb BE-s\u00eb p\u00ebr mbajtjen e konferenc\u00ebs s\u00eb par\u00eb nd\u00ebrqeveritare me Shqip\u00ebrin\u00eb dhe Maqedonin\u00eb e Veriut, K\u00ebshillit Europian po miraton sot vet\u00ebm konkluzionet e zgjerimit<\/p>\n<p>Por, p\u00ebr shkak t\u00eb kund\u00ebrshtimit t\u00eb Bullgaris\u00eb, miratimi i Korniz\u00ebs negociuese me Maqedonin\u00eb e Veriut u shty dhe si pasoj\u00eb e k\u00ebsaj, disa shtete kan\u00eb kund\u00ebrshtuar q\u00eb t\u00eb miratohet korniza me Shqip\u00ebrin\u00eb.<\/p>\n<p>N\u00eb dokumentin e ambasador\u00ebve t\u00eb BE-s\u00eb, thekson se p\u00ebr 27 shtetet an\u00ebtare t\u00eb Bashkimit Europian, pes\u00eb nga gjasht\u00eb kushtet p\u00ebr mbajtjen e konferenc\u00ebs s\u00eb par\u00eb nd\u00ebrqeveritare me Shqip\u00ebrin\u00eb nuk jan\u00eb plot\u00ebsuar. P\u00ebrve\u00e7 luft\u00ebs kund\u00ebr emigracionit t\u00ea paligjsh\u00ebm, q\u00eb nuk p\u00ebrmendet n\u00eb draft-konkluzione, autoriteteve shqiptare u k\u00ebrkohet p\u00ebrparim i m\u00ebtejsh\u00ebm n\u00eb pes\u00eb kushtet e tjera. Zbatimi i reform\u00ebs zgjedhore mbetet kryefjal\u00eb e kushteve, q\u00eb reflektohet edhe n\u00eb form\u00ebn e draft-konkluzioneve me ve\u00e7imin e k\u00ebtij kushti nga kushtet e tjera dhe vendosjes s\u00eb tij para kushteve t\u00eb tjera.<\/p>\n<p><strong>T\u00eb 27 shtetet an\u00ebtare k\u00ebrkojn\u00eb:<\/strong><\/p>\n<ol>\n<li>Forcimin e dialogut politik n\u00eb vend lidhur me zbatimin e reform\u00ebs zgjedhore dhe sigurimin e transparenc\u00ebs mbi financimin e partive politike.<\/li>\n<li>Funksionimin e plot\u00eb t\u00ea Gjykat\u00ebs Kushtetuese dhe Gjykat\u00ebs s\u00eb Lart\u00eb<\/li>\n<li>Finalizimin e struktuarve anti-korrupsion si BKH dhe krijimin e nj\u00eb gjurme provash solide p\u00ebr korrupsionin e nivelit t\u00eb lart\u00eb dhe krimin e organizuar<\/li>\n<li>Zbatimin e planit t\u00eb veprimit p\u00ebr trajtmin e rekomandimeve te Task Forc\u00ebs p\u00ebr Veprimet Financiare<\/li>\n<li>Ndryshimin e ligjit p\u00ear mediat online n\u00eb p\u00ebrputhje me rekomandimet e Komisionit t\u00eb Venecias.<\/li>\n<\/ol>\n<p>Ky \u00ebsht\u00eb vler\u00ebsimi i shteteve an\u00ebtare p\u00ebr ecurin\u00eb e Shqip\u00ebris\u00eb lidhur me p\u00ebrmbushjen e kushteve p\u00ebr mbajtjen e konferenc\u00eas s\u00eb par\u00eb nd\u00ebrqeveritare, q\u00eb sh\u00ebnon hapjen zyrtare t\u00eb negociatave t\u00eb an\u00ebtar\u00ebsimit t\u00eb vendit n\u00eb Bashkimin Europian. N\u00eb draft-konkluzione b\u00ebhet nj\u00eb vler\u00ebsim edhe p\u00ebr t\u00eb drejtat themelore, si\u00e7 \u00ebsht\u00eb \u00e7\u00ebshtja a pronave, t\u00eb t\u00eb drejtave t\u00eb pakicave, situat\u00ebs ekonomike, bashk\u00ebpunimit rajonal dhe njehsimin me politik\u00ebn e jashtme t\u00eb BE-s\u00eb. M\u00eb posht\u00eb draft-konkluzionet kryesore p\u00ebr Shqip\u00ebrin\u00eb:<\/p>\n<p><strong>Draft-konkluzionet kryesore p\u00ebr Shqip\u00ebrin\u00eb:<\/strong><\/p>\n<p><strong>SHQIP\u00cbRIA<\/strong><\/p>\n<ul>\n<li><em>K\u00ebshilli mir\u00ebpret vendosm\u00ebrin\u00eb e Shqip\u00ebris\u00eb p\u00ebr t\u00eb \u00e7uar p\u00ebrpara axhend\u00ebn e reformave t\u00eb BE, e cila hapi rrug\u00ebn p\u00ebr vendimin lidhur me hapjen e negociatave t\u00eb pranimit me BE n\u00eb Mars 2020. K\u00ebshilli po shqyrton korniz\u00ebn negociuese p\u00ebr negociatat e pranimit me Shqip\u00ebrin\u00eb. Shqip\u00ebria b\u00ebri nj\u00eb p\u00ebrparim thelb\u00ebsor dhe \u00ebsht\u00eb af\u00ebr p\u00ebrmbushjes s\u00eb t\u00eb gjitha kushteve q\u00eb mbeten p\u00ebr t\u2019u p\u00ebrmbushur para mbajtjes s\u00eb konferenc\u00ebs s\u00eb par\u00eb nd\u00ebrqeveritare. K\u00ebshilli i b\u00ebn thirrje Komisionit Europian t\u00eb monitoroj\u00eb p\u00ebrmbushjen e reformave t\u00eb k\u00ebrkuara t\u00eb mbetura dhe t\u00eb informoj\u00eb K\u00ebshillin sapo kushtet e konferenc\u00ebs s\u00eb par\u00eb nd\u00ebrqeveritare t\u00eb jen\u00eb p\u00ebrmbushur me synimin p\u00ebr ta mbajtur at\u00eb sa m\u00eb shpejt t\u00eb jet\u00eb e mundur pas k\u00ebsaj. Duhet arritur m\u00eb shum\u00eb progres n\u00eb lidhje me prioritet e p\u00ebrcaktuara nga K\u00ebshilli n\u00eb paragrafin 10 t\u00eb konkluzioneve t\u00eb tij t\u00eb 25 Marsit 2020.<\/em><\/li>\n<li><em>K\u00ebshilli mir\u00ebpret q\u00eb ndryshimet n\u00eb kodin zgjedhor u miratuan nga Parlamenti m\u00eb 23 korrik 2020, n\u00eb p\u00ebrputhje me marr\u00ebveshjen e 5 qershorit 2020, n\u00eb p\u00ebrputhje me rekomandimet e OSBE \/ ODIHR. K\u00ebshilli n\u00ebnvizon se dialogu politik n\u00eb vend duhet t\u00eb forcohet m\u00eb tej, ve\u00e7an\u00ebrisht mbi reform\u00ebn zgjedhore dhe zbatimin e saj. Financimi transparent i partive politike duhet gjithashtu t\u00eb sigurohet.<\/em><\/li>\n<li><em>K\u00ebshilli mir\u00ebpret p\u00ebrparimin e mir\u00eb t\u00eb Shqip\u00ebris\u00eb n\u00eb fush\u00ebn e sundimit t\u00eb ligjit, p\u00ebrfshir\u00eb zbatimin e reform\u00ebs gjith\u00ebp\u00ebrfshir\u00ebse n\u00eb drejt\u00ebsi, e cila ka p\u00ebrparuar n\u00eb m\u00ebnyr\u00eb t\u00eb q\u00ebndrueshme, si dhe forcimin e luft\u00ebs kund\u00ebr korrupsionit dhe luft\u00ebn kund\u00ebr krimit t\u00eb organizuar,lidhur me t\u00eb cil\u00ebn u finalizua vendosja e anti-korrupsionit dhe strukturat e specializuara p\u00ebr krimin e organizuar.<\/em><\/li>\n<\/ul>\n<p><em>\u00cbsht\u00eb e r\u00ebnd\u00ebsishme q\u00eb rekrutimet e m\u00ebtejshme p\u00ebr Byron\u00eb Komb\u00ebtare t\u00eb Hetimeve t\u00eb ndodhin, n\u00eb m\u00ebnyr\u00eb q\u00eb ajo t\u00eb jet\u00eb plot\u00ebsisht funksionale. P\u00ebrpjekjet p\u00ebr krijimin e nj\u00eb gjurme provash t\u00eb konsoliduar duhet t\u00eb vazhdojn\u00eb, p\u00ebrfshir\u00eb vendimet p\u00ebrfundimtare dhe hetimet pro-aktive p\u00ebr korrupsionin e nivelit t\u00eb lart\u00eb dhe krimin e organizuar, si dhe p\u00ebrmes zbatimit t\u00eb planit t\u00eb veprimit p\u00ebr t\u00eb trajtuar rekomandimet e Task Forc\u00ebs s\u00eb Veprimit Financiar, si\u00e7 duhet bashk\u00ebpunimi i mir\u00eb me autoritetet p\u00ebrkat\u00ebse t\u00eb Shteteve An\u00ebtare. K\u00ebshilli mir\u00ebpret q\u00eb procesi i vetingut ka p\u00ebrparuar n\u00eb m\u00ebnyr\u00eb t\u00eb q\u00ebndrueshme dhe ka dh\u00ebn\u00eb rezultate t\u00eb prekshme dhe inkurajon autoritetet shqiptare t\u00eb ndjekin p\u00ebrpjekjet p\u00ebr t\u00eb reformuar sistemin e tij gjyq\u00ebsor.<\/em><\/p>\n<p><em>Gjykata e Lart\u00eb ka rifilluar funksionimin me nj\u00eb dhom\u00eb t\u00eb plot\u00ebsuar dhe dy t\u00eb mbetura ende t\u00eb paplot\u00ebsuara, megjithat\u00eb duhen p\u00ebrpjekje t\u00eb m\u00ebtejshme n\u00eb m\u00ebnyr\u00eb q\u00eb ajo t\u00eb p\u00ebrmbush\u00eb plot\u00ebsisht rolin e saj. K\u00ebshilli mir\u00ebpret progresin n\u00eb funksionimin e Gjykat\u00ebs Kushtetuese, megjithat\u00eb nevojiten p\u00ebrpjekje t\u00eb m\u00ebtejshme p\u00ebr t\u00eb pro\u00e7eduar me em\u00ebrimet e mbetura.<\/em><\/p>\n<p><em>P\u00ebr t\u00eb drejtat themelore, K\u00ebshilli sh\u00ebnon pozitivisht p\u00ebrpjekjet e vazhdueshme p\u00ebr t\u00eb zbatuar nj\u00eb reform\u00eb gjith\u00ebp\u00ebrfshir\u00ebse t\u00eb sektorit t\u00eb pron\u00ebs dhe p\u00ebr t\u00eb konsoliduar t\u00eb drejtat e pron\u00ebs dhe u b\u00ebn thirrje autoriteteve t\u00eb vijojn\u00eb p\u00ebrpjekje t\u00eb tilla, duke p\u00ebrfshir\u00eb p\u00ebrparimin e shpejt\u00eb t\u00eb procesit t\u00eb regjistrimit dhe kompensimit. K\u00ebshilli gjithashtu inkurajon Shqip\u00ebrin\u00eb q\u00eb t\u00eb miratoj\u00eb dhe zbatoj\u00eb me shpejt\u00ebsi legjislacionin e mbetur n\u00eb lidhje me ligjin korniz\u00eb 2017 p\u00ebr mbrojtjen e pakicave komb\u00ebtare dhe mir\u00ebpret miratimin e ligjit p\u00ebr regjistrimin e popullsis\u00eb. P\u00ebr m\u00eb tep\u00ebr, K\u00ebshilli i b\u00ebn thirrje Shqip\u00ebris\u00eb t\u00eb b\u00ebj\u00eb p\u00ebrparim urgjent mbi lirin\u00eb e shprehjes dhe sigurin\u00eb e gazetar\u00ebve. K\u00ebshilli p\u00ebrs\u00ebrit r\u00ebnd\u00ebsin\u00eb q\u00eb ndryshimet n\u00eb ligjin e medias t\u00eb jen\u00eb n\u00eb p\u00ebrputhje me rekomandimet e Komisionit t\u00eb Venecias. K\u00ebshilli gjithashtu mir\u00ebpret progresin e preksh\u00ebm t\u00eb arritur n\u00eb reform\u00ebn e administrat\u00ebs publike dhe inkurajon Shqip\u00ebrin\u00eb t\u00eb vazhdoj\u00eb me vendosm\u00ebri p\u00ebrpjekjet n\u00eb k\u00ebt\u00eb fush\u00eb.\/ gazeta Si<\/em><\/p>\n<p>o.j\/dita<\/p>\n","protected":false},"excerpt":{"rendered":"<p>NEGOCIATAT\/ Ambasador\u00ebt e BE-s\u00eb aprovojn\u00eb draft- konkluzionet p\u00ebr zgjerimin: Shqip\u00ebria nuk ka plot\u00ebsuar 5 nga 6 kushtet p\u00ebr negociatat 16 dhjetor \u00a02020 Pas d\u00ebshtimit t\u00eb Presidenc\u00ebs gjermane t\u00eb BE-s\u00eb p\u00ebr mbajtjen e konferenc\u00ebs s\u00eb par\u00eb nd\u00ebrqeveritare me Shqip\u00ebrin\u00eb dhe Maqedonin\u00eb e Veriut, K\u00ebshillit Europian po miraton sot vet\u00ebm konkluzionet e zgjerimit Por, p\u00ebr shkak t\u00eb [&hellip;]<\/p>\n","protected":false},"author":9,"featured_media":41984,"comment_status":"open","ping_status":"open","sticky":false,"template":"","format":"standard","meta":{"jetpack_post_was_ever_published":false,"_jetpack_newsletter_access":"","_jetpack_dont_email_post_to_subs":false,"_jetpack_newsletter_tier_id":0,"_jetpack_memberships_contains_paywalled_content":false,"_jetpack_memberships_contains_paid_content":false,"footnotes":"","jetpack_publicize_message":"","jetpack_publicize_feature_enabled":true,"jetpack_social_post_already_shared":true,"jetpack_social_options":{"image_generator_settings":{"template":"highway","default_image_id":0,"font":"","enabled":false},"version":2}},"categories":[27,2],"tags":[],"class_list":["post-41983","post","type-post","status-publish","format-standard","has-post-thumbnail","hentry","category-blogu-i-udhetarit","category-politika"],"jetpack_publicize_connections":[],"jetpack_featured_media_url":"https:\/\/i0.wp.com\/www.shqiperia.com\/blog\/wp-content\/uploads\/2020\/12\/54909042_303-380x200-1.jpg?fit=380%2C200&ssl=1","jetpack_sharing_enabled":true,"jetpack_shortlink":"https:\/\/wp.me\/p5Z6wp-aV9","jetpack-related-posts":[{"id":41656,"url":"https:\/\/www.shqiperia.com\/blog\/pe-te-hapen-negociatat-me-maqedonine-ne-dhjetor-dhe-te-ecet-perpara-me-shqiperine\/","url_meta":{"origin":41983,"position":0},"title":"PE: T\u00eb hapen negociatat me Maqedonin\u00eb n\u00eb dhjetor dhe t\u00eb ecet p\u00ebrpara me Shqip\u00ebrin\u00eb","author":"Kurt Farka","date":"December 8, 2020","format":false,"excerpt":"PE: T\u00eb hapen negociatat me Maqedonin\u00eb n\u00eb dhjetor dhe t\u00eb ecet p\u00ebrpara me Shqip\u00ebrin\u00eb 8 dhjetor \u00a02020 Nga\u00a0Erisa Zykaj M\u00eb shum\u00eb se 20 eurodeputet\u00eb nga grupime t\u00eb ndryshme politike kan\u00eb firmosur nj\u00eb deklarat\u00eb, ku i k\u00ebrkojn\u00eb K\u00ebshillit t\u00eb ministrave t\u00eb gjejn\u00eb nj\u00ea zgjidhje p\u00ebr nisjen e negociatave t\u00ea an\u00ebtar\u00ebsimit me\u2026","rel":"","context":"In &quot;Blogu i Udh\u00ebtarit&quot;","block_context":{"text":"Blogu i Udh\u00ebtarit","link":"https:\/\/www.shqiperia.com\/blog\/category\/blogu-i-udhetarit\/"},"img":{"alt_text":"","src":"https:\/\/i0.wp.com\/www.shqiperia.com\/blog\/wp-content\/uploads\/2020\/12\/images-2-300x158.jpg?resize=350%2C200&ssl=1","width":350,"height":200},"classes":[]},{"id":41230,"url":"https:\/\/www.shqiperia.com\/blog\/negociatat-jo-edhe-nga-gjermania-shqiperia-ska-plotesuar-kushtet-rama-rrezoi-5-qershorin\/","url_meta":{"origin":41983,"position":1},"title":"Negociatat\/ \u201cJo\u201d edhe nga Gjermania: Shqip\u00ebria s\u2019ka plot\u00ebsuar kushtet, Rama rr\u00ebzoi \u201c5 qershorin\u201d","author":"Kurt Farka","date":"November 26, 2020","format":false,"excerpt":"Negociatat\/ \u201cJo\u201d edhe nga Gjermania: Shqip\u00ebria s\u2019ka plot\u00ebsuar kushtet, Rama rr\u00ebzoi \u201c5 qershorin\u201d 26\/11\/2020 Dy jav\u00eb para se BE-ja t\u00eb marr\u00eb vendimin p\u00ebrkat\u00ebs p\u00ebr \u00e7eljen e negociatave me Shqip\u00ebrin\u00eb dhe Maqedonin\u00eb e Veriut, n\u00ebnkryetari i grupit parlamentar t\u00eb CDU\/CSU-s\u00eb n\u00eb Bundestagun Gjerman, Johann David Wadephul, ka shprehur dyshime se \u00e7elja\u2026","rel":"","context":"In &quot;Blogu i Udh\u00ebtarit&quot;","block_context":{"text":"Blogu i Udh\u00ebtarit","link":"https:\/\/www.shqiperia.com\/blog\/category\/blogu-i-udhetarit\/"},"img":{"alt_text":"","src":"https:\/\/i0.wp.com\/www.shqiperia.com\/blog\/wp-content\/uploads\/2020\/11\/rama-1570896519.jpg?fit=415%2C222&ssl=1&resize=350%2C200","width":350,"height":200},"classes":[]},{"id":39868,"url":"https:\/\/www.shqiperia.com\/blog\/rama-ankohet-per-shtetet-e-be-soreca-reagon-nga-kukesi-dhe-i-tregon-kushtet-per-negociatat\/","url_meta":{"origin":41983,"position":2},"title":"Rama ankohet p\u00ebr shtetet e BE, Soreca reagon nga Kuk\u00ebsi dhe i tregon kushtet p\u00ebr negociatat","author":"Kurt Farka","date":"October 19, 2020","format":false,"excerpt":"Rama ankohet p\u00ebr shtetet e BE, Soreca reagon nga Kuk\u00ebsi dhe i tregon kushtet p\u00ebr negociatat 19 TETOR 2020 Ambasadori i Bashkimit Europian n\u00eb Tiran\u00eb, Luigi Soreca, ka deklaruar nga Kuk\u00ebsi se kushti p\u00ebr hapjen e Konferenc\u00ebs Nd\u00ebrqeveritare t\u00eb BE-s\u00eb me Shqip\u00ebrin\u00eb \u00ebsht\u00eb plot\u00ebsimi i Gjykat\u00ebs Kushtetuese, pasi sipas tij\u2026","rel":"","context":"In &quot;Blogu i Udh\u00ebtarit&quot;","block_context":{"text":"Blogu i Udh\u00ebtarit","link":"https:\/\/www.shqiperia.com\/blog\/category\/blogu-i-udhetarit\/"},"img":{"alt_text":"","src":"https:\/\/i0.wp.com\/www.shqiperia.com\/blog\/wp-content\/uploads\/2020\/10\/640-0-5f8d73b4d2080.jpg?fit=535%2C277&ssl=1&resize=350%2C200","width":350,"height":200,"srcset":"https:\/\/i0.wp.com\/www.shqiperia.com\/blog\/wp-content\/uploads\/2020\/10\/640-0-5f8d73b4d2080.jpg?fit=535%2C277&ssl=1&resize=350%2C200 1x, https:\/\/i0.wp.com\/www.shqiperia.com\/blog\/wp-content\/uploads\/2020\/10\/640-0-5f8d73b4d2080.jpg?fit=535%2C277&ssl=1&resize=525%2C300 1.5x"},"classes":[]},{"id":40423,"url":"https:\/\/www.shqiperia.com\/blog\/holanda-ska-negociata-me-shqiperine-rivendosni-dialogun-per-reformen-zgjedhore\/","url_meta":{"origin":41983,"position":3},"title":"Holanda: &#8211; S\u2019ka negociata me Shqip\u00ebrin\u00eb, rivendosni dialogun p\u00ebr reform\u00ebn zgjedhore","author":"Kurt Farka","date":"November 2, 2020","format":false,"excerpt":"Holanda: - S\u2019ka negociata me Shqip\u00ebrin\u00eb, rivendosni dialogun p\u00ebr reform\u00ebn zgjedhore - 01\/11\/20 Qeveria Holandeze ka deklaruar zyrtarisht vot\u00ebn kund\u00ebr hapjes s\u00eb negociatave me Shqip\u00ebrin\u00eb, duke mos miratuar mbajtjen e konferenc\u00ebs se par\u00eb nd\u00ebrqeveritare n\u00eb muajin dhjetor. Nd\u00ebrsa p\u00ebr vendin fqinj, Maqedonin\u00eb e Veriut, \u00ebsht\u00eb hapur drita jeshile. Sipas qeveris\u00eb\u2026","rel":"","context":"In &quot;Blogu i Udh\u00ebtarit&quot;","block_context":{"text":"Blogu i Udh\u00ebtarit","link":"https:\/\/www.shqiperia.com\/blog\/category\/blogu-i-udhetarit\/"},"img":{"alt_text":"","src":"https:\/\/i0.wp.com\/www.shqiperia.com\/blog\/wp-content\/uploads\/2020\/11\/5ce8d4be7655dxhubleta.jpg?fit=900%2C507&ssl=1&resize=350%2C200","width":350,"height":200,"srcset":"https:\/\/i0.wp.com\/www.shqiperia.com\/blog\/wp-content\/uploads\/2020\/11\/5ce8d4be7655dxhubleta.jpg?fit=900%2C507&ssl=1&resize=350%2C200 1x, https:\/\/i0.wp.com\/www.shqiperia.com\/blog\/wp-content\/uploads\/2020\/11\/5ce8d4be7655dxhubleta.jpg?fit=900%2C507&ssl=1&resize=525%2C300 1.5x, https:\/\/i0.wp.com\/www.shqiperia.com\/blog\/wp-content\/uploads\/2020\/11\/5ce8d4be7655dxhubleta.jpg?fit=900%2C507&ssl=1&resize=700%2C400 2x"},"classes":[]},{"id":40963,"url":"https:\/\/www.shqiperia.com\/blog\/dw-presidenca-gjermane-deshton-pse-bullgaria-e-holanda-bllokuan-negociatat-me-shkupin-e-tiranen-18-nentor-2020\/","url_meta":{"origin":41983,"position":4},"title":"DW: Presidenca gjermane d\u00ebshton, pse Bullgaria e Holanda bllokuan negociatat me Shkupin e Tiran\u00ebn  18 N\u00cbNTOR 2020","author":"Kurt Farka","date":"November 18, 2020","format":false,"excerpt":"DW: Presidenca gjermane d\u00ebshton, pse Bullgaria e Holanda bllokuan negociatat me Shkupin e Tiran\u00ebn 18 N\u00cbNTOR 2020 P\u00ebr presidenc\u00ebn gjermane t\u00eb BE nuk \u00ebsht\u00eb nj\u00eb jav\u00eb e mir\u00eb. T\u00eb h\u00ebn\u00ebn bllokoi Polonia dhe Hungaria buxhetin e BE. T\u00eb mart\u00ebn Bullgaria vendosi veto kund\u00ebr nj\u00eb projekti t\u00eb vendosur me koh\u00eb ne\u2026","rel":"","context":"In &quot;Blogu i Udh\u00ebtarit&quot;","block_context":{"text":"Blogu i Udh\u00ebtarit","link":"https:\/\/www.shqiperia.com\/blog\/category\/blogu-i-udhetarit\/"},"img":{"alt_text":"","src":"https:\/\/i0.wp.com\/www.shqiperia.com\/blog\/wp-content\/uploads\/2020\/11\/8-19-905x450-1.jpg?fit=520%2C285&ssl=1&resize=350%2C200","width":350,"height":200},"classes":[]},{"id":27040,"url":"https:\/\/www.shqiperia.com\/blog\/zbardhet-dokumenti-final-per-kryeministrat-e-be-maqedonia-hap-negociatat-shqiperia-shtyhet-ne-2020\/","url_meta":{"origin":41983,"position":5},"title":"Zbardhet dokumenti final p\u00ebr Kryeministrat e BE: Maqedonia hap negociatat, Shqip\u00ebria shtyhet n\u00eb 2020. &#8211;","author":"Kurt Farka","date":"October 16, 2019","format":false,"excerpt":"Zbardhet dokumenti final p\u00ebr Kryeministrat e BE: Maqedonia hap negociatat, Shqip\u00ebria shtyhet n\u00eb 2020 16 tetor 2019 ARISTIR LUMEZI\/ Dokumenti zyrtar i p\u00ebrgatitur nga Presidenca finlandeze e Bashkimit Europian pas mbledhjes s\u00eb ministrave t\u00eb vendeve an\u00ebtare t\u00eb BE-s\u00eb n\u00eb takimin e K\u00ebshillit t\u00eb \u00c7\u00ebshtjeve t\u00eb P\u00ebrgjithshme propozon hapjen e menj\u00ebhershme\u2026","rel":"","context":"In &quot;Blogu i Udh\u00ebtarit&quot;","block_context":{"text":"Blogu i Udh\u00ebtarit","link":"https:\/\/www.shqiperia.com\/blog\/category\/blogu-i-udhetarit\/"},"img":{"alt_text":"","src":"https:\/\/i0.wp.com\/www.shqiperia.com\/blog\/wp-content\/uploads\/2019\/10\/169.jpg?fit=748%2C396&ssl=1&resize=350%2C200","width":350,"height":200,"srcset":"https:\/\/i0.wp.com\/www.shqiperia.com\/blog\/wp-content\/uploads\/2019\/10\/169.jpg?fit=748%2C396&ssl=1&resize=350%2C200 1x, https:\/\/i0.wp.com\/www.shqiperia.com\/blog\/wp-content\/uploads\/2019\/10\/169.jpg?fit=748%2C396&ssl=1&resize=525%2C300 1.5x, https:\/\/i0.wp.com\/www.shqiperia.com\/blog\/wp-content\/uploads\/2019\/10\/169.jpg?fit=748%2C396&ssl=1&resize=700%2C400 2x"},"classes":[]}],"_links":{"self":[{"href":"https:\/\/www.shqiperia.com\/blog\/wp-json\/wp\/v2\/posts\/41983","targetHints":{"allow":["GET"]}}],"collection":[{"href":"https:\/\/www.shqiperia.com\/blog\/wp-json\/wp\/v2\/posts"}],"about":[{"href":"https:\/\/www.shqiperia.com\/blog\/wp-json\/wp\/v2\/types\/post"}],"author":[{"embeddable":true,"href":"https:\/\/www.shqiperia.com\/blog\/wp-json\/wp\/v2\/users\/9"}],"replies":[{"embeddable":true,"href":"https:\/\/www.shqiperia.com\/blog\/wp-json\/wp\/v2\/comments?post=41983"}],"version-history":[{"count":1,"href":"https:\/\/www.shqiperia.com\/blog\/wp-json\/wp\/v2\/posts\/41983\/revisions"}],"predecessor-version":[{"id":41985,"href":"https:\/\/www.shqiperia.com\/blog\/wp-json\/wp\/v2\/posts\/41983\/revisions\/41985"}],"wp:featuredmedia":[{"embeddable":true,"href":"https:\/\/www.shqiperia.com\/blog\/wp-json\/wp\/v2\/media\/41984"}],"wp:attachment":[{"href":"https:\/\/www.shqiperia.com\/blog\/wp-json\/wp\/v2\/media?parent=41983"}],"wp:term":[{"taxonomy":"category","embeddable":true,"href":"https:\/\/www.shqiperia.com\/blog\/wp-json\/wp\/v2\/categories?post=41983"},{"taxonomy":"post_tag","embeddable":true,"href":"https:\/\/www.shqiperia.com\/blog\/wp-json\/wp\/v2\/tags?post=41983"}],"curies":[{"name":"wp","href":"https:\/\/api.w.org\/{rel}","templated":true}]}}