{"id":41980,"date":"2020-12-16T18:37:38","date_gmt":"2020-12-16T18:37:38","guid":{"rendered":"https:\/\/www.shqiperia.com\/blog\/?p=41980"},"modified":"2020-12-16T18:37:49","modified_gmt":"2020-12-16T18:37:49","slug":"2-ministrat-e-rinj-nuk-ngelen-shume-pas-spiropalit-me-vleresimet-per-ramen","status":"publish","type":"post","link":"https:\/\/www.shqiperia.com\/blog\/2-ministrat-e-rinj-nuk-ngelen-shume-pas-spiropalit-me-vleresimet-per-ramen\/","title":{"rendered":"2 ministrat e rinj nuk ngelen shum\u00eb pas Spiropalit me vler\u00ebsimet p\u00ebr Ram\u00ebn"},"content":{"rendered":"<p><img data-recalc-dims=\"1\" loading=\"lazy\" decoding=\"async\" data-attachment-id=\"41981\" data-permalink=\"https:\/\/www.shqiperia.com\/blog\/2-ministrat-e-rinj-nuk-ngelen-shume-pas-spiropalit-me-vleresimet-per-ramen\/yt-00_03_29_01-still005\/\" data-orig-file=\"https:\/\/i0.wp.com\/www.shqiperia.com\/blog\/wp-content\/uploads\/2020\/12\/YT.00_03_29_01.Still005.jpg?fit=1782%2C978&amp;ssl=1\" data-orig-size=\"1782,978\" data-comments-opened=\"1\" data-image-meta=\"{&quot;aperture&quot;:&quot;0&quot;,&quot;credit&quot;:&quot;&quot;,&quot;camera&quot;:&quot;&quot;,&quot;caption&quot;:&quot;&quot;,&quot;created_timestamp&quot;:&quot;1608145677&quot;,&quot;copyright&quot;:&quot;&quot;,&quot;focal_length&quot;:&quot;0&quot;,&quot;iso&quot;:&quot;0&quot;,&quot;shutter_speed&quot;:&quot;0&quot;,&quot;title&quot;:&quot;&quot;,&quot;orientation&quot;:&quot;0&quot;}\" data-image-title=\"YT.00_03_29_01.Still005\" data-image-description=\"\" data-image-caption=\"\" data-medium-file=\"https:\/\/i0.wp.com\/www.shqiperia.com\/blog\/wp-content\/uploads\/2020\/12\/YT.00_03_29_01.Still005.jpg?fit=300%2C165&amp;ssl=1\" data-large-file=\"https:\/\/i0.wp.com\/www.shqiperia.com\/blog\/wp-content\/uploads\/2020\/12\/YT.00_03_29_01.Still005.jpg?fit=1024%2C562&amp;ssl=1\" class=\"alignnone wp-image-41981\" alt=\"\" src=\"https:\/\/i0.wp.com\/www.shqiperia.com\/blog\/wp-content\/uploads\/2020\/12\/YT.00_03_29_01.Still005.jpg?resize=714%2C395&#038;ssl=1\" width=\"714\" height=\"395\" srcset=\"https:\/\/i0.wp.com\/www.shqiperia.com\/blog\/wp-content\/uploads\/2020\/12\/YT.00_03_29_01.Still005.jpg?resize=300%2C165&amp;ssl=1 300w, https:\/\/i0.wp.com\/www.shqiperia.com\/blog\/wp-content\/uploads\/2020\/12\/YT.00_03_29_01.Still005.jpg?resize=400%2C220&amp;ssl=1 400w, https:\/\/i0.wp.com\/www.shqiperia.com\/blog\/wp-content\/uploads\/2020\/12\/YT.00_03_29_01.Still005.jpg?zoom=2&amp;resize=714%2C395&amp;ssl=1 1428w\" sizes=\"auto, (max-width: 714px) 100vw, 714px\" \/><\/p>\n<p><strong>2 ministrat e rinj nuk ngelen shum\u00eb pas Spiropalit me vler\u00ebsimet p\u00ebr Ram\u00ebn<\/strong><\/p>\n<p>&#8211; 16\/12\/20<\/p>\n<p>Kryeministri Edi Rama edhe nj\u00eb her\u00eb ka treguar se i p\u00eblqen elozhet nga vart\u00ebsit dhe bashk\u00ebpun\u00ebtor\u00ebt e tij, madje i promovon ata q\u00eb thurin ditirambe p\u00ebr t\u00eb. Ky \u00ebsht\u00eb dhe rasti i promovimit t\u00eb sot\u00ebm t\u00eb Blendi \u00c7u\u00e7it dhe Milva Ikonomit. Pas Elisa Spiropalit q\u00eb e krahasoi me heroin ton\u00eb komb\u00ebtar Sk\u00ebnderbeu, ka pasur plot t\u00eb tjer\u00eb n\u00eb radh\u00ebt e rilindjes q\u00eb kan\u00eb tentuar t\u2019i b\u00ebjn\u00eb p\u00ebrshtypje shefit duke leshuar thagma nga m\u00eb t\u00eb pabesueshmet, duke treguar k\u00ebshtu servilizmin dhe besnik\u00ebrin\u00eb e tyre ndaj tij.<\/p>\n<p>I fundit q\u00eb goditi n\u00eb k\u00ebt\u00eb fush\u00eb ishte ministri Blendi \u00c7u\u00e7i, i cili sot u em\u00ebrua nga Rama, Minist\u00ebr i Brendsh\u00ebm n\u00eb vend t\u00eb sand\u00ebr Lleshajt. Pak dit\u00eb m\u00eb par\u00eb, ai shkoi m\u00eb larg se Spiropali duke i veshur Ram\u00ebs veti mbinjer\u00ebzore. N\u00eb rolin e ministrit t\u00eb Bujq\u00ebsis\u00eb, Bledi \u00c7u\u00e7i ishte n\u00eb Livadhja, Bashkia Finiq, ku ka d\u00ebgjuar problemet me t\u00eb cilat p\u00ebrballen fermer\u00ebt e k\u00ebsaj zone, ku nd\u00ebr m\u00eb kryesoret jan\u00eb \u00c7ertifikatat e Pron\u00ebsis\u00eb dhe vaditja e tokave. \u00c7u\u00e7i gjat\u00eb takimit u shpreh se: \u201ckatrahur\u00ebn q\u00eb \u00ebsht\u00eb b\u00ebr\u00eb me pron\u00ebsin\u00eb n\u00eb k\u00ebt\u00eb vend nuk ka tok\u00ebsor q\u00eb ta zgjidhi, p\u00ebrve\u00e7 Edi Ram\u00ebs, ai e ka marr\u00eb p\u00ebrsip\u00ebr, por duhet t\u00eb kuptoni se kjo pun\u00eb ka shum\u00eb halle\u2026\u201d. Pra, ministri i ri i Brendsh\u00ebm beson se shefi i tij \u00ebsht\u00eb qenie mbinjer\u00ebzore.<\/p>\n<p>Por edhe Milva Ikonomi mbahet mend p\u00ebr disa epitete t\u00eb \u00e7uditshme p\u00ebr shefin e saj n\u00eb koh\u00ebn kur ishte Ministre e Ekonomis\u00eb. Ndoshta \u00ebsht\u00eb harruar p\u00ebr publikun, por deklarata e saj ka qene se Rama kishte \u201cglobin n\u00eb kok\u00eb\u201d. \u201cUn\u00eb shum\u00eb shpesh mendoj q\u00eb n\u00ebse ka nj\u00eb brand aktual Shqip\u00ebria p\u00ebrtej kufirit, un\u00eb mendoj q\u00eb brandi q\u00eb ka Shqip\u00ebria sot quhet Edi Rama. N\u00eb \u00e7do takim nd\u00ebrkomb\u00ebtar q\u00eb kemi shkuar, nga diskutimet q\u00eb b\u00ebn, tezat q\u00eb ngre p\u00ebr diskutim, t\u00eb b\u00ebn shum\u00eb p\u00ebrshtypje, sepse \u00ebsht\u00eb nga ata njer\u00ebzit q\u00eb globin e ka te koka. Ai i ka dijet te mendja dhe di t\u2019i p\u00ebrdor\u00eb shum\u00eb mir\u00eb n\u00eb momente t\u00eb caktuara. Dhe p\u00ebr k\u00ebt\u00eb arsye mund t\u00eb them q\u00eb b\u00ebhet brand\u201d, ka th\u00ebn\u00eb Ikonomi, e cila sot u em\u00ebrua nga Rama si ministre p\u00ebr Bujq\u00ebsin\u00eb n\u00eb vend t\u00eb \u00c7u\u00e7it.<\/p>\n<p>Gazeta Mapo<\/p>\n","protected":false},"excerpt":{"rendered":"<p>2 ministrat e rinj nuk ngelen shum\u00eb pas Spiropalit me vler\u00ebsimet p\u00ebr Ram\u00ebn &#8211; 16\/12\/20 Kryeministri Edi Rama edhe nj\u00eb her\u00eb ka treguar se i p\u00eblqen elozhet nga vart\u00ebsit dhe bashk\u00ebpun\u00ebtor\u00ebt e tij, madje i promovon ata q\u00eb thurin ditirambe p\u00ebr t\u00eb. Ky \u00ebsht\u00eb dhe rasti i promovimit t\u00eb sot\u00ebm t\u00eb Blendi \u00c7u\u00e7it dhe Milva [&hellip;]<\/p>\n","protected":false},"author":9,"featured_media":41981,"comment_status":"open","ping_status":"open","sticky":false,"template":"","format":"standard","meta":{"jetpack_post_was_ever_published":false,"_jetpack_newsletter_access":"","_jetpack_dont_email_post_to_subs":false,"_jetpack_newsletter_tier_id":0,"_jetpack_memberships_contains_paywalled_content":false,"_jetpack_memberships_contains_paid_content":false,"footnotes":"","jetpack_publicize_message":"","jetpack_publicize_feature_enabled":true,"jetpack_social_post_already_shared":true,"jetpack_social_options":{"image_generator_settings":{"template":"highway","default_image_id":0,"font":"","enabled":false},"version":2}},"categories":[27,2],"tags":[],"class_list":["post-41980","post","type-post","status-publish","format-standard","has-post-thumbnail","hentry","category-blogu-i-udhetarit","category-politika"],"jetpack_publicize_connections":[],"jetpack_featured_media_url":"https:\/\/i0.wp.com\/www.shqiperia.com\/blog\/wp-content\/uploads\/2020\/12\/YT.00_03_29_01.Still005.jpg?fit=1782%2C978&ssl=1","jetpack_sharing_enabled":true,"jetpack_shortlink":"https:\/\/wp.me\/p5Z6wp-aV6","jetpack-related-posts":[{"id":15389,"url":"https:\/\/www.shqiperia.com\/blog\/nje-gjino-ne-krye-te-ministrise-se-jashtme-shqiptare\/","url_meta":{"origin":41980,"position":0},"title":"Nj\u00eb \u201cGjino\u201d n\u00eb krye t\u00eb Ministris\u00eb s\u00eb Jashtme Shqiptare. &#8211;","author":"Kurt Farka","date":"December 29, 2018","format":false,"excerpt":"Nj\u00eb \u201cGjino\u201d n\u00eb krye t\u00eb Ministris\u00eb s\u00eb Jashtme Shqiptare. - 29 Dhjetor, 2018 Bashk\u00eb me Gjinon, n\u00eb qeveri vjen edhe Marigoja, e vargjeve t\u00eb poezis\u00eb p\u00ebr \u201cSk\u00ebnderbeun e Rilindjes\u201d, p\u00ebr t\u00eb mbyllur komedin\u00eb e k\u00ebsaj qeverie. Kryeministri Rama \u201cspastron\u201d Qeverin\u00eb, largohen \u201csenator\u00ebt\u201d e Socialist\u00ebve dhe n\u00eb krye t\u00eb mininistrive vijn\u00eb\u2026","rel":"","context":"In &quot;Blogu i Udh\u00ebtarit&quot;","block_context":{"text":"Blogu i Udh\u00ebtarit","link":"https:\/\/www.shqiperia.com\/blog\/category\/blogu-i-udhetarit\/"},"img":{"alt_text":"","src":"https:\/\/i0.wp.com\/www.shqiperia.com\/blog\/wp-content\/uploads\/2018\/12\/22-14-696x348.jpg?fit=667%2C348&ssl=1&resize=350%2C200","width":350,"height":200,"srcset":"https:\/\/i0.wp.com\/www.shqiperia.com\/blog\/wp-content\/uploads\/2018\/12\/22-14-696x348.jpg?fit=667%2C348&ssl=1&resize=350%2C200 1x, https:\/\/i0.wp.com\/www.shqiperia.com\/blog\/wp-content\/uploads\/2018\/12\/22-14-696x348.jpg?fit=667%2C348&ssl=1&resize=525%2C300 1.5x"},"classes":[]},{"id":98155,"url":"https:\/\/www.shqiperia.com\/blog\/rama-e-perzuri-spiropalin-pas-takimeve-ne-shtepine-e-bardhe-kellici-zbardh-prapaskenat-kryeministri-u-frikesua\/","url_meta":{"origin":41980,"position":1},"title":"\u201cRama e p\u00ebrzuri Spiropalin pas takimeve n\u00eb Sht\u00ebpin\u00eb e Bardh\u00eb\u201d, K\u00eblli\u00e7i zbardh prapaskenat: Kryeministri u frik\u00ebsua..","author":"Kurt Farka","date":"March 5, 2026","format":false,"excerpt":"5 Mars 2026 Deputeti demokrat Belind K\u00eblli\u00e7i zbardhi sot n\u00eb nj\u00eb emision televiziv tregon prapaskenat e shkarkimit t\u00eb Elisa Spiropalit nga kryeministri Edi Rama. I kthyer n\u00eb Kuvend pas pezullimit p\u00ebr mbi 2 muaj, vendim i marr\u00eb nga maxhoranca, K\u00eblli\u00e7i tha se gjeti nj\u00eb situat\u00eb t\u00eb tensionuar brenda maxhoran c\u00ebs.\u2026","rel":"","context":"In &quot;Blogu i Udh\u00ebtarit&quot;","block_context":{"text":"Blogu i Udh\u00ebtarit","link":"https:\/\/www.shqiperia.com\/blog\/category\/blogu-i-udhetarit\/"},"img":{"alt_text":"","src":"https:\/\/i0.wp.com\/www.shqiperia.com\/blog\/wp-content\/uploads\/2026\/03\/640-0-2d503d149071e6139289845c1d0fdf60.jpg?fit=640%2C336&ssl=1&resize=350%2C200","width":350,"height":200,"srcset":"https:\/\/i0.wp.com\/www.shqiperia.com\/blog\/wp-content\/uploads\/2026\/03\/640-0-2d503d149071e6139289845c1d0fdf60.jpg?fit=640%2C336&ssl=1&resize=350%2C200 1x, https:\/\/i0.wp.com\/www.shqiperia.com\/blog\/wp-content\/uploads\/2026\/03\/640-0-2d503d149071e6139289845c1d0fdf60.jpg?fit=640%2C336&ssl=1&resize=525%2C300 1.5x"},"classes":[]},{"id":98184,"url":"https:\/\/www.shqiperia.com\/blog\/kikia-analizon-prapaskenat-e-shkarkimit-te-ballukut-brenda-ps-ka-thyerje-pritet-te\/","url_meta":{"origin":41980,"position":2},"title":"Kikia analizon prapaskenat e shkarkimit t\u00eb Ballukut: &#8211; Brenda PS ka thyerje, pritet t\u00eb\u2026","author":"Kurt Farka","date":"March 6, 2026","format":false,"excerpt":"6 Mars 2026 Analisti Mentor Kikia foli n\u00eb nje emision televiziv, ka zb\u00ebrthyer mesazhet e Elisa Spiropalit, dhe p\u00ebrplasjet sipas tij q\u00eb kan\u00eb p\u00ebrfshir\u00eb PS. Pretendimet se Spiropali u shkarkua pas \u2018p\u00ebrplasjeve me Ballukun\u201d sipas analistit Kikia jo domosdoshm\u00ebrisht q\u00ebndrojn\u00eb, duke shtuar se \u00e7\u00ebshtja prek interesa t\u00eb tjera. \u201cSpiropali \u00ebsht\u00eb\u2026","rel":"","context":"In &quot;Blogu i Udh\u00ebtarit&quot;","block_context":{"text":"Blogu i Udh\u00ebtarit","link":"https:\/\/www.shqiperia.com\/blog\/category\/blogu-i-udhetarit\/"},"img":{"alt_text":"","src":"https:\/\/i0.wp.com\/www.shqiperia.com\/blog\/wp-content\/uploads\/2026\/03\/Belinda-Balluku1.jpg?fit=800%2C451&ssl=1&resize=350%2C200","width":350,"height":200,"srcset":"https:\/\/i0.wp.com\/www.shqiperia.com\/blog\/wp-content\/uploads\/2026\/03\/Belinda-Balluku1.jpg?fit=800%2C451&ssl=1&resize=350%2C200 1x, https:\/\/i0.wp.com\/www.shqiperia.com\/blog\/wp-content\/uploads\/2026\/03\/Belinda-Balluku1.jpg?fit=800%2C451&ssl=1&resize=525%2C300 1.5x, https:\/\/i0.wp.com\/www.shqiperia.com\/blog\/wp-content\/uploads\/2026\/03\/Belinda-Balluku1.jpg?fit=800%2C451&ssl=1&resize=700%2C400 2x"},"classes":[]},{"id":98059,"url":"https:\/\/www.shqiperia.com\/blog\/zedhenesi-i-spiropalit-lorenc-vangjeli-ne-vend-te-ballukut-u-vendosen-dy-sozi-te-saj-efekti-anesor-ishte-largimi-i-elisa-spiropalit\/","url_meta":{"origin":41980,"position":3},"title":"Zedhenesi i Spiropalit Lorenc Vangjeli: &#8211; N\u00eb vend t\u00eb Ballukut u vendos\u00ebn dy sozi t\u00eb saj, efekti an\u00ebsor ishte largimi i Elisa Spiropalit","author":"Kurt Farka","date":"February 28, 2026","format":false,"excerpt":"28 Shkurt 2026 N\u00eb studion e Top Story, analisti Lorenc Vangjeli u shpreh kund\u00ebr l\u00ebvizjeve n\u00eb qeverin\u00eb \u201cRama 4\u201d n\u00eb disa ministri, q\u00eb u njoftuan mbr\u00ebmjen e k\u00ebsaj t\u00eb enjteje. Sipas analistit, l\u00ebvizjet e kryeministrit Rama nuk treguan vullnet t\u00eb fort\u00eb, por dob\u00ebsi politike. P\u00ebr l\u00ebvizjen e Ballukut, Vangjeli tha\u2026","rel":"","context":"In &quot;Blogu i Udh\u00ebtarit&quot;","block_context":{"text":"Blogu i Udh\u00ebtarit","link":"https:\/\/www.shqiperia.com\/blog\/category\/blogu-i-udhetarit\/"},"img":{"alt_text":"","src":"https:\/\/i0.wp.com\/www.shqiperia.com\/blog\/wp-content\/uploads\/2026\/02\/640-0-1706728170xspiropali-vangjeli-294.jpg?fit=640%2C360&ssl=1&resize=350%2C200","width":350,"height":200,"srcset":"https:\/\/i0.wp.com\/www.shqiperia.com\/blog\/wp-content\/uploads\/2026\/02\/640-0-1706728170xspiropali-vangjeli-294.jpg?fit=640%2C360&ssl=1&resize=350%2C200 1x, https:\/\/i0.wp.com\/www.shqiperia.com\/blog\/wp-content\/uploads\/2026\/02\/640-0-1706728170xspiropali-vangjeli-294.jpg?fit=640%2C360&ssl=1&resize=525%2C300 1.5x"},"classes":[]},{"id":98011,"url":"https:\/\/www.shqiperia.com\/blog\/spiropali-kurban-i-ballukut-gazetarja-komenton-ministrat-e-rinj\/","url_meta":{"origin":41980,"position":4},"title":"&#8216;Spiropali, kurban i Ballukut&#8217;\/ Gazetarja komenton ministrat e rinj!","author":"Kurt Farka","date":"February 26, 2026","format":false,"excerpt":"26 Shkurt 2026 Gazetarja Klodiana Lala, ka folur p\u00ebr ndryshimet n\u00eb qeveri, ku m\u00eb t\u00eb bujshme duken largimet e Belinda Ballukut dhe Elisa Spiropalit. E ftuar n\u00eb MCN TV, Lala b\u00ebri nj\u00eb profil t\u00eb shkurt\u00ebr t\u00eb ministrave t\u00eb rinj t\u00eb kabinetit. \"S\u00eb pari mendoj se zoti Rama ishte i detyruar\u2026","rel":"","context":"In &quot;Blogu i Udh\u00ebtarit&quot;","block_context":{"text":"Blogu i Udh\u00ebtarit","link":"https:\/\/www.shqiperia.com\/blog\/category\/blogu-i-udhetarit\/"},"img":{"alt_text":"","src":"https:\/\/i0.wp.com\/www.shqiperia.com\/blog\/wp-content\/uploads\/2026\/02\/foto-7-6.jpg?fit=640%2C373&ssl=1&resize=350%2C200","width":350,"height":200,"srcset":"https:\/\/i0.wp.com\/www.shqiperia.com\/blog\/wp-content\/uploads\/2026\/02\/foto-7-6.jpg?fit=640%2C373&ssl=1&resize=350%2C200 1x, https:\/\/i0.wp.com\/www.shqiperia.com\/blog\/wp-content\/uploads\/2026\/02\/foto-7-6.jpg?fit=640%2C373&ssl=1&resize=525%2C300 1.5x"},"classes":[]},{"id":98810,"url":"https:\/\/www.shqiperia.com\/blog\/kush-jane-dy-ish-ministrat-e-rames-qe-u-akuzuan-nga-kryeministri-se-pergjojne-koleget\/","url_meta":{"origin":41980,"position":5},"title":"Kush jan\u00eb dy ish-ministrat e Ram\u00ebs q\u00eb u akuzuan nga kryeministri se p\u00ebrgjojn\u00eb koleg\u00ebt","author":"Kurt Farka","date":"March 29, 2026","format":false,"excerpt":"29 Mars 2026 Tensione dhe replika t\u00eb forta jan\u00eb sh\u00ebnuar n\u00eb mbledhjen e Grupit Parlamentar t\u00eb Partis\u00eb Socialiste, e zhvilluar pa pranin\u00eb e mediave. Sipas Mapo n\u00eb nj\u00eb moment t\u00eb diskutimeve, Kryeministri Edi Rama ka pasur nj\u00eb p\u00ebrplasje verbale me dy figura t\u00eb njohura t\u00eb mazhoranc\u00ebs. Fillimisht, Rama iu drejtua\u2026","rel":"","context":"In &quot;Blogu i Udh\u00ebtarit&quot;","block_context":{"text":"Blogu i Udh\u00ebtarit","link":"https:\/\/www.shqiperia.com\/blog\/category\/blogu-i-udhetarit\/"},"img":{"alt_text":"","src":"https:\/\/i0.wp.com\/www.shqiperia.com\/blog\/wp-content\/uploads\/2026\/03\/800-0-1774723873xfacebook-image-2-458.jpg?fit=800%2C534&ssl=1&resize=350%2C200","width":350,"height":200,"srcset":"https:\/\/i0.wp.com\/www.shqiperia.com\/blog\/wp-content\/uploads\/2026\/03\/800-0-1774723873xfacebook-image-2-458.jpg?fit=800%2C534&ssl=1&resize=350%2C200 1x, https:\/\/i0.wp.com\/www.shqiperia.com\/blog\/wp-content\/uploads\/2026\/03\/800-0-1774723873xfacebook-image-2-458.jpg?fit=800%2C534&ssl=1&resize=525%2C300 1.5x, https:\/\/i0.wp.com\/www.shqiperia.com\/blog\/wp-content\/uploads\/2026\/03\/800-0-1774723873xfacebook-image-2-458.jpg?fit=800%2C534&ssl=1&resize=700%2C400 2x"},"classes":[]}],"_links":{"self":[{"href":"https:\/\/www.shqiperia.com\/blog\/wp-json\/wp\/v2\/posts\/41980","targetHints":{"allow":["GET"]}}],"collection":[{"href":"https:\/\/www.shqiperia.com\/blog\/wp-json\/wp\/v2\/posts"}],"about":[{"href":"https:\/\/www.shqiperia.com\/blog\/wp-json\/wp\/v2\/types\/post"}],"author":[{"embeddable":true,"href":"https:\/\/www.shqiperia.com\/blog\/wp-json\/wp\/v2\/users\/9"}],"replies":[{"embeddable":true,"href":"https:\/\/www.shqiperia.com\/blog\/wp-json\/wp\/v2\/comments?post=41980"}],"version-history":[{"count":1,"href":"https:\/\/www.shqiperia.com\/blog\/wp-json\/wp\/v2\/posts\/41980\/revisions"}],"predecessor-version":[{"id":41982,"href":"https:\/\/www.shqiperia.com\/blog\/wp-json\/wp\/v2\/posts\/41980\/revisions\/41982"}],"wp:featuredmedia":[{"embeddable":true,"href":"https:\/\/www.shqiperia.com\/blog\/wp-json\/wp\/v2\/media\/41981"}],"wp:attachment":[{"href":"https:\/\/www.shqiperia.com\/blog\/wp-json\/wp\/v2\/media?parent=41980"}],"wp:term":[{"taxonomy":"category","embeddable":true,"href":"https:\/\/www.shqiperia.com\/blog\/wp-json\/wp\/v2\/categories?post=41980"},{"taxonomy":"post_tag","embeddable":true,"href":"https:\/\/www.shqiperia.com\/blog\/wp-json\/wp\/v2\/tags?post=41980"}],"curies":[{"name":"wp","href":"https:\/\/api.w.org\/{rel}","templated":true}]}}