{"id":41977,"date":"2020-12-16T16:22:23","date_gmt":"2020-12-16T16:22:23","guid":{"rendered":"https:\/\/www.shqiperia.com\/blog\/?p=41977"},"modified":"2020-12-16T16:22:23","modified_gmt":"2020-12-16T16:22:23","slug":"takimi-vjosa-osmani-me-ilir-meta","status":"publish","type":"post","link":"https:\/\/www.shqiperia.com\/blog\/takimi-vjosa-osmani-me-ilir-meta\/","title":{"rendered":"Takimi Vjosa Osmani me Ilir Meta."},"content":{"rendered":"<p><img data-recalc-dims=\"1\" loading=\"lazy\" decoding=\"async\" data-attachment-id=\"41978\" data-permalink=\"https:\/\/www.shqiperia.com\/blog\/takimi-vjosa-osmani-me-ilir-meta\/download-109\/\" data-orig-file=\"https:\/\/i0.wp.com\/www.shqiperia.com\/blog\/wp-content\/uploads\/2020\/12\/download-7.jpg?fit=284%2C178&amp;ssl=1\" data-orig-size=\"284,178\" data-comments-opened=\"1\" data-image-meta=\"{&quot;aperture&quot;:&quot;0&quot;,&quot;credit&quot;:&quot;&quot;,&quot;camera&quot;:&quot;&quot;,&quot;caption&quot;:&quot;&quot;,&quot;created_timestamp&quot;:&quot;0&quot;,&quot;copyright&quot;:&quot;&quot;,&quot;focal_length&quot;:&quot;0&quot;,&quot;iso&quot;:&quot;0&quot;,&quot;shutter_speed&quot;:&quot;0&quot;,&quot;title&quot;:&quot;&quot;,&quot;orientation&quot;:&quot;0&quot;}\" data-image-title=\"download\" data-image-description=\"\" data-image-caption=\"\" data-medium-file=\"https:\/\/i0.wp.com\/www.shqiperia.com\/blog\/wp-content\/uploads\/2020\/12\/download-7.jpg?fit=284%2C178&amp;ssl=1\" data-large-file=\"https:\/\/i0.wp.com\/www.shqiperia.com\/blog\/wp-content\/uploads\/2020\/12\/download-7.jpg?fit=284%2C178&amp;ssl=1\" class=\"alignnone  wp-image-41978\" alt=\"\" src=\"https:\/\/i0.wp.com\/www.shqiperia.com\/blog\/wp-content\/uploads\/2020\/12\/download-7.jpg?resize=573%2C359&#038;ssl=1\" width=\"573\" height=\"359\" \/><\/p>\n<p>Takimi Vjosa Osmani me Ilir Meta.<\/p>\n<p>Ushtruesja e detyr\u00ebs s\u00eb Presidentja e Republik\u00ebs s\u00eb Kosov\u00ebs, Vjosa Osmani, nisi sot nj\u00eb vizit\u00eb zyrtare n\u00eb Shqip\u00ebri. Zonja Osmani u prit me ceremoni shtet\u00ebrore nga Presidenti i Republik\u00ebs s\u00eb Shqip\u00ebris\u00eb, Ilir Meta. Ata do t\u00eb ken\u00eb nj\u00eb konferenc\u00eb shtypi dhe m\u00eb pas zonja do t\u00eb ket\u00eb nje seri takimesh me p\u00ebrfaq\u00ebsuesit m\u00eb lart\u00eb t\u00eb shtetit dhe politik\u00ebs shqiptare.<\/p>\n<p>Nga Zeri i Amerikes.<\/p>\n","protected":false},"excerpt":{"rendered":"<p>Takimi Vjosa Osmani me Ilir Meta. Ushtruesja e detyr\u00ebs s\u00eb Presidentja e Republik\u00ebs s\u00eb Kosov\u00ebs, Vjosa Osmani, nisi sot nj\u00eb vizit\u00eb zyrtare n\u00eb Shqip\u00ebri. Zonja Osmani u prit me ceremoni shtet\u00ebrore nga Presidenti i Republik\u00ebs s\u00eb Shqip\u00ebris\u00eb, Ilir Meta. Ata do t\u00eb ken\u00eb nj\u00eb konferenc\u00eb shtypi dhe m\u00eb pas zonja do t\u00eb ket\u00eb nje seri [&hellip;]<\/p>\n","protected":false},"author":9,"featured_media":41978,"comment_status":"open","ping_status":"open","sticky":false,"template":"","format":"standard","meta":{"jetpack_post_was_ever_published":false,"_jetpack_newsletter_access":"","_jetpack_dont_email_post_to_subs":false,"_jetpack_newsletter_tier_id":0,"_jetpack_memberships_contains_paywalled_content":false,"_jetpack_memberships_contains_paid_content":false,"footnotes":"","jetpack_publicize_message":"","jetpack_publicize_feature_enabled":true,"jetpack_social_post_already_shared":true,"jetpack_social_options":{"image_generator_settings":{"template":"highway","default_image_id":0,"font":"","enabled":false},"version":2}},"categories":[27,2,35],"tags":[],"class_list":["post-41977","post","type-post","status-publish","format-standard","has-post-thumbnail","hentry","category-blogu-i-udhetarit","category-politika","category-shoqerore"],"jetpack_publicize_connections":[],"jetpack_featured_media_url":"https:\/\/i0.wp.com\/www.shqiperia.com\/blog\/wp-content\/uploads\/2020\/12\/download-7.jpg?fit=284%2C178&ssl=1","jetpack_sharing_enabled":true,"jetpack_shortlink":"https:\/\/wp.me\/p5Z6wp-aV3","jetpack-related-posts":[{"id":42023,"url":"https:\/\/www.shqiperia.com\/blog\/mjerim-politik-dhe-kombetar-i-deputeteve-te-republikes-se-shqiperise\/","url_meta":{"origin":41977,"position":0},"title":"MJERIM POLITIK DHE KOMB\u00cbTAR  I DEPUTET\u00cbVE T\u00cb REPUBLIK\u00cbS S\u00cb SHQIP\u00cbRIS\u00cb","author":"Kurt Farka","date":"December 18, 2020","format":false,"excerpt":"MJERIM POLITIK DHE KOMB\u00cbTAR I DEPUTET\u00cbVE T\u00cb REPUBLIK\u00cbS S\u00cb SHQIP\u00cbRIS\u00cb Nga Gjon Bru\u00e7i -N\u00eb seanc\u00ebn e parlamentit t\u00eb Republik\u00ebs s\u00eb Shqip\u00ebris\u00eb, kur Presidentja e Kosov\u00ebs Vjosa Osmani, mbajti fjalimin e saj p\u00ebrsh\u00ebndet\u00ebs, n\u00eb podiumin e sall\u00ebs mungonin pjesa d\u00ebrmuese e ministrave dhe vet\u00eb Kryeministri Rama. Ky i fundit kishte zgjedhur\u2026","rel":"","context":"In &quot;Blogu i Udh\u00ebtarit&quot;","block_context":{"text":"Blogu i Udh\u00ebtarit","link":"https:\/\/www.shqiperia.com\/blog\/category\/blogu-i-udhetarit\/"},"img":{"alt_text":"","src":"https:\/\/i0.wp.com\/www.shqiperia.com\/blog\/wp-content\/uploads\/2020\/12\/131925231_1793012674180236_7939767498966142911_n.jpg?fit=805%2C479&ssl=1&resize=350%2C200","width":350,"height":200,"srcset":"https:\/\/i0.wp.com\/www.shqiperia.com\/blog\/wp-content\/uploads\/2020\/12\/131925231_1793012674180236_7939767498966142911_n.jpg?fit=805%2C479&ssl=1&resize=350%2C200 1x, https:\/\/i0.wp.com\/www.shqiperia.com\/blog\/wp-content\/uploads\/2020\/12\/131925231_1793012674180236_7939767498966142911_n.jpg?fit=805%2C479&ssl=1&resize=525%2C300 1.5x, https:\/\/i0.wp.com\/www.shqiperia.com\/blog\/wp-content\/uploads\/2020\/12\/131925231_1793012674180236_7939767498966142911_n.jpg?fit=805%2C479&ssl=1&resize=700%2C400 2x"},"classes":[]},{"id":41999,"url":"https:\/\/www.shqiperia.com\/blog\/minishengeni-vjosa-osmani-nuk-kam-ndryshuar-qendrim-projekti-nuk-e-favorizon-kosoven-dhe-as-shqiperine-rames-do-i-kerkoj-dokumentin\/","url_meta":{"origin":41977,"position":1},"title":"Minishengeni, Vjosa Osmani: Nuk kam ndryshuar q\u00ebndrim, projekti nuk e favorizon Kosov\u00ebn dhe as Shqip\u00ebrin\u00eb. Ram\u00ebs do i k\u00ebrkoj dokumentin","author":"Kurt Farka","date":"December 17, 2020","format":false,"excerpt":"Minishengeni, Vjosa Osmani: Nuk kam ndryshuar q\u00ebndrim, projekti nuk e favorizon Kosov\u00ebn dhe as Shqip\u00ebrin\u00eb. Ram\u00ebs do i k\u00ebrkoj dokumentin 16 dhjetor\u00a0 2020 Minishengeni, Vjosa Osmani: Nuk kam ndryshuar q\u00ebndrim, projekti nuk e favorizon Kosov\u00ebn dhe as Shqip\u00ebrin\u00eb. Ram\u00ebs do i k\u00ebrkoj dokumentin Ushtruesja e detyr\u00ebs s\u00eb Presidentit t\u00eb Kosov\u00ebs\u2026","rel":"","context":"In &quot;Blogu i Udh\u00ebtarit&quot;","block_context":{"text":"Blogu i Udh\u00ebtarit","link":"https:\/\/www.shqiperia.com\/blog\/category\/blogu-i-udhetarit\/"},"img":{"alt_text":"","src":"https:\/\/i0.wp.com\/www.shqiperia.com\/blog\/wp-content\/uploads\/2020\/12\/1608136695_meta7.jpeg?fit=780%2C440&ssl=1&resize=350%2C200","width":350,"height":200,"srcset":"https:\/\/i0.wp.com\/www.shqiperia.com\/blog\/wp-content\/uploads\/2020\/12\/1608136695_meta7.jpeg?fit=780%2C440&ssl=1&resize=350%2C200 1x, https:\/\/i0.wp.com\/www.shqiperia.com\/blog\/wp-content\/uploads\/2020\/12\/1608136695_meta7.jpeg?fit=780%2C440&ssl=1&resize=525%2C300 1.5x, https:\/\/i0.wp.com\/www.shqiperia.com\/blog\/wp-content\/uploads\/2020\/12\/1608136695_meta7.jpeg?fit=780%2C440&ssl=1&resize=700%2C400 2x"},"classes":[]},{"id":42003,"url":"https:\/\/www.shqiperia.com\/blog\/vjosa-osmani-i-ben-thirrje-parlamentit-shqiptar-te-miratoje-rezoluten-qe-denon-gjenocidin-serb\/","url_meta":{"origin":41977,"position":2},"title":"Vjosa Osmani i b\u00ebn thirrje Parlamentit Shqiptar t\u00eb miratoj\u00eb rezolut\u00ebn q\u00eb d\u00ebnon gjenocidin serb","author":"shqiperia","date":"December 17, 2020","format":false,"excerpt":"Presidentja e p\u00ebrkohshme e Republik\u00ebs s\u00eb Kosov\u00ebs, Vjosa Osmani, i b\u00ebri thirrje Parlamentit Shqiptare q\u00eb t'i bashkohet Kosov\u00ebs n\u00eb miratimin e nj\u00eb rezolute q\u00eb d\u00ebnon gjenocidin Serb. \u201cDialogu me Serbin\u00eb mbetet i pa mbyllur dhe ne jemi t\u00eb gatsh\u00ebm t\u00eb dialogojm\u00eb vet\u00ebm p\u00ebr njohjen reciproke, duke respektuar integritetin territorial dhe\u2026","rel":"","context":"In &quot;Politika&quot;","block_context":{"text":"Politika","link":"https:\/\/www.shqiperia.com\/blog\/category\/politika\/"},"img":{"alt_text":"","src":"https:\/\/i0.wp.com\/www.shqiperia.com\/blog\/wp-content\/uploads\/2020\/12\/1608136695_meta7.jpeg?fit=780%2C440&ssl=1&resize=350%2C200","width":350,"height":200,"srcset":"https:\/\/i0.wp.com\/www.shqiperia.com\/blog\/wp-content\/uploads\/2020\/12\/1608136695_meta7.jpeg?fit=780%2C440&ssl=1&resize=350%2C200 1x, https:\/\/i0.wp.com\/www.shqiperia.com\/blog\/wp-content\/uploads\/2020\/12\/1608136695_meta7.jpeg?fit=780%2C440&ssl=1&resize=525%2C300 1.5x, https:\/\/i0.wp.com\/www.shqiperia.com\/blog\/wp-content\/uploads\/2020\/12\/1608136695_meta7.jpeg?fit=780%2C440&ssl=1&resize=700%2C400 2x"},"classes":[]},{"id":75885,"url":"https:\/\/www.shqiperia.com\/blog\/vjosa-osmani-uron-flamuri-kuq-e-zi-na-bashkon\/","url_meta":{"origin":41977,"position":3},"title":"Vjosa Osmani uron: &#8211; Flamuri kuq e zi na bashkon","author":"Kurt Farka","date":"November 28, 2023","format":false,"excerpt":"28 Nentor 2023 Presidentja e Kosov\u00ebs, Vjosa Osmani, ka uruar t\u00eb gjith\u00eb shqiptar\u00ebt p\u00ebr 111 vjetorin e Pavar\u00ebsis\u00eb s\u00eb Shqip\u00ebris\u00eb. P\u00ebrmes nj\u00eb postimi n\u00eb Facebook Osmani shkroi\u00a0se dit\u00ebn e pavar\u00ebsis\u00eb s\u00eb Shqip\u00ebris\u00eb, dit\u00eblindjen e komandantit legjendar Adem Jashari dhe daljen e par\u00eb publike t\u00eb U\u00c7K-s\u00eb, i bashkon flamuri kuq e\u2026","rel":"","context":"In &quot;Blogu i Udh\u00ebtarit&quot;","block_context":{"text":"Blogu i Udh\u00ebtarit","link":"https:\/\/www.shqiperia.com\/blog\/category\/blogu-i-udhetarit\/"},"img":{"alt_text":"","src":"https:\/\/i0.wp.com\/www.shqiperia.com\/blog\/wp-content\/uploads\/2023\/11\/800-0-65659adf81495.jpg?fit=800%2C451&ssl=1&resize=350%2C200","width":350,"height":200,"srcset":"https:\/\/i0.wp.com\/www.shqiperia.com\/blog\/wp-content\/uploads\/2023\/11\/800-0-65659adf81495.jpg?fit=800%2C451&ssl=1&resize=350%2C200 1x, https:\/\/i0.wp.com\/www.shqiperia.com\/blog\/wp-content\/uploads\/2023\/11\/800-0-65659adf81495.jpg?fit=800%2C451&ssl=1&resize=525%2C300 1.5x, https:\/\/i0.wp.com\/www.shqiperia.com\/blog\/wp-content\/uploads\/2023\/11\/800-0-65659adf81495.jpg?fit=800%2C451&ssl=1&resize=700%2C400 2x"},"classes":[]},{"id":60192,"url":"https:\/\/www.shqiperia.com\/blog\/pa-njohur-kosoven-nuk-ka-serbi-blinken-i-shuan-cdo-shprese-beogradit-pritet-nderhyrja-e-fuqishme-nga-shba-qe-do-te-trondite-pozitat-e-vucicit\/","url_meta":{"origin":41977,"position":4},"title":"\u201cPa njohur Kosov\u00ebn nuk ka Serbi\u201d, Blinken i shuan \u00e7do shpres\u00eb Beogradit, pritet nd\u00ebrhyrja e fuqishme nga SHBA q\u00eb do t\u00eb trondit\u00eb pozitat e Vu\u00e7i\u00e7it","author":"Kurt Farka","date":"July 28, 2022","format":false,"excerpt":"28 KORRIK 2022 Nj\u00eb takim i presidentes Vjosa Osmani dhe kryeministrit Albin Kurti n\u00eb Serbi me sekretarin amerikan t\u00eb Shtetit, AntonyBlinken, ka b\u00ebr\u00eb t\u00eb qart\u00eb se n\u00ebse nuk do t\u00eb ket\u00eb njohje t\u00eb Kosov\u00ebs nga ana e presidentit Aleksand\u00ebr Vu\u00e7i\u00e7it, nuk do t\u00eb ket\u00eb as Serbi n\u00ebEurop\u00eb. Kryeministri Albin Kurti\u2026","rel":"","context":"In &quot;Blogu i Udh\u00ebtarit&quot;","block_context":{"text":"Blogu i Udh\u00ebtarit","link":"https:\/\/www.shqiperia.com\/blog\/category\/blogu-i-udhetarit\/"},"img":{"alt_text":"","src":"https:\/\/i0.wp.com\/www.shqiperia.com\/blog\/wp-content\/uploads\/2022\/07\/800-0-62e24fdb586e6.jpg?fit=800%2C462&ssl=1&resize=350%2C200","width":350,"height":200,"srcset":"https:\/\/i0.wp.com\/www.shqiperia.com\/blog\/wp-content\/uploads\/2022\/07\/800-0-62e24fdb586e6.jpg?fit=800%2C462&ssl=1&resize=350%2C200 1x, https:\/\/i0.wp.com\/www.shqiperia.com\/blog\/wp-content\/uploads\/2022\/07\/800-0-62e24fdb586e6.jpg?fit=800%2C462&ssl=1&resize=525%2C300 1.5x, https:\/\/i0.wp.com\/www.shqiperia.com\/blog\/wp-content\/uploads\/2022\/07\/800-0-62e24fdb586e6.jpg?fit=800%2C462&ssl=1&resize=700%2C400 2x"},"classes":[]},{"id":99606,"url":"https:\/\/www.shqiperia.com\/blog\/lidership-i-guximshem-per-kosoven-donald-trump-vlereson-vjosa-osmanin-zbardhet-letra-drejtuar-ish-presidentes\/","url_meta":{"origin":41977,"position":5},"title":"\u201cLidership i guximsh\u00ebm p\u00ebr Kosov\u00ebn\u201d- Donald Trump vler\u00ebson Vjosa Osmanin! Zbardhet letra drejtuar ish-presidentes","author":"Kurt Farka","date":"April 21, 2026","format":false,"excerpt":"21 Prill 2026 Presidenti i Shteteve t\u00eb Bashkuara t\u00eb Amerik\u00ebs, Donald Trump i ka d\u00ebrguar nj\u00eb let\u00ebr ish-Presidentes s\u00eb Kosov\u00ebs, Vjosa Osmani me rastin e p\u00ebrfundimit t\u00eb mandatit t\u00eb saj. N\u00eb letr\u00ebn e d\u00ebrguar nga Sht\u00ebpia e Bardh\u00eb, Trump vler\u00ebson lidershipin e Osmanit, duke e cil\u00ebsuar at\u00eb si t\u00eb guximsh\u00ebm\u2026","rel":"","context":"In &quot;Blogu i Udh\u00ebtarit&quot;","block_context":{"text":"Blogu i Udh\u00ebtarit","link":"https:\/\/www.shqiperia.com\/blog\/category\/blogu-i-udhetarit\/"},"img":{"alt_text":"","src":"https:\/\/i0.wp.com\/www.shqiperia.com\/blog\/wp-content\/uploads\/2026\/04\/trump-osmani.jpg?fit=1200%2C801&ssl=1&resize=350%2C200","width":350,"height":200,"srcset":"https:\/\/i0.wp.com\/www.shqiperia.com\/blog\/wp-content\/uploads\/2026\/04\/trump-osmani.jpg?fit=1200%2C801&ssl=1&resize=350%2C200 1x, https:\/\/i0.wp.com\/www.shqiperia.com\/blog\/wp-content\/uploads\/2026\/04\/trump-osmani.jpg?fit=1200%2C801&ssl=1&resize=525%2C300 1.5x, https:\/\/i0.wp.com\/www.shqiperia.com\/blog\/wp-content\/uploads\/2026\/04\/trump-osmani.jpg?fit=1200%2C801&ssl=1&resize=700%2C400 2x, https:\/\/i0.wp.com\/www.shqiperia.com\/blog\/wp-content\/uploads\/2026\/04\/trump-osmani.jpg?fit=1200%2C801&ssl=1&resize=1050%2C600 3x"},"classes":[]}],"_links":{"self":[{"href":"https:\/\/www.shqiperia.com\/blog\/wp-json\/wp\/v2\/posts\/41977","targetHints":{"allow":["GET"]}}],"collection":[{"href":"https:\/\/www.shqiperia.com\/blog\/wp-json\/wp\/v2\/posts"}],"about":[{"href":"https:\/\/www.shqiperia.com\/blog\/wp-json\/wp\/v2\/types\/post"}],"author":[{"embeddable":true,"href":"https:\/\/www.shqiperia.com\/blog\/wp-json\/wp\/v2\/users\/9"}],"replies":[{"embeddable":true,"href":"https:\/\/www.shqiperia.com\/blog\/wp-json\/wp\/v2\/comments?post=41977"}],"version-history":[{"count":1,"href":"https:\/\/www.shqiperia.com\/blog\/wp-json\/wp\/v2\/posts\/41977\/revisions"}],"predecessor-version":[{"id":41979,"href":"https:\/\/www.shqiperia.com\/blog\/wp-json\/wp\/v2\/posts\/41977\/revisions\/41979"}],"wp:featuredmedia":[{"embeddable":true,"href":"https:\/\/www.shqiperia.com\/blog\/wp-json\/wp\/v2\/media\/41978"}],"wp:attachment":[{"href":"https:\/\/www.shqiperia.com\/blog\/wp-json\/wp\/v2\/media?parent=41977"}],"wp:term":[{"taxonomy":"category","embeddable":true,"href":"https:\/\/www.shqiperia.com\/blog\/wp-json\/wp\/v2\/categories?post=41977"},{"taxonomy":"post_tag","embeddable":true,"href":"https:\/\/www.shqiperia.com\/blog\/wp-json\/wp\/v2\/tags?post=41977"}],"curies":[{"name":"wp","href":"https:\/\/api.w.org\/{rel}","templated":true}]}}