{"id":41973,"date":"2020-12-16T15:36:48","date_gmt":"2020-12-16T15:36:48","guid":{"rendered":"https:\/\/www.shqiperia.com\/blog\/?p=41973"},"modified":"2020-12-16T15:36:48","modified_gmt":"2020-12-16T15:36:48","slug":"piktura-e-artistes-nga-kosova-behet-kartepostale-ne-tajlande","status":"publish","type":"post","link":"https:\/\/www.shqiperia.com\/blog\/piktura-e-artistes-nga-kosova-behet-kartepostale-ne-tajlande\/","title":{"rendered":"Piktura e artistes nga Kosova behet kart\u00ebpostale n\u00eb Tajland\u00eb"},"content":{"rendered":"<p><img data-recalc-dims=\"1\" loading=\"lazy\" decoding=\"async\" data-attachment-id=\"41974\" data-permalink=\"https:\/\/www.shqiperia.com\/blog\/piktura-e-artistes-nga-kosova-behet-kartepostale-ne-tajlande\/piktura-e-artistes-nga-kosova-kartepostale-ne-tajlande\/\" data-orig-file=\"https:\/\/i0.wp.com\/www.shqiperia.com\/blog\/wp-content\/uploads\/2020\/12\/Piktura-e-artistes-nga-Kosova-kartepostale-ne-Tajlande.jpg?fit=850%2C502&amp;ssl=1\" data-orig-size=\"850,502\" data-comments-opened=\"1\" data-image-meta=\"{&quot;aperture&quot;:&quot;0&quot;,&quot;credit&quot;:&quot;&quot;,&quot;camera&quot;:&quot;&quot;,&quot;caption&quot;:&quot;&quot;,&quot;created_timestamp&quot;:&quot;0&quot;,&quot;copyright&quot;:&quot;&quot;,&quot;focal_length&quot;:&quot;0&quot;,&quot;iso&quot;:&quot;0&quot;,&quot;shutter_speed&quot;:&quot;0&quot;,&quot;title&quot;:&quot;&quot;,&quot;orientation&quot;:&quot;0&quot;}\" data-image-title=\"Piktura e artistes nga Kosova kart\u00ebpostale n\u00eb Tajland\u00eb\" data-image-description=\"\" data-image-caption=\"\" data-medium-file=\"https:\/\/i0.wp.com\/www.shqiperia.com\/blog\/wp-content\/uploads\/2020\/12\/Piktura-e-artistes-nga-Kosova-kartepostale-ne-Tajlande.jpg?fit=300%2C177&amp;ssl=1\" data-large-file=\"https:\/\/i0.wp.com\/www.shqiperia.com\/blog\/wp-content\/uploads\/2020\/12\/Piktura-e-artistes-nga-Kosova-kartepostale-ne-Tajlande.jpg?fit=850%2C502&amp;ssl=1\" class=\"alignnone  wp-image-41974\" alt=\"\" src=\"https:\/\/i0.wp.com\/www.shqiperia.com\/blog\/wp-content\/uploads\/2020\/12\/Piktura-e-artistes-nga-Kosova-kartepostale-ne-Tajlande.jpg?resize=514%2C303&#038;ssl=1\" width=\"514\" height=\"303\" srcset=\"https:\/\/i0.wp.com\/www.shqiperia.com\/blog\/wp-content\/uploads\/2020\/12\/Piktura-e-artistes-nga-Kosova-kartepostale-ne-Tajlande.jpg?resize=300%2C177&amp;ssl=1 300w, https:\/\/i0.wp.com\/www.shqiperia.com\/blog\/wp-content\/uploads\/2020\/12\/Piktura-e-artistes-nga-Kosova-kartepostale-ne-Tajlande.jpg?resize=768%2C454&amp;ssl=1 768w, https:\/\/i0.wp.com\/www.shqiperia.com\/blog\/wp-content\/uploads\/2020\/12\/Piktura-e-artistes-nga-Kosova-kartepostale-ne-Tajlande.jpg?resize=450%2C266&amp;ssl=1 450w, https:\/\/i0.wp.com\/www.shqiperia.com\/blog\/wp-content\/uploads\/2020\/12\/Piktura-e-artistes-nga-Kosova-kartepostale-ne-Tajlande.jpg?resize=600%2C354&amp;ssl=1 600w, https:\/\/i0.wp.com\/www.shqiperia.com\/blog\/wp-content\/uploads\/2020\/12\/Piktura-e-artistes-nga-Kosova-kartepostale-ne-Tajlande.jpg?resize=400%2C236&amp;ssl=1 400w, https:\/\/i0.wp.com\/www.shqiperia.com\/blog\/wp-content\/uploads\/2020\/12\/Piktura-e-artistes-nga-Kosova-kartepostale-ne-Tajlande.jpg?w=850&amp;ssl=1 850w\" sizes=\"auto, (max-width: 514px) 100vw, 514px\" \/><\/p>\n<p><strong>Piktura e artistes nga Kosova behet kart\u00ebpostale n\u00eb Tajland\u00eb<\/strong><\/p>\n<p>DHJETOR 2020<a href=\"https:\/\/www.botasot.info\/fotogaleria\/1452922\/piktura-e-artistes-nga-kosova-behet-kartepostale-ne-tajlande\/\"><\/a><\/p>\n<p>Piktura e artistes nga Kosova<\/p>\n<p>Tanim\u00eb \u00ebsht\u00eb d\u00ebshmuar se arti dep\u00ebrton p\u00ebrtej kufinjve dhe s\u00eb fundmi Mimoza Rraci na bindi edhe nj\u00eb her\u00eb p\u00ebr k\u00ebt\u00eb.<\/p>\n<p>Artistja e re kosovare ka realizuar koh\u00eb m\u00eb par\u00eb nj\u00eb vep\u00ebr artistike, n\u00eb t\u00eb cil\u00ebn shfaqet nj\u00eb mjeke q\u00eb n\u00eb mask\u00ebn e saj ka flamurin e Kosov\u00ebs.<\/p>\n<p>P\u00ebrderisa tanim\u00eb personali sh\u00ebndet\u00ebsor n\u00eb mbar\u00eb globin \u00ebsht\u00eb kthyer n\u00eb kategorin\u00eb q\u00eb m\u00eb s\u00eb shumti kemi nevoj\u00eb, Tajlanda ka vendosur ta vler\u00ebsoj\u00eb pun\u00ebn artistike t\u00eb Rracit.<\/p>\n<p>Mimoza ka b\u00ebr\u00eb t\u00eb ditur se ambasada e Kosov\u00ebs n\u00eb Tajland\u00eb ka vendosur t\u2019i falenderoj kontributdh\u00ebn\u00ebsit sh\u00ebndet\u00ebsor duke p\u00ebrdorur vepr\u00ebn e saj si kart\u00ebpostale.<\/p>\n<div id=\"attachment_41975\" style=\"width: 498px\" class=\"wp-caption alignnone\"><img data-recalc-dims=\"1\" loading=\"lazy\" decoding=\"async\" aria-describedby=\"caption-attachment-41975\" data-attachment-id=\"41975\" data-permalink=\"https:\/\/www.shqiperia.com\/blog\/piktura-e-artistes-nga-kosova-behet-kartepostale-ne-tajlande\/piktura-e-artistes-nga-kosova-kartepostale-ne-tajlande-2\/\" data-orig-file=\"https:\/\/i0.wp.com\/www.shqiperia.com\/blog\/wp-content\/uploads\/2020\/12\/Piktura-e-artistes-nga-Kosova-kartepostale-ne-Tajlande-2.jpg?fit=850%2C1063&amp;ssl=1\" data-orig-size=\"850,1063\" data-comments-opened=\"1\" data-image-meta=\"{&quot;aperture&quot;:&quot;0&quot;,&quot;credit&quot;:&quot;&quot;,&quot;camera&quot;:&quot;&quot;,&quot;caption&quot;:&quot;&quot;,&quot;created_timestamp&quot;:&quot;0&quot;,&quot;copyright&quot;:&quot;&quot;,&quot;focal_length&quot;:&quot;0&quot;,&quot;iso&quot;:&quot;0&quot;,&quot;shutter_speed&quot;:&quot;0&quot;,&quot;title&quot;:&quot;&quot;,&quot;orientation&quot;:&quot;0&quot;}\" data-image-title=\"Piktura e artistes nga Kosova kart\u00ebpostale n\u00eb Tajland\u00eb (2)\" data-image-description=\"\" data-image-caption=\"&lt;p&gt;Piktura e artistes nga Kosova kart\u00ebpostale n\u00eb Tajland\u00eb&lt;\/p&gt;\n\" data-medium-file=\"https:\/\/i0.wp.com\/www.shqiperia.com\/blog\/wp-content\/uploads\/2020\/12\/Piktura-e-artistes-nga-Kosova-kartepostale-ne-Tajlande-2.jpg?fit=240%2C300&amp;ssl=1\" data-large-file=\"https:\/\/i0.wp.com\/www.shqiperia.com\/blog\/wp-content\/uploads\/2020\/12\/Piktura-e-artistes-nga-Kosova-kartepostale-ne-Tajlande-2.jpg?fit=819%2C1024&amp;ssl=1\" class=\" wp-image-41975\" alt=\"\" src=\"https:\/\/i0.wp.com\/www.shqiperia.com\/blog\/wp-content\/uploads\/2020\/12\/Piktura-e-artistes-nga-Kosova-kartepostale-ne-Tajlande-2.jpg?resize=488%2C610&#038;ssl=1\" width=\"488\" height=\"610\" srcset=\"https:\/\/i0.wp.com\/www.shqiperia.com\/blog\/wp-content\/uploads\/2020\/12\/Piktura-e-artistes-nga-Kosova-kartepostale-ne-Tajlande-2.jpg?resize=240%2C300&amp;ssl=1 240w, https:\/\/i0.wp.com\/www.shqiperia.com\/blog\/wp-content\/uploads\/2020\/12\/Piktura-e-artistes-nga-Kosova-kartepostale-ne-Tajlande-2.jpg?resize=819%2C1024&amp;ssl=1 819w, https:\/\/i0.wp.com\/www.shqiperia.com\/blog\/wp-content\/uploads\/2020\/12\/Piktura-e-artistes-nga-Kosova-kartepostale-ne-Tajlande-2.jpg?resize=768%2C960&amp;ssl=1 768w, https:\/\/i0.wp.com\/www.shqiperia.com\/blog\/wp-content\/uploads\/2020\/12\/Piktura-e-artistes-nga-Kosova-kartepostale-ne-Tajlande-2.jpg?resize=450%2C563&amp;ssl=1 450w, https:\/\/i0.wp.com\/www.shqiperia.com\/blog\/wp-content\/uploads\/2020\/12\/Piktura-e-artistes-nga-Kosova-kartepostale-ne-Tajlande-2.jpg?resize=600%2C750&amp;ssl=1 600w, https:\/\/i0.wp.com\/www.shqiperia.com\/blog\/wp-content\/uploads\/2020\/12\/Piktura-e-artistes-nga-Kosova-kartepostale-ne-Tajlande-2.jpg?resize=400%2C500&amp;ssl=1 400w, https:\/\/i0.wp.com\/www.shqiperia.com\/blog\/wp-content\/uploads\/2020\/12\/Piktura-e-artistes-nga-Kosova-kartepostale-ne-Tajlande-2.jpg?w=850&amp;ssl=1 850w\" sizes=\"auto, (max-width: 488px) 100vw, 488px\" \/><p id=\"caption-attachment-41975\" class=\"wp-caption-text\">Piktura e artistes nga Kosova kart\u00ebpostale n\u00eb Tajland\u00eb<\/p><\/div>\n<p>\u201cCfare ndjesie, Ambasada e Kosoves n\u2019Tajland permes punes sime falenderon heronjet e 2020tes\u201d, ka shkruar Rraci.<\/p>\n<p>Rasti i Mimoz\u00ebs dhe shum\u00eb artist\u00ebve t\u00eb tjer\u00eb na b\u00ebjn\u00eb t\u00eb ditur se arti \u00ebsht\u00eb p\u00ebrfaq\u00ebsimi m\u00eb i denj\u00eb i yni.<\/p>\n<p>Gazeta Bota Sot<\/p>\n","protected":false},"excerpt":{"rendered":"<p>Piktura e artistes nga Kosova behet kart\u00ebpostale n\u00eb Tajland\u00eb DHJETOR 2020 Piktura e artistes nga Kosova Tanim\u00eb \u00ebsht\u00eb d\u00ebshmuar se arti dep\u00ebrton p\u00ebrtej kufinjve dhe s\u00eb fundmi Mimoza Rraci na bindi edhe nj\u00eb her\u00eb p\u00ebr k\u00ebt\u00eb. Artistja e re kosovare ka realizuar koh\u00eb m\u00eb par\u00eb nj\u00eb vep\u00ebr artistike, n\u00eb t\u00eb cil\u00ebn shfaqet nj\u00eb mjeke q\u00eb [&hellip;]<\/p>\n","protected":false},"author":9,"featured_media":41974,"comment_status":"open","ping_status":"open","sticky":false,"template":"","format":"standard","meta":{"jetpack_post_was_ever_published":false,"_jetpack_newsletter_access":"","_jetpack_dont_email_post_to_subs":false,"_jetpack_newsletter_tier_id":0,"_jetpack_memberships_contains_paywalled_content":false,"_jetpack_memberships_contains_paid_content":false,"footnotes":"","jetpack_publicize_message":"","jetpack_publicize_feature_enabled":true,"jetpack_social_post_already_shared":true,"jetpack_social_options":{"image_generator_settings":{"template":"highway","default_image_id":0,"font":"","enabled":false},"version":2}},"categories":[87,27,10],"tags":[],"class_list":["post-41973","post","type-post","status-publish","format-standard","has-post-thumbnail","hentry","category-arte","category-blogu-i-udhetarit","category-kultura"],"jetpack_publicize_connections":[],"jetpack_featured_media_url":"https:\/\/i0.wp.com\/www.shqiperia.com\/blog\/wp-content\/uploads\/2020\/12\/Piktura-e-artistes-nga-Kosova-kartepostale-ne-Tajlande.jpg?fit=850%2C502&ssl=1","jetpack_sharing_enabled":true,"jetpack_shortlink":"https:\/\/wp.me\/p5Z6wp-aUZ","jetpack-related-posts":[{"id":44152,"url":"https:\/\/www.shqiperia.com\/blog\/piktorja-nga-kosova-me-paradisus-terra-ne-ekspoziten-e-galerise-londineze\/","url_meta":{"origin":41973,"position":0},"title":"Piktorja nga Kosova me \u201cParadisus Terra\u201d n\u00eb ekspozit\u00ebn e galeris\u00eb londineze","author":"Kurt Farka","date":"February 13, 2021","format":false,"excerpt":"Piktorja nga Kosova me \u201cParadisus Terra\u201d n\u00eb ekspozit\u00ebn e galeris\u00eb londineze 4 shkurt 2021 Nga Alberina Haxhijaj \u201cParadisus Terra\u201d e realizuar vitin e kaluar, sipas autores Shkurte Ramushi, \u00ebsht\u00eb vepra e cila m\u00eb s\u00eb miri ia zb\u00ebrthen stilin artistik \u00c7do m\u00ebngjes piktorja kosovare Shkurte Ramushi e hap kompjuterin e saj.\u2026","rel":"","context":"In &quot;Arte&quot;","block_context":{"text":"Arte","link":"https:\/\/www.shqiperia.com\/blog\/category\/arte\/"},"img":{"alt_text":"","src":"https:\/\/i0.wp.com\/www.shqiperia.com\/blog\/wp-content\/uploads\/2021\/02\/ShkurteRamushi.jpg?fit=900%2C589&ssl=1&resize=350%2C200","width":350,"height":200,"srcset":"https:\/\/i0.wp.com\/www.shqiperia.com\/blog\/wp-content\/uploads\/2021\/02\/ShkurteRamushi.jpg?fit=900%2C589&ssl=1&resize=350%2C200 1x, https:\/\/i0.wp.com\/www.shqiperia.com\/blog\/wp-content\/uploads\/2021\/02\/ShkurteRamushi.jpg?fit=900%2C589&ssl=1&resize=525%2C300 1.5x, https:\/\/i0.wp.com\/www.shqiperia.com\/blog\/wp-content\/uploads\/2021\/02\/ShkurteRamushi.jpg?fit=900%2C589&ssl=1&resize=700%2C400 2x"},"classes":[]},{"id":48421,"url":"https:\/\/www.shqiperia.com\/blog\/qindra-mjeke-dhe-infermiere-te-vaksinuar-me-sinovac-infektohen-me-covid-ne-tajlande\/","url_meta":{"origin":41973,"position":1},"title":"Qindra mjek\u00eb dhe infermier\u00eb t\u00eb vaksinuar me Sinovac infektohen me covid n\u00eb Tajland\u00eb","author":"Kurt Farka","date":"July 12, 2021","format":false,"excerpt":"Qindra mjek\u00eb dhe infermier\u00eb t\u00eb vaksinuar me Sinovac infektohen me covid n\u00eb Tajland\u00eb 11 KORRIK 2021 Ministria e sh\u00ebndet\u00ebsis\u00eb s\u00eb Tajland\u00ebs ka deklaruar se 618 punonj\u00ebs mjek\u00ebsor\u00eb, q\u00eb mor\u00ebn dy doza t\u00eb vaksin\u00ebs kineze Sinovac, jan\u00eb infektuar me COVID-19. Sipas Reuters, nj\u00eb infermiere ka vdekur dhe nj\u00eb punonj\u00ebs tjet\u00ebr mjek\u00ebsor\u2026","rel":"","context":"In &quot;Blogu i Udh\u00ebtarit&quot;","block_context":{"text":"Blogu i Udh\u00ebtarit","link":"https:\/\/www.shqiperia.com\/blog\/category\/blogu-i-udhetarit\/"},"img":{"alt_text":"","src":"https:\/\/i0.wp.com\/www.shqiperia.com\/blog\/wp-content\/uploads\/2021\/07\/640-0-60eb0d362b7c3.jpg?fit=640%2C365&ssl=1&resize=350%2C200","width":350,"height":200,"srcset":"https:\/\/i0.wp.com\/www.shqiperia.com\/blog\/wp-content\/uploads\/2021\/07\/640-0-60eb0d362b7c3.jpg?fit=640%2C365&ssl=1&resize=350%2C200 1x, https:\/\/i0.wp.com\/www.shqiperia.com\/blog\/wp-content\/uploads\/2021\/07\/640-0-60eb0d362b7c3.jpg?fit=640%2C365&ssl=1&resize=525%2C300 1.5x"},"classes":[]},{"id":73782,"url":"https:\/\/www.shqiperia.com\/blog\/ekspozita-rrugetim-e-piktorit-zymer-mulliqi-me-piktura-dhe-grafika-ne-galerine-e-artit-tirane\/","url_meta":{"origin":41973,"position":2},"title":"Ekspozita \u201cRrug\u00ebtim\u201d e piktorit Zymer Mulliqi me piktura dhe grafika n\u00eb Galerin\u00eb e Artit Tiran\u00eb","author":"Kurt Farka","date":"August 22, 2023","format":false,"excerpt":"22 Gusht 2023 Galeria e Artit Tiran\u00eb mir\u00ebpriti k\u00ebto dit\u00eb piktorin e njohur Zymer Mulliqi, q\u00eb hapi ekspozit\u00ebn e tij personale \u201cRrug\u00ebtim\u201d. Hapja e nj\u00eb ekspozite me vepra arti \u00ebsht\u00eb nj\u00eb ngjarje e bukur p\u00ebr kryeqytetin, dhe ajo e nj\u00eb piktori t\u00eb r\u00ebnd\u00ebsish\u00ebm si Zymer Mulliqi nga Kosova n\u00eb Galerin\u00eb\u2026","rel":"","context":"In &quot;Arte&quot;","block_context":{"text":"Arte","link":"https:\/\/www.shqiperia.com\/blog\/category\/arte\/"},"img":{"alt_text":"","src":"https:\/\/i0.wp.com\/www.shqiperia.com\/blog\/wp-content\/uploads\/2023\/08\/800-0-64e44814d94b6.jpg?fit=800%2C800&ssl=1&resize=350%2C200","width":350,"height":200,"srcset":"https:\/\/i0.wp.com\/www.shqiperia.com\/blog\/wp-content\/uploads\/2023\/08\/800-0-64e44814d94b6.jpg?fit=800%2C800&ssl=1&resize=350%2C200 1x, https:\/\/i0.wp.com\/www.shqiperia.com\/blog\/wp-content\/uploads\/2023\/08\/800-0-64e44814d94b6.jpg?fit=800%2C800&ssl=1&resize=525%2C300 1.5x, https:\/\/i0.wp.com\/www.shqiperia.com\/blog\/wp-content\/uploads\/2023\/08\/800-0-64e44814d94b6.jpg?fit=800%2C800&ssl=1&resize=700%2C400 2x"},"classes":[]},{"id":76774,"url":"https:\/\/www.shqiperia.com\/blog\/kryeparlamentari-i-kosoves-refuzon-draft-statutin-e-asociacionit-nga-be\/","url_meta":{"origin":41973,"position":3},"title":"Kryeparlamentari i Kosov\u00ebs refuzon draft-statutin e Asociacionit nga BE","author":"Kurt Farka","date":"December 28, 2023","format":false,"excerpt":"28 Dhjetor 2023 Kryeparlamentari Glauk Konjufca ka paralajm\u00ebruar nj\u00eb q\u00ebndrim refuzues t\u00eb Kosov\u00ebs ndaj draft statutit t\u00eb Asociacionit t\u00eb propozuar nga Bashkimi Evropian. Konjufca falenderoi BE-n\u00eb p\u00ebr kontributin e saj, por shtoi se ai draft nuk do t\u00eb implementohet. \u00a0\u201cKy draft-statut i BE-s\u00eb, un\u00eb i them faleminderit shum\u00eb q\u00eb na\u2026","rel":"","context":"In &quot;Blogu i Udh\u00ebtarit&quot;","block_context":{"text":"Blogu i Udh\u00ebtarit","link":"https:\/\/www.shqiperia.com\/blog\/category\/blogu-i-udhetarit\/"},"img":{"alt_text":"","src":"https:\/\/i0.wp.com\/www.shqiperia.com\/blog\/wp-content\/uploads\/2023\/12\/Glauk-Konjufca.jpg?fit=850%2C570&ssl=1&resize=350%2C200","width":350,"height":200,"srcset":"https:\/\/i0.wp.com\/www.shqiperia.com\/blog\/wp-content\/uploads\/2023\/12\/Glauk-Konjufca.jpg?fit=850%2C570&ssl=1&resize=350%2C200 1x, https:\/\/i0.wp.com\/www.shqiperia.com\/blog\/wp-content\/uploads\/2023\/12\/Glauk-Konjufca.jpg?fit=850%2C570&ssl=1&resize=525%2C300 1.5x, https:\/\/i0.wp.com\/www.shqiperia.com\/blog\/wp-content\/uploads\/2023\/12\/Glauk-Konjufca.jpg?fit=850%2C570&ssl=1&resize=700%2C400 2x"},"classes":[]},{"id":57719,"url":"https:\/\/www.shqiperia.com\/blog\/shtatorja-e-hasan-prishtines-ne-vlore-me-simboliken-e-bashkimit-kombetar\/","url_meta":{"origin":41973,"position":4},"title":"Shtatorja e Hasan Prishtin\u00ebs n\u00eb Vlor\u00eb me simbolik\u00ebn e bashkimit komb\u00ebtar","author":"Kurt Farka","date":"May 8, 2022","format":false,"excerpt":"Shtatorja e Hasan Prishtin\u00ebs n\u00eb Vlor\u00eb me simbolik\u00ebn e bashkimit komb\u00ebtar 7 maj 2022 Nga Gazeta Koha, Prishtine Me nderimet m\u00eb t\u00eb larta t\u00eb p\u00ebrcjell\u00eb nga Ushtria e Kosov\u00ebs, \u00ebsht\u00eb zbuluar shtatorja e Hasan Prishtin\u00ebs n\u00eb qytetin e Vlor\u00ebs. N\u00eb ceremonin\u00eb e inaugurimit t\u00eb saj, prezent\u00eb ishin Mehmet Prishtina, ministri\u2026","rel":"","context":"In &quot;Arte&quot;","block_context":{"text":"Arte","link":"https:\/\/www.shqiperia.com\/blog\/category\/arte\/"},"img":{"alt_text":"","src":"https:\/\/i0.wp.com\/www.shqiperia.com\/blog\/wp-content\/uploads\/2022\/05\/Shtatorja-e-Hasan-Prishtines-ne-Vlore-7-maji-2022-Fragment.jpg?fit=900%2C458&ssl=1&resize=350%2C200","width":350,"height":200,"srcset":"https:\/\/i0.wp.com\/www.shqiperia.com\/blog\/wp-content\/uploads\/2022\/05\/Shtatorja-e-Hasan-Prishtines-ne-Vlore-7-maji-2022-Fragment.jpg?fit=900%2C458&ssl=1&resize=350%2C200 1x, https:\/\/i0.wp.com\/www.shqiperia.com\/blog\/wp-content\/uploads\/2022\/05\/Shtatorja-e-Hasan-Prishtines-ne-Vlore-7-maji-2022-Fragment.jpg?fit=900%2C458&ssl=1&resize=525%2C300 1.5x, https:\/\/i0.wp.com\/www.shqiperia.com\/blog\/wp-content\/uploads\/2022\/05\/Shtatorja-e-Hasan-Prishtines-ne-Vlore-7-maji-2022-Fragment.jpg?fit=900%2C458&ssl=1&resize=700%2C400 2x"},"classes":[]},{"id":35857,"url":"https:\/\/www.shqiperia.com\/blog\/marreveshja-me-18-pika-tek-trump-kosova-merr-7-miliarde-euro-vizat-dhe-nuk-humb-territor-serbia-njeh-kosoven-dhe\/","url_meta":{"origin":41973,"position":5},"title":"Marr\u00ebveshja me 18 pika tek Trump\/ Kosova merr 7 miliard\u00eb euro, vizat dhe nuk humb territor. Serbia njeh Kosov\u00ebn dhe\u2026.","author":"Kurt Farka","date":"June 19, 2020","format":false,"excerpt":"Marr\u00ebveshja me 18 pika tek Trump\/ Kosova merr 7 miliard\u00eb euro, vizat dhe nuk humb territor. Serbia njeh Kosov\u00ebn dhe\u2026. 19 Qershor 2020 | 14 : 57 Edhe pse do t\u00eb hyjn\u00eb duar bosh, lider\u00ebt e Kosov\u00ebs dhe Serbis\u00eb mund t\u00eb dalin nga \u201cbisedimet e paqes\u201d n\u00eb Sht\u00ebpin\u00eb e Bardh\u00eb,\u2026","rel":"","context":"In &quot;Blogu i Udh\u00ebtarit&quot;","block_context":{"text":"Blogu i Udh\u00ebtarit","link":"https:\/\/www.shqiperia.com\/blog\/category\/blogu-i-udhetarit\/"},"img":{"alt_text":"","src":"https:\/\/i0.wp.com\/www.shqiperia.com\/blog\/wp-content\/uploads\/2020\/06\/shtepia-e-bardhe.jpg?fit=900%2C473&ssl=1&resize=350%2C200","width":350,"height":200,"srcset":"https:\/\/i0.wp.com\/www.shqiperia.com\/blog\/wp-content\/uploads\/2020\/06\/shtepia-e-bardhe.jpg?fit=900%2C473&ssl=1&resize=350%2C200 1x, https:\/\/i0.wp.com\/www.shqiperia.com\/blog\/wp-content\/uploads\/2020\/06\/shtepia-e-bardhe.jpg?fit=900%2C473&ssl=1&resize=525%2C300 1.5x, https:\/\/i0.wp.com\/www.shqiperia.com\/blog\/wp-content\/uploads\/2020\/06\/shtepia-e-bardhe.jpg?fit=900%2C473&ssl=1&resize=700%2C400 2x"},"classes":[]}],"_links":{"self":[{"href":"https:\/\/www.shqiperia.com\/blog\/wp-json\/wp\/v2\/posts\/41973","targetHints":{"allow":["GET"]}}],"collection":[{"href":"https:\/\/www.shqiperia.com\/blog\/wp-json\/wp\/v2\/posts"}],"about":[{"href":"https:\/\/www.shqiperia.com\/blog\/wp-json\/wp\/v2\/types\/post"}],"author":[{"embeddable":true,"href":"https:\/\/www.shqiperia.com\/blog\/wp-json\/wp\/v2\/users\/9"}],"replies":[{"embeddable":true,"href":"https:\/\/www.shqiperia.com\/blog\/wp-json\/wp\/v2\/comments?post=41973"}],"version-history":[{"count":1,"href":"https:\/\/www.shqiperia.com\/blog\/wp-json\/wp\/v2\/posts\/41973\/revisions"}],"predecessor-version":[{"id":41976,"href":"https:\/\/www.shqiperia.com\/blog\/wp-json\/wp\/v2\/posts\/41973\/revisions\/41976"}],"wp:featuredmedia":[{"embeddable":true,"href":"https:\/\/www.shqiperia.com\/blog\/wp-json\/wp\/v2\/media\/41974"}],"wp:attachment":[{"href":"https:\/\/www.shqiperia.com\/blog\/wp-json\/wp\/v2\/media?parent=41973"}],"wp:term":[{"taxonomy":"category","embeddable":true,"href":"https:\/\/www.shqiperia.com\/blog\/wp-json\/wp\/v2\/categories?post=41973"},{"taxonomy":"post_tag","embeddable":true,"href":"https:\/\/www.shqiperia.com\/blog\/wp-json\/wp\/v2\/tags?post=41973"}],"curies":[{"name":"wp","href":"https:\/\/api.w.org\/{rel}","templated":true}]}}