{"id":41965,"date":"2020-12-16T11:45:21","date_gmt":"2020-12-16T11:45:21","guid":{"rendered":"https:\/\/www.shqiperia.com\/blog\/?p=41965"},"modified":"2020-12-16T11:45:21","modified_gmt":"2020-12-16T11:45:21","slug":"nuk-permbahet-bujar-nishani-si-asnjehere-me-pare-nxjerr-prapaskenat-e-forta-ky-televizion-i-sherben-kryehajdutit-mafia-ka-emer","status":"publish","type":"post","link":"https:\/\/www.shqiperia.com\/blog\/nuk-permbahet-bujar-nishani-si-asnjehere-me-pare-nxjerr-prapaskenat-e-forta-ky-televizion-i-sherben-kryehajdutit-mafia-ka-emer\/","title":{"rendered":"Nuk p\u00ebrmbahet Bujar Nishani, si asnj\u00ebher\u00eb m\u00eb par\u00eb nxjerr prapaskenat e forta: Ky televizion i sh\u00ebrben kryehajdutit! Mafia ka em\u00ebr&#8230;"},"content":{"rendered":"<p><img data-recalc-dims=\"1\" loading=\"lazy\" decoding=\"async\" data-attachment-id=\"41966\" data-permalink=\"https:\/\/www.shqiperia.com\/blog\/nuk-permbahet-bujar-nishani-si-asnjehere-me-pare-nxjerr-prapaskenat-e-forta-ky-televizion-i-sherben-kryehajdutit-mafia-ka-emer\/bujar-nishani\/\" data-orig-file=\"https:\/\/i0.wp.com\/www.shqiperia.com\/blog\/wp-content\/uploads\/2020\/12\/Bujar-Nishani.jpg?fit=470%2C257&amp;ssl=1\" data-orig-size=\"470,257\" data-comments-opened=\"1\" data-image-meta=\"{&quot;aperture&quot;:&quot;3.2&quot;,&quot;credit&quot;:&quot;GENT SHKULLAKU&quot;,&quot;camera&quot;:&quot;Canon EOS REBEL T3&quot;,&quot;caption&quot;:&quot;&quot;,&quot;created_timestamp&quot;:&quot;1423180800&quot;,&quot;copyright&quot;:&quot;copyright 2015. All rights reserved Light Studio Agency LSA. Read Terms and Conditions at lsaphoto.com&quot;,&quot;focal_length&quot;:&quot;145&quot;,&quot;iso&quot;:&quot;800&quot;,&quot;shutter_speed&quot;:&quot;0.01&quot;,&quot;title&quot;:&quot;&quot;,&quot;orientation&quot;:&quot;1&quot;}\" data-image-title=\"Bujar-Nishani\" data-image-description=\"\" data-image-caption=\"\" data-medium-file=\"https:\/\/i0.wp.com\/www.shqiperia.com\/blog\/wp-content\/uploads\/2020\/12\/Bujar-Nishani.jpg?fit=300%2C164&amp;ssl=1\" data-large-file=\"https:\/\/i0.wp.com\/www.shqiperia.com\/blog\/wp-content\/uploads\/2020\/12\/Bujar-Nishani.jpg?fit=470%2C257&amp;ssl=1\" class=\"alignnone  wp-image-41966\" alt=\"\" src=\"https:\/\/i0.wp.com\/www.shqiperia.com\/blog\/wp-content\/uploads\/2020\/12\/Bujar-Nishani.jpg?resize=580%2C317&#038;ssl=1\" width=\"580\" height=\"317\" srcset=\"https:\/\/i0.wp.com\/www.shqiperia.com\/blog\/wp-content\/uploads\/2020\/12\/Bujar-Nishani.jpg?resize=300%2C164&amp;ssl=1 300w, https:\/\/i0.wp.com\/www.shqiperia.com\/blog\/wp-content\/uploads\/2020\/12\/Bujar-Nishani.jpg?resize=450%2C246&amp;ssl=1 450w, https:\/\/i0.wp.com\/www.shqiperia.com\/blog\/wp-content\/uploads\/2020\/12\/Bujar-Nishani.jpg?resize=400%2C219&amp;ssl=1 400w, https:\/\/i0.wp.com\/www.shqiperia.com\/blog\/wp-content\/uploads\/2020\/12\/Bujar-Nishani.jpg?w=470&amp;ssl=1 470w\" sizes=\"auto, (max-width: 580px) 100vw, 580px\" \/><\/p>\n<p>Nuk p\u00ebrmbahet Bujar Nishani, si asnj\u00ebher\u00eb m\u00eb par\u00eb nxjerr prapaskenat e forta: Ky televizion i sh\u00ebrben kryehajdutit! Mafia ka em\u00ebr&#8230;<\/p>\n<p>16 DHJETOR 2020<\/p>\n<p>Ish-presidenti Bujar Nishani ka b\u00ebr\u00eb nj\u00eb reagim t\u00eb fort\u00eb n\u00eb rrjetet sociale. Nishani p\u00ebrg\u00ebnjeshtron lajmin se ka qen\u00eb i p\u00ebrfshir\u00eb n\u00eb \u201cskandalin\u201d e tenderit t\u00eb uniformave t\u00eb Policis\u00eb s\u00eb Shtetit. \u201cBujar Nishani si minist\u00ebr, por edhe administrata e Ministris\u00eb s\u00eb Brendshme kur drejtohej prej meje nuk ka organizuar, drejtuar, realizuar apo n\u00ebnshkruar kurr\u00eb ndonj\u00eb tender p\u00ebr uniformat e Policis\u00eb s\u00eb Shtetit. Kurr\u00eb, asnj\u00ebher\u00eb\u201d, shton m\u00eb tej Nishani duke akuzuar p\u00ebr shpifje televizionin q\u00eb ka nxjerr\u00eb lajmin.<\/p>\n<p>Postimi i Nishanit<\/p>\n<p>Top fake news Televizion, m\u00eb paska akuzuar n\u00eb nj\u00eb dokumentar militant\u00ebsh fanatik, se paskam qen\u00eb i p\u00ebrfshir\u00eb n\u00eb \u201cskandalin\u201d e tenderit t\u00eb uniformave t\u00eb Policis\u00eb s\u00eb Shtetit.<\/p>\n<p>T\u00eb mashtrosh, t\u00eb shpif\u00ebsh e t\u00eb sajosh fake ne\u00ebs, nuk \u00ebsht\u00eb kurrfar\u00eb zot\u00ebsie apo profesioni.<\/p>\n<p>Esht\u00eb mjerim i degradimit moral !<\/p>\n<p>Bujar Nishani si minist\u00ebr, por edhe administrata e Ministris\u00eb s\u00eb Brendshme kur drejtohej prej meje nuk ka organizuar, drejtuar, realizuar apo n\u00ebnshkruar kurr\u00eb ndonj\u00eb tender p\u00ebr uniformat e Policis\u00eb s\u00eb Shtetit. Kurr\u00eb, asnj\u00ebher\u00eb !<\/p>\n<p>Po pse g\u00ebnjen p\u00ebrs\u00ebri Top fake news Televizion ?<\/p>\n<p>Kushdo e di fare mir\u00eb.<\/p>\n<p>I sh\u00ebrben kryehajdutit, kryemashtruesit, mikut t\u00eb trafikant\u00ebve e vras\u00ebsve, tradh\u00ebtarit serbofil t\u00eb Kombit\u00a0 Shqiptar !<\/p>\n<p>I sh\u00ebrbejn\u00eb kockave q\u00eb ju hidhen nga tepsia e hajnis\u00eb dhe korrupsionit q\u00eb zhvat e grabit \u00e7do dit\u00eb familjet e shqiptar\u00ebve.<\/p>\n<p>Secilin prej nesh, shqiptar\u00ebt e njohin mir\u00eb e nuk ka top\u00e7i q\u00eb mund t\u00eb hedh balt\u00eb atje ku ajo nuk ngjit !<\/p>\n<p>MAFIA KA EMER !<\/p>\n<p>Nga Gazeta Sot<\/p>\n","protected":false},"excerpt":{"rendered":"<p>Nuk p\u00ebrmbahet Bujar Nishani, si asnj\u00ebher\u00eb m\u00eb par\u00eb nxjerr prapaskenat e forta: Ky televizion i sh\u00ebrben kryehajdutit! Mafia ka em\u00ebr&#8230; 16 DHJETOR 2020 Ish-presidenti Bujar Nishani ka b\u00ebr\u00eb nj\u00eb reagim t\u00eb fort\u00eb n\u00eb rrjetet sociale. Nishani p\u00ebrg\u00ebnjeshtron lajmin se ka qen\u00eb i p\u00ebrfshir\u00eb n\u00eb \u201cskandalin\u201d e tenderit t\u00eb uniformave t\u00eb Policis\u00eb s\u00eb Shtetit. \u201cBujar Nishani [&hellip;]<\/p>\n","protected":false},"author":9,"featured_media":41966,"comment_status":"open","ping_status":"open","sticky":false,"template":"","format":"standard","meta":{"jetpack_post_was_ever_published":false,"_jetpack_newsletter_access":"","_jetpack_dont_email_post_to_subs":false,"_jetpack_newsletter_tier_id":0,"_jetpack_memberships_contains_paywalled_content":false,"_jetpack_memberships_contains_paid_content":false,"footnotes":"","jetpack_publicize_message":"","jetpack_publicize_feature_enabled":true,"jetpack_social_post_already_shared":true,"jetpack_social_options":{"image_generator_settings":{"template":"highway","default_image_id":0,"font":"","enabled":false},"version":2}},"categories":[27,2,35],"tags":[],"class_list":["post-41965","post","type-post","status-publish","format-standard","has-post-thumbnail","hentry","category-blogu-i-udhetarit","category-politika","category-shoqerore"],"jetpack_publicize_connections":[],"jetpack_featured_media_url":"https:\/\/i0.wp.com\/www.shqiperia.com\/blog\/wp-content\/uploads\/2020\/12\/Bujar-Nishani.jpg?fit=470%2C257&ssl=1","jetpack_sharing_enabled":true,"jetpack_shortlink":"https:\/\/wp.me\/p5Z6wp-aUR","jetpack-related-posts":[{"id":50285,"url":"https:\/\/www.shqiperia.com\/blog\/kjo-levizje-e-ka-tmerruar-edi-ramen-bujar-nishani-nxjerr-prapaskenat-dhe-paralajmeron-termet-ne-politiken-shqiptare-eshte-e-zeza-mbi-te-bardhe-per-miliona\/","url_meta":{"origin":41965,"position":0},"title":"\u201cKjo l\u00ebvizje e ka tmerruar Edi Ram\u00ebn\u201d. \u00a0Bujar Nishani nxjerr prapaskenat dhe paralajm\u00ebron \u2018t\u00ebrmet\u2019 n\u00eb politik\u00ebn shqiptare: &#8211; \u00cbsht\u00eb e zeza mbi t\u00eb bardh\u00eb p\u00ebr milionat q\u00eb&#8230;","author":"Kurt Farka","date":"October 4, 2021","format":false,"excerpt":"\u201cKjo l\u00ebvizje e ka tmerruar Edi Ram\u00ebn\u201d. \u00a0Bujar Nishani nxjerr prapaskenat dhe paralajm\u00ebron \u2018t\u00ebrmet\u2019 n\u00eb politik\u00ebn shqiptare: - \u00cbsht\u00eb e zeza mbi t\u00eb bardh\u00eb p\u00ebr milionat q\u00eb... 4 TETOR 2021 Ish-presidenti Bujar Nishani p\u00ebrmes nj\u00eb postimi n\u00eb rrjetet sociale paralajm\u00ebron se fundi i Lulzim Bashas do t\u00eb jet\u00eb edhe fundi\u2026","rel":"","context":"In &quot;Blogu i Udh\u00ebtarit&quot;","block_context":{"text":"Blogu i Udh\u00ebtarit","link":"https:\/\/www.shqiperia.com\/blog\/category\/blogu-i-udhetarit\/"},"img":{"alt_text":"","src":"https:\/\/i0.wp.com\/www.shqiperia.com\/blog\/wp-content\/uploads\/2021\/10\/800-0-615ae1dcac3cb.jpg?fit=800%2C533&ssl=1&resize=350%2C200","width":350,"height":200,"srcset":"https:\/\/i0.wp.com\/www.shqiperia.com\/blog\/wp-content\/uploads\/2021\/10\/800-0-615ae1dcac3cb.jpg?fit=800%2C533&ssl=1&resize=350%2C200 1x, https:\/\/i0.wp.com\/www.shqiperia.com\/blog\/wp-content\/uploads\/2021\/10\/800-0-615ae1dcac3cb.jpg?fit=800%2C533&ssl=1&resize=525%2C300 1.5x, https:\/\/i0.wp.com\/www.shqiperia.com\/blog\/wp-content\/uploads\/2021\/10\/800-0-615ae1dcac3cb.jpg?fit=800%2C533&ssl=1&resize=700%2C400 2x"},"classes":[]},{"id":49866,"url":"https:\/\/www.shqiperia.com\/blog\/ish-presidenti-nishani-ja-e-verteta-basha-kishte-ultimatume-te-forta-edhe-per\/","url_meta":{"origin":41965,"position":1},"title":"Ish-Presidenti Nishani: Ja e v\u00ebrteta, Basha kishte ultimatume t\u00eb forta edhe p\u00ebr\u2026","author":"Kurt Farka","date":"September 14, 2021","format":false,"excerpt":"Ish-Presidenti Nishani: Ja e v\u00ebrteta, Basha kishte ultimatume t\u00eb forta edhe p\u00ebr\u2026 14 shtator 2021 Ish- Presidenti Bujar Nishani e quan sjelljen e kryetarit t\u00eb Partis\u00eb Demokratike Lulzim Basha dhe vendimin p\u00ebr p\u00ebrjashtimin nga grupi parlamentar t\u00eb Sali Berish\u00ebs nj\u00eb \u201cthik\u00eb pas shpine ndaj PD dhe Shqip\u00ebris\u00eb\u201d. N\u00eb nj\u00eb postim\u2026","rel":"","context":"In &quot;Blogu i Udh\u00ebtarit&quot;","block_context":{"text":"Blogu i Udh\u00ebtarit","link":"https:\/\/www.shqiperia.com\/blog\/category\/blogu-i-udhetarit\/"},"img":{"alt_text":"","src":"https:\/\/i0.wp.com\/www.shqiperia.com\/blog\/wp-content\/uploads\/2021\/09\/basha-nishani.jpg?fit=718%2C455&ssl=1&resize=350%2C200","width":350,"height":200,"srcset":"https:\/\/i0.wp.com\/www.shqiperia.com\/blog\/wp-content\/uploads\/2021\/09\/basha-nishani.jpg?fit=718%2C455&ssl=1&resize=350%2C200 1x, https:\/\/i0.wp.com\/www.shqiperia.com\/blog\/wp-content\/uploads\/2021\/09\/basha-nishani.jpg?fit=718%2C455&ssl=1&resize=525%2C300 1.5x, https:\/\/i0.wp.com\/www.shqiperia.com\/blog\/wp-content\/uploads\/2021\/09\/basha-nishani.jpg?fit=718%2C455&ssl=1&resize=700%2C400 2x"},"classes":[]},{"id":42381,"url":"https:\/\/www.shqiperia.com\/blog\/zgjerimi-i-greqise-me-12-milje-ne-jon-henze-ja-cfshihej-pas-udhetimit-te-rames-ne-new-york\/","url_meta":{"origin":41965,"position":2},"title":"Zgjerimi i Greqis\u00eb me 12 milje n\u00eb Jon, Henze: &#8211; Ja \u00e7\u2019fshihej pas udh\u00ebtimit t\u00eb Ram\u00ebs n\u00eb New York","author":"Kurt Farka","date":"December 27, 2020","format":false,"excerpt":"Zgjerimi i Greqis\u00eb me 12 milje n\u00eb Jon, Henze: - Ja \u00e7\u2019fshihej pas udh\u00ebtimit t\u00eb Ram\u00ebs n\u00eb New York - 27\/12\/20 K\u00ebshilltari politik n\u00eb partin\u00eb CDU t\u00eb kancelares Angela Merkel, bie n\u00eb dakord\u00ebsi me akuzat e ish-presidentit Bujar Nishani, se kryeministri Edi Rama \u00ebsht\u00eb shnd\u00ebrruar n\u00eb avokatin e Greqis\u00eb p\u00ebr\u2026","rel":"","context":"In &quot;Blogu i Udh\u00ebtarit&quot;","block_context":{"text":"Blogu i Udh\u00ebtarit","link":"https:\/\/www.shqiperia.com\/blog\/category\/blogu-i-udhetarit\/"},"img":{"alt_text":"","src":"https:\/\/i0.wp.com\/www.shqiperia.com\/blog\/wp-content\/uploads\/2020\/12\/1b50c192-dba5-46f4-a11e-ba57fde894e3.jpg?fit=1200%2C675&ssl=1&resize=350%2C200","width":350,"height":200,"srcset":"https:\/\/i0.wp.com\/www.shqiperia.com\/blog\/wp-content\/uploads\/2020\/12\/1b50c192-dba5-46f4-a11e-ba57fde894e3.jpg?fit=1200%2C675&ssl=1&resize=350%2C200 1x, https:\/\/i0.wp.com\/www.shqiperia.com\/blog\/wp-content\/uploads\/2020\/12\/1b50c192-dba5-46f4-a11e-ba57fde894e3.jpg?fit=1200%2C675&ssl=1&resize=525%2C300 1.5x, https:\/\/i0.wp.com\/www.shqiperia.com\/blog\/wp-content\/uploads\/2020\/12\/1b50c192-dba5-46f4-a11e-ba57fde894e3.jpg?fit=1200%2C675&ssl=1&resize=700%2C400 2x, https:\/\/i0.wp.com\/www.shqiperia.com\/blog\/wp-content\/uploads\/2020\/12\/1b50c192-dba5-46f4-a11e-ba57fde894e3.jpg?fit=1200%2C675&ssl=1&resize=1050%2C600 3x"},"classes":[]},{"id":53011,"url":"https:\/\/www.shqiperia.com\/blog\/perjashtimi-i-berishes-nga-pd-ne-fshehtesi-te-plote-lulzim-basha-u-mblodhi-celularet-anetareve-te-kryesise\/","url_meta":{"origin":41965,"position":3},"title":"P\u00ebrjashtimi i Berish\u00ebs nga PD ne fshehtesi te plote. \u00a0Lulzim Basha &#8220;u mblodhi&#8221; celular\u00ebt an\u00ebtar\u00ebve t\u00eb Kryesis\u00eb","author":"Kurt Farka","date":"January 11, 2022","format":false,"excerpt":"P\u00ebrjashtimi i Berish\u00ebs nga PD ne fshehtesi te plote. \u00a0Lulzim Basha \"u mblodhi\" celular\u00ebt an\u00ebtar\u00ebve t\u00eb Kryesis\u00eb 11 JANAR 2022 Tiran\u00eb- Ish-kryeministri Sali Berisha \u00ebsht\u00eb p\u00ebrjashtuar p\u00ebrgjithmon\u00eb nga Partia Demokratike me vendim t\u00eb Kryesis\u00eb s\u00eb selis\u00eb blu n\u00eb mbledhjen e cila nisi pasditen e djeshme dhe zgjati deri n\u00eb or\u00ebt\u2026","rel":"","context":"In &quot;Politika&quot;","block_context":{"text":"Politika","link":"https:\/\/www.shqiperia.com\/blog\/category\/politika\/"},"img":{"alt_text":"","src":"https:\/\/i0.wp.com\/www.shqiperia.com\/blog\/wp-content\/uploads\/2022\/01\/basha4-2.jpg?fit=1200%2C720&ssl=1&resize=350%2C200","width":350,"height":200,"srcset":"https:\/\/i0.wp.com\/www.shqiperia.com\/blog\/wp-content\/uploads\/2022\/01\/basha4-2.jpg?fit=1200%2C720&ssl=1&resize=350%2C200 1x, https:\/\/i0.wp.com\/www.shqiperia.com\/blog\/wp-content\/uploads\/2022\/01\/basha4-2.jpg?fit=1200%2C720&ssl=1&resize=525%2C300 1.5x, https:\/\/i0.wp.com\/www.shqiperia.com\/blog\/wp-content\/uploads\/2022\/01\/basha4-2.jpg?fit=1200%2C720&ssl=1&resize=700%2C400 2x, https:\/\/i0.wp.com\/www.shqiperia.com\/blog\/wp-content\/uploads\/2022\/01\/basha4-2.jpg?fit=1200%2C720&ssl=1&resize=1050%2C600 3x"},"classes":[]},{"id":346,"url":"https:\/\/www.shqiperia.com\/blog\/pajtimi-kombetar\/","url_meta":{"origin":41965,"position":4},"title":"Pajtimi Komb\u00ebtar","author":"Frank Shkreli","date":"October 27, 2016","format":false,"excerpt":"Ende nuk kan\u00eb pushuar debatet dhe komentet n\u00eb lidhje me deklaratat e vizit\u00ebs s\u00eb fundit t\u00eb Kryeministrit t\u00eb Shqip\u00ebris\u00eb, Z. Edi Rama n\u00eb Serbi \u2013 debate k\u00ebto shpesh t\u00eb ashp\u00ebra, t\u00eb pasqyruara jo vet\u00ebm n\u00eb median e shkruar dhe vizive midis gazetarve dhe analist\u00ebve n\u00eb t\u00eb dy an\u00ebt e kufirit,\u2026","rel":"","context":"In &quot;Shoqerore&quot;","block_context":{"text":"Shoqerore","link":"https:\/\/www.shqiperia.com\/blog\/category\/shoqerore\/"},"img":{"alt_text":"","src":"https:\/\/i0.wp.com\/www.shqiperia.com\/blog\/wp-content\/uploads\/2016\/10\/man-to-man.gif?fit=486%2C530&ssl=1&resize=350%2C200","width":350,"height":200},"classes":[]},{"id":77331,"url":"https:\/\/www.shqiperia.com\/blog\/dritan-hila-presidenti-me-i-dobet-i-shqiperise-analisti-arion-sulo-flaka-ti-vihet-vendit-ai-nuk-behet-kurre\/","url_meta":{"origin":41965,"position":5},"title":"Dritan Hila: &#8211; Presidenti m\u00eb i dob\u00ebt i Shqip\u00ebris\u00eb. Analisti Arion Sulo: &#8211; Flaka t\u2019i vihet vendit, ai nuk b\u00ebhet kurr\u00eb.\u00a0 \u00a0&#8230;","author":"Kurt Farka","date":"January 16, 2024","format":false,"excerpt":"16 Janar 2024 Presidenti m\u00eb i dob\u00ebt n\u00eb Shqip\u00ebri \u00ebsht\u00eb Bajram Begaj, sipas analistit Dritan Hila, i cili tha n\u00eb studion e emisionit \u2018Open\u2019 se nuk ka par\u00eb ndonj\u00eb kre tjet\u00ebr shteti q\u00eb t\u00eb mos kthej\u00eb asnj\u00eb ligj n\u00eb Kuvend. \u201cUn\u00eb mendoj se \u00ebsht\u00eb nd\u00ebr President\u00ebt m\u00eb t\u00eb dob\u00ebt t\u00eb\u2026","rel":"","context":"In &quot;Blogu i Udh\u00ebtarit&quot;","block_context":{"text":"Blogu i Udh\u00ebtarit","link":"https:\/\/www.shqiperia.com\/blog\/category\/blogu-i-udhetarit\/"},"img":{"alt_text":"","src":"https:\/\/i0.wp.com\/www.shqiperia.com\/blog\/wp-content\/uploads\/2024\/01\/rama-4.jpg?fit=1200%2C675&ssl=1&resize=350%2C200","width":350,"height":200,"srcset":"https:\/\/i0.wp.com\/www.shqiperia.com\/blog\/wp-content\/uploads\/2024\/01\/rama-4.jpg?fit=1200%2C675&ssl=1&resize=350%2C200 1x, https:\/\/i0.wp.com\/www.shqiperia.com\/blog\/wp-content\/uploads\/2024\/01\/rama-4.jpg?fit=1200%2C675&ssl=1&resize=525%2C300 1.5x, https:\/\/i0.wp.com\/www.shqiperia.com\/blog\/wp-content\/uploads\/2024\/01\/rama-4.jpg?fit=1200%2C675&ssl=1&resize=700%2C400 2x, https:\/\/i0.wp.com\/www.shqiperia.com\/blog\/wp-content\/uploads\/2024\/01\/rama-4.jpg?fit=1200%2C675&ssl=1&resize=1050%2C600 3x"},"classes":[]}],"_links":{"self":[{"href":"https:\/\/www.shqiperia.com\/blog\/wp-json\/wp\/v2\/posts\/41965","targetHints":{"allow":["GET"]}}],"collection":[{"href":"https:\/\/www.shqiperia.com\/blog\/wp-json\/wp\/v2\/posts"}],"about":[{"href":"https:\/\/www.shqiperia.com\/blog\/wp-json\/wp\/v2\/types\/post"}],"author":[{"embeddable":true,"href":"https:\/\/www.shqiperia.com\/blog\/wp-json\/wp\/v2\/users\/9"}],"replies":[{"embeddable":true,"href":"https:\/\/www.shqiperia.com\/blog\/wp-json\/wp\/v2\/comments?post=41965"}],"version-history":[{"count":1,"href":"https:\/\/www.shqiperia.com\/blog\/wp-json\/wp\/v2\/posts\/41965\/revisions"}],"predecessor-version":[{"id":41967,"href":"https:\/\/www.shqiperia.com\/blog\/wp-json\/wp\/v2\/posts\/41965\/revisions\/41967"}],"wp:featuredmedia":[{"embeddable":true,"href":"https:\/\/www.shqiperia.com\/blog\/wp-json\/wp\/v2\/media\/41966"}],"wp:attachment":[{"href":"https:\/\/www.shqiperia.com\/blog\/wp-json\/wp\/v2\/media?parent=41965"}],"wp:term":[{"taxonomy":"category","embeddable":true,"href":"https:\/\/www.shqiperia.com\/blog\/wp-json\/wp\/v2\/categories?post=41965"},{"taxonomy":"post_tag","embeddable":true,"href":"https:\/\/www.shqiperia.com\/blog\/wp-json\/wp\/v2\/tags?post=41965"}],"curies":[{"name":"wp","href":"https:\/\/api.w.org\/{rel}","templated":true}]}}