{"id":41961,"date":"2020-12-16T11:35:20","date_gmt":"2020-12-16T11:35:20","guid":{"rendered":"https:\/\/www.shqiperia.com\/blog\/?p=41961"},"modified":"2020-12-16T11:35:20","modified_gmt":"2020-12-16T11:35:20","slug":"ekspozita-stina-e-bardhe-nga-piktori-edi-kojani-25-tablo-me-motivin-e-bores","status":"publish","type":"post","link":"https:\/\/www.shqiperia.com\/blog\/ekspozita-stina-e-bardhe-nga-piktori-edi-kojani-25-tablo-me-motivin-e-bores\/","title":{"rendered":"Ekspozita \u201cStina e bardh\u00eb\u201d nga piktori Edi Kojani, 25 tablo me motivin e bor\u00ebs"},"content":{"rendered":"<p><img data-recalc-dims=\"1\" loading=\"lazy\" decoding=\"async\" data-attachment-id=\"41962\" data-permalink=\"https:\/\/www.shqiperia.com\/blog\/ekspozita-stina-e-bardhe-nga-piktori-edi-kojani-25-tablo-me-motivin-e-bores\/1200-630-5fd8544e4e51c\/\" data-orig-file=\"https:\/\/i0.wp.com\/www.shqiperia.com\/blog\/wp-content\/uploads\/2020\/12\/1200-630-5fd8544e4e51c.jpg?fit=1200%2C630&amp;ssl=1\" data-orig-size=\"1200,630\" data-comments-opened=\"1\" data-image-meta=\"{&quot;aperture&quot;:&quot;0&quot;,&quot;credit&quot;:&quot;&quot;,&quot;camera&quot;:&quot;&quot;,&quot;caption&quot;:&quot;&quot;,&quot;created_timestamp&quot;:&quot;0&quot;,&quot;copyright&quot;:&quot;&quot;,&quot;focal_length&quot;:&quot;0&quot;,&quot;iso&quot;:&quot;0&quot;,&quot;shutter_speed&quot;:&quot;0&quot;,&quot;title&quot;:&quot;&quot;,&quot;orientation&quot;:&quot;0&quot;}\" data-image-title=\"-1200-630-5fd8544e4e51c\" data-image-description=\"\" data-image-caption=\"\" data-medium-file=\"https:\/\/i0.wp.com\/www.shqiperia.com\/blog\/wp-content\/uploads\/2020\/12\/1200-630-5fd8544e4e51c.jpg?fit=300%2C158&amp;ssl=1\" data-large-file=\"https:\/\/i0.wp.com\/www.shqiperia.com\/blog\/wp-content\/uploads\/2020\/12\/1200-630-5fd8544e4e51c.jpg?fit=1024%2C538&amp;ssl=1\" class=\"alignnone  wp-image-41962\" alt=\"\" src=\"https:\/\/i0.wp.com\/www.shqiperia.com\/blog\/wp-content\/uploads\/2020\/12\/1200-630-5fd8544e4e51c.jpg?resize=494%2C260&#038;ssl=1\" width=\"494\" height=\"260\" srcset=\"https:\/\/i0.wp.com\/www.shqiperia.com\/blog\/wp-content\/uploads\/2020\/12\/1200-630-5fd8544e4e51c.jpg?resize=300%2C158&amp;ssl=1 300w, https:\/\/i0.wp.com\/www.shqiperia.com\/blog\/wp-content\/uploads\/2020\/12\/1200-630-5fd8544e4e51c.jpg?resize=1024%2C538&amp;ssl=1 1024w, https:\/\/i0.wp.com\/www.shqiperia.com\/blog\/wp-content\/uploads\/2020\/12\/1200-630-5fd8544e4e51c.jpg?resize=768%2C403&amp;ssl=1 768w, https:\/\/i0.wp.com\/www.shqiperia.com\/blog\/wp-content\/uploads\/2020\/12\/1200-630-5fd8544e4e51c.jpg?resize=450%2C236&amp;ssl=1 450w, https:\/\/i0.wp.com\/www.shqiperia.com\/blog\/wp-content\/uploads\/2020\/12\/1200-630-5fd8544e4e51c.jpg?resize=600%2C315&amp;ssl=1 600w, https:\/\/i0.wp.com\/www.shqiperia.com\/blog\/wp-content\/uploads\/2020\/12\/1200-630-5fd8544e4e51c.jpg?resize=400%2C210&amp;ssl=1 400w, https:\/\/i0.wp.com\/www.shqiperia.com\/blog\/wp-content\/uploads\/2020\/12\/1200-630-5fd8544e4e51c.jpg?w=1200&amp;ssl=1 1200w\" sizes=\"auto, (max-width: 494px) 100vw, 494px\" \/><\/p>\n<p>Ekspozita \u201cStina e bardh\u00eb\u201d nga piktori Edi Kojani, 25 tablo me motivin e bor\u00ebs<\/p>\n<p>15 DHJETOR 2020<\/p>\n<p>\u201cStina e bardh\u00eb\u201d titullohet ekspozita, q\u00eb vjen k\u00ebt\u00eb muaj t\u00eb fundit t\u00eb k\u00ebtij viti p\u00ebr publikun. Veprat e punuara nga piktori i njohur Edi Kojani jan\u00eb prezantuar n\u00eb k\u00ebt\u00eb ekspozit\u00eb, q\u00eb u \u00e7el n\u00eb hollin e teatrit \u201cPetro Marko\u201d, n\u00eb Vlor\u00eb. Jan\u00eb 25 tablo pikture me motive bore, n\u00eb ekspozit\u00ebn \u201cStina e bardh\u00eb\u201d. Piktori Edi Kojani thot\u00eb se ekspozitat e fundit t\u00eb tij jan\u00eb konceptuara mbi baz\u00ebn e nj\u00eb linje. \u201cN\u00eb k\u00ebt\u00eb muaj t\u00eb fundvitit krijimtaria ime sjell nj\u00eb ekspozite vetjake n\u00eb teatrin &#8220;Petro Marko&#8221; Vlor\u00eb. Titullohet &#8220;Stina e bardh\u00eb&#8221;, kjo pasi 25 telajot mbajn\u00eb bor\u00eb. Bor\u00eb nga Kor\u00e7a e Pogradeci, nga Gjirokastra e Berati, por dhe nga Vlora e Llogaraja. T\u00eb gjitha pun\u00ebt me motivin e bor\u00ebs. Ekspozitat e mia t\u00eb fundit jan\u00eb konceptuar mbi baz\u00ebn e nj\u00eb linje, synojn\u00eb t\u00eb sjellin nj\u00eb fenomen, nj\u00eb histori, di\u00e7ka q\u00eb i lidh nj\u00eb element i p\u00ebrbashk\u00ebt\u201d, pohon ai. T\u00eb tilla kan\u00eb qen\u00eb &#8220;Udh\u00ebtim n\u00eb koh\u00eb&#8221; me monumentet e kultur\u00ebs s\u00eb rrethit Vlor\u00eb apo &#8220;Gjirokastra n\u00eb penelin e Edi Kojanit&#8221;, etj. Piktori thot\u00eb se n\u00eb aktivitetin e tij kjo \u00ebsht\u00eb ekspozita e 16, nd\u00ebrsa e para \u00ebsht\u00eb hapur n\u00eb vitin 1988, ku n\u00eb vitet para\u201990 prirja e p\u00ebrgjithshme ishte gjinia e kompozimit me tema historike, si dhe jeta e p\u00ebrditshme. \u201cNgacmimi p\u00ebr &#8220;Stin\u00ebn e bardh\u00eb&#8221; ka ardhur diku para 3 vitesh dhe pasi u binda se mund t\u00eb b\u00ebhej dhe t\u00eb ishte di\u00e7ka interesante fillova pun\u00ebn. Nj\u00eb ekspozit\u00eb vet\u00ebm me motiv bore mendoj se p\u00ebrb\u00ebnte nj\u00eb sfid\u00eb pikturimi, si dhe sjellje larmie imazhesh e situatash p\u00ebr t\u00eb mos r\u00ebn\u00eb n\u00eb p\u00ebrs\u00ebritje. Kjo \u00ebsht\u00eb ekspozita e 16 -t\u00eb. T\u00eb par\u00ebn e kam hapur n\u00eb 1988 te galeria e artit Vlor\u00eb. Nd\u00ebrkoh\u00eb kam qen\u00eb aktiv n\u00eb ekspozita kolektive. N\u00eb ato vite para \u201890 prirja e p\u00ebrgjithshme ishte gjinia e kompozimit me tema historike dhe nga jeta e puna e p\u00ebrditshme\u201d, pohon Kojani. Kompozimi i par\u00eb ka qen\u00eb n\u00eb 1986 frym\u00ebzuar nga puna n\u00eb brezaret e agrumeve. Piktori thot\u00eb se m\u00eb pas nj\u00eb tjet\u00ebr ishte me motivin e n\u00ebnave n\u00eb ndihme t\u00eb partizan\u00ebve dhe tjetri ka qen\u00eb nga ikja e ruseve nga baza e Vlor\u00ebs. \u201cKjo prirje drejt kompozimit me shoq\u00ebroi dhe pas viteve \u201990, pasi tashm\u00eb ishte krijuar laboratori me mjetet e m\u00ebnyr\u00ebn e prodhimit t\u00eb k\u00ebtij produkti artistik. P\u00ebrmend kompozime si &#8220;Djegia e Voskopoj\u00ebs\u201d, &#8220;Ardhja e \u00c7am\u00ebve&#8221;, &#8220;Kalimi Vjos\u00ebs i Ismail Qemalit&#8221;, &#8220;Masakra e kapedan\u00ebve shqiptar n\u00eb Manastir&#8221;. Realizimi k\u00ebtyre \u00ebsht\u00eb b\u00ebr\u00eb nd\u00ebrkoh\u00eb, q\u00eb peizazhi kish marr\u00eb p\u00ebrpar\u00ebsi si gjini tek un\u00eb\u201d, shprehet piktori Edi Kojani. Ekspozita \u201cStina e bardh\u00eb\u201d u hap m\u00eb dat\u00eb 12 dhe do t\u00eb q\u00ebndroj\u00eb deri m\u00eb dat\u00eb 16 dhjetor p\u00ebr publikun.<\/p>\n<p>Nj\u00eb udh\u00ebtim artistik, me piktur\u00ebn<\/p>\n<p>N\u00eb hapjen e ekspozit\u00ebs, q\u00eb u \u00e7el duke respektuar dhe rregullat e pandemis\u00eb merrnin pjes\u00eb dhe miq e koleg\u00eb t\u00eb artistit Edi Kojani. Arkitekti Pirro Stefa shprehet p\u00ebr ekspozit\u00ebn se Kojani vjen ndryshe k\u00ebsaj here p\u00ebr t\u00eb na treguar nj\u00eb &#8220;udh\u00ebtim&#8221; tjet\u00ebr artistik, p\u00ebr t\u00eb na treguar se ka qen\u00eb me penelat, telajot e me ngjyrat e tij n\u00eb vende ekzotike, shum\u00eb t\u00eb ve\u00e7anta. \u201cKojani vjen me ekspozit\u00ebn &#8220;Stina e bardh\u00eb&#8221; pas 15 ekspozitave personale dhe akoma m\u00eb shum\u00eb kolektive, duke theksuar edhe m\u00eb shum\u00eb individualitetin e tij t\u00eb spikatur artistik, duke mbetur besnik linj\u00ebs s\u00eb vet krijuese e duke sjell\u00eb n\u00eb \u00e7do pun\u00eb t\u00eb ekspozuar nj\u00eb liriz\u00ebm mjaft emocional. Por gjithashtu duke treguar me artin e tij se ai \u00ebsht\u00eb vetvetja, nj\u00eb profil artistik q\u00eb ndjek rrug\u00ebn e tij, \u00ebsht\u00eb unik, i ndrysh\u00ebm nga t\u00eb tjer\u00ebt, nj\u00eb vler\u00eb e shtuar n\u00eb tradit\u00ebn e madhe t\u00eb artit q\u00eb solli shkolla vlonjate e piktur\u00ebs\u201d, pohon mes t\u00eb tjerave arkitekti i njohur Pirro Stefa, p\u00ebr ekspozit\u00ebn. Ish drejtor i teatrit t\u00eb Gjirokastr\u00ebs Stefan Arseni, shkruan se emri i piktorit Edi Kojani tashm\u00eb ka hyr\u00eb n\u00eb numrin e zgjedhur t\u00eb artist\u00ebve figurativ\u00eb t\u00eb vendit. \u201cI pajisur me kultur\u00eb profesionale dhe me nj\u00eb vullnet t\u00eb admiruesh\u00ebm p\u00ebr pun\u00eb e krijimtari, ai nuk rresht duke hapur ekspozita. Piktori Kojani \u00ebsht\u00eb prezent kudo q\u00eb \u00ebsht\u00eb jeta me nj\u00eb krijimtari t\u00eb pasur, q\u00eb zhvillohet n\u00eb dy linja: peizazhe dhe kompozime, me nj\u00eb shtirrje tematike t\u00eb gjer\u00eb n\u00eb arkitektur\u00eb, trash\u00ebgimi, n\u00eb monumente t\u00eb kultur\u00ebs t\u00eb natyr\u00ebs dhe n\u00eb ato t\u00eb kultit. Pa harruar t\u00eb kat\u00ebr stin\u00ebt, duke b\u00ebr\u00eb q\u00eb piktura e tij t\u00eb udh\u00ebtoj\u00eb vazhdimisht me plot gjall\u00ebri, dinamik\u00eb, ekspresivitet dhe kolorit t\u00eb fuqish\u00ebm.<\/p>\n<p><img data-recalc-dims=\"1\" loading=\"lazy\" decoding=\"async\" data-attachment-id=\"41963\" data-permalink=\"https:\/\/www.shqiperia.com\/blog\/ekspozita-stina-e-bardhe-nga-piktori-edi-kojani-25-tablo-me-motivin-e-bores\/piktura-1\/\" data-orig-file=\"https:\/\/i0.wp.com\/www.shqiperia.com\/blog\/wp-content\/uploads\/2020\/12\/piktura-1.jpg?fit=800%2C559&amp;ssl=1\" data-orig-size=\"800,559\" data-comments-opened=\"1\" data-image-meta=\"{&quot;aperture&quot;:&quot;0&quot;,&quot;credit&quot;:&quot;&quot;,&quot;camera&quot;:&quot;&quot;,&quot;caption&quot;:&quot;&quot;,&quot;created_timestamp&quot;:&quot;0&quot;,&quot;copyright&quot;:&quot;&quot;,&quot;focal_length&quot;:&quot;0&quot;,&quot;iso&quot;:&quot;0&quot;,&quot;shutter_speed&quot;:&quot;0&quot;,&quot;title&quot;:&quot;&quot;,&quot;orientation&quot;:&quot;0&quot;}\" data-image-title=\"piktura-1\" data-image-description=\"\" data-image-caption=\"\" data-medium-file=\"https:\/\/i0.wp.com\/www.shqiperia.com\/blog\/wp-content\/uploads\/2020\/12\/piktura-1.jpg?fit=300%2C210&amp;ssl=1\" data-large-file=\"https:\/\/i0.wp.com\/www.shqiperia.com\/blog\/wp-content\/uploads\/2020\/12\/piktura-1.jpg?fit=800%2C559&amp;ssl=1\" class=\"alignnone  wp-image-41963\" alt=\"\" src=\"https:\/\/i0.wp.com\/www.shqiperia.com\/blog\/wp-content\/uploads\/2020\/12\/piktura-1.jpg?resize=711%2C498&#038;ssl=1\" width=\"711\" height=\"498\" srcset=\"https:\/\/i0.wp.com\/www.shqiperia.com\/blog\/wp-content\/uploads\/2020\/12\/piktura-1.jpg?resize=300%2C210&amp;ssl=1 300w, https:\/\/i0.wp.com\/www.shqiperia.com\/blog\/wp-content\/uploads\/2020\/12\/piktura-1.jpg?resize=768%2C537&amp;ssl=1 768w, https:\/\/i0.wp.com\/www.shqiperia.com\/blog\/wp-content\/uploads\/2020\/12\/piktura-1.jpg?resize=450%2C314&amp;ssl=1 450w, https:\/\/i0.wp.com\/www.shqiperia.com\/blog\/wp-content\/uploads\/2020\/12\/piktura-1.jpg?resize=600%2C419&amp;ssl=1 600w, https:\/\/i0.wp.com\/www.shqiperia.com\/blog\/wp-content\/uploads\/2020\/12\/piktura-1.jpg?resize=400%2C280&amp;ssl=1 400w, https:\/\/i0.wp.com\/www.shqiperia.com\/blog\/wp-content\/uploads\/2020\/12\/piktura-1.jpg?w=800&amp;ssl=1 800w\" sizes=\"auto, (max-width: 711px) 100vw, 711px\" \/><\/p>\n<p>Zgjedhja e peisazheve te \u201cStina e bardh\u00eb\u201d \u00ebsht\u00eb mjaft e kujdesshme, duke t\u00eb zgjuar nj\u00eb kureshtje t\u00eb papar\u00eb\u201d, shprehet Arseni. Piktori Edi Kojani krahas ekspozitave vetjake ka qen\u00eb pjes\u00ebmarr\u00ebs n\u00eb ato kolektive t\u00eb p\u00ebrvitshme si an\u00ebtar i grupeve artistike &#8220;Pranver\u00eb Art &#8220;dhe &#8220;Brezat&#8221; apo n\u00eb galerit\u00eb e artit t\u00eb Fierit, Kor\u00e7\u00ebs e Beratit. Gjithashtu pjes\u00eb e kolonive artistike organizuar nga Instituti i Librit dhe i Promocionit, si dhe pjes\u00ebmarr\u00ebs n\u00eb tre bienale nd\u00ebrkomb\u00ebtare. Edi Kojani \u00ebsht\u00eb vler\u00ebsuar me \u00e7mime n\u00eb Kosov\u00eb apo dhe Itali.<\/p>\n<p>Gazeta Sot<\/p>\n","protected":false},"excerpt":{"rendered":"<p>Ekspozita \u201cStina e bardh\u00eb\u201d nga piktori Edi Kojani, 25 tablo me motivin e bor\u00ebs 15 DHJETOR 2020 \u201cStina e bardh\u00eb\u201d titullohet ekspozita, q\u00eb vjen k\u00ebt\u00eb muaj t\u00eb fundit t\u00eb k\u00ebtij viti p\u00ebr publikun. Veprat e punuara nga piktori i njohur Edi Kojani jan\u00eb prezantuar n\u00eb k\u00ebt\u00eb ekspozit\u00eb, q\u00eb u \u00e7el n\u00eb hollin e teatrit \u201cPetro [&hellip;]<\/p>\n","protected":false},"author":9,"featured_media":41962,"comment_status":"open","ping_status":"open","sticky":false,"template":"","format":"standard","meta":{"jetpack_post_was_ever_published":false,"_jetpack_newsletter_access":"","_jetpack_dont_email_post_to_subs":false,"_jetpack_newsletter_tier_id":0,"_jetpack_memberships_contains_paywalled_content":false,"_jetpack_memberships_contains_paid_content":false,"footnotes":"","jetpack_publicize_message":"","jetpack_publicize_feature_enabled":true,"jetpack_social_post_already_shared":true,"jetpack_social_options":{"image_generator_settings":{"template":"highway","default_image_id":0,"font":"","enabled":false},"version":2}},"categories":[87,10,14],"tags":[],"class_list":["post-41961","post","type-post","status-publish","format-standard","has-post-thumbnail","hentry","category-arte","category-kultura","category-press-releases"],"jetpack_publicize_connections":[],"jetpack_featured_media_url":"https:\/\/i0.wp.com\/www.shqiperia.com\/blog\/wp-content\/uploads\/2020\/12\/1200-630-5fd8544e4e51c.jpg?fit=1200%2C630&ssl=1","jetpack_sharing_enabled":true,"jetpack_shortlink":"https:\/\/wp.me\/p5Z6wp-aUN","jetpack-related-posts":[{"id":21368,"url":"https:\/\/www.shqiperia.com\/blog\/agron-polovina-cel-ekspoziten-ne-fier-26-tablo-nga-qytetet-shqiptare\/","url_meta":{"origin":41961,"position":0},"title":"Agron Polovina \u00e7el ekspozit\u00ebn n\u00eb Fier. 26 tablo nga qytetet shqiptare","author":"Kurt Farka","date":"May 19, 2019","format":false,"excerpt":"Agron Polovina \u00e7el ekspozit\u00ebn n\u00eb Fier. 26 tablo nga qytetet shqiptare Piktori Agron Polovina \u00e7el ekspozit\u00eb personale n\u00eb qytetin e Fierit. Artisti sjell n\u00ebp\u00ebrmjet tablove t\u00eb tij, 26 tablo t\u00eb cilat kan\u00eb n\u00eb qend\u00ebr peizazhe t\u00eb ndryshme. Nuk mungon as qyteti i nj\u00eb mij\u00eb e nj\u00eb dritareve, Berati . Ekspozita\u2026","rel":"","context":"In &quot;Kultura&quot;","block_context":{"text":"Kultura","link":"https:\/\/www.shqiperia.com\/blog\/category\/kultura\/"},"img":{"alt_text":"","src":"https:\/\/i0.wp.com\/www.shqiperia.com\/blog\/wp-content\/uploads\/2019\/05\/hqdefault-5.jpg?fit=446%2C279&ssl=1&resize=350%2C200","width":350,"height":200},"classes":[]},{"id":39922,"url":"https:\/\/www.shqiperia.com\/blog\/piktori-abaz-hado-cel-ekspoziten-arti-tek-biznesi-me-20-tablo-abstrakte\/","url_meta":{"origin":41961,"position":1},"title":"Piktori Abaz Hado \u00e7el ekspozit\u00ebn \u201cArti tek biznesi\u201d me 20 tablo abstrakte","author":"Kurt Farka","date":"October 20, 2020","format":false,"excerpt":"Piktori Abaz Hado \u00e7el ekspozit\u00ebn \u201cArti tek biznesi\u201d me 20 tablo abstrakte Piktori Abaz Hado ka \u00e7elur ekspozit\u00eb personale n\u00eb ambientet e nj\u00eb biznesi privat n\u00eb Tiran\u00eb. Kuratori i ekspozit\u00ebs e Pandi Madhi, e cil\u00ebson k\u00ebt\u00eb nj\u00eb l\u00ebvizje t\u00eb re q\u00eb nuk duhet t\u00eb ndalet, por t\u00eb mb\u00ebshtetet ligj\u00ebrisht edhe\u2026","rel":"","context":"In &quot;Arte&quot;","block_context":{"text":"Arte","link":"https:\/\/www.shqiperia.com\/blog\/category\/arte\/"},"img":{"alt_text":"","src":"https:\/\/i0.wp.com\/www.shqiperia.com\/blog\/wp-content\/uploads\/2020\/10\/1603121533_Screenshot1.jpg?fit=539%2C305&ssl=1&resize=350%2C200","width":350,"height":200,"srcset":"https:\/\/i0.wp.com\/www.shqiperia.com\/blog\/wp-content\/uploads\/2020\/10\/1603121533_Screenshot1.jpg?fit=539%2C305&ssl=1&resize=350%2C200 1x, https:\/\/i0.wp.com\/www.shqiperia.com\/blog\/wp-content\/uploads\/2020\/10\/1603121533_Screenshot1.jpg?fit=539%2C305&ssl=1&resize=525%2C300 1.5x"},"classes":[]},{"id":80145,"url":"https:\/\/www.shqiperia.com\/blog\/ekspozita-dhoma-e-pasme-e-buron-kacelit\/","url_meta":{"origin":41961,"position":2},"title":"Ekspozita \u201cDhoma e Pasme\u201d e Buron Kacelit","author":"Kurt Farka","date":"April 15, 2024","format":false,"excerpt":"15 Prill 2024 Piktori Buron Kaceli hapi ekspozit\u00ebn \u201cDhoma e Pasme\u201d n\u00eb Galerin\u00eb e Arteve Tiran\u00eb, nj\u00eb ekspozit\u00eb kujtes\u00eb, me nj\u00eb v\u00ebshtrim nga e shkuara, n\u00eb koh\u00ebn kur regjimi komunist vinte korniza t\u00eb forta p\u00ebr artist\u00ebt. Ekspozita e hapur m\u00eb 12 prill zbulon nj\u00eb koleksion pun\u00ebsh t\u00eb paekspozuara t\u00eb piktorit\u2026","rel":"","context":"In &quot;Arte&quot;","block_context":{"text":"Arte","link":"https:\/\/www.shqiperia.com\/blog\/category\/arte\/"},"img":{"alt_text":"","src":"https:\/\/i0.wp.com\/www.shqiperia.com\/blog\/wp-content\/uploads\/2024\/04\/434646479_7729934720404645_876419636221475754_n-1.jpg?fit=1200%2C673&ssl=1&resize=350%2C200","width":350,"height":200,"srcset":"https:\/\/i0.wp.com\/www.shqiperia.com\/blog\/wp-content\/uploads\/2024\/04\/434646479_7729934720404645_876419636221475754_n-1.jpg?fit=1200%2C673&ssl=1&resize=350%2C200 1x, https:\/\/i0.wp.com\/www.shqiperia.com\/blog\/wp-content\/uploads\/2024\/04\/434646479_7729934720404645_876419636221475754_n-1.jpg?fit=1200%2C673&ssl=1&resize=525%2C300 1.5x, https:\/\/i0.wp.com\/www.shqiperia.com\/blog\/wp-content\/uploads\/2024\/04\/434646479_7729934720404645_876419636221475754_n-1.jpg?fit=1200%2C673&ssl=1&resize=700%2C400 2x, https:\/\/i0.wp.com\/www.shqiperia.com\/blog\/wp-content\/uploads\/2024\/04\/434646479_7729934720404645_876419636221475754_n-1.jpg?fit=1200%2C673&ssl=1&resize=1050%2C600 3x"},"classes":[]},{"id":43910,"url":"https:\/\/www.shqiperia.com\/blog\/ekspozita-zaim-elezi-magjia-e-periferise-se-tiranes-ne-muzeun-historik-kombetar\/","url_meta":{"origin":41961,"position":3},"title":"Ekspozita: Zaim Elezi &#8220;Magjia&#8221; e periferis\u00eb s\u00eb Tiran\u00ebs n\u00eb Muzeun Historik Komb\u00ebtar","author":"Kurt Farka","date":"February 8, 2021","format":false,"excerpt":"Ekspozita: Zaim Elezi \"Magjia\" e periferis\u00eb s\u00eb Tiran\u00ebs n\u00eb Muzeun Historik Komb\u00ebtar Piktori Zaim Elezi ka \u00e7elur ne muajin korrik 2020 ekspozit\u00ebn \u201cMotive Tiranase\u201d n\u00eb Muzeun Historik Komb\u00ebtar. K\u00ebsaj here n\u00eb qend\u00ebr t\u00eb tablove artisti sjell jet\u00ebn n\u00eb periferi t\u00eb kryeqytetit Nga Valeria Dedaj \u00a0Korrik 2020 Magjin\u00eb gj\u00eb gjendet n\u00eb\u2026","rel":"","context":"In &quot;Arte&quot;","block_context":{"text":"Arte","link":"https:\/\/www.shqiperia.com\/blog\/category\/arte\/"},"img":{"alt_text":"","src":"https:\/\/i0.wp.com\/www.shqiperia.com\/blog\/wp-content\/uploads\/2021\/02\/Zaim-Elezi.jpg?fit=1200%2C749&ssl=1&resize=350%2C200","width":350,"height":200,"srcset":"https:\/\/i0.wp.com\/www.shqiperia.com\/blog\/wp-content\/uploads\/2021\/02\/Zaim-Elezi.jpg?fit=1200%2C749&ssl=1&resize=350%2C200 1x, https:\/\/i0.wp.com\/www.shqiperia.com\/blog\/wp-content\/uploads\/2021\/02\/Zaim-Elezi.jpg?fit=1200%2C749&ssl=1&resize=525%2C300 1.5x, https:\/\/i0.wp.com\/www.shqiperia.com\/blog\/wp-content\/uploads\/2021\/02\/Zaim-Elezi.jpg?fit=1200%2C749&ssl=1&resize=700%2C400 2x, https:\/\/i0.wp.com\/www.shqiperia.com\/blog\/wp-content\/uploads\/2021\/02\/Zaim-Elezi.jpg?fit=1200%2C749&ssl=1&resize=1050%2C600 3x"},"classes":[]},{"id":73782,"url":"https:\/\/www.shqiperia.com\/blog\/ekspozita-rrugetim-e-piktorit-zymer-mulliqi-me-piktura-dhe-grafika-ne-galerine-e-artit-tirane\/","url_meta":{"origin":41961,"position":4},"title":"Ekspozita \u201cRrug\u00ebtim\u201d e piktorit Zymer Mulliqi me piktura dhe grafika n\u00eb Galerin\u00eb e Artit Tiran\u00eb","author":"Kurt Farka","date":"August 22, 2023","format":false,"excerpt":"22 Gusht 2023 Galeria e Artit Tiran\u00eb mir\u00ebpriti k\u00ebto dit\u00eb piktorin e njohur Zymer Mulliqi, q\u00eb hapi ekspozit\u00ebn e tij personale \u201cRrug\u00ebtim\u201d. Hapja e nj\u00eb ekspozite me vepra arti \u00ebsht\u00eb nj\u00eb ngjarje e bukur p\u00ebr kryeqytetin, dhe ajo e nj\u00eb piktori t\u00eb r\u00ebnd\u00ebsish\u00ebm si Zymer Mulliqi nga Kosova n\u00eb Galerin\u00eb\u2026","rel":"","context":"In &quot;Arte&quot;","block_context":{"text":"Arte","link":"https:\/\/www.shqiperia.com\/blog\/category\/arte\/"},"img":{"alt_text":"","src":"https:\/\/i0.wp.com\/www.shqiperia.com\/blog\/wp-content\/uploads\/2023\/08\/800-0-64e44814d94b6.jpg?fit=800%2C800&ssl=1&resize=350%2C200","width":350,"height":200,"srcset":"https:\/\/i0.wp.com\/www.shqiperia.com\/blog\/wp-content\/uploads\/2023\/08\/800-0-64e44814d94b6.jpg?fit=800%2C800&ssl=1&resize=350%2C200 1x, https:\/\/i0.wp.com\/www.shqiperia.com\/blog\/wp-content\/uploads\/2023\/08\/800-0-64e44814d94b6.jpg?fit=800%2C800&ssl=1&resize=525%2C300 1.5x, https:\/\/i0.wp.com\/www.shqiperia.com\/blog\/wp-content\/uploads\/2023\/08\/800-0-64e44814d94b6.jpg?fit=800%2C800&ssl=1&resize=700%2C400 2x"},"classes":[]},{"id":15610,"url":"https:\/\/www.shqiperia.com\/blog\/ekspozita-arben-theodhosi-sjell-zoteria-kureshtar-piktori-deshira-ime-mosperseritja-e-gabimeve-te-se-shkuares\/","url_meta":{"origin":41961,"position":5},"title":"Ekspozita\/ Arben Theodhosi sjell \u2018Zot\u00ebria kureshtar\u2019, piktori: D\u00ebshira ime, mosp\u00ebrs\u00ebritja e gabimeve t\u00eb s\u00eb shkuar\u00ebs. &#8211;","author":"Kurt Farka","date":"January 7, 2019","format":false,"excerpt":"Ekspozita\/ Arben Theodhosi sjell \u2018Zot\u00ebria kureshtar\u2019, piktori: D\u00ebshira ime, mosp\u00ebrs\u00ebritja e gabimeve t\u00eb s\u00eb shkuar\u00ebs. - Piktori Arben Theodhosi \u00e7el ekspozit\u00ebn me 19 tablo, n\u00eb t\u00eb cilat trajton temat e dit\u00ebs. Artisti promovon edhe katalogun \u201cZot\u00ebria kureshtar\u201d, n\u00eb t\u00eb cilin p\u00ebrfshin tablo q\u00eb prej vitit 1977, kur pas pushkatimit t\u00eb\u2026","rel":"","context":"In &quot;Arte&quot;","block_context":{"text":"Arte","link":"https:\/\/www.shqiperia.com\/blog\/category\/arte\/"},"img":{"alt_text":"","src":"https:\/\/i0.wp.com\/www.shqiperia.com\/blog\/wp-content\/uploads\/2019\/01\/Arben-Theodhosi-4.jpg?fit=780%2C440&ssl=1&resize=350%2C200","width":350,"height":200,"srcset":"https:\/\/i0.wp.com\/www.shqiperia.com\/blog\/wp-content\/uploads\/2019\/01\/Arben-Theodhosi-4.jpg?fit=780%2C440&ssl=1&resize=350%2C200 1x, https:\/\/i0.wp.com\/www.shqiperia.com\/blog\/wp-content\/uploads\/2019\/01\/Arben-Theodhosi-4.jpg?fit=780%2C440&ssl=1&resize=525%2C300 1.5x, https:\/\/i0.wp.com\/www.shqiperia.com\/blog\/wp-content\/uploads\/2019\/01\/Arben-Theodhosi-4.jpg?fit=780%2C440&ssl=1&resize=700%2C400 2x"},"classes":[]}],"_links":{"self":[{"href":"https:\/\/www.shqiperia.com\/blog\/wp-json\/wp\/v2\/posts\/41961","targetHints":{"allow":["GET"]}}],"collection":[{"href":"https:\/\/www.shqiperia.com\/blog\/wp-json\/wp\/v2\/posts"}],"about":[{"href":"https:\/\/www.shqiperia.com\/blog\/wp-json\/wp\/v2\/types\/post"}],"author":[{"embeddable":true,"href":"https:\/\/www.shqiperia.com\/blog\/wp-json\/wp\/v2\/users\/9"}],"replies":[{"embeddable":true,"href":"https:\/\/www.shqiperia.com\/blog\/wp-json\/wp\/v2\/comments?post=41961"}],"version-history":[{"count":1,"href":"https:\/\/www.shqiperia.com\/blog\/wp-json\/wp\/v2\/posts\/41961\/revisions"}],"predecessor-version":[{"id":41964,"href":"https:\/\/www.shqiperia.com\/blog\/wp-json\/wp\/v2\/posts\/41961\/revisions\/41964"}],"wp:featuredmedia":[{"embeddable":true,"href":"https:\/\/www.shqiperia.com\/blog\/wp-json\/wp\/v2\/media\/41962"}],"wp:attachment":[{"href":"https:\/\/www.shqiperia.com\/blog\/wp-json\/wp\/v2\/media?parent=41961"}],"wp:term":[{"taxonomy":"category","embeddable":true,"href":"https:\/\/www.shqiperia.com\/blog\/wp-json\/wp\/v2\/categories?post=41961"},{"taxonomy":"post_tag","embeddable":true,"href":"https:\/\/www.shqiperia.com\/blog\/wp-json\/wp\/v2\/tags?post=41961"}],"curies":[{"name":"wp","href":"https:\/\/api.w.org\/{rel}","templated":true}]}}