{"id":41954,"date":"2020-12-16T08:16:57","date_gmt":"2020-12-16T08:16:57","guid":{"rendered":"https:\/\/www.shqiperia.com\/blog\/?p=41954"},"modified":"2020-12-16T08:16:57","modified_gmt":"2020-12-16T08:16:57","slug":"nuk-zgjoheni-dot-ne-mengjes-fajin-e-ka-koeficienti-i-inteligjences","status":"publish","type":"post","link":"https:\/\/www.shqiperia.com\/blog\/nuk-zgjoheni-dot-ne-mengjes-fajin-e-ka-koeficienti-i-inteligjences\/","title":{"rendered":"Nuk zgjoheni dot n\u00eb m\u00ebngjes? \u201cFajin\u201d e ka koeficienti i inteligjenc\u00ebs"},"content":{"rendered":"<p><img data-recalc-dims=\"1\" loading=\"lazy\" decoding=\"async\" data-attachment-id=\"41955\" data-permalink=\"https:\/\/www.shqiperia.com\/blog\/nuk-zgjoheni-dot-ne-mengjes-fajin-e-ka-koeficienti-i-inteligjences\/unnamed-29\/\" data-orig-file=\"https:\/\/i0.wp.com\/www.shqiperia.com\/blog\/wp-content\/uploads\/2020\/12\/unnamed-4.jpg?fit=512%2C223&amp;ssl=1\" data-orig-size=\"512,223\" data-comments-opened=\"1\" data-image-meta=\"{&quot;aperture&quot;:&quot;0&quot;,&quot;credit&quot;:&quot;&quot;,&quot;camera&quot;:&quot;&quot;,&quot;caption&quot;:&quot;&quot;,&quot;created_timestamp&quot;:&quot;0&quot;,&quot;copyright&quot;:&quot;&quot;,&quot;focal_length&quot;:&quot;0&quot;,&quot;iso&quot;:&quot;0&quot;,&quot;shutter_speed&quot;:&quot;0&quot;,&quot;title&quot;:&quot;&quot;,&quot;orientation&quot;:&quot;0&quot;}\" data-image-title=\"unnamed\" data-image-description=\"\" data-image-caption=\"\" data-medium-file=\"https:\/\/i0.wp.com\/www.shqiperia.com\/blog\/wp-content\/uploads\/2020\/12\/unnamed-4.jpg?fit=300%2C131&amp;ssl=1\" data-large-file=\"https:\/\/i0.wp.com\/www.shqiperia.com\/blog\/wp-content\/uploads\/2020\/12\/unnamed-4.jpg?fit=512%2C223&amp;ssl=1\" class=\"alignnone  wp-image-41955\" alt=\"\" src=\"https:\/\/i0.wp.com\/www.shqiperia.com\/blog\/wp-content\/uploads\/2020\/12\/unnamed-4.jpg?resize=577%2C252&#038;ssl=1\" width=\"577\" height=\"252\" srcset=\"https:\/\/i0.wp.com\/www.shqiperia.com\/blog\/wp-content\/uploads\/2020\/12\/unnamed-4.jpg?resize=300%2C131&amp;ssl=1 300w, https:\/\/i0.wp.com\/www.shqiperia.com\/blog\/wp-content\/uploads\/2020\/12\/unnamed-4.jpg?resize=450%2C196&amp;ssl=1 450w, https:\/\/i0.wp.com\/www.shqiperia.com\/blog\/wp-content\/uploads\/2020\/12\/unnamed-4.jpg?resize=400%2C174&amp;ssl=1 400w, https:\/\/i0.wp.com\/www.shqiperia.com\/blog\/wp-content\/uploads\/2020\/12\/unnamed-4.jpg?w=512&amp;ssl=1 512w\" sizes=\"auto, (max-width: 577px) 100vw, 577px\" \/><\/p>\n<p><strong>Nuk zgjoheni dot n\u00eb m\u00ebngjes? \u201cFajin\u201d e ka koeficienti i inteligjenc\u00ebs<\/strong><\/p>\n<p>Zgjimi n\u00eb or\u00ebt e para t\u00eb m\u00ebngjesit p\u00ebr shum\u00eb nga ne \u00ebsht\u00eb nj\u00eb problem m\u00eb vete, nd\u00ebrsa p\u00ebr shum\u00eb t\u00eb tjer\u00eb \u00ebsht\u00eb di\u00e7ka leht\u00ebsisht e p\u00ebrballueshme.<\/p>\n<p>N\u00ebse b\u00ebni pjes\u00eb tek grupi i par\u00eb, at\u00ebher\u00eb ka nj\u00eb lajm t\u00eb mir\u00eb p\u00ebr ju. Sipas psikologut britanik, Satoshi Kanazawa, personat q\u00eb kan\u00eb v\u00ebshtir\u00ebsi p\u00ebr t\u2019u zgjuar kan\u00eb IQ (koeficient inteligjence) m\u00eb t\u00eb lart\u00eb se sa ata q\u00eb zgjohen menj\u00ebher\u00eb n\u00eb m\u00ebngjes, kjo pasi or\u00ebt e gjumit, nuk varen aspak nga ora n\u00eb t\u00eb cil\u00ebn flem\u00eb, por varen nga ora biologjike e trupit.<\/p>\n<p>Cikli biologjik i gjumit ndryshon n\u00eb njer\u00ebz t\u00eb ndrysh\u00ebm. N\u00eb fakt, ky cik\u00ebl varet nga sasia e drit\u00ebs si dhe nga mungesa e saj. P\u00ebr shembull, njer\u00ebzit q\u00eb zgjohen her\u00ebt, pa asnj\u00eb problem n\u00eb m\u00ebngjes kan\u00eb nj\u00eb or\u00eb biologjike shum\u00eb t\u00eb qart\u00eb.<\/p>\n<p>Nga ana tjet\u00ebr personat q\u00eb kan\u00eb v\u00ebshtir\u00ebsi n\u00eb zgjim e kan\u00eb hemisfer\u00ebn e djatht\u00eb t\u00eb trurit m\u00eb t\u00eb zhvilluar, ndaj dhe ora e tyre biologjike nuk mund t\u00eb diktohet, k\u00ebshtu q\u00eb procsi i zgjimit n\u00eb m\u00ebngjes \u00ebsht\u00eb di\u00e7ka tep\u00ebr e v\u00ebshtir\u00eb p\u00ebr ta. N\u00ebse miqt\u00eb apo familjar\u00ebt ankohen p\u00ebr gjumin tuaj \u201ct\u00eb tepruar\u201d, e keni p\u00ebrgjigjen q\u00eb duhet t\u2019ju jepni.<\/p>\n<p><em>h.b\/dita<\/em><\/p>\n","protected":false},"excerpt":{"rendered":"<p>Nuk zgjoheni dot n\u00eb m\u00ebngjes? \u201cFajin\u201d e ka koeficienti i inteligjenc\u00ebs Zgjimi n\u00eb or\u00ebt e para t\u00eb m\u00ebngjesit p\u00ebr shum\u00eb nga ne \u00ebsht\u00eb nj\u00eb problem m\u00eb vete, nd\u00ebrsa p\u00ebr shum\u00eb t\u00eb tjer\u00eb \u00ebsht\u00eb di\u00e7ka leht\u00ebsisht e p\u00ebrballueshme. N\u00ebse b\u00ebni pjes\u00eb tek grupi i par\u00eb, at\u00ebher\u00eb ka nj\u00eb lajm t\u00eb mir\u00eb p\u00ebr ju. Sipas psikologut britanik, [&hellip;]<\/p>\n","protected":false},"author":9,"featured_media":41955,"comment_status":"open","ping_status":"open","sticky":false,"template":"","format":"standard","meta":{"jetpack_post_was_ever_published":false,"_jetpack_newsletter_access":"","_jetpack_dont_email_post_to_subs":false,"_jetpack_newsletter_tier_id":0,"_jetpack_memberships_contains_paywalled_content":false,"_jetpack_memberships_contains_paid_content":false,"footnotes":"","jetpack_publicize_message":"","jetpack_publicize_feature_enabled":true,"jetpack_social_post_already_shared":true,"jetpack_social_options":{"image_generator_settings":{"template":"highway","default_image_id":0,"font":"","enabled":false},"version":2}},"categories":[27,14],"tags":[],"class_list":["post-41954","post","type-post","status-publish","format-standard","has-post-thumbnail","hentry","category-blogu-i-udhetarit","category-press-releases"],"jetpack_publicize_connections":[],"jetpack_featured_media_url":"https:\/\/i0.wp.com\/www.shqiperia.com\/blog\/wp-content\/uploads\/2020\/12\/unnamed-4.jpg?fit=512%2C223&ssl=1","jetpack_sharing_enabled":true,"jetpack_shortlink":"https:\/\/wp.me\/p5Z6wp-aUG","jetpack-related-posts":[{"id":40231,"url":"https:\/\/www.shqiperia.com\/blog\/nuk-eshte-me-sekret-si-ta-pastroni-trupin-nga-toksinat-brenda-3-diteve\/","url_meta":{"origin":41954,"position":0},"title":"Nuk \u00ebsht\u00eb m\u00eb sekret, si ta pastroni trupin nga toksinat brenda 3 dit\u00ebve","author":"Kurt Farka","date":"October 29, 2020","format":false,"excerpt":"Nuk \u00ebsht\u00eb m\u00eb sekret, si ta pastroni trupin nga toksinat brenda 3 dit\u00ebve 28 TETOR 2020 Pastrimi i organizmit nga toksinat q\u00eb akumulohen rregullisht, \u00ebsht\u00eb jo vet\u00ebm i r\u00ebnd\u00ebsish\u00ebm por edhe i domosdosh\u00ebm. N\u00eb k\u00ebt\u00eb artikull do t\u00eb m\u00ebsoni se si t\u00eb pastroni trupin tuaj n\u00eb nj\u00eb fundjav\u00eb t\u00eb vetme.\u2026","rel":"","context":"In &quot;Blogu i Udh\u00ebtarit&quot;","block_context":{"text":"Blogu i Udh\u00ebtarit","link":"https:\/\/www.shqiperia.com\/blog\/category\/blogu-i-udhetarit\/"},"img":{"alt_text":"","src":"https:\/\/i0.wp.com\/www.shqiperia.com\/blog\/wp-content\/uploads\/2020\/10\/800-0-5f99654bc02a3.jpg?fit=800%2C465&ssl=1&resize=350%2C200","width":350,"height":200,"srcset":"https:\/\/i0.wp.com\/www.shqiperia.com\/blog\/wp-content\/uploads\/2020\/10\/800-0-5f99654bc02a3.jpg?fit=800%2C465&ssl=1&resize=350%2C200 1x, https:\/\/i0.wp.com\/www.shqiperia.com\/blog\/wp-content\/uploads\/2020\/10\/800-0-5f99654bc02a3.jpg?fit=800%2C465&ssl=1&resize=525%2C300 1.5x, https:\/\/i0.wp.com\/www.shqiperia.com\/blog\/wp-content\/uploads\/2020\/10\/800-0-5f99654bc02a3.jpg?fit=800%2C465&ssl=1&resize=700%2C400 2x"},"classes":[]},{"id":29880,"url":"https:\/\/www.shqiperia.com\/blog\/apel-te-pakten-na-sistemoni-pleqte-e-invalidet\/","url_meta":{"origin":41954,"position":1},"title":"Apel: &#8211; T\u00eb pakt\u00ebn na sistemoni pleqt\u00eb e invalid\u00ebt.","author":"Kurt Farka","date":"December 30, 2019","format":false,"excerpt":"Apel: - T\u00eb pakt\u00ebn na sistemoni pleqt\u00eb e invalid\u00ebt. Banes\u00ebn ia shembi t\u00ebrmeti, prind\u00ebrit e moshuar i \u00e7on n\u00eb 'emigrim' nga acari i dimrit, apeli. Moti i ftoht\u00eb ka v\u00ebshtir\u00ebsuar jetes\u00ebn e familjeve t\u00eb cilat jan\u00eb n\u00eb \u00e7ad\u00ebr pasi t\u00ebrmeti u d\u00ebmtoi sht\u00ebpit\u00eb. Disa prej tyre jan\u00eb detyruar q\u00eb t\u00eb\u2026","rel":"","context":"In &quot;Blogu i Udh\u00ebtarit&quot;","block_context":{"text":"Blogu i Udh\u00ebtarit","link":"https:\/\/www.shqiperia.com\/blog\/category\/blogu-i-udhetarit\/"},"img":{"alt_text":"","src":"https:\/\/i0.wp.com\/www.shqiperia.com\/blog\/wp-content\/uploads\/2019\/12\/1577720771_cadra.jpg?fit=780%2C440&ssl=1&resize=350%2C200","width":350,"height":200,"srcset":"https:\/\/i0.wp.com\/www.shqiperia.com\/blog\/wp-content\/uploads\/2019\/12\/1577720771_cadra.jpg?fit=780%2C440&ssl=1&resize=350%2C200 1x, https:\/\/i0.wp.com\/www.shqiperia.com\/blog\/wp-content\/uploads\/2019\/12\/1577720771_cadra.jpg?fit=780%2C440&ssl=1&resize=525%2C300 1.5x, https:\/\/i0.wp.com\/www.shqiperia.com\/blog\/wp-content\/uploads\/2019\/12\/1577720771_cadra.jpg?fit=780%2C440&ssl=1&resize=700%2C400 2x"},"classes":[]},{"id":22224,"url":"https:\/\/www.shqiperia.com\/blog\/studimi-personat-qe-nuk-hane-mengjes-jane-te-rrezikur-nga\/","url_meta":{"origin":41954,"position":2},"title":"Studimi: &#8211; Personat q\u00eb nuk han\u00eb m\u00ebngjes jan\u00eb t\u00eb rrezikur nga\u2026","author":"Kurt Farka","date":"June 24, 2019","format":false,"excerpt":"Studimi: - Personat q\u00eb nuk han\u00eb m\u00ebngjes jan\u00eb t\u00eb rrezikur nga\u2026 Nj\u00eb person q\u00eb nuk konsumon m\u00ebngjes, \u00ebsht\u00eb m\u00eb i rrezikuar t\u00eb p\u00ebsoj\u00eb nj\u00eb goditje n\u00eb zem\u00ebr se sa nj\u00eb tjet\u00ebr person q\u00eb e konsumon at\u00eb. Njer\u00ebzit q\u00eb shmangin ushqimin n\u00eb m\u00ebngjes jan\u00eb pothuajse dy her\u00eb m\u00eb shum\u00eb t\u00eb rrezikuar\u2026","rel":"","context":"In &quot;Blogu i Udh\u00ebtarit&quot;","block_context":{"text":"Blogu i Udh\u00ebtarit","link":"https:\/\/www.shqiperia.com\/blog\/category\/blogu-i-udhetarit\/"},"img":{"alt_text":"","src":"https:\/\/i0.wp.com\/www.shqiperia.com\/blog\/wp-content\/uploads\/2019\/06\/mengjes-e1559633854685.jpg?fit=1016%2C567&ssl=1&resize=350%2C200","width":350,"height":200,"srcset":"https:\/\/i0.wp.com\/www.shqiperia.com\/blog\/wp-content\/uploads\/2019\/06\/mengjes-e1559633854685.jpg?fit=1016%2C567&ssl=1&resize=350%2C200 1x, https:\/\/i0.wp.com\/www.shqiperia.com\/blog\/wp-content\/uploads\/2019\/06\/mengjes-e1559633854685.jpg?fit=1016%2C567&ssl=1&resize=525%2C300 1.5x, https:\/\/i0.wp.com\/www.shqiperia.com\/blog\/wp-content\/uploads\/2019\/06\/mengjes-e1559633854685.jpg?fit=1016%2C567&ssl=1&resize=700%2C400 2x"},"classes":[]},{"id":3637,"url":"https:\/\/www.shqiperia.com\/blog\/vaj-ulliri-limon-per-fuqi-gjate-dites\/","url_meta":{"origin":41954,"position":3},"title":"Vaj Ulliri me Limon p\u00ebr Fuqi gjat\u00eb dit\u00ebs. &#8211;","author":"Kurt Farka","date":"February 20, 2018","format":false,"excerpt":"\u00a0 Kombinimi i vajit t\u00eb ullirit me limonin ka fuqi t\u00eb shk\u00eblqyera antiinflamatore. Foto: Flickr Kjo stin\u00eb, \u00ebsht\u00eb koha e duhur q\u00eb t\u00eb p\u00ebrfitoni nga kura e natyr\u00ebs duke konsumuar vaj ulliri me limon n\u00eb m\u00ebngjes Kur zgjoheni n\u00eb m\u00ebngjes, a ndiheni t\u00eb lodhur dhe pa energji? N\u00ebse p\u00ebrgjigjia \u00ebsht\u00eb\u2026","rel":"","context":"In &quot;Blogu i Udh\u00ebtarit&quot;","block_context":{"text":"Blogu i Udh\u00ebtarit","link":"https:\/\/www.shqiperia.com\/blog\/category\/blogu-i-udhetarit\/"},"img":{"alt_text":"","src":"https:\/\/i0.wp.com\/www.shqiperia.com\/blog\/wp-content\/uploads\/2018\/02\/20161107155341843786-750x500.jpg?fit=750%2C500&ssl=1&resize=350%2C200","width":350,"height":200,"srcset":"https:\/\/i0.wp.com\/www.shqiperia.com\/blog\/wp-content\/uploads\/2018\/02\/20161107155341843786-750x500.jpg?fit=750%2C500&ssl=1&resize=350%2C200 1x, https:\/\/i0.wp.com\/www.shqiperia.com\/blog\/wp-content\/uploads\/2018\/02\/20161107155341843786-750x500.jpg?fit=750%2C500&ssl=1&resize=525%2C300 1.5x, https:\/\/i0.wp.com\/www.shqiperia.com\/blog\/wp-content\/uploads\/2018\/02\/20161107155341843786-750x500.jpg?fit=750%2C500&ssl=1&resize=700%2C400 2x"},"classes":[]},{"id":81777,"url":"https:\/\/www.shqiperia.com\/blog\/perse-disa-njerez-e-ndjejne-nxehtesine-me-shume-se-te-tjeret-ka-nje-shpjegim\/","url_meta":{"origin":41954,"position":4},"title":"P\u00ebrse disa njer\u00ebz e ndjejn\u00eb nxeht\u00ebsin\u00eb m\u00eb shum\u00eb se t\u00eb tjer\u00ebt? Ka nj\u00eb shpjegim","author":"Kurt Farka","date":"June 11, 2024","format":false,"excerpt":"11 Qershor 2024 Ardhja e sezonit t\u00eb bukur t\u00eb ver\u00ebs p\u00ebr dik\u00eb \u00ebsht\u00eb nj\u00eb mundim i v\u00ebrtet\u00eb Intoleranca e nxeht\u00ebsis\u00eb rezulton nd\u00ebr v\u00ebshtir\u00ebsit\u00eb e m\u00ebdha q\u00eb organizmi t\u00eb rregulloj\u00eb ekuilibrat e tij t\u00eb brendsh\u00ebm q\u00eb t\u00eb p\u00ebrshtaten me temperatur\u00ebn. N\u00eb k\u00ebto raste djersitja \u00ebsht\u00eb intensive, fytyra b\u00ebhet m\u00eb e kuqe\u2026","rel":"","context":"In &quot;Blogu i Udh\u00ebtarit&quot;","block_context":{"text":"Blogu i Udh\u00ebtarit","link":"https:\/\/www.shqiperia.com\/blog\/category\/blogu-i-udhetarit\/"},"img":{"alt_text":"","src":"https:\/\/i0.wp.com\/www.shqiperia.com\/blog\/wp-content\/uploads\/2024\/06\/tirana-vapa-722x450-1.jpg?fit=722%2C450&ssl=1&resize=350%2C200","width":350,"height":200,"srcset":"https:\/\/i0.wp.com\/www.shqiperia.com\/blog\/wp-content\/uploads\/2024\/06\/tirana-vapa-722x450-1.jpg?fit=722%2C450&ssl=1&resize=350%2C200 1x, https:\/\/i0.wp.com\/www.shqiperia.com\/blog\/wp-content\/uploads\/2024\/06\/tirana-vapa-722x450-1.jpg?fit=722%2C450&ssl=1&resize=525%2C300 1.5x, https:\/\/i0.wp.com\/www.shqiperia.com\/blog\/wp-content\/uploads\/2024\/06\/tirana-vapa-722x450-1.jpg?fit=722%2C450&ssl=1&resize=700%2C400 2x"},"classes":[]},{"id":79463,"url":"https:\/\/www.shqiperia.com\/blog\/ja-cfare-ndodh-nese-zgjoheni-cdo-dite-ne-oren-6\/","url_meta":{"origin":41954,"position":5},"title":"Ja \u00e7far\u00eb ndodh n\u00ebse zgjoheni \u00e7do dit\u00eb n\u00eb or\u00ebn 6","author":"Kurt Farka","date":"March 21, 2024","format":false,"excerpt":"21 Mars 2024 N\u00ebse vazhdimisht nuk flini mjaftuesh\u00ebm ose nuk b\u00ebni gjum\u00eb t\u00eb mir\u00eb dhe zgjoheni her\u00ebt, mund t\u00eb vijn\u00eb disa efekte an\u00ebsore mjaft shqet\u00ebsuese. Eksperti i k\u00ebsaj \u00e7\u00ebshtjeje, James Leinhardt thot\u00eb se ekziston nj\u00eb keqkuptim i zakonsh\u00ebm q\u00eb duhet t\u00eb b\u00ebjm\u00eb tet\u00eb or\u00eb \u2018magjike\u2019 gjum\u00eb, nuk \u00ebsht\u00eb k\u00ebshtu, shkruan\u2026","rel":"","context":"In &quot;Blogu i Udh\u00ebtarit&quot;","block_context":{"text":"Blogu i Udh\u00ebtarit","link":"https:\/\/www.shqiperia.com\/blog\/category\/blogu-i-udhetarit\/"},"img":{"alt_text":"","src":"https:\/\/i0.wp.com\/www.shqiperia.com\/blog\/wp-content\/uploads\/2024\/03\/640-0-08c927b19e07866fbfcd3a83b025d4e2.png?fit=640%2C336&ssl=1&resize=350%2C200","width":350,"height":200,"srcset":"https:\/\/i0.wp.com\/www.shqiperia.com\/blog\/wp-content\/uploads\/2024\/03\/640-0-08c927b19e07866fbfcd3a83b025d4e2.png?fit=640%2C336&ssl=1&resize=350%2C200 1x, https:\/\/i0.wp.com\/www.shqiperia.com\/blog\/wp-content\/uploads\/2024\/03\/640-0-08c927b19e07866fbfcd3a83b025d4e2.png?fit=640%2C336&ssl=1&resize=525%2C300 1.5x"},"classes":[]}],"_links":{"self":[{"href":"https:\/\/www.shqiperia.com\/blog\/wp-json\/wp\/v2\/posts\/41954","targetHints":{"allow":["GET"]}}],"collection":[{"href":"https:\/\/www.shqiperia.com\/blog\/wp-json\/wp\/v2\/posts"}],"about":[{"href":"https:\/\/www.shqiperia.com\/blog\/wp-json\/wp\/v2\/types\/post"}],"author":[{"embeddable":true,"href":"https:\/\/www.shqiperia.com\/blog\/wp-json\/wp\/v2\/users\/9"}],"replies":[{"embeddable":true,"href":"https:\/\/www.shqiperia.com\/blog\/wp-json\/wp\/v2\/comments?post=41954"}],"version-history":[{"count":1,"href":"https:\/\/www.shqiperia.com\/blog\/wp-json\/wp\/v2\/posts\/41954\/revisions"}],"predecessor-version":[{"id":41956,"href":"https:\/\/www.shqiperia.com\/blog\/wp-json\/wp\/v2\/posts\/41954\/revisions\/41956"}],"wp:featuredmedia":[{"embeddable":true,"href":"https:\/\/www.shqiperia.com\/blog\/wp-json\/wp\/v2\/media\/41955"}],"wp:attachment":[{"href":"https:\/\/www.shqiperia.com\/blog\/wp-json\/wp\/v2\/media?parent=41954"}],"wp:term":[{"taxonomy":"category","embeddable":true,"href":"https:\/\/www.shqiperia.com\/blog\/wp-json\/wp\/v2\/categories?post=41954"},{"taxonomy":"post_tag","embeddable":true,"href":"https:\/\/www.shqiperia.com\/blog\/wp-json\/wp\/v2\/tags?post=41954"}],"curies":[{"name":"wp","href":"https:\/\/api.w.org\/{rel}","templated":true}]}}