{"id":41948,"date":"2020-12-15T22:42:30","date_gmt":"2020-12-15T22:42:30","guid":{"rendered":"https:\/\/www.shqiperia.com\/blog\/?p=41948"},"modified":"2020-12-15T22:42:30","modified_gmt":"2020-12-15T22:42:30","slug":"lekundje-termeti-ne-elbasan-ja-sa-ishte-magnituda","status":"publish","type":"post","link":"https:\/\/www.shqiperia.com\/blog\/lekundje-termeti-ne-elbasan-ja-sa-ishte-magnituda\/","title":{"rendered":"L\u00ebkundje t\u00ebrmeti n\u00eb Elbasan, ja sa ishte magnituda"},"content":{"rendered":"<p><img data-recalc-dims=\"1\" loading=\"lazy\" decoding=\"async\" data-attachment-id=\"41950\" data-permalink=\"https:\/\/www.shqiperia.com\/blog\/lekundje-termeti-ne-elbasan-ja-sa-ishte-magnituda\/640-0-5fd93276ec79c-3\/\" data-orig-file=\"https:\/\/i0.wp.com\/www.shqiperia.com\/blog\/wp-content\/uploads\/2020\/12\/640-0-5fd93276ec79c-3.jpg?fit=452%2C230&amp;ssl=1\" data-orig-size=\"452,230\" data-comments-opened=\"1\" data-image-meta=\"{&quot;aperture&quot;:&quot;0&quot;,&quot;credit&quot;:&quot;&quot;,&quot;camera&quot;:&quot;&quot;,&quot;caption&quot;:&quot;&quot;,&quot;created_timestamp&quot;:&quot;0&quot;,&quot;copyright&quot;:&quot;&quot;,&quot;focal_length&quot;:&quot;0&quot;,&quot;iso&quot;:&quot;0&quot;,&quot;shutter_speed&quot;:&quot;0&quot;,&quot;title&quot;:&quot;&quot;,&quot;orientation&quot;:&quot;0&quot;}\" data-image-title=\"-640-0-5fd93276ec79c (3)\" data-image-description=\"\" data-image-caption=\"\" data-medium-file=\"https:\/\/i0.wp.com\/www.shqiperia.com\/blog\/wp-content\/uploads\/2020\/12\/640-0-5fd93276ec79c-3.jpg?fit=300%2C153&amp;ssl=1\" data-large-file=\"https:\/\/i0.wp.com\/www.shqiperia.com\/blog\/wp-content\/uploads\/2020\/12\/640-0-5fd93276ec79c-3.jpg?fit=452%2C230&amp;ssl=1\" class=\"alignnone  wp-image-41950\" alt=\"\" src=\"https:\/\/i0.wp.com\/www.shqiperia.com\/blog\/wp-content\/uploads\/2020\/12\/640-0-5fd93276ec79c-3.jpg?resize=529%2C270&#038;ssl=1\" width=\"529\" height=\"270\" srcset=\"https:\/\/i0.wp.com\/www.shqiperia.com\/blog\/wp-content\/uploads\/2020\/12\/640-0-5fd93276ec79c-3.jpg?resize=300%2C153&amp;ssl=1 300w, https:\/\/i0.wp.com\/www.shqiperia.com\/blog\/wp-content\/uploads\/2020\/12\/640-0-5fd93276ec79c-3.jpg?resize=450%2C229&amp;ssl=1 450w, https:\/\/i0.wp.com\/www.shqiperia.com\/blog\/wp-content\/uploads\/2020\/12\/640-0-5fd93276ec79c-3.jpg?resize=400%2C204&amp;ssl=1 400w, https:\/\/i0.wp.com\/www.shqiperia.com\/blog\/wp-content\/uploads\/2020\/12\/640-0-5fd93276ec79c-3.jpg?w=452&amp;ssl=1 452w\" sizes=\"auto, (max-width: 529px) 100vw, 529px\" \/><\/p>\n<p>L\u00ebkundje t\u00ebrmeti n\u00eb Elbasan, ja sa ishte magnituda<\/p>\n<p>15 DHJETOR 2020<\/p>\n<p>ora 22.32<\/p>\n<p>L\u00ebkundje toke t\u00eb lehta jan\u00eb ndjer\u00eb n\u00eb Elbasan.T\u00eb dh\u00ebnat e para thon\u00eb se magnituda ka qen\u00eb 2.5 me thell\u00ebsi 3 km.<\/p>\n<p>Epiqendra ka qen\u00eb 9 km n\u00eb verilindje t\u00eb Elbasanit, dhe l\u00ebkundjet jan\u00eb regjistruar n\u00eb or\u00ebn 22:32.<\/p>\n<p>Gazeta Sot<\/p>\n","protected":false},"excerpt":{"rendered":"<p>L\u00ebkundje t\u00ebrmeti n\u00eb Elbasan, ja sa ishte magnituda 15 DHJETOR 2020 ora 22.32 L\u00ebkundje toke t\u00eb lehta jan\u00eb ndjer\u00eb n\u00eb Elbasan.T\u00eb dh\u00ebnat e para thon\u00eb se magnituda ka qen\u00eb 2.5 me thell\u00ebsi 3 km. Epiqendra ka qen\u00eb 9 km n\u00eb verilindje t\u00eb Elbasanit, dhe l\u00ebkundjet jan\u00eb regjistruar n\u00eb or\u00ebn 22:32. Gazeta Sot<\/p>\n","protected":false},"author":9,"featured_media":41950,"comment_status":"open","ping_status":"open","sticky":false,"template":"","format":"standard","meta":{"jetpack_post_was_ever_published":false,"_jetpack_newsletter_access":"","_jetpack_dont_email_post_to_subs":false,"_jetpack_newsletter_tier_id":0,"_jetpack_memberships_contains_paywalled_content":false,"_jetpack_memberships_contains_paid_content":false,"footnotes":"","jetpack_publicize_message":"","jetpack_publicize_feature_enabled":true,"jetpack_social_post_already_shared":true,"jetpack_social_options":{"image_generator_settings":{"template":"highway","default_image_id":0,"font":"","enabled":false},"version":2}},"categories":[27,1,35],"tags":[],"class_list":["post-41948","post","type-post","status-publish","format-standard","has-post-thumbnail","hentry","category-blogu-i-udhetarit","category-njoftime-shtypi","category-shoqerore"],"jetpack_publicize_connections":[],"jetpack_featured_media_url":"https:\/\/i0.wp.com\/www.shqiperia.com\/blog\/wp-content\/uploads\/2020\/12\/640-0-5fd93276ec79c-3.jpg?fit=452%2C230&ssl=1","jetpack_sharing_enabled":true,"jetpack_shortlink":"https:\/\/wp.me\/p5Z6wp-aUA","jetpack-related-posts":[{"id":97936,"url":"https:\/\/www.shqiperia.com\/blog\/lekundje-termeti-ne-elbasan-dhe-lushnje-ja-sa-ishte-magnituda\/","url_meta":{"origin":41948,"position":0},"title":"L\u00ebkundje t\u00ebrmeti n\u00eb Elbasan dhe Lushnje, ja sa ishte magnituda","author":"Kurt Farka","date":"February 24, 2026","format":false,"excerpt":"24 Shkurt 2026 L\u00ebkundje sizmike jan\u00eb regjistruar vet\u00ebm pak momente m\u00eb par\u00eb n\u00eb qytetin e Elbasanit. Raportohet se l\u00ebkundjet kan\u00eb qen\u00eb n\u00eb mas\u00ebn 4.3 ball\u00eb t\u00eb shkall\u00ebs Rihter, nd\u00ebrsa kan\u00eb pasur thell\u00ebsi prej 13 kilometrash. L\u00ebkundjet jan\u00eb regjistruar 6 kilometra n\u00eb veri-per\u00ebndim t\u00eb Lushnjes dhe 37 kilometra n\u00eb jug-per\u00ebndim t\u00eb\u2026","rel":"","context":"In &quot;Blogu i Udh\u00ebtarit&quot;","block_context":{"text":"Blogu i Udh\u00ebtarit","link":"https:\/\/www.shqiperia.com\/blog\/category\/blogu-i-udhetarit\/"},"img":{"alt_text":"","src":"https:\/\/i0.wp.com\/www.shqiperia.com\/blog\/wp-content\/uploads\/2026\/02\/termettt-1.jpg?fit=704%2C457&ssl=1&resize=350%2C200","width":350,"height":200,"srcset":"https:\/\/i0.wp.com\/www.shqiperia.com\/blog\/wp-content\/uploads\/2026\/02\/termettt-1.jpg?fit=704%2C457&ssl=1&resize=350%2C200 1x, https:\/\/i0.wp.com\/www.shqiperia.com\/blog\/wp-content\/uploads\/2026\/02\/termettt-1.jpg?fit=704%2C457&ssl=1&resize=525%2C300 1.5x, https:\/\/i0.wp.com\/www.shqiperia.com\/blog\/wp-content\/uploads\/2026\/02\/termettt-1.jpg?fit=704%2C457&ssl=1&resize=700%2C400 2x"},"classes":[]},{"id":35139,"url":"https:\/\/www.shqiperia.com\/blog\/lekundje-termeti-ne-durres-ja-sa-ishte-magnituda\/","url_meta":{"origin":41948,"position":1},"title":"L\u00ebkundje t\u00ebrmeti n\u00eb Durr\u00ebs, ja sa ishte magnituda","author":"Kurt Farka","date":"May 27, 2020","format":false,"excerpt":"L\u00ebkundje t\u00ebrmeti n\u00eb Durr\u00ebs, ja sa ishte magnituda \u00a027 maji 2020 Qyteti i Durr\u00ebsit \u00ebsht\u00eb l\u00ebkundur pasditen e sotme nga nj\u00eb t\u00ebrmet. L\u00ebkundja \u00ebsht\u00eb ndjer\u00eb pak minuta m\u00eb par\u00eb dhe ka qen\u00eb me magnitud\u00eb 2.4 t\u00eb shkall\u00ebs Rihter. Raportohet se t\u00ebrmeti ka qen\u00eb i leht\u00eb dhe nuk ka shkaktuar d\u00ebme\u2026","rel":"","context":"In &quot;Blogu i Udh\u00ebtarit&quot;","block_context":{"text":"Blogu i Udh\u00ebtarit","link":"https:\/\/www.shqiperia.com\/blog\/category\/blogu-i-udhetarit\/"},"img":{"alt_text":"","src":"https:\/\/i0.wp.com\/www.shqiperia.com\/blog\/wp-content\/uploads\/2020\/05\/termet1.jpg?fit=520%2C360&ssl=1&resize=350%2C200","width":350,"height":200},"classes":[]},{"id":62422,"url":"https:\/\/www.shqiperia.com\/blog\/lekundje-termeti-ne-vendin-fqinj-ja-sa-ishte-magnituda\/","url_meta":{"origin":41948,"position":2},"title":"L\u00ebkundje termeti n\u00eb vendin fqinj, ja sa ishte magnituda","author":"Kurt Farka","date":"September 17, 2022","format":false,"excerpt":"17 Shtator 2022 Nj\u00eb tjet\u00ebr termet \u00ebsht\u00eb ndjer\u00eb n\u00eb Greqi. Sipas mediave vendase, l\u00ebkundje sizmike me magnitud\u00eb 4.1 ball\u00eb t\u00eb shkall\u00ebs Rihter jan\u00eb regjistruar n\u00eb Kret\u00eb mbr\u00ebmjen e k\u00ebsaj t\u00eb shtune. Sipas informacioneve t\u00eb para, epiqendra ishte 33.7 km n\u00eb verilindje t\u00eb Elounda-s dhe n\u00eb nj\u00eb thell\u00ebsi prej 5.0 km.","rel":"","context":"In &quot;Kultura&quot;","block_context":{"text":"Kultura","link":"https:\/\/www.shqiperia.com\/blog\/category\/kultura\/"},"img":{"alt_text":"","src":"https:\/\/i0.wp.com\/www.shqiperia.com\/blog\/wp-content\/uploads\/2022\/09\/800-0-63262677aabd9.jpg?fit=800%2C434&ssl=1&resize=350%2C200","width":350,"height":200,"srcset":"https:\/\/i0.wp.com\/www.shqiperia.com\/blog\/wp-content\/uploads\/2022\/09\/800-0-63262677aabd9.jpg?fit=800%2C434&ssl=1&resize=350%2C200 1x, https:\/\/i0.wp.com\/www.shqiperia.com\/blog\/wp-content\/uploads\/2022\/09\/800-0-63262677aabd9.jpg?fit=800%2C434&ssl=1&resize=525%2C300 1.5x, https:\/\/i0.wp.com\/www.shqiperia.com\/blog\/wp-content\/uploads\/2022\/09\/800-0-63262677aabd9.jpg?fit=800%2C434&ssl=1&resize=700%2C400 2x"},"classes":[]},{"id":33465,"url":"https:\/\/www.shqiperia.com\/blog\/lekundje-te-forta-shkundet-nga-termeti-greqia-ja-sa-ishte-magnituda\/","url_meta":{"origin":41948,"position":3},"title":"L\u00ebkundje t\u00eb forta, \u2018shkundet\u2019 nga t\u00ebrmeti Greqia, ja sa ishte magnituda","author":"Kurt Farka","date":"April 15, 2020","format":false,"excerpt":"L\u00ebkundje t\u00eb forta, \u2018shkundet\u2019 nga t\u00ebrmeti Greqia, ja sa ishte magnituda 15 PRILL 2020 Rikthehen l\u00ebkundjet n\u00eb vendin fqinj. Nj\u00eb l\u00ebkundje me mgantiud\u00eb 4.58 e shkall\u00ebs riter \u00ebsht\u00eb regjistruar n\u00eb Greqi reth or\u00ebs 14:20. T\u00ebrmeti u regjistrua pran\u00eb qytetit t\u00eb Edessa, teksa thell\u00ebsia ishte 10 km. Gazeta Sot","rel":"","context":"In &quot;Blogu i Udh\u00ebtarit&quot;","block_context":{"text":"Blogu i Udh\u00ebtarit","link":"https:\/\/www.shqiperia.com\/blog\/category\/blogu-i-udhetarit\/"},"img":{"alt_text":"","src":"https:\/\/i0.wp.com\/www.shqiperia.com\/blog\/wp-content\/uploads\/2020\/04\/640-0-5e96fec8ae797-1.jpeg?fit=640%2C386&ssl=1&resize=350%2C200","width":350,"height":200,"srcset":"https:\/\/i0.wp.com\/www.shqiperia.com\/blog\/wp-content\/uploads\/2020\/04\/640-0-5e96fec8ae797-1.jpeg?fit=640%2C386&ssl=1&resize=350%2C200 1x, https:\/\/i0.wp.com\/www.shqiperia.com\/blog\/wp-content\/uploads\/2020\/04\/640-0-5e96fec8ae797-1.jpeg?fit=640%2C386&ssl=1&resize=525%2C300 1.5x"},"classes":[]},{"id":35953,"url":"https:\/\/www.shqiperia.com\/blog\/lekundje-termeti-ne-shqiperi-00-12-ja-ku-ishte-epiqendra-dhe-magnituda\/","url_meta":{"origin":41948,"position":4},"title":"L\u00ebkundje t\u00ebrmeti n\u00eb Shqip\u00ebri 00.12, ja ku ishte epiqendra dhe magnituda","author":"Kurt Farka","date":"June 29, 2020","format":false,"excerpt":"L\u00ebkundje t\u00ebrmeti n\u00eb Shqip\u00ebri 00.12, ja ku ishte epiqendra dhe magnituda 30 Qershor 2020 | 00 : 12 Nj\u00eb l\u00ebkundje e leht\u00eb t\u00ebrmeti \u00ebsht\u00eb regjistruar mbr\u00ebmjen e sotme n\u00eb vendin ton\u00eb. Paraprakisht b\u00ebhet me dije se t\u00ebrmeti ka pasur nj\u00eb magnitud\u00eb prej 3.4, nd\u00ebrsa epiqendra ndryshe nga her\u00ebt e tjera\u2026","rel":"","context":"In &quot;Blogu i Udh\u00ebtarit&quot;","block_context":{"text":"Blogu i Udh\u00ebtarit","link":"https:\/\/www.shqiperia.com\/blog\/category\/blogu-i-udhetarit\/"},"img":{"alt_text":"","src":"https:\/\/i0.wp.com\/www.shqiperia.com\/blog\/wp-content\/uploads\/2020\/06\/160.jpg?fit=402%2C201&ssl=1&resize=350%2C200","width":350,"height":200},"classes":[]},{"id":73286,"url":"https:\/\/www.shqiperia.com\/blog\/termet-ne-vend-ja-sa-ishte-magnituda\/","url_meta":{"origin":41948,"position":5},"title":"T\u00ebrmet n\u00eb vend, ja sa ishte magnituda","author":"Kurt Farka","date":"August 5, 2023","format":false,"excerpt":"5 Gusht 2023 Pak minuta m\u00eb par\u00eb jan\u00eb ndjer\u00eb l\u00ebkundje sizmike n\u00eb vendin ton\u00eb. Sipas IGJEUM, t\u00ebrmeti ka qen\u00eb me thell\u00ebsi 5 km dhe me magnitud\u00eb 3.5 i shkall\u00ebs Rihter. Epiqend\u00ebra ishte n\u00eb Cepo t\u00eb Gjirokastr\u00ebs. Aktualisht nuk raportohet p\u00ebr d\u00ebme materiale.","rel":"","context":"In &quot;Blogu i Udh\u00ebtarit&quot;","block_context":{"text":"Blogu i Udh\u00ebtarit","link":"https:\/\/www.shqiperia.com\/blog\/category\/blogu-i-udhetarit\/"},"img":{"alt_text":"","src":"https:\/\/i0.wp.com\/www.shqiperia.com\/blog\/wp-content\/uploads\/2023\/08\/800-0-64cd61533d302.jpg?fit=800%2C554&ssl=1&resize=350%2C200","width":350,"height":200,"srcset":"https:\/\/i0.wp.com\/www.shqiperia.com\/blog\/wp-content\/uploads\/2023\/08\/800-0-64cd61533d302.jpg?fit=800%2C554&ssl=1&resize=350%2C200 1x, https:\/\/i0.wp.com\/www.shqiperia.com\/blog\/wp-content\/uploads\/2023\/08\/800-0-64cd61533d302.jpg?fit=800%2C554&ssl=1&resize=525%2C300 1.5x, https:\/\/i0.wp.com\/www.shqiperia.com\/blog\/wp-content\/uploads\/2023\/08\/800-0-64cd61533d302.jpg?fit=800%2C554&ssl=1&resize=700%2C400 2x"},"classes":[]}],"_links":{"self":[{"href":"https:\/\/www.shqiperia.com\/blog\/wp-json\/wp\/v2\/posts\/41948","targetHints":{"allow":["GET"]}}],"collection":[{"href":"https:\/\/www.shqiperia.com\/blog\/wp-json\/wp\/v2\/posts"}],"about":[{"href":"https:\/\/www.shqiperia.com\/blog\/wp-json\/wp\/v2\/types\/post"}],"author":[{"embeddable":true,"href":"https:\/\/www.shqiperia.com\/blog\/wp-json\/wp\/v2\/users\/9"}],"replies":[{"embeddable":true,"href":"https:\/\/www.shqiperia.com\/blog\/wp-json\/wp\/v2\/comments?post=41948"}],"version-history":[{"count":1,"href":"https:\/\/www.shqiperia.com\/blog\/wp-json\/wp\/v2\/posts\/41948\/revisions"}],"predecessor-version":[{"id":41951,"href":"https:\/\/www.shqiperia.com\/blog\/wp-json\/wp\/v2\/posts\/41948\/revisions\/41951"}],"wp:featuredmedia":[{"embeddable":true,"href":"https:\/\/www.shqiperia.com\/blog\/wp-json\/wp\/v2\/media\/41950"}],"wp:attachment":[{"href":"https:\/\/www.shqiperia.com\/blog\/wp-json\/wp\/v2\/media?parent=41948"}],"wp:term":[{"taxonomy":"category","embeddable":true,"href":"https:\/\/www.shqiperia.com\/blog\/wp-json\/wp\/v2\/categories?post=41948"},{"taxonomy":"post_tag","embeddable":true,"href":"https:\/\/www.shqiperia.com\/blog\/wp-json\/wp\/v2\/tags?post=41948"}],"curies":[{"name":"wp","href":"https:\/\/api.w.org\/{rel}","templated":true}]}}