{"id":41945,"date":"2020-12-15T21:09:09","date_gmt":"2020-12-15T21:09:09","guid":{"rendered":"https:\/\/www.shqiperia.com\/blog\/?p=41945"},"modified":"2020-12-15T21:10:47","modified_gmt":"2020-12-15T21:10:47","slug":"babagjyshi-i-vitit-te-ri-shkon-per-ti-gezuar-per-festa-por-infekton-75-te-moshuar-me-koronavirus","status":"publish","type":"post","link":"https:\/\/www.shqiperia.com\/blog\/babagjyshi-i-vitit-te-ri-shkon-per-ti-gezuar-per-festa-por-infekton-75-te-moshuar-me-koronavirus\/","title":{"rendered":"\u201cBabagjyshi\u201d i Vitit t\u00eb Ri shkon p\u00ebr t\u2019i g\u00ebzuar p\u00ebr festa por infekton 75 t\u00eb moshuar me koronavirus"},"content":{"rendered":"<p><img data-recalc-dims=\"1\" loading=\"lazy\" decoding=\"async\" data-attachment-id=\"41946\" data-permalink=\"https:\/\/www.shqiperia.com\/blog\/babagjyshi-i-vitit-te-ri-shkon-per-ti-gezuar-per-festa-por-infekton-75-te-moshuar-me-koronavirus\/auto_unnamed1514122138\/\" data-orig-file=\"https:\/\/i0.wp.com\/www.shqiperia.com\/blog\/wp-content\/uploads\/2020\/12\/auto_unnamed1514122138.jpg?fit=850%2C501&amp;ssl=1\" data-orig-size=\"850,501\" data-comments-opened=\"1\" data-image-meta=\"{&quot;aperture&quot;:&quot;0&quot;,&quot;credit&quot;:&quot;&quot;,&quot;camera&quot;:&quot;&quot;,&quot;caption&quot;:&quot;&quot;,&quot;created_timestamp&quot;:&quot;0&quot;,&quot;copyright&quot;:&quot;&quot;,&quot;focal_length&quot;:&quot;0&quot;,&quot;iso&quot;:&quot;0&quot;,&quot;shutter_speed&quot;:&quot;0&quot;,&quot;title&quot;:&quot;&quot;,&quot;orientation&quot;:&quot;0&quot;}\" data-image-title=\"auto_unnamed1514122138\" data-image-description=\"\" data-image-caption=\"\" data-medium-file=\"https:\/\/i0.wp.com\/www.shqiperia.com\/blog\/wp-content\/uploads\/2020\/12\/auto_unnamed1514122138.jpg?fit=300%2C177&amp;ssl=1\" data-large-file=\"https:\/\/i0.wp.com\/www.shqiperia.com\/blog\/wp-content\/uploads\/2020\/12\/auto_unnamed1514122138.jpg?fit=850%2C501&amp;ssl=1\" class=\"alignnone wp-image-41946\" alt=\"\" src=\"https:\/\/i0.wp.com\/www.shqiperia.com\/blog\/wp-content\/uploads\/2020\/12\/auto_unnamed1514122138.jpg?resize=607%2C358&#038;ssl=1\" width=\"607\" height=\"358\" srcset=\"https:\/\/i0.wp.com\/www.shqiperia.com\/blog\/wp-content\/uploads\/2020\/12\/auto_unnamed1514122138.jpg?resize=300%2C177&amp;ssl=1 300w, https:\/\/i0.wp.com\/www.shqiperia.com\/blog\/wp-content\/uploads\/2020\/12\/auto_unnamed1514122138.jpg?resize=768%2C453&amp;ssl=1 768w, https:\/\/i0.wp.com\/www.shqiperia.com\/blog\/wp-content\/uploads\/2020\/12\/auto_unnamed1514122138.jpg?resize=450%2C265&amp;ssl=1 450w, https:\/\/i0.wp.com\/www.shqiperia.com\/blog\/wp-content\/uploads\/2020\/12\/auto_unnamed1514122138.jpg?resize=600%2C354&amp;ssl=1 600w, https:\/\/i0.wp.com\/www.shqiperia.com\/blog\/wp-content\/uploads\/2020\/12\/auto_unnamed1514122138.jpg?resize=400%2C236&amp;ssl=1 400w, https:\/\/i0.wp.com\/www.shqiperia.com\/blog\/wp-content\/uploads\/2020\/12\/auto_unnamed1514122138.jpg?w=850&amp;ssl=1 850w\" sizes=\"auto, (max-width: 607px) 100vw, 607px\" \/><\/p>\n<p><strong>\u201cBabagjyshi\u201d i Vitit t\u00eb Ri shkon p\u00ebr t\u2019i g\u00ebzuar p\u00ebr festa por infekton 75 t\u00eb moshuar me koronavirus<\/strong><\/p>\n<p>14 dhjetor 2020<\/p>\n<p>\u201cSanta Claus\u201d ka infektuar 75 t\u00eb moshuar n\u00eb sht\u00ebpit\u00eb e kujdesit me koronavirus n\u00eb Belgjik\u00eb.<\/p>\n<p>Ai ishte ftuar n\u00eb sht\u00ebpin\u00eb e kujdesit p\u00ebr t\u00eb moshuarit s\u00eb bashku me \u201celf\u00ebt\u201d e tij, p\u00ebr t\u00eb \u00e7uar g\u00ebzimin e festave.<\/p>\n<p>Por n\u00eb vend t\u00eb k\u00ebsaj, ai u \u00e7oi t\u00eb moshuarve koronavirusin, duke infektuar 75 prej tyre.<\/p>\n<p>\u201cBabagjyshi\u201d u s\u00ebmur dhe rezultoi pozitiv me koronavirus, tre dit\u00eb pas vizit\u00ebs n\u00eb sht\u00ebpin\u00eb e t\u00eb moshuarve.<\/p>\n<p>Deri m\u00eb tani, t\u00eb pakt\u00ebn nj\u00eb person ka filluar trajtimin me oksigjen.<\/p>\n<p><em>j.l.\/ dita\u00a0<\/em><\/p>\n","protected":false},"excerpt":{"rendered":"<p>\u201cBabagjyshi\u201d i Vitit t\u00eb Ri shkon p\u00ebr t\u2019i g\u00ebzuar p\u00ebr festa por infekton 75 t\u00eb moshuar me koronavirus 14 dhjetor 2020 \u201cSanta Claus\u201d ka infektuar 75 t\u00eb moshuar n\u00eb sht\u00ebpit\u00eb e kujdesit me koronavirus n\u00eb Belgjik\u00eb. Ai ishte ftuar n\u00eb sht\u00ebpin\u00eb e kujdesit p\u00ebr t\u00eb moshuarit s\u00eb bashku me \u201celf\u00ebt\u201d e tij, p\u00ebr t\u00eb \u00e7uar [&hellip;]<\/p>\n","protected":false},"author":9,"featured_media":41946,"comment_status":"open","ping_status":"open","sticky":false,"template":"","format":"standard","meta":{"jetpack_post_was_ever_published":false,"_jetpack_newsletter_access":"","_jetpack_dont_email_post_to_subs":false,"_jetpack_newsletter_tier_id":0,"_jetpack_memberships_contains_paywalled_content":false,"_jetpack_memberships_contains_paid_content":false,"footnotes":"","jetpack_publicize_message":"","jetpack_publicize_feature_enabled":true,"jetpack_social_post_already_shared":true,"jetpack_social_options":{"image_generator_settings":{"template":"highway","default_image_id":0,"font":"","enabled":false},"version":2}},"categories":[27,35],"tags":[],"class_list":["post-41945","post","type-post","status-publish","format-standard","has-post-thumbnail","hentry","category-blogu-i-udhetarit","category-shoqerore"],"jetpack_publicize_connections":[],"jetpack_featured_media_url":"https:\/\/i0.wp.com\/www.shqiperia.com\/blog\/wp-content\/uploads\/2020\/12\/auto_unnamed1514122138.jpg?fit=850%2C501&ssl=1","jetpack_sharing_enabled":true,"jetpack_shortlink":"https:\/\/wp.me\/p5Z6wp-aUx","jetpack-related-posts":[{"id":38482,"url":"https:\/\/www.shqiperia.com\/blog\/halucinacione-trauma-cfare-ka-lene-pas-kovidi-te-pacientet-e-infektuar\/","url_meta":{"origin":41945,"position":0},"title":"Halucinacione, trauma. &#8211; \u00c7far\u00eb ka l\u00ebn\u00eb pas kovidi te pacient\u00ebt e infektuar!","author":"Kurt Farka","date":"September 16, 2020","format":false,"excerpt":"Halucinacione, trauma. - \u00c7far\u00eb ka l\u00ebn\u00eb pas kovidi te pacient\u00ebt e infektuar! 16 SHTATOR 2020 N\u00eb Indi, numri i rasteve me koronavirus, n\u00eb kufijt\u00eb e ekstremit, ka ngritur nj\u00eb tjet\u00ebr alarm: probleme serioze t\u00eb sh\u00ebndetit mendor te pacient\u00ebt me Covid-19, shkruan Vikas Pandey i BBC. Rajesh Tiwari, 42 vje\u00e7, iu\u2026","rel":"","context":"In &quot;Blogu i Udh\u00ebtarit&quot;","block_context":{"text":"Blogu i Udh\u00ebtarit","link":"https:\/\/www.shqiperia.com\/blog\/category\/blogu-i-udhetarit\/"},"img":{"alt_text":"","src":"https:\/\/i0.wp.com\/www.shqiperia.com\/blog\/wp-content\/uploads\/2020\/09\/640-0-5f61cebbc0586.jpg?fit=640%2C360&ssl=1&resize=350%2C200","width":350,"height":200,"srcset":"https:\/\/i0.wp.com\/www.shqiperia.com\/blog\/wp-content\/uploads\/2020\/09\/640-0-5f61cebbc0586.jpg?fit=640%2C360&ssl=1&resize=350%2C200 1x, https:\/\/i0.wp.com\/www.shqiperia.com\/blog\/wp-content\/uploads\/2020\/09\/640-0-5f61cebbc0586.jpg?fit=640%2C360&ssl=1&resize=525%2C300 1.5x"},"classes":[]},{"id":43440,"url":"https:\/\/www.shqiperia.com\/blog\/pellumb-pipero-eshte-infektuar-me-koronavirus-14-dite-pasi-ka-marre-dozen-e-pare-te-vaksines-pfizer\/","url_meta":{"origin":41945,"position":1},"title":"P\u00ebllumb Pipero, \u00ebsht\u00eb infektuar me koronavirus,\u00a014 dit\u00eb pasi ka marr\u00eb doz\u00ebn e par\u00eb t\u00eb vaksin\u00ebs Pfizer.","author":"Kurt Farka","date":"January 27, 2021","format":false,"excerpt":"P\u00ebllumb Pipero, \u00ebsht\u00eb infektuar me koronavirus,\u00a014 dit\u00eb pasi ka marr\u00eb doz\u00ebn e par\u00eb t\u00eb vaksin\u00ebs Pfizer. M\u00ebsohet se Pipero \u00ebsht\u00eb n\u00eb gjendje t\u00eb mir\u00eb sh\u00ebndet\u00ebsore dhe po kurohet n\u00eb sht\u00ebpi. Ai\u00a0 mori doz\u00ebn e par\u00eb t\u00eb vaksin\u00ebs kund\u00ebr koronavirusit, m\u00eb 11 janar, n\u00eb t\u00eb nj\u00ebt\u00ebn dit\u00eb kur u vaksinua edhe\u2026","rel":"","context":"In &quot;Blogu i Udh\u00ebtarit&quot;","block_context":{"text":"Blogu i Udh\u00ebtarit","link":"https:\/\/www.shqiperia.com\/blog\/category\/blogu-i-udhetarit\/"},"img":{"alt_text":"","src":"https:\/\/i0.wp.com\/www.shqiperia.com\/blog\/wp-content\/uploads\/2021\/01\/640-0-60113aa659e9d.jpg?fit=640%2C361&ssl=1&resize=350%2C200","width":350,"height":200,"srcset":"https:\/\/i0.wp.com\/www.shqiperia.com\/blog\/wp-content\/uploads\/2021\/01\/640-0-60113aa659e9d.jpg?fit=640%2C361&ssl=1&resize=350%2C200 1x, https:\/\/i0.wp.com\/www.shqiperia.com\/blog\/wp-content\/uploads\/2021\/01\/640-0-60113aa659e9d.jpg?fit=640%2C361&ssl=1&resize=525%2C300 1.5x"},"classes":[]},{"id":32218,"url":"https:\/\/www.shqiperia.com\/blog\/pergatituni-per-me-te-keqen-alarmi-i-mjekeve-italiane-per-europen-spitalet-do-te-bien-ne-kolaps\/","url_meta":{"origin":41945,"position":2},"title":"\u201cP\u00ebrgatituni p\u00ebr m\u00eb t\u00eb keqen\u201d\/ Alarmi i mjek\u00ebve italian\u00eb p\u00ebr Europ\u00ebn: Spitalet do t\u00eb bien n\u00eb kolaps","author":"Kurt Farka","date":"March 10, 2020","format":false,"excerpt":"\u201cP\u00ebrgatituni p\u00ebr m\u00eb t\u00eb keqen\u201d\/ Alarmi i mjek\u00ebve italian\u00eb p\u00ebr Europ\u00ebn: Spitalet do t\u00eb bien n\u00eb kolaps 09\/03\/20 Nd\u00ebrkoh\u00eb q\u00eb luftojn\u00eb prej jav\u00ebsh me shp\u00ebrthimin e koronavirusit, mjek\u00ebt italian\u00eb u kan\u00eb d\u00ebrguar nj\u00eb let\u00ebr t\u00eb gjitha vendeve europiane duke u k\u00ebrkuar t\u00eb parap\u00ebrgatiten p\u00ebr epidemin\u00eb, e cila mund t\u00eb \u00e7oj\u00eb\u2026","rel":"","context":"In &quot;Blogu i Udh\u00ebtarit&quot;","block_context":{"text":"Blogu i Udh\u00ebtarit","link":"https:\/\/www.shqiperia.com\/blog\/category\/blogu-i-udhetarit\/"},"img":{"alt_text":"","src":"https:\/\/i0.wp.com\/www.shqiperia.com\/blog\/wp-content\/uploads\/2020\/03\/italy-calls-back-retired-doctors-as-coronavirus-deaths-mount-e1583789929599.jpg?fit=616%2C339&ssl=1&resize=350%2C200","width":350,"height":200,"srcset":"https:\/\/i0.wp.com\/www.shqiperia.com\/blog\/wp-content\/uploads\/2020\/03\/italy-calls-back-retired-doctors-as-coronavirus-deaths-mount-e1583789929599.jpg?fit=616%2C339&ssl=1&resize=350%2C200 1x, https:\/\/i0.wp.com\/www.shqiperia.com\/blog\/wp-content\/uploads\/2020\/03\/italy-calls-back-retired-doctors-as-coronavirus-deaths-mount-e1583789929599.jpg?fit=616%2C339&ssl=1&resize=525%2C300 1.5x"},"classes":[]},{"id":37444,"url":"https:\/\/www.shqiperia.com\/blog\/studimi-i-ri-humbja-e-nuhatjes-si-ta-kuptoni-se-jeni-infektuar-me-koronavirus\/","url_meta":{"origin":41945,"position":3},"title":"Studimi i ri\/ Humbja e nuhatjes, si ta kuptoni se jeni infektuar me koronavirus","author":"Kurt Farka","date":"August 20, 2020","format":false,"excerpt":"Studimi i ri\/ Humbja e nuhatjes, si ta kuptoni se jeni infektuar me koronavirus 20 GUSHT 2020 Humbja e aft\u00ebsis\u00eb p\u00ebr t\u00eb nuhatur q\u00eb mund t\u00eb shoq\u00ebroj\u00eb koronavirusin \u00ebsht\u00eb unike dhe e ndryshme nga ajo q\u00eb p\u00ebrjetohet nga dikush \u00ebsht\u00eb thjesht i ftohur ose i prekur nga gripi i zakonsh\u00ebm.\u2026","rel":"","context":"In &quot;Njoftime Shtypi&quot;","block_context":{"text":"Njoftime Shtypi","link":"https:\/\/www.shqiperia.com\/blog\/category\/njoftime-shtypi\/"},"img":{"alt_text":"","src":"https:\/\/i0.wp.com\/www.shqiperia.com\/blog\/wp-content\/uploads\/2020\/08\/640-0-5f3e68bf60c4b.jpg?fit=640%2C360&ssl=1&resize=350%2C200","width":350,"height":200,"srcset":"https:\/\/i0.wp.com\/www.shqiperia.com\/blog\/wp-content\/uploads\/2020\/08\/640-0-5f3e68bf60c4b.jpg?fit=640%2C360&ssl=1&resize=350%2C200 1x, https:\/\/i0.wp.com\/www.shqiperia.com\/blog\/wp-content\/uploads\/2020\/08\/640-0-5f3e68bf60c4b.jpg?fit=640%2C360&ssl=1&resize=525%2C300 1.5x"},"classes":[]},{"id":44542,"url":"https:\/\/www.shqiperia.com\/blog\/ja-kush-jane-personalitetet-belgjike-e-moshuara-me-koronavirus-refuzon-respiratorin-jepjani-nje-te-riu-nderroi-jete-2-dite-me-pas\/","url_meta":{"origin":41945,"position":4},"title":"Ja kush jane Personalitetet&#8230; &#8211; Belgjik\u00eb, e moshuara me koronavirus refuzon respiratorin: Jepjani nj\u00eb t\u00eb riu&#8230;Nd\u00ebrroi jet\u00eb 2 dit\u00eb m\u00eb pas","author":"Kurt Farka","date":"February 22, 2021","format":false,"excerpt":"Ja kush jane Personalitetet... Belgjik\u00eb, e moshuara me koronavirus refuzon respiratorin: Jepjani nj\u00eb t\u00eb riu...Nd\u00ebrroi jet\u00eb 2 dit\u00eb m\u00eb pas Suzanne Hoylaerts, nd\u00ebrroi jet\u00eb nga koronavirusi pasi me vullnetin e saj refuzoi t\u00eb p\u00ebrdorte ventilatorin Prill 2020, Gazeta Shqiptarja.Com N\u00eb nj\u00eb koh\u00eb kur e gjith\u00eb bota po vuan munges\u00ebn e\u2026","rel":"","context":"In &quot;Blogu i Udh\u00ebtarit&quot;","block_context":{"text":"Blogu i Udh\u00ebtarit","link":"https:\/\/www.shqiperia.com\/blog\/category\/blogu-i-udhetarit\/"},"img":{"alt_text":"","src":"https:\/\/i0.wp.com\/www.shqiperia.com\/blog\/wp-content\/uploads\/2021\/02\/Suzanne-Hoylaerts.jpg?fit=780%2C440&ssl=1&resize=350%2C200","width":350,"height":200,"srcset":"https:\/\/i0.wp.com\/www.shqiperia.com\/blog\/wp-content\/uploads\/2021\/02\/Suzanne-Hoylaerts.jpg?fit=780%2C440&ssl=1&resize=350%2C200 1x, https:\/\/i0.wp.com\/www.shqiperia.com\/blog\/wp-content\/uploads\/2021\/02\/Suzanne-Hoylaerts.jpg?fit=780%2C440&ssl=1&resize=525%2C300 1.5x, https:\/\/i0.wp.com\/www.shqiperia.com\/blog\/wp-content\/uploads\/2021\/02\/Suzanne-Hoylaerts.jpg?fit=780%2C440&ssl=1&resize=700%2C400 2x"},"classes":[]},{"id":31869,"url":"https:\/\/www.shqiperia.com\/blog\/si-te-kontrollojme-veten-ne-mengjes-nese-jemi-apo-jo-te-infektuar-me-koronavirus\/","url_meta":{"origin":41945,"position":5},"title":"Si t\u00eb kontrollojm\u00eb veten n\u00eb m\u00ebngjes n\u00ebse jemi apo jo t\u00eb infektuar me koronavirus","author":"Kurt Farka","date":"February 28, 2020","format":false,"excerpt":"Si t\u00eb kontrollojm\u00eb veten n\u00eb m\u00ebngjes n\u00ebse jemi apo jo t\u00eb infektuar me koronavirus 27, shkurt 2020 Nga: Lira Gjika Coronavirus-i mund te mos tregoje shenja infeksioni per shume dite- atehere si mund ta marre vesh dikush nese eshte prekur apo jo. Informacioni me i fundit eshte se periudha e\u2026","rel":"","context":"In &quot;Blogu i Udh\u00ebtarit&quot;","block_context":{"text":"Blogu i Udh\u00ebtarit","link":"https:\/\/www.shqiperia.com\/blog\/category\/blogu-i-udhetarit\/"},"img":{"alt_text":"","src":"https:\/\/i0.wp.com\/www.shqiperia.com\/blog\/wp-content\/uploads\/2020\/02\/F5E5610E-AEE5-4ADD-9354-9F3E4D8F446F-905x450-1.jpeg?fit=905%2C450&ssl=1&resize=350%2C200","width":350,"height":200,"srcset":"https:\/\/i0.wp.com\/www.shqiperia.com\/blog\/wp-content\/uploads\/2020\/02\/F5E5610E-AEE5-4ADD-9354-9F3E4D8F446F-905x450-1.jpeg?fit=905%2C450&ssl=1&resize=350%2C200 1x, https:\/\/i0.wp.com\/www.shqiperia.com\/blog\/wp-content\/uploads\/2020\/02\/F5E5610E-AEE5-4ADD-9354-9F3E4D8F446F-905x450-1.jpeg?fit=905%2C450&ssl=1&resize=525%2C300 1.5x, https:\/\/i0.wp.com\/www.shqiperia.com\/blog\/wp-content\/uploads\/2020\/02\/F5E5610E-AEE5-4ADD-9354-9F3E4D8F446F-905x450-1.jpeg?fit=905%2C450&ssl=1&resize=700%2C400 2x"},"classes":[]}],"_links":{"self":[{"href":"https:\/\/www.shqiperia.com\/blog\/wp-json\/wp\/v2\/posts\/41945","targetHints":{"allow":["GET"]}}],"collection":[{"href":"https:\/\/www.shqiperia.com\/blog\/wp-json\/wp\/v2\/posts"}],"about":[{"href":"https:\/\/www.shqiperia.com\/blog\/wp-json\/wp\/v2\/types\/post"}],"author":[{"embeddable":true,"href":"https:\/\/www.shqiperia.com\/blog\/wp-json\/wp\/v2\/users\/9"}],"replies":[{"embeddable":true,"href":"https:\/\/www.shqiperia.com\/blog\/wp-json\/wp\/v2\/comments?post=41945"}],"version-history":[{"count":1,"href":"https:\/\/www.shqiperia.com\/blog\/wp-json\/wp\/v2\/posts\/41945\/revisions"}],"predecessor-version":[{"id":41947,"href":"https:\/\/www.shqiperia.com\/blog\/wp-json\/wp\/v2\/posts\/41945\/revisions\/41947"}],"wp:featuredmedia":[{"embeddable":true,"href":"https:\/\/www.shqiperia.com\/blog\/wp-json\/wp\/v2\/media\/41946"}],"wp:attachment":[{"href":"https:\/\/www.shqiperia.com\/blog\/wp-json\/wp\/v2\/media?parent=41945"}],"wp:term":[{"taxonomy":"category","embeddable":true,"href":"https:\/\/www.shqiperia.com\/blog\/wp-json\/wp\/v2\/categories?post=41945"},{"taxonomy":"post_tag","embeddable":true,"href":"https:\/\/www.shqiperia.com\/blog\/wp-json\/wp\/v2\/tags?post=41945"}],"curies":[{"name":"wp","href":"https:\/\/api.w.org\/{rel}","templated":true}]}}