{"id":41942,"date":"2020-12-15T20:22:20","date_gmt":"2020-12-15T20:22:20","guid":{"rendered":"https:\/\/www.shqiperia.com\/blog\/?p=41942"},"modified":"2020-12-15T20:22:20","modified_gmt":"2020-12-15T20:22:20","slug":"mjekja-ne-gjermani-jep-informacionin-e-rendesishem-qe-duhet-ta-lexojme-te-gjithe-ne-shqiperi-perdoren-ilacet-e-gabuara-ju-tregoj-kuren-per-te-trajtuar-koronavirusin","status":"publish","type":"post","link":"https:\/\/www.shqiperia.com\/blog\/mjekja-ne-gjermani-jep-informacionin-e-rendesishem-qe-duhet-ta-lexojme-te-gjithe-ne-shqiperi-perdoren-ilacet-e-gabuara-ju-tregoj-kuren-per-te-trajtuar-koronavirusin\/","title":{"rendered":"Mjekja n\u00eb Gjermani jep informacionin e r\u00ebnd\u00ebsish\u00ebm q\u00eb duhet ta lexojm\u00eb t\u00eb gjith\u00eb: &#8211; N\u00eb Shqip\u00ebri p\u00ebrdoren ila\u00e7et e gabuara. Ju tregoj kur\u00ebn p\u00ebr t\u00eb trajtuar koronavirusin"},"content":{"rendered":"<p><img data-recalc-dims=\"1\" loading=\"lazy\" decoding=\"async\" data-attachment-id=\"41943\" data-permalink=\"https:\/\/www.shqiperia.com\/blog\/mjekja-ne-gjermani-jep-informacionin-e-rendesishem-qe-duhet-ta-lexojme-te-gjithe-ne-shqiperi-perdoren-ilacet-e-gabuara-ju-tregoj-kuren-per-te-trajtuar-koronavirusin\/800-0-5fd7725db4857\/\" data-orig-file=\"https:\/\/i0.wp.com\/www.shqiperia.com\/blog\/wp-content\/uploads\/2020\/12\/800-0-5fd7725db4857.jpg?fit=800%2C450&amp;ssl=1\" data-orig-size=\"800,450\" data-comments-opened=\"1\" data-image-meta=\"{&quot;aperture&quot;:&quot;0&quot;,&quot;credit&quot;:&quot;&quot;,&quot;camera&quot;:&quot;&quot;,&quot;caption&quot;:&quot;&quot;,&quot;created_timestamp&quot;:&quot;0&quot;,&quot;copyright&quot;:&quot;&quot;,&quot;focal_length&quot;:&quot;0&quot;,&quot;iso&quot;:&quot;0&quot;,&quot;shutter_speed&quot;:&quot;0&quot;,&quot;title&quot;:&quot;&quot;,&quot;orientation&quot;:&quot;0&quot;}\" data-image-title=\"-800-0-5fd7725db4857\" data-image-description=\"\" data-image-caption=\"\" data-medium-file=\"https:\/\/i0.wp.com\/www.shqiperia.com\/blog\/wp-content\/uploads\/2020\/12\/800-0-5fd7725db4857.jpg?fit=300%2C169&amp;ssl=1\" data-large-file=\"https:\/\/i0.wp.com\/www.shqiperia.com\/blog\/wp-content\/uploads\/2020\/12\/800-0-5fd7725db4857.jpg?fit=800%2C450&amp;ssl=1\" class=\"alignnone  wp-image-41943\" alt=\"\" src=\"https:\/\/i0.wp.com\/www.shqiperia.com\/blog\/wp-content\/uploads\/2020\/12\/800-0-5fd7725db4857.jpg?resize=525%2C296&#038;ssl=1\" width=\"525\" height=\"296\" srcset=\"https:\/\/i0.wp.com\/www.shqiperia.com\/blog\/wp-content\/uploads\/2020\/12\/800-0-5fd7725db4857.jpg?resize=300%2C169&amp;ssl=1 300w, https:\/\/i0.wp.com\/www.shqiperia.com\/blog\/wp-content\/uploads\/2020\/12\/800-0-5fd7725db4857.jpg?resize=768%2C432&amp;ssl=1 768w, https:\/\/i0.wp.com\/www.shqiperia.com\/blog\/wp-content\/uploads\/2020\/12\/800-0-5fd7725db4857.jpg?resize=450%2C253&amp;ssl=1 450w, https:\/\/i0.wp.com\/www.shqiperia.com\/blog\/wp-content\/uploads\/2020\/12\/800-0-5fd7725db4857.jpg?resize=600%2C338&amp;ssl=1 600w, https:\/\/i0.wp.com\/www.shqiperia.com\/blog\/wp-content\/uploads\/2020\/12\/800-0-5fd7725db4857.jpg?resize=400%2C225&amp;ssl=1 400w, https:\/\/i0.wp.com\/www.shqiperia.com\/blog\/wp-content\/uploads\/2020\/12\/800-0-5fd7725db4857.jpg?w=800&amp;ssl=1 800w\" sizes=\"auto, (max-width: 525px) 100vw, 525px\" \/><\/p>\n<p>Mjekja n\u00eb Gjermani jep informacionin e r\u00ebnd\u00ebsish\u00ebm q\u00eb duhet ta lexojm\u00eb t\u00eb gjith\u00eb: &#8211; N\u00eb Shqip\u00ebri p\u00ebrdoren ila\u00e7et e gabuara. Ju tregoj kur\u00ebn p\u00ebr t\u00eb trajtuar koronavirusin<\/p>\n<p>14 DHJETOR 2020<\/p>\n<p>Mjekja specialiste e mjek\u00ebsis\u00eb familjare dhe urgjenc\u00ebs, Aurora Meta Dollenberg theksoi se \u00e7do dit\u00eb po b\u00ebhen gabime t\u00eb m\u00ebdha me dh\u00ebnien e ila\u00e7eve n\u00eb Shqip\u00ebri.<\/p>\n<p>Ajo tregoi se ka informacione se mjek\u00ebt e familjes po japin menj\u00ebher\u00eb ila\u00e7et e gabuara.<\/p>\n<p>Ajo \u00e7far\u00eb k\u00ebshillohet p\u00ebr nj\u00eb pacient q\u00eb ka simptoma t\u00eb COVID-19 por jo aq t\u00eb r\u00ebnda sa p\u00ebr t\u2019u paraqitur n\u00eb spital, do t\u00eb k\u00ebshillonim nj\u00eb kombinim t\u00eb vitaminave C, D dhe zink.<\/p>\n<p>Mjekia rekomandoi gjithashtu l\u00ebngjet t\u00eb pakt\u00ebn 3 litra n\u00eb dit\u00eb dhe regjim shtrati.<\/p>\n<p>\u201cN\u00eb Shqip\u00ebri po ndodh nj\u00eb p\u00ebrmbysje e k\u00ebshillimeve q\u00eb jep OBSH-ja dhe vendet e tjera Europiane, jo vet\u00ebm p\u00ebr xhepin e pacient\u00ebve por n\u00eb rradh\u00eb t\u00eb par\u00eb p\u00ebr sh\u00ebndetin e tyre n\u00eb p\u00ebrkeq\u00ebsim<\/p>\n<p>N\u00ebse pacienti t\u00eb vjen me shenja t\u00eb infeksioni nuk do t\u00eb thot\u00eb automatikisht q\u00eb jan\u00eb bakteret q\u00eb e kan\u00eb shkaktuar por n\u00eb rastin m\u00eb t\u00eb madh, si\u00e7 dihet n\u00eb periudh\u00ebn e dimrit jan\u00eb k\u00ebto gripet sezonale,\u201d tregoi mjekja p\u00ebr Euro News.<\/p>\n<p>\u201c\u00c7do rast \u00ebsht\u00eb specifik k\u00ebshtu q\u00eb duhet t\u00eb kemi kujdes me mjekimin q\u00eb japim,\u201d \u2013 tregoi Aurora Meta Dollenberg teksa theksoi se shenja t\u00eb caktuara nuk kan\u00eb po t\u00eb nj\u00ebjtin mjekim te \u00e7do individ.<\/p>\n<p>Gazeta Shqiptare<\/p>\n","protected":false},"excerpt":{"rendered":"<p>Mjekja n\u00eb Gjermani jep informacionin e r\u00ebnd\u00ebsish\u00ebm q\u00eb duhet ta lexojm\u00eb t\u00eb gjith\u00eb: &#8211; N\u00eb Shqip\u00ebri p\u00ebrdoren ila\u00e7et e gabuara. Ju tregoj kur\u00ebn p\u00ebr t\u00eb trajtuar koronavirusin 14 DHJETOR 2020 Mjekja specialiste e mjek\u00ebsis\u00eb familjare dhe urgjenc\u00ebs, Aurora Meta Dollenberg theksoi se \u00e7do dit\u00eb po b\u00ebhen gabime t\u00eb m\u00ebdha me dh\u00ebnien e ila\u00e7eve n\u00eb Shqip\u00ebri. [&hellip;]<\/p>\n","protected":false},"author":9,"featured_media":41943,"comment_status":"open","ping_status":"open","sticky":false,"template":"","format":"standard","meta":{"jetpack_post_was_ever_published":false,"_jetpack_newsletter_access":"","_jetpack_dont_email_post_to_subs":false,"_jetpack_newsletter_tier_id":0,"_jetpack_memberships_contains_paywalled_content":false,"_jetpack_memberships_contains_paid_content":false,"footnotes":"","jetpack_publicize_message":"","jetpack_publicize_feature_enabled":true,"jetpack_social_post_already_shared":true,"jetpack_social_options":{"image_generator_settings":{"template":"highway","default_image_id":0,"font":"","enabled":false},"version":2}},"categories":[27,35],"tags":[],"class_list":["post-41942","post","type-post","status-publish","format-standard","has-post-thumbnail","hentry","category-blogu-i-udhetarit","category-shoqerore"],"jetpack_publicize_connections":[],"jetpack_featured_media_url":"https:\/\/i0.wp.com\/www.shqiperia.com\/blog\/wp-content\/uploads\/2020\/12\/800-0-5fd7725db4857.jpg?fit=800%2C450&ssl=1","jetpack_sharing_enabled":true,"jetpack_shortlink":"https:\/\/wp.me\/p5Z6wp-aUu","jetpack-related-posts":[{"id":32961,"url":"https:\/\/www.shqiperia.com\/blog\/u-qortua-ashper-zhduket-mjekja-qe-paralajmeroi-perhapjen-e-covid\/","url_meta":{"origin":41942,"position":0},"title":"\u201cU qortua ashp\u00ebr\u201d, zhduket mjekja q\u00eb paralajm\u00ebroi p\u00ebrhapjen e Covid","author":"Kurt Farka","date":"April 1, 2020","format":false,"excerpt":"\u201cU qortua ashp\u00ebr\u201d, zhduket mjekja q\u00eb paralajm\u00ebroi p\u00ebrhapjen e Covid 01.04. 2020 Nj\u00eb mjeke e njohur n\u00eb Wuhan q\u00eb ishte nd\u00ebr t\u00eb parat q\u00eb paralajm\u00ebroi mjek\u00ebt e tjer\u00eb p\u00ebr p\u00ebrhapjen e koronavirusit \u00ebsht\u00eb zhdukur duke shkaktuar shqet\u00ebsime tek t\u00eb njohurit. Dr Ai Fen tha se ajo u p\u00ebrball me \u2018qortim\u2026","rel":"","context":"In &quot;Blogu i Udh\u00ebtarit&quot;","block_context":{"text":"Blogu i Udh\u00ebtarit","link":"https:\/\/www.shqiperia.com\/blog\/category\/blogu-i-udhetarit\/"},"img":{"alt_text":"","src":"https:\/\/i0.wp.com\/www.shqiperia.com\/blog\/wp-content\/uploads\/2020\/04\/ai-fen-905x450-1.jpg?fit=905%2C450&ssl=1&resize=350%2C200","width":350,"height":200,"srcset":"https:\/\/i0.wp.com\/www.shqiperia.com\/blog\/wp-content\/uploads\/2020\/04\/ai-fen-905x450-1.jpg?fit=905%2C450&ssl=1&resize=350%2C200 1x, https:\/\/i0.wp.com\/www.shqiperia.com\/blog\/wp-content\/uploads\/2020\/04\/ai-fen-905x450-1.jpg?fit=905%2C450&ssl=1&resize=525%2C300 1.5x, https:\/\/i0.wp.com\/www.shqiperia.com\/blog\/wp-content\/uploads\/2020\/04\/ai-fen-905x450-1.jpg?fit=905%2C450&ssl=1&resize=700%2C400 2x"},"classes":[]},{"id":32184,"url":"https:\/\/www.shqiperia.com\/blog\/lajm-arkiv-drejtoresha-e-ish-mezi-po-pres-rastin-e-pare-me-koronavirus-ne-shqiperi\/","url_meta":{"origin":41942,"position":1},"title":"Lajm Arkiv: Drejtoresha e ISH: &#8211; Mezi po pres rastin e par\u00eb me koronavirus n\u00eb Shqip\u00ebri","author":"Kurt Farka","date":"March 9, 2020","format":false,"excerpt":"Lajm Arkiv: Drejtoresha e ISH: - Mezi po pres rastin e par\u00eb me koronavirus n\u00eb Shqip\u00ebri - 26\/02\/20 | mapo.al Drejtoresha e Inspektoratit Sh\u00ebndet\u00ebsor Areti Beruka, e ftuar n\u00eb studion e Report TV, ka folur lidhur me koronavirusin. Beruka tha se autoritetet kan\u00eb marr\u00eb t\u00eb gjitha masat p\u00ebr t\u2019u p\u00ebrballur\u2026","rel":"","context":"In &quot;Blogu i Udh\u00ebtarit&quot;","block_context":{"text":"Blogu i Udh\u00ebtarit","link":"https:\/\/www.shqiperia.com\/blog\/category\/blogu-i-udhetarit\/"},"img":{"alt_text":"","src":"https:\/\/i0.wp.com\/www.shqiperia.com\/blog\/wp-content\/uploads\/2020\/03\/Mjekja-Areti-Beruka.jpg?fit=503%2C279&ssl=1&resize=350%2C200","width":350,"height":200},"classes":[]},{"id":43205,"url":"https:\/\/www.shqiperia.com\/blog\/alarmi-i-mjekeve-shqiptare-ne-europe-pacientet-ne-shqiperi-po-marrin-trajtime-te-gabuara-ndaj-covid-19\/","url_meta":{"origin":41942,"position":2},"title":"Alarmi i mjek\u00ebve shqiptar\u00eb n\u00eb Europ\u00eb: Pacient\u00ebt n\u00eb Shqip\u00ebri po marrin trajtime t\u00eb gabuara ndaj COVID-19","author":"Kurt Farka","date":"January 22, 2021","format":false,"excerpt":"Alarmi i mjek\u00ebve shqiptar\u00eb n\u00eb Europ\u00eb: Pacient\u00ebt n\u00eb Shqip\u00ebri po marrin trajtime t\u00eb gabuara ndaj COVID-19 22 JANAR 2021 Federata e Mjek\u00ebve Shqiptar\u00eb n\u00eb Europ\u00eb, e regjistruar n\u00eb Gjermani me kryetaren Dr.med. Aurora Dollenberg, e p\u00ebrb\u00ebr\u00eb nga nj\u00eb grup specialist\u00ebsh t\u00eb mjek\u00ebsis\u00eb q\u00eb punojn\u00eb n\u00eb shtetet europiane dhe amerikane,\u00a0ngren\u00eb shqet\u00ebsimin\u2026","rel":"","context":"In &quot;Blogu i Udh\u00ebtarit&quot;","block_context":{"text":"Blogu i Udh\u00ebtarit","link":"https:\/\/www.shqiperia.com\/blog\/category\/blogu-i-udhetarit\/"},"img":{"alt_text":"","src":"https:\/\/i0.wp.com\/www.shqiperia.com\/blog\/wp-content\/uploads\/2021\/01\/Edi-Rama-4.jpg?fit=478%2C263&ssl=1&resize=350%2C200","width":350,"height":200},"classes":[]},{"id":45396,"url":"https:\/\/www.shqiperia.com\/blog\/dhimbja-e-kyceve-mund-te-rikuperohet\/","url_meta":{"origin":41942,"position":3},"title":"Dhimbja e Kyceve mund te rikuperohet\u2026","author":"Kurt Farka","date":"March 17, 2021","format":false,"excerpt":"Dhimbja e Kyceve mund te rikuperohet\u2026 Interviste me dr. Berthold Moller. N\u00cb VITIN 2021, GJERMANIA DO T\u00cb NDIHMOJ\u00cb SHQIP\u00cbRIN\u00cb N\u00cb TRAJTIMIN EFEKTIV T\u00cb DHIMBJEVE T\u00cb KY\u00c7EVE. TANI KY\u00c7ET MUND T\u00cb RIKUPEROHEN N\u00cb M\u00cb PAK SE 3 JAV\u00cb. \"Un\u00eb u habita nga ajo q\u00eb pash\u00eb. M\u00ebnyra sesi jan\u00eb gj\u00ebrat me trajtimin\u2026","rel":"","context":"In &quot;Blogu i Udh\u00ebtarit&quot;","block_context":{"text":"Blogu i Udh\u00ebtarit","link":"https:\/\/www.shqiperia.com\/blog\/category\/blogu-i-udhetarit\/"},"img":{"alt_text":"","src":"https:\/\/i0.wp.com\/www.shqiperia.com\/blog\/wp-content\/uploads\/2021\/03\/Dr.-Berthold-Moller.jpg?fit=600%2C308&ssl=1&resize=350%2C200","width":350,"height":200,"srcset":"https:\/\/i0.wp.com\/www.shqiperia.com\/blog\/wp-content\/uploads\/2021\/03\/Dr.-Berthold-Moller.jpg?fit=600%2C308&ssl=1&resize=350%2C200 1x, https:\/\/i0.wp.com\/www.shqiperia.com\/blog\/wp-content\/uploads\/2021\/03\/Dr.-Berthold-Moller.jpg?fit=600%2C308&ssl=1&resize=525%2C300 1.5x"},"classes":[]},{"id":13809,"url":"https:\/\/www.shqiperia.com\/blog\/keto-barna-demtojne-trurin-dhe-kujtesen-beni-kujdes\/","url_meta":{"origin":41942,"position":4},"title":"K\u00ebto barna d\u00ebmtojn\u00eb trurin dhe kujtes\u00ebn, b\u00ebni kujdes\u2026 &#8211;","author":"Kurt Farka","date":"November 17, 2018","format":false,"excerpt":"K\u00ebto barna d\u00ebmtojn\u00eb trurin dhe kujtes\u00ebn, b\u00ebni kujdes\u2026 - - Numri i njer\u00ebzve q\u00eb p\u00ebsojn\u00eb efekte an\u00ebsore dhe komplikime t\u00eb shkaktuara nga barnat dhe ila\u00e7et \u00ebsht\u00eb trondit\u00ebs. Sipas t\u00eb dh\u00ebnave t\u00eb Organizat\u00ebs Bot\u00ebrore t\u00eb Sh\u00ebndetit jan\u00eb m\u00eb shum\u00eb se 1.5 milion raste t\u00eb regjistruara n\u00eb bot\u00eb. \u00c7do lloj ila\u00e7i i\u2026","rel":"","context":"In &quot;Blogu i Udh\u00ebtarit&quot;","block_context":{"text":"Blogu i Udh\u00ebtarit","link":"https:\/\/www.shqiperia.com\/blog\/category\/blogu-i-udhetarit\/"},"img":{"alt_text":"","src":"https:\/\/i0.wp.com\/www.shqiperia.com\/blog\/wp-content\/uploads\/2018\/11\/FARMACI.png.jpg?fit=800%2C450&ssl=1&resize=350%2C200","width":350,"height":200,"srcset":"https:\/\/i0.wp.com\/www.shqiperia.com\/blog\/wp-content\/uploads\/2018\/11\/FARMACI.png.jpg?fit=800%2C450&ssl=1&resize=350%2C200 1x, https:\/\/i0.wp.com\/www.shqiperia.com\/blog\/wp-content\/uploads\/2018\/11\/FARMACI.png.jpg?fit=800%2C450&ssl=1&resize=525%2C300 1.5x, https:\/\/i0.wp.com\/www.shqiperia.com\/blog\/wp-content\/uploads\/2018\/11\/FARMACI.png.jpg?fit=800%2C450&ssl=1&resize=700%2C400 2x"},"classes":[]},{"id":89293,"url":"https:\/\/www.shqiperia.com\/blog\/ju-do-jeni-aksioneret-e-transformimit-te-vendit-berisha-premton-nga-roma-zero-taksa-per-kedo-qe-rikthehet-ne-shqiperi\/","url_meta":{"origin":41942,"position":5},"title":"\u201cJu do jeni aksioner\u00ebt e transformimit t\u00eb vendit\u201d, Berisha premton nga Roma: &#8211; Zero taksa p\u00ebr k\u00ebdo q\u00eb rikthehet n\u00eb Shqip\u00ebri","author":"Kurt Farka","date":"February 9, 2025","format":false,"excerpt":"9 Shkurt 2025 Kryetari i PD, Sali Berisha zhvilloi sot nj\u00eb takim me diaspor\u00ebn shqiptare t\u00eb Rom\u00ebs. \u201cJu do jeni aksioner\u00ebt e transformimit t\u00eb vendit\u201d, iu drejtua Berisha shqiptar\u00ebve t\u00eb Italis\u00eb. Ai premtoi nga Roma se n\u00ebse PD fiton zgjedhjet e 11 majit, qeveria e ardhshme do t\u00eb heq\u00eb taksat\u2026","rel":"","context":"In &quot;Blogu i Udh\u00ebtarit&quot;","block_context":{"text":"Blogu i Udh\u00ebtarit","link":"https:\/\/www.shqiperia.com\/blog\/category\/blogu-i-udhetarit\/"},"img":{"alt_text":"","src":"https:\/\/i0.wp.com\/www.shqiperia.com\/blog\/wp-content\/uploads\/2025\/02\/Berisha-ne-Rome.jpg?fit=990%2C561&ssl=1&resize=350%2C200","width":350,"height":200,"srcset":"https:\/\/i0.wp.com\/www.shqiperia.com\/blog\/wp-content\/uploads\/2025\/02\/Berisha-ne-Rome.jpg?fit=990%2C561&ssl=1&resize=350%2C200 1x, https:\/\/i0.wp.com\/www.shqiperia.com\/blog\/wp-content\/uploads\/2025\/02\/Berisha-ne-Rome.jpg?fit=990%2C561&ssl=1&resize=525%2C300 1.5x, https:\/\/i0.wp.com\/www.shqiperia.com\/blog\/wp-content\/uploads\/2025\/02\/Berisha-ne-Rome.jpg?fit=990%2C561&ssl=1&resize=700%2C400 2x"},"classes":[]}],"_links":{"self":[{"href":"https:\/\/www.shqiperia.com\/blog\/wp-json\/wp\/v2\/posts\/41942","targetHints":{"allow":["GET"]}}],"collection":[{"href":"https:\/\/www.shqiperia.com\/blog\/wp-json\/wp\/v2\/posts"}],"about":[{"href":"https:\/\/www.shqiperia.com\/blog\/wp-json\/wp\/v2\/types\/post"}],"author":[{"embeddable":true,"href":"https:\/\/www.shqiperia.com\/blog\/wp-json\/wp\/v2\/users\/9"}],"replies":[{"embeddable":true,"href":"https:\/\/www.shqiperia.com\/blog\/wp-json\/wp\/v2\/comments?post=41942"}],"version-history":[{"count":1,"href":"https:\/\/www.shqiperia.com\/blog\/wp-json\/wp\/v2\/posts\/41942\/revisions"}],"predecessor-version":[{"id":41944,"href":"https:\/\/www.shqiperia.com\/blog\/wp-json\/wp\/v2\/posts\/41942\/revisions\/41944"}],"wp:featuredmedia":[{"embeddable":true,"href":"https:\/\/www.shqiperia.com\/blog\/wp-json\/wp\/v2\/media\/41943"}],"wp:attachment":[{"href":"https:\/\/www.shqiperia.com\/blog\/wp-json\/wp\/v2\/media?parent=41942"}],"wp:term":[{"taxonomy":"category","embeddable":true,"href":"https:\/\/www.shqiperia.com\/blog\/wp-json\/wp\/v2\/categories?post=41942"},{"taxonomy":"post_tag","embeddable":true,"href":"https:\/\/www.shqiperia.com\/blog\/wp-json\/wp\/v2\/tags?post=41942"}],"curies":[{"name":"wp","href":"https:\/\/api.w.org\/{rel}","templated":true}]}}