{"id":41931,"date":"2020-12-15T17:07:25","date_gmt":"2020-12-15T17:07:25","guid":{"rendered":"https:\/\/www.shqiperia.com\/blog\/?p=41931"},"modified":"2020-12-15T17:11:42","modified_gmt":"2020-12-15T17:11:42","slug":"naten-e-mire-ministri-e-kultures-zhduket-edhe-nje-monument-album-foto","status":"publish","type":"post","link":"https:\/\/www.shqiperia.com\/blog\/naten-e-mire-ministri-e-kultures-zhduket-edhe-nje-monument-album-foto\/","title":{"rendered":"Naten e mir\u00eb Ministri e Kultures! Zhduket edhe nje Monument. Album Foto."},"content":{"rendered":"<p><img data-recalc-dims=\"1\" loading=\"lazy\" decoding=\"async\" data-attachment-id=\"41932\" data-permalink=\"https:\/\/www.shqiperia.com\/blog\/naten-e-mire-ministri-e-kultures-zhduket-edhe-nje-monument-album-foto\/1-ish-kalaja-e-vigut-3\/\" data-orig-file=\"https:\/\/i0.wp.com\/www.shqiperia.com\/blog\/wp-content\/uploads\/2020\/12\/1-Ish-Kalaja-e-Vigut-3.jpg?fit=960%2C540&amp;ssl=1\" data-orig-size=\"960,540\" data-comments-opened=\"1\" data-image-meta=\"{&quot;aperture&quot;:&quot;0&quot;,&quot;credit&quot;:&quot;&quot;,&quot;camera&quot;:&quot;&quot;,&quot;caption&quot;:&quot;&quot;,&quot;created_timestamp&quot;:&quot;0&quot;,&quot;copyright&quot;:&quot;&quot;,&quot;focal_length&quot;:&quot;0&quot;,&quot;iso&quot;:&quot;0&quot;,&quot;shutter_speed&quot;:&quot;0&quot;,&quot;title&quot;:&quot;&quot;,&quot;orientation&quot;:&quot;0&quot;}\" data-image-title=\"1 Ish Kalaja e Vigut (3)\" data-image-description=\"\" data-image-caption=\"\" data-medium-file=\"https:\/\/i0.wp.com\/www.shqiperia.com\/blog\/wp-content\/uploads\/2020\/12\/1-Ish-Kalaja-e-Vigut-3.jpg?fit=300%2C169&amp;ssl=1\" data-large-file=\"https:\/\/i0.wp.com\/www.shqiperia.com\/blog\/wp-content\/uploads\/2020\/12\/1-Ish-Kalaja-e-Vigut-3.jpg?fit=960%2C540&amp;ssl=1\" class=\"alignnone wp-image-41932\" alt=\"\" src=\"https:\/\/i0.wp.com\/www.shqiperia.com\/blog\/wp-content\/uploads\/2020\/12\/1-Ish-Kalaja-e-Vigut-3.jpg?resize=517%2C291&#038;ssl=1\" width=\"517\" height=\"291\" srcset=\"https:\/\/i0.wp.com\/www.shqiperia.com\/blog\/wp-content\/uploads\/2020\/12\/1-Ish-Kalaja-e-Vigut-3.jpg?resize=300%2C169&amp;ssl=1 300w, https:\/\/i0.wp.com\/www.shqiperia.com\/blog\/wp-content\/uploads\/2020\/12\/1-Ish-Kalaja-e-Vigut-3.jpg?resize=768%2C432&amp;ssl=1 768w, https:\/\/i0.wp.com\/www.shqiperia.com\/blog\/wp-content\/uploads\/2020\/12\/1-Ish-Kalaja-e-Vigut-3.jpg?resize=450%2C253&amp;ssl=1 450w, https:\/\/i0.wp.com\/www.shqiperia.com\/blog\/wp-content\/uploads\/2020\/12\/1-Ish-Kalaja-e-Vigut-3.jpg?resize=600%2C338&amp;ssl=1 600w, https:\/\/i0.wp.com\/www.shqiperia.com\/blog\/wp-content\/uploads\/2020\/12\/1-Ish-Kalaja-e-Vigut-3.jpg?resize=400%2C225&amp;ssl=1 400w, https:\/\/i0.wp.com\/www.shqiperia.com\/blog\/wp-content\/uploads\/2020\/12\/1-Ish-Kalaja-e-Vigut-3.jpg?w=960&amp;ssl=1 960w\" sizes=\"auto, (max-width: 517px) 100vw, 517px\" \/><\/p>\n<p>Naten e mir\u00eb ministri e kultures! Zhduket edhe nje Monument. Album Foto.<\/p>\n<p><strong>Nga: <a href=\"https:\/\/www.facebook.com\/profile.php?id=100005149007108&amp;__cft__%5b0%5d=AZVCbe1O0AEpfYLOC-zgweZey7_laxRIeaabbcuwPivteID9unHT9CrVxNvb5COrTPpxYd7eD4AO555I0bTNd0YXAQXCeImACUPeH8Z-TG0xREhz_FEbk20xnGnLyAyIRFLmNEpfhU1C6aA-K94OSQ8l2lv6QahaanLfP8bq_IfPGA&amp;__tn__=-UC%2CP-R\">Salvator Gje\u00e7i<\/a><\/strong><\/p>\n<p>Fshihet p\u00ebrfundimisht nga faqja e dheut ana lindore e kalas\u00eb s\u00eb Vigut.<\/p>\n<div id=\"attachment_41933\" style=\"width: 697px\" class=\"wp-caption alignnone\"><img data-recalc-dims=\"1\" loading=\"lazy\" decoding=\"async\" aria-describedby=\"caption-attachment-41933\" data-attachment-id=\"41933\" data-permalink=\"https:\/\/www.shqiperia.com\/blog\/naten-e-mire-ministri-e-kultures-zhduket-edhe-nje-monument-album-foto\/2-ish-kalaja-e-vigut-5\/\" data-orig-file=\"https:\/\/i0.wp.com\/www.shqiperia.com\/blog\/wp-content\/uploads\/2020\/12\/2-Ish-Kalaja-e-Vigut-5.jpg?fit=960%2C540&amp;ssl=1\" data-orig-size=\"960,540\" data-comments-opened=\"1\" data-image-meta=\"{&quot;aperture&quot;:&quot;0&quot;,&quot;credit&quot;:&quot;&quot;,&quot;camera&quot;:&quot;&quot;,&quot;caption&quot;:&quot;&quot;,&quot;created_timestamp&quot;:&quot;0&quot;,&quot;copyright&quot;:&quot;&quot;,&quot;focal_length&quot;:&quot;0&quot;,&quot;iso&quot;:&quot;0&quot;,&quot;shutter_speed&quot;:&quot;0&quot;,&quot;title&quot;:&quot;&quot;,&quot;orientation&quot;:&quot;0&quot;}\" data-image-title=\"2 Ish Kalaja e Vigut (5)\" data-image-description=\"\" data-image-caption=\"&lt;p&gt;Naten e mir\u00eb ministri e kultures! Zhduket edhe nje Monument. Album Foto.&lt;\/p&gt;\n\" data-medium-file=\"https:\/\/i0.wp.com\/www.shqiperia.com\/blog\/wp-content\/uploads\/2020\/12\/2-Ish-Kalaja-e-Vigut-5.jpg?fit=300%2C169&amp;ssl=1\" data-large-file=\"https:\/\/i0.wp.com\/www.shqiperia.com\/blog\/wp-content\/uploads\/2020\/12\/2-Ish-Kalaja-e-Vigut-5.jpg?fit=960%2C540&amp;ssl=1\" class=\" wp-image-41933\" alt=\"\" src=\"https:\/\/i0.wp.com\/www.shqiperia.com\/blog\/wp-content\/uploads\/2020\/12\/2-Ish-Kalaja-e-Vigut-5.jpg?resize=687%2C387&#038;ssl=1\" width=\"687\" height=\"387\" srcset=\"https:\/\/i0.wp.com\/www.shqiperia.com\/blog\/wp-content\/uploads\/2020\/12\/2-Ish-Kalaja-e-Vigut-5.jpg?resize=300%2C169&amp;ssl=1 300w, https:\/\/i0.wp.com\/www.shqiperia.com\/blog\/wp-content\/uploads\/2020\/12\/2-Ish-Kalaja-e-Vigut-5.jpg?resize=768%2C432&amp;ssl=1 768w, https:\/\/i0.wp.com\/www.shqiperia.com\/blog\/wp-content\/uploads\/2020\/12\/2-Ish-Kalaja-e-Vigut-5.jpg?resize=450%2C253&amp;ssl=1 450w, https:\/\/i0.wp.com\/www.shqiperia.com\/blog\/wp-content\/uploads\/2020\/12\/2-Ish-Kalaja-e-Vigut-5.jpg?resize=600%2C338&amp;ssl=1 600w, https:\/\/i0.wp.com\/www.shqiperia.com\/blog\/wp-content\/uploads\/2020\/12\/2-Ish-Kalaja-e-Vigut-5.jpg?resize=400%2C225&amp;ssl=1 400w, https:\/\/i0.wp.com\/www.shqiperia.com\/blog\/wp-content\/uploads\/2020\/12\/2-Ish-Kalaja-e-Vigut-5.jpg?w=960&amp;ssl=1 960w\" sizes=\"auto, (max-width: 687px) 100vw, 687px\" \/><p id=\"caption-attachment-41933\" class=\"wp-caption-text\">Naten e mir\u00eb ministri e kultures! Zhduket edhe nje Monument. Album Foto.<\/p><\/div>\n<p>&#8220;Goj\u00ebt e liga&#8221; thon\u00eb se leja e disa heceve n\u00eb k\u00ebto an\u00eb \u00ebsht\u00eb dh\u00ebn\u00eb me kusht q\u00eb ti b\u00ebjn\u00eb prit\u00eb v\u00ebrshimit t\u00eb Gjadrit mbi muret e k\u00ebtij monumenti t\u00eb rrall\u00eb rreth 2000 vje\u00e7ar\u00eb, ndertim i stilit romak. (Roman Castrum)<\/p>\n<p>Naten e mir\u00eb ministri e kultures!<\/p>\n<p>Gjum\u00eb t\u00eb \u00ebmbel Instituti i monumenteve.<\/p>\n<p><img data-recalc-dims=\"1\" loading=\"lazy\" decoding=\"async\" data-attachment-id=\"41934\" data-permalink=\"https:\/\/www.shqiperia.com\/blog\/naten-e-mire-ministri-e-kultures-zhduket-edhe-nje-monument-album-foto\/ish-kalaja-e-vigut-5\/\" data-orig-file=\"https:\/\/i0.wp.com\/www.shqiperia.com\/blog\/wp-content\/uploads\/2020\/12\/Ish-Kalaja-e-Vigut-5.jpg?fit=960%2C540&amp;ssl=1\" data-orig-size=\"960,540\" data-comments-opened=\"1\" data-image-meta=\"{&quot;aperture&quot;:&quot;0&quot;,&quot;credit&quot;:&quot;&quot;,&quot;camera&quot;:&quot;&quot;,&quot;caption&quot;:&quot;&quot;,&quot;created_timestamp&quot;:&quot;0&quot;,&quot;copyright&quot;:&quot;&quot;,&quot;focal_length&quot;:&quot;0&quot;,&quot;iso&quot;:&quot;0&quot;,&quot;shutter_speed&quot;:&quot;0&quot;,&quot;title&quot;:&quot;&quot;,&quot;orientation&quot;:&quot;0&quot;}\" data-image-title=\"Ish Kalaja e Vigut (5)\" data-image-description=\"\" data-image-caption=\"\" data-medium-file=\"https:\/\/i0.wp.com\/www.shqiperia.com\/blog\/wp-content\/uploads\/2020\/12\/Ish-Kalaja-e-Vigut-5.jpg?fit=300%2C169&amp;ssl=1\" data-large-file=\"https:\/\/i0.wp.com\/www.shqiperia.com\/blog\/wp-content\/uploads\/2020\/12\/Ish-Kalaja-e-Vigut-5.jpg?fit=960%2C540&amp;ssl=1\" class=\"alignnone wp-image-41934\" alt=\"\" src=\"https:\/\/i0.wp.com\/www.shqiperia.com\/blog\/wp-content\/uploads\/2020\/12\/Ish-Kalaja-e-Vigut-5.jpg?resize=595%2C335&#038;ssl=1\" width=\"595\" height=\"335\" srcset=\"https:\/\/i0.wp.com\/www.shqiperia.com\/blog\/wp-content\/uploads\/2020\/12\/Ish-Kalaja-e-Vigut-5.jpg?resize=300%2C169&amp;ssl=1 300w, https:\/\/i0.wp.com\/www.shqiperia.com\/blog\/wp-content\/uploads\/2020\/12\/Ish-Kalaja-e-Vigut-5.jpg?resize=768%2C432&amp;ssl=1 768w, https:\/\/i0.wp.com\/www.shqiperia.com\/blog\/wp-content\/uploads\/2020\/12\/Ish-Kalaja-e-Vigut-5.jpg?resize=450%2C253&amp;ssl=1 450w, https:\/\/i0.wp.com\/www.shqiperia.com\/blog\/wp-content\/uploads\/2020\/12\/Ish-Kalaja-e-Vigut-5.jpg?resize=600%2C338&amp;ssl=1 600w, https:\/\/i0.wp.com\/www.shqiperia.com\/blog\/wp-content\/uploads\/2020\/12\/Ish-Kalaja-e-Vigut-5.jpg?resize=400%2C225&amp;ssl=1 400w, https:\/\/i0.wp.com\/www.shqiperia.com\/blog\/wp-content\/uploads\/2020\/12\/Ish-Kalaja-e-Vigut-5.jpg?w=960&amp;ssl=1 960w\" sizes=\"auto, (max-width: 595px) 100vw, 595px\" \/><\/p>\n<div id=\"attachment_41935\" style=\"width: 619px\" class=\"wp-caption alignnone\"><img data-recalc-dims=\"1\" loading=\"lazy\" decoding=\"async\" aria-describedby=\"caption-attachment-41935\" data-attachment-id=\"41935\" data-permalink=\"https:\/\/www.shqiperia.com\/blog\/naten-e-mire-ministri-e-kultures-zhduket-edhe-nje-monument-album-foto\/ish-kalaja-e-vigut-6\/\" data-orig-file=\"https:\/\/i0.wp.com\/www.shqiperia.com\/blog\/wp-content\/uploads\/2020\/12\/Ish-Kalaja-e-Vigut-6.jpg?fit=960%2C540&amp;ssl=1\" data-orig-size=\"960,540\" data-comments-opened=\"1\" data-image-meta=\"{&quot;aperture&quot;:&quot;0&quot;,&quot;credit&quot;:&quot;&quot;,&quot;camera&quot;:&quot;&quot;,&quot;caption&quot;:&quot;&quot;,&quot;created_timestamp&quot;:&quot;0&quot;,&quot;copyright&quot;:&quot;&quot;,&quot;focal_length&quot;:&quot;0&quot;,&quot;iso&quot;:&quot;0&quot;,&quot;shutter_speed&quot;:&quot;0&quot;,&quot;title&quot;:&quot;&quot;,&quot;orientation&quot;:&quot;0&quot;}\" data-image-title=\"Ish Kalaja e Vigut (6)\" data-image-description=\"\" data-image-caption=\"&lt;p&gt;Ish Kalaja e Vigut &lt;\/p&gt;\n\" data-medium-file=\"https:\/\/i0.wp.com\/www.shqiperia.com\/blog\/wp-content\/uploads\/2020\/12\/Ish-Kalaja-e-Vigut-6.jpg?fit=300%2C169&amp;ssl=1\" data-large-file=\"https:\/\/i0.wp.com\/www.shqiperia.com\/blog\/wp-content\/uploads\/2020\/12\/Ish-Kalaja-e-Vigut-6.jpg?fit=960%2C540&amp;ssl=1\" class=\" wp-image-41935\" alt=\"\" src=\"https:\/\/i0.wp.com\/www.shqiperia.com\/blog\/wp-content\/uploads\/2020\/12\/Ish-Kalaja-e-Vigut-6.jpg?resize=609%2C343&#038;ssl=1\" width=\"609\" height=\"343\" srcset=\"https:\/\/i0.wp.com\/www.shqiperia.com\/blog\/wp-content\/uploads\/2020\/12\/Ish-Kalaja-e-Vigut-6.jpg?resize=300%2C169&amp;ssl=1 300w, https:\/\/i0.wp.com\/www.shqiperia.com\/blog\/wp-content\/uploads\/2020\/12\/Ish-Kalaja-e-Vigut-6.jpg?resize=768%2C432&amp;ssl=1 768w, https:\/\/i0.wp.com\/www.shqiperia.com\/blog\/wp-content\/uploads\/2020\/12\/Ish-Kalaja-e-Vigut-6.jpg?resize=450%2C253&amp;ssl=1 450w, https:\/\/i0.wp.com\/www.shqiperia.com\/blog\/wp-content\/uploads\/2020\/12\/Ish-Kalaja-e-Vigut-6.jpg?resize=600%2C338&amp;ssl=1 600w, https:\/\/i0.wp.com\/www.shqiperia.com\/blog\/wp-content\/uploads\/2020\/12\/Ish-Kalaja-e-Vigut-6.jpg?resize=400%2C225&amp;ssl=1 400w, https:\/\/i0.wp.com\/www.shqiperia.com\/blog\/wp-content\/uploads\/2020\/12\/Ish-Kalaja-e-Vigut-6.jpg?w=960&amp;ssl=1 960w\" sizes=\"auto, (max-width: 609px) 100vw, 609px\" \/><p id=\"caption-attachment-41935\" class=\"wp-caption-text\">Ish Kalaja e Vigut<\/p><\/div>\n<div id=\"attachment_41936\" style=\"width: 628px\" class=\"wp-caption alignnone\"><img data-recalc-dims=\"1\" loading=\"lazy\" decoding=\"async\" aria-describedby=\"caption-attachment-41936\" data-attachment-id=\"41936\" data-permalink=\"https:\/\/www.shqiperia.com\/blog\/naten-e-mire-ministri-e-kultures-zhduket-edhe-nje-monument-album-foto\/ish-kalaja-e-vigut-7\/\" data-orig-file=\"https:\/\/i0.wp.com\/www.shqiperia.com\/blog\/wp-content\/uploads\/2020\/12\/Ish-Kalaja-e-Vigut-7.jpg?fit=960%2C540&amp;ssl=1\" data-orig-size=\"960,540\" data-comments-opened=\"1\" data-image-meta=\"{&quot;aperture&quot;:&quot;0&quot;,&quot;credit&quot;:&quot;&quot;,&quot;camera&quot;:&quot;&quot;,&quot;caption&quot;:&quot;&quot;,&quot;created_timestamp&quot;:&quot;0&quot;,&quot;copyright&quot;:&quot;&quot;,&quot;focal_length&quot;:&quot;0&quot;,&quot;iso&quot;:&quot;0&quot;,&quot;shutter_speed&quot;:&quot;0&quot;,&quot;title&quot;:&quot;&quot;,&quot;orientation&quot;:&quot;0&quot;}\" data-image-title=\"Ish Kalaja e Vigut (7)\" data-image-description=\"\" data-image-caption=\"&lt;p&gt;Ish Kalaja e Vigut &lt;\/p&gt;\n\" data-medium-file=\"https:\/\/i0.wp.com\/www.shqiperia.com\/blog\/wp-content\/uploads\/2020\/12\/Ish-Kalaja-e-Vigut-7.jpg?fit=300%2C169&amp;ssl=1\" data-large-file=\"https:\/\/i0.wp.com\/www.shqiperia.com\/blog\/wp-content\/uploads\/2020\/12\/Ish-Kalaja-e-Vigut-7.jpg?fit=960%2C540&amp;ssl=1\" class=\" wp-image-41936\" alt=\"\" src=\"https:\/\/i0.wp.com\/www.shqiperia.com\/blog\/wp-content\/uploads\/2020\/12\/Ish-Kalaja-e-Vigut-7.jpg?resize=618%2C348&#038;ssl=1\" width=\"618\" height=\"348\" srcset=\"https:\/\/i0.wp.com\/www.shqiperia.com\/blog\/wp-content\/uploads\/2020\/12\/Ish-Kalaja-e-Vigut-7.jpg?resize=300%2C169&amp;ssl=1 300w, https:\/\/i0.wp.com\/www.shqiperia.com\/blog\/wp-content\/uploads\/2020\/12\/Ish-Kalaja-e-Vigut-7.jpg?resize=768%2C432&amp;ssl=1 768w, https:\/\/i0.wp.com\/www.shqiperia.com\/blog\/wp-content\/uploads\/2020\/12\/Ish-Kalaja-e-Vigut-7.jpg?resize=450%2C253&amp;ssl=1 450w, https:\/\/i0.wp.com\/www.shqiperia.com\/blog\/wp-content\/uploads\/2020\/12\/Ish-Kalaja-e-Vigut-7.jpg?resize=600%2C338&amp;ssl=1 600w, https:\/\/i0.wp.com\/www.shqiperia.com\/blog\/wp-content\/uploads\/2020\/12\/Ish-Kalaja-e-Vigut-7.jpg?resize=400%2C225&amp;ssl=1 400w, https:\/\/i0.wp.com\/www.shqiperia.com\/blog\/wp-content\/uploads\/2020\/12\/Ish-Kalaja-e-Vigut-7.jpg?w=960&amp;ssl=1 960w\" sizes=\"auto, (max-width: 618px) 100vw, 618px\" \/><p id=\"caption-attachment-41936\" class=\"wp-caption-text\">Ish Kalaja e Vigut<\/p><\/div>\n<div id=\"attachment_41937\" style=\"width: 635px\" class=\"wp-caption alignnone\"><img data-recalc-dims=\"1\" loading=\"lazy\" decoding=\"async\" aria-describedby=\"caption-attachment-41937\" data-attachment-id=\"41937\" data-permalink=\"https:\/\/www.shqiperia.com\/blog\/naten-e-mire-ministri-e-kultures-zhduket-edhe-nje-monument-album-foto\/ish-kalaja-e-vigut\/\" data-orig-file=\"https:\/\/i0.wp.com\/www.shqiperia.com\/blog\/wp-content\/uploads\/2020\/12\/Ish-Kalaja-e-Vigut.jpg?fit=960%2C540&amp;ssl=1\" data-orig-size=\"960,540\" data-comments-opened=\"1\" data-image-meta=\"{&quot;aperture&quot;:&quot;0&quot;,&quot;credit&quot;:&quot;&quot;,&quot;camera&quot;:&quot;&quot;,&quot;caption&quot;:&quot;&quot;,&quot;created_timestamp&quot;:&quot;0&quot;,&quot;copyright&quot;:&quot;&quot;,&quot;focal_length&quot;:&quot;0&quot;,&quot;iso&quot;:&quot;0&quot;,&quot;shutter_speed&quot;:&quot;0&quot;,&quot;title&quot;:&quot;&quot;,&quot;orientation&quot;:&quot;0&quot;}\" data-image-title=\"Ish Kalaja e Vigut\" data-image-description=\"\" data-image-caption=\"&lt;p&gt;Ish Kalaja e Vigut &lt;\/p&gt;\n\" data-medium-file=\"https:\/\/i0.wp.com\/www.shqiperia.com\/blog\/wp-content\/uploads\/2020\/12\/Ish-Kalaja-e-Vigut.jpg?fit=300%2C169&amp;ssl=1\" data-large-file=\"https:\/\/i0.wp.com\/www.shqiperia.com\/blog\/wp-content\/uploads\/2020\/12\/Ish-Kalaja-e-Vigut.jpg?fit=960%2C540&amp;ssl=1\" class=\" wp-image-41937\" alt=\"\" src=\"https:\/\/i0.wp.com\/www.shqiperia.com\/blog\/wp-content\/uploads\/2020\/12\/Ish-Kalaja-e-Vigut.jpg?resize=625%2C352&#038;ssl=1\" width=\"625\" height=\"352\" srcset=\"https:\/\/i0.wp.com\/www.shqiperia.com\/blog\/wp-content\/uploads\/2020\/12\/Ish-Kalaja-e-Vigut.jpg?resize=300%2C169&amp;ssl=1 300w, https:\/\/i0.wp.com\/www.shqiperia.com\/blog\/wp-content\/uploads\/2020\/12\/Ish-Kalaja-e-Vigut.jpg?resize=768%2C432&amp;ssl=1 768w, https:\/\/i0.wp.com\/www.shqiperia.com\/blog\/wp-content\/uploads\/2020\/12\/Ish-Kalaja-e-Vigut.jpg?resize=450%2C253&amp;ssl=1 450w, https:\/\/i0.wp.com\/www.shqiperia.com\/blog\/wp-content\/uploads\/2020\/12\/Ish-Kalaja-e-Vigut.jpg?resize=600%2C338&amp;ssl=1 600w, https:\/\/i0.wp.com\/www.shqiperia.com\/blog\/wp-content\/uploads\/2020\/12\/Ish-Kalaja-e-Vigut.jpg?resize=400%2C225&amp;ssl=1 400w, https:\/\/i0.wp.com\/www.shqiperia.com\/blog\/wp-content\/uploads\/2020\/12\/Ish-Kalaja-e-Vigut.jpg?w=960&amp;ssl=1 960w\" sizes=\"auto, (max-width: 625px) 100vw, 625px\" \/><p id=\"caption-attachment-41937\" class=\"wp-caption-text\">Ish Kalaja e Vigut<\/p><\/div>\n<div id=\"attachment_41938\" style=\"width: 638px\" class=\"wp-caption alignnone\"><img data-recalc-dims=\"1\" loading=\"lazy\" decoding=\"async\" aria-describedby=\"caption-attachment-41938\" data-attachment-id=\"41938\" data-permalink=\"https:\/\/www.shqiperia.com\/blog\/naten-e-mire-ministri-e-kultures-zhduket-edhe-nje-monument-album-foto\/ish-kalaja-e-vigut-2\/\" data-orig-file=\"https:\/\/i0.wp.com\/www.shqiperia.com\/blog\/wp-content\/uploads\/2020\/12\/Ish-Kalaja-e-Vigut-2.jpg?fit=960%2C540&amp;ssl=1\" data-orig-size=\"960,540\" data-comments-opened=\"1\" data-image-meta=\"{&quot;aperture&quot;:&quot;0&quot;,&quot;credit&quot;:&quot;&quot;,&quot;camera&quot;:&quot;&quot;,&quot;caption&quot;:&quot;&quot;,&quot;created_timestamp&quot;:&quot;0&quot;,&quot;copyright&quot;:&quot;&quot;,&quot;focal_length&quot;:&quot;0&quot;,&quot;iso&quot;:&quot;0&quot;,&quot;shutter_speed&quot;:&quot;0&quot;,&quot;title&quot;:&quot;&quot;,&quot;orientation&quot;:&quot;0&quot;}\" data-image-title=\"Ish Kalaja e Vigut (2)\" data-image-description=\"\" data-image-caption=\"&lt;p&gt;Ish Kalaja e Vigut &lt;\/p&gt;\n\" data-medium-file=\"https:\/\/i0.wp.com\/www.shqiperia.com\/blog\/wp-content\/uploads\/2020\/12\/Ish-Kalaja-e-Vigut-2.jpg?fit=300%2C169&amp;ssl=1\" data-large-file=\"https:\/\/i0.wp.com\/www.shqiperia.com\/blog\/wp-content\/uploads\/2020\/12\/Ish-Kalaja-e-Vigut-2.jpg?fit=960%2C540&amp;ssl=1\" class=\" wp-image-41938\" alt=\"\" src=\"https:\/\/i0.wp.com\/www.shqiperia.com\/blog\/wp-content\/uploads\/2020\/12\/Ish-Kalaja-e-Vigut-2.jpg?resize=628%2C354&#038;ssl=1\" width=\"628\" height=\"354\" srcset=\"https:\/\/i0.wp.com\/www.shqiperia.com\/blog\/wp-content\/uploads\/2020\/12\/Ish-Kalaja-e-Vigut-2.jpg?resize=300%2C169&amp;ssl=1 300w, https:\/\/i0.wp.com\/www.shqiperia.com\/blog\/wp-content\/uploads\/2020\/12\/Ish-Kalaja-e-Vigut-2.jpg?resize=768%2C432&amp;ssl=1 768w, https:\/\/i0.wp.com\/www.shqiperia.com\/blog\/wp-content\/uploads\/2020\/12\/Ish-Kalaja-e-Vigut-2.jpg?resize=450%2C253&amp;ssl=1 450w, https:\/\/i0.wp.com\/www.shqiperia.com\/blog\/wp-content\/uploads\/2020\/12\/Ish-Kalaja-e-Vigut-2.jpg?resize=600%2C338&amp;ssl=1 600w, https:\/\/i0.wp.com\/www.shqiperia.com\/blog\/wp-content\/uploads\/2020\/12\/Ish-Kalaja-e-Vigut-2.jpg?resize=400%2C225&amp;ssl=1 400w, https:\/\/i0.wp.com\/www.shqiperia.com\/blog\/wp-content\/uploads\/2020\/12\/Ish-Kalaja-e-Vigut-2.jpg?w=960&amp;ssl=1 960w\" sizes=\"auto, (max-width: 628px) 100vw, 628px\" \/><p id=\"caption-attachment-41938\" class=\"wp-caption-text\">Ish Kalaja e Vigut<\/p><\/div>\n<div id=\"attachment_41939\" style=\"width: 640px\" class=\"wp-caption alignnone\"><img data-recalc-dims=\"1\" loading=\"lazy\" decoding=\"async\" aria-describedby=\"caption-attachment-41939\" data-attachment-id=\"41939\" data-permalink=\"https:\/\/www.shqiperia.com\/blog\/naten-e-mire-ministri-e-kultures-zhduket-edhe-nje-monument-album-foto\/ish-kalaja-e-vigut-4\/\" data-orig-file=\"https:\/\/i0.wp.com\/www.shqiperia.com\/blog\/wp-content\/uploads\/2020\/12\/Ish-Kalaja-e-Vigut-4.jpg?fit=960%2C540&amp;ssl=1\" data-orig-size=\"960,540\" data-comments-opened=\"1\" data-image-meta=\"{&quot;aperture&quot;:&quot;0&quot;,&quot;credit&quot;:&quot;&quot;,&quot;camera&quot;:&quot;&quot;,&quot;caption&quot;:&quot;&quot;,&quot;created_timestamp&quot;:&quot;0&quot;,&quot;copyright&quot;:&quot;&quot;,&quot;focal_length&quot;:&quot;0&quot;,&quot;iso&quot;:&quot;0&quot;,&quot;shutter_speed&quot;:&quot;0&quot;,&quot;title&quot;:&quot;&quot;,&quot;orientation&quot;:&quot;0&quot;}\" data-image-title=\"Ish Kalaja e Vigut (4)\" data-image-description=\"\" data-image-caption=\"&lt;p&gt;Ish Kalaja e Vigut &lt;\/p&gt;\n\" data-medium-file=\"https:\/\/i0.wp.com\/www.shqiperia.com\/blog\/wp-content\/uploads\/2020\/12\/Ish-Kalaja-e-Vigut-4.jpg?fit=300%2C169&amp;ssl=1\" data-large-file=\"https:\/\/i0.wp.com\/www.shqiperia.com\/blog\/wp-content\/uploads\/2020\/12\/Ish-Kalaja-e-Vigut-4.jpg?fit=960%2C540&amp;ssl=1\" class=\" wp-image-41939\" alt=\"\" src=\"https:\/\/i0.wp.com\/www.shqiperia.com\/blog\/wp-content\/uploads\/2020\/12\/Ish-Kalaja-e-Vigut-4.jpg?resize=630%2C355&#038;ssl=1\" width=\"630\" height=\"355\" srcset=\"https:\/\/i0.wp.com\/www.shqiperia.com\/blog\/wp-content\/uploads\/2020\/12\/Ish-Kalaja-e-Vigut-4.jpg?resize=300%2C169&amp;ssl=1 300w, https:\/\/i0.wp.com\/www.shqiperia.com\/blog\/wp-content\/uploads\/2020\/12\/Ish-Kalaja-e-Vigut-4.jpg?resize=768%2C432&amp;ssl=1 768w, https:\/\/i0.wp.com\/www.shqiperia.com\/blog\/wp-content\/uploads\/2020\/12\/Ish-Kalaja-e-Vigut-4.jpg?resize=450%2C253&amp;ssl=1 450w, https:\/\/i0.wp.com\/www.shqiperia.com\/blog\/wp-content\/uploads\/2020\/12\/Ish-Kalaja-e-Vigut-4.jpg?resize=600%2C338&amp;ssl=1 600w, https:\/\/i0.wp.com\/www.shqiperia.com\/blog\/wp-content\/uploads\/2020\/12\/Ish-Kalaja-e-Vigut-4.jpg?resize=400%2C225&amp;ssl=1 400w, https:\/\/i0.wp.com\/www.shqiperia.com\/blog\/wp-content\/uploads\/2020\/12\/Ish-Kalaja-e-Vigut-4.jpg?w=960&amp;ssl=1 960w\" sizes=\"auto, (max-width: 630px) 100vw, 630px\" \/><p id=\"caption-attachment-41939\" class=\"wp-caption-text\">Ish Kalaja e Vigut<\/p><\/div>\n","protected":false},"excerpt":{"rendered":"<p>Naten e mir\u00eb ministri e kultures! Zhduket edhe nje Monument. Album Foto. Nga: Salvator Gje\u00e7i Fshihet p\u00ebrfundimisht nga faqja e dheut ana lindore e kalas\u00eb s\u00eb Vigut. &#8220;Goj\u00ebt e liga&#8221; thon\u00eb se leja e disa heceve n\u00eb k\u00ebto an\u00eb \u00ebsht\u00eb dh\u00ebn\u00eb me kusht q\u00eb ti b\u00ebjn\u00eb prit\u00eb v\u00ebrshimit t\u00eb Gjadrit mbi muret e k\u00ebtij monumenti [&hellip;]<\/p>\n","protected":false},"author":9,"featured_media":41932,"comment_status":"open","ping_status":"open","sticky":false,"template":"","format":"standard","meta":{"jetpack_post_was_ever_published":false,"_jetpack_newsletter_access":"","_jetpack_dont_email_post_to_subs":false,"_jetpack_newsletter_tier_id":0,"_jetpack_memberships_contains_paywalled_content":false,"_jetpack_memberships_contains_paid_content":false,"footnotes":"","jetpack_publicize_message":"","jetpack_publicize_feature_enabled":true,"jetpack_social_post_already_shared":true,"jetpack_social_options":{"image_generator_settings":{"template":"highway","default_image_id":0,"font":"","enabled":false},"version":2}},"categories":[85,10,86],"tags":[],"class_list":["post-41931","post","type-post","status-publish","format-standard","has-post-thumbnail","hentry","category-histori","category-kultura","category-trashegimi-kulturore"],"jetpack_publicize_connections":[],"jetpack_featured_media_url":"https:\/\/i0.wp.com\/www.shqiperia.com\/blog\/wp-content\/uploads\/2020\/12\/1-Ish-Kalaja-e-Vigut-3.jpg?fit=960%2C540&ssl=1","jetpack_sharing_enabled":true,"jetpack_shortlink":"https:\/\/wp.me\/p5Z6wp-aUj","jetpack-related-posts":[{"id":8065,"url":"https:\/\/www.shqiperia.com\/blog\/kryeplaku-jep-alarmin-gjuetaret-e-thesareve-po-masakrojne-varret-ilire-ne-parkun-arkeologjik-te-amanties\/","url_meta":{"origin":41931,"position":0},"title":"Kryeplaku jep alarmin: Gjuetar\u00ebt e thesareve po masakrojn\u00eb varret ilire ne Parkun Arkeologjik te Amanties.-","author":"Kurt Farka","date":"May 29, 2018","format":false,"excerpt":"Kryeplaku jep alarmin: Gjuetar\u00ebt e thesareve po masakrojn\u00eb varret ilire ne Parkun Arkeologjik te Amanties.- Nga: Enrik MEHMETI Nj\u00eb prej vendeve m\u00eb t\u00eb njohura p\u00ebr historin\u00eb Ilire rrezikon t\u00eb zhduket. Amantia e lasht\u00eb po masakrohet vazhdimisht nga gjuetar\u00ebt e thesareve t\u00eb cil\u00ebt kan\u00eb d\u00ebmtuar nj\u00eb num\u00ebr t\u00eb madh varresh ilire.\u2026","rel":"","context":"In &quot;Kultura&quot;","block_context":{"text":"Kultura","link":"https:\/\/www.shqiperia.com\/blog\/category\/kultura\/"},"img":{"alt_text":"","src":"https:\/\/i0.wp.com\/www.shqiperia.com\/blog\/wp-content\/uploads\/2018\/05\/amantia.jpg?fit=615%2C342&ssl=1&resize=350%2C200","width":350,"height":200,"srcset":"https:\/\/i0.wp.com\/www.shqiperia.com\/blog\/wp-content\/uploads\/2018\/05\/amantia.jpg?fit=615%2C342&ssl=1&resize=350%2C200 1x, https:\/\/i0.wp.com\/www.shqiperia.com\/blog\/wp-content\/uploads\/2018\/05\/amantia.jpg?fit=615%2C342&ssl=1&resize=525%2C300 1.5x"},"classes":[]},{"id":48638,"url":"https:\/\/www.shqiperia.com\/blog\/monumentet-kultures-po-i-demtojme-me-mire-do-ishim-pa-ministri-kulture\/","url_meta":{"origin":41931,"position":1},"title":"Monumentet Kultures po i demtojme. Me mire do ishim pa Ministri Kulture.","author":"Kurt Farka","date":"July 20, 2021","format":false,"excerpt":"Monumentet Kultures po i demtojme. Me mire do ishim pa Ministri Kulture. Vepret e artit ne kishat e Voskopojes jane konservuar, restauruar qe ne periudhen e Mbreterise Shqiptare. Epo atehere ne si shtet nuk kishim kremtuar as 25 vjetorin e Pavarsise. Nga media morem vesh se eshte demtuar catija e\u2026","rel":"","context":"In &quot;Arte&quot;","block_context":{"text":"Arte","link":"https:\/\/www.shqiperia.com\/blog\/category\/arte\/"},"img":{"alt_text":"","src":"https:\/\/i0.wp.com\/www.shqiperia.com\/blog\/wp-content\/uploads\/2021\/07\/medieval-frescoes-in-the-church-of-st-athanasius-the-apostolic-kisha-B6152F.jpg?fit=1122%2C531&ssl=1&resize=350%2C200","width":350,"height":200,"srcset":"https:\/\/i0.wp.com\/www.shqiperia.com\/blog\/wp-content\/uploads\/2021\/07\/medieval-frescoes-in-the-church-of-st-athanasius-the-apostolic-kisha-B6152F.jpg?fit=1122%2C531&ssl=1&resize=350%2C200 1x, https:\/\/i0.wp.com\/www.shqiperia.com\/blog\/wp-content\/uploads\/2021\/07\/medieval-frescoes-in-the-church-of-st-athanasius-the-apostolic-kisha-B6152F.jpg?fit=1122%2C531&ssl=1&resize=525%2C300 1.5x, https:\/\/i0.wp.com\/www.shqiperia.com\/blog\/wp-content\/uploads\/2021\/07\/medieval-frescoes-in-the-church-of-st-athanasius-the-apostolic-kisha-B6152F.jpg?fit=1122%2C531&ssl=1&resize=700%2C400 2x, https:\/\/i0.wp.com\/www.shqiperia.com\/blog\/wp-content\/uploads\/2021\/07\/medieval-frescoes-in-the-church-of-st-athanasius-the-apostolic-kisha-B6152F.jpg?fit=1122%2C531&ssl=1&resize=1050%2C600 3x"},"classes":[]},{"id":26397,"url":"https:\/\/www.shqiperia.com\/blog\/studimi-gjysma-e-pemeve-te-europes-po-zhduket\/","url_meta":{"origin":41931,"position":2},"title":"Studimi: &#8211; gjysma e pem\u00ebve t\u00eb Europ\u00ebs po zhduket. &#8211;","author":"Kurt Farka","date":"September 29, 2019","format":false,"excerpt":"Studimi: - gjysma e pem\u00ebve t\u00eb Europ\u00ebs po zhduket. Pem\u00ebt e Europ\u00ebs po zhduken. Ky \u00ebsht\u00eb verdikti i nj\u00eb studimi t\u00eb detajuar mbi 15 mij\u00eb specie t\u00eb ndryshme bim\u00ebsh dhe kafsh\u00ebsh q\u00eb ndodhen vet\u00ebm n\u00eb kontinentin ton\u00eb. Sipas studimit t\u00eb International Union for Conservation of Nature (IUCN) t\u00eb shp\u00ebrndar\u00eb dit\u00ebn\u2026","rel":"","context":"In &quot;Blogu i Udh\u00ebtarit&quot;","block_context":{"text":"Blogu i Udh\u00ebtarit","link":"https:\/\/www.shqiperia.com\/blog\/category\/blogu-i-udhetarit\/"},"img":{"alt_text":"","src":"https:\/\/i0.wp.com\/www.shqiperia.com\/blog\/wp-content\/uploads\/2019\/09\/geshtenja-e-Kalit.jpg?fit=905%2C450&ssl=1&resize=350%2C200","width":350,"height":200,"srcset":"https:\/\/i0.wp.com\/www.shqiperia.com\/blog\/wp-content\/uploads\/2019\/09\/geshtenja-e-Kalit.jpg?fit=905%2C450&ssl=1&resize=350%2C200 1x, https:\/\/i0.wp.com\/www.shqiperia.com\/blog\/wp-content\/uploads\/2019\/09\/geshtenja-e-Kalit.jpg?fit=905%2C450&ssl=1&resize=525%2C300 1.5x, https:\/\/i0.wp.com\/www.shqiperia.com\/blog\/wp-content\/uploads\/2019\/09\/geshtenja-e-Kalit.jpg?fit=905%2C450&ssl=1&resize=700%2C400 2x"},"classes":[]},{"id":5392,"url":"https:\/\/www.shqiperia.com\/blog\/forumi-trashegimia-eshte-katandisur-ne-doren-e-qerimese\/","url_meta":{"origin":41931,"position":3},"title":"Forumi: Trash\u00ebgimia \u00ebsht\u00eb katandisur n\u00eb dor\u00ebn e Qerimes\u00eb. &#8211;","author":"Kurt Farka","date":"March 22, 2018","format":false,"excerpt":"Forumi p\u00ebr Mbrojtjen e Trash\u00ebgimis\u00eb Kulturore ka publikuar disa foto nga sht\u00ebpia e rr\u00ebnuar e Selam Musait, heroit t\u00eb luft\u00ebs s\u00eb Vlor\u00ebs q\u00eb ra d\u00ebshmor m\u00eb 1920, dhe shkruan se \u00ebsht\u00eb nj\u00eb g\u00ebrmadh\u00eb kur duhet t\u00eb ishte kthyer n\u00eb muze. P\u00ebr Forumin, Ministria e Kultur\u00ebs \u00ebsht\u00eb kthyer n\u00eb nj\u00eb Ministri\u2026","rel":"","context":"In &quot;Njoftime Shtypi&quot;","block_context":{"text":"Njoftime Shtypi","link":"https:\/\/www.shqiperia.com\/blog\/category\/njoftime-shtypi\/"},"img":{"alt_text":"","src":"https:\/\/i0.wp.com\/www.shqiperia.com\/blog\/wp-content\/uploads\/2018\/03\/selam_musai_shtepia-1-300x200.jpg?resize=350%2C200","width":350,"height":200},"classes":[]},{"id":2529,"url":"https:\/\/www.shqiperia.com\/blog\/objekte-te-isa-boletinit-nga-shqiperia-ne-muzeun-e-kosoves\/","url_meta":{"origin":41931,"position":4},"title":"Objekte te Isa Boletinit, nga Shqip\u00ebria n\u00eb Muzeun e Kosov\u00ebs","author":"Kurt Farka","date":"February 5, 2018","format":false,"excerpt":"Eksponatet e Isa Boletinit n\u00eb Kosov\u00eb. Lajmin e ka b\u00ebr\u00eb t\u00eb ditur ministri i Kultur\u00ebs s\u00eb Kosov\u00ebs Kujtim Gashi pas takimit me ministren Mirela Kumbaro n\u00eb Tiran\u00eb. Ministri Gashi shkruan gjithashtu se gjat\u00eb takimit u diskutua p\u00ebr mund\u00ebsit\u00eb e thellimit t\u00eb bashk\u00ebpunimit midis dy ministrive p\u00ebrkat\u00ebse n\u00eb fush\u00ebn e kultur\u00ebs,\u2026","rel":"","context":"In &quot;Histori&quot;","block_context":{"text":"Histori","link":"https:\/\/www.shqiperia.com\/blog\/category\/histori\/"},"img":{"alt_text":"","src":"https:\/\/i0.wp.com\/www.shqiperia.com\/blog\/wp-content\/uploads\/2018\/02\/Xhamadani-i-i-Isa-Boletinit.png?fit=500%2C333&ssl=1&resize=350%2C200","width":350,"height":200},"classes":[]},{"id":20687,"url":"https:\/\/www.shqiperia.com\/blog\/naten-e-se-premtes-se-madhe-kur-hiqeshin-germat-e-emrit-te-teatrit-me-makinen-e-dekorit-te-bashkise\/","url_meta":{"origin":41931,"position":5},"title":"Nat\u00ebn e s\u00eb premtes s\u00eb Madhe, kur hiqeshin germat e emrit t\u00eb teatrit me makinen e Dekorit te Bashkise. &#8211;","author":"Kurt Farka","date":"May 4, 2019","format":false,"excerpt":"Nat\u00ebn e s\u00eb premtes s\u00eb Madhe, kur hiqeshin germat e emrit t\u00eb teatrit me makinen e Dekorit te Bashkise. - Nga: Fatmira Nikolli\u00a0 \u2013\u00a0M\u00ebngjesin e s\u00eb Premtes s\u00eb Madhe para Pashk\u00ebve, godina e Teatrit Komb\u00ebtar u gdhi pa shkronjat identifikuese n\u00eb fasad\u00ebn e saj. 14 shkronjat e emrit TEATRI KOMB\u00cbTAR\u2026","rel":"","context":"In &quot;Blogu i Udh\u00ebtarit&quot;","block_context":{"text":"Blogu i Udh\u00ebtarit","link":"https:\/\/www.shqiperia.com\/blog\/category\/blogu-i-udhetarit\/"},"img":{"alt_text":"","src":"https:\/\/i0.wp.com\/www.shqiperia.com\/blog\/wp-content\/uploads\/2019\/05\/hiqen-shkronjat-e-teatrit-720x433.jpg?fit=720%2C417&ssl=1&resize=350%2C200","width":350,"height":200,"srcset":"https:\/\/i0.wp.com\/www.shqiperia.com\/blog\/wp-content\/uploads\/2019\/05\/hiqen-shkronjat-e-teatrit-720x433.jpg?fit=720%2C417&ssl=1&resize=350%2C200 1x, https:\/\/i0.wp.com\/www.shqiperia.com\/blog\/wp-content\/uploads\/2019\/05\/hiqen-shkronjat-e-teatrit-720x433.jpg?fit=720%2C417&ssl=1&resize=525%2C300 1.5x, https:\/\/i0.wp.com\/www.shqiperia.com\/blog\/wp-content\/uploads\/2019\/05\/hiqen-shkronjat-e-teatrit-720x433.jpg?fit=720%2C417&ssl=1&resize=700%2C400 2x"},"classes":[]}],"_links":{"self":[{"href":"https:\/\/www.shqiperia.com\/blog\/wp-json\/wp\/v2\/posts\/41931","targetHints":{"allow":["GET"]}}],"collection":[{"href":"https:\/\/www.shqiperia.com\/blog\/wp-json\/wp\/v2\/posts"}],"about":[{"href":"https:\/\/www.shqiperia.com\/blog\/wp-json\/wp\/v2\/types\/post"}],"author":[{"embeddable":true,"href":"https:\/\/www.shqiperia.com\/blog\/wp-json\/wp\/v2\/users\/9"}],"replies":[{"embeddable":true,"href":"https:\/\/www.shqiperia.com\/blog\/wp-json\/wp\/v2\/comments?post=41931"}],"version-history":[{"count":2,"href":"https:\/\/www.shqiperia.com\/blog\/wp-json\/wp\/v2\/posts\/41931\/revisions"}],"predecessor-version":[{"id":41941,"href":"https:\/\/www.shqiperia.com\/blog\/wp-json\/wp\/v2\/posts\/41931\/revisions\/41941"}],"wp:featuredmedia":[{"embeddable":true,"href":"https:\/\/www.shqiperia.com\/blog\/wp-json\/wp\/v2\/media\/41932"}],"wp:attachment":[{"href":"https:\/\/www.shqiperia.com\/blog\/wp-json\/wp\/v2\/media?parent=41931"}],"wp:term":[{"taxonomy":"category","embeddable":true,"href":"https:\/\/www.shqiperia.com\/blog\/wp-json\/wp\/v2\/categories?post=41931"},{"taxonomy":"post_tag","embeddable":true,"href":"https:\/\/www.shqiperia.com\/blog\/wp-json\/wp\/v2\/tags?post=41931"}],"curies":[{"name":"wp","href":"https:\/\/api.w.org\/{rel}","templated":true}]}}