{"id":41925,"date":"2020-12-15T16:11:24","date_gmt":"2020-12-15T16:11:24","guid":{"rendered":"https:\/\/www.shqiperia.com\/blog\/?p=41925"},"modified":"2020-12-15T16:11:24","modified_gmt":"2020-12-15T16:11:24","slug":"nje-cep-i-yllit-ose-leni-merkuri-e-grupit-te-pilurit","status":"publish","type":"post","link":"https:\/\/www.shqiperia.com\/blog\/nje-cep-i-yllit-ose-leni-merkuri-e-grupit-te-pilurit\/","title":{"rendered":"Nj\u00eb cep i yllit\u2026 ose Leni M\u00ebrkuri e grupit t\u00eb Pilurit\u2026"},"content":{"rendered":"<p><img data-recalc-dims=\"1\" loading=\"lazy\" decoding=\"async\" data-attachment-id=\"41926\" data-permalink=\"https:\/\/www.shqiperia.com\/blog\/nje-cep-i-yllit-ose-leni-merkuri-e-grupit-te-pilurit\/leni-merkuri-e-grupit-te-pilurit-2\/\" data-orig-file=\"https:\/\/i0.wp.com\/www.shqiperia.com\/blog\/wp-content\/uploads\/2020\/12\/Leni-Merkuri-e-grupit-te-Pilurit%E2%80%A6-2.jpg?fit=330%2C208&amp;ssl=1\" data-orig-size=\"330,208\" data-comments-opened=\"1\" data-image-meta=\"{&quot;aperture&quot;:&quot;0&quot;,&quot;credit&quot;:&quot;&quot;,&quot;camera&quot;:&quot;&quot;,&quot;caption&quot;:&quot;&quot;,&quot;created_timestamp&quot;:&quot;0&quot;,&quot;copyright&quot;:&quot;&quot;,&quot;focal_length&quot;:&quot;0&quot;,&quot;iso&quot;:&quot;0&quot;,&quot;shutter_speed&quot;:&quot;0&quot;,&quot;title&quot;:&quot;&quot;,&quot;orientation&quot;:&quot;0&quot;}\" data-image-title=\"Leni M\u00ebrkuri e grupit t\u00eb Pilurit\u2026 (2)\" data-image-description=\"\" data-image-caption=\"\" data-medium-file=\"https:\/\/i0.wp.com\/www.shqiperia.com\/blog\/wp-content\/uploads\/2020\/12\/Leni-Merkuri-e-grupit-te-Pilurit%E2%80%A6-2.jpg?fit=300%2C189&amp;ssl=1\" data-large-file=\"https:\/\/i0.wp.com\/www.shqiperia.com\/blog\/wp-content\/uploads\/2020\/12\/Leni-Merkuri-e-grupit-te-Pilurit%E2%80%A6-2.jpg?fit=330%2C208&amp;ssl=1\" class=\"alignnone  wp-image-41926\" alt=\"\" src=\"https:\/\/i0.wp.com\/www.shqiperia.com\/blog\/wp-content\/uploads\/2020\/12\/Leni-Merkuri-e-grupit-te-Pilurit%E2%80%A6-2.jpg?resize=490%2C309&#038;ssl=1\" width=\"490\" height=\"309\" srcset=\"https:\/\/i0.wp.com\/www.shqiperia.com\/blog\/wp-content\/uploads\/2020\/12\/Leni-Merkuri-e-grupit-te-Pilurit%E2%80%A6-2.jpg?resize=300%2C189&amp;ssl=1 300w, https:\/\/i0.wp.com\/www.shqiperia.com\/blog\/wp-content\/uploads\/2020\/12\/Leni-Merkuri-e-grupit-te-Pilurit%E2%80%A6-2.jpg?w=330&amp;ssl=1 330w\" sizes=\"auto, (max-width: 490px) 100vw, 490px\" \/><\/p>\n<p><strong>Nj\u00eb cep i yllit\u2026 <\/strong><em>ose Leni M\u00ebrkuri e grupit t\u00eb Pilurit\u2026<\/em><\/p>\n<p><em>Nga: Timo Merkuri.<\/em><\/p>\n<p>N\u00eb qoft\u00eb se grupin \u201cBejka e bardhe\u201d t\u00eb Pilurit do ta \u00e7monim si nj\u00eb yll n\u00eb qiellin e iso-polifonis\u00eb shqiptare, hedh\u00ebsen e k\u00ebtij grupi, Leni M\u00ebrkurin patjet\u00ebr do ta vler\u00ebsonim si nj\u00eb nga cepat e k\u00ebtij ylli q\u00eb bashk\u00eb me drit\u00ebn mbi vend, l\u00ebshon k\u00ebng\u00ebn mbi zemrat tona.<\/p>\n<p>Ishte dymb\u00ebdhjet\u00eb vje\u00e7e nx\u00ebn\u00ebse shkolle at\u00eb vit t\u00eb larg\u00ebt t\u00eb 1970, kur u ngjit p\u00ebr her\u00eb t\u00eb par\u00eb n\u00eb sken\u00eb p\u00ebr t\u00eb k\u00ebnduar me grupin e t\u00eb rriturve k\u00ebng\u00ebn \u201cBilibili q\u00eb d\u00ebgjon bota\u201d, k\u00ebng\u00eb n\u00eb t\u00eb cilin k\u00ebndoi si hedh\u00ebse. Me q\u00ebn\u00eb se jo t\u00eb gjith\u00eb lexuesit e kuptojn\u00eb se \u00e7\u00ebsht\u00eb hedh\u00ebsi i grupit iso-polifonik, le ta sqarojm\u00eb me pak fjal\u00eb: \u00ebsht\u00eb z\u00ebri m\u00eb i v\u00ebshtir\u00eb i k\u00ebng\u00ebs pilurjote. \u00cbsht\u00eb z\u00ebri q\u00eb mba ekulibrin e gjith\u00eb z\u00ebrrave n\u00eb grup, q\u00eb ngre k\u00ebng\u00ebn kur ajo \u201clodh\u00ebt\u201d apo \u201ckot\u00ebt\u201d, ashtu si vajtorja me p\u00ebrvoj\u00eb n\u00eb grupin mortor q\u00eb, kur sheh se vajtor\u00ebt e tjera jan\u00eb lodhur dhe kan\u00eb ulur tempin e vajtimit, ajo me nj\u00eb \u201cklithm\u00eb\u201d vajtimi e \u201cshkund\u201d grupin mortor dhe vendos ekuilibrin mes vajtoreve.<\/p>\n<div id=\"attachment_41927\" style=\"width: 392px\" class=\"wp-caption alignnone\"><img data-recalc-dims=\"1\" loading=\"lazy\" decoding=\"async\" aria-describedby=\"caption-attachment-41927\" data-attachment-id=\"41927\" data-permalink=\"https:\/\/www.shqiperia.com\/blog\/nje-cep-i-yllit-ose-leni-merkuri-e-grupit-te-pilurit\/leni-merkuri-e-grupit-te-pilurit-3\/\" data-orig-file=\"https:\/\/i0.wp.com\/www.shqiperia.com\/blog\/wp-content\/uploads\/2020\/12\/Leni-Merkuri-e-grupit-te-Pilurit%E2%80%A6-3.jpg?fit=333%2C600&amp;ssl=1\" data-orig-size=\"333,600\" data-comments-opened=\"1\" data-image-meta=\"{&quot;aperture&quot;:&quot;0&quot;,&quot;credit&quot;:&quot;&quot;,&quot;camera&quot;:&quot;&quot;,&quot;caption&quot;:&quot;&quot;,&quot;created_timestamp&quot;:&quot;0&quot;,&quot;copyright&quot;:&quot;&quot;,&quot;focal_length&quot;:&quot;0&quot;,&quot;iso&quot;:&quot;0&quot;,&quot;shutter_speed&quot;:&quot;0&quot;,&quot;title&quot;:&quot;&quot;,&quot;orientation&quot;:&quot;0&quot;}\" data-image-title=\"Leni M\u00ebrkuri e grupit t\u00eb Pilurit\u2026 (3)\" data-image-description=\"\" data-image-caption=\"&lt;p&gt;Leni M\u00ebrkuri e grupit t\u00eb Pilurit\u2026&lt;\/p&gt;\n\" data-medium-file=\"https:\/\/i0.wp.com\/www.shqiperia.com\/blog\/wp-content\/uploads\/2020\/12\/Leni-Merkuri-e-grupit-te-Pilurit%E2%80%A6-3.jpg?fit=167%2C300&amp;ssl=1\" data-large-file=\"https:\/\/i0.wp.com\/www.shqiperia.com\/blog\/wp-content\/uploads\/2020\/12\/Leni-Merkuri-e-grupit-te-Pilurit%E2%80%A6-3.jpg?fit=333%2C600&amp;ssl=1\" class=\" wp-image-41927\" alt=\"\" src=\"https:\/\/i0.wp.com\/www.shqiperia.com\/blog\/wp-content\/uploads\/2020\/12\/Leni-Merkuri-e-grupit-te-Pilurit%E2%80%A6-3.jpg?resize=382%2C686&#038;ssl=1\" width=\"382\" height=\"686\" \/><p id=\"caption-attachment-41927\" class=\"wp-caption-text\">Leni M\u00ebrkuri e grupit t\u00eb Pilurit\u2026<\/p><\/div>\n<p>Hedh\u00ebsi n\u00eb k\u00ebng\u00ebn iso-polifonike nd\u00ebrhyn n\u00eb k\u00ebng\u00eb vet\u00ebm tr-kat\u00ebr her\u00eb me z\u00ebrin e tij si \u201cklithm\u00eb\u201d vertikale, por k\u00ebto momente jan\u00eb vendimtare p\u00ebr k\u00ebng\u00ebn, e ngren\u00eb at\u00eb n\u00eb qiejt e realizimit ose e fundosin n\u00eb balt\u00ebn e d\u00ebshitimit.<\/p>\n<p>Me q\u00ebn\u00eb se jo t\u00eb gjith\u00eb lexuesit e kuptojn\u00eb teknik\u00ebn e z\u00ebrave t\u00eb k\u00ebng\u00ebs iso-polifonike, po e sqaroj n\u00eb nj\u00eb m\u00ebnyr\u00eb tjet\u00ebr. T\u00eb gjitha aniet kan\u00eb dyrekun kryesor, i cili lidhet n\u00ebp\u00ebrmjet kavove apo litar\u00ebve me ki\u00e7in, bashin dhe an\u00ebt e anise, duke e shndruar gjith\u00eb anien n\u00eb nj\u00eb trup t\u00eb ekulibruar, q\u00eb nuk p\u00ebrmbyset nga dallg\u00ebt edhe kur e godasin anash. Gjithashtu te ky dyrek lidhen edhe velat, t\u00eb cilat mbledhin er\u00ebn e detit dhe, duke e p\u00ebrq\u00ebndruar n\u00eb baz\u00ebn e velave, pran\u00eb trupit t\u00eb anies, forc\u00ebn e saj, i jep anise forc\u00eb shtyt\u00ebse dhe ekulib\u00ebr.<\/p>\n<p>K\u00ebt\u00eb b\u00ebn edhe \u201chedh\u00ebsi\u201d n\u00eb k\u00ebng\u00ebn iso-polifonike, mbledh k\u00ebng\u00ebn dhe forc\u00ebn e z\u00ebrave t\u00eb saj, t\u00eb cil\u00ebn e v\u00eb n\u00eb funksion t\u00eb \u201clundrimit\u201d t\u00eb k\u00ebng\u00ebs n\u00ebp\u00ebr detit e iso-s. Dhe deti i isos pilurjote \u00ebsht\u00eb dallg\u00eb fort\u00eb e dallg\u00eb shum\u00eb. K\u00ebt\u00eb b\u00ebn edhe Leni M\u00ebrkuri n\u00eb k\u00ebng\u00ebn pilurjote. Megjithat\u00eb, i nd\u00ebrgjegjsh\u00ebm se jo t\u00eb gjith\u00eb lexuesit kan\u00eb dijeni mbi teknikat e nd\u00ebrtimit t\u00eb anieve dhe lundrimit t\u00eb tyre, un\u00eb ju ftoj q\u00eb t\u00eb mirni nj\u00eb k\u00ebng\u00eb pilurjote n\u00eb<\/p>\n<p>YouTube, ku t\u00eb jet\u00eb Leni M\u00ebrkuri n\u00eb rolin e \u201chedh\u00ebses\u201d dhe t\u00eb ndiqni nd\u00ebrhyrjet e saj \u201chedh\u00ebse\u201d n\u00eb k\u00ebng\u00eb.<\/p>\n<p>Leni M\u00ebrkuri, me plot goj\u00ebn mund t\u00eb themi se \u00ebsht\u00eb nj\u00eb gjeni polifonie, sepse jo vet\u00ebm q\u00eb realizoi me sukses \u201chedhjen\u201d e k\u00ebng\u00ebve, por edhe pse krijoi nj\u00eb tjet\u00ebr tipologji hedhjeje n\u00eb momentin kur k\u00ebnga shtrohet (ulet tonaliteti i saj). Ajo krijon me z\u00ebrin e saj nj\u00eb ngritje vertikale me tre-kat\u00ebr shkall\u00eb kulmore dhe rikthehet prap tek tonaliteti baz\u00eb i isos, nj\u00eb ngritje kjo mjaft\u00eb e v\u00ebshtir\u00eb n\u00eb k\u00ebng\u00ebn iso-polifonike. Nj\u00ebsoj\u00eb si balerini n\u00eb patinazhin artistik t\u00eb b\u00ebj\u00eb n\u00eb aj\u00ebr tre-kat\u00ebr rrotullime dhe pastaj t\u00eb rr\u00ebshqas\u00eb normalisht mbi akull. Dhe k\u00ebt\u00eb ta b\u00ebj\u00eb n\u00eb mes t\u00eb nj\u00eb grupi bal\u00ebrin\u00ebsh q\u00eb patinojn\u00eb bashk\u00eb me \u2018t\u00eb. Leni M\u00ebrkuri ka nj\u00eb z\u00eb metalik mjaft t\u00eb fort\u00eb melodioz dhe dinamik. Dhe sikur k\u00ebnga t\u00eb \u201cs\u00ebmuret\u201d, \u201c injeksioni\u201d q\u00eb i jep ajo \u00ebsht\u00eb me efekte si kortizon dhe k\u00ebnga ringjallet menj\u00ebher\u00eb&#8230;thot\u00eb Kristo \u00c7ipa, Mjesht\u00ebr i Madh, p\u00ebrgjegj\u00ebs i grupit \u201cBejk\u2019 e bardh\u00eb\u201d.<\/p>\n<p>Leni M\u00ebrkuri e filloi karier\u00ebn si hedh\u00ebse duke zvend\u00ebsuar Luiza \u00c7ip\u00ebn, nj\u00eb tjet\u00ebr talent nga Piluri, por q\u00eb q\u00ebndroi pak koh\u00eb n\u00eb grup. N\u00eb prill t\u00eb vitit 1970 Leni M\u00ebrkuri si hedh\u00ebse dhe Ermioni M\u00ebrkuri si marr\u00ebse kan\u00eb interpretuar k\u00ebng\u00ebn p\u00ebr vdekjen e Gogo Nushit. Q\u00eb nga ai moment dhe deri n\u00eb vitin 1978 Leni M\u00ebrkuri ishte hedh\u00ebsja kryesore e grupit t\u00eb Pilurit, derisa u zvend\u00ebsua po nga nj\u00eb tjet\u00ebr talenr i rrall\u00eb n\u00eb k\u00ebt\u00eb funksion, nga k\u00ebng\u00ebtarja Vitori M\u00ebrkuri.<\/p>\n<p>Leni M\u00ebrkuri ka n\u00eb \u201cbiografin\u00eb\u201d e saj \u201c hedhjen\u201d e dhjetra e qindra k\u00ebng\u00eb, si k\u00ebnga p\u00ebr Gogo Nushin, Zaho Kok\u00ebn, Llambro Andonin, K\u00ebng\u00ebn e Vlor\u00ebs, K\u00ebng\u00ebn e d\u00ebshmor\u00ebve, k\u00ebng\u00ebn \u201cZoga ka\u00e7ake n\u00eb male\u201d, \u201cK\u00ebng\u00ebt e Atdheut tim\u201d, \u201cKuac e kuqe\u201d etj.<\/p>\n<p>Leni M\u00ebrkuri ishte b\u00ebr\u00eb e pa zv\u00ebnd\u00ebsueshme n\u00eb grupin e Pilurit dhe prania e saj impononte siguri suksesi te antar\u00ebt e grupit. Kristo \u00c7ipa na tregon se : N\u00eb n\u00ebntorin e vitit 1974 Leni ishte nx\u00ebn\u00ebse n\u00eb teknikumin e nd\u00ebrtimit n\u00eb Kor\u00e7\u00eb dhe grupi i Pilurit do k\u00ebndonte n\u00eb Tiran\u00eb k\u00ebng\u00ebn \u201c28 mij\u00eb yje\u201d. Mar\u00ebsja e pap\u00ebrs\u00ebrit\u00ebshme e k\u00ebsaj k\u00ebnge Katina M\u00ebrkuri \u201cMjesht\u00ebr i Madh\u2019, menj\u00ebher\u00eb sa konstatoi munges\u00ebn e Leni M\u00ebrkurit pran\u00eb grupit, protestoi tek grupi dhe deklaroi se nuk do e k\u00ebndonte k\u00ebng\u00ebn pa pranin\u00eb n\u00eb grup dhe n\u00eb rolin e \u201chedh\u00ebses\u201d t\u00eb Leni M\u00ebrkurit. Protesta e saj, e mb\u00ebshtetur nga grupi b\u00ebri q\u00eb zvministri i koh\u00ebs i kultur\u00ebs Mantho Bala t\u00eb urdh\u00ebroj\u00eb drejtorin e shkoll\u00ebs n\u00eb Kor\u00e7\u00eb t\u00eb niste urgjent p\u00ebr n\u00eb Tiran\u00eb nx\u00ebn\u00ebsen Leni M\u00ebrkuri \u2018\u2019p\u00ebr nj\u00eb problem t\u00eb madh\u201d. Prania e saj n\u00eb grupin q\u00eb k\u00ebndoi n\u00eb Tiran\u00eb, n\u00eb rolin e hedh\u00ebses b\u00ebri q\u00ebe t\u00eb lind\u00ebte ajo mrekulli iso-polifonike e pad\u00ebgjuar m\u00eb deri m\u00eb sot.<\/p>\n<div id=\"attachment_41928\" style=\"width: 318px\" class=\"wp-caption alignnone\"><img data-recalc-dims=\"1\" loading=\"lazy\" decoding=\"async\" aria-describedby=\"caption-attachment-41928\" data-attachment-id=\"41928\" data-permalink=\"https:\/\/www.shqiperia.com\/blog\/nje-cep-i-yllit-ose-leni-merkuri-e-grupit-te-pilurit\/leni-merkuri-e-grupit-te-pilurit\/\" data-orig-file=\"https:\/\/i0.wp.com\/www.shqiperia.com\/blog\/wp-content\/uploads\/2020\/12\/Leni-Merkuri-e-grupit-te-Pilurit%E2%80%A6.jpg?fit=330%2C600&amp;ssl=1\" data-orig-size=\"330,600\" data-comments-opened=\"1\" data-image-meta=\"{&quot;aperture&quot;:&quot;0&quot;,&quot;credit&quot;:&quot;&quot;,&quot;camera&quot;:&quot;&quot;,&quot;caption&quot;:&quot;&quot;,&quot;created_timestamp&quot;:&quot;0&quot;,&quot;copyright&quot;:&quot;&quot;,&quot;focal_length&quot;:&quot;0&quot;,&quot;iso&quot;:&quot;0&quot;,&quot;shutter_speed&quot;:&quot;0&quot;,&quot;title&quot;:&quot;&quot;,&quot;orientation&quot;:&quot;0&quot;}\" data-image-title=\"Leni M\u00ebrkuri e grupit t\u00eb Pilurit\u2026\" data-image-description=\"\" data-image-caption=\"&lt;p&gt;Leni M\u00ebrkuri e grupit t\u00eb Pilurit\u2026&lt;\/p&gt;\n\" data-medium-file=\"https:\/\/i0.wp.com\/www.shqiperia.com\/blog\/wp-content\/uploads\/2020\/12\/Leni-Merkuri-e-grupit-te-Pilurit%E2%80%A6.jpg?fit=165%2C300&amp;ssl=1\" data-large-file=\"https:\/\/i0.wp.com\/www.shqiperia.com\/blog\/wp-content\/uploads\/2020\/12\/Leni-Merkuri-e-grupit-te-Pilurit%E2%80%A6.jpg?fit=330%2C600&amp;ssl=1\" class=\" wp-image-41928\" alt=\"\" src=\"https:\/\/i0.wp.com\/www.shqiperia.com\/blog\/wp-content\/uploads\/2020\/12\/Leni-Merkuri-e-grupit-te-Pilurit%E2%80%A6.jpg?resize=308%2C557&#038;ssl=1\" width=\"308\" height=\"557\" \/><p id=\"caption-attachment-41928\" class=\"wp-caption-text\">Leni M\u00ebrkuri e grupit t\u00eb Pilurit\u2026<\/p><\/div>\n<p>Leni M\u00ebrkuri \u00ebsht\u00eb edhe nj\u00eb marr\u00ebse dinamike dhe mjaft mir\u00eb e artikuluar. Me grupin e Pilurit ka k\u00ebnduar refrenin \u201cH\u00ebn\u00ebz e qiellit t\u00eb gjer\u00eb\u201d, me grupin e bregdetit t\u00eb Himar\u00ebs ka k\u00ebnduar k\u00ebng\u00ebn \u201cZura nj\u00eb mike suljote\u201d dhe \u201d Vajz\u2019 e valeve\u201d (k\u00ebnga m\u00eb e klikuar n\u00eb youtub me rreth 700000 klikime).<\/p>\n<p>Me grupin \u201cBejk\u2019 e bardh\u00eb\u201d ka k\u00ebnduar k\u00ebng\u00ebn: \u201cK\u00ebng\u00ebn ma vini kuror\u201d, \u201cGjeniu gjirokastrit\u201d, k\u00ebng\u00ebn p\u00ebr Petro Markon, k\u00ebng\u00ebn p\u00ebr Vlor\u00ebn, e t\u00eb tjera. N\u00eb Festivalin e Gjirokastr\u00ebs n\u00eb vitin 2009 ka mar\u00eb \u00e7mimin e I si \u201chedh\u00ebse\u201d e k\u00ebng\u00ebs iso-polifonike.<\/p>\n<p>Un\u00eb do tju them se ajo ka k\u00ebnduar monofonin\u00eb brilante: \u201cLam\u00eb dheun morr\u00ebm balt\u00ebn\u201d e cila n\u00eb Festivalin Folklorik t\u00eb Vlor\u00ebs, me tekst t\u00eb Kristo \u00c7ip\u00ebs. V\u00ebrtet ka ca koh\u00eb q\u00eb monofonia ka dal\u00eb nga hershm\u00ebria e artit oral shqiptar dhe \u00ebsht\u00eb ngjitur n\u00eb sken\u00eb nga antar\u00eb t\u00eb grupit t\u00eb Pilurit. Pak veta e njohin k\u00ebt\u00eb tip k\u00ebnge t\u00eb st\u00ebrlasht\u00eb q\u00eb \u00ebsht\u00eb m\u00eb af\u00ebr vajtimit se sa k\u00ebng\u00ebs dhe q\u00eb ngjan m\u00eb shum\u00eb me logatjen se sa k\u00ebng\u00eb t\u00eb mirfillt\u00eb. T\u00eb interpretosh k\u00ebt\u00eb tip k\u00ebnge duhet t\u00eb jesh mjesht\u00ebr i k\u00ebng\u00ebs iso-polifonike dhe njoh\u00ebs i madh i \u201cjet\u00ebs\u201d apo rrug\u00ebtimit t\u00eb saj. Leni M\u00ebrkuri \u00ebsht\u00eb rritur me k\u00ebng\u00ebn dhe e nj\u00ebh m\u00eb s\u00eb miri at\u00eb.<\/p>\n<p>Tham\u00eb se monofonia \u00ebsht\u00eb m\u00eb pran\u00eb vajtimit se sa k\u00ebng\u00ebs, por te grupi i Pilurit, pas p\u00ebrvoj\u00ebs s\u00eb poetit Left\u00ebr \u00c7ipa, \u201cNder i Kombit\u201d, tekstet e k\u00ebng\u00ebve i ka mar\u00eb n\u00eb dor\u00eb poeti tjet\u00ebr Kristo \u00c7ipa, \u201cMjesht\u00ebr i Madh\u201d duke i ngritur ato n\u00eb nj\u00eb nivel artistik t\u00eb admiruesh\u00ebm. Ju ftoj q\u00eb t\u00eb ndiqni tekstin e monofonis\u00eb \u201cVaj p\u00ebr Atdheun\u201d:<\/p>\n<p><strong>Vaj p\u00ebr Atdheun<\/strong><\/p>\n<p>(monofoni).<\/p>\n<p>Teksti Kristo \u00c7ipa \u201cMjesht\u00ebr i Madh\u201d<\/p>\n<p>Ku jan\u00eb nisur e shkojn\u00eb<\/p>\n<p>detet n\u00eb k\u00ebmb\u00eb i kalojn\u00eb<\/p>\n<p>duan drit\u00eb por s\u2019shikojn\u00eb<\/p>\n<p>n\u00eb nat\u00eb nj\u00eb jet\u00eb rrojn\u00eb<\/p>\n<p>se ky atdheu q\u00eb pat\u00ebm<\/p>\n<p>asnj\u00ebher\u00eb se hoqi nat\u00ebn<\/p>\n<p>n\u00eb kurbet nga do q\u00eb vajt\u00ebm<\/p>\n<p>lam\u00eb dheun mor\u00ebm balt\u00ebn<\/p>\n<p>O ti dheu me bunker\u00eb<\/p>\n<p>I burgosur je p\u00ebr her\u00eb<\/p>\n<p>buz\u00eb plasur o i mjer\u00eb<\/p>\n<p>s\u2019t\u00eb pash\u00eb t\u00eb qeshur nj\u00eb her\u00eb<\/p>\n<p>Kur buz\u00ebqeshur t\u00eb jini<\/p>\n<p>nga dheu eni m\u00eb nxirrni<\/p>\n<p>Leni M\u00ebrkuri ka k\u00ebnduar si \u201chedh\u00ebse\u201d n\u00eb rreth 60 k\u00ebng\u00eb me grupin \u201cBejk\u2019 e bardh\u00eb\u201d dhe d\u00ebgjuesit shprehen se\u2026nuk mund t\u00eb rreshtin s\u00eb d\u00ebgjuari k\u00ebng\u00ebn e Leni M\u00ebrkurit..<\/p>\n<div id=\"attachment_41929\" style=\"width: 598px\" class=\"wp-caption alignnone\"><img data-recalc-dims=\"1\" loading=\"lazy\" decoding=\"async\" aria-describedby=\"caption-attachment-41929\" data-attachment-id=\"41929\" data-permalink=\"https:\/\/www.shqiperia.com\/blog\/nje-cep-i-yllit-ose-leni-merkuri-e-grupit-te-pilurit\/grupi-folklorik-i-pilurit\/\" data-orig-file=\"https:\/\/i0.wp.com\/www.shqiperia.com\/blog\/wp-content\/uploads\/2020\/12\/Grupi-Folklorik-i-Pilurit.jpg?fit=480%2C360&amp;ssl=1\" data-orig-size=\"480,360\" data-comments-opened=\"1\" data-image-meta=\"{&quot;aperture&quot;:&quot;0&quot;,&quot;credit&quot;:&quot;&quot;,&quot;camera&quot;:&quot;&quot;,&quot;caption&quot;:&quot;&quot;,&quot;created_timestamp&quot;:&quot;0&quot;,&quot;copyright&quot;:&quot;&quot;,&quot;focal_length&quot;:&quot;0&quot;,&quot;iso&quot;:&quot;0&quot;,&quot;shutter_speed&quot;:&quot;0&quot;,&quot;title&quot;:&quot;&quot;,&quot;orientation&quot;:&quot;0&quot;}\" data-image-title=\"Grupi Folklorik i Pilurit\" data-image-description=\"\" data-image-caption=\"&lt;p&gt;Grupi Folklorik i Pilurit&lt;\/p&gt;\n\" data-medium-file=\"https:\/\/i0.wp.com\/www.shqiperia.com\/blog\/wp-content\/uploads\/2020\/12\/Grupi-Folklorik-i-Pilurit.jpg?fit=300%2C225&amp;ssl=1\" data-large-file=\"https:\/\/i0.wp.com\/www.shqiperia.com\/blog\/wp-content\/uploads\/2020\/12\/Grupi-Folklorik-i-Pilurit.jpg?fit=480%2C360&amp;ssl=1\" class=\" wp-image-41929\" alt=\"\" src=\"https:\/\/i0.wp.com\/www.shqiperia.com\/blog\/wp-content\/uploads\/2020\/12\/Grupi-Folklorik-i-Pilurit.jpg?resize=588%2C443&#038;ssl=1\" width=\"588\" height=\"443\" srcset=\"https:\/\/i0.wp.com\/www.shqiperia.com\/blog\/wp-content\/uploads\/2020\/12\/Grupi-Folklorik-i-Pilurit.jpg?resize=300%2C225&amp;ssl=1 300w, https:\/\/i0.wp.com\/www.shqiperia.com\/blog\/wp-content\/uploads\/2020\/12\/Grupi-Folklorik-i-Pilurit.jpg?resize=450%2C338&amp;ssl=1 450w, https:\/\/i0.wp.com\/www.shqiperia.com\/blog\/wp-content\/uploads\/2020\/12\/Grupi-Folklorik-i-Pilurit.jpg?resize=400%2C300&amp;ssl=1 400w\" sizes=\"auto, (max-width: 588px) 100vw, 588px\" \/><p id=\"caption-attachment-41929\" class=\"wp-caption-text\">Grupi Folklorik i Pilurit<\/p><\/div>\n<p>P\u00ebr merita t\u00eb spikatura \u00ebsht\u00eb dekoruar n\u00eb vitin 2016 me \u201cUrdh\u00ebrin Naim Frash\u00ebri\u201d t\u00eb Art\u00eb dhe , ka mar\u00eb titullin \u201dPersonalitet i shquar i Laberis\u00eb\u201d, nd\u00ebrkoh\u00eb q\u00eb Bashkia Himar\u00eb ka vler\u00ebsuar me \u00c7ertifikat\u00eb Mir\u00ebnjohjeje\u201d gjith\u00eb antar\u00ebt e Grupit \u201cBejk\u2019 e bardh\u00eb\u201d t\u00eb Pilurit.<\/p>\n<p>Sarand\u00eb, m\u00eb 15.12.2020<\/p>\n","protected":false},"excerpt":{"rendered":"<p>Nj\u00eb cep i yllit\u2026 ose Leni M\u00ebrkuri e grupit t\u00eb Pilurit\u2026 Nga: Timo Merkuri. N\u00eb qoft\u00eb se grupin \u201cBejka e bardhe\u201d t\u00eb Pilurit do ta \u00e7monim si nj\u00eb yll n\u00eb qiellin e iso-polifonis\u00eb shqiptare, hedh\u00ebsen e k\u00ebtij grupi, Leni M\u00ebrkurin patjet\u00ebr do ta vler\u00ebsonim si nj\u00eb nga cepat e k\u00ebtij ylli q\u00eb bashk\u00eb me drit\u00ebn [&hellip;]<\/p>\n","protected":false},"author":9,"featured_media":41926,"comment_status":"open","ping_status":"open","sticky":false,"template":"","format":"standard","meta":{"jetpack_post_was_ever_published":false,"_jetpack_newsletter_access":"","_jetpack_dont_email_post_to_subs":false,"_jetpack_newsletter_tier_id":0,"_jetpack_memberships_contains_paywalled_content":false,"_jetpack_memberships_contains_paid_content":false,"footnotes":"","jetpack_publicize_message":"","jetpack_publicize_feature_enabled":true,"jetpack_social_post_already_shared":true,"jetpack_social_options":{"image_generator_settings":{"template":"highway","default_image_id":0,"font":"","enabled":false},"version":2}},"categories":[87,10,86],"tags":[],"class_list":["post-41925","post","type-post","status-publish","format-standard","has-post-thumbnail","hentry","category-arte","category-kultura","category-trashegimi-kulturore"],"jetpack_publicize_connections":[],"jetpack_featured_media_url":"https:\/\/i0.wp.com\/www.shqiperia.com\/blog\/wp-content\/uploads\/2020\/12\/Leni-Merkuri-e-grupit-te-Pilurit%E2%80%A6-2.jpg?fit=330%2C208&ssl=1","jetpack_sharing_enabled":true,"jetpack_shortlink":"https:\/\/wp.me\/p5Z6wp-aUd","jetpack-related-posts":[{"id":44401,"url":"https:\/\/www.shqiperia.com\/blog\/lajm-arkiv-kush-eshte-ai-qerata-i-ferres-kur-revoltohej-lefter-cipa-me-kane-sakatuar-kengen-tundu-bejke-maskarenjte-vjedhin-e-perdhosin-dhimbje\/","url_meta":{"origin":41925,"position":0},"title":"Lajm Arkiv: \u201cKush \u00ebsht\u00eb ai qerata i ferr\u00ebs?\u2019-  Kur revoltohej Lefter \u00c7ipa: &#8211; M\u00eb kan\u00eb sakatuar k\u00ebng\u00ebn \u2018Tundu Bejk\u00eb\u2019, maskarenjt\u00eb vjedhin e p\u00ebrdhosin. Dhimbje\u2026","author":"Kurt Farka","date":"February 18, 2021","format":false,"excerpt":"Lajm Arkiv: \u201cKush \u00ebsht\u00eb ai qerata i ferr\u00ebs?\u2019\/ Kur revoltohej Lefter \u00c7ipa: - M\u00eb kan\u00eb sakatuar k\u00ebng\u00ebn \u2018Tundu Bejk\u00eb\u2019, maskarenjt\u00eb vjedhin e p\u00ebrdhosin. Dhimbje\u2026 Poeti\u00a0Lefter \u00c7ipa e ka shprehur me an\u00eb t\u00eb nj\u00eb statusi n\u00eb Facebook, ku edhe shkruan se versionet e reja t\u00eb k\u00ebng\u00ebs nuk shoq\u00ebrohen nga fyelli dhe\u2026","rel":"","context":"In &quot;Histori&quot;","block_context":{"text":"Histori","link":"https:\/\/www.shqiperia.com\/blog\/category\/histori\/"},"img":{"alt_text":"","src":"https:\/\/i0.wp.com\/www.shqiperia.com\/blog\/wp-content\/uploads\/2021\/02\/Lefter-Cipa-Copy.jpg?fit=720%2C493&ssl=1&resize=350%2C200","width":350,"height":200,"srcset":"https:\/\/i0.wp.com\/www.shqiperia.com\/blog\/wp-content\/uploads\/2021\/02\/Lefter-Cipa-Copy.jpg?fit=720%2C493&ssl=1&resize=350%2C200 1x, https:\/\/i0.wp.com\/www.shqiperia.com\/blog\/wp-content\/uploads\/2021\/02\/Lefter-Cipa-Copy.jpg?fit=720%2C493&ssl=1&resize=525%2C300 1.5x, https:\/\/i0.wp.com\/www.shqiperia.com\/blog\/wp-content\/uploads\/2021\/02\/Lefter-Cipa-Copy.jpg?fit=720%2C493&ssl=1&resize=700%2C400 2x"},"classes":[]},{"id":41564,"url":"https:\/\/www.shqiperia.com\/blog\/lideri-i-grupit-suedez-tregon-pse-kenduan-ne-shqip-kengen-xhamadani-vija-vija\/","url_meta":{"origin":41925,"position":1},"title":"Lideri i grupit suedez tregon pse k\u00ebnduan n\u00eb shqip k\u00ebng\u00ebn \u201cXhamadani vija-vija\u201d","author":"Kurt Farka","date":"December 5, 2020","format":false,"excerpt":"Lideri i grupit suedez tregon pse k\u00ebnduan n\u00eb shqip k\u00ebng\u00ebn \u201cXhamadani vija-vija\u201d 2 DHJETOR 2020 Me dat\u00eb 28 n\u00ebntor, p\u00ebr Dit\u00ebn e Flamurit grupi suedez i muzik\u00ebs rock, \u201cMadMan\u00b4s Choice\u201d i b\u00ebri nj\u00eb dhurat\u00eb simbolike t\u00eb gjith\u00eb shqiptar\u00ebve, duke publikuar n\u00eb shqip dhe n\u00eb versionin e tyre k\u00ebng\u00ebn \u201cXhamadani vija\u2026","rel":"","context":"In &quot;Blogu i Udh\u00ebtarit&quot;","block_context":{"text":"Blogu i Udh\u00ebtarit","link":"https:\/\/www.shqiperia.com\/blog\/category\/blogu-i-udhetarit\/"},"img":{"alt_text":"","src":"https:\/\/i0.wp.com\/www.shqiperia.com\/blog\/wp-content\/uploads\/2020\/12\/640-0-5fc75c2ae320c.png?fit=640%2C359&ssl=1&resize=350%2C200","width":350,"height":200,"srcset":"https:\/\/i0.wp.com\/www.shqiperia.com\/blog\/wp-content\/uploads\/2020\/12\/640-0-5fc75c2ae320c.png?fit=640%2C359&ssl=1&resize=350%2C200 1x, https:\/\/i0.wp.com\/www.shqiperia.com\/blog\/wp-content\/uploads\/2020\/12\/640-0-5fc75c2ae320c.png?fit=640%2C359&ssl=1&resize=525%2C300 1.5x"},"classes":[]},{"id":44394,"url":"https:\/\/www.shqiperia.com\/blog\/fjale-per-lefter-cipen-lefter-cipa-nuk-ka-vdekur-sepse-ai-ka-kohe-qe-eshte-bere-i-pavdekshem\/","url_meta":{"origin":41925,"position":2},"title":"Fjal\u00eb p\u00ebr Lefter \u00c7ip\u00ebn: Lefter \u00c7ipa nuk ka vdekur sepse ai ka koh\u00eb q\u00eb \u00ebsht\u00eb b\u00ebr\u00eb i pavdeksh\u00ebm\u2026","author":"Kurt Farka","date":"February 18, 2021","format":false,"excerpt":"Fjal\u00eb p\u00ebr Lefter \u00c7ip\u00ebn: Lefter \u00c7ipa nuk ka vdekur sepse ai ka koh\u00eb q\u00eb \u00ebsht\u00eb b\u00ebr\u00eb i pavdeksh\u00ebm\u2026 Nga Timo M\u00ebrkuri Pilur, m\u00eb 18.02.2021 Pilurjot\u00eb kudo q\u00eb jinni dhe ju v\u00ebllez\u00ebr himariot\u00eb t\u00eb 53 fshatrave! Ju burra shteti q\u00eb e doni Shqip\u00ebrin\u00eb si Lefter \u00c7ipa dhe ju miq e shok\u00eb\u2026","rel":"","context":"In &quot;Histori&quot;","block_context":{"text":"Histori","link":"https:\/\/www.shqiperia.com\/blog\/category\/histori\/"},"img":{"alt_text":"","src":"https:\/\/i0.wp.com\/www.shqiperia.com\/blog\/wp-content\/uploads\/2021\/02\/Lefter-Cipa-2.jpg?fit=720%2C407&ssl=1&resize=350%2C200","width":350,"height":200,"srcset":"https:\/\/i0.wp.com\/www.shqiperia.com\/blog\/wp-content\/uploads\/2021\/02\/Lefter-Cipa-2.jpg?fit=720%2C407&ssl=1&resize=350%2C200 1x, https:\/\/i0.wp.com\/www.shqiperia.com\/blog\/wp-content\/uploads\/2021\/02\/Lefter-Cipa-2.jpg?fit=720%2C407&ssl=1&resize=525%2C300 1.5x, https:\/\/i0.wp.com\/www.shqiperia.com\/blog\/wp-content\/uploads\/2021\/02\/Lefter-Cipa-2.jpg?fit=720%2C407&ssl=1&resize=700%2C400 2x"},"classes":[]},{"id":29074,"url":"https:\/\/www.shqiperia.com\/blog\/eneda-tarifa-fituesja-e-kenga-magjike\/","url_meta":{"origin":41925,"position":3},"title":"Eneda Tarifa, fituesja e K\u00ebnga Magjike","author":"shqiperia","date":"December 8, 2019","format":false,"excerpt":"Fituesja e edicionit t\u00eb 21 t\u00eb festivalit m\u00eb t\u00eb madh t\u00eb k\u00ebng\u00ebs moderne \u00ebsht\u00eb Eneda Tarifa, me k\u00ebng\u00ebn \u201cMa zgjat dor\u00ebn\u201d. Fituesja e K\u00ebnga Magjike u vendos nga publiku, juria dhe votimi i artist\u00ebve p\u00ebr nj\u00ebri tjetrin. \u201cJu falenderoj nga zemra p\u00ebr t\u00eb gjith\u00eb suportin e vazhduesh\u00ebm q\u00eb i keni\u2026","rel":"","context":"In &quot;Kultura&quot;","block_context":{"text":"Kultura","link":"https:\/\/www.shqiperia.com\/blog\/category\/kultura\/"},"img":{"alt_text":"","src":"https:\/\/i0.wp.com\/www.shqiperia.com\/blog\/wp-content\/uploads\/2019\/12\/eneda-tarifaj.jpg?fit=1200%2C677&ssl=1&resize=350%2C200","width":350,"height":200,"srcset":"https:\/\/i0.wp.com\/www.shqiperia.com\/blog\/wp-content\/uploads\/2019\/12\/eneda-tarifaj.jpg?fit=1200%2C677&ssl=1&resize=350%2C200 1x, https:\/\/i0.wp.com\/www.shqiperia.com\/blog\/wp-content\/uploads\/2019\/12\/eneda-tarifaj.jpg?fit=1200%2C677&ssl=1&resize=525%2C300 1.5x, https:\/\/i0.wp.com\/www.shqiperia.com\/blog\/wp-content\/uploads\/2019\/12\/eneda-tarifaj.jpg?fit=1200%2C677&ssl=1&resize=700%2C400 2x, https:\/\/i0.wp.com\/www.shqiperia.com\/blog\/wp-content\/uploads\/2019\/12\/eneda-tarifaj.jpg?fit=1200%2C677&ssl=1&resize=1050%2C600 3x"},"classes":[]},{"id":876,"url":"https:\/\/www.shqiperia.com\/blog\/kryezi-ylli-rrapi-86-vjecari-qe-ndertoi-kishen-e-shna-prendes-falas\/","url_meta":{"origin":41925,"position":4},"title":"Kryezi: Ylli Rrapi 86 vjecari qe ndertoi kishen e Shna Prendes falas.","author":"Kurt Farka","date":"January 9, 2018","format":false,"excerpt":"Foto: Ylli Rrapi Me plot zell Ylli Rrapi m\u00eb tregoi rreth e rrotull objektit, sfidat p\u00ebrgjat\u00eb nd\u00ebrtimit e detajet historike t\u00eb kish\u00ebs. Edhe pse \u00ebsht\u00eb dashur t\u00eb rind\u00ebrtoh\u00ebt nga themelet, kisha i p\u00ebrmbahet tradit\u00ebs s\u00eb nd\u00ebrtimit t\u00eb Shqip\u00ebris\u00eb s\u00eb Nalt\u00eb, por n\u00eb ve\u00e7anti ngjall kureshtje simbolika e saj. Dritaret nga\u2026","rel":"","context":"In &quot;Shoqerore&quot;","block_context":{"text":"Shoqerore","link":"https:\/\/www.shqiperia.com\/blog\/category\/shoqerore\/"},"img":{"alt_text":"","src":"https:\/\/i0.wp.com\/www.shqiperia.com\/blog\/wp-content\/uploads\/2018\/01\/shna-prendja-puke-4-220x300.jpg?resize=350%2C200","width":350,"height":200},"classes":[]},{"id":8617,"url":"https:\/\/www.shqiperia.com\/blog\/jemi-qe-pa-ardhur-deti-me-poetin-lefter-cipa\/","url_meta":{"origin":41925,"position":5},"title":"Jemi q\u00eb pa ardhur deti \u2013me poetin Lefter \u00c7ipa\u2026 &#8211;","author":"Kurt Farka","date":"June 9, 2018","format":false,"excerpt":"Jemi q\u00eb pa ardhur deti \u2013me poetin Lefter \u00c7ipa\u2026 Libri \u201cJemi q\u00eb pa ardhur deti\u201d, i Akri \u00c7ip\u00ebs dhe botuar nga OMBRA GVG \u00ebsht\u00eb, si\u00e7 shkuhet n\u00eb faqen e par\u00eb t\u00eb brendshme: \u201cnj\u00eb dialog unik i poetit me nipin e tij\u201d. Q\u00eb mua m\u00eb duket se shpreh nj\u00eb t\u00eb v\u00ebrtet\u00eb\u2026","rel":"","context":"In &quot;Arte&quot;","block_context":{"text":"Arte","link":"https:\/\/www.shqiperia.com\/blog\/category\/arte\/"},"img":{"alt_text":"","src":"https:\/\/i0.wp.com\/www.shqiperia.com\/blog\/wp-content\/uploads\/2018\/06\/Lefter-Cipaa-300x277-300x179.jpg?resize=350%2C200","width":350,"height":200},"classes":[]}],"_links":{"self":[{"href":"https:\/\/www.shqiperia.com\/blog\/wp-json\/wp\/v2\/posts\/41925","targetHints":{"allow":["GET"]}}],"collection":[{"href":"https:\/\/www.shqiperia.com\/blog\/wp-json\/wp\/v2\/posts"}],"about":[{"href":"https:\/\/www.shqiperia.com\/blog\/wp-json\/wp\/v2\/types\/post"}],"author":[{"embeddable":true,"href":"https:\/\/www.shqiperia.com\/blog\/wp-json\/wp\/v2\/users\/9"}],"replies":[{"embeddable":true,"href":"https:\/\/www.shqiperia.com\/blog\/wp-json\/wp\/v2\/comments?post=41925"}],"version-history":[{"count":1,"href":"https:\/\/www.shqiperia.com\/blog\/wp-json\/wp\/v2\/posts\/41925\/revisions"}],"predecessor-version":[{"id":41930,"href":"https:\/\/www.shqiperia.com\/blog\/wp-json\/wp\/v2\/posts\/41925\/revisions\/41930"}],"wp:featuredmedia":[{"embeddable":true,"href":"https:\/\/www.shqiperia.com\/blog\/wp-json\/wp\/v2\/media\/41926"}],"wp:attachment":[{"href":"https:\/\/www.shqiperia.com\/blog\/wp-json\/wp\/v2\/media?parent=41925"}],"wp:term":[{"taxonomy":"category","embeddable":true,"href":"https:\/\/www.shqiperia.com\/blog\/wp-json\/wp\/v2\/categories?post=41925"},{"taxonomy":"post_tag","embeddable":true,"href":"https:\/\/www.shqiperia.com\/blog\/wp-json\/wp\/v2\/tags?post=41925"}],"curies":[{"name":"wp","href":"https:\/\/api.w.org\/{rel}","templated":true}]}}