{"id":41922,"date":"2020-12-15T15:20:58","date_gmt":"2020-12-15T15:20:58","guid":{"rendered":"https:\/\/www.shqiperia.com\/blog\/?p=41922"},"modified":"2020-12-15T15:21:10","modified_gmt":"2020-12-15T15:21:10","slug":"nuk-e-shkarkoj-veliun-edhe-nese-dalin-500-mije-veta-ne-shesha-basha-zoti-e-ruajte-15-milione-veta-do-te-dalin-me","status":"publish","type":"post","link":"https:\/\/www.shqiperia.com\/blog\/nuk-e-shkarkoj-veliun-edhe-nese-dalin-500-mije-veta-ne-shesha-basha-zoti-e-ruajte-15-milione-veta-do-te-dalin-me\/","title":{"rendered":"&#8220;Nuk e shkarkoj Veliun edhe n\u00ebse dalin 500 mij\u00eb veta n\u00eb shesha&#8221;.\u00a0 Basha: &#8211; Zoti e ruajt\u00eb, 1,5 milion\u00eb veta do t\u00eb dalin m\u00eb&#8230;"},"content":{"rendered":"<p><img data-recalc-dims=\"1\" loading=\"lazy\" decoding=\"async\" data-attachment-id=\"41923\" data-permalink=\"https:\/\/www.shqiperia.com\/blog\/nuk-e-shkarkoj-veliun-edhe-nese-dalin-500-mije-veta-ne-shesha-basha-zoti-e-ruajte-15-milione-veta-do-te-dalin-me\/640-0-5fd8bf4669250\/\" data-orig-file=\"https:\/\/i0.wp.com\/www.shqiperia.com\/blog\/wp-content\/uploads\/2020\/12\/640-0-5fd8bf4669250.jpeg?fit=640%2C339&amp;ssl=1\" data-orig-size=\"640,339\" data-comments-opened=\"1\" data-image-meta=\"{&quot;aperture&quot;:&quot;0&quot;,&quot;credit&quot;:&quot;&quot;,&quot;camera&quot;:&quot;&quot;,&quot;caption&quot;:&quot;&quot;,&quot;created_timestamp&quot;:&quot;0&quot;,&quot;copyright&quot;:&quot;&quot;,&quot;focal_length&quot;:&quot;0&quot;,&quot;iso&quot;:&quot;0&quot;,&quot;shutter_speed&quot;:&quot;0&quot;,&quot;title&quot;:&quot;&quot;,&quot;orientation&quot;:&quot;0&quot;}\" data-image-title=\"-640-0-5fd8bf4669250\" data-image-description=\"\" data-image-caption=\"\" data-medium-file=\"https:\/\/i0.wp.com\/www.shqiperia.com\/blog\/wp-content\/uploads\/2020\/12\/640-0-5fd8bf4669250.jpeg?fit=300%2C159&amp;ssl=1\" data-large-file=\"https:\/\/i0.wp.com\/www.shqiperia.com\/blog\/wp-content\/uploads\/2020\/12\/640-0-5fd8bf4669250.jpeg?fit=640%2C339&amp;ssl=1\" class=\"alignnone wp-image-41923\" alt=\"\" src=\"https:\/\/i0.wp.com\/www.shqiperia.com\/blog\/wp-content\/uploads\/2020\/12\/640-0-5fd8bf4669250.jpeg?resize=636%2C337&#038;ssl=1\" width=\"636\" height=\"337\" srcset=\"https:\/\/i0.wp.com\/www.shqiperia.com\/blog\/wp-content\/uploads\/2020\/12\/640-0-5fd8bf4669250.jpeg?resize=300%2C159&amp;ssl=1 300w, https:\/\/i0.wp.com\/www.shqiperia.com\/blog\/wp-content\/uploads\/2020\/12\/640-0-5fd8bf4669250.jpeg?resize=450%2C238&amp;ssl=1 450w, https:\/\/i0.wp.com\/www.shqiperia.com\/blog\/wp-content\/uploads\/2020\/12\/640-0-5fd8bf4669250.jpeg?resize=600%2C318&amp;ssl=1 600w, https:\/\/i0.wp.com\/www.shqiperia.com\/blog\/wp-content\/uploads\/2020\/12\/640-0-5fd8bf4669250.jpeg?resize=400%2C212&amp;ssl=1 400w, https:\/\/i0.wp.com\/www.shqiperia.com\/blog\/wp-content\/uploads\/2020\/12\/640-0-5fd8bf4669250.jpeg?w=640&amp;ssl=1 640w\" sizes=\"auto, (max-width: 636px) 100vw, 636px\" \/><\/p>\n<p><strong>&#8220;Nuk e shkarkoj Veliun edhe n\u00ebse dalin 500 mij\u00eb veta n\u00eb shesha&#8221;.\u00a0 Basha: &#8211; Zoti e ruajt\u00eb, 1,5 milion\u00eb veta do t\u00eb dalin m\u00eb&#8230;<\/strong><\/p>\n<p><strong>15 DHJETOR 2020<\/strong><\/p>\n<p>Kreu i PD-s\u00eb Lulzim Basha i \u00ebsht\u00eb p\u00ebrgjigjur deklarat\u00ebs s\u00eb Edi Ram\u00ebs de nuk e heq Ardi Veliun edhe n\u00ebse 500 mij\u00eb vet\u00eb dalin n\u00eb shesh, duke e k\u00ebrc\u00ebnuar se do t\u00eb dalin edhe m\u00eb shum\u00eb se kaq.<\/p>\n<p>N\u00eb konferenc\u00ebn e shtypit,\u00a0 Basha tha se \u201cn\u00ebse dalin 500 mij\u00eb vet\u00eb Zoti e ruajt Edi Ram\u00ebn. T\u2019i th\u00ebrras\u00eb kok\u00ebs se jo 500 mij\u00eb por 1 milion\u00eb e 500 mij\u00eb do t\u2019i dalin Edi Ram\u00ebs n\u00eb shesh p\u00ebr ta larguar m\u00eb 25 prill\u201d, tha Basha.<\/p>\n<p>Gjat\u00eb deklarat\u00ebs p\u00ebr shtyp, kryedemokrati Lulzim Basha tha se i mb\u00ebshtet protestat p\u00ebr vrasjen e Klodjan Rash\u00ebs. Ai thot\u00eb se vrasja e 25-vje\u00e7arit ishte nj\u00eb shk\u00ebndij\u00eb p\u00ebr k\u00ebto protesta.<\/p>\n<p>&#8220;Lus \u00e7do shqiptar q\u00eb t\u00eb ndalet 1 sekond\u00eb dhe t\u00eb kuptoj se \u00e7far\u00eb po ndodh. K\u00ebrkon t\u00eb faj\u00ebsoj k\u00ebdo p\u00ebr vrasjen e Klodjan Rash\u00ebs. K\u00ebsaj nuk do i shp\u00ebtonte as opozita. Rr\u00ebnj\u00ebt e k\u00ebsaj revolte jan\u00eb m\u00eb t\u00eb thella. Vrasja e Klodian Rash\u00ebs ishte vet\u00ebm shk\u00ebndija p\u00ebr k\u00ebto protesta. Protesta ka patur dhe ka mb\u00ebshtetjen ton\u00eb t\u00eb plot\u00eb P\u00ebr protestat e student\u00ebve faj\u00ebsoi opozit\u00ebn. N\u00eb 2017 Edi Rama erdhi n\u00eb pushtet p\u00ebrmes krimit. Student\u00ebt i shau, i telendisi e i mashtroi. Vet\u00ebm ne i dham\u00eb nj\u00eb zgjidhje atyre. Pse i dogj\u00ebm mandatet? Duhej zgjedhje politike. B\u00ebri zgjedhje moniste. Lulzim Basha si kryeminist\u00ebr ashtu si\u00e7 hoq\u00ebm vizat 10 vite m\u00eb par\u00eb do t\u00eb heqim nga barra dhe shefat mafioz\u00eb. Ju garantoj q\u00eb brenda 6 muajve t\u00eb par\u00eb n\u00eb qeverisje do kemi standarte t\u00eb larta. Koalicioni opozitar \u00ebsht\u00eb 1 dhe i pandar\u00eb. P\u00ebr t\u00eb larguar Edi Ram\u00ebn. P\u00ebr t&#8217;i dh\u00ebn\u00eb shqiptar\u00ebve garancit\u00eb p\u00ebr t\u00eb larguar Edi Ram\u00ebn. Ky q\u00eb p\u00ebr 8 vite nuk mbajti asnj\u00eb premtim. Nuk meriton m\u00eb asnj\u00eb dit\u00eb m\u00eb shum\u00eb&#8221; &#8211; tha Basha.<\/p>\n<p>Gazeta Shqip<\/p>\n","protected":false},"excerpt":{"rendered":"<p>&#8220;Nuk e shkarkoj Veliun edhe n\u00ebse dalin 500 mij\u00eb veta n\u00eb shesha&#8221;.\u00a0 Basha: &#8211; Zoti e ruajt\u00eb, 1,5 milion\u00eb veta do t\u00eb dalin m\u00eb&#8230; 15 DHJETOR 2020 Kreu i PD-s\u00eb Lulzim Basha i \u00ebsht\u00eb p\u00ebrgjigjur deklarat\u00ebs s\u00eb Edi Ram\u00ebs de nuk e heq Ardi Veliun edhe n\u00ebse 500 mij\u00eb vet\u00eb dalin n\u00eb shesh, duke e [&hellip;]<\/p>\n","protected":false},"author":9,"featured_media":41923,"comment_status":"open","ping_status":"open","sticky":false,"template":"","format":"standard","meta":{"jetpack_post_was_ever_published":false,"_jetpack_newsletter_access":"","_jetpack_dont_email_post_to_subs":false,"_jetpack_newsletter_tier_id":0,"_jetpack_memberships_contains_paywalled_content":false,"_jetpack_memberships_contains_paid_content":false,"footnotes":"","jetpack_publicize_message":"","jetpack_publicize_feature_enabled":true,"jetpack_social_post_already_shared":true,"jetpack_social_options":{"image_generator_settings":{"template":"highway","default_image_id":0,"font":"","enabled":false},"version":2}},"categories":[27,2],"tags":[],"class_list":["post-41922","post","type-post","status-publish","format-standard","has-post-thumbnail","hentry","category-blogu-i-udhetarit","category-politika"],"jetpack_publicize_connections":[],"jetpack_featured_media_url":"https:\/\/i0.wp.com\/www.shqiperia.com\/blog\/wp-content\/uploads\/2020\/12\/640-0-5fd8bf4669250.jpeg?fit=640%2C339&ssl=1","jetpack_sharing_enabled":true,"jetpack_shortlink":"https:\/\/wp.me\/p5Z6wp-aUa","jetpack-related-posts":[{"id":52493,"url":"https:\/\/www.shqiperia.com\/blog\/si-mashtron-lulzim-basha-me-pranine-e-delegateve-tek-pallati-i-kongreseve\/","url_meta":{"origin":41922,"position":0},"title":"Si mashtron Lulzim Basha me pranin\u00eb e delegat\u00ebve tek Pallati i Kongreseve","author":"Kurt Farka","date":"December 18, 2021","format":false,"excerpt":"Si mashtron Lulzim Basha me pranin\u00eb e delegat\u00ebve tek Pallati i Kongreseve 18 DHJETOR 2021 GAZETA SHQIP \u201c\u2026 Salla ku \u00ebsht\u00eb duke u zhvilluar Kuvendi Komb\u00ebtar\u00eb i Partis\u00eb Demokratike n\u00eb Pallatin e Kongreseve ka nj\u00eb kapacitet prej 2 mij\u00eb personash\u201d. Kryetar i Komisionit q\u00eb ndjek punimet e Kuvendit t\u00eb 18\u2026","rel":"","context":"In &quot;Blogu i Udh\u00ebtarit&quot;","block_context":{"text":"Blogu i Udh\u00ebtarit","link":"https:\/\/www.shqiperia.com\/blog\/category\/blogu-i-udhetarit\/"},"img":{"alt_text":"","src":"https:\/\/i0.wp.com\/www.shqiperia.com\/blog\/wp-content\/uploads\/2021\/12\/640-0-61bdf247cf6ae.jpg?fit=640%2C366&ssl=1&resize=350%2C200","width":350,"height":200,"srcset":"https:\/\/i0.wp.com\/www.shqiperia.com\/blog\/wp-content\/uploads\/2021\/12\/640-0-61bdf247cf6ae.jpg?fit=640%2C366&ssl=1&resize=350%2C200 1x, https:\/\/i0.wp.com\/www.shqiperia.com\/blog\/wp-content\/uploads\/2021\/12\/640-0-61bdf247cf6ae.jpg?fit=640%2C366&ssl=1&resize=525%2C300 1.5x"},"classes":[]},{"id":50479,"url":"https:\/\/www.shqiperia.com\/blog\/cilin-paralajmeroi-basha-kur-tha-se-kemi-ish-qeveritare-te-korruptuar-edhe-ne-pd\/","url_meta":{"origin":41922,"position":1},"title":"Cilin paralajm\u00ebroi Basha kur tha se \u201ckemi ish-qeveritar\u00eb t\u00eb korruptuar edhe n\u00eb PD\u201d?","author":"Kurt Farka","date":"October 12, 2021","format":false,"excerpt":"Cilin paralajm\u00ebroi Basha kur tha se \u201ckemi ish-qeveritar\u00eb t\u00eb korruptuar edhe n\u00eb PD\u201d? 12 tetor 2021 Nga Jonida Halili Sot Lulzim Basha ishte m\u00eb i ashp\u00ebr dhe m\u00eb i vendosur se kurr\u00eb m\u00eb par\u00eb. Ai b\u00ebri nj\u00eb deklarat\u00eb para medias dhe goditi me b\u00ebrryl njer\u00ebzit e ish-kryeministrit Berisha, duke i\u2026","rel":"","context":"In &quot;Politika&quot;","block_context":{"text":"Politika","link":"https:\/\/www.shqiperia.com\/blog\/category\/politika\/"},"img":{"alt_text":"","src":"https:\/\/i0.wp.com\/www.shqiperia.com\/blog\/wp-content\/uploads\/2021\/10\/Lulzim-Basha-Foto-ilustruese.jpg?fit=442%2C265&ssl=1&resize=350%2C200","width":350,"height":200},"classes":[]},{"id":52189,"url":"https:\/\/www.shqiperia.com\/blog\/kuvend-i-hajnise-basha-akuzon-berisha-po-mbeshtetet-nga-rama-meta-oligarket-dhe-krimi-i-organizuar\/","url_meta":{"origin":41922,"position":2},"title":"\u201cKuvend i Hajnis\u00eb\u201d . Basha akuzon: &#8211; Berisha po mb\u00ebshtetet nga Rama-Meta, oligark\u00ebt dhe krimi i organizuar","author":"Kurt Farka","date":"December 10, 2021","format":false,"excerpt":"\u201cKuvend i Hajnis\u00eb\u201d . Basha akuzon: - Berisha po mb\u00ebshtetet nga Rama-Meta, oligark\u00ebt dhe krimi i organizuar 9 DHJETOR 2021 Lulzim Basha e quajti \u201cKuvendi i Hajnis\u00eb\u201d Kuvendin e thirrur nga Sali Berisha m\u00eb 11 dhjetor dhe akuzoi Edi Ram\u00ebn se po e mb\u00ebshtet ish-Kryeministrin s\u00eb bashku me Ilir Met\u00ebn.\u2026","rel":"","context":"In &quot;Blogu i Udh\u00ebtarit&quot;","block_context":{"text":"Blogu i Udh\u00ebtarit","link":"https:\/\/www.shqiperia.com\/blog\/category\/blogu-i-udhetarit\/"},"img":{"alt_text":"","src":"https:\/\/i0.wp.com\/www.shqiperia.com\/blog\/wp-content\/uploads\/2021\/12\/640-0-373802825f33fa05d9228cb207f42a3e.jpg?fit=640%2C389&ssl=1&resize=350%2C200","width":350,"height":200,"srcset":"https:\/\/i0.wp.com\/www.shqiperia.com\/blog\/wp-content\/uploads\/2021\/12\/640-0-373802825f33fa05d9228cb207f42a3e.jpg?fit=640%2C389&ssl=1&resize=350%2C200 1x, https:\/\/i0.wp.com\/www.shqiperia.com\/blog\/wp-content\/uploads\/2021\/12\/640-0-373802825f33fa05d9228cb207f42a3e.jpg?fit=640%2C389&ssl=1&resize=525%2C300 1.5x"},"classes":[]},{"id":22668,"url":"https:\/\/www.shqiperia.com\/blog\/nard-ndoka-qetesoju-lutu-durim-jozefine-rama-humbi-pushtetin-lulzim-basha-fitoj-qytetaret\/","url_meta":{"origin":41922,"position":3},"title":"Nard Ndoka: &#8211; Qet\u00ebsoju, lutu, durim Jozefin\u00eb! Rama humbi pushtetin, Lulzim Basha fitoj qytetar\u00ebt!","author":"Kurt Farka","date":"July 1, 2019","format":false,"excerpt":"Nard Ndoka: - Qet\u00ebsoju, lutu, durim Jozefin\u00eb! Rama humbi pushtetin, Lulzim Basha fitoj qytetar\u00ebt! Nga\u00a0Aranit Muraci\u00a0 Kreu i PDK-s\u00eb, Nard Ndoka ka reaguar pas mesazhit kritik t\u00eb Jozefina Topallit ndaj kreut t\u00eb PD, Lulzim Basha, p\u00ebr zgjedhjet e 30 qershorit. Ndoka i ka k\u00ebrkuar Topallit t\u00eb qet\u00ebsohet, duke i sqaruar\u2026","rel":"","context":"In &quot;Blogu i Udh\u00ebtarit&quot;","block_context":{"text":"Blogu i Udh\u00ebtarit","link":"https:\/\/www.shqiperia.com\/blog\/category\/blogu-i-udhetarit\/"},"img":{"alt_text":"","src":"https:\/\/i0.wp.com\/www.shqiperia.com\/blog\/wp-content\/uploads\/2019\/07\/ndoka-topalli.jpg?fit=1024%2C519&ssl=1&resize=350%2C200","width":350,"height":200,"srcset":"https:\/\/i0.wp.com\/www.shqiperia.com\/blog\/wp-content\/uploads\/2019\/07\/ndoka-topalli.jpg?fit=1024%2C519&ssl=1&resize=350%2C200 1x, https:\/\/i0.wp.com\/www.shqiperia.com\/blog\/wp-content\/uploads\/2019\/07\/ndoka-topalli.jpg?fit=1024%2C519&ssl=1&resize=525%2C300 1.5x, https:\/\/i0.wp.com\/www.shqiperia.com\/blog\/wp-content\/uploads\/2019\/07\/ndoka-topalli.jpg?fit=1024%2C519&ssl=1&resize=700%2C400 2x"},"classes":[]},{"id":73183,"url":"https:\/\/www.shqiperia.com\/blog\/nuk-e-perjashtoj-nje-aleance-rama-basha-artan-fuga-tenton-te-jete-ne-krye-te-pd-se-me-procedura-te-dyshimta-mund-te-marre-ministri-dhe-elektorat\/","url_meta":{"origin":41922,"position":4},"title":"\u201cNuk e p\u00ebrjashtoj nj\u00eb aleanc\u00eb Rama-Basha\u201d. Artan Fuga: &#8211; Tenton t\u00eb jet\u00eb n\u00eb krye t\u00eb PD-s\u00eb me procedura t\u00eb dyshimta, mund t\u00eb marr\u00eb ministri dhe elektorat","author":"Kurt Farka","date":"August 1, 2023","format":false,"excerpt":"Akademiku Artan Fuga \u00ebsht\u00eb shprehur se nuk e p\u00ebrjashton nj\u00eb aleanc\u00eb mes kryeministrit Edi Rama dhe kryedemokratit Lulzim Basha n\u00eb zgjedhjet e ardhshme. Komentet Fuga i b\u00ebri p\u00ebrmes nj\u00eb interviste n\u00eb News 24, ku tha se Basha po vjen n\u00eb krye t\u00eb PD-s\u00eb me procedura t\u00eb dyshuara. Ai shtoi se\u2026","rel":"","context":"In &quot;Blogu i Udh\u00ebtarit&quot;","block_context":{"text":"Blogu i Udh\u00ebtarit","link":"https:\/\/www.shqiperia.com\/blog\/category\/blogu-i-udhetarit\/"},"img":{"alt_text":"","src":"https:\/\/i0.wp.com\/www.shqiperia.com\/blog\/wp-content\/uploads\/2023\/07\/800-0-basha-rama-montazh-590x354-1.jpg?fit=800%2C480&ssl=1&resize=350%2C200","width":350,"height":200,"srcset":"https:\/\/i0.wp.com\/www.shqiperia.com\/blog\/wp-content\/uploads\/2023\/07\/800-0-basha-rama-montazh-590x354-1.jpg?fit=800%2C480&ssl=1&resize=350%2C200 1x, https:\/\/i0.wp.com\/www.shqiperia.com\/blog\/wp-content\/uploads\/2023\/07\/800-0-basha-rama-montazh-590x354-1.jpg?fit=800%2C480&ssl=1&resize=525%2C300 1.5x, https:\/\/i0.wp.com\/www.shqiperia.com\/blog\/wp-content\/uploads\/2023\/07\/800-0-basha-rama-montazh-590x354-1.jpg?fit=800%2C480&ssl=1&resize=700%2C400 2x"},"classes":[]},{"id":39653,"url":"https:\/\/www.shqiperia.com\/blog\/basha-i-pergjigjet-rames-75-mln-e-per-mafien-e-plehrave-asnje-kacidhe-per-100-mije-te-papune\/","url_meta":{"origin":41922,"position":5},"title":"Basha i p\u00ebrgjigjet Ram\u00ebs: 75 mln \u20ac p\u00ebr mafien e plehrave, asnj\u00eb kacidhe p\u00ebr 100 mij\u00eb t\u00eb papun\u00eb","author":"Kurt Farka","date":"October 14, 2020","format":false,"excerpt":"Basha i p\u00ebrgjigjet Ram\u00ebs: 75 mln \u20ac p\u00ebr mafien e plehrave, asnj\u00eb kacidhe p\u00ebr 100 mij\u00eb t\u00eb papun\u00eb - 14\/10\/20 Nuk ka vonuar p\u00ebrgjigjja e kryedemokratit, Lulzim Basha, pas\u00a0akuzave t\u00eb kryeministrit Edi Rama, lidhur me \u00e7\u00ebshtjen e incenerator\u00ebve dhe milionat e shpenzuara nga qeveria p\u00ebr koncesionar\u00ebt. Rama u shpreh m\u00eb\u2026","rel":"","context":"In &quot;Blogu i Udh\u00ebtarit&quot;","block_context":{"text":"Blogu i Udh\u00ebtarit","link":"https:\/\/www.shqiperia.com\/blog\/category\/blogu-i-udhetarit\/"},"img":{"alt_text":"","src":"https:\/\/i0.wp.com\/www.shqiperia.com\/blog\/wp-content\/uploads\/2020\/10\/BASHA-RAMA-01-1536x864-1.jpg?fit=1200%2C675&ssl=1&resize=350%2C200","width":350,"height":200,"srcset":"https:\/\/i0.wp.com\/www.shqiperia.com\/blog\/wp-content\/uploads\/2020\/10\/BASHA-RAMA-01-1536x864-1.jpg?fit=1200%2C675&ssl=1&resize=350%2C200 1x, https:\/\/i0.wp.com\/www.shqiperia.com\/blog\/wp-content\/uploads\/2020\/10\/BASHA-RAMA-01-1536x864-1.jpg?fit=1200%2C675&ssl=1&resize=525%2C300 1.5x, https:\/\/i0.wp.com\/www.shqiperia.com\/blog\/wp-content\/uploads\/2020\/10\/BASHA-RAMA-01-1536x864-1.jpg?fit=1200%2C675&ssl=1&resize=700%2C400 2x, https:\/\/i0.wp.com\/www.shqiperia.com\/blog\/wp-content\/uploads\/2020\/10\/BASHA-RAMA-01-1536x864-1.jpg?fit=1200%2C675&ssl=1&resize=1050%2C600 3x"},"classes":[]}],"_links":{"self":[{"href":"https:\/\/www.shqiperia.com\/blog\/wp-json\/wp\/v2\/posts\/41922","targetHints":{"allow":["GET"]}}],"collection":[{"href":"https:\/\/www.shqiperia.com\/blog\/wp-json\/wp\/v2\/posts"}],"about":[{"href":"https:\/\/www.shqiperia.com\/blog\/wp-json\/wp\/v2\/types\/post"}],"author":[{"embeddable":true,"href":"https:\/\/www.shqiperia.com\/blog\/wp-json\/wp\/v2\/users\/9"}],"replies":[{"embeddable":true,"href":"https:\/\/www.shqiperia.com\/blog\/wp-json\/wp\/v2\/comments?post=41922"}],"version-history":[{"count":1,"href":"https:\/\/www.shqiperia.com\/blog\/wp-json\/wp\/v2\/posts\/41922\/revisions"}],"predecessor-version":[{"id":41924,"href":"https:\/\/www.shqiperia.com\/blog\/wp-json\/wp\/v2\/posts\/41922\/revisions\/41924"}],"wp:featuredmedia":[{"embeddable":true,"href":"https:\/\/www.shqiperia.com\/blog\/wp-json\/wp\/v2\/media\/41923"}],"wp:attachment":[{"href":"https:\/\/www.shqiperia.com\/blog\/wp-json\/wp\/v2\/media?parent=41922"}],"wp:term":[{"taxonomy":"category","embeddable":true,"href":"https:\/\/www.shqiperia.com\/blog\/wp-json\/wp\/v2\/categories?post=41922"},{"taxonomy":"post_tag","embeddable":true,"href":"https:\/\/www.shqiperia.com\/blog\/wp-json\/wp\/v2\/tags?post=41922"}],"curies":[{"name":"wp","href":"https:\/\/api.w.org\/{rel}","templated":true}]}}