{"id":41918,"date":"2020-12-15T15:08:46","date_gmt":"2020-12-15T15:08:46","guid":{"rendered":"https:\/\/www.shqiperia.com\/blog\/?p=41918"},"modified":"2020-12-15T15:08:46","modified_gmt":"2020-12-15T15:08:46","slug":"kel-demi-pas-faktimit-te-ish-sigurimit-ne-polici-ka-mbetur-vetem-rikthimi-i-nenit-55-yuri-kim-nuk-ka-me-qene-kunder","status":"publish","type":"post","link":"https:\/\/www.shqiperia.com\/blog\/kel-demi-pas-faktimit-te-ish-sigurimit-ne-polici-ka-mbetur-vetem-rikthimi-i-nenit-55-yuri-kim-nuk-ka-me-qene-kunder\/","title":{"rendered":"Kel Demi: &#8211; Pas faktimit t\u00eb ish-Sigurimit n\u00eb polici ka mbetur vet\u00ebm rikthimi i nenit 55. Yuri Kim nuk ka me qen\u00eb kund\u00ebr"},"content":{"rendered":"<p><img data-recalc-dims=\"1\" loading=\"lazy\" decoding=\"async\" data-attachment-id=\"41919\" data-permalink=\"https:\/\/www.shqiperia.com\/blog\/kel-demi-pas-faktimit-te-ish-sigurimit-ne-polici-ka-mbetur-vetem-rikthimi-i-nenit-55-yuri-kim-nuk-ka-me-qene-kunder\/auto_capture-21607958627-485x360\/\" data-orig-file=\"https:\/\/i0.wp.com\/www.shqiperia.com\/blog\/wp-content\/uploads\/2020\/12\/auto_Capture-21607958627-485x360-1.jpg?fit=485%2C253&amp;ssl=1\" data-orig-size=\"485,253\" data-comments-opened=\"1\" data-image-meta=\"{&quot;aperture&quot;:&quot;0&quot;,&quot;credit&quot;:&quot;&quot;,&quot;camera&quot;:&quot;&quot;,&quot;caption&quot;:&quot;&quot;,&quot;created_timestamp&quot;:&quot;0&quot;,&quot;copyright&quot;:&quot;&quot;,&quot;focal_length&quot;:&quot;0&quot;,&quot;iso&quot;:&quot;0&quot;,&quot;shutter_speed&quot;:&quot;0&quot;,&quot;title&quot;:&quot;&quot;,&quot;orientation&quot;:&quot;0&quot;}\" data-image-title=\"auto_Capture-21607958627-485&#215;360\" data-image-description=\"\" data-image-caption=\"\" data-medium-file=\"https:\/\/i0.wp.com\/www.shqiperia.com\/blog\/wp-content\/uploads\/2020\/12\/auto_Capture-21607958627-485x360-1.jpg?fit=300%2C156&amp;ssl=1\" data-large-file=\"https:\/\/i0.wp.com\/www.shqiperia.com\/blog\/wp-content\/uploads\/2020\/12\/auto_Capture-21607958627-485x360-1.jpg?fit=485%2C253&amp;ssl=1\" class=\"alignnone  wp-image-41919\" alt=\"\" src=\"https:\/\/i0.wp.com\/www.shqiperia.com\/blog\/wp-content\/uploads\/2020\/12\/auto_Capture-21607958627-485x360-1.jpg?resize=540%2C281&#038;ssl=1\" width=\"540\" height=\"281\" srcset=\"https:\/\/i0.wp.com\/www.shqiperia.com\/blog\/wp-content\/uploads\/2020\/12\/auto_Capture-21607958627-485x360-1.jpg?resize=300%2C156&amp;ssl=1 300w, https:\/\/i0.wp.com\/www.shqiperia.com\/blog\/wp-content\/uploads\/2020\/12\/auto_Capture-21607958627-485x360-1.jpg?resize=450%2C235&amp;ssl=1 450w, https:\/\/i0.wp.com\/www.shqiperia.com\/blog\/wp-content\/uploads\/2020\/12\/auto_Capture-21607958627-485x360-1.jpg?resize=400%2C209&amp;ssl=1 400w, https:\/\/i0.wp.com\/www.shqiperia.com\/blog\/wp-content\/uploads\/2020\/12\/auto_Capture-21607958627-485x360-1.jpg?w=485&amp;ssl=1 485w\" sizes=\"auto, (max-width: 540px) 100vw, 540px\" \/><\/p>\n<p><strong>Kel Demi: &#8211; Pas faktimit t\u00eb ish-Sigurimit n\u00eb polici ka mbetur vet\u00ebm rikthimi i nenit 55. Yuri Kim nuk ka me qen\u00eb kund\u00ebr <\/strong><\/p>\n<p>P\u00ebrparim \u00c7angu, \u00ebsht\u00eb ish-sigurimsi q\u00eb u filmua, teksa ushtron dhun\u00eb barbare ndaj nj\u00eb t\u00eb mituri n\u00eb protestat e fundit. Kapja e policis\u00eb dhe Sh\u00ebrbimit Inteligjent nga ish-Sigurimi ka rikthyer metodat e dhunshme t\u00eb vendosjes s\u00eb diktatit.<\/p>\n<p><img data-recalc-dims=\"1\" loading=\"lazy\" decoding=\"async\" data-attachment-id=\"41920\" data-permalink=\"https:\/\/www.shqiperia.com\/blog\/kel-demi-pas-faktimit-te-ish-sigurimit-ne-polici-ka-mbetur-vetem-rikthimi-i-nenit-55-yuri-kim-nuk-ka-me-qene-kunder\/auto_capture-21607958627-485x360-copy\/\" data-orig-file=\"https:\/\/i0.wp.com\/www.shqiperia.com\/blog\/wp-content\/uploads\/2020\/12\/auto_Capture-21607958627-485x360-Copy.jpg?fit=485%2C360&amp;ssl=1\" data-orig-size=\"485,360\" data-comments-opened=\"1\" data-image-meta=\"{&quot;aperture&quot;:&quot;0&quot;,&quot;credit&quot;:&quot;&quot;,&quot;camera&quot;:&quot;&quot;,&quot;caption&quot;:&quot;&quot;,&quot;created_timestamp&quot;:&quot;0&quot;,&quot;copyright&quot;:&quot;&quot;,&quot;focal_length&quot;:&quot;0&quot;,&quot;iso&quot;:&quot;0&quot;,&quot;shutter_speed&quot;:&quot;0&quot;,&quot;title&quot;:&quot;&quot;,&quot;orientation&quot;:&quot;0&quot;}\" data-image-title=\"auto_Capture-21607958627-485&#215;360 &#8211; Copy\" data-image-description=\"\" data-image-caption=\"\" data-medium-file=\"https:\/\/i0.wp.com\/www.shqiperia.com\/blog\/wp-content\/uploads\/2020\/12\/auto_Capture-21607958627-485x360-Copy.jpg?fit=300%2C223&amp;ssl=1\" data-large-file=\"https:\/\/i0.wp.com\/www.shqiperia.com\/blog\/wp-content\/uploads\/2020\/12\/auto_Capture-21607958627-485x360-Copy.jpg?fit=485%2C360&amp;ssl=1\" class=\"alignnone  wp-image-41920\" alt=\"\" src=\"https:\/\/i0.wp.com\/www.shqiperia.com\/blog\/wp-content\/uploads\/2020\/12\/auto_Capture-21607958627-485x360-Copy.jpg?resize=623%2C463&#038;ssl=1\" width=\"623\" height=\"463\" srcset=\"https:\/\/i0.wp.com\/www.shqiperia.com\/blog\/wp-content\/uploads\/2020\/12\/auto_Capture-21607958627-485x360-Copy.jpg?resize=300%2C223&amp;ssl=1 300w, https:\/\/i0.wp.com\/www.shqiperia.com\/blog\/wp-content\/uploads\/2020\/12\/auto_Capture-21607958627-485x360-Copy.jpg?resize=450%2C334&amp;ssl=1 450w, https:\/\/i0.wp.com\/www.shqiperia.com\/blog\/wp-content\/uploads\/2020\/12\/auto_Capture-21607958627-485x360-Copy.jpg?resize=400%2C297&amp;ssl=1 400w, https:\/\/i0.wp.com\/www.shqiperia.com\/blog\/wp-content\/uploads\/2020\/12\/auto_Capture-21607958627-485x360-Copy.jpg?w=485&amp;ssl=1 485w\" sizes=\"auto, (max-width: 623px) 100vw, 623px\" \/><\/p>\n<p>Organet e rendit jan\u00eb kthyer n\u00eb aparat dhune, kurse Yuri Kim, mb\u00ebshtet\u00ebsja e zjarrt\u00eb e reform\u00ebs n\u00eb drejt\u00ebsi nuk \u00ebsht\u00eb se do ta kund\u00ebrshtonte me gjas\u00eb dhe rikthimin e nenit 55, tani q\u00eb policia po th\u00ebrret gazetar\u00ebt dhe aktivist\u00ebt, sepse po turbullojn\u00eb qet\u00ebsin\u00eb e kryeshefit.<\/p>\n<p>27.al.<\/p>\n","protected":false},"excerpt":{"rendered":"<p>Kel Demi: &#8211; Pas faktimit t\u00eb ish-Sigurimit n\u00eb polici ka mbetur vet\u00ebm rikthimi i nenit 55. Yuri Kim nuk ka me qen\u00eb kund\u00ebr P\u00ebrparim \u00c7angu, \u00ebsht\u00eb ish-sigurimsi q\u00eb u filmua, teksa ushtron dhun\u00eb barbare ndaj nj\u00eb t\u00eb mituri n\u00eb protestat e fundit. Kapja e policis\u00eb dhe Sh\u00ebrbimit Inteligjent nga ish-Sigurimi ka rikthyer metodat e dhunshme [&hellip;]<\/p>\n","protected":false},"author":9,"featured_media":41919,"comment_status":"open","ping_status":"open","sticky":false,"template":"","format":"standard","meta":{"jetpack_post_was_ever_published":false,"_jetpack_newsletter_access":"","_jetpack_dont_email_post_to_subs":false,"_jetpack_newsletter_tier_id":0,"_jetpack_memberships_contains_paywalled_content":false,"_jetpack_memberships_contains_paid_content":false,"footnotes":"","jetpack_publicize_message":"","jetpack_publicize_feature_enabled":true,"jetpack_social_post_already_shared":true,"jetpack_social_options":{"image_generator_settings":{"template":"highway","default_image_id":0,"font":"","enabled":false},"version":2}},"categories":[27,2,35],"tags":[],"class_list":["post-41918","post","type-post","status-publish","format-standard","has-post-thumbnail","hentry","category-blogu-i-udhetarit","category-politika","category-shoqerore"],"jetpack_publicize_connections":[],"jetpack_featured_media_url":"https:\/\/i0.wp.com\/www.shqiperia.com\/blog\/wp-content\/uploads\/2020\/12\/auto_Capture-21607958627-485x360-1.jpg?fit=485%2C253&ssl=1","jetpack_sharing_enabled":true,"jetpack_shortlink":"https:\/\/wp.me\/p5Z6wp-aU6","jetpack-related-posts":[{"id":38381,"url":"https:\/\/www.shqiperia.com\/blog\/lista-me-emra-pd-balliu-policia-nen-drejtimin-e-ish-sigurimit-te-shtetit\/","url_meta":{"origin":41918,"position":0},"title":"Lista me emra. PD, Balliu: &#8211; Policia n\u00ebn drejtimin e ish-Sigurimit t\u00eb Shtetit","author":"Kurt Farka","date":"September 13, 2020","format":false,"excerpt":"Lista me emra. PD, Balliu: - Policia n\u00ebn drejtimin e ish-Sigurimit t\u00eb Shtetit \u00a013 SHTATOR 2020 Partia Demokratike ka hedhur t\u00eb tjera akuza ndaj kryeministrit Rama. N\u00eb nj\u00eb komunikim me mediat nga selia blu, ish deputeti, Klevis Balliu u shpreh se kryeministri futi n\u00eb Policis\u00eb e Shtetit, ish bashk\u00ebpun\u00ebtor\u00ebt e\u2026","rel":"","context":"In &quot;Blogu i Udh\u00ebtarit&quot;","block_context":{"text":"Blogu i Udh\u00ebtarit","link":"https:\/\/www.shqiperia.com\/blog\/category\/blogu-i-udhetarit\/"},"img":{"alt_text":"","src":"https:\/\/i0.wp.com\/www.shqiperia.com\/blog\/wp-content\/uploads\/2020\/09\/800-0-78e7ea200a572c9711d5fa4021be43ac.jpg?fit=800%2C453&ssl=1&resize=350%2C200","width":350,"height":200,"srcset":"https:\/\/i0.wp.com\/www.shqiperia.com\/blog\/wp-content\/uploads\/2020\/09\/800-0-78e7ea200a572c9711d5fa4021be43ac.jpg?fit=800%2C453&ssl=1&resize=350%2C200 1x, https:\/\/i0.wp.com\/www.shqiperia.com\/blog\/wp-content\/uploads\/2020\/09\/800-0-78e7ea200a572c9711d5fa4021be43ac.jpg?fit=800%2C453&ssl=1&resize=525%2C300 1.5x, https:\/\/i0.wp.com\/www.shqiperia.com\/blog\/wp-content\/uploads\/2020\/09\/800-0-78e7ea200a572c9711d5fa4021be43ac.jpg?fit=800%2C453&ssl=1&resize=700%2C400 2x"},"classes":[]},{"id":31835,"url":"https:\/\/www.shqiperia.com\/blog\/ambasadorja-yuri-kim-shpreh-vleresimin-e-larte-per-kryeministrin-rama-manjani-i-ben-propozimin-e-papritur-beje-president-ne\/","url_meta":{"origin":41918,"position":1},"title":"Ambasadorja Yuri Kim shpreh vler\u00ebsimin e lart\u00eb p\u00ebr kryeministrin Rama, Manjani i b\u00ebn propozimin e papritur: B\u00ebje President n\u00eb&#8230;","author":"Kurt Farka","date":"February 27, 2020","format":false,"excerpt":"Ambasadorja Yuri Kim shpreh vler\u00ebsimin e lart\u00eb p\u00ebr kryeministrin Rama, Manjani i b\u00ebn propozimin e papritur: B\u00ebje President n\u00eb... 27 SHKURT 2020 Takimi i kryeministrit Edi Rama me ministrin e Jasht\u00ebm t\u00eb Rusis\u00eb, Larov, u p\u00ebrsh\u00ebndet dje edhe nga ambasadorja e SHBA n\u00eb Shqip\u00ebri, Yuri Kim. N\u00eb nj\u00eb postim n\u00eb\u2026","rel":"","context":"In &quot;Blogu i Udh\u00ebtarit&quot;","block_context":{"text":"Blogu i Udh\u00ebtarit","link":"https:\/\/www.shqiperia.com\/blog\/category\/blogu-i-udhetarit\/"},"img":{"alt_text":"","src":"https:\/\/i0.wp.com\/www.shqiperia.com\/blog\/wp-content\/uploads\/2020\/02\/Edi-Rama-1.jpg?fit=525%2C275&ssl=1&resize=350%2C200","width":350,"height":200,"srcset":"https:\/\/i0.wp.com\/www.shqiperia.com\/blog\/wp-content\/uploads\/2020\/02\/Edi-Rama-1.jpg?fit=525%2C275&ssl=1&resize=350%2C200 1x, https:\/\/i0.wp.com\/www.shqiperia.com\/blog\/wp-content\/uploads\/2020\/02\/Edi-Rama-1.jpg?fit=525%2C275&ssl=1&resize=525%2C300 1.5x"},"classes":[]},{"id":30792,"url":"https:\/\/www.shqiperia.com\/blog\/kreshnik-spahiu-i-nxjerr-skandalet-e-renda-ish-kryeministrit-dhe-paralajmeron-ambasadoren-e-re-amerikane-14-arsye-pse-sduhet-te-takohet-me-sali-berishen-pergatitu-per-nje-sulm\/","url_meta":{"origin":41918,"position":2},"title":"Kreshnik Spahiu i nxjerr skandalet e r\u00ebnda ish-kryeministrit dhe paralajm\u00ebron ambasadoren e re amerikane: 14 arsye, pse s\u2019duhet t\u00eb takohet me Sali Berish\u00ebn. P\u00ebrgatitu p\u00ebr nj\u00eb sulm&#8230;","author":"Kurt Farka","date":"January 29, 2020","format":false,"excerpt":"Kreshnik Spahiu i nxjerr skandalet e r\u00ebnda ish-kryeministrit dhe paralajm\u00ebron ambasadoren e re amerikane: 14 arsye, pse s\u2019duhet t\u00eb takohet me Sali Berish\u00ebn. P\u00ebrgatitu p\u00ebr nj\u00eb sulm... 28 JANAR 2020 Ambasadorja e re Amerikane p\u00ebr Shqip\u00ebrin\u00eb q\u00eb z\u00ebvend\u00ebson n\u00eb k\u00ebt\u00eb detyr\u00eb ambasadorin Doland Lu, ka nisur zyrtarisht pun\u00ebn si p\u00ebrfaq\u00ebsuese\u2026","rel":"","context":"In &quot;Blogu i Udh\u00ebtarit&quot;","block_context":{"text":"Blogu i Udh\u00ebtarit","link":"https:\/\/www.shqiperia.com\/blog\/category\/blogu-i-udhetarit\/"},"img":{"alt_text":"","src":"https:\/\/i0.wp.com\/www.shqiperia.com\/blog\/wp-content\/uploads\/2020\/01\/Kreshnik-Spahiu.jpg?fit=800%2C514&ssl=1&resize=350%2C200","width":350,"height":200,"srcset":"https:\/\/i0.wp.com\/www.shqiperia.com\/blog\/wp-content\/uploads\/2020\/01\/Kreshnik-Spahiu.jpg?fit=800%2C514&ssl=1&resize=350%2C200 1x, https:\/\/i0.wp.com\/www.shqiperia.com\/blog\/wp-content\/uploads\/2020\/01\/Kreshnik-Spahiu.jpg?fit=800%2C514&ssl=1&resize=525%2C300 1.5x, https:\/\/i0.wp.com\/www.shqiperia.com\/blog\/wp-content\/uploads\/2020\/01\/Kreshnik-Spahiu.jpg?fit=800%2C514&ssl=1&resize=700%2C400 2x"},"classes":[]},{"id":56511,"url":"https:\/\/www.shqiperia.com\/blog\/princ-leka-kandidat-per-president-zbulohet-takimi-surprize-me-zyrtarin-e-larte-amerikan-dhe-ambasadoren-yuri-kim\/","url_meta":{"origin":41918,"position":3},"title":"Princ Leka kandidat p\u00ebr President? &#8211; Zbulohet takimi surpriz\u00eb me zyrtarin e lart\u00eb amerikan dhe ambasadoren Yuri Kim","author":"Kurt Farka","date":"April 8, 2022","format":false,"excerpt":"Princ Leka kandidat p\u00ebr President? - Zbulohet takimi surpriz\u00eb me zyrtarin e lart\u00eb amerikan dhe ambasadoren Yuri Kim 8 Prill 2022 | Nga: Gazeta Panorama Princ Leka per president. Top Channel ka hedhur p\u00ebr diskutim nj\u00eb kandidat surpriz\u00eb p\u00ebr postin e presidentit t\u00eb ardhsh\u00ebm, por q\u00eb sipas televizionit ka mb\u00ebshtetjen\u2026","rel":"","context":"In &quot;Blogu i Udh\u00ebtarit&quot;","block_context":{"text":"Blogu i Udh\u00ebtarit","link":"https:\/\/www.shqiperia.com\/blog\/category\/blogu-i-udhetarit\/"},"img":{"alt_text":"","src":"https:\/\/i0.wp.com\/www.shqiperia.com\/blog\/wp-content\/uploads\/2022\/04\/princ-leka-per-president.jpg?fit=600%2C313&ssl=1&resize=350%2C200","width":350,"height":200,"srcset":"https:\/\/i0.wp.com\/www.shqiperia.com\/blog\/wp-content\/uploads\/2022\/04\/princ-leka-per-president.jpg?fit=600%2C313&ssl=1&resize=350%2C200 1x, https:\/\/i0.wp.com\/www.shqiperia.com\/blog\/wp-content\/uploads\/2022\/04\/princ-leka-per-president.jpg?fit=600%2C313&ssl=1&resize=525%2C300 1.5x"},"classes":[]},{"id":91486,"url":"https:\/\/www.shqiperia.com\/blog\/incidenti-ne-fier-me-hetuesit-e-bkh-se-agron-kapllanaj-nuk-e-lidh-me-politiken-distancohem-nga-cdo-akt-dhune-dhe-i-jashteligjshem\/","url_meta":{"origin":41918,"position":4},"title":"Incidenti n\u00eb Fier me hetuesit e BKH-s\u00eb, Agron Kapllanaj: &#8211; Nuk e lidh me politik\u00ebn, distancohem nga \u00e7do akt dhune dhe i jasht\u00ebligjsh\u00ebm","author":"Kurt Farka","date":"April 16, 2025","format":false,"excerpt":"16 Prill 2025 Ish-kryebashkiaku i Mallakastr\u00ebs, Agron Kapllanaj ka deklaruar n\u00eb emisionin \u201cOpen\u201d n\u00eb News24, se incidenti n\u00eb Fier mes nip\u00ebrve t\u00eb tij dhe hetuesve t\u00eb BKH-s\u00eb nuk lidhet me aktivitetin e tij politik. Kapllanaj tha se megjith\u00ebse ai \u00ebsht\u00eb drejtues i koalicionit \u201cDjathtas p\u00ebr zhvillim\u201d, ai nuk \u00ebsht\u00eb subjekt\u2026","rel":"","context":"In &quot;Blogu i Udh\u00ebtarit&quot;","block_context":{"text":"Blogu i Udh\u00ebtarit","link":"https:\/\/www.shqiperia.com\/blog\/category\/blogu-i-udhetarit\/"},"img":{"alt_text":"","src":"https:\/\/i0.wp.com\/www.shqiperia.com\/blog\/wp-content\/uploads\/2025\/04\/kapllanaj-2.jpg?fit=1127%2C611&ssl=1&resize=350%2C200","width":350,"height":200,"srcset":"https:\/\/i0.wp.com\/www.shqiperia.com\/blog\/wp-content\/uploads\/2025\/04\/kapllanaj-2.jpg?fit=1127%2C611&ssl=1&resize=350%2C200 1x, https:\/\/i0.wp.com\/www.shqiperia.com\/blog\/wp-content\/uploads\/2025\/04\/kapllanaj-2.jpg?fit=1127%2C611&ssl=1&resize=525%2C300 1.5x, https:\/\/i0.wp.com\/www.shqiperia.com\/blog\/wp-content\/uploads\/2025\/04\/kapllanaj-2.jpg?fit=1127%2C611&ssl=1&resize=700%2C400 2x, https:\/\/i0.wp.com\/www.shqiperia.com\/blog\/wp-content\/uploads\/2025\/04\/kapllanaj-2.jpg?fit=1127%2C611&ssl=1&resize=1050%2C600 3x"},"classes":[]},{"id":57101,"url":"https:\/\/www.shqiperia.com\/blog\/plas-keq-turp-te-kesh-vjen-reagimi-i-pare-nderkombetar-per-perplasjen-e-forte-mes-berishes-dhe-yuri-kim-ish-eurodeputetja-doris-pack-shperthen-me-tone-te-ashpra-ambasadore-kjo\/","url_meta":{"origin":41918,"position":5},"title":"Plas keq! &#8220;Turp t\u00eb kesh&#8221;.  &#8211; Vjen reagimi i par\u00eb nd\u00ebrkomb\u00ebtar p\u00ebr p\u00ebrplasjen e fort\u00eb mes Berish\u00ebs dhe Yuri Kim, ish-eurodeputetja Doris Pack shp\u00ebrthen me tone t\u00eb ashpra: &#8211; \u201cAmbasadore&#8221; kjo \u00ebsht\u00eb e paligjshme!","author":"Kurt Farka","date":"April 23, 2022","format":false,"excerpt":"Plas keq! \"Turp t\u00eb kesh\". - Vjen reagimi i par\u00eb nd\u00ebrkomb\u00ebtar p\u00ebr p\u00ebrplasjen e fort\u00eb mes Berish\u00ebs dhe Yuri Kim, ish-eurodeputetja Doris Pack shp\u00ebrthen me tone t\u00eb ashpra: - \u201cAmbasadore\" kjo \u00ebsht\u00eb e paligjshme! 23 PRILL 2022 Ish-eurodeputetja dhe nj\u00ebher\u00ebsh Presidentja e Forumit t\u00eb Grave t\u00eb PPE-s\u00eb, Doris Pack, n\u00eb\u2026","rel":"","context":"In &quot;Blogu i Udh\u00ebtarit&quot;","block_context":{"text":"Blogu i Udh\u00ebtarit","link":"https:\/\/www.shqiperia.com\/blog\/category\/blogu-i-udhetarit\/"},"img":{"alt_text":"","src":"https:\/\/i0.wp.com\/www.shqiperia.com\/blog\/wp-content\/uploads\/2022\/04\/Plas-keq-Turp-te-kesh-Yuri-Kim-1.jpg?fit=640%2C368&ssl=1&resize=350%2C200","width":350,"height":200,"srcset":"https:\/\/i0.wp.com\/www.shqiperia.com\/blog\/wp-content\/uploads\/2022\/04\/Plas-keq-Turp-te-kesh-Yuri-Kim-1.jpg?fit=640%2C368&ssl=1&resize=350%2C200 1x, https:\/\/i0.wp.com\/www.shqiperia.com\/blog\/wp-content\/uploads\/2022\/04\/Plas-keq-Turp-te-kesh-Yuri-Kim-1.jpg?fit=640%2C368&ssl=1&resize=525%2C300 1.5x"},"classes":[]}],"_links":{"self":[{"href":"https:\/\/www.shqiperia.com\/blog\/wp-json\/wp\/v2\/posts\/41918","targetHints":{"allow":["GET"]}}],"collection":[{"href":"https:\/\/www.shqiperia.com\/blog\/wp-json\/wp\/v2\/posts"}],"about":[{"href":"https:\/\/www.shqiperia.com\/blog\/wp-json\/wp\/v2\/types\/post"}],"author":[{"embeddable":true,"href":"https:\/\/www.shqiperia.com\/blog\/wp-json\/wp\/v2\/users\/9"}],"replies":[{"embeddable":true,"href":"https:\/\/www.shqiperia.com\/blog\/wp-json\/wp\/v2\/comments?post=41918"}],"version-history":[{"count":1,"href":"https:\/\/www.shqiperia.com\/blog\/wp-json\/wp\/v2\/posts\/41918\/revisions"}],"predecessor-version":[{"id":41921,"href":"https:\/\/www.shqiperia.com\/blog\/wp-json\/wp\/v2\/posts\/41918\/revisions\/41921"}],"wp:featuredmedia":[{"embeddable":true,"href":"https:\/\/www.shqiperia.com\/blog\/wp-json\/wp\/v2\/media\/41919"}],"wp:attachment":[{"href":"https:\/\/www.shqiperia.com\/blog\/wp-json\/wp\/v2\/media?parent=41918"}],"wp:term":[{"taxonomy":"category","embeddable":true,"href":"https:\/\/www.shqiperia.com\/blog\/wp-json\/wp\/v2\/categories?post=41918"},{"taxonomy":"post_tag","embeddable":true,"href":"https:\/\/www.shqiperia.com\/blog\/wp-json\/wp\/v2\/tags?post=41918"}],"curies":[{"name":"wp","href":"https:\/\/api.w.org\/{rel}","templated":true}]}}