{"id":41914,"date":"2020-12-15T14:19:42","date_gmt":"2020-12-15T14:19:42","guid":{"rendered":"https:\/\/www.shqiperia.com\/blog\/?p=41914"},"modified":"2020-12-15T14:19:42","modified_gmt":"2020-12-15T14:19:42","slug":"paraardhesit-tane-nuk-ishin-te-gjithe-njesoj","status":"publish","type":"post","link":"https:\/\/www.shqiperia.com\/blog\/paraardhesit-tane-nuk-ishin-te-gjithe-njesoj\/","title":{"rendered":"Paraardh\u00ebsit tan\u00eb nuk ishin t\u00eb gjith\u00eb nj\u00ebsoj"},"content":{"rendered":"<p><img data-recalc-dims=\"1\" loading=\"lazy\" decoding=\"async\" data-attachment-id=\"41915\" data-permalink=\"https:\/\/www.shqiperia.com\/blog\/paraardhesit-tane-nuk-ishin-te-gjithe-njesoj\/paraardhesit-tane-nuk-ishin-te-gjithe-njesoj\/\" data-orig-file=\"https:\/\/i0.wp.com\/www.shqiperia.com\/blog\/wp-content\/uploads\/2020\/12\/Paraardhesit-tane-nuk-ishin-te-gjithe-njesoj.jpg?fit=678%2C375&amp;ssl=1\" data-orig-size=\"678,375\" data-comments-opened=\"1\" data-image-meta=\"{&quot;aperture&quot;:&quot;0&quot;,&quot;credit&quot;:&quot;&quot;,&quot;camera&quot;:&quot;&quot;,&quot;caption&quot;:&quot;&quot;,&quot;created_timestamp&quot;:&quot;0&quot;,&quot;copyright&quot;:&quot;&quot;,&quot;focal_length&quot;:&quot;0&quot;,&quot;iso&quot;:&quot;0&quot;,&quot;shutter_speed&quot;:&quot;0&quot;,&quot;title&quot;:&quot;&quot;,&quot;orientation&quot;:&quot;0&quot;}\" data-image-title=\"Paraardh\u00ebsit tan\u00eb nuk ishin t\u00eb gjith\u00eb nj\u00ebsoj\" data-image-description=\"\" data-image-caption=\"\" data-medium-file=\"https:\/\/i0.wp.com\/www.shqiperia.com\/blog\/wp-content\/uploads\/2020\/12\/Paraardhesit-tane-nuk-ishin-te-gjithe-njesoj.jpg?fit=300%2C166&amp;ssl=1\" data-large-file=\"https:\/\/i0.wp.com\/www.shqiperia.com\/blog\/wp-content\/uploads\/2020\/12\/Paraardhesit-tane-nuk-ishin-te-gjithe-njesoj.jpg?fit=678%2C375&amp;ssl=1\" class=\"alignnone  wp-image-41915\" alt=\"\" src=\"https:\/\/i0.wp.com\/www.shqiperia.com\/blog\/wp-content\/uploads\/2020\/12\/Paraardhesit-tane-nuk-ishin-te-gjithe-njesoj.jpg?resize=511%2C283&#038;ssl=1\" width=\"511\" height=\"283\" srcset=\"https:\/\/i0.wp.com\/www.shqiperia.com\/blog\/wp-content\/uploads\/2020\/12\/Paraardhesit-tane-nuk-ishin-te-gjithe-njesoj.jpg?resize=300%2C166&amp;ssl=1 300w, https:\/\/i0.wp.com\/www.shqiperia.com\/blog\/wp-content\/uploads\/2020\/12\/Paraardhesit-tane-nuk-ishin-te-gjithe-njesoj.jpg?resize=450%2C249&amp;ssl=1 450w, https:\/\/i0.wp.com\/www.shqiperia.com\/blog\/wp-content\/uploads\/2020\/12\/Paraardhesit-tane-nuk-ishin-te-gjithe-njesoj.jpg?resize=600%2C332&amp;ssl=1 600w, https:\/\/i0.wp.com\/www.shqiperia.com\/blog\/wp-content\/uploads\/2020\/12\/Paraardhesit-tane-nuk-ishin-te-gjithe-njesoj.jpg?resize=400%2C221&amp;ssl=1 400w, https:\/\/i0.wp.com\/www.shqiperia.com\/blog\/wp-content\/uploads\/2020\/12\/Paraardhesit-tane-nuk-ishin-te-gjithe-njesoj.jpg?w=678&amp;ssl=1 678w\" sizes=\"auto, (max-width: 511px) 100vw, 511px\" \/><\/p>\n<p><strong>Paraardh\u00ebsit tan\u00eb nuk ishin t\u00eb gjith\u00eb nj\u00ebsoj<\/strong><\/p>\n<p>N\u00ebntor 2020<\/p>\n<p>Disi jemi t\u00eb prir\u00eb q\u00eb t&#8217;i paramendojm\u00eb paraardh\u00ebsit e rac\u00ebs njer\u00ebzore si t\u00eb gjith\u00eb, pak a shum\u00eb, t\u00eb nj\u00ebjt\u00eb, me t\u00eb nj\u00ebjt\u00ebn madh\u00ebsi dhe lart\u00ebsi, por d\u00ebshmit\u00eb e reja tani tregojn\u00eb se, sikur edhe sot, njer\u00ebzit q\u00eb jetonin 2 milion\u00eb vjet m\u00eb par\u00eb, manifestonin nj\u00eb gam\u00eb t\u00eb gjer\u00eb t\u00eb gjat\u00ebsis\u00eb, pesh\u00ebs dhe karakteristikave fizike. Kjo pik\u00ebpamje tani mb\u00ebshtetet m\u00eb shum\u00eb sesa shpjegimi se, gjetjet e ndryshme t\u00eb fosileve, iu takonin n\u00ebn-specieve t\u00eb ndryshme t\u00eb paraardh\u00ebsve tan\u00eb.<\/p>\n<div id=\"attachment_41916\" style=\"width: 740px\" class=\"wp-caption alignnone\"><img data-recalc-dims=\"1\" loading=\"lazy\" decoding=\"async\" aria-describedby=\"caption-attachment-41916\" data-attachment-id=\"41916\" data-permalink=\"https:\/\/www.shqiperia.com\/blog\/paraardhesit-tane-nuk-ishin-te-gjithe-njesoj\/paraardhesit-tane-nuk-ishin-te-gjithe-njesoj-2\/\" data-orig-file=\"https:\/\/i0.wp.com\/www.shqiperia.com\/blog\/wp-content\/uploads\/2020\/12\/Paraardhesit-tane-nuk-ishin-te-gjithe-njesoj-2.jpg?fit=900%2C545&amp;ssl=1\" data-orig-size=\"900,545\" data-comments-opened=\"1\" data-image-meta=\"{&quot;aperture&quot;:&quot;0&quot;,&quot;credit&quot;:&quot;&quot;,&quot;camera&quot;:&quot;&quot;,&quot;caption&quot;:&quot;&quot;,&quot;created_timestamp&quot;:&quot;0&quot;,&quot;copyright&quot;:&quot;&quot;,&quot;focal_length&quot;:&quot;0&quot;,&quot;iso&quot;:&quot;0&quot;,&quot;shutter_speed&quot;:&quot;0&quot;,&quot;title&quot;:&quot;&quot;,&quot;orientation&quot;:&quot;0&quot;}\" data-image-title=\"Paraardh\u00ebsit tan\u00eb nuk ishin t\u00eb gjith\u00eb nj\u00ebsoj (2)\" data-image-description=\"\" data-image-caption=\"&lt;p&gt;Paraardh\u00ebsit tan\u00eb nuk ishin t\u00eb gjith\u00eb nj\u00ebsoj&lt;\/p&gt;\n\" data-medium-file=\"https:\/\/i0.wp.com\/www.shqiperia.com\/blog\/wp-content\/uploads\/2020\/12\/Paraardhesit-tane-nuk-ishin-te-gjithe-njesoj-2.jpg?fit=300%2C182&amp;ssl=1\" data-large-file=\"https:\/\/i0.wp.com\/www.shqiperia.com\/blog\/wp-content\/uploads\/2020\/12\/Paraardhesit-tane-nuk-ishin-te-gjithe-njesoj-2.jpg?fit=900%2C545&amp;ssl=1\" class=\" wp-image-41916\" alt=\"\" src=\"https:\/\/i0.wp.com\/www.shqiperia.com\/blog\/wp-content\/uploads\/2020\/12\/Paraardhesit-tane-nuk-ishin-te-gjithe-njesoj-2.jpg?resize=730%2C443&#038;ssl=1\" width=\"730\" height=\"443\" srcset=\"https:\/\/i0.wp.com\/www.shqiperia.com\/blog\/wp-content\/uploads\/2020\/12\/Paraardhesit-tane-nuk-ishin-te-gjithe-njesoj-2.jpg?resize=300%2C182&amp;ssl=1 300w, https:\/\/i0.wp.com\/www.shqiperia.com\/blog\/wp-content\/uploads\/2020\/12\/Paraardhesit-tane-nuk-ishin-te-gjithe-njesoj-2.jpg?resize=768%2C465&amp;ssl=1 768w, https:\/\/i0.wp.com\/www.shqiperia.com\/blog\/wp-content\/uploads\/2020\/12\/Paraardhesit-tane-nuk-ishin-te-gjithe-njesoj-2.jpg?resize=450%2C273&amp;ssl=1 450w, https:\/\/i0.wp.com\/www.shqiperia.com\/blog\/wp-content\/uploads\/2020\/12\/Paraardhesit-tane-nuk-ishin-te-gjithe-njesoj-2.jpg?resize=600%2C363&amp;ssl=1 600w, https:\/\/i0.wp.com\/www.shqiperia.com\/blog\/wp-content\/uploads\/2020\/12\/Paraardhesit-tane-nuk-ishin-te-gjithe-njesoj-2.jpg?resize=400%2C242&amp;ssl=1 400w, https:\/\/i0.wp.com\/www.shqiperia.com\/blog\/wp-content\/uploads\/2020\/12\/Paraardhesit-tane-nuk-ishin-te-gjithe-njesoj-2.jpg?w=900&amp;ssl=1 900w\" sizes=\"auto, (max-width: 730px) 100vw, 730px\" \/><p id=\"caption-attachment-41916\" class=\"wp-caption-text\">Paraardh\u00ebsit tan\u00eb nuk ishin t\u00eb gjith\u00eb nj\u00ebsoj<\/p><\/div>\n<p>Dr. Jay Stock nga Universiteti i Kembrixhit thot\u00eb se diversifikimi i njer\u00ebzve kishte filluar shum\u00eb her\u00ebt, k\u00ebshtu q\u00eb, sikur ne sot q\u00eb kemi njer\u00ebz t\u00eb pamjeve dhe p\u00ebrmasave t\u00eb ndryshme, edhe rreth 2 milion\u00eb vjet m\u00eb par\u00eb e nj\u00ebjta gj\u00eb mund t\u00eb thuhej p\u00ebr paraardh\u00ebsit tan\u00eb. Studimi, i cili ishte i pari pas dy dekadave q\u00eb krahasoi madh\u00ebsit\u00eb trupore t\u00eb njer\u00ebzve parahistorik\u00eb, p\u00ebrfshinte matjen e fosileve t\u00eb gjetura n\u00eb Keni, Afrik\u00eb t\u00eb jugut dhe Gjeorgji.<\/p>\n","protected":false},"excerpt":{"rendered":"<p>Paraardh\u00ebsit tan\u00eb nuk ishin t\u00eb gjith\u00eb nj\u00ebsoj N\u00ebntor 2020 Disi jemi t\u00eb prir\u00eb q\u00eb t&#8217;i paramendojm\u00eb paraardh\u00ebsit e rac\u00ebs njer\u00ebzore si t\u00eb gjith\u00eb, pak a shum\u00eb, t\u00eb nj\u00ebjt\u00eb, me t\u00eb nj\u00ebjt\u00ebn madh\u00ebsi dhe lart\u00ebsi, por d\u00ebshmit\u00eb e reja tani tregojn\u00eb se, sikur edhe sot, njer\u00ebzit q\u00eb jetonin 2 milion\u00eb vjet m\u00eb par\u00eb, manifestonin nj\u00eb gam\u00eb [&hellip;]<\/p>\n","protected":false},"author":9,"featured_media":41915,"comment_status":"open","ping_status":"open","sticky":false,"template":"","format":"standard","meta":{"jetpack_post_was_ever_published":false,"_jetpack_newsletter_access":"","_jetpack_dont_email_post_to_subs":false,"_jetpack_newsletter_tier_id":0,"_jetpack_memberships_contains_paywalled_content":false,"_jetpack_memberships_contains_paid_content":false,"footnotes":"","jetpack_publicize_message":"","jetpack_publicize_feature_enabled":true,"jetpack_social_post_already_shared":true,"jetpack_social_options":{"image_generator_settings":{"template":"highway","default_image_id":0,"font":"","enabled":false},"version":2}},"categories":[27,14,35],"tags":[],"class_list":["post-41914","post","type-post","status-publish","format-standard","has-post-thumbnail","hentry","category-blogu-i-udhetarit","category-press-releases","category-shoqerore"],"jetpack_publicize_connections":[],"jetpack_featured_media_url":"https:\/\/i0.wp.com\/www.shqiperia.com\/blog\/wp-content\/uploads\/2020\/12\/Paraardhesit-tane-nuk-ishin-te-gjithe-njesoj.jpg?fit=678%2C375&ssl=1","jetpack_sharing_enabled":true,"jetpack_shortlink":"https:\/\/wp.me\/p5Z6wp-aU2","jetpack-related-posts":[{"id":63221,"url":"https:\/\/www.shqiperia.com\/blog\/erdogan-turqia-nuk-ka-vetem-kufijte-si-ne-harte-shtrihemi-ne-7-kontinente-7-stine\/","url_meta":{"origin":41914,"position":0},"title":"Erdogan: &#8211; Turqia nuk ka vet\u00ebm kufijt\u00eb si n\u00eb hart\u00eb, shtrihemi n\u00eb \u201c7 kontinente, 7 stin\u00eb\u201d\u2026","author":"Kurt Farka","date":"October 12, 2022","format":false,"excerpt":"12 Tetor 2022 Presidenti turk Rexhep Tajip Erdogan nuk ndalet me deklaratat e tij nxit\u00ebse. N\u00eb fjal\u00ebn e tij t\u00eb fundit p\u00ebr shtyp, Erdogan tha se Turqia nuk p\u00ebrb\u00ebhet nga kufijt\u00eb q\u00eb shfaqen n\u00eb hart\u00eb por n\u00eb 3 kontinente dhe 7 stin\u00eb. \u201cSi t\u00eb gjitha pikat e Anadollit, \u00e7do pik\u00eb\u2026","rel":"","context":"In &quot;Blogu i Udh\u00ebtarit&quot;","block_context":{"text":"Blogu i Udh\u00ebtarit","link":"https:\/\/www.shqiperia.com\/blog\/category\/blogu-i-udhetarit\/"},"img":{"alt_text":"","src":"https:\/\/i0.wp.com\/www.shqiperia.com\/blog\/wp-content\/uploads\/2022\/10\/Erdogan.jpg?fit=833%2C500&ssl=1&resize=350%2C200","width":350,"height":200,"srcset":"https:\/\/i0.wp.com\/www.shqiperia.com\/blog\/wp-content\/uploads\/2022\/10\/Erdogan.jpg?fit=833%2C500&ssl=1&resize=350%2C200 1x, https:\/\/i0.wp.com\/www.shqiperia.com\/blog\/wp-content\/uploads\/2022\/10\/Erdogan.jpg?fit=833%2C500&ssl=1&resize=525%2C300 1.5x, https:\/\/i0.wp.com\/www.shqiperia.com\/blog\/wp-content\/uploads\/2022\/10\/Erdogan.jpg?fit=833%2C500&ssl=1&resize=700%2C400 2x"},"classes":[]},{"id":33232,"url":"https:\/\/www.shqiperia.com\/blog\/behet-zbulimi-i-madh-per-origjinen-e-njerezimit-ja-se-nga-e-kane-prejardhjen-te-gjithe-te-paret-tane\/","url_meta":{"origin":41914,"position":1},"title":"B\u00ebhet zbulimi i madh p\u00ebr origjin\u00ebn e njer\u00ebzimit, ja se nga e kan\u00eb prejardhjen t\u00eb gjith\u00eb t\u00eb par\u00ebt tan\u00eb","author":"Kurt Farka","date":"April 9, 2020","format":false,"excerpt":"B\u00ebhet zbulimi i madh p\u00ebr origjin\u00ebn e njer\u00ebzimit, ja se nga e kan\u00eb prejardhjen t\u00eb gjith\u00eb t\u00eb par\u00ebt tan\u00eb Dy milion\u00eb vjet m\u00eb par\u00eb n\u00eb Afrik\u00ebn e Jugut, n\u00eb t\u00eb ashtuquajturin Djepi i Njer\u00ebzimit, kan\u00eb jetuar nj\u00ebkoh\u00ebsisht paraardh\u00ebsit tan\u00eb Australopithecus, Paranthropus robustus dhe Homo erektus. K\u00ebt\u00eb e tregon nj\u00eb studim\u2026","rel":"","context":"In &quot;Histori&quot;","block_context":{"text":"Histori","link":"https:\/\/www.shqiperia.com\/blog\/category\/histori\/"},"img":{"alt_text":"","src":"https:\/\/i0.wp.com\/www.shqiperia.com\/blog\/wp-content\/uploads\/2020\/04\/800-0-5e87948b1e8ba-Copy.jpg?fit=800%2C473&ssl=1&resize=350%2C200","width":350,"height":200,"srcset":"https:\/\/i0.wp.com\/www.shqiperia.com\/blog\/wp-content\/uploads\/2020\/04\/800-0-5e87948b1e8ba-Copy.jpg?fit=800%2C473&ssl=1&resize=350%2C200 1x, https:\/\/i0.wp.com\/www.shqiperia.com\/blog\/wp-content\/uploads\/2020\/04\/800-0-5e87948b1e8ba-Copy.jpg?fit=800%2C473&ssl=1&resize=525%2C300 1.5x, https:\/\/i0.wp.com\/www.shqiperia.com\/blog\/wp-content\/uploads\/2020\/04\/800-0-5e87948b1e8ba-Copy.jpg?fit=800%2C473&ssl=1&resize=700%2C400 2x"},"classes":[]},{"id":60803,"url":"https:\/\/www.shqiperia.com\/blog\/fosilet-gruaja-e-shpelles-nje-milion-vjet-me-e-vjeter-se-sa-mendohej\/","url_meta":{"origin":41914,"position":2},"title":"Fosilet: &#8211; Gruaja e shpell\u00ebs nj\u00eb milion vjet m\u00eb e vjet\u00ebr se sa mendohej","author":"Kurt Farka","date":"August 8, 2022","format":false,"excerpt":"8 Gusht 2022 Mbetjet e fosilizuara q\u00eb i p\u00ebrkasin disa prej paraardh\u00ebsve m\u00eb t\u00eb vjet\u00ebr t\u00eb njer\u00ebzimit jan\u00eb shum\u00eb m\u00eb t\u00eb vjetra nga sa kishin menduar fillimisht shkenc\u00ebtar\u00ebt, thot\u00eb nj\u00eb studim i ri. Fosilet, duke p\u00ebrfshir\u00eb nj\u00eb q\u00eb i p\u00ebrkiste gruas s\u00eb lasht\u00eb t\u00eb shpell\u00ebs, znj. Ples, u varros\u00ebn p\u00ebr\u2026","rel":"","context":"In &quot;Blogu i Udh\u00ebtarit&quot;","block_context":{"text":"Blogu i Udh\u00ebtarit","link":"https:\/\/www.shqiperia.com\/blog\/category\/blogu-i-udhetarit\/"},"img":{"alt_text":"","src":"https:\/\/i0.wp.com\/www.shqiperia.com\/blog\/wp-content\/uploads\/2022\/08\/Gruaja-e-shpelles-nje-milion-vjet-me-e-vjeter-se-sa-mendohej-1.jpg?fit=640%2C360&ssl=1&resize=350%2C200","width":350,"height":200,"srcset":"https:\/\/i0.wp.com\/www.shqiperia.com\/blog\/wp-content\/uploads\/2022\/08\/Gruaja-e-shpelles-nje-milion-vjet-me-e-vjeter-se-sa-mendohej-1.jpg?fit=640%2C360&ssl=1&resize=350%2C200 1x, https:\/\/i0.wp.com\/www.shqiperia.com\/blog\/wp-content\/uploads\/2022\/08\/Gruaja-e-shpelles-nje-milion-vjet-me-e-vjeter-se-sa-mendohej-1.jpg?fit=640%2C360&ssl=1&resize=525%2C300 1.5x"},"classes":[]},{"id":57861,"url":"https:\/\/www.shqiperia.com\/blog\/thesari-i-arte-i-vellcitrenit-ne-muzeun-e-sofjes-bullgari-eshte-i-mbuluar-ne-mistere\/","url_meta":{"origin":41914,"position":3},"title":"Thesari i Art\u00eb i V\u00ebll\u00e7itr\u00ebnit ne Muzeun e Sofjes, Bullgari \u00ebsht\u00eb i mbuluar n\u00eb mistere.","author":"Kurt Farka","date":"May 17, 2022","format":false,"excerpt":"Thesari i Art\u00eb i V\u00ebll\u00e7itr\u00ebnit ne Muzeun e Sofjes, Bullgari \u00ebsht\u00eb i mbuluar n\u00eb mistere. 8 maji 2022 Disa studiues jan\u00eb t\u00eb prir\u00eb t\u00eb mendojn\u00eb se trak\u00ebt, t\u00eb cil\u00ebt ishin analfabet\u00eb, zot\u00ebronin forcat e natyr\u00ebs deri n\u00eb p\u00ebrsosm\u00ebri. Shk\u00eblqimi i tij ka ndri\u00e7uar sallat dhe muzet\u00eb m\u00eb prestigjioze n\u00eb bot\u00eb.\u2026","rel":"","context":"In &quot;Arte&quot;","block_context":{"text":"Arte","link":"https:\/\/www.shqiperia.com\/blog\/category\/arte\/"},"img":{"alt_text":"","src":"https:\/\/i0.wp.com\/www.shqiperia.com\/blog\/wp-content\/uploads\/2022\/05\/Thesari-i-Arte-i-Vellcitrenit-ne-Muzeun-e-Sofjes-Bullgari.jpg?fit=1067%2C600&ssl=1&resize=350%2C200","width":350,"height":200,"srcset":"https:\/\/i0.wp.com\/www.shqiperia.com\/blog\/wp-content\/uploads\/2022\/05\/Thesari-i-Arte-i-Vellcitrenit-ne-Muzeun-e-Sofjes-Bullgari.jpg?fit=1067%2C600&ssl=1&resize=350%2C200 1x, https:\/\/i0.wp.com\/www.shqiperia.com\/blog\/wp-content\/uploads\/2022\/05\/Thesari-i-Arte-i-Vellcitrenit-ne-Muzeun-e-Sofjes-Bullgari.jpg?fit=1067%2C600&ssl=1&resize=525%2C300 1.5x, https:\/\/i0.wp.com\/www.shqiperia.com\/blog\/wp-content\/uploads\/2022\/05\/Thesari-i-Arte-i-Vellcitrenit-ne-Muzeun-e-Sofjes-Bullgari.jpg?fit=1067%2C600&ssl=1&resize=700%2C400 2x, https:\/\/i0.wp.com\/www.shqiperia.com\/blog\/wp-content\/uploads\/2022\/05\/Thesari-i-Arte-i-Vellcitrenit-ne-Muzeun-e-Sofjes-Bullgari.jpg?fit=1067%2C600&ssl=1&resize=1050%2C600 3x"},"classes":[]},{"id":27531,"url":"https:\/\/www.shqiperia.com\/blog\/studimi-ster-ster-ster-gjyshja-juaj-eshte-nga-botsvana\/","url_meta":{"origin":41914,"position":4},"title":"Studimi: &#8211; St\u00ebr, st\u00ebr, st\u00ebr\u2026 gjyshja juaj \u00ebsht\u00eb nga Botsvana. &#8211;","author":"Kurt Farka","date":"October 31, 2019","format":false,"excerpt":"Studimi: - St\u00ebr, st\u00ebr, st\u00ebr\u2026 gjyshja juaj \u00ebsht\u00eb nga Botsvana \u00a0Mbi prejardhjen e t\u00eb gjith\u00eb njer\u00ebzve nga Afrika shkenc\u00ebtar\u00ebt kan\u00eb pak dyshime. Por, ajo q\u00eb i ka ndar\u00eb p\u00ebr vite me radh\u00eb \u00ebsht\u00eb vendndodhja e sakt\u00eb se ku jetoi homo sapiensi i par\u00eb. Tani, nj\u00eb grup studiuesish mendojn\u00eb se e\u2026","rel":"","context":"In &quot;Blogu i Udh\u00ebtarit&quot;","block_context":{"text":"Blogu i Udh\u00ebtarit","link":"https:\/\/www.shqiperia.com\/blog\/category\/blogu-i-udhetarit\/"},"img":{"alt_text":"","src":"https:\/\/i0.wp.com\/www.shqiperia.com\/blog\/wp-content\/uploads\/2019\/10\/sGZ2FWvrIK3UIql7ysnk-905x450.jpg?fit=905%2C450&ssl=1&resize=350%2C200","width":350,"height":200,"srcset":"https:\/\/i0.wp.com\/www.shqiperia.com\/blog\/wp-content\/uploads\/2019\/10\/sGZ2FWvrIK3UIql7ysnk-905x450.jpg?fit=905%2C450&ssl=1&resize=350%2C200 1x, https:\/\/i0.wp.com\/www.shqiperia.com\/blog\/wp-content\/uploads\/2019\/10\/sGZ2FWvrIK3UIql7ysnk-905x450.jpg?fit=905%2C450&ssl=1&resize=525%2C300 1.5x, https:\/\/i0.wp.com\/www.shqiperia.com\/blog\/wp-content\/uploads\/2019\/10\/sGZ2FWvrIK3UIql7ysnk-905x450.jpg?fit=905%2C450&ssl=1&resize=700%2C400 2x"},"classes":[]},{"id":74938,"url":"https:\/\/www.shqiperia.com\/blog\/shkencetaret-mendojne-se-600-sferoidet-prej-guri-1-4-milione-vjecare-jane-krijuar-qellimisht\/","url_meta":{"origin":41914,"position":5},"title":"Shkenc\u00ebtar\u00ebt mendojn\u00eb se 600 sferoidet prej guri 1.4 milion\u00eb vje\u00e7ar\u00eb jan\u00eb krijuar q\u00ebllimisht!","author":"Kurt Farka","date":"October 23, 2023","format":false,"excerpt":"23 Tetor 2023 N\u00eb vitet 1960, kur shkenc\u00ebtar\u00ebt kryen g\u00ebrmime n\u00eb nj\u00eb vend q\u00eb daton 1.4 milion\u00eb vjet m\u00eb par\u00eb n\u00eb Izraelin verior, ata has\u00ebn n\u00eb nj\u00eb zbulim \u00e7uditsh\u00ebm \u2013 ata zbuluan rreth 600 \u2018topa\u2019 guri midis mjeteve t\u00eb tjera m\u00eb konvencionale prej guri. Tani, shkenc\u00ebtar\u00ebt kan\u00eb analizuar 150 prej\u2026","rel":"","context":"In &quot;Histori&quot;","block_context":{"text":"Histori","link":"https:\/\/www.shqiperia.com\/blog\/category\/histori\/"},"img":{"alt_text":"","src":"https:\/\/i0.wp.com\/www.shqiperia.com\/blog\/wp-content\/uploads\/2023\/10\/trgdfrg.jpg?fit=594%2C305&ssl=1&resize=350%2C200","width":350,"height":200,"srcset":"https:\/\/i0.wp.com\/www.shqiperia.com\/blog\/wp-content\/uploads\/2023\/10\/trgdfrg.jpg?fit=594%2C305&ssl=1&resize=350%2C200 1x, https:\/\/i0.wp.com\/www.shqiperia.com\/blog\/wp-content\/uploads\/2023\/10\/trgdfrg.jpg?fit=594%2C305&ssl=1&resize=525%2C300 1.5x"},"classes":[]}],"_links":{"self":[{"href":"https:\/\/www.shqiperia.com\/blog\/wp-json\/wp\/v2\/posts\/41914","targetHints":{"allow":["GET"]}}],"collection":[{"href":"https:\/\/www.shqiperia.com\/blog\/wp-json\/wp\/v2\/posts"}],"about":[{"href":"https:\/\/www.shqiperia.com\/blog\/wp-json\/wp\/v2\/types\/post"}],"author":[{"embeddable":true,"href":"https:\/\/www.shqiperia.com\/blog\/wp-json\/wp\/v2\/users\/9"}],"replies":[{"embeddable":true,"href":"https:\/\/www.shqiperia.com\/blog\/wp-json\/wp\/v2\/comments?post=41914"}],"version-history":[{"count":1,"href":"https:\/\/www.shqiperia.com\/blog\/wp-json\/wp\/v2\/posts\/41914\/revisions"}],"predecessor-version":[{"id":41917,"href":"https:\/\/www.shqiperia.com\/blog\/wp-json\/wp\/v2\/posts\/41914\/revisions\/41917"}],"wp:featuredmedia":[{"embeddable":true,"href":"https:\/\/www.shqiperia.com\/blog\/wp-json\/wp\/v2\/media\/41915"}],"wp:attachment":[{"href":"https:\/\/www.shqiperia.com\/blog\/wp-json\/wp\/v2\/media?parent=41914"}],"wp:term":[{"taxonomy":"category","embeddable":true,"href":"https:\/\/www.shqiperia.com\/blog\/wp-json\/wp\/v2\/categories?post=41914"},{"taxonomy":"post_tag","embeddable":true,"href":"https:\/\/www.shqiperia.com\/blog\/wp-json\/wp\/v2\/tags?post=41914"}],"curies":[{"name":"wp","href":"https:\/\/api.w.org\/{rel}","templated":true}]}}