{"id":41907,"date":"2020-12-14T21:35:49","date_gmt":"2020-12-14T21:35:49","guid":{"rendered":"https:\/\/www.shqiperia.com\/blog\/?p=41907"},"modified":"2020-12-14T21:35:49","modified_gmt":"2020-12-14T21:35:49","slug":"e-pabesueshme-cfare-po-ndodh-gazetari-gjerman-reagon-pas-thirrjes-se-desada-metajt-ne-polici","status":"publish","type":"post","link":"https:\/\/www.shqiperia.com\/blog\/e-pabesueshme-cfare-po-ndodh-gazetari-gjerman-reagon-pas-thirrjes-se-desada-metajt-ne-polici\/","title":{"rendered":"\u201cE pabesueshme \u00e7far\u00eb po ndodh\u201d, gazetari gjerman reagon pas thirrjes s\u00eb Desada Metajt n\u00eb polici"},"content":{"rendered":"<p><img data-recalc-dims=\"1\" loading=\"lazy\" decoding=\"async\" data-attachment-id=\"41909\" data-permalink=\"https:\/\/www.shqiperia.com\/blog\/e-pabesueshme-cfare-po-ndodh-gazetari-gjerman-reagon-pas-thirrjes-se-desada-metajt-ne-polici\/800-0-5fd7d3ca846e0\/\" data-orig-file=\"https:\/\/i0.wp.com\/www.shqiperia.com\/blog\/wp-content\/uploads\/2020\/12\/800-0-5fd7d3ca846e0.png?fit=800%2C466&amp;ssl=1\" data-orig-size=\"800,466\" data-comments-opened=\"1\" data-image-meta=\"{&quot;aperture&quot;:&quot;0&quot;,&quot;credit&quot;:&quot;&quot;,&quot;camera&quot;:&quot;&quot;,&quot;caption&quot;:&quot;&quot;,&quot;created_timestamp&quot;:&quot;0&quot;,&quot;copyright&quot;:&quot;&quot;,&quot;focal_length&quot;:&quot;0&quot;,&quot;iso&quot;:&quot;0&quot;,&quot;shutter_speed&quot;:&quot;0&quot;,&quot;title&quot;:&quot;&quot;,&quot;orientation&quot;:&quot;0&quot;}\" data-image-title=\"-800-0-5fd7d3ca846e0\" data-image-description=\"\" data-image-caption=\"\" data-medium-file=\"https:\/\/i0.wp.com\/www.shqiperia.com\/blog\/wp-content\/uploads\/2020\/12\/800-0-5fd7d3ca846e0.png?fit=300%2C175&amp;ssl=1\" data-large-file=\"https:\/\/i0.wp.com\/www.shqiperia.com\/blog\/wp-content\/uploads\/2020\/12\/800-0-5fd7d3ca846e0.png?fit=800%2C466&amp;ssl=1\" class=\"alignnone  wp-image-41909\" alt=\"\" src=\"https:\/\/i0.wp.com\/www.shqiperia.com\/blog\/wp-content\/uploads\/2020\/12\/800-0-5fd7d3ca846e0.png?resize=586%2C344&#038;ssl=1\" width=\"586\" height=\"344\" \/><\/p>\n<p>\u201cE pabesueshme \u00e7far\u00eb po ndodh\u201d, gazetari gjerman reagon pas thirrjes s\u00eb Desada Metajt n\u00eb polici<\/p>\n<p>14 DHJETOR 2020<\/p>\n<p>Gazetari gjerman i \u201cBild\u201d Peter Tiede pasi publikoi p\u00ebrgjimet p\u00ebr zgjedhjet n\u00eb Dib\u00ebr, k\u00ebt\u00eb her\u00eb akuzon kryeministrin Rama se po k\u00ebrc\u00ebnon shtypin e lir\u00eb duke shtuar se kjo gj\u00eb i ka ndodhur dhe atij personalisht.<\/p>\n<p>Ai ka reaguar ashp\u00ebr pas lajmit q\u00eb dha vet\u00eb gazetarja Desada Metaj p\u00ebr thirrjen e saj n\u00eb polici.<\/p>\n<p>\u201cE pabesueshme se \u00e7far\u00eb po ndodh p\u00ebrs\u00ebri n\u00eb Shqip\u00ebri: Sot policia hyri n\u00eb banes\u00ebn e gazetares Desada Metaj. Prej dit\u00ebsh ka pasur protesta p\u00ebr vrasjen e nj\u00eb 25-vje\u00e7ari nga oficeri i policis\u00eb. U q\u00ebllua nga prapa sepse ai shkeli urdhrat e COVID dhe doli nga sht\u00ebpia pas bllokimit\u2026<\/p>\n<p>Tani kolegia e njohur shqiptare q\u00eb komentoi ngjarjet \u00ebsht\u00eb akuzuar p\u00ebr thirrjen e protestave dhe organizimin e tyre. Ky \u00ebsht\u00eb nj\u00eb rast i ri i paaft\u00ebsis\u00eb dhe k\u00ebrc\u00ebnimeve ndaj shtypit t\u00eb lir\u00eb nga administrata e Edi Ram\u00ebs, duke intimiduar dhe paditur rregullisht gazetar\u00ebt. T\u00eb dyja m\u00eb kan\u00eb ndodhur personalisht. Por koleg\u00ebt n\u00eb vend po kalojn\u00eb m\u00eb shum\u00eb v\u00ebshtir\u00ebsi\u201d, deklaron Tiede.<\/p>\n<p>Gazeta Sot<\/p>\n","protected":false},"excerpt":{"rendered":"<p>\u201cE pabesueshme \u00e7far\u00eb po ndodh\u201d, gazetari gjerman reagon pas thirrjes s\u00eb Desada Metajt n\u00eb polici 14 DHJETOR 2020 Gazetari gjerman i \u201cBild\u201d Peter Tiede pasi publikoi p\u00ebrgjimet p\u00ebr zgjedhjet n\u00eb Dib\u00ebr, k\u00ebt\u00eb her\u00eb akuzon kryeministrin Rama se po k\u00ebrc\u00ebnon shtypin e lir\u00eb duke shtuar se kjo gj\u00eb i ka ndodhur dhe atij personalisht. Ai ka [&hellip;]<\/p>\n","protected":false},"author":9,"featured_media":41909,"comment_status":"open","ping_status":"open","sticky":false,"template":"","format":"standard","meta":{"jetpack_post_was_ever_published":false,"_jetpack_newsletter_access":"","_jetpack_dont_email_post_to_subs":false,"_jetpack_newsletter_tier_id":0,"_jetpack_memberships_contains_paywalled_content":false,"_jetpack_memberships_contains_paid_content":false,"footnotes":"","jetpack_publicize_message":"","jetpack_publicize_feature_enabled":true,"jetpack_social_post_already_shared":true,"jetpack_social_options":{"image_generator_settings":{"template":"highway","default_image_id":0,"font":"","enabled":false},"version":2}},"categories":[27,2],"tags":[],"class_list":["post-41907","post","type-post","status-publish","format-standard","has-post-thumbnail","hentry","category-blogu-i-udhetarit","category-politika"],"jetpack_publicize_connections":[],"jetpack_featured_media_url":"https:\/\/i0.wp.com\/www.shqiperia.com\/blog\/wp-content\/uploads\/2020\/12\/800-0-5fd7d3ca846e0.png?fit=800%2C466&ssl=1","jetpack_sharing_enabled":true,"jetpack_shortlink":"https:\/\/wp.me\/p5Z6wp-aTV","jetpack-related-posts":[{"id":37512,"url":"https:\/\/www.shqiperia.com\/blog\/gazetari-gjerman-ironi-me-ramen-e-pabesueshme-tentoi-te-nise-negociatat-dje-me-lukashenkon\/","url_meta":{"origin":41907,"position":0},"title":"Gazetari gjerman ironi me Ram\u00ebn: E pabesueshme, tentoi t\u00eb nis\u00eb negociatat dje me Lukashenkon","author":"Kurt Farka","date":"August 22, 2020","format":false,"excerpt":"Gazetari gjerman ironi me Ram\u00ebn: E pabesueshme, tentoi t\u00eb nis\u00eb negociatat dje me Lukashenkon - 21.08.20 Gazetari\u00a0 gjerman i \u201cBILD\u201d, Peter Tiede ka reaguar me ironi mbi faktin se kryeministri Edi Rama mund t\u00eb negocioj\u00eb kriz\u00ebn politike n\u00eb Bjellorusi si kryesues i OSBE-s\u00eb, ku nd\u00ebr t\u00eb tjera mund t\u00eb jet\u00eb\u2026","rel":"","context":"In &quot;Blogu i Udh\u00ebtarit&quot;","block_context":{"text":"Blogu i Udh\u00ebtarit","link":"https:\/\/www.shqiperia.com\/blog\/category\/blogu-i-udhetarit\/"},"img":{"alt_text":"","src":"https:\/\/i0.wp.com\/www.shqiperia.com\/blog\/wp-content\/uploads\/2020\/08\/kkk-1.png?fit=512%2C255&ssl=1&resize=350%2C200","width":350,"height":200},"classes":[]},{"id":34817,"url":"https:\/\/www.shqiperia.com\/blog\/edhe-pak-ore-na-ndajne-nga-protesta-ja-cfare-po-ndodh-ne-shkoder\/","url_meta":{"origin":41907,"position":1},"title":"Edhe pak or\u00eb na ndajn\u00eb nga protesta, ja \u00e7far\u00eb po ndodh n\u00eb Shkod\u00ebr &#8230;","author":"Kurt Farka","date":"May 20, 2020","format":false,"excerpt":"Edhe pak or\u00eb na ndajn\u00eb nga protesta, ja \u00e7far\u00eb po ndodh n\u00eb Shkod\u00ebr ... 20 MAJ 2020 Edhe pak or\u00eb na ndajn\u00eb nga protesta e dit\u00ebs s\u00eb sotme q\u00eb \u00ebsht\u00eb thirrur nga Aleanca pas shembjes s\u00eb Teatrit. Policia n\u00eb\u00a0Shkod\u00ebr ka shtuar masat e kontrollit. Shkodra vijon t\u00eb mbetet zon\u00eb e\u2026","rel":"","context":"In &quot;Blogu i Udh\u00ebtarit&quot;","block_context":{"text":"Blogu i Udh\u00ebtarit","link":"https:\/\/www.shqiperia.com\/blog\/category\/blogu-i-udhetarit\/"},"img":{"alt_text":"","src":"https:\/\/i0.wp.com\/www.shqiperia.com\/blog\/wp-content\/uploads\/2020\/05\/640-0-5ec528a0e144d.jpeg?fit=640%2C360&ssl=1&resize=350%2C200","width":350,"height":200,"srcset":"https:\/\/i0.wp.com\/www.shqiperia.com\/blog\/wp-content\/uploads\/2020\/05\/640-0-5ec528a0e144d.jpeg?fit=640%2C360&ssl=1&resize=350%2C200 1x, https:\/\/i0.wp.com\/www.shqiperia.com\/blog\/wp-content\/uploads\/2020\/05\/640-0-5ec528a0e144d.jpeg?fit=640%2C360&ssl=1&resize=525%2C300 1.5x"},"classes":[]},{"id":66920,"url":"https:\/\/www.shqiperia.com\/blog\/gazetari-hoxha-zbulon-cfare-po-ndodh-me-kryeministrin-rama-ka-anuluar-aktivitetet-qe-nga-e-merkura\/","url_meta":{"origin":41907,"position":2},"title":"Gazetari Hoxha zbulon \u00e7far\u00eb po ndodh me kryeministrin: &#8211; Rama ka anuluar aktivitetet, q\u00eb nga e m\u00ebrkura&#8230;","author":"Kurt Farka","date":"January 29, 2023","format":false,"excerpt":"29 Janar 2023 Gazetari Ardit Hoxha thot\u00eb se kryeministri Edi Rama nuk ka b\u00ebr\u00eb asnj\u00eb deklarat\u00eb publike prej disa dit\u00ebsh n\u00eb lidhje me \u00e7\u00ebshtjen e ish-zyrtarit t\u00eb FBI, Charles McGonigal. N\u00eb emisionin \u201cReview\u201d, Hoxha u shpreh se Rama ka anuluar edhe pjes\u00ebmarrjen e tij n\u00eb disa aktivitete. \u201cKryeministri shqiptar, p\u00ebrve\u00e7\u2026","rel":"","context":"In &quot;Blogu i Udh\u00ebtarit&quot;","block_context":{"text":"Blogu i Udh\u00ebtarit","link":"https:\/\/www.shqiperia.com\/blog\/category\/blogu-i-udhetarit\/"},"img":{"alt_text":"","src":"https:\/\/i0.wp.com\/www.shqiperia.com\/blog\/wp-content\/uploads\/2023\/01\/rama-telefon-620x330-1.jpg?fit=620%2C330&ssl=1&resize=350%2C200","width":350,"height":200,"srcset":"https:\/\/i0.wp.com\/www.shqiperia.com\/blog\/wp-content\/uploads\/2023\/01\/rama-telefon-620x330-1.jpg?fit=620%2C330&ssl=1&resize=350%2C200 1x, https:\/\/i0.wp.com\/www.shqiperia.com\/blog\/wp-content\/uploads\/2023\/01\/rama-telefon-620x330-1.jpg?fit=620%2C330&ssl=1&resize=525%2C300 1.5x"},"classes":[]},{"id":11767,"url":"https:\/\/www.shqiperia.com\/blog\/e-pabesueshme-per-cfare-u-perdor-bronzi-i-permendores-se-enver-hoxhes\/","url_meta":{"origin":41907,"position":3},"title":"E pabesueshme p\u00ebr \u00e7far\u00eb u p\u00ebrdor bronzi i p\u00ebrmendores s\u00eb Enver Hoxh\u00ebs. &#8211;","author":"Kurt Farka","date":"September 20, 2018","format":false,"excerpt":"E pabesueshme p\u00ebr \u00e7far\u00eb u p\u00ebrdor bronzi i p\u00ebrmendores s\u00eb Enver Hoxh\u00ebs. - Gazetari gjerman Heinrich Thies ishte nga t\u00eb par\u00ebt q\u00eb tha se me bronzin e diktator\u00ebve Leninit, Stalinit dhe Enver Hoxh\u00ebs u derdh shtatorja e fizikanit dhe filozofit t\u00eb shquar gjerman, Georg Christoph Lichtenberg. Kjo vep\u00ebr u realizua\u2026","rel":"","context":"In &quot;Blogu i Udh\u00ebtarit&quot;","block_context":{"text":"Blogu i Udh\u00ebtarit","link":"https:\/\/www.shqiperia.com\/blog\/category\/blogu-i-udhetarit\/"},"img":{"alt_text":"","src":"https:\/\/i0.wp.com\/www.shqiperia.com\/blog\/wp-content\/uploads\/2018\/09\/Monumenti-enver-hoxha-.jpg?fit=600%2C300&ssl=1&resize=350%2C200","width":350,"height":200,"srcset":"https:\/\/i0.wp.com\/www.shqiperia.com\/blog\/wp-content\/uploads\/2018\/09\/Monumenti-enver-hoxha-.jpg?fit=600%2C300&ssl=1&resize=350%2C200 1x, https:\/\/i0.wp.com\/www.shqiperia.com\/blog\/wp-content\/uploads\/2018\/09\/Monumenti-enver-hoxha-.jpg?fit=600%2C300&ssl=1&resize=525%2C300 1.5x"},"classes":[]},{"id":64078,"url":"https:\/\/www.shqiperia.com\/blog\/grida-duma-le-mandatin-gazetari-i-njohur-zbardh-cfare-po-ndodh-karriera-e-saj-e-ardhshme\/","url_meta":{"origin":41907,"position":4},"title":"Grida Duma l\u00eb mandatin. Gazetari i njohur zbardh \u00e7far\u00eb po ndodh: &#8211; Karriera e saj e ardhshme&#8230;","author":"Kurt Farka","date":"November 8, 2022","format":false,"excerpt":"8 Nentor 2022 Gazetari Lavdrim Lita thot\u00eb se Grida Duma nuk shk\u00eblqeu n\u00eb Partin\u00eb Demokratike, duke mos arritur t\u00eb fitoj\u00eb personalisht si deputete apo drejtuese politike. N\u00eb nj\u00eb intervist\u00eb p\u00ebr Euronews Albania, Lita u shpreh se lajmi p\u00ebr l\u00ebnien e mandatit nga ana e saj, \u00ebsht\u00eb normal. \u201cBesoj se \u00ebsht\u00eb\u2026","rel":"","context":"In &quot;Blogu i Udh\u00ebtarit&quot;","block_context":{"text":"Blogu i Udh\u00ebtarit","link":"https:\/\/www.shqiperia.com\/blog\/category\/blogu-i-udhetarit\/"},"img":{"alt_text":"","src":"https:\/\/i0.wp.com\/www.shqiperia.com\/blog\/wp-content\/uploads\/2022\/11\/Grita-Duma.jpeg?fit=900%2C481&ssl=1&resize=350%2C200","width":350,"height":200,"srcset":"https:\/\/i0.wp.com\/www.shqiperia.com\/blog\/wp-content\/uploads\/2022\/11\/Grita-Duma.jpeg?fit=900%2C481&ssl=1&resize=350%2C200 1x, https:\/\/i0.wp.com\/www.shqiperia.com\/blog\/wp-content\/uploads\/2022\/11\/Grita-Duma.jpeg?fit=900%2C481&ssl=1&resize=525%2C300 1.5x, https:\/\/i0.wp.com\/www.shqiperia.com\/blog\/wp-content\/uploads\/2022\/11\/Grita-Duma.jpeg?fit=900%2C481&ssl=1&resize=700%2C400 2x"},"classes":[]},{"id":83494,"url":"https:\/\/www.shqiperia.com\/blog\/gazetari-bregu-gjobevenie-me-uniforme-polici-ka-plot-raste\/","url_meta":{"origin":41907,"position":5},"title":"Gazetari Bregu: &#8211; Gjob\u00ebv\u00ebnie me uniform\u00eb polici, ka plot raste","author":"Kurt Farka","date":"August 16, 2024","format":false,"excerpt":"16 Gusht 2024 AMP arrestoi dje shefin e Antidrog\u00ebs n\u00eb Policin\u00eb e Durr\u00ebsit, Gazmir Pre\u00e7i, pas hetimeve t\u00eb SPAK se ishte pjes\u00eb e nj\u00eb skeme shantazhi dhe gjob\u00ebv\u00ebnieje t\u00eb nj\u00eb pronari t\u00eb nj\u00eb klubi nate te Ura e Dajlanit. Lidhur me k\u00ebt\u00eb fakt gazetari Sokol Bregu, tha n\u00eb nj\u00eb studio\u2026","rel":"","context":"In &quot;Blogu i Udh\u00ebtarit&quot;","block_context":{"text":"Blogu i Udh\u00ebtarit","link":"https:\/\/www.shqiperia.com\/blog\/category\/blogu-i-udhetarit\/"},"img":{"alt_text":"","src":"https:\/\/i0.wp.com\/www.shqiperia.com\/blog\/wp-content\/uploads\/2024\/08\/vlcsnap-2024-08-16-13h03m01s485.png?fit=374%2C209&ssl=1&resize=350%2C200","width":350,"height":200},"classes":[]}],"_links":{"self":[{"href":"https:\/\/www.shqiperia.com\/blog\/wp-json\/wp\/v2\/posts\/41907","targetHints":{"allow":["GET"]}}],"collection":[{"href":"https:\/\/www.shqiperia.com\/blog\/wp-json\/wp\/v2\/posts"}],"about":[{"href":"https:\/\/www.shqiperia.com\/blog\/wp-json\/wp\/v2\/types\/post"}],"author":[{"embeddable":true,"href":"https:\/\/www.shqiperia.com\/blog\/wp-json\/wp\/v2\/users\/9"}],"replies":[{"embeddable":true,"href":"https:\/\/www.shqiperia.com\/blog\/wp-json\/wp\/v2\/comments?post=41907"}],"version-history":[{"count":1,"href":"https:\/\/www.shqiperia.com\/blog\/wp-json\/wp\/v2\/posts\/41907\/revisions"}],"predecessor-version":[{"id":41910,"href":"https:\/\/www.shqiperia.com\/blog\/wp-json\/wp\/v2\/posts\/41907\/revisions\/41910"}],"wp:featuredmedia":[{"embeddable":true,"href":"https:\/\/www.shqiperia.com\/blog\/wp-json\/wp\/v2\/media\/41909"}],"wp:attachment":[{"href":"https:\/\/www.shqiperia.com\/blog\/wp-json\/wp\/v2\/media?parent=41907"}],"wp:term":[{"taxonomy":"category","embeddable":true,"href":"https:\/\/www.shqiperia.com\/blog\/wp-json\/wp\/v2\/categories?post=41907"},{"taxonomy":"post_tag","embeddable":true,"href":"https:\/\/www.shqiperia.com\/blog\/wp-json\/wp\/v2\/tags?post=41907"}],"curies":[{"name":"wp","href":"https:\/\/api.w.org\/{rel}","templated":true}]}}