{"id":41901,"date":"2020-12-14T18:10:08","date_gmt":"2020-12-14T18:10:08","guid":{"rendered":"https:\/\/www.shqiperia.com\/blog\/?p=41901"},"modified":"2020-12-14T18:12:37","modified_gmt":"2020-12-14T18:12:37","slug":"sonte-orotesta-e-gjashte-nis-grumbullimi-i-te-rinjve-ne-sheshin-skenderbej-disa-prej-tyre-mbajne-pankarta","status":"publish","type":"post","link":"https:\/\/www.shqiperia.com\/blog\/sonte-orotesta-e-gjashte-nis-grumbullimi-i-te-rinjve-ne-sheshin-skenderbej-disa-prej-tyre-mbajne-pankarta\/","title":{"rendered":"Sonte protesta e gjasht\u00eb. \u00a0Nis grumbullimi i t\u00eb rinjve n\u00eb sheshin Sk\u00ebnderbej, disa prej tyre mbajn\u00eb pankarta."},"content":{"rendered":"<p><img data-recalc-dims=\"1\" loading=\"lazy\" decoding=\"async\" data-attachment-id=\"41902\" data-permalink=\"https:\/\/www.shqiperia.com\/blog\/sonte-orotesta-e-gjashte-nis-grumbullimi-i-te-rinjve-ne-sheshin-skenderbej-disa-prej-tyre-mbajne-pankarta\/policia5\/\" data-orig-file=\"https:\/\/i0.wp.com\/www.shqiperia.com\/blog\/wp-content\/uploads\/2020\/12\/policia5.png?fit=640%2C382&amp;ssl=1\" data-orig-size=\"640,382\" data-comments-opened=\"1\" data-image-meta=\"{&quot;aperture&quot;:&quot;0&quot;,&quot;credit&quot;:&quot;&quot;,&quot;camera&quot;:&quot;&quot;,&quot;caption&quot;:&quot;&quot;,&quot;created_timestamp&quot;:&quot;0&quot;,&quot;copyright&quot;:&quot;&quot;,&quot;focal_length&quot;:&quot;0&quot;,&quot;iso&quot;:&quot;0&quot;,&quot;shutter_speed&quot;:&quot;0&quot;,&quot;title&quot;:&quot;&quot;,&quot;orientation&quot;:&quot;0&quot;}\" data-image-title=\"policia5\" data-image-description=\"\" data-image-caption=\"\" data-medium-file=\"https:\/\/i0.wp.com\/www.shqiperia.com\/blog\/wp-content\/uploads\/2020\/12\/policia5.png?fit=300%2C179&amp;ssl=1\" data-large-file=\"https:\/\/i0.wp.com\/www.shqiperia.com\/blog\/wp-content\/uploads\/2020\/12\/policia5.png?fit=640%2C382&amp;ssl=1\" class=\"alignnone wp-image-41902\" alt=\"\" src=\"https:\/\/i0.wp.com\/www.shqiperia.com\/blog\/wp-content\/uploads\/2020\/12\/policia5.png?resize=602%2C359&#038;ssl=1\" width=\"602\" height=\"359\" srcset=\"https:\/\/i0.wp.com\/www.shqiperia.com\/blog\/wp-content\/uploads\/2020\/12\/policia5.png?resize=300%2C179&amp;ssl=1 300w, https:\/\/i0.wp.com\/www.shqiperia.com\/blog\/wp-content\/uploads\/2020\/12\/policia5.png?resize=450%2C269&amp;ssl=1 450w, https:\/\/i0.wp.com\/www.shqiperia.com\/blog\/wp-content\/uploads\/2020\/12\/policia5.png?resize=600%2C358&amp;ssl=1 600w, https:\/\/i0.wp.com\/www.shqiperia.com\/blog\/wp-content\/uploads\/2020\/12\/policia5.png?resize=400%2C239&amp;ssl=1 400w, https:\/\/i0.wp.com\/www.shqiperia.com\/blog\/wp-content\/uploads\/2020\/12\/policia5.png?w=640&amp;ssl=1 640w\" sizes=\"auto, (max-width: 602px) 100vw, 602px\" \/><\/p>\n<p><a href=\"http:\/\/www.panorama.com.al\/protesta-e-gjashte-nis-grumbullimi-i-te-rinjve-ne-sheshin-skenderbej-disa-prej-tyre-mbajne-pankarta-rama-largohet-nga-kryeministria\/\">Sonte protesta e gjasht\u00eb. \u00a0Nis grumbullimi i t\u00eb rinjve n\u00eb sheshin Sk\u00ebnderbej, disa prej tyre mbajn\u00eb pankarta. <\/a><\/p>\n<p><em>14 dhjetor 2020<\/em><\/p>\n<p><em>\u00a0<\/em><strong>Sot pritet q\u00eb p\u00ebr t\u00eb gjasht\u00ebn dit\u00eb radhazi t\u00eb mblidhen qytetar\u00ebt p\u00ebr t\u00eb protestuar p\u00ebr vrasjen e Klodian Rash\u00ebs, nga efektivi i policis\u00eb. Pas dor\u00ebheqjes s\u00eb Sand\u00ebr Lleshajt, nga posti i Ministrit t\u00eb Brendsh\u00ebm, tashm\u00eb ata k\u00ebrkojn\u00eb edhe largimin e Drejtorit t\u00eb P\u00ebrgjithsh\u00ebm t\u00eb Policis\u00eb s\u00eb Shtetit, Ardi Veliu.<\/strong><\/p>\n<p><strong>ORA 18:40 \u2013 Ka nisur grumbullimi i t\u00eb rinjve n\u00eb sheshin Skd\u00ebnderbej,\u00a0<\/strong>t\u00eb cil\u00ebt n\u00eb disa prononcime p\u00ebr mediat kan\u00eb k\u00ebrkuar largimin e menj\u00ebhershme t\u00eb drejtorit t\u00eb Policis\u00eb s\u00eb Shtetit, Ardi Veliu. Dia prej tyre mbajn\u00eb pankarta n\u00eb duar.<\/p>\n<p>Te rinjte te sheshi Skenderbej, situata te Kryeministria dhe Ministria e Brendshme<\/p>\n<p><img data-recalc-dims=\"1\" loading=\"lazy\" decoding=\"async\" data-attachment-id=\"41903\" data-permalink=\"https:\/\/www.shqiperia.com\/blog\/sonte-orotesta-e-gjashte-nis-grumbullimi-i-te-rinjve-ne-sheshin-skenderbej-disa-prej-tyre-mbajne-pankarta\/protesta-12\/\" data-orig-file=\"https:\/\/i0.wp.com\/www.shqiperia.com\/blog\/wp-content\/uploads\/2020\/12\/protesta-12.png?fit=566%2C309&amp;ssl=1\" data-orig-size=\"566,309\" data-comments-opened=\"1\" data-image-meta=\"{&quot;aperture&quot;:&quot;0&quot;,&quot;credit&quot;:&quot;&quot;,&quot;camera&quot;:&quot;&quot;,&quot;caption&quot;:&quot;&quot;,&quot;created_timestamp&quot;:&quot;0&quot;,&quot;copyright&quot;:&quot;&quot;,&quot;focal_length&quot;:&quot;0&quot;,&quot;iso&quot;:&quot;0&quot;,&quot;shutter_speed&quot;:&quot;0&quot;,&quot;title&quot;:&quot;&quot;,&quot;orientation&quot;:&quot;0&quot;}\" data-image-title=\"protesta-12\" data-image-description=\"\" data-image-caption=\"\" data-medium-file=\"https:\/\/i0.wp.com\/www.shqiperia.com\/blog\/wp-content\/uploads\/2020\/12\/protesta-12.png?fit=300%2C164&amp;ssl=1\" data-large-file=\"https:\/\/i0.wp.com\/www.shqiperia.com\/blog\/wp-content\/uploads\/2020\/12\/protesta-12.png?fit=566%2C309&amp;ssl=1\" class=\"alignnone wp-image-41903\" alt=\"\" src=\"https:\/\/i0.wp.com\/www.shqiperia.com\/blog\/wp-content\/uploads\/2020\/12\/protesta-12.png?resize=613%2C335&#038;ssl=1\" width=\"613\" height=\"335\" srcset=\"https:\/\/i0.wp.com\/www.shqiperia.com\/blog\/wp-content\/uploads\/2020\/12\/protesta-12.png?resize=300%2C164&amp;ssl=1 300w, https:\/\/i0.wp.com\/www.shqiperia.com\/blog\/wp-content\/uploads\/2020\/12\/protesta-12.png?resize=450%2C246&amp;ssl=1 450w, https:\/\/i0.wp.com\/www.shqiperia.com\/blog\/wp-content\/uploads\/2020\/12\/protesta-12.png?resize=400%2C218&amp;ssl=1 400w, https:\/\/i0.wp.com\/www.shqiperia.com\/blog\/wp-content\/uploads\/2020\/12\/protesta-12.png?w=566&amp;ssl=1 566w\" sizes=\"auto, (max-width: 613px) 100vw, 613px\" \/><\/p>\n<p>Ende situata paraqitet e qet\u00eb, nd\u00ebrsa forcat e rendit kan\u00eb marr\u00eb masat dhe jan\u00eb vendosur n\u00eb vende t\u00eb ndryshme.<\/p>\n<p>Policia q\u00eb \u00ebsht\u00eb vendosur n\u00eb sheshin Sk\u00ebnderbej po b\u00ebn verifikimin\u00a0 e t\u00eb rinjve q\u00eb hyjn\u00eb n\u00eb shesh, nd\u00ebrsa \u00ebsht\u00eb shprehur e vendosur q\u00eb do t\u00eb zbatohen masat anti COVID dhe nuk do t\u00eb lejohet asnj\u00eb grumbullim.<\/p>\n<p>Gjithashtu m\u00ebsohet se pak para nisjes s\u00eb protest\u00ebs, e cila \u00ebsht\u00eb lajm\u00ebruar nga faqet me influenc\u00eb n\u00eb rrjetet sociale, kryeministri Edi Rama \u00ebsht\u00eb larguar nga Kryeministria.<\/p>\n<p>Gazeta Panorama<\/p>\n","protected":false},"excerpt":{"rendered":"<p>Sonte protesta e gjasht\u00eb. \u00a0Nis grumbullimi i t\u00eb rinjve n\u00eb sheshin Sk\u00ebnderbej, disa prej tyre mbajn\u00eb pankarta. 14 dhjetor 2020 \u00a0Sot pritet q\u00eb p\u00ebr t\u00eb gjasht\u00ebn dit\u00eb radhazi t\u00eb mblidhen qytetar\u00ebt p\u00ebr t\u00eb protestuar p\u00ebr vrasjen e Klodian Rash\u00ebs, nga efektivi i policis\u00eb. Pas dor\u00ebheqjes s\u00eb Sand\u00ebr Lleshajt, nga posti i Ministrit t\u00eb Brendsh\u00ebm, tashm\u00eb [&hellip;]<\/p>\n","protected":false},"author":9,"featured_media":41902,"comment_status":"open","ping_status":"open","sticky":false,"template":"","format":"standard","meta":{"jetpack_post_was_ever_published":false,"_jetpack_newsletter_access":"","_jetpack_dont_email_post_to_subs":false,"_jetpack_newsletter_tier_id":0,"_jetpack_memberships_contains_paywalled_content":false,"_jetpack_memberships_contains_paid_content":false,"footnotes":"","jetpack_publicize_message":"","jetpack_publicize_feature_enabled":true,"jetpack_social_post_already_shared":true,"jetpack_social_options":{"image_generator_settings":{"template":"highway","default_image_id":0,"font":"","enabled":false},"version":2}},"categories":[27,2],"tags":[],"class_list":["post-41901","post","type-post","status-publish","format-standard","has-post-thumbnail","hentry","category-blogu-i-udhetarit","category-politika"],"jetpack_publicize_connections":[],"jetpack_featured_media_url":"https:\/\/i0.wp.com\/www.shqiperia.com\/blog\/wp-content\/uploads\/2020\/12\/policia5.png?fit=640%2C382&ssl=1","jetpack_sharing_enabled":true,"jetpack_shortlink":"https:\/\/wp.me\/p5Z6wp-aTP","jetpack-related-posts":[{"id":41777,"url":"https:\/\/www.shqiperia.com\/blog\/poshte-ardi-veliu-ja-qytetet-ku-ka-filluar-protesta-pervec-tiranes-per-vrasjen-e-klodian-rashes\/","url_meta":{"origin":41901,"position":0},"title":"\u201cPosht\u00eb Ardi Veliu\u201d\/Ja qytetet ku ka filluar protesta p\u00ebrve\u00e7 Tiran\u00ebs p\u00ebr vrasjen e Klodian Rash\u00ebs","author":"Kurt Farka","date":"December 11, 2020","format":false,"excerpt":"\u201cPosht\u00eb Ardi Veliu\u201d\/Ja qytetet ku ka filluar protesta p\u00ebrve\u00e7 Tiran\u00ebs p\u00ebr vrasjen e Klodian Rash\u00ebs 11 DHJETOR 2020 P\u00ebr t\u00eb tret\u00ebn dit\u00eb radhazi ka nisur protesta p\u00ebr t\u00eb k\u00ebrkuar drejt\u00ebsi p\u00ebr vrasjen e Klodian Rash\u00ebs nga nj\u00eb efektiv policie. Pas Tiran\u00ebs, qytetar\u00ebt kan\u00eb pushtuar edhe rrug\u00ebt e qytetit t\u00eb Kor\u00e7\u00ebs.\u2026","rel":"","context":"In &quot;Blogu i Udh\u00ebtarit&quot;","block_context":{"text":"Blogu i Udh\u00ebtarit","link":"https:\/\/www.shqiperia.com\/blog\/category\/blogu-i-udhetarit\/"},"img":{"alt_text":"","src":"https:\/\/i0.wp.com\/www.shqiperia.com\/blog\/wp-content\/uploads\/2020\/12\/800-480-5fd3aeaf9bfa9.png?fit=800%2C437&ssl=1&resize=350%2C200","width":350,"height":200,"srcset":"https:\/\/i0.wp.com\/www.shqiperia.com\/blog\/wp-content\/uploads\/2020\/12\/800-480-5fd3aeaf9bfa9.png?fit=800%2C437&ssl=1&resize=350%2C200 1x, https:\/\/i0.wp.com\/www.shqiperia.com\/blog\/wp-content\/uploads\/2020\/12\/800-480-5fd3aeaf9bfa9.png?fit=800%2C437&ssl=1&resize=525%2C300 1.5x, https:\/\/i0.wp.com\/www.shqiperia.com\/blog\/wp-content\/uploads\/2020\/12\/800-480-5fd3aeaf9bfa9.png?fit=800%2C437&ssl=1&resize=700%2C400 2x"},"classes":[]},{"id":41766,"url":"https:\/\/www.shqiperia.com\/blog\/vrasja-e-klodian-rashes-vijojne-protestat-qytetaret-3-kerkesa-per-ramen\/","url_meta":{"origin":41901,"position":1},"title":"Vrasja e Klodian Rash\u00ebs\/ Vijojn\u00eb protestat \u2013 Qytetar\u00ebt 3 k\u00ebrkesa p\u00ebr Ram\u00ebn","author":"Kurt Farka","date":"December 11, 2020","format":false,"excerpt":"Vrasja e Klodian Rash\u00ebs\/ Vijojn\u00eb protestat \u2013 Qytetar\u00ebt 3 k\u00ebrkesa p\u00ebr Ram\u00ebn - 11\/12\/20 Vijojn\u00eb protestat p\u00ebr vrasjen e 25-vje\u00e7arit Klodian Rasha nga nj\u00eb efektiv policie. Shoq\u00ebria Civile po organizohet s\u00ebrish p\u00ebrmes rrjeteve sociale, p\u00ebr t\u2019u mbledhur sot n\u00eb or\u00ebn 18:00 p\u00ebrpara Kryeministris\u00eb dhe shesheve kryesor\u00eb t\u00eb \u00e7do qyteti. Kjo\u2026","rel":"","context":"In &quot;Blogu i Udh\u00ebtarit&quot;","block_context":{"text":"Blogu i Udh\u00ebtarit","link":"https:\/\/www.shqiperia.com\/blog\/category\/blogu-i-udhetarit\/"},"img":{"alt_text":"","src":"https:\/\/i0.wp.com\/www.shqiperia.com\/blog\/wp-content\/uploads\/2020\/12\/ca7d54b4-c705-41b5-b65a-d1bf492f4410-Copy.jpg?fit=1080%2C529&ssl=1&resize=350%2C200","width":350,"height":200,"srcset":"https:\/\/i0.wp.com\/www.shqiperia.com\/blog\/wp-content\/uploads\/2020\/12\/ca7d54b4-c705-41b5-b65a-d1bf492f4410-Copy.jpg?fit=1080%2C529&ssl=1&resize=350%2C200 1x, https:\/\/i0.wp.com\/www.shqiperia.com\/blog\/wp-content\/uploads\/2020\/12\/ca7d54b4-c705-41b5-b65a-d1bf492f4410-Copy.jpg?fit=1080%2C529&ssl=1&resize=525%2C300 1.5x, https:\/\/i0.wp.com\/www.shqiperia.com\/blog\/wp-content\/uploads\/2020\/12\/ca7d54b4-c705-41b5-b65a-d1bf492f4410-Copy.jpg?fit=1080%2C529&ssl=1&resize=700%2C400 2x, https:\/\/i0.wp.com\/www.shqiperia.com\/blog\/wp-content\/uploads\/2020\/12\/ca7d54b4-c705-41b5-b65a-d1bf492f4410-Copy.jpg?fit=1080%2C529&ssl=1&resize=1050%2C600 3x"},"classes":[]},{"id":61725,"url":"https:\/\/www.shqiperia.com\/blog\/ardi-veliu-paguhej-30-mije-euro-ne-muaj-nga-ervis-martinaj\/","url_meta":{"origin":41901,"position":2},"title":"Ardi Veliu paguhej 30 mij\u00eb euro n\u00eb muaj nga Ervis Martinaj","author":"Kurt Farka","date":"September 2, 2022","format":false,"excerpt":"2 Shtator 2022. Kreu i Partis\u00eb Demokratike Sali Berisha e ka lidhur largimin nga detyra t\u00eb Drejtorit t\u00eb P\u00ebrgjithsh\u00ebm t\u00eb Policis\u00eb s\u00eb Shtetit Gledis Nano me kontejnerin e drog\u00ebs. Sipas tij at\u00eb nuk mund ta hiqte kurr askush tjet\u00ebr p\u00ebrve\u00e7 kryeministrit. Nd\u00ebr t\u00eb tjera Berisha thot\u00eb se Ardi Veliu paguhej\u2026","rel":"","context":"In &quot;Blogu i Udh\u00ebtarit&quot;","block_context":{"text":"Blogu i Udh\u00ebtarit","link":"https:\/\/www.shqiperia.com\/blog\/category\/blogu-i-udhetarit\/"},"img":{"alt_text":"","src":"https:\/\/i0.wp.com\/www.shqiperia.com\/blog\/wp-content\/uploads\/2022\/09\/1564033578_euro780x405696x361696x361.jpg?fit=780%2C440&ssl=1&resize=350%2C200","width":350,"height":200,"srcset":"https:\/\/i0.wp.com\/www.shqiperia.com\/blog\/wp-content\/uploads\/2022\/09\/1564033578_euro780x405696x361696x361.jpg?fit=780%2C440&ssl=1&resize=350%2C200 1x, https:\/\/i0.wp.com\/www.shqiperia.com\/blog\/wp-content\/uploads\/2022\/09\/1564033578_euro780x405696x361696x361.jpg?fit=780%2C440&ssl=1&resize=525%2C300 1.5x, https:\/\/i0.wp.com\/www.shqiperia.com\/blog\/wp-content\/uploads\/2022\/09\/1564033578_euro780x405696x361696x361.jpg?fit=780%2C440&ssl=1&resize=700%2C400 2x"},"classes":[]},{"id":74957,"url":"https:\/\/www.shqiperia.com\/blog\/ardi-veliu-largohet-nga-drejtimi-i-agjencise-se-mbikeqyrjes-policore\/","url_meta":{"origin":41901,"position":3},"title":"Ardi Veliu largohet nga drejtimi i Agjencis\u00eb s\u00eb Mbik\u00ebqyrjes Policore","author":"Kurt Farka","date":"October 23, 2023","format":false,"excerpt":"23 Tetor 2023 Gjat\u00eb dit\u00ebs s\u00eb sotme (23 Tetor), Ardi Veliu ka zhvilluar mbledhje me vart\u00ebsit e tij, ku i ka b\u00ebr\u00eb t\u00eb ditur largimin e tij nga AMP. Ai u\u00a0prezantua Drejtori i ri i Agjencis\u00eb s\u00eb Mbik\u00ebqyrjes Policore m\u00eb\u00a02 shtator 2022. Ardiu Veliu z\u00ebvend\u00ebsoi n\u00eb k\u00ebt\u00eb post Muhamet Rrumbullakun.\u2026","rel":"","context":"In &quot;Blogu i Udh\u00ebtarit&quot;","block_context":{"text":"Blogu i Udh\u00ebtarit","link":"https:\/\/www.shqiperia.com\/blog\/category\/blogu-i-udhetarit\/"},"img":{"alt_text":"","src":"https:\/\/i0.wp.com\/www.shqiperia.com\/blog\/wp-content\/uploads\/2023\/10\/Ardi-Veliu.jpg?fit=1200%2C675&ssl=1&resize=350%2C200","width":350,"height":200,"srcset":"https:\/\/i0.wp.com\/www.shqiperia.com\/blog\/wp-content\/uploads\/2023\/10\/Ardi-Veliu.jpg?fit=1200%2C675&ssl=1&resize=350%2C200 1x, https:\/\/i0.wp.com\/www.shqiperia.com\/blog\/wp-content\/uploads\/2023\/10\/Ardi-Veliu.jpg?fit=1200%2C675&ssl=1&resize=525%2C300 1.5x, https:\/\/i0.wp.com\/www.shqiperia.com\/blog\/wp-content\/uploads\/2023\/10\/Ardi-Veliu.jpg?fit=1200%2C675&ssl=1&resize=700%2C400 2x, https:\/\/i0.wp.com\/www.shqiperia.com\/blog\/wp-content\/uploads\/2023\/10\/Ardi-Veliu.jpg?fit=1200%2C675&ssl=1&resize=1050%2C600 3x"},"classes":[]},{"id":41825,"url":"https:\/\/www.shqiperia.com\/blog\/dita-e-katert-nis-protesta-edhe-ne-rrethe-shihni-pamjet-nga-durresi-dhe-elbasani-forca-te-shtuara-te-policise-ne-terren\/","url_meta":{"origin":41901,"position":4},"title":"Dita e katert; &#8211; Nis protesta edhe n\u00eb rrethe, shihni pamjet nga Durr\u00ebsi dhe Elbasani. Forca t\u00eb shtuara t\u00eb policis\u00eb n\u00eb terren","author":"Kurt Farka","date":"December 12, 2020","format":false,"excerpt":"Dita e katert; - Nis protesta edhe n\u00eb rrethe, shihni pamjet nga Durr\u00ebsi dhe Elbasani. Forca t\u00eb shtuara t\u00eb policis\u00eb n\u00eb terren Dec 12 dhjetor 2020 ORA 18:40- Turbimi per vrasjen e klodian Rash\u00ebs n\u00eb k\u00ebt\u00eb dit\u00eb t\u00eb kat\u00ebrt ka nidhur edhe n\u00eb Elbasan.\u00a0T\u00eb rinj t\u00eb moshave 15-16 vje\u00e7 jan\u00eb\u2026","rel":"","context":"In &quot;Blogu i Udh\u00ebtarit&quot;","block_context":{"text":"Blogu i Udh\u00ebtarit","link":"https:\/\/www.shqiperia.com\/blog\/category\/blogu-i-udhetarit\/"},"img":{"alt_text":"","src":"https:\/\/i0.wp.com\/www.shqiperia.com\/blog\/wp-content\/uploads\/2020\/12\/protestuesit-ne-Durres1.jpg?fit=639%2C348&ssl=1&resize=350%2C200","width":350,"height":200,"srcset":"https:\/\/i0.wp.com\/www.shqiperia.com\/blog\/wp-content\/uploads\/2020\/12\/protestuesit-ne-Durres1.jpg?fit=639%2C348&ssl=1&resize=350%2C200 1x, https:\/\/i0.wp.com\/www.shqiperia.com\/blog\/wp-content\/uploads\/2020\/12\/protestuesit-ne-Durres1.jpg?fit=639%2C348&ssl=1&resize=525%2C300 1.5x"},"classes":[]},{"id":35204,"url":"https:\/\/www.shqiperia.com\/blog\/skandal-i-dyfishte-ardi-veliu-nxori-videon-e-nenes-se-15-vjecarit-te-dhunuar-me-arme-ne-dore-reagon-paloka-dhe-leshon-thirrjen-urgjente\/","url_meta":{"origin":41901,"position":5},"title":"\u201cSkandal i dyfisht\u00eb\u201d, Ardi Veliu nxori videon e n\u00ebn\u00ebs s\u00eb 15-vje\u00e7arit t\u00eb dhunuar me arm\u00eb n\u00eb dor\u00eb, reagon Paloka dhe l\u00ebshon thirrjen urgjente","author":"Kurt Farka","date":"May 29, 2020","format":false,"excerpt":"\u201cSkandal i dyfisht\u00eb\u201d, Ardi Veliu nxori videon e n\u00ebn\u00ebs s\u00eb 15-vje\u00e7arit t\u00eb dhunuar me arm\u00eb n\u00eb dor\u00eb, reagon Paloka dhe l\u00ebshon thirrjen urgjente 29 MAJ 2020 N\u00ebnkryetari i Partis\u00eb Demokratike, Edi Paloka ka reaguar lidhur me videon e publikuar nga drejtori i Policis\u00eb Shtetit, Ardi Veliu gjat\u00eb raportimit n\u00eb mbledhjen\u2026","rel":"","context":"In &quot;Blogu i Udh\u00ebtarit&quot;","block_context":{"text":"Blogu i Udh\u00ebtarit","link":"https:\/\/www.shqiperia.com\/blog\/category\/blogu-i-udhetarit\/"},"img":{"alt_text":"","src":"https:\/\/i0.wp.com\/www.shqiperia.com\/blog\/wp-content\/uploads\/2020\/05\/800-0-5ed128b04a4d7.jpg?fit=800%2C415&ssl=1&resize=350%2C200","width":350,"height":200,"srcset":"https:\/\/i0.wp.com\/www.shqiperia.com\/blog\/wp-content\/uploads\/2020\/05\/800-0-5ed128b04a4d7.jpg?fit=800%2C415&ssl=1&resize=350%2C200 1x, https:\/\/i0.wp.com\/www.shqiperia.com\/blog\/wp-content\/uploads\/2020\/05\/800-0-5ed128b04a4d7.jpg?fit=800%2C415&ssl=1&resize=525%2C300 1.5x, https:\/\/i0.wp.com\/www.shqiperia.com\/blog\/wp-content\/uploads\/2020\/05\/800-0-5ed128b04a4d7.jpg?fit=800%2C415&ssl=1&resize=700%2C400 2x"},"classes":[]}],"_links":{"self":[{"href":"https:\/\/www.shqiperia.com\/blog\/wp-json\/wp\/v2\/posts\/41901","targetHints":{"allow":["GET"]}}],"collection":[{"href":"https:\/\/www.shqiperia.com\/blog\/wp-json\/wp\/v2\/posts"}],"about":[{"href":"https:\/\/www.shqiperia.com\/blog\/wp-json\/wp\/v2\/types\/post"}],"author":[{"embeddable":true,"href":"https:\/\/www.shqiperia.com\/blog\/wp-json\/wp\/v2\/users\/9"}],"replies":[{"embeddable":true,"href":"https:\/\/www.shqiperia.com\/blog\/wp-json\/wp\/v2\/comments?post=41901"}],"version-history":[{"count":3,"href":"https:\/\/www.shqiperia.com\/blog\/wp-json\/wp\/v2\/posts\/41901\/revisions"}],"predecessor-version":[{"id":41906,"href":"https:\/\/www.shqiperia.com\/blog\/wp-json\/wp\/v2\/posts\/41901\/revisions\/41906"}],"wp:featuredmedia":[{"embeddable":true,"href":"https:\/\/www.shqiperia.com\/blog\/wp-json\/wp\/v2\/media\/41902"}],"wp:attachment":[{"href":"https:\/\/www.shqiperia.com\/blog\/wp-json\/wp\/v2\/media?parent=41901"}],"wp:term":[{"taxonomy":"category","embeddable":true,"href":"https:\/\/www.shqiperia.com\/blog\/wp-json\/wp\/v2\/categories?post=41901"},{"taxonomy":"post_tag","embeddable":true,"href":"https:\/\/www.shqiperia.com\/blog\/wp-json\/wp\/v2\/tags?post=41901"}],"curies":[{"name":"wp","href":"https:\/\/api.w.org\/{rel}","templated":true}]}}