{"id":41897,"date":"2020-12-14T18:00:49","date_gmt":"2020-12-14T18:00:49","guid":{"rendered":"https:\/\/www.shqiperia.com\/blog\/?p=41897"},"modified":"2020-12-14T18:03:24","modified_gmt":"2020-12-14T18:03:24","slug":"protesta-per-vrasjen-e-klodianit-delegacioni-i-be-se-ne-shqiperi-del-me-reagimin-e-papritur","status":"publish","type":"post","link":"https:\/\/www.shqiperia.com\/blog\/protesta-per-vrasjen-e-klodianit-delegacioni-i-be-se-ne-shqiperi-del-me-reagimin-e-papritur\/","title":{"rendered":"Protesta p\u00ebr vrasjen e Klodianit\/ Delegacioni i BE-s\u00eb n\u00eb Shqip\u00ebri del me reagimin e papritur"},"content":{"rendered":"<p><img data-recalc-dims=\"1\" loading=\"lazy\" decoding=\"async\" data-attachment-id=\"41898\" data-permalink=\"https:\/\/www.shqiperia.com\/blog\/protesta-per-vrasjen-e-klodianit-delegacioni-i-be-se-ne-shqiperi-del-me-reagimin-e-papritur\/640-0-5fd79fb1b1767\/\" data-orig-file=\"https:\/\/i0.wp.com\/www.shqiperia.com\/blog\/wp-content\/uploads\/2020\/12\/640-0-5fd79fb1b1767.jpg?fit=640%2C360&amp;ssl=1\" data-orig-size=\"640,360\" data-comments-opened=\"1\" data-image-meta=\"{&quot;aperture&quot;:&quot;0&quot;,&quot;credit&quot;:&quot;&quot;,&quot;camera&quot;:&quot;&quot;,&quot;caption&quot;:&quot;&quot;,&quot;created_timestamp&quot;:&quot;0&quot;,&quot;copyright&quot;:&quot;&quot;,&quot;focal_length&quot;:&quot;0&quot;,&quot;iso&quot;:&quot;0&quot;,&quot;shutter_speed&quot;:&quot;0&quot;,&quot;title&quot;:&quot;&quot;,&quot;orientation&quot;:&quot;0&quot;}\" data-image-title=\"-640-0-5fd79fb1b1767\" data-image-description=\"\" data-image-caption=\"\" data-medium-file=\"https:\/\/i0.wp.com\/www.shqiperia.com\/blog\/wp-content\/uploads\/2020\/12\/640-0-5fd79fb1b1767.jpg?fit=300%2C169&amp;ssl=1\" data-large-file=\"https:\/\/i0.wp.com\/www.shqiperia.com\/blog\/wp-content\/uploads\/2020\/12\/640-0-5fd79fb1b1767.jpg?fit=640%2C360&amp;ssl=1\" class=\"alignnone wp-image-41898\" alt=\"\" src=\"https:\/\/i0.wp.com\/www.shqiperia.com\/blog\/wp-content\/uploads\/2020\/12\/640-0-5fd79fb1b1767.jpg?resize=504%2C284&#038;ssl=1\" width=\"504\" height=\"284\" srcset=\"https:\/\/i0.wp.com\/www.shqiperia.com\/blog\/wp-content\/uploads\/2020\/12\/640-0-5fd79fb1b1767.jpg?resize=300%2C169&amp;ssl=1 300w, https:\/\/i0.wp.com\/www.shqiperia.com\/blog\/wp-content\/uploads\/2020\/12\/640-0-5fd79fb1b1767.jpg?resize=450%2C253&amp;ssl=1 450w, https:\/\/i0.wp.com\/www.shqiperia.com\/blog\/wp-content\/uploads\/2020\/12\/640-0-5fd79fb1b1767.jpg?resize=600%2C338&amp;ssl=1 600w, https:\/\/i0.wp.com\/www.shqiperia.com\/blog\/wp-content\/uploads\/2020\/12\/640-0-5fd79fb1b1767.jpg?resize=400%2C225&amp;ssl=1 400w, https:\/\/i0.wp.com\/www.shqiperia.com\/blog\/wp-content\/uploads\/2020\/12\/640-0-5fd79fb1b1767.jpg?w=640&amp;ssl=1 640w\" sizes=\"auto, (max-width: 504px) 100vw, 504px\" \/><\/p>\n<p>Protesta p\u00ebr vrasjen e Klodianit\/ Delegacioni i BE-s\u00eb n\u00eb Shqip\u00ebri del me reagimin e papritur<\/p>\n<p>14 DHJETOR 2020<\/p>\n<p>Delegacioni i BE-s\u00eb ka reaguar n\u00eb lidhje me situat\u00ebn e gazetar\u00ebve n\u00eb Shqip\u00ebri, pas protest\u00ebs p\u00ebr vrasjen e t\u00eb riut Klodian Rasha.<\/p>\n<p>Bashkimi Evropian, p\u00ebrmes nj\u00eb postimi n\u00eb \u201ctwitter\u201d ka k\u00ebrkuar nga autoritetet shqiptare q\u00eb t\u00eb garantojn\u00eb kushtet e duhura q\u00eb gazetar\u00ebt t\u00eb jen\u00eb n\u00eb gjendje t\u00eb b\u00ebjn\u00eb pun\u00ebn e tyre pa asnj\u00eb k\u00ebrc\u00ebnim dhune, ngacmimi dhe frik\u00ebsimi.<\/p>\n<p>Po ashtu, n\u00eb njoftim theksohet se gazetar\u00ebt duhet q\u00eb t\u00eb ken\u00eb akses n\u00eb m\u00ebnyr\u00eb t\u00eb plot\u00eb n\u00eb informacione.<\/p>\n<p>\u201cBE p\u00ebrs\u00ebrit se duhet t\u00eb ket\u00eb zero toleranc\u00eb p\u00ebr kanosjet dhe k\u00ebrc\u00ebnimet ndaj medias. \u00cbsht\u00eb thelb\u00ebsore q\u00eb gazetar\u00ebt n\u00eb Shqip\u00ebri t\u00eb jen\u00eb n\u00eb gjendje t\u00eb b\u00ebjn\u00eb pun\u00ebn e tyre pa asnj\u00eb k\u00ebrc\u00ebnim dhune, ngacmimi dhe frik\u00ebsimi, n\u00eb m\u00ebnyr\u00eb q\u00eb qytetar\u00ebt t\u00eb ken\u00eb qasje n\u00eb gjith\u00eb informacionin\u201d- thuhet n\u00eb reagim.<br \/>\nGjat\u00eb protestave p\u00ebr vrasjen e Klodian Rash\u00ebs nuk kan\u00eb munguar shoq\u00ebrimet n\u00eb polici as t\u00eb gazetar\u00ebve q\u00eb ishin n\u00eb terren duke b\u00ebr\u00eb pun\u00ebn e tyre.<\/p>\n<p>Gazeta Sot<\/p>\n","protected":false},"excerpt":{"rendered":"<p>Protesta p\u00ebr vrasjen e Klodianit\/ Delegacioni i BE-s\u00eb n\u00eb Shqip\u00ebri del me reagimin e papritur 14 DHJETOR 2020 Delegacioni i BE-s\u00eb ka reaguar n\u00eb lidhje me situat\u00ebn e gazetar\u00ebve n\u00eb Shqip\u00ebri, pas protest\u00ebs p\u00ebr vrasjen e t\u00eb riut Klodian Rasha. Bashkimi Evropian, p\u00ebrmes nj\u00eb postimi n\u00eb \u201ctwitter\u201d ka k\u00ebrkuar nga autoritetet shqiptare q\u00eb t\u00eb garantojn\u00eb [&hellip;]<\/p>\n","protected":false},"author":9,"featured_media":41898,"comment_status":"open","ping_status":"open","sticky":false,"template":"","format":"standard","meta":{"jetpack_post_was_ever_published":false,"_jetpack_newsletter_access":"","_jetpack_dont_email_post_to_subs":false,"_jetpack_newsletter_tier_id":0,"_jetpack_memberships_contains_paywalled_content":false,"_jetpack_memberships_contains_paid_content":false,"footnotes":"","jetpack_publicize_message":"","jetpack_publicize_feature_enabled":true,"jetpack_social_post_already_shared":true,"jetpack_social_options":{"image_generator_settings":{"template":"highway","default_image_id":0,"font":"","enabled":false},"version":2}},"categories":[2],"tags":[],"class_list":["post-41897","post","type-post","status-publish","format-standard","has-post-thumbnail","hentry","category-politika"],"jetpack_publicize_connections":[],"jetpack_featured_media_url":"https:\/\/i0.wp.com\/www.shqiperia.com\/blog\/wp-content\/uploads\/2020\/12\/640-0-5fd79fb1b1767.jpg?fit=640%2C360&ssl=1","jetpack_sharing_enabled":true,"jetpack_shortlink":"https:\/\/wp.me\/p5Z6wp-aTL","jetpack-related-posts":[{"id":14956,"url":"https:\/\/www.shqiperia.com\/blog\/protesta-e-studenteve-delegacioni-i-be-eshte-koha-per-dialog-qe-te-sigurohet\/","url_meta":{"origin":41897,"position":0},"title":"Protesta e student\u00ebve, delegacioni i BE: \u00cbsht\u00eb koha p\u00ebr dialog q\u00eb t\u00eb sigurohet\u2026-","author":"Kurt Farka","date":"December 18, 2018","format":false,"excerpt":"Protesta e student\u00ebve, delegacioni i BE: \u00cbsht\u00eb koha p\u00ebr dialog q\u00eb t\u00eb sigurohet\u2026- 18 dhjetor 2018. \u00a0 Protest\u00ebn prej 2 jav\u00ebsh t\u00eb student\u00ebve, e ka p\u00ebrsh\u00ebndetur edhe delegacioni i BE n\u00eb Shqip\u00ebri, nd\u00ebrsa kan\u00eb b\u00ebr\u00eb thirrje q\u00eb tashm\u00eb t\u00eb k\u00ebt\u00eb nj\u00eb dialog\u00a0p\u00ebr t\u00eb gjetur zgjidhjen e t\u00eb gjitha k\u00ebtyre k\u00ebrkesave.\u2026","rel":"","context":"In &quot;Blogu i Udh\u00ebtarit&quot;","block_context":{"text":"Blogu i Udh\u00ebtarit","link":"https:\/\/www.shqiperia.com\/blog\/category\/blogu-i-udhetarit\/"},"img":{"alt_text":"","src":"https:\/\/i0.wp.com\/www.shqiperia.com\/blog\/wp-content\/uploads\/2018\/12\/Harta-dhe-flamuri-i-BE-se-650x358.jpg?fit=650%2C358&ssl=1&resize=350%2C200","width":350,"height":200,"srcset":"https:\/\/i0.wp.com\/www.shqiperia.com\/blog\/wp-content\/uploads\/2018\/12\/Harta-dhe-flamuri-i-BE-se-650x358.jpg?fit=650%2C358&ssl=1&resize=350%2C200 1x, https:\/\/i0.wp.com\/www.shqiperia.com\/blog\/wp-content\/uploads\/2018\/12\/Harta-dhe-flamuri-i-BE-se-650x358.jpg?fit=650%2C358&ssl=1&resize=525%2C300 1.5x"},"classes":[]},{"id":57525,"url":"https:\/\/www.shqiperia.com\/blog\/liria-e-medias-rama-sulmon-raportin-e-reportereve-pa-kufij-genjeshter-fantazi-dhe-tallje\/","url_meta":{"origin":41897,"position":1},"title":"Liria e medias.  &#8211; Rama sulmon raportin e \u201cReporter\u00ebve pa Kufij\u201d: &#8211; G\u00ebnjesht\u00ebr, fantazi dhe tallje!","author":"Kurt Farka","date":"May 3, 2022","format":false,"excerpt":"Liria e medias. - Rama sulmon raportin e \u201cReporter\u00ebve pa Kufij\u201d: - G\u00ebnjesht\u00ebr, fantazi dhe tallje! - 03.05.22 Kryeministri Rama i \u00ebsht\u00eb p\u00ebrgjigjur raportit t\u00eb Reporter\u00eb pa Kufij q\u00eb e uli Shqip\u00ebrin\u00eb me 20 vende n\u00eb krahasim me vitin e kaluar p\u00ebr lirin\u00eb e medias. Konstatimet e raportit Rama i\u2026","rel":"","context":"In &quot;Blogu i Udh\u00ebtarit&quot;","block_context":{"text":"Blogu i Udh\u00ebtarit","link":"https:\/\/www.shqiperia.com\/blog\/category\/blogu-i-udhetarit\/"},"img":{"alt_text":"","src":"https:\/\/i0.wp.com\/www.shqiperia.com\/blog\/wp-content\/uploads\/2022\/05\/Rama-sulmon-raportin-e-Reportereve-pa-Kufij-Genjeshter-fantazi-dhe-tallje.jpg?fit=720%2C369&ssl=1&resize=350%2C200","width":350,"height":200,"srcset":"https:\/\/i0.wp.com\/www.shqiperia.com\/blog\/wp-content\/uploads\/2022\/05\/Rama-sulmon-raportin-e-Reportereve-pa-Kufij-Genjeshter-fantazi-dhe-tallje.jpg?fit=720%2C369&ssl=1&resize=350%2C200 1x, https:\/\/i0.wp.com\/www.shqiperia.com\/blog\/wp-content\/uploads\/2022\/05\/Rama-sulmon-raportin-e-Reportereve-pa-Kufij-Genjeshter-fantazi-dhe-tallje.jpg?fit=720%2C369&ssl=1&resize=525%2C300 1.5x, https:\/\/i0.wp.com\/www.shqiperia.com\/blog\/wp-content\/uploads\/2022\/05\/Rama-sulmon-raportin-e-Reportereve-pa-Kufij-Genjeshter-fantazi-dhe-tallje.jpg?fit=720%2C369&ssl=1&resize=700%2C400 2x"},"classes":[]},{"id":41883,"url":"https:\/\/www.shqiperia.com\/blog\/shoqerimi-me-dhune-i-gazetareve-ne-proteste-reagon-ambasadorja-suedeze-jemi-te-shqetesuar-kur-mesojme-se\/","url_meta":{"origin":41897,"position":2},"title":"Shoq\u00ebrimi me dhun\u00eb i gazetar\u00ebve n\u00eb protest\u00eb\/ Reagon ambasadorja suedeze: Jemi t\u00eb shqet\u00ebsuar kur m\u00ebsojm\u00eb se\u2026","author":"Kurt Farka","date":"December 14, 2020","format":false,"excerpt":"Shoq\u00ebrimi me dhun\u00eb i gazetar\u00ebve n\u00eb protest\u00eb\/ Reagon ambasadorja suedeze: Jemi t\u00eb shqet\u00ebsuar kur m\u00ebsojm\u00eb se\u2026 14 dhjetor 2020 N\u00eb protestat e fundit p\u00ebr vrasjen e Klodian Rash\u00ebs u ndaluan edhe\u00a0gazetar\u00eb, t\u00eb cil\u00ebt\u00a0akuzuan uniformat blu se i shoq\u00ebruan me dhun\u00eb nd\u00ebrkoh\u00eb q\u00eb raportonin. Nj\u00eb reagim lidhur me k\u00ebt\u00eb \u00e7\u00ebshtje ka\u2026","rel":"","context":"In &quot;Blogu i Udh\u00ebtarit&quot;","block_context":{"text":"Blogu i Udh\u00ebtarit","link":"https:\/\/www.shqiperia.com\/blog\/category\/blogu-i-udhetarit\/"},"img":{"alt_text":"","src":"https:\/\/i0.wp.com\/www.shqiperia.com\/blog\/wp-content\/uploads\/2020\/12\/ambasadorjasuedeze-300x190.jpg?resize=350%2C200&ssl=1","width":350,"height":200},"classes":[]},{"id":64306,"url":"https:\/\/www.shqiperia.com\/blog\/frrok-cupi-ne-proteste-kishte-njerez-skizofrene-njerez-te-marre-ai-eshte-nje-popull-i-keq-i-marre-qe-shkon-pas-berishen-njerezit-qe-i-shkojne-pas-liderit-jane-te-marre\/","url_meta":{"origin":41897,"position":3},"title":"Frrok \u00c7upi: &#8211; Ne Proteste &#8220;&#8230; kishte njer\u00ebz skizofren\u00eb, njer\u00ebz t\u00eb marr\u00eb. Ai \u00ebsht\u00eb nj\u00eb popull i keq, i marr\u00eb q\u00eb shkon pas Berish\u00ebn. Njer\u00ebzit q\u00eb i shkojn\u00eb pas liderit jan\u00eb t\u00eb marr\u00eb!\u201d.","author":"Kurt Farka","date":"November 14, 2022","format":false,"excerpt":"14 Nentor 2022 Analisti Frrok \u00c7upi tha n\u00eb MCN Live se protesta e opozit\u00ebs m\u00eb 12 n\u00ebntor nuk b\u00ebri asnj\u00eb efekt, pasi nuk kishte q\u00ebllim. \u00c7upi tha se protesta b\u00ebhet n\u00eb nj\u00eb moment kur Berisha dhe Meta jan\u00eb n\u00eb gjendje t\u00eb v\u00ebshtir\u00eb. Sipas analistit nj\u00eb popull q\u00eb i shkon pas\u2026","rel":"","context":"In &quot;Blogu i Udh\u00ebtarit&quot;","block_context":{"text":"Blogu i Udh\u00ebtarit","link":"https:\/\/www.shqiperia.com\/blog\/category\/blogu-i-udhetarit\/"},"img":{"alt_text":"","src":"https:\/\/i0.wp.com\/www.shqiperia.com\/blog\/wp-content\/uploads\/2022\/11\/800-0-63724fa8c6db4.png?fit=800%2C398&ssl=1&resize=350%2C200","width":350,"height":200,"srcset":"https:\/\/i0.wp.com\/www.shqiperia.com\/blog\/wp-content\/uploads\/2022\/11\/800-0-63724fa8c6db4.png?fit=800%2C398&ssl=1&resize=350%2C200 1x, https:\/\/i0.wp.com\/www.shqiperia.com\/blog\/wp-content\/uploads\/2022\/11\/800-0-63724fa8c6db4.png?fit=800%2C398&ssl=1&resize=525%2C300 1.5x, https:\/\/i0.wp.com\/www.shqiperia.com\/blog\/wp-content\/uploads\/2022\/11\/800-0-63724fa8c6db4.png?fit=800%2C398&ssl=1&resize=700%2C400 2x"},"classes":[]},{"id":41968,"url":"https:\/\/www.shqiperia.com\/blog\/vrasja-e-klodian-rashes-dhe-protestat-e-zhvilluara-reagon-keshilli-i-evropes-dhe-leshojne-thirrjen-e-forte-te-parandalohet-menjehere\/","url_meta":{"origin":41897,"position":4},"title":"Vrasja e Klodian Rash\u00ebs dhe protestat e zhvilluara, reagon K\u00ebshilli i Evrop\u00ebs dhe l\u00ebshojn\u00eb thirrjen e fort\u00eb: T\u00eb parandalohet menj\u00ebher\u00eb&#8230;","author":"Kurt Farka","date":"December 16, 2020","format":false,"excerpt":"Vrasja e Klodian Rash\u00ebs dhe protestat e zhvilluara, reagon K\u00ebshilli i Evrop\u00ebs dhe l\u00ebshojn\u00eb thirrjen e fort\u00eb: T\u00eb parandalohet menj\u00ebher\u00eb... 16 DHJETOR 2020 \u201c\u2026P\u00ebrgjigja ndaj pandemis\u00eb COVID-19 nuk u jep autoriteteve t\u00eb drejt\u00ebn p\u00ebr t\u00eb p\u00ebrdorur forc\u00ebn\u201d, thot\u00eb Komisionerja. Pas protestave disaditore n\u00eb vendin ton\u00eb p\u00ebr vrasjen e 25-vje\u00e7arit Klodian\u2026","rel":"","context":"In &quot;Blogu i Udh\u00ebtarit&quot;","block_context":{"text":"Blogu i Udh\u00ebtarit","link":"https:\/\/www.shqiperia.com\/blog\/category\/blogu-i-udhetarit\/"},"img":{"alt_text":"","src":"https:\/\/i0.wp.com\/www.shqiperia.com\/blog\/wp-content\/uploads\/2020\/12\/800-0-5fd9f7960b1e8.jpg?fit=800%2C450&ssl=1&resize=350%2C200","width":350,"height":200,"srcset":"https:\/\/i0.wp.com\/www.shqiperia.com\/blog\/wp-content\/uploads\/2020\/12\/800-0-5fd9f7960b1e8.jpg?fit=800%2C450&ssl=1&resize=350%2C200 1x, https:\/\/i0.wp.com\/www.shqiperia.com\/blog\/wp-content\/uploads\/2020\/12\/800-0-5fd9f7960b1e8.jpg?fit=800%2C450&ssl=1&resize=525%2C300 1.5x, https:\/\/i0.wp.com\/www.shqiperia.com\/blog\/wp-content\/uploads\/2020\/12\/800-0-5fd9f7960b1e8.jpg?fit=800%2C450&ssl=1&resize=700%2C400 2x"},"classes":[]},{"id":17709,"url":"https:\/\/www.shqiperia.com\/blog\/protesta-e-neserme-garda-ka-kerkuar-qe-gazetaret-dhe-punonjesit-te-marrin-masa-per-tu-ruajtur-nga-gazi\/","url_meta":{"origin":41897,"position":5},"title":"Protesta e nes\u00ebrme: &#8211; Garda ka k\u00ebrkuar q\u00eb gazetar\u00ebt dhe punonj\u00ebsit t\u00eb marrin masa p\u00ebr tu ruajtur nga gazi.","author":"Kurt Farka","date":"February 20, 2019","format":false,"excerpt":"Protesta e nes\u00ebrme: - Garda ka k\u00ebrkuar q\u00eb gazetar\u00ebt dhe punonj\u00ebsit t\u00eb marrin masa p\u00ebr tu ruajtur nga gazi. 20 shkurt 2019 Prej t\u00eb shtun\u00ebs, Policia e Shtetit ka punuar p\u00ebr t\u00eb hartuar nj\u00eb plan masash p\u00ebr mbar\u00ebvajtjen e protest\u00ebs s\u00eb paralajm\u00ebruar t\u00eb opozit\u00ebs, e cila pritet t\u00eb nis\u00eb nes\u00ebr\u2026","rel":"","context":"In &quot;Blogu i Udh\u00ebtarit&quot;","block_context":{"text":"Blogu i Udh\u00ebtarit","link":"https:\/\/www.shqiperia.com\/blog\/category\/blogu-i-udhetarit\/"},"img":{"alt_text":"","src":"https:\/\/i0.wp.com\/www.shqiperia.com\/blog\/wp-content\/uploads\/2019\/02\/protesta-23-1024x757-Copy.jpg?fit=1024%2C541&ssl=1&resize=350%2C200","width":350,"height":200,"srcset":"https:\/\/i0.wp.com\/www.shqiperia.com\/blog\/wp-content\/uploads\/2019\/02\/protesta-23-1024x757-Copy.jpg?fit=1024%2C541&ssl=1&resize=350%2C200 1x, https:\/\/i0.wp.com\/www.shqiperia.com\/blog\/wp-content\/uploads\/2019\/02\/protesta-23-1024x757-Copy.jpg?fit=1024%2C541&ssl=1&resize=525%2C300 1.5x, https:\/\/i0.wp.com\/www.shqiperia.com\/blog\/wp-content\/uploads\/2019\/02\/protesta-23-1024x757-Copy.jpg?fit=1024%2C541&ssl=1&resize=700%2C400 2x"},"classes":[]}],"_links":{"self":[{"href":"https:\/\/www.shqiperia.com\/blog\/wp-json\/wp\/v2\/posts\/41897","targetHints":{"allow":["GET"]}}],"collection":[{"href":"https:\/\/www.shqiperia.com\/blog\/wp-json\/wp\/v2\/posts"}],"about":[{"href":"https:\/\/www.shqiperia.com\/blog\/wp-json\/wp\/v2\/types\/post"}],"author":[{"embeddable":true,"href":"https:\/\/www.shqiperia.com\/blog\/wp-json\/wp\/v2\/users\/9"}],"replies":[{"embeddable":true,"href":"https:\/\/www.shqiperia.com\/blog\/wp-json\/wp\/v2\/comments?post=41897"}],"version-history":[{"count":2,"href":"https:\/\/www.shqiperia.com\/blog\/wp-json\/wp\/v2\/posts\/41897\/revisions"}],"predecessor-version":[{"id":41900,"href":"https:\/\/www.shqiperia.com\/blog\/wp-json\/wp\/v2\/posts\/41897\/revisions\/41900"}],"wp:featuredmedia":[{"embeddable":true,"href":"https:\/\/www.shqiperia.com\/blog\/wp-json\/wp\/v2\/media\/41898"}],"wp:attachment":[{"href":"https:\/\/www.shqiperia.com\/blog\/wp-json\/wp\/v2\/media?parent=41897"}],"wp:term":[{"taxonomy":"category","embeddable":true,"href":"https:\/\/www.shqiperia.com\/blog\/wp-json\/wp\/v2\/categories?post=41897"},{"taxonomy":"post_tag","embeddable":true,"href":"https:\/\/www.shqiperia.com\/blog\/wp-json\/wp\/v2\/tags?post=41897"}],"curies":[{"name":"wp","href":"https:\/\/api.w.org\/{rel}","templated":true}]}}