{"id":41894,"date":"2020-12-14T14:52:22","date_gmt":"2020-12-14T14:52:22","guid":{"rendered":"https:\/\/www.shqiperia.com\/blog\/?p=41894"},"modified":"2020-12-14T14:52:22","modified_gmt":"2020-12-14T14:52:22","slug":"analiza-eshte-nje-gabim-nga-ana-e-kryeministrit-dhe-veprimi-eshte-teresisht-politik","status":"publish","type":"post","link":"https:\/\/www.shqiperia.com\/blog\/analiza-eshte-nje-gabim-nga-ana-e-kryeministrit-dhe-veprimi-eshte-teresisht-politik\/","title":{"rendered":"Analiza: &#8211; \u201cEshte nj\u00eb gabim nga ana e kryeministrit dhe veprimi \u00ebsht\u00eb t\u00ebr\u00ebsisht politik\u201d."},"content":{"rendered":"<p><img data-recalc-dims=\"1\" loading=\"lazy\" decoding=\"async\" data-attachment-id=\"41895\" data-permalink=\"https:\/\/www.shqiperia.com\/blog\/analiza-eshte-nje-gabim-nga-ana-e-kryeministrit-dhe-veprimi-eshte-teresisht-politik\/800-0-5fd7794e8e7ae-copy\/\" data-orig-file=\"https:\/\/i0.wp.com\/www.shqiperia.com\/blog\/wp-content\/uploads\/2020\/12\/800-0-5fd7794e8e7ae-Copy.jpg?fit=400%2C226&amp;ssl=1\" data-orig-size=\"400,226\" data-comments-opened=\"1\" data-image-meta=\"{&quot;aperture&quot;:&quot;0&quot;,&quot;credit&quot;:&quot;&quot;,&quot;camera&quot;:&quot;&quot;,&quot;caption&quot;:&quot;&quot;,&quot;created_timestamp&quot;:&quot;0&quot;,&quot;copyright&quot;:&quot;&quot;,&quot;focal_length&quot;:&quot;0&quot;,&quot;iso&quot;:&quot;0&quot;,&quot;shutter_speed&quot;:&quot;0&quot;,&quot;title&quot;:&quot;&quot;,&quot;orientation&quot;:&quot;0&quot;}\" data-image-title=\"-800-0-5fd7794e8e7ae &#8211; Copy\" data-image-description=\"\" data-image-caption=\"\" data-medium-file=\"https:\/\/i0.wp.com\/www.shqiperia.com\/blog\/wp-content\/uploads\/2020\/12\/800-0-5fd7794e8e7ae-Copy.jpg?fit=300%2C170&amp;ssl=1\" data-large-file=\"https:\/\/i0.wp.com\/www.shqiperia.com\/blog\/wp-content\/uploads\/2020\/12\/800-0-5fd7794e8e7ae-Copy.jpg?fit=400%2C226&amp;ssl=1\" class=\"alignnone  wp-image-41895\" alt=\"\" src=\"https:\/\/i0.wp.com\/www.shqiperia.com\/blog\/wp-content\/uploads\/2020\/12\/800-0-5fd7794e8e7ae-Copy.jpg?resize=558%2C316&#038;ssl=1\" width=\"558\" height=\"316\" srcset=\"https:\/\/i0.wp.com\/www.shqiperia.com\/blog\/wp-content\/uploads\/2020\/12\/800-0-5fd7794e8e7ae-Copy.jpg?resize=300%2C170&amp;ssl=1 300w, https:\/\/i0.wp.com\/www.shqiperia.com\/blog\/wp-content\/uploads\/2020\/12\/800-0-5fd7794e8e7ae-Copy.jpg?w=400&amp;ssl=1 400w\" sizes=\"auto, (max-width: 558px) 100vw, 558px\" \/><\/p>\n<p>Analiza: &#8211; \u201cEshte nj\u00eb gabim nga ana e kryeministrit dhe veprimi \u00ebsht\u00eb t\u00ebr\u00ebsisht politik\u201d.<\/p>\n<p>14 DHJETOR 2020<\/p>\n<p>Pas dor\u00ebheqjes s\u00eb ministrit t\u00eb Brendsh\u00ebm, Sand\u00ebr Lleshaj, pritet q\u00eb vendin e tij ta z\u00ebr\u00eb nj\u00eb tjet\u00ebr em\u00ebr. Analisti dhe pedagogu i njohur\u00a0ishte i ftuar n\u00eb A2 ku komentoi zhvillimet e dit\u00ebve n\u00eb fundit n\u00eb vend, me protesta q\u00eb shpeshher\u00eb jan\u00eb shoq\u00ebruar n\u00eb p\u00ebrplasje me policin\u00eb, pas vrasjes s\u00eb 25-vje\u00e7arit, Klodian Rasha.<\/p>\n<p>Iljazaj u shpreh se t\u00eb r\u00ebnd\u00ebsishme n\u00eb k\u00ebt\u00eb situat\u00eb jan\u00eb k\u00ebrkesat e protestuesve dhe jo se kush jan\u00eb ata. Ai thekson se pas vrasjes s\u00eb Klodian Rash\u00ebs duhet t\u00eb ishin dor\u00ebhequr drejtuesit e policis\u00eb dhe jo ministri Lleshaj.<\/p>\n<p>\u201cNe e kemi zakon t\u00eb merremi se kush jan\u00eb protestuesit dhe \u00e7far\u00eb artikulojn\u00eb protestuesit. \u00c7\u00ebshtja \u00ebsht\u00eb n\u00ebse k\u00ebrkesat e tyre jan\u00eb t\u00eb duhurat apo jo. Protestat lindin nga nj\u00eb k\u00ebrkes\u00eb specifike dhe m\u00eb pas zgjerohen. Un\u00eb gjykoj se vrasja e t\u00eb riut \u00ebsht\u00eb nj\u00eb gabim teknik. N\u00eb k\u00ebt\u00eb kuptim, un\u00eb gjykoj se m\u00eb normale do t\u00eb ishte shkarkimi i drejtuesve t\u00eb policis\u00eb dhe jo i ministrit. Kjo ishte m\u00eb shum\u00eb nj\u00eb p\u00ebrgjegj\u00ebsi teknike, operacionale. Dor\u00ebheqjen e Lleshajt, kryeministri e ka menduar si nj\u00eb shkarkim rryme elektrike, duke menduar se ka nj\u00eb akumulim pak\u00ebnaq\u00ebsish rreth k\u00ebtij ministri. Veprimi \u00ebsht\u00eb t\u00ebr\u00ebsisht politik\u201d.<\/p>\n<p>M\u00eb tej, ai u shpreh se emri i ministri t\u00eb ri t\u00eb Brendsh\u00ebm \u00ebsht\u00eb shum\u00eb i r\u00ebnd\u00ebsish\u00ebm, nd\u00ebrsa theksoi se p\u00ebr t\u00eb do t\u00eb ishte m\u00eb mir\u00eb nj\u00eb grua pas Lleshajt.<\/p>\n<p>\u201c\u00cbsht\u00eb shum\u00eb e r\u00ebnd\u00ebsishme se kush do ta z\u00ebvend\u00ebsoj\u00eb Lleshajn, pasi situata \u00ebsht\u00eb shum\u00eb e acaruar dhe jemi n\u00eb prag t\u00eb zgjedhjeve. Besoj se kryeministri nuk do ta ket\u00eb t\u00eb leht\u00eb p\u00ebr emrin e ri, pasi n\u00eb mes ka interesa politike. E r\u00ebnd\u00ebsishme \u00ebsht\u00eb q\u00eb ministri i ri t\u00eb marr\u00eb problemet e akumuluara. Un\u00eb mendoj se ministri i ri do t\u00eb p\u00ebrqendrohet te zgjedhjet dhe nuk do t\u00eb zgjidhen problemet n\u00eb polici. Un\u00eb do t\u00eb preferoja nj\u00eb grua n\u00eb krye t\u00eb Ministris\u00eb s\u00eb Brendshme. Ne kemi krijuar nj\u00eb perceptim q\u00eb ministri i rendit duhet t\u00eb ket\u00eb nj\u00eb temperament t\u00eb fort\u00eb, madje shpesh her\u00eb ministrit q\u00eb kemi pasur jan\u00eb ata m\u00eb \u201c\u00e7apk\u00ebn\u00ebt\u201d e politik\u00ebs. Duhet ta ndryshojm\u00eb k\u00ebt\u00eb filozofi. Un\u00eb gjykoj q\u00eb vendosja e nj\u00eb ushtaraku n\u00eb krye t\u00eb Ministris\u00eb s\u00eb Brendshme ishte nj\u00eb gabim nga ana e kryeministrit\u201d.<\/p>\n<p>Ervis Iljazaj u shpreh m\u00eb tej se institucionet n\u00eb Shqip\u00ebri jan\u00eb shkat\u00ebrruar nga politika dhe jo nga protestuesit.<\/p>\n<p>\u201cE kam d\u00ebgjuar shpesh n\u00eb dit\u00ebt e fundit se protestuesit po shkat\u00ebrrojn\u00eb institucionet. Por duhet theksuar fort\u00eb se institucionet n\u00eb Shqip\u00ebri i ka shkat\u00ebrruar politika dhe jo protestuesit. Fakti q\u00eb Shqip\u00ebria ndodhet pa Gjykat\u00eb Kushtetuese, pa Gjykat\u00eb t\u00eb Lart\u00eb, fakti q\u00eb ne akoma nuk kemi arritur t\u00eb kemi nj\u00eb pushtet gjyq\u00ebsor t\u00eb pavarur, nuk \u00ebsht\u00eb faji i protestuesve, por i politik\u00ebs. Nj\u00eb nga arsyet q\u00eb protestojn\u00eb k\u00ebta qytetar\u00eb \u00ebsht\u00eb fakti se k\u00ebtu jan\u00eb shkat\u00ebrruar institucionet. T\u2019i thuash protestuesve se po shkat\u00ebrrojn\u00eb institucionet \u00ebsht\u00eb nj\u00eb absurditet\u201d, u shpreh Iljazaj.<\/p>\n<p>Gazeta Sot<\/p>\n","protected":false},"excerpt":{"rendered":"<p>Analiza: &#8211; \u201cEshte nj\u00eb gabim nga ana e kryeministrit dhe veprimi \u00ebsht\u00eb t\u00ebr\u00ebsisht politik\u201d. 14 DHJETOR 2020 Pas dor\u00ebheqjes s\u00eb ministrit t\u00eb Brendsh\u00ebm, Sand\u00ebr Lleshaj, pritet q\u00eb vendin e tij ta z\u00ebr\u00eb nj\u00eb tjet\u00ebr em\u00ebr. Analisti dhe pedagogu i njohur\u00a0ishte i ftuar n\u00eb A2 ku komentoi zhvillimet e dit\u00ebve n\u00eb fundit n\u00eb vend, me protesta [&hellip;]<\/p>\n","protected":false},"author":9,"featured_media":41895,"comment_status":"open","ping_status":"open","sticky":false,"template":"","format":"standard","meta":{"jetpack_post_was_ever_published":false,"_jetpack_newsletter_access":"","_jetpack_dont_email_post_to_subs":false,"_jetpack_newsletter_tier_id":0,"_jetpack_memberships_contains_paywalled_content":false,"_jetpack_memberships_contains_paid_content":false,"footnotes":"","jetpack_publicize_message":"","jetpack_publicize_feature_enabled":true,"jetpack_social_post_already_shared":true,"jetpack_social_options":{"image_generator_settings":{"template":"highway","default_image_id":0,"font":"","enabled":false},"version":2}},"categories":[2,35],"tags":[],"class_list":["post-41894","post","type-post","status-publish","format-standard","has-post-thumbnail","hentry","category-politika","category-shoqerore"],"jetpack_publicize_connections":[],"jetpack_featured_media_url":"https:\/\/i0.wp.com\/www.shqiperia.com\/blog\/wp-content\/uploads\/2020\/12\/800-0-5fd7794e8e7ae-Copy.jpg?fit=400%2C226&ssl=1","jetpack_sharing_enabled":true,"jetpack_shortlink":"https:\/\/wp.me\/p5Z6wp-aTI","jetpack-related-posts":[{"id":41720,"url":"https:\/\/www.shqiperia.com\/blog\/u-vra-nga-policia-protestuesit-bejne-veprimin-surprize-per-klodian-rashen-tek-ministria-e-brendshme\/","url_meta":{"origin":41894,"position":0},"title":"U vra nga Policia, protestuesit b\u00ebjn\u00eb veprimin surpriz\u00eb p\u00ebr Klodian Rash\u00ebn tek Ministria e Brendshme","author":"Kurt Farka","date":"December 9, 2020","format":false,"excerpt":"U vra nga Policia, protestuesit b\u00ebjn\u00eb veprimin surpriz\u00eb p\u00ebr Klodian Rash\u00ebn tek Ministria e Brendshme 9 DHJETOR 2020 N\u00eb \u201cMurin e Kujtes\u00ebs\u201d ku jan\u00eb t\u00eb sh\u00ebnuar n\u00eb form\u00eb simbolike me yje, efektiv\u00ebt e policis\u00eb t\u00eb r\u00ebn\u00eb n\u00eb krye t\u00eb detyr\u00ebs, \u00ebsht\u00eb shkruar emri i Klodian Rash\u00ebs. Emri i 25-vje\u00e7arit \u00ebsht\u00eb\u2026","rel":"","context":"In &quot;Blogu i Udh\u00ebtarit&quot;","block_context":{"text":"Blogu i Udh\u00ebtarit","link":"https:\/\/www.shqiperia.com\/blog\/category\/blogu-i-udhetarit\/"},"img":{"alt_text":"","src":"https:\/\/i0.wp.com\/www.shqiperia.com\/blog\/wp-content\/uploads\/2020\/12\/640-0-5fd0ff92eaee3-Copy.jpg?fit=640%2C386&ssl=1&resize=350%2C200","width":350,"height":200,"srcset":"https:\/\/i0.wp.com\/www.shqiperia.com\/blog\/wp-content\/uploads\/2020\/12\/640-0-5fd0ff92eaee3-Copy.jpg?fit=640%2C386&ssl=1&resize=350%2C200 1x, https:\/\/i0.wp.com\/www.shqiperia.com\/blog\/wp-content\/uploads\/2020\/12\/640-0-5fd0ff92eaee3-Copy.jpg?fit=640%2C386&ssl=1&resize=525%2C300 1.5x"},"classes":[]},{"id":41713,"url":"https:\/\/www.shqiperia.com\/blog\/protestuesit-ngjiten-te-shkallet-e-kryeministrise-tre-furgona-te-fnsh-se-nisen-me-urgjence-drejt-tyre\/","url_meta":{"origin":41894,"position":1},"title":"Protestuesit ngjiten te shkall\u00ebt e Kryeministris\u00eb, tre furgona t\u00eb FNSH-s\u00eb nisen me urgjenc\u00eb drejt tyre","author":"Kurt Farka","date":"December 9, 2020","format":false,"excerpt":"Protestuesit ngjiten te shkall\u00ebt e Kryeministris\u00eb, tre furgona t\u00eb FNSH-s\u00eb nisen me urgjenc\u00eb drejt tyre 9 DHJETOR 2020 P\u00ebrfaq\u00ebsuesit e shoq\u00ebris\u00eb civile dhe t\u00eb forumeve t\u00eb partive politike kan\u00eb nisur sot nj\u00eb protest\u00eb simbolike para Ministris\u00eb s\u00eb Brendshme, pas vrasjes s\u00eb 25-vje\u00e7arit, Klodian Rasha nga nj\u00eb efektiv policie. Aktivist\u00ebt k\u00ebrkojn\u00eb\u2026","rel":"","context":"In &quot;Blogu i Udh\u00ebtarit&quot;","block_context":{"text":"Blogu i Udh\u00ebtarit","link":"https:\/\/www.shqiperia.com\/blog\/category\/blogu-i-udhetarit\/"},"img":{"alt_text":"","src":"https:\/\/i0.wp.com\/www.shqiperia.com\/blog\/wp-content\/uploads\/2020\/12\/640-0-5fd0fb0f13417.jpg?fit=640%2C311&ssl=1&resize=350%2C200","width":350,"height":200,"srcset":"https:\/\/i0.wp.com\/www.shqiperia.com\/blog\/wp-content\/uploads\/2020\/12\/640-0-5fd0fb0f13417.jpg?fit=640%2C311&ssl=1&resize=350%2C200 1x, https:\/\/i0.wp.com\/www.shqiperia.com\/blog\/wp-content\/uploads\/2020\/12\/640-0-5fd0fb0f13417.jpg?fit=640%2C311&ssl=1&resize=525%2C300 1.5x"},"classes":[]},{"id":41716,"url":"https:\/\/www.shqiperia.com\/blog\/protesta-u-be-masive-lleshaj-te-jape-doreheqjen\/","url_meta":{"origin":41894,"position":2},"title":"Protesta u be masive: &#8211; \u201cLleshaj t\u00eb jap\u00eb dor\u00ebheqjen\u201d.","author":"Kurt Farka","date":"December 9, 2020","format":false,"excerpt":"Protesta u be masive: - \u201cLleshaj t\u00eb jap\u00eb dor\u00ebheqjen\u201d. 17:19 - 09\/12\/20 Pas vrasjes nga policia t\u00eb 25 vje\u00e7arit n\u00eb der\u00ebn e sht\u00ebpis\u00eb s\u00eb tij, dje pas mesnate, shum\u00eb qytetar\u00eb reaguan n\u00eb rrjetet sociale dhe shprehen revolt\u00ebn e tyre. Edhe z\u00ebra t\u00eb njohur t\u00eb publikut. K\u00ebrkesa e tyre ishte q\u00eb\u2026","rel":"","context":"In &quot;Blogu i Udh\u00ebtarit&quot;","block_context":{"text":"Blogu i Udh\u00ebtarit","link":"https:\/\/www.shqiperia.com\/blog\/category\/blogu-i-udhetarit\/"},"img":{"alt_text":"","src":"https:\/\/i0.wp.com\/www.shqiperia.com\/blog\/wp-content\/uploads\/2020\/12\/Protestaaa.jpg?fit=882%2C477&ssl=1&resize=350%2C200","width":350,"height":200,"srcset":"https:\/\/i0.wp.com\/www.shqiperia.com\/blog\/wp-content\/uploads\/2020\/12\/Protestaaa.jpg?fit=882%2C477&ssl=1&resize=350%2C200 1x, https:\/\/i0.wp.com\/www.shqiperia.com\/blog\/wp-content\/uploads\/2020\/12\/Protestaaa.jpg?fit=882%2C477&ssl=1&resize=525%2C300 1.5x, https:\/\/i0.wp.com\/www.shqiperia.com\/blog\/wp-content\/uploads\/2020\/12\/Protestaaa.jpg?fit=882%2C477&ssl=1&resize=700%2C400 2x"},"classes":[]},{"id":41745,"url":"https:\/\/www.shqiperia.com\/blog\/lleshaj-ne-presion-vrasja-e-klodian-rashes-ben-xhiron-e-botes-mediat-u-ekzekutua-se-shkeli-oren-policore\/","url_meta":{"origin":41894,"position":3},"title":"Lleshaj n\u00eb presion\u2026  Vrasja e Klodian Rash\u00ebs b\u00ebn xhiron e bot\u00ebs, mediat: U ekzekutua se shkeli or\u00ebn policore.","author":"Kurt Farka","date":"December 10, 2020","format":false,"excerpt":"Lleshaj n\u00eb presion\u2026 Vrasja e Klodian Rash\u00ebs b\u00ebn xhiron e bot\u00ebs, mediat: U ekzekutua se shkeli or\u00ebn policore. 10 DHJETOR 2020 Lajmi i protestave t\u00eb nj\u00eb dite m\u00eb par\u00eb n\u00eb Shqip\u00ebri, ka p\u00ebrfunduar n\u00eb krye t\u00eb faqes online t\u00eb BBC News. \u201cProtestuesit shqiptare djegin pem\u00ebn e Krishtlindjeve p\u00ebr shkak t\u00eb\u2026","rel":"","context":"In &quot;Blogu i Udh\u00ebtarit&quot;","block_context":{"text":"Blogu i Udh\u00ebtarit","link":"https:\/\/www.shqiperia.com\/blog\/category\/blogu-i-udhetarit\/"},"img":{"alt_text":"","src":"https:\/\/i0.wp.com\/www.shqiperia.com\/blog\/wp-content\/uploads\/2020\/12\/640-0-5fd20fd3cc847.jpeg?fit=640%2C347&ssl=1&resize=350%2C200","width":350,"height":200,"srcset":"https:\/\/i0.wp.com\/www.shqiperia.com\/blog\/wp-content\/uploads\/2020\/12\/640-0-5fd20fd3cc847.jpeg?fit=640%2C347&ssl=1&resize=350%2C200 1x, https:\/\/i0.wp.com\/www.shqiperia.com\/blog\/wp-content\/uploads\/2020\/12\/640-0-5fd20fd3cc847.jpeg?fit=640%2C347&ssl=1&resize=525%2C300 1.5x"},"classes":[]},{"id":69749,"url":"https:\/\/www.shqiperia.com\/blog\/klodiana-lala-flet-me-emra-tregon-dosjen-e-bujshme-qe-mund-te-coje-pas-hekurave-kryeministrin-rama-ministra-dhe-zyrtare-te-larte\/","url_meta":{"origin":41894,"position":4},"title":"Klodiana Lala flet me emra, tregon dosjen e bujshme q\u00eb mund t\u00eb \u00e7oj\u00eb pas hekurave kryeministrin Rama, ministra dhe zyrtar\u00eb t\u00eb lart\u00eb","author":"Kurt Farka","date":"March 17, 2023","format":false,"excerpt":"17 Mars 2023 Gazetarja Klodiana Lala deklaroi n\u00eb studion e emisionit \u201cT\u00eb Paekspozuarit\u201d se afera e incenerator\u00ebve ka \u00a0pasur bekimin e kryeministrit Rama. Duke vijuar m\u00eb tej me shpjegimin e saj, Lala tha se \u00e7\u00ebshtja duhet t\u00eb hetohet e plot\u00eb dhe nj\u00eb s\u00ebr\u00eb ministrash dhe zyrtar\u00ebsh publik\u00eb duhen pyetur p\u00ebr\u2026","rel":"","context":"In &quot;Blogu i Udh\u00ebtarit&quot;","block_context":{"text":"Blogu i Udh\u00ebtarit","link":"https:\/\/www.shqiperia.com\/blog\/category\/blogu-i-udhetarit\/"},"img":{"alt_text":"","src":"https:\/\/i0.wp.com\/www.shqiperia.com\/blog\/wp-content\/uploads\/2023\/03\/800-0-64138a2c17fef.jpg?fit=800%2C420&ssl=1&resize=350%2C200","width":350,"height":200,"srcset":"https:\/\/i0.wp.com\/www.shqiperia.com\/blog\/wp-content\/uploads\/2023\/03\/800-0-64138a2c17fef.jpg?fit=800%2C420&ssl=1&resize=350%2C200 1x, https:\/\/i0.wp.com\/www.shqiperia.com\/blog\/wp-content\/uploads\/2023\/03\/800-0-64138a2c17fef.jpg?fit=800%2C420&ssl=1&resize=525%2C300 1.5x, https:\/\/i0.wp.com\/www.shqiperia.com\/blog\/wp-content\/uploads\/2023\/03\/800-0-64138a2c17fef.jpg?fit=800%2C420&ssl=1&resize=700%2C400 2x"},"classes":[]},{"id":19654,"url":"https:\/\/www.shqiperia.com\/blog\/kush-e-dogji-makinen-vasili-i-kerkon-llogari-ministrit-lleshaj-kush-i-fiku-dritat-u-dhunuan-gazetare-e-fotografe\/","url_meta":{"origin":41894,"position":5},"title":"\u201cKush e dogji makin\u00ebn\u201d, Vasili i k\u00ebrkon llogari ministrit Lleshaj: Kush i fiku dritat? U dhunuan gazetar\u00eb e fotograf\u00eb. &#8211;","author":"Kurt Farka","date":"April 14, 2019","format":false,"excerpt":"\u201cKush e dogji makin\u00ebn\u201d, Vasili i k\u00ebrkon llogari ministrit Lleshaj: Kush i fiku dritat? U dhunuan gazetar\u00eb e fotograf\u00eb. \u00a014 prill 2019 Kreu i Grupit Parlamentar\u00eb t\u00eb LSI-s\u00eb, Petrit Vasili ka reaguar pas arrestimeve t\u00eb 37 protestuesve nga policia. N\u00eb nj\u00eb deklarat\u00eb p\u00ebr mediat, Vasili u shpreh se nuk ka\u2026","rel":"","context":"In &quot;Blogu i Udh\u00ebtarit&quot;","block_context":{"text":"Blogu i Udh\u00ebtarit","link":"https:\/\/www.shqiperia.com\/blog\/category\/blogu-i-udhetarit\/"},"img":{"alt_text":"","src":"https:\/\/i0.wp.com\/www.shqiperia.com\/blog\/wp-content\/uploads\/2019\/04\/euronews_protesta.jpg?fit=654%2C352&ssl=1&resize=350%2C200","width":350,"height":200,"srcset":"https:\/\/i0.wp.com\/www.shqiperia.com\/blog\/wp-content\/uploads\/2019\/04\/euronews_protesta.jpg?fit=654%2C352&ssl=1&resize=350%2C200 1x, https:\/\/i0.wp.com\/www.shqiperia.com\/blog\/wp-content\/uploads\/2019\/04\/euronews_protesta.jpg?fit=654%2C352&ssl=1&resize=525%2C300 1.5x"},"classes":[]}],"_links":{"self":[{"href":"https:\/\/www.shqiperia.com\/blog\/wp-json\/wp\/v2\/posts\/41894","targetHints":{"allow":["GET"]}}],"collection":[{"href":"https:\/\/www.shqiperia.com\/blog\/wp-json\/wp\/v2\/posts"}],"about":[{"href":"https:\/\/www.shqiperia.com\/blog\/wp-json\/wp\/v2\/types\/post"}],"author":[{"embeddable":true,"href":"https:\/\/www.shqiperia.com\/blog\/wp-json\/wp\/v2\/users\/9"}],"replies":[{"embeddable":true,"href":"https:\/\/www.shqiperia.com\/blog\/wp-json\/wp\/v2\/comments?post=41894"}],"version-history":[{"count":1,"href":"https:\/\/www.shqiperia.com\/blog\/wp-json\/wp\/v2\/posts\/41894\/revisions"}],"predecessor-version":[{"id":41896,"href":"https:\/\/www.shqiperia.com\/blog\/wp-json\/wp\/v2\/posts\/41894\/revisions\/41896"}],"wp:featuredmedia":[{"embeddable":true,"href":"https:\/\/www.shqiperia.com\/blog\/wp-json\/wp\/v2\/media\/41895"}],"wp:attachment":[{"href":"https:\/\/www.shqiperia.com\/blog\/wp-json\/wp\/v2\/media?parent=41894"}],"wp:term":[{"taxonomy":"category","embeddable":true,"href":"https:\/\/www.shqiperia.com\/blog\/wp-json\/wp\/v2\/categories?post=41894"},{"taxonomy":"post_tag","embeddable":true,"href":"https:\/\/www.shqiperia.com\/blog\/wp-json\/wp\/v2\/tags?post=41894"}],"curies":[{"name":"wp","href":"https:\/\/api.w.org\/{rel}","templated":true}]}}