{"id":41777,"date":"2020-12-11T18:05:01","date_gmt":"2020-12-11T18:05:01","guid":{"rendered":"https:\/\/www.shqiperia.com\/blog\/?p=41777"},"modified":"2020-12-11T18:05:01","modified_gmt":"2020-12-11T18:05:01","slug":"poshte-ardi-veliu-ja-qytetet-ku-ka-filluar-protesta-pervec-tiranes-per-vrasjen-e-klodian-rashes","status":"publish","type":"post","link":"https:\/\/www.shqiperia.com\/blog\/poshte-ardi-veliu-ja-qytetet-ku-ka-filluar-protesta-pervec-tiranes-per-vrasjen-e-klodian-rashes\/","title":{"rendered":"\u201cPosht\u00eb Ardi Veliu\u201d\/Ja qytetet ku ka filluar protesta p\u00ebrve\u00e7 Tiran\u00ebs p\u00ebr vrasjen e Klodian Rash\u00ebs"},"content":{"rendered":"<p><img data-recalc-dims=\"1\" loading=\"lazy\" decoding=\"async\" data-attachment-id=\"41778\" data-permalink=\"https:\/\/www.shqiperia.com\/blog\/poshte-ardi-veliu-ja-qytetet-ku-ka-filluar-protesta-pervec-tiranes-per-vrasjen-e-klodian-rashes\/800-480-5fd3aeaf9bfa9\/\" data-orig-file=\"https:\/\/i0.wp.com\/www.shqiperia.com\/blog\/wp-content\/uploads\/2020\/12\/800-480-5fd3aeaf9bfa9.png?fit=800%2C437&amp;ssl=1\" data-orig-size=\"800,437\" data-comments-opened=\"1\" data-image-meta=\"{&quot;aperture&quot;:&quot;0&quot;,&quot;credit&quot;:&quot;&quot;,&quot;camera&quot;:&quot;&quot;,&quot;caption&quot;:&quot;&quot;,&quot;created_timestamp&quot;:&quot;0&quot;,&quot;copyright&quot;:&quot;&quot;,&quot;focal_length&quot;:&quot;0&quot;,&quot;iso&quot;:&quot;0&quot;,&quot;shutter_speed&quot;:&quot;0&quot;,&quot;title&quot;:&quot;&quot;,&quot;orientation&quot;:&quot;0&quot;}\" data-image-title=\"-800-480-5fd3aeaf9bfa9\" data-image-description=\"\" data-image-caption=\"\" data-medium-file=\"https:\/\/i0.wp.com\/www.shqiperia.com\/blog\/wp-content\/uploads\/2020\/12\/800-480-5fd3aeaf9bfa9.png?fit=300%2C164&amp;ssl=1\" data-large-file=\"https:\/\/i0.wp.com\/www.shqiperia.com\/blog\/wp-content\/uploads\/2020\/12\/800-480-5fd3aeaf9bfa9.png?fit=800%2C437&amp;ssl=1\" class=\"alignnone  wp-image-41778\" alt=\"\" src=\"https:\/\/i0.wp.com\/www.shqiperia.com\/blog\/wp-content\/uploads\/2020\/12\/800-480-5fd3aeaf9bfa9.png?resize=609%2C333&#038;ssl=1\" width=\"609\" height=\"333\" srcset=\"https:\/\/i0.wp.com\/www.shqiperia.com\/blog\/wp-content\/uploads\/2020\/12\/800-480-5fd3aeaf9bfa9.png?resize=300%2C164&amp;ssl=1 300w, https:\/\/i0.wp.com\/www.shqiperia.com\/blog\/wp-content\/uploads\/2020\/12\/800-480-5fd3aeaf9bfa9.png?resize=768%2C420&amp;ssl=1 768w, https:\/\/i0.wp.com\/www.shqiperia.com\/blog\/wp-content\/uploads\/2020\/12\/800-480-5fd3aeaf9bfa9.png?resize=450%2C246&amp;ssl=1 450w, https:\/\/i0.wp.com\/www.shqiperia.com\/blog\/wp-content\/uploads\/2020\/12\/800-480-5fd3aeaf9bfa9.png?resize=600%2C328&amp;ssl=1 600w, https:\/\/i0.wp.com\/www.shqiperia.com\/blog\/wp-content\/uploads\/2020\/12\/800-480-5fd3aeaf9bfa9.png?resize=400%2C219&amp;ssl=1 400w, https:\/\/i0.wp.com\/www.shqiperia.com\/blog\/wp-content\/uploads\/2020\/12\/800-480-5fd3aeaf9bfa9.png?w=800&amp;ssl=1 800w\" sizes=\"auto, (max-width: 609px) 100vw, 609px\" \/><\/p>\n<p>\u201cPosht\u00eb Ardi Veliu\u201d\/Ja qytetet ku ka filluar protesta p\u00ebrve\u00e7 Tiran\u00ebs p\u00ebr vrasjen e Klodian Rash\u00ebs<\/p>\n<p>11 DHJETOR 2020<\/p>\n<p>P\u00ebr t\u00eb tret\u00ebn dit\u00eb radhazi ka nisur protesta p\u00ebr t\u00eb k\u00ebrkuar drejt\u00ebsi p\u00ebr vrasjen e Klodian Rash\u00ebs nga nj\u00eb efektiv policie.<\/p>\n<p>Pas Tiran\u00ebs, qytetar\u00ebt kan\u00eb pushtuar edhe rrug\u00ebt e qytetit t\u00eb Kor\u00e7\u00ebs. Ata k\u00ebrkojn\u00eb drejt\u00ebsi p\u00ebr Klodianin, i cili u nda nga jeta n\u00eb mosh\u00ebn 25-vje\u00e7ar.<\/p>\n<p>Edhe n\u00eb Lezh\u00eb nj\u00eb grup t\u00eb rinjsh po protestojn\u00eb. Ata jan\u00eb mbledhur n\u00eb qend\u00ebr t\u00eb qytetit me thirrjet \u201cRama ik\u201d dhe \u201cDrejt\u00ebsi p\u00ebr Klodianin\u201d \u00a0ku marshuan drejt Komisariatit t\u00eb Policis\u00eb ku po hedhin shashka n\u00eb drejtim t\u00eb godin\u00ebs.<\/p>\n<p>Blut\u00eb po monitorojn\u00eb protest\u00ebn dhe ju kan\u00eb k\u00ebrkuar t\u00eb rinj\u00ebve q\u00eb t\u00eb shp\u00ebrndahen.<\/p>\n<p>Marshimi ka nisur n\u00eb Pogradec, ku qytetar\u00ebt me thirrje e pankarta n\u00eb duar k\u00ebrkojn\u00eb dor\u00ebheqjen e drejtorit t\u00eb p\u00ebrgjithsh\u00ebm t\u00eb policis\u00eb Ardi Veliu.<\/p>\n<p>Gazeta Sot<\/p>\n","protected":false},"excerpt":{"rendered":"<p>\u201cPosht\u00eb Ardi Veliu\u201d\/Ja qytetet ku ka filluar protesta p\u00ebrve\u00e7 Tiran\u00ebs p\u00ebr vrasjen e Klodian Rash\u00ebs 11 DHJETOR 2020 P\u00ebr t\u00eb tret\u00ebn dit\u00eb radhazi ka nisur protesta p\u00ebr t\u00eb k\u00ebrkuar drejt\u00ebsi p\u00ebr vrasjen e Klodian Rash\u00ebs nga nj\u00eb efektiv policie. Pas Tiran\u00ebs, qytetar\u00ebt kan\u00eb pushtuar edhe rrug\u00ebt e qytetit t\u00eb Kor\u00e7\u00ebs. Ata k\u00ebrkojn\u00eb drejt\u00ebsi p\u00ebr Klodianin, [&hellip;]<\/p>\n","protected":false},"author":9,"featured_media":41778,"comment_status":"open","ping_status":"open","sticky":false,"template":"","format":"standard","meta":{"jetpack_post_was_ever_published":false,"_jetpack_newsletter_access":"","_jetpack_dont_email_post_to_subs":false,"_jetpack_newsletter_tier_id":0,"_jetpack_memberships_contains_paywalled_content":false,"_jetpack_memberships_contains_paid_content":false,"footnotes":"","jetpack_publicize_message":"","jetpack_publicize_feature_enabled":true,"jetpack_social_post_already_shared":true,"jetpack_social_options":{"image_generator_settings":{"template":"highway","default_image_id":0,"font":"","enabled":false},"version":2}},"categories":[27,2,35],"tags":[],"class_list":["post-41777","post","type-post","status-publish","format-standard","has-post-thumbnail","hentry","category-blogu-i-udhetarit","category-politika","category-shoqerore"],"jetpack_publicize_connections":[],"jetpack_featured_media_url":"https:\/\/i0.wp.com\/www.shqiperia.com\/blog\/wp-content\/uploads\/2020\/12\/800-480-5fd3aeaf9bfa9.png?fit=800%2C437&ssl=1","jetpack_sharing_enabled":true,"jetpack_shortlink":"https:\/\/wp.me\/p5Z6wp-aRP","jetpack-related-posts":[{"id":41825,"url":"https:\/\/www.shqiperia.com\/blog\/dita-e-katert-nis-protesta-edhe-ne-rrethe-shihni-pamjet-nga-durresi-dhe-elbasani-forca-te-shtuara-te-policise-ne-terren\/","url_meta":{"origin":41777,"position":0},"title":"Dita e katert; &#8211; Nis protesta edhe n\u00eb rrethe, shihni pamjet nga Durr\u00ebsi dhe Elbasani. Forca t\u00eb shtuara t\u00eb policis\u00eb n\u00eb terren","author":"Kurt Farka","date":"December 12, 2020","format":false,"excerpt":"Dita e katert; - Nis protesta edhe n\u00eb rrethe, shihni pamjet nga Durr\u00ebsi dhe Elbasani. Forca t\u00eb shtuara t\u00eb policis\u00eb n\u00eb terren Dec 12 dhjetor 2020 ORA 18:40- Turbimi per vrasjen e klodian Rash\u00ebs n\u00eb k\u00ebt\u00eb dit\u00eb t\u00eb kat\u00ebrt ka nidhur edhe n\u00eb Elbasan.\u00a0T\u00eb rinj t\u00eb moshave 15-16 vje\u00e7 jan\u00eb\u2026","rel":"","context":"In &quot;Blogu i Udh\u00ebtarit&quot;","block_context":{"text":"Blogu i Udh\u00ebtarit","link":"https:\/\/www.shqiperia.com\/blog\/category\/blogu-i-udhetarit\/"},"img":{"alt_text":"","src":"https:\/\/i0.wp.com\/www.shqiperia.com\/blog\/wp-content\/uploads\/2020\/12\/protestuesit-ne-Durres1.jpg?fit=639%2C348&ssl=1&resize=350%2C200","width":350,"height":200,"srcset":"https:\/\/i0.wp.com\/www.shqiperia.com\/blog\/wp-content\/uploads\/2020\/12\/protestuesit-ne-Durres1.jpg?fit=639%2C348&ssl=1&resize=350%2C200 1x, https:\/\/i0.wp.com\/www.shqiperia.com\/blog\/wp-content\/uploads\/2020\/12\/protestuesit-ne-Durres1.jpg?fit=639%2C348&ssl=1&resize=525%2C300 1.5x"},"classes":[]},{"id":41766,"url":"https:\/\/www.shqiperia.com\/blog\/vrasja-e-klodian-rashes-vijojne-protestat-qytetaret-3-kerkesa-per-ramen\/","url_meta":{"origin":41777,"position":1},"title":"Vrasja e Klodian Rash\u00ebs\/ Vijojn\u00eb protestat \u2013 Qytetar\u00ebt 3 k\u00ebrkesa p\u00ebr Ram\u00ebn","author":"Kurt Farka","date":"December 11, 2020","format":false,"excerpt":"Vrasja e Klodian Rash\u00ebs\/ Vijojn\u00eb protestat \u2013 Qytetar\u00ebt 3 k\u00ebrkesa p\u00ebr Ram\u00ebn - 11\/12\/20 Vijojn\u00eb protestat p\u00ebr vrasjen e 25-vje\u00e7arit Klodian Rasha nga nj\u00eb efektiv policie. Shoq\u00ebria Civile po organizohet s\u00ebrish p\u00ebrmes rrjeteve sociale, p\u00ebr t\u2019u mbledhur sot n\u00eb or\u00ebn 18:00 p\u00ebrpara Kryeministris\u00eb dhe shesheve kryesor\u00eb t\u00eb \u00e7do qyteti. Kjo\u2026","rel":"","context":"In &quot;Blogu i Udh\u00ebtarit&quot;","block_context":{"text":"Blogu i Udh\u00ebtarit","link":"https:\/\/www.shqiperia.com\/blog\/category\/blogu-i-udhetarit\/"},"img":{"alt_text":"","src":"https:\/\/i0.wp.com\/www.shqiperia.com\/blog\/wp-content\/uploads\/2020\/12\/ca7d54b4-c705-41b5-b65a-d1bf492f4410-Copy.jpg?fit=1080%2C529&ssl=1&resize=350%2C200","width":350,"height":200,"srcset":"https:\/\/i0.wp.com\/www.shqiperia.com\/blog\/wp-content\/uploads\/2020\/12\/ca7d54b4-c705-41b5-b65a-d1bf492f4410-Copy.jpg?fit=1080%2C529&ssl=1&resize=350%2C200 1x, https:\/\/i0.wp.com\/www.shqiperia.com\/blog\/wp-content\/uploads\/2020\/12\/ca7d54b4-c705-41b5-b65a-d1bf492f4410-Copy.jpg?fit=1080%2C529&ssl=1&resize=525%2C300 1.5x, https:\/\/i0.wp.com\/www.shqiperia.com\/blog\/wp-content\/uploads\/2020\/12\/ca7d54b4-c705-41b5-b65a-d1bf492f4410-Copy.jpg?fit=1080%2C529&ssl=1&resize=700%2C400 2x, https:\/\/i0.wp.com\/www.shqiperia.com\/blog\/wp-content\/uploads\/2020\/12\/ca7d54b4-c705-41b5-b65a-d1bf492f4410-Copy.jpg?fit=1080%2C529&ssl=1&resize=1050%2C600 3x"},"classes":[]},{"id":41728,"url":"https:\/\/www.shqiperia.com\/blog\/qytetaret-thyejne-oren-policore-rinis-protesta-para-kryeministrise-per-vrasjen-e-klodian-rashes-fotot\/","url_meta":{"origin":41777,"position":2},"title":"Qytetar\u00ebt thyejn\u00eb or\u00ebn policore, rinis protesta para Kryeministris\u00eb p\u00ebr vrasjen e Klodian Rash\u00ebs. Fotot","author":"Kurt Farka","date":"December 9, 2020","format":false,"excerpt":"Qytetar\u00ebt thyejn\u00eb or\u00ebn policore, rinis protesta para Kryeministris\u00eb p\u00ebr vrasjen e Klodian Rash\u00ebs. Fotot 9 DHJETOR 2020 Grumbullimet qytetare kan\u00eb nisur s\u00ebrish para Kryeministris\u00eb edhe tani ka hyr\u00eb n\u00eb fuqi ora policore. P\u00ebrmes rrjeteve sociale u njoftua se protesta do t\u00eb riniste n\u00eb or\u00ebn 22:00 kur nis edhe ora policore\u2026","rel":"","context":"In &quot;Blogu i Udh\u00ebtarit&quot;","block_context":{"text":"Blogu i Udh\u00ebtarit","link":"https:\/\/www.shqiperia.com\/blog\/category\/blogu-i-udhetarit\/"},"img":{"alt_text":"","src":"https:\/\/i0.wp.com\/www.shqiperia.com\/blog\/wp-content\/uploads\/2020\/12\/640-0-5fd1455e7c829.jpg?fit=640%2C365&ssl=1&resize=350%2C200","width":350,"height":200,"srcset":"https:\/\/i0.wp.com\/www.shqiperia.com\/blog\/wp-content\/uploads\/2020\/12\/640-0-5fd1455e7c829.jpg?fit=640%2C365&ssl=1&resize=350%2C200 1x, https:\/\/i0.wp.com\/www.shqiperia.com\/blog\/wp-content\/uploads\/2020\/12\/640-0-5fd1455e7c829.jpg?fit=640%2C365&ssl=1&resize=525%2C300 1.5x"},"classes":[]},{"id":41901,"url":"https:\/\/www.shqiperia.com\/blog\/sonte-orotesta-e-gjashte-nis-grumbullimi-i-te-rinjve-ne-sheshin-skenderbej-disa-prej-tyre-mbajne-pankarta\/","url_meta":{"origin":41777,"position":3},"title":"Sonte protesta e gjasht\u00eb. \u00a0Nis grumbullimi i t\u00eb rinjve n\u00eb sheshin Sk\u00ebnderbej, disa prej tyre mbajn\u00eb pankarta.","author":"Kurt Farka","date":"December 14, 2020","format":false,"excerpt":"Sonte protesta e gjasht\u00eb. \u00a0Nis grumbullimi i t\u00eb rinjve n\u00eb sheshin Sk\u00ebnderbej, disa prej tyre mbajn\u00eb pankarta. 14 dhjetor 2020 \u00a0Sot pritet q\u00eb p\u00ebr t\u00eb gjasht\u00ebn dit\u00eb radhazi t\u00eb mblidhen qytetar\u00ebt p\u00ebr t\u00eb protestuar p\u00ebr vrasjen e Klodian Rash\u00ebs, nga efektivi i policis\u00eb. Pas dor\u00ebheqjes s\u00eb Sand\u00ebr Lleshajt, nga posti\u2026","rel":"","context":"In &quot;Blogu i Udh\u00ebtarit&quot;","block_context":{"text":"Blogu i Udh\u00ebtarit","link":"https:\/\/www.shqiperia.com\/blog\/category\/blogu-i-udhetarit\/"},"img":{"alt_text":"","src":"https:\/\/i0.wp.com\/www.shqiperia.com\/blog\/wp-content\/uploads\/2020\/12\/policia5.png?fit=640%2C382&ssl=1&resize=350%2C200","width":350,"height":200,"srcset":"https:\/\/i0.wp.com\/www.shqiperia.com\/blog\/wp-content\/uploads\/2020\/12\/policia5.png?fit=640%2C382&ssl=1&resize=350%2C200 1x, https:\/\/i0.wp.com\/www.shqiperia.com\/blog\/wp-content\/uploads\/2020\/12\/policia5.png?fit=640%2C382&ssl=1&resize=525%2C300 1.5x"},"classes":[]},{"id":41805,"url":"https:\/\/www.shqiperia.com\/blog\/cfare-po-ndodh-ne-kryeqendren-e-veriut-foto\/","url_meta":{"origin":41777,"position":4},"title":"\u00c7far\u00eb po ndodh n\u00eb kryeqendr\u00ebn e Veriut (FOTO)","author":"Kurt Farka","date":"December 12, 2020","format":false,"excerpt":"\u00c7far\u00eb po ndodh n\u00eb kryeqendr\u00ebn e Veriut (FOTO) 12 DHJETOR 2020 Qytetar\u00ebt shkodran\u00eb protestuan s\u00ebrish sot p\u00ebr vrasjen nga policia t\u00eb t\u00eb riut Klodian Rasha. Me pankarta n\u00eb duar, qytetar\u00eb t\u00eb shumt\u00eb kan\u00eb marshuar n\u00eb rrug\u00ebt e qytetit duke k\u00ebrkuar drejt\u00ebsi p\u00ebr 25-vje\u00e7arin e vrar\u00eb. Protesta nisi e qete, e\u2026","rel":"","context":"In &quot;Blogu i Udh\u00ebtarit&quot;","block_context":{"text":"Blogu i Udh\u00ebtarit","link":"https:\/\/www.shqiperia.com\/blog\/category\/blogu-i-udhetarit\/"},"img":{"alt_text":"","src":"https:\/\/i0.wp.com\/www.shqiperia.com\/blog\/wp-content\/uploads\/2020\/12\/640-0-5fd4b1687b0c9.png?fit=493%2C265&ssl=1&resize=350%2C200","width":350,"height":200},"classes":[]},{"id":41857,"url":"https:\/\/www.shqiperia.com\/blog\/nuk-i-nenshtrohemi-diktatures-protesta-me-flamur-ne-lushnje-dhe-cerrik-per-vrasjen-e-klodian-rashes-fotot\/","url_meta":{"origin":41777,"position":5},"title":"\u201cNuk i n\u00ebnshtrohemi diktatur\u00ebs\u201d\/ Protesta me flamur n\u00eb Lushnje dhe C\u00ebrrik p\u00ebr vrasjen e Klodian Rash\u00ebs (FOTOT)","author":"Kurt Farka","date":"December 13, 2020","format":false,"excerpt":"\u201cNuk i n\u00ebnshtrohemi diktatur\u00ebs\u201d\/ Protesta me flamur n\u00eb Lushnje dhe C\u00ebrrik p\u00ebr vrasjen e Klodian Rash\u00ebs (FOTOT) 13 dhjetor \u00a02020 Protestat p\u00ebr vrasjen e Klodian Rash\u00ebs nga efektivi i policis\u00eb Nevaldo Hajdaraj \u00ebsht\u00eb shtrir\u00eb edhe n\u00eb Lushnj\u00eb dhe C\u00ebrrik. Dhjet\u00ebra qytetar\u00eb jan\u00eb grumbulluar dhe kan\u00eb dal\u00eb n\u00eb rrug\u00ebt e qyteteve.\u2026","rel":"","context":"In &quot;Blogu i Udh\u00ebtarit&quot;","block_context":{"text":"Blogu i Udh\u00ebtarit","link":"https:\/\/www.shqiperia.com\/blog\/category\/blogu-i-udhetarit\/"},"img":{"alt_text":"","src":"https:\/\/i0.wp.com\/www.shqiperia.com\/blog\/wp-content\/uploads\/2020\/12\/protesta-lusnje-cerik-2-1.jpg?fit=609%2C345&ssl=1&resize=350%2C200","width":350,"height":200,"srcset":"https:\/\/i0.wp.com\/www.shqiperia.com\/blog\/wp-content\/uploads\/2020\/12\/protesta-lusnje-cerik-2-1.jpg?fit=609%2C345&ssl=1&resize=350%2C200 1x, https:\/\/i0.wp.com\/www.shqiperia.com\/blog\/wp-content\/uploads\/2020\/12\/protesta-lusnje-cerik-2-1.jpg?fit=609%2C345&ssl=1&resize=525%2C300 1.5x"},"classes":[]}],"_links":{"self":[{"href":"https:\/\/www.shqiperia.com\/blog\/wp-json\/wp\/v2\/posts\/41777","targetHints":{"allow":["GET"]}}],"collection":[{"href":"https:\/\/www.shqiperia.com\/blog\/wp-json\/wp\/v2\/posts"}],"about":[{"href":"https:\/\/www.shqiperia.com\/blog\/wp-json\/wp\/v2\/types\/post"}],"author":[{"embeddable":true,"href":"https:\/\/www.shqiperia.com\/blog\/wp-json\/wp\/v2\/users\/9"}],"replies":[{"embeddable":true,"href":"https:\/\/www.shqiperia.com\/blog\/wp-json\/wp\/v2\/comments?post=41777"}],"version-history":[{"count":1,"href":"https:\/\/www.shqiperia.com\/blog\/wp-json\/wp\/v2\/posts\/41777\/revisions"}],"predecessor-version":[{"id":41779,"href":"https:\/\/www.shqiperia.com\/blog\/wp-json\/wp\/v2\/posts\/41777\/revisions\/41779"}],"wp:featuredmedia":[{"embeddable":true,"href":"https:\/\/www.shqiperia.com\/blog\/wp-json\/wp\/v2\/media\/41778"}],"wp:attachment":[{"href":"https:\/\/www.shqiperia.com\/blog\/wp-json\/wp\/v2\/media?parent=41777"}],"wp:term":[{"taxonomy":"category","embeddable":true,"href":"https:\/\/www.shqiperia.com\/blog\/wp-json\/wp\/v2\/categories?post=41777"},{"taxonomy":"post_tag","embeddable":true,"href":"https:\/\/www.shqiperia.com\/blog\/wp-json\/wp\/v2\/tags?post=41777"}],"curies":[{"name":"wp","href":"https:\/\/api.w.org\/{rel}","templated":true}]}}