{"id":41774,"date":"2020-12-11T16:35:09","date_gmt":"2020-12-11T16:35:09","guid":{"rendered":"https:\/\/www.shqiperia.com\/blog\/?p=41774"},"modified":"2020-12-11T16:35:09","modified_gmt":"2020-12-11T16:35:09","slug":"esat-musliu-pasuria-e-kinostudios-u-shkaterrua-ministria-e-kultures-beri-vete-cfare-deshi-ne-ato-mjedise-dhe-nuk-pyeti-krijuesit","status":"publish","type":"post","link":"https:\/\/www.shqiperia.com\/blog\/esat-musliu-pasuria-e-kinostudios-u-shkaterrua-ministria-e-kultures-beri-vete-cfare-deshi-ne-ato-mjedise-dhe-nuk-pyeti-krijuesit\/","title":{"rendered":"Esat Musliu: Pasuria e Kinostudios u shkat\u00ebrrua, Ministria e Kultur\u00ebs b\u00ebri vet\u00eb \u00e7far\u00eb deshi n\u00eb ato mjedise dhe nuk pyeti krijuesit"},"content":{"rendered":"<p><img data-recalc-dims=\"1\" loading=\"lazy\" decoding=\"async\" data-attachment-id=\"41775\" data-permalink=\"https:\/\/www.shqiperia.com\/blog\/esat-musliu-pasuria-e-kinostudios-u-shkaterrua-ministria-e-kultures-beri-vete-cfare-deshi-ne-ato-mjedise-dhe-nuk-pyeti-krijuesit\/esta-mysliu\/\" data-orig-file=\"https:\/\/i0.wp.com\/www.shqiperia.com\/blog\/wp-content\/uploads\/2020\/12\/Esta-Mysliu.jpg?fit=800%2C534&amp;ssl=1\" data-orig-size=\"800,534\" data-comments-opened=\"1\" data-image-meta=\"{&quot;aperture&quot;:&quot;0&quot;,&quot;credit&quot;:&quot;&quot;,&quot;camera&quot;:&quot;&quot;,&quot;caption&quot;:&quot;&quot;,&quot;created_timestamp&quot;:&quot;0&quot;,&quot;copyright&quot;:&quot;&quot;,&quot;focal_length&quot;:&quot;0&quot;,&quot;iso&quot;:&quot;0&quot;,&quot;shutter_speed&quot;:&quot;0&quot;,&quot;title&quot;:&quot;&quot;,&quot;orientation&quot;:&quot;0&quot;}\" data-image-title=\"Esta Mysliu\" data-image-description=\"\" data-image-caption=\"\" data-medium-file=\"https:\/\/i0.wp.com\/www.shqiperia.com\/blog\/wp-content\/uploads\/2020\/12\/Esta-Mysliu.jpg?fit=300%2C200&amp;ssl=1\" data-large-file=\"https:\/\/i0.wp.com\/www.shqiperia.com\/blog\/wp-content\/uploads\/2020\/12\/Esta-Mysliu.jpg?fit=800%2C534&amp;ssl=1\" class=\"alignnone  wp-image-41775\" alt=\"\" src=\"https:\/\/i0.wp.com\/www.shqiperia.com\/blog\/wp-content\/uploads\/2020\/12\/Esta-Mysliu.jpg?resize=459%2C306&#038;ssl=1\" width=\"459\" height=\"306\" srcset=\"https:\/\/i0.wp.com\/www.shqiperia.com\/blog\/wp-content\/uploads\/2020\/12\/Esta-Mysliu.jpg?resize=300%2C200&amp;ssl=1 300w, https:\/\/i0.wp.com\/www.shqiperia.com\/blog\/wp-content\/uploads\/2020\/12\/Esta-Mysliu.jpg?resize=768%2C513&amp;ssl=1 768w, https:\/\/i0.wp.com\/www.shqiperia.com\/blog\/wp-content\/uploads\/2020\/12\/Esta-Mysliu.jpg?resize=600%2C401&amp;ssl=1 600w, https:\/\/i0.wp.com\/www.shqiperia.com\/blog\/wp-content\/uploads\/2020\/12\/Esta-Mysliu.jpg?resize=450%2C300&amp;ssl=1 450w, https:\/\/i0.wp.com\/www.shqiperia.com\/blog\/wp-content\/uploads\/2020\/12\/Esta-Mysliu.jpg?resize=400%2C267&amp;ssl=1 400w, https:\/\/i0.wp.com\/www.shqiperia.com\/blog\/wp-content\/uploads\/2020\/12\/Esta-Mysliu.jpg?w=800&amp;ssl=1 800w\" sizes=\"auto, (max-width: 459px) 100vw, 459px\" \/><\/p>\n<p>Esat Musliu: Pasuria e Kinostudios u shkat\u00ebrrua, Ministria e Kultur\u00ebs b\u00ebri vet\u00eb \u00e7far\u00eb deshi n\u00eb ato mjedise dhe nuk pyeti krijuesit<\/p>\n<p>11 DHJETOR 2020<\/p>\n<p>Kinostudio ishte nj\u00eb nga veprat m\u00eb madh\u00ebshtore, q\u00eb ka p\u00ebrballuar me shum\u00eb sukses 14 filma artistik\u00eb n\u00eb vit dhjet\u00ebra dokumentar\u00eb, si edhe filma t\u00eb animuar. K\u00ebshtu shprehet kineasti i njohur Esat Musliu p\u00ebr \u00e7far\u00eb u b\u00eb nd\u00ebr dekada, q\u00eb Kinostudio \u201cShqip\u00ebria e Re\u201dekzistonte. Esat Musliu \u201cMjesht\u00ebr i Madh\u201d \u00ebsht\u00eb regjisor, skenarist, ku emrin e tij e mbajn\u00eb disa prej filmave m\u00eb t\u00eb njohur artistik\u00eb, por dhe rreth 200 dokumentar\u00eb q\u00eb jan\u00eb realizuar nd\u00ebr vite. N\u00eb intervist\u00ebn p\u00ebr gazet\u00ebn \u201cSOT\u201d regjisori tregon p\u00ebr pasurin\u00eb filmike t\u00eb Kinostudios dhe pun\u00ebn q\u00eb b\u00ebhej p\u00ebr filmat. Kineasti Musliu shpreh keqardhjen, q\u00eb e gjith\u00eb ajo pasuri n\u00eb Kinostudio sot nuk \u00ebsht\u00eb m\u00eb si dikur. Regjisori thot\u00eb se Kinostudio duhej t\u00eb ishte kthyer nj\u00eb muze p\u00ebr kinematografin\u00eb shqiptare, por jo t\u00eb vendosej n\u00eb ato mjedise Ministria e Kultur\u00ebs. N\u00eb lidhje me projektin \u201cParku i Artit\u201d q\u00eb u b\u00eb me dije edhe s\u00eb fundmi nga Ministria e Kultur\u00ebs, regjisori thot\u00eb se ishte po kjo ministri q\u00eb hoqi dikur dhe pllak\u00ebn e themelimit t\u00eb Kinostudios, duke treguar se sa v\u00ebmendje kan\u00eb p\u00ebr kinematografin\u00eb shqiptare nd\u00ebr vite. Esat Musliu \u201cMjesht\u00ebr i Madh\u201d \u00ebsht\u00eb regjisori i cili ka sjell\u00eb filma t\u00eb suksessh\u00ebm n\u00eb kinematografin\u00eb shqiptare. Filmat si: Nata, (1998), Vitet e pritjes, (1990), Rrethi i kujtes\u00ebs, (1987), Rruga e liris\u00eb, (1982), Ata ishin kat\u00ebr, (1977), Zemrat q\u00eb nuk plaken, (1977), jan\u00eb vler\u00ebsuar nga publiku dhe kritika. N\u00eb karrier\u00ebn e tij ka realizuar dhe regjin\u00eb e shum\u00eb filma dokumentar\u00eb me t\u00eb cil\u00ebt ka marr\u00eb pjes\u00eb n\u00eb shum\u00eb festivale komb\u00ebtar\u00eb dhe nd\u00ebrkomb\u00ebtar\u00eb, q\u00eb gjithashtu jan\u00eb vler\u00ebsuar me \u00e7mime t\u00eb ndryshme.<\/p>\n<p>-Zona e ish Kinostudios pritet q\u00eb t\u00eb kthehet n\u00eb nj\u00eb \u201cPark Arti\u201d, nj\u00eb projekt q\u00eb \u00ebsht\u00eb b\u00ebr\u00eb me dije edhe m\u00eb par\u00eb nga Ministria e Kultur\u00ebs, ku do t\u00eb ket\u00eb dhe muze filmi. Ministrja Elva Margariti u shpreh s\u00eb fundmi se shnd\u00ebrrimi i zon\u00ebs s\u00eb ish-Kinostudios, n\u00eb nj\u00eb \u201cPark Arti\u201d \u00ebsht\u00eb nj\u00eb projekt madhor. Si regjisor i filmave t\u00eb njohur prodhuar dikur n\u00eb Kinostudio, \u00e7far\u00eb mund t\u00eb na thoni mbi ato probleme q\u00eb nis\u00ebn pas viteve \u201890?<\/p>\n<p>Un\u00eb dikur kam qen\u00eb n\u00eb komisionin ose n\u00eb bordin e kthimit t\u00eb ish Kinostudios \u201cShqip\u00ebria e Re\u201d n\u00eb muze, komision ku ishte dhe regjisori Vladimir Prifti si dhe koleg\u00eb t\u00eb tjer\u00eb. Ishim n\u00eb komisionin e kthimit n\u00eb muze, duke filluar q\u00eb nga anekset e Kinostudios \u201cShqip\u00ebria e re\u201d e deri te Korpusi qendror, ku drejtori i \u201cAlbafilm\u201d do ta drejtonte k\u00ebt\u00eb punim dhe k\u00ebrkonte buxhet nga shteti. Nj\u00ebkoh\u00ebsisht t\u00eb gjith\u00eb magazinat, q\u00eb kishim ne me kostume, me armatime, me rekuizit\u00eb, laboratore, etj, do t\u00eb rikonstruktoheshin dhe t\u00eb ngriheshin n\u00eb gj\u00ebrat muzeale. M\u00eb pas kur drejtori i \u201cAlbafilm\u201d po k\u00ebrkonte buxhet p\u00ebr ta kthyer n\u00eb muze, befas doli nj\u00eb Ministri Kulture q\u00eb nuk e di se kush e k\u00ebrkoi q\u00eb ajo t\u00eb shkonte n\u00eb godin\u00ebn e Kinostudios. M\u00eb par\u00eb u k\u00ebrkua q\u00eb t\u00eb shkonte atje Instituti i Monumenteve dhe iu dha nj\u00eb pjes\u00eb e Kinostudios \u201cShqip\u00ebria e Re\u201d. M\u00eb par\u00eb jan\u00eb futur dhe t\u00eb tjer\u00eb subjekte private q\u00eb mor\u00ebn gati t\u00eb gjith\u00eb korpusin qendror t\u00eb Kinostudios, madje i vun\u00eb dhe ky\u00e7in der\u00ebs dhe port\u00ebs kryesore, q\u00eb me luft\u00eb t\u00eb madhe ai q\u00eb ishte drejtor i \u201cAlbafilm\u201d e hoq, sepse nuk hyje dot as n\u00eb ambientet e saj. Shum\u00eb nga producent\u00ebt kishin hapur aty zyra, sht\u00ebpit\u00eb filmike q\u00eb do b\u00ebnim filma kishin t\u00eb drejt\u00ebn e nj\u00eb zyre, ku do t\u00eb punonin t\u00eb angazhonin prodhimin e filmit, q\u00eb do t\u00eb b\u00ebnin. Por k\u00ebto ran\u00eb t\u00eb gjitha dhe p\u00ebrfundoi e gjith\u00eb kjo pun\u00eb n\u00eb nj\u00eb Ministri Kulture n\u00eb Kinostudio, q\u00eb e mori dhe e restauroi si\u00e7 i desh qejfi. I b\u00ebri gj\u00ebrat si\u00e7 deshi vet\u00eb, dhe Instituti i Monumenteve t\u00eb Kultur\u00ebs mbeti aty ku \u00ebsht\u00eb dhe Ministria e Kultur\u00ebs aty ka b\u00ebr\u00eb zyrat e veta. Nuk pyeti njeri regjisor\u00ebt n\u00ebse duhej t\u00eb futej aty brenda Ministria e Kultur\u00ebs apo jo, sepse nuk ekzistonin p\u00ebr ata krijuesit. Vite m\u00eb par\u00eb u ngrit dhe Qendra Komb\u00ebtare Kinematografike, q\u00eb nuk ka qen\u00eb aty. Ajo q\u00eb ndodhi pun\u00ebt vajt\u00ebn q\u00eb as nuk u pyet njeri nga kineast\u00ebt, as nuk u pyet njeri nga titullar\u00ebt e filmave, por ata b\u00ebn\u00eb pun\u00ebn e tyre, b\u00ebn\u00eb Ministri Kulture si\u00e7 e kan\u00eb tani.<\/p>\n<p>-Historia e Kinostudios \u201cShqip\u00ebria e Re\u201d sjell n\u00eb v\u00ebmendje nj\u00eb num\u00ebr jo t\u00eb vog\u00ebl filmash, por dhe nj\u00eb rekuizit\u00eb t\u00eb pasur, q\u00eb \u00ebsht\u00eb cil\u00ebsuar shum\u00eb e r\u00ebnd\u00ebsishme nd\u00ebr vite p\u00ebr kinematografin\u00eb shqiptare. Me shkat\u00ebrrimin q\u00eb iu ndodhi institucioneve nd\u00ebr vite, sipas kineast\u00ebve kjo p\u00ebrfshiu dhe ish Kinostudion dhe pasuria e saj humbi. Si regjisor, sipas jush \u00e7far\u00eb solli kjo?<\/p>\n<p>Pasuria e Kinostudios \u201cShqip\u00ebria e Re\u201d nd\u00ebr vite u zhduk. Jo vet\u00ebm kaq, por aty \u00ebsht\u00eb nj\u00eb atelier q\u00eb me sa di iu dha dhe RTSH, q\u00eb nuk mendon fare p\u00ebr at\u00eb. Nj\u00eb tjet\u00ebr atelier iu dha subjekteve private. Magazinat, t\u00eb cilat ishin plot me kostume, me armatime, me rekuizit\u00eb filluan t\u00eb firojn\u00eb. Po kush i ka marr\u00eb? Nuk t\u00eb jap dot p\u00ebrgjigje. Edhe makinat e vjetra u pla\u00e7kit\u00ebn. Duhej t\u00eb ishin ruajtur se ishte pasuri shtet\u00ebrore dhe e ngritur prej 50 vitesh, por q\u00eb tani pothuajse nuk ekziston. Mund t\u00eb jen\u00eb atje disa kostume, sepse k\u00ebshtu kam d\u00ebgjuar. Mund t\u00eb ket\u00eb mbetur ndonj\u00eb rekuizit\u00eb pa vler\u00eb fare, por duke filluar q\u00eb nga makinat e vjetra q\u00eb i p\u00ebrdornim ne me filmat, q\u00eb i quanim makinat e rekuizit\u00ebs dhe q\u00eb ishin pasuri e jasht\u00ebzakonshme nuk jan\u00eb m\u00eb si dikur. Godina e Kinostudios duhej t\u00eb ishte kthyer n\u00eb muze, sepse u b\u00eb dhe harta e nd\u00ebrtimit t\u00eb tij me t\u00eb gjith\u00eb gjerat q\u00eb duheshin. Por godina nuk u b\u00eb muze, se \u00e7far\u00eb u b\u00eb e kemi aty para syve. Un\u00eb kam qen\u00eb kund\u00ebr vendosjes s\u00eb ministris\u00eb n\u00eb ato mjedise. Kam qen\u00eb dhe kryetar i Shoqat\u00ebs s\u00eb Kineast\u00ebve dikur , q\u00eb ka qen\u00eb kund\u00ebr nxjerrjes s\u00eb punonj\u00ebsve t\u00eb Kinostudios n\u00eb rrug\u00eb. Punonj\u00ebsit mbet\u00ebn pa pun\u00eb, pa ndihm\u00eb sociale e asgj\u00eb tjet\u00ebr. U desh t\u00eb hynte n\u00eb pun\u00eb ligji p\u00ebr kinematografin\u00eb, q\u00eb ne t\u00eb mbijetonim n\u00ebse do t\u00eb merrnim ndonj\u00eb projekt, apo dhe si nj\u00eb pjes\u00eb e madhe e punonj\u00ebsve t\u00eb Kinostudios q\u00eb kan\u00eb emigruar jasht\u00eb shtetit.<\/p>\n<p>-Ndryshimi i sistemit politik n\u00eb vitet &#8217;90 sjell transformimin e Kinostudios n\u00eb &#8220;Albafilm&#8221; n\u00eb vitin 1996. Ju si e keni par\u00eb nd\u00ebr vite \u201cAlbafilm\u201d?<\/p>\n<p>\u201cAlbafilm\u201d ka nj\u00eb detyr\u00eb t\u00eb r\u00ebnd\u00ebsishme dhe shum\u00eb t\u00eb ve\u00e7ant\u00eb, sepse duhej t\u00eb p\u00ebrballonte filmat shqiptar\u00eb q\u00eb do t\u00eb realizoheshin dhe do ti p\u00ebrballonte me rekuizit\u00eb, me kostume, me atelier, etj, por ka pasur dhe laborator. Por sot \u201cAlbafilm\u201d me sa di ka nj\u00eb organik\u00eb t\u00eb vog\u00ebl 4-5 veta.<\/p>\n<p>-Kinostudio \u201cShqip\u00ebria e Re\u201d u themelua m\u00eb 10 korrik t\u00eb vitit 1952. P\u00ebr ju \u00e7far\u00eb p\u00ebrfaq\u00ebsonte?<\/p>\n<p>Kinostudio ishte nj\u00eb nga veprat m\u00eb madh\u00ebshtore, q\u00eb ka p\u00ebrballuar me shum\u00eb sukses 14 filma artistik\u00eb n\u00eb vit, mbi 60 dokumentar\u00eb dhe diku tek 30 a 40 filma t\u00eb animuar. \u00cbsht\u00eb e gjith\u00eb kjo prodhimtari filmash, por ne nuk e kemi n\u00eb administrim, pasi e ka Qendra Komb\u00ebtare e Kinematografis\u00eb ( QKK). Por autori g\u00ebzon t\u00eb drejt\u00ebn n\u00eb \u00e7far\u00ebdo lloj rrethane. Por godina e Kinostudios ka humbur me koh\u00eb.<\/p>\n<p>-Jeni regjisor i disa prej filmave t\u00eb Kinostudios. \u00c7far\u00eb kujtoni nga puna juaj vite m\u00eb par\u00eb?<\/p>\n<p>Kur mua m\u2019u dha xhirimi p\u00ebr filmin \u201cRrethi i Kujtes\u00ebs\u201d kam nd\u00ebrtuar dekore aty brenda. Me filmat un\u00eb e kisha gjith\u00eb Kinostudion ato vite n\u00eb dispozicion. Kam punuar n\u00eb atelier\u00ebt e Kinostudios dekore si p\u00ebr filmin \u201cHije q\u00eb mbeten pas\u201d, p\u00ebr filmin \u201cVitet e pritjes\u201d, etj. P\u00ebr filmin \u201cRrethi i Kujtes\u00ebs\u201d aty kisha nd\u00ebrtuar dhe spitalin psikiatrik n\u00eb atelier\u00ebt e Kinostudios, por at\u00ebher\u00eb funksiononin normalisht t\u00eb gjith\u00eb atelier\u00ebt e Kinostudios. Dy atelier\u00eb dhe nj\u00eb i kuadrove i kombinuar tre ne punonim normalisht, punonin, xhironim. K\u00ebto filmat q\u00eb b\u00ebhen tani pas viteve \u201890 i b\u00ebjn\u00eb me dekore reale, n\u00eb kafene reale, n\u00eb apartamente reale, sigurisht q\u00eb tjet\u00ebr gj\u00eb \u00ebsht\u00eb t\u00eb nd\u00ebrtosh nj\u00eb dekor dhe tjet\u00ebr gj\u00eb \u00ebsht\u00eb t\u00eb xhirosh n\u00eb nj\u00eb apartament, ku paguan dhe qeran\u00eb, etj. Ama sot Ministria e Kultur\u00ebs ambientet q\u00eb pretendon p\u00ebr tu b\u00ebr\u00eb muze filmi i ka shitur t\u00eb gjitha. Skulptura mund t\u00eb v\u00ebr\u00eb sa t\u00eb doj\u00eb. Madje t\u00eb pakt\u00ebn t\u00eb v\u00ebr\u00eb skulptura t\u00eb kineast\u00ebve n\u00eb ato hap\u00ebsira, q\u00eb po ikin nj\u00eb e nga nj\u00eb sa ta mbush\u00eb me vepra t\u00eb tjera. Mua nuk m\u00eb intereson me se \u00e7far\u00eb do t\u00eb b\u00ebj\u00eb Ministria e Kultur\u00ebs aty, ajo pasuri u shkat\u00ebrrua. Ministria e Kultur\u00ebs n\u00eb Kinostudio hoqi edhe pllak\u00ebn q\u00eb ishte te dera, q\u00eb sh\u00ebnonte dat\u00ebn e inaugurimit t\u00eb saj, e zhduk\u00ebn dikur. Kjo tregon se sa t\u00eb v\u00ebmendsh\u00ebm dhe se sa po p\u00ebrgj\u00ebrohen p\u00ebr filmat dhe p\u00ebr Kinostudion.<\/p>\n<p>Kinostudio \u201cShqip\u00ebria e Re\u201d dhe filmat<\/p>\n<p>Kinostudio \u201cShqip\u00ebria e Re\u201d u themelua m\u00eb 10 korrik t\u00eb vitit 1952. Realizimi i par\u00eb i saj \u00ebsht\u00eb bashk\u00ebprodhimi shqiptaro-rus filmi &#8220;Sk\u00ebnderbeu&#8221;. Ky \u00ebsht\u00eb i pari realizim &#8220;kolosal&#8221; i prodhuar nga kjo studio kinematografike. Filmi, ku luajn\u00eb edhe aktor\u00eb shqiptar\u00eb, ka fituar \u00e7mimin nd\u00ebrkomb\u00ebtar n\u00eb Festivalin e Filmit n\u00eb Kan\u00eb n\u00eb vitin 1954. N\u00eb vitin 1957 prodhohet filmi i par\u00eb i nj\u00eb regjisori shqiptar, Hysen Hakani. Prodhimet n\u00eb mas\u00eb fillojn\u00eb rreth viteve &#8217;70, periudh\u00eb q\u00eb korrespondon uljes s\u00eb numrit t\u00eb filmave t\u00eb importuar. N\u00eb vitet &#8217;80 Kinostudio &#8220;Shqip\u00ebria e Re&#8221; prodhon rreth 14-15 filma n\u00eb vit, tematikat jan\u00eb nga m\u00eb t\u00eb ndryshmet. Ndryshimi i sistemit politik dhe kriza ekonomike e viteve &#8217;90 sjell transformimin e saj n\u00eb &#8220;Albafilm&#8221; dhe n\u00eb vitin 1996 edhe kjo e fundit mbyll ekzistenc\u00ebn e saj. Kinostudio &#8220;Shqip\u00ebria e Re&#8221; l\u00eb n\u00eb trash\u00ebgim rreth 200 filma. Me gjith\u00eb kornizat ideologjike dhe vet\u00ebcensur\u00ebn, trash\u00ebgimia e Kinostudios \u201cShqip\u00ebria e Re\u201d kan\u00eb qen\u00eb dhe \u00ebsht\u00eb pjes\u00eb e jet\u00ebs kulturore e shum\u00eb brezave shqiptar\u00ebsh.<\/p>\n<p>Gazeta Sot<\/p>\n","protected":false},"excerpt":{"rendered":"<p>Esat Musliu: Pasuria e Kinostudios u shkat\u00ebrrua, Ministria e Kultur\u00ebs b\u00ebri vet\u00eb \u00e7far\u00eb deshi n\u00eb ato mjedise dhe nuk pyeti krijuesit 11 DHJETOR 2020 Kinostudio ishte nj\u00eb nga veprat m\u00eb madh\u00ebshtore, q\u00eb ka p\u00ebrballuar me shum\u00eb sukses 14 filma artistik\u00eb n\u00eb vit dhjet\u00ebra dokumentar\u00eb, si edhe filma t\u00eb animuar. K\u00ebshtu shprehet kineasti i njohur Esat [&hellip;]<\/p>\n","protected":false},"author":9,"featured_media":41775,"comment_status":"open","ping_status":"open","sticky":false,"template":"","format":"standard","meta":{"jetpack_post_was_ever_published":false,"_jetpack_newsletter_access":"","_jetpack_dont_email_post_to_subs":false,"_jetpack_newsletter_tier_id":0,"_jetpack_memberships_contains_paywalled_content":false,"_jetpack_memberships_contains_paid_content":false,"footnotes":"","jetpack_publicize_message":"","jetpack_publicize_feature_enabled":true,"jetpack_social_post_already_shared":true,"jetpack_social_options":{"image_generator_settings":{"template":"highway","default_image_id":0,"font":"","enabled":false},"version":2}},"categories":[85,10,86],"tags":[],"class_list":["post-41774","post","type-post","status-publish","format-standard","has-post-thumbnail","hentry","category-histori","category-kultura","category-trashegimi-kulturore"],"jetpack_publicize_connections":[],"jetpack_featured_media_url":"https:\/\/i0.wp.com\/www.shqiperia.com\/blog\/wp-content\/uploads\/2020\/12\/Esta-Mysliu.jpg?fit=800%2C534&ssl=1","jetpack_sharing_enabled":true,"jetpack_shortlink":"https:\/\/wp.me\/p5Z6wp-aRM","jetpack-related-posts":[{"id":29472,"url":"https:\/\/www.shqiperia.com\/blog\/saimir-kumbaro-e-esat-musliu-tregojne-skandalin-me-te-drejtat-e-autorit-nga-anagnosti-te-dhamo-shperblimi-si-autore-me-1000-leke-agjencite-marrin-miliona\/","url_meta":{"origin":41774,"position":0},"title":"Saimir Kumbaro e Esat Musliu tregojn\u00eb skandalin me t\u00eb drejtat e autorit: &#8211; Nga Anagnosti te Dhamo, shp\u00ebrblimi si autor\u00eb me 1000 lek\u00eb, agjencit\u00eb marrin miliona","author":"Kurt Farka","date":"December 18, 2019","format":false,"excerpt":"Saimir Kumbaro e Esat Musliu tregojn\u00eb skandalin me t\u00eb drejtat e autorit: - Nga Anagnosti te Dhamo, shp\u00ebrblimi si autor\u00eb me 1000 lek\u00eb, agjencit\u00eb marrin miliona 22 nentor 2019 N\u00eb rrugic\u00ebn \u201cSami Frash\u00ebri\u201d, pran\u00eb pallateve \u201cAgimi\u201d, diktoj p\u00ebrtej dritares me hekura fytyr\u00ebn e shqet\u00ebsuar t\u00eb regjisorit Saimir Kumbaro. Sapo hyj\u2026","rel":"","context":"In &quot;Arte&quot;","block_context":{"text":"Arte","link":"https:\/\/www.shqiperia.com\/blog\/category\/arte\/"},"img":{"alt_text":"","src":"https:\/\/i0.wp.com\/www.shqiperia.com\/blog\/wp-content\/uploads\/2019\/12\/koncert.jpg?fit=614%2C335&ssl=1&resize=350%2C200","width":350,"height":200,"srcset":"https:\/\/i0.wp.com\/www.shqiperia.com\/blog\/wp-content\/uploads\/2019\/12\/koncert.jpg?fit=614%2C335&ssl=1&resize=350%2C200 1x, https:\/\/i0.wp.com\/www.shqiperia.com\/blog\/wp-content\/uploads\/2019\/12\/koncert.jpg?fit=614%2C335&ssl=1&resize=525%2C300 1.5x"},"classes":[]},{"id":80081,"url":"https:\/\/www.shqiperia.com\/blog\/godina-ish-ministrise-se-kultures-do-ti-kaloje-qendres-kombetare-te-kinematografise\/","url_meta":{"origin":41774,"position":1},"title":"Godina ish Ministris\u00eb s\u00eb Kultur\u00ebs do t\u2019i kaloj\u00eb Qendr\u00ebs Komb\u00ebtare t\u00eb Kinematografis\u00eb","author":"Kurt Farka","date":"April 13, 2024","format":false,"excerpt":"13 Prill 2024 Ish Kinostudio deri para pak muajsh Ministri Kulture \u00ebsht\u00eb n\u00eb proces restaurimi, por me largimin e administrat\u00ebs s\u00eb ish-Ministris\u00eb s\u00eb Kultur\u00ebs, q\u00eb do t\u00eb vendoset n\u00eb qend\u00ebr, tek Ministria e Ekonomis\u00eb, Kultur\u00ebs dhe Inovacionit, godina do t\u2019i kaloj\u00eb Qendr\u00ebs Komb\u00ebtare t\u00eb Kinematografis\u00eb. Kjo b\u00ebhet me dije nga\u2026","rel":"","context":"In &quot;Blogu i Udh\u00ebtarit&quot;","block_context":{"text":"Blogu i Udh\u00ebtarit","link":"https:\/\/www.shqiperia.com\/blog\/category\/blogu-i-udhetarit\/"},"img":{"alt_text":"","src":"https:\/\/i0.wp.com\/www.shqiperia.com\/blog\/wp-content\/uploads\/2024\/04\/1.png?fit=908%2C564&ssl=1&resize=350%2C200","width":350,"height":200,"srcset":"https:\/\/i0.wp.com\/www.shqiperia.com\/blog\/wp-content\/uploads\/2024\/04\/1.png?fit=908%2C564&ssl=1&resize=350%2C200 1x, https:\/\/i0.wp.com\/www.shqiperia.com\/blog\/wp-content\/uploads\/2024\/04\/1.png?fit=908%2C564&ssl=1&resize=525%2C300 1.5x, https:\/\/i0.wp.com\/www.shqiperia.com\/blog\/wp-content\/uploads\/2024\/04\/1.png?fit=908%2C564&ssl=1&resize=700%2C400 2x"},"classes":[]},{"id":36762,"url":"https:\/\/www.shqiperia.com\/blog\/studimi-filmat-e-ish-kinostudios-propagande-apo-pasuri-kombetare-82-filma-problematike-shfaqen-ende-ne-ekrane\/","url_meta":{"origin":41774,"position":2},"title":"Studimi: &#8211; \u2018Filmat e ish-Kinostudios, propagand\u00eb apo pasuri komb\u00ebtare?!\u2019, 82 filma problematik\u00eb shfaqen ende n\u00eb ekrane!","author":"Kurt Farka","date":"August 2, 2020","format":false,"excerpt":"Studimi: - \u2018Filmat e ish-Kinostudios, propagand\u00eb apo pasuri komb\u00ebtare?!\u2019, 82 filma problematik\u00eb shfaqen ende n\u00eb ekrane! Filmat e ish-Kinostudios \u201cShqip\u00ebria e Re\u201d jan\u00eb propagand\u00eb apo pasuri komb\u00ebtare?! Kjo \u00ebsht\u00eb pyetja q\u00eb shtron Erblin Vukaj n\u00eb studimin e botuar mbi filmat e realizuar gjat\u00eb regjimit komunist. N\u00eb k\u00ebt\u00eb studim botohet nj\u00eb\u2026","rel":"","context":"In &quot;Histori&quot;","block_context":{"text":"Histori","link":"https:\/\/www.shqiperia.com\/blog\/category\/histori\/"},"img":{"alt_text":"","src":"https:\/\/i0.wp.com\/www.shqiperia.com\/blog\/wp-content\/uploads\/2020\/08\/Filmi-Toka-Jone.jpg?fit=630%2C340&ssl=1&resize=350%2C200","width":350,"height":200,"srcset":"https:\/\/i0.wp.com\/www.shqiperia.com\/blog\/wp-content\/uploads\/2020\/08\/Filmi-Toka-Jone.jpg?fit=630%2C340&ssl=1&resize=350%2C200 1x, https:\/\/i0.wp.com\/www.shqiperia.com\/blog\/wp-content\/uploads\/2020\/08\/Filmi-Toka-Jone.jpg?fit=630%2C340&ssl=1&resize=525%2C300 1.5x"},"classes":[]},{"id":39977,"url":"https:\/\/www.shqiperia.com\/blog\/nderron-jete-parakohe-studiuesi-dhe-gazetari-i-njohur-shqiptar-ramadan-musliu-krijimtaria-letrare-dhe-publicitika-ne-zi\/","url_meta":{"origin":41774,"position":3},"title":"Nd\u00ebrron jet\u00eb parakohe Studiuesi dhe gazetari i njohur shqiptar Ramadan Musliu. Krijimtaria letrare dhe publicitika n\u00eb zi!","author":"Kurt Farka","date":"October 22, 2020","format":false,"excerpt":"Nd\u00ebrron jet\u00eb parakohe Studiuesi dhe gazetari i njohur shqiptar Ramadan Musliu. Krijimtaria letrare dhe publicitika n\u00eb zi! 22 TETOR 2020 Nj\u00eb lajm i hidhur p\u00ebr gazetarin dhe let\u00ebrsin\u00eb shqiptare. N\u00eb mosh\u00ebn 66-vje\u00e7are ka nd\u00ebrruar jet\u00eb\u00a0\u00a0gazetari dhe ish-deputeti Ramadan Musliu, raporton Gazeta Ekspress. Musliu studioi Let\u00ebrsi dhe gjuh\u00ebn shqipe n\u00eb Fakultetin\u2026","rel":"","context":"In &quot;Blogu i Udh\u00ebtarit&quot;","block_context":{"text":"Blogu i Udh\u00ebtarit","link":"https:\/\/www.shqiperia.com\/blog\/category\/blogu-i-udhetarit\/"},"img":{"alt_text":"","src":"https:\/\/i0.wp.com\/www.shqiperia.com\/blog\/wp-content\/uploads\/2020\/10\/Ramadan-Musliu.png?fit=640%2C417&ssl=1&resize=350%2C200","width":350,"height":200,"srcset":"https:\/\/i0.wp.com\/www.shqiperia.com\/blog\/wp-content\/uploads\/2020\/10\/Ramadan-Musliu.png?fit=640%2C417&ssl=1&resize=350%2C200 1x, https:\/\/i0.wp.com\/www.shqiperia.com\/blog\/wp-content\/uploads\/2020\/10\/Ramadan-Musliu.png?fit=640%2C417&ssl=1&resize=525%2C300 1.5x"},"classes":[]},{"id":3714,"url":"https:\/\/www.shqiperia.com\/blog\/aktorja-liri-lushi\/","url_meta":{"origin":41774,"position":4},"title":"Aktorja  Liri Lushi. &#8211;","author":"Kurt Farka","date":"February 22, 2018","format":false,"excerpt":"Liri Lushi \u00ebsht\u00eb aktore shqiptare e lindur n\u00eb Tiran\u00eb, Shqip\u00ebri ne 1954. \u00cbsht\u00eb diplomuar n\u00eb Akademin\u00eb e Arteve t\u00eb Bukura, Tiran\u00eb dega e Aktrimit. Karrier\u00ebn artistike e filloi n\u00eb mosh\u00ebn tremb\u00ebdhjet\u00eb vje\u00e7are kur fitoi \u00e7mimin e par\u00eb si interpretuesja m\u00eb e mir\u00eb me monologun: \u201cTregim p\u00ebr kat\u00ebr kufitar\u00ebt\u201d nga Ferat\u2026","rel":"","context":"In &quot;Kultura&quot;","block_context":{"text":"Kultura","link":"https:\/\/www.shqiperia.com\/blog\/category\/kultura\/"},"img":{"alt_text":"","src":"https:\/\/i0.wp.com\/www.shqiperia.com\/blog\/wp-content\/uploads\/2018\/02\/Liri-Lushi-4-300x168.jpg?resize=350%2C200","width":350,"height":200},"classes":[]},{"id":13882,"url":"https:\/\/www.shqiperia.com\/blog\/shuhet-ne-moshen-75-vjecare-aktori-sulejman-dibra-lexoni-bashkangjitur-intervisten-e-fundit-dhene-gazetares-juli-vrapi-me-4-nentor-2018\/","url_meta":{"origin":41774,"position":5},"title":"Shuhet n\u00eb mosh\u00ebn 75-vje\u00e7are aktori Sulejman Dibra. &#8211; Lexoni bashkangjitur Intervisten e fundit dhene gazetares Julia Vrapi me 4 nentor 2018.","author":"Kurt Farka","date":"November 19, 2018","format":false,"excerpt":"Shuhet n\u00eb mosh\u00ebn 75-vje\u00e7are aktori Sulejman Dibra. - Lexoni bashkangjitur Intervisten e fundit dhene gazetares Juli Vrapi me 4 nentor 2018. Aktori i njohur Sulejman Dibra \u00ebsht\u00eb ndar\u00eb nga jeta n\u00eb mosh\u00ebn 75-vje\u00e7are. Aktori i njohur i qindra roleve nd\u00ebrroi jet\u00eb nga nj\u00eb atak kardiak. Sulejman Dibra ka lindur m\u00eb\u2026","rel":"","context":"In &quot;Arte&quot;","block_context":{"text":"Arte","link":"https:\/\/www.shqiperia.com\/blog\/category\/arte\/"},"img":{"alt_text":"","src":"https:\/\/i0.wp.com\/www.shqiperia.com\/blog\/wp-content\/uploads\/2018\/11\/Sulejman-Dibra.jpg?fit=540%2C281&ssl=1&resize=350%2C200","width":350,"height":200,"srcset":"https:\/\/i0.wp.com\/www.shqiperia.com\/blog\/wp-content\/uploads\/2018\/11\/Sulejman-Dibra.jpg?fit=540%2C281&ssl=1&resize=350%2C200 1x, https:\/\/i0.wp.com\/www.shqiperia.com\/blog\/wp-content\/uploads\/2018\/11\/Sulejman-Dibra.jpg?fit=540%2C281&ssl=1&resize=525%2C300 1.5x"},"classes":[]}],"_links":{"self":[{"href":"https:\/\/www.shqiperia.com\/blog\/wp-json\/wp\/v2\/posts\/41774","targetHints":{"allow":["GET"]}}],"collection":[{"href":"https:\/\/www.shqiperia.com\/blog\/wp-json\/wp\/v2\/posts"}],"about":[{"href":"https:\/\/www.shqiperia.com\/blog\/wp-json\/wp\/v2\/types\/post"}],"author":[{"embeddable":true,"href":"https:\/\/www.shqiperia.com\/blog\/wp-json\/wp\/v2\/users\/9"}],"replies":[{"embeddable":true,"href":"https:\/\/www.shqiperia.com\/blog\/wp-json\/wp\/v2\/comments?post=41774"}],"version-history":[{"count":1,"href":"https:\/\/www.shqiperia.com\/blog\/wp-json\/wp\/v2\/posts\/41774\/revisions"}],"predecessor-version":[{"id":41776,"href":"https:\/\/www.shqiperia.com\/blog\/wp-json\/wp\/v2\/posts\/41774\/revisions\/41776"}],"wp:featuredmedia":[{"embeddable":true,"href":"https:\/\/www.shqiperia.com\/blog\/wp-json\/wp\/v2\/media\/41775"}],"wp:attachment":[{"href":"https:\/\/www.shqiperia.com\/blog\/wp-json\/wp\/v2\/media?parent=41774"}],"wp:term":[{"taxonomy":"category","embeddable":true,"href":"https:\/\/www.shqiperia.com\/blog\/wp-json\/wp\/v2\/categories?post=41774"},{"taxonomy":"post_tag","embeddable":true,"href":"https:\/\/www.shqiperia.com\/blog\/wp-json\/wp\/v2\/tags?post=41774"}],"curies":[{"name":"wp","href":"https:\/\/api.w.org\/{rel}","templated":true}]}}